{"id":10003,"date":"2020-03-02T12:24:11","date_gmt":"2020-03-02T15:24:11","guid":{"rendered":"https:\/\/maiobaotv.com.br\/?p=10003"},"modified":"2020-03-02T12:24:11","modified_gmt":"2020-03-02T15:24:11","slug":"ex-prefeito-de-junco-do-maranhao-e-condenado-por-improbidade-administrativa","status":"publish","type":"post","link":"https:\/\/maranhaotv.com.br\/index.php\/2020\/03\/02\/ex-prefeito-de-junco-do-maranhao-e-condenado-por-improbidade-administrativa\/","title":{"rendered":"Ex-prefeito de Junco do Maranh\u00e3o \u00e9 condenado por improbidade administrativa"},"content":{"rendered":"<p>O ex-prefeito de Junco do Maranh\u00e3o, Iltamar de Ara\u00fajo Pereira, foi condenado pela pr\u00e1tica de improbidade administrativa (artigo 10, incisos VIII, IX e X, da Lei n\u00ba 8.429\/92 &#8211; LIA), por ter realizado contrata\u00e7\u00f5es sem licita\u00e7\u00e3o e despesas com bebidas e por omiss\u00e3o na previs\u00e3o e arrecada\u00e7\u00e3o de tributos municipais, no exerc\u00edcio de 2007.<\/p>\n<p>O juiz Raphael de Jesus Ribeiro Amorim (titular da 1\u00ba Vara da Comarca de Maraca\u00e7um\u00e9) condenou o ex-prefeito ao pagamento de multa civil no valor de R$ 50 mil, \u00e0 proibi\u00e7\u00e3o de contratar com o poder p\u00fablico ou receber benef\u00edcios ou incentivos fiscais ou credit\u00edcios, direta ou indiretamente, pelo prazo de cinco anos; \u00e0 suspens\u00e3o dos direitos pol\u00edticos pelo prazo de seis anos; \u00e0 perda de eventual fun\u00e7\u00e3o p\u00fablica que ocupe e ao ressarcimento do valor de R$ 319.435,67.<\/p>\n<p>A a\u00e7\u00e3o foi movida pelo Minist\u00e9rio P\u00fablico com base em decis\u00e3o do Tribunal de Contas do Estado do Maranh\u00e3o (TCE-MA), que reprovou as contas do munic\u00edpio referentes ao exerc\u00edcio financeiro de 2007 e apontou os atos de improbidade que teriam sido praticados pelo ex-gestor. Dentre eles, a realiza\u00e7\u00e3o de contrata\u00e7\u00f5es sem o pr\u00e9vio procedimento licitat\u00f3rio e sem justificativa de dispensa ou inexigibilidade; despesas indevidas no valor de R$ 498,85 e omiss\u00e3o de previs\u00e3o e arrecada\u00e7\u00e3o de tributos como o Imposto de Renda (IR) e Imposto de Transmiss\u00e3o de Bens Im\u00f3veis (ITBI), para o exerc\u00edcio de 2007.<\/p>\n<p>DESPESAS &#8211; Na an\u00e1lise da conduta, o juiz constatou, com base no relat\u00f3rio de informa\u00e7\u00e3o t\u00e9cnica do TCE-MA, que foram realizadas contrata\u00e7\u00f5es diretas no total de R$ 318.967,82, sem licita\u00e7\u00f5es pr\u00e9vias ou justificativas. Dentre as despesas indevidas, o ex-gestor teria feito a compra de cinco litros de u\u00edsque e bebidas energ\u00e9ticas, n\u00e3o justificadas pelo interesse p\u00fablico.<\/p>\n<p>Segundo a senten\u00e7a, o ex-gestor, ao deixar de realizar os processos licitat\u00f3rios, sequer comprovando a realiza\u00e7\u00e3o de um procedimento administrativo em obedi\u00eancia as determina\u00e7\u00f5es do artigo 26 da Lei n\u00ba 8.666\/93, incorreu no ato previsto no artigo 10, inciso VIII, da LIA, uma vez que impossibilitou a escolha de propostas mais econ\u00f4micas e eficientes para atendimento do interesse p\u00fablico, sendo evidente o preju\u00edzo acarretado ao munic\u00edpio diante do gasto de R$ 318.967,82, referente \u00e0s cinco contrata\u00e7\u00f5es diretas realizadas no exerc\u00edcio de 2007.<\/p>\n<p>\u201cSeja perante o TCE, seja perante este ju\u00edzo em suas duas oportunidades defensivas o requerido n\u00e3o trouxe aos autos documentos ou m\u00ednimas explica\u00e7\u00f5es racionais e juridicamente aceit\u00e1veis para que o ente p\u00fablico tenha realizado despesas naquele montante com a compra de itens sup\u00e9rfluos e nada condizentes com o interesse p\u00fablico\u201d, afirmou o juiz na senten\u00e7a.<\/p>\n<p>TRIBUTOS &#8211; Segundo os autos, apesar da arrecada\u00e7\u00e3o tribut\u00e1ria do munic\u00edpio ter sido 162% acima da previs\u00e3o inicial, n\u00e3o houve por parte do requerido a previs\u00e3o de arrecada\u00e7\u00e3o quanto ao Imposto de Renda (IR) e Imposto sobre a Transmiss\u00e3o de Bens Im\u00f3veis (ITBI). No entendimento do juiz, ainda que o ente p\u00fablico tenha arrecadado R$ 106.574,89 e R$ 1.352,00 quanto ao IRRF e ITBI, respectivamente, a partir do momento em que o ent\u00e3o gestor municipal n\u00e3o prev\u00ea uma arrecada\u00e7\u00e3o quanto \u00e0queles impostos, n\u00e3o se pode afirmar com seguran\u00e7a a regularidade do procedimento de arrecada\u00e7\u00e3o.<\/p>\n<p>\u201cOra, n\u00e3o tendo previsto o valor que se esperava de arrecada\u00e7\u00e3o, o valor efetivamente arrecadado pode ter sido aqu\u00e9m do ideal. Caberia ao requerido enquanto gestor ter o m\u00ednimo de organiza\u00e7\u00e3o quanto \u00e0 arrecada\u00e7\u00e3o p\u00fablica. Ao n\u00e3o prever adequadamente os par\u00e2metros de arrecada\u00e7\u00e3o do IRRF e ITBI incidiu na conduta \u00edmproba do artigo 10, X, eis que agiu negligentemente na arrecada\u00e7\u00e3o de tributos\u201d, enfatizou o magistrado.<\/p>\n<p><img loading=\"lazy\" decoding=\"async\" src=\"https:\/\/maiobaotv.com.br\/wp-content\/uploads\/2020\/03\/DSC02798.jpg\" class=\"wp-image-10002 alignnone size-full\" width=\"640\" height=\"480\"><\/p>\n<p><img loading=\"lazy\" decoding=\"async\" src=\"https:\/\/maiobaotv.com.br\/wp-content\/uploads\/2020\/03\/images-3.jpeg\" class=\"wp-image-10004 alignnone size-full\" width=\"459\" height=\"320\"><\/p>\n","protected":false},"excerpt":{"rendered":"<p>O ex-prefeito de Junco do Maranh\u00e3o, Iltamar de Ara\u00fajo Pereira, foi condenado pela pr\u00e1tica de improbidade administrativa (artigo 10, incisos<\/p>\n","protected":false},"author":2,"featured_media":10005,"comment_status":"closed","ping_status":"closed","sticky":false,"template":"","format":"standard","meta":{"colormag_page_container_layout":"default_layout","colormag_page_sidebar_layout":"default_layout","_jetpack_memberships_contains_paid_content":false,"footnotes":""},"categories":[2],"tags":[115],"class_list":["post-10003","post","type-post","status-publish","format-standard","has-post-thumbnail","hentry","category-noticias","tag-junco-do-maranhao"],"magazineBlocksPostFeaturedMedia":{"thumbnail":false,"medium":false,"medium_large":false,"large":false,"1536x1536":false,"2048x2048":false,"colormag-highlighted-post":false,"colormag-featured-post-medium":false,"colormag-featured-post-small":false,"colormag-featured-image":false,"colormag-default-news":false,"colormag-featured-image-large":false},"magazineBlocksPostAuthor":{"name":"maranhaotv","avatar":"https:\/\/secure.gravatar.com\/avatar\/8fadbca458d4cb68b1dd399ae9a40618d747bb1af65ac9fad21c89220a143eb4?s=96&d=mm&r=g"},"magazineBlocksPostCommentsNumber":false,"magazineBlocksPostExcerpt":"O ex-prefeito de Junco do Maranh\u00e3o, Iltamar de Ara\u00fajo Pereira, foi condenado pela pr\u00e1tica de improbidade administrativa (artigo 10, incisos","magazineBlocksPostCategories":["not\u00edcias"],"magazineBlocksPostViewCount":183,"magazineBlocksPostReadTime":4,"magazine_blocks_featured_image_url":{"full":false,"medium":false,"thumbnail":false},"magazine_blocks_author":{"display_name":"maranhaotv","author_link":"https:\/\/maranhaotv.com.br\/index.php\/author\/maranhaotv\/"},"magazine_blocks_comment":0,"magazine_blocks_author_image":"https:\/\/secure.gravatar.com\/avatar\/8fadbca458d4cb68b1dd399ae9a40618d747bb1af65ac9fad21c89220a143eb4?s=96&d=mm&r=g","magazine_blocks_category":"<a href=\"#\" class=\"category-link category-link-2\">not\u00edcias<\/a>","yoast_head":"<!-- This site is optimized with the Yoast SEO plugin v27.4 - https:\/\/yoast.com\/product\/yoast-seo-wordpress\/ -->\n<title>Ex-prefeito de Junco do Maranh\u00e3o \u00e9 condenado por improbidade administrativa - NOT\u00cdCIAS EM TEMPO REAL<\/title>\n<meta name=\"robots\" content=\"index, follow, max-snippet:-1, max-image-preview:large, max-video-preview:-1\" \/>\n<link rel=\"canonical\" href=\"https:\/\/maranhaotv.com.br\/index.php\/2020\/03\/02\/ex-prefeito-de-junco-do-maranhao-e-condenado-por-improbidade-administrativa\/\" \/>\n<meta property=\"og:locale\" content=\"pt_BR\" \/>\n<meta property=\"og:type\" content=\"article\" \/>\n<meta property=\"og:title\" content=\"Ex-prefeito de Junco do Maranh\u00e3o \u00e9 condenado por improbidade administrativa - NOT\u00cdCIAS EM TEMPO REAL\" \/>\n<meta property=\"og:description\" content=\"O ex-prefeito de Junco do Maranh\u00e3o, Iltamar de Ara\u00fajo Pereira, foi condenado pela pr\u00e1tica de improbidade administrativa (artigo 10, incisos\" \/>\n<meta property=\"og:url\" content=\"https:\/\/maranhaotv.com.br\/index.php\/2020\/03\/02\/ex-prefeito-de-junco-do-maranhao-e-condenado-por-improbidade-administrativa\/\" \/>\n<meta property=\"og:site_name\" content=\"NOT\u00cdCIAS EM TEMPO REAL\" \/>\n<meta property=\"article:publisher\" content=\"https:\/\/www.facebook.com\/maiobaotv\" \/>\n<meta property=\"article:published_time\" content=\"2020-03-02T15:24:11+00:00\" \/>\n<meta name=\"author\" content=\"maranhaotv\" \/>\n<meta name=\"twitter:card\" content=\"summary_large_image\" \/>\n<meta name=\"twitter:creator\" content=\"@sitemaranhaotv\" \/>\n<meta name=\"twitter:site\" content=\"@sitemaranhaotv\" \/>\n<meta name=\"twitter:label1\" content=\"Escrito por\" \/>\n\t<meta name=\"twitter:data1\" content=\"maranhaotv\" \/>\n\t<meta name=\"twitter:label2\" content=\"Est. tempo de leitura\" \/>\n\t<meta name=\"twitter:data2\" content=\"3 minutos\" \/>\n<script type=\"application\/ld+json\" class=\"yoast-schema-graph\">{\"@context\":\"https:\\\/\\\/schema.org\",\"@graph\":[{\"@type\":\"Article\",\"@id\":\"https:\\\/\\\/maranhaotv.com.br\\\/index.php\\\/2020\\\/03\\\/02\\\/ex-prefeito-de-junco-do-maranhao-e-condenado-por-improbidade-administrativa\\\/#article\",\"isPartOf\":{\"@id\":\"https:\\\/\\\/maranhaotv.com.br\\\/index.php\\\/2020\\\/03\\\/02\\\/ex-prefeito-de-junco-do-maranhao-e-condenado-por-improbidade-administrativa\\\/\"},\"author\":{\"name\":\"maranhaotv\",\"@id\":\"https:\\\/\\\/maranhaotv.com.br\\\/#\\\/schema\\\/person\\\/3d54238e86b20bb5c89ab2fdb8f8829a\"},\"headline\":\"Ex-prefeito de Junco do Maranh\u00e3o \u00e9 condenado por improbidade administrativa\",\"datePublished\":\"2020-03-02T15:24:11+00:00\",\"mainEntityOfPage\":{\"@id\":\"https:\\\/\\\/maranhaotv.com.br\\\/index.php\\\/2020\\\/03\\\/02\\\/ex-prefeito-de-junco-do-maranhao-e-condenado-por-improbidade-administrativa\\\/\"},\"wordCount\":662,\"publisher\":{\"@id\":\"https:\\\/\\\/maranhaotv.com.br\\\/#organization\"},\"image\":{\"@id\":\"https:\\\/\\\/maranhaotv.com.br\\\/index.php\\\/2020\\\/03\\\/02\\\/ex-prefeito-de-junco-do-maranhao-e-condenado-por-improbidade-administrativa\\\/#primaryimage\"},\"thumbnailUrl\":\"\",\"keywords\":[\"Junco do Maranh\u00e3o\"],\"articleSection\":[\"not\u00edcias\"],\"inLanguage\":\"pt-BR\"},{\"@type\":\"WebPage\",\"@id\":\"https:\\\/\\\/maranhaotv.com.br\\\/index.php\\\/2020\\\/03\\\/02\\\/ex-prefeito-de-junco-do-maranhao-e-condenado-por-improbidade-administrativa\\\/\",\"url\":\"https:\\\/\\\/maranhaotv.com.br\\\/index.php\\\/2020\\\/03\\\/02\\\/ex-prefeito-de-junco-do-maranhao-e-condenado-por-improbidade-administrativa\\\/\",\"name\":\"Ex-prefeito de Junco do Maranh\u00e3o \u00e9 condenado por improbidade administrativa - NOT\u00cdCIAS EM TEMPO REAL\",\"isPartOf\":{\"@id\":\"https:\\\/\\\/maranhaotv.com.br\\\/#website\"},\"primaryImageOfPage\":{\"@id\":\"https:\\\/\\\/maranhaotv.com.br\\\/index.php\\\/2020\\\/03\\\/02\\\/ex-prefeito-de-junco-do-maranhao-e-condenado-por-improbidade-administrativa\\\/#primaryimage\"},\"image\":{\"@id\":\"https:\\\/\\\/maranhaotv.com.br\\\/index.php\\\/2020\\\/03\\\/02\\\/ex-prefeito-de-junco-do-maranhao-e-condenado-por-improbidade-administrativa\\\/#primaryimage\"},\"thumbnailUrl\":\"\",\"datePublished\":\"2020-03-02T15:24:11+00:00\",\"breadcrumb\":{\"@id\":\"https:\\\/\\\/maranhaotv.com.br\\\/index.php\\\/2020\\\/03\\\/02\\\/ex-prefeito-de-junco-do-maranhao-e-condenado-por-improbidade-administrativa\\\/#breadcrumb\"},\"inLanguage\":\"pt-BR\",\"potentialAction\":[{\"@type\":\"ReadAction\",\"target\":[\"https:\\\/\\\/maranhaotv.com.br\\\/index.php\\\/2020\\\/03\\\/02\\\/ex-prefeito-de-junco-do-maranhao-e-condenado-por-improbidade-administrativa\\\/\"]}]},{\"@type\":\"ImageObject\",\"inLanguage\":\"pt-BR\",\"@id\":\"https:\\\/\\\/maranhaotv.com.br\\\/index.php\\\/2020\\\/03\\\/02\\\/ex-prefeito-de-junco-do-maranhao-e-condenado-por-improbidade-administrativa\\\/#primaryimage\",\"url\":\"\",\"contentUrl\":\"\"},{\"@type\":\"BreadcrumbList\",\"@id\":\"https:\\\/\\\/maranhaotv.com.br\\\/index.php\\\/2020\\\/03\\\/02\\\/ex-prefeito-de-junco-do-maranhao-e-condenado-por-improbidade-administrativa\\\/#breadcrumb\",\"itemListElement\":[{\"@type\":\"ListItem\",\"position\":1,\"name\":\"In\u00edcio\",\"item\":\"https:\\\/\\\/maranhaotv.com.br\\\/\"},{\"@type\":\"ListItem\",\"position\":2,\"name\":\"Ex-prefeito de Junco do Maranh\u00e3o \u00e9 condenado por improbidade administrativa\"}]},{\"@type\":\"WebSite\",\"@id\":\"https:\\\/\\\/maranhaotv.com.br\\\/#website\",\"url\":\"https:\\\/\\\/maranhaotv.com.br\\\/\",\"name\":\"Maranh\u00e3oTV\",\"description\":\"\",\"publisher\":{\"@id\":\"https:\\\/\\\/maranhaotv.com.br\\\/#organization\"},\"potentialAction\":[{\"@type\":\"SearchAction\",\"target\":{\"@type\":\"EntryPoint\",\"urlTemplate\":\"https:\\\/\\\/maranhaotv.com.br\\\/?s={search_term_string}\"},\"query-input\":{\"@type\":\"PropertyValueSpecification\",\"valueRequired\":true,\"valueName\":\"search_term_string\"}}],\"inLanguage\":\"pt-BR\"},{\"@type\":\"Organization\",\"@id\":\"https:\\\/\\\/maranhaotv.com.br\\\/#organization\",\"name\":\"Portal de Not\u00edcias\",\"url\":\"https:\\\/\\\/maranhaotv.com.br\\\/\",\"logo\":{\"@type\":\"ImageObject\",\"inLanguage\":\"pt-BR\",\"@id\":\"https:\\\/\\\/maranhaotv.com.br\\\/#\\\/schema\\\/logo\\\/image\\\/\",\"url\":\"https:\\\/\\\/maranhaotv.com.br\\\/wp-content\\\/uploads\\\/2024\\\/05\\\/cropped-cropped-avatar-1.png\",\"contentUrl\":\"https:\\\/\\\/maranhaotv.com.br\\\/wp-content\\\/uploads\\\/2024\\\/05\\\/cropped-cropped-avatar-1.png\",\"width\":792,\"height\":428,\"caption\":\"Portal de Not\u00edcias\"},\"image\":{\"@id\":\"https:\\\/\\\/maranhaotv.com.br\\\/#\\\/schema\\\/logo\\\/image\\\/\"},\"sameAs\":[\"https:\\\/\\\/www.facebook.com\\\/maiobaotv\",\"https:\\\/\\\/x.com\\\/sitemaranhaotv\",\"https:\\\/\\\/www.instagram.com\\\/maranhao.tv\",\"https:\\\/\\\/www.threads.net\\\/@maranhao.tv\"]},{\"@type\":\"Person\",\"@id\":\"https:\\\/\\\/maranhaotv.com.br\\\/#\\\/schema\\\/person\\\/3d54238e86b20bb5c89ab2fdb8f8829a\",\"name\":\"maranhaotv\",\"image\":{\"@type\":\"ImageObject\",\"inLanguage\":\"pt-BR\",\"@id\":\"https:\\\/\\\/secure.gravatar.com\\\/avatar\\\/8fadbca458d4cb68b1dd399ae9a40618d747bb1af65ac9fad21c89220a143eb4?s=96&d=mm&r=g\",\"url\":\"https:\\\/\\\/secure.gravatar.com\\\/avatar\\\/8fadbca458d4cb68b1dd399ae9a40618d747bb1af65ac9fad21c89220a143eb4?s=96&d=mm&r=g\",\"contentUrl\":\"https:\\\/\\\/secure.gravatar.com\\\/avatar\\\/8fadbca458d4cb68b1dd399ae9a40618d747bb1af65ac9fad21c89220a143eb4?s=96&d=mm&r=g\",\"caption\":\"maranhaotv\"},\"sameAs\":[\"https:\\\/\\\/maranhaotv.com.br\\\/\"],\"url\":\"https:\\\/\\\/maranhaotv.com.br\\\/index.php\\\/author\\\/maranhaotv\\\/\"}]}<\/script>\n<!-- \/ Yoast SEO plugin. -->","yoast_head_json":{"title":"Ex-prefeito de Junco do Maranh\u00e3o \u00e9 condenado por improbidade administrativa - NOT\u00cdCIAS EM TEMPO REAL","robots":{"index":"index","follow":"follow","max-snippet":"max-snippet:-1","max-image-preview":"max-image-preview:large","max-video-preview":"max-video-preview:-1"},"canonical":"https:\/\/maranhaotv.com.br\/index.php\/2020\/03\/02\/ex-prefeito-de-junco-do-maranhao-e-condenado-por-improbidade-administrativa\/","og_locale":"pt_BR","og_type":"article","og_title":"Ex-prefeito de Junco do Maranh\u00e3o \u00e9 condenado por improbidade administrativa - NOT\u00cdCIAS EM TEMPO REAL","og_description":"O ex-prefeito de Junco do Maranh\u00e3o, Iltamar de Ara\u00fajo Pereira, foi condenado pela pr\u00e1tica de improbidade administrativa (artigo 10, incisos","og_url":"https:\/\/maranhaotv.com.br\/index.php\/2020\/03\/02\/ex-prefeito-de-junco-do-maranhao-e-condenado-por-improbidade-administrativa\/","og_site_name":"NOT\u00cdCIAS EM TEMPO REAL","article_publisher":"https:\/\/www.facebook.com\/maiobaotv","article_published_time":"2020-03-02T15:24:11+00:00","author":"maranhaotv","twitter_card":"summary_large_image","twitter_creator":"@sitemaranhaotv","twitter_site":"@sitemaranhaotv","twitter_misc":{"Escrito por":"maranhaotv","Est. tempo de leitura":"3 minutos"},"schema":{"@context":"https:\/\/schema.org","@graph":[{"@type":"Article","@id":"https:\/\/maranhaotv.com.br\/index.php\/2020\/03\/02\/ex-prefeito-de-junco-do-maranhao-e-condenado-por-improbidade-administrativa\/#article","isPartOf":{"@id":"https:\/\/maranhaotv.com.br\/index.php\/2020\/03\/02\/ex-prefeito-de-junco-do-maranhao-e-condenado-por-improbidade-administrativa\/"},"author":{"name":"maranhaotv","@id":"https:\/\/maranhaotv.com.br\/#\/schema\/person\/3d54238e86b20bb5c89ab2fdb8f8829a"},"headline":"Ex-prefeito de Junco do Maranh\u00e3o \u00e9 condenado por improbidade administrativa","datePublished":"2020-03-02T15:24:11+00:00","mainEntityOfPage":{"@id":"https:\/\/maranhaotv.com.br\/index.php\/2020\/03\/02\/ex-prefeito-de-junco-do-maranhao-e-condenado-por-improbidade-administrativa\/"},"wordCount":662,"publisher":{"@id":"https:\/\/maranhaotv.com.br\/#organization"},"image":{"@id":"https:\/\/maranhaotv.com.br\/index.php\/2020\/03\/02\/ex-prefeito-de-junco-do-maranhao-e-condenado-por-improbidade-administrativa\/#primaryimage"},"thumbnailUrl":"","keywords":["Junco do Maranh\u00e3o"],"articleSection":["not\u00edcias"],"inLanguage":"pt-BR"},{"@type":"WebPage","@id":"https:\/\/maranhaotv.com.br\/index.php\/2020\/03\/02\/ex-prefeito-de-junco-do-maranhao-e-condenado-por-improbidade-administrativa\/","url":"https:\/\/maranhaotv.com.br\/index.php\/2020\/03\/02\/ex-prefeito-de-junco-do-maranhao-e-condenado-por-improbidade-administrativa\/","name":"Ex-prefeito de Junco do Maranh\u00e3o \u00e9 condenado por improbidade administrativa - NOT\u00cdCIAS EM TEMPO REAL","isPartOf":{"@id":"https:\/\/maranhaotv.com.br\/#website"},"primaryImageOfPage":{"@id":"https:\/\/maranhaotv.com.br\/index.php\/2020\/03\/02\/ex-prefeito-de-junco-do-maranhao-e-condenado-por-improbidade-administrativa\/#primaryimage"},"image":{"@id":"https:\/\/maranhaotv.com.br\/index.php\/2020\/03\/02\/ex-prefeito-de-junco-do-maranhao-e-condenado-por-improbidade-administrativa\/#primaryimage"},"thumbnailUrl":"","datePublished":"2020-03-02T15:24:11+00:00","breadcrumb":{"@id":"https:\/\/maranhaotv.com.br\/index.php\/2020\/03\/02\/ex-prefeito-de-junco-do-maranhao-e-condenado-por-improbidade-administrativa\/#breadcrumb"},"inLanguage":"pt-BR","potentialAction":[{"@type":"ReadAction","target":["https:\/\/maranhaotv.com.br\/index.php\/2020\/03\/02\/ex-prefeito-de-junco-do-maranhao-e-condenado-por-improbidade-administrativa\/"]}]},{"@type":"ImageObject","inLanguage":"pt-BR","@id":"https:\/\/maranhaotv.com.br\/index.php\/2020\/03\/02\/ex-prefeito-de-junco-do-maranhao-e-condenado-por-improbidade-administrativa\/#primaryimage","url":"","contentUrl":""},{"@type":"BreadcrumbList","@id":"https:\/\/maranhaotv.com.br\/index.php\/2020\/03\/02\/ex-prefeito-de-junco-do-maranhao-e-condenado-por-improbidade-administrativa\/#breadcrumb","itemListElement":[{"@type":"ListItem","position":1,"name":"In\u00edcio","item":"https:\/\/maranhaotv.com.br\/"},{"@type":"ListItem","position":2,"name":"Ex-prefeito de Junco do Maranh\u00e3o \u00e9 condenado por improbidade administrativa"}]},{"@type":"WebSite","@id":"https:\/\/maranhaotv.com.br\/#website","url":"https:\/\/maranhaotv.com.br\/","name":"Maranh\u00e3oTV","description":"","publisher":{"@id":"https:\/\/maranhaotv.com.br\/#organization"},"potentialAction":[{"@type":"SearchAction","target":{"@type":"EntryPoint","urlTemplate":"https:\/\/maranhaotv.com.br\/?s={search_term_string}"},"query-input":{"@type":"PropertyValueSpecification","valueRequired":true,"valueName":"search_term_string"}}],"inLanguage":"pt-BR"},{"@type":"Organization","@id":"https:\/\/maranhaotv.com.br\/#organization","name":"Portal de Not\u00edcias","url":"https:\/\/maranhaotv.com.br\/","logo":{"@type":"ImageObject","inLanguage":"pt-BR","@id":"https:\/\/maranhaotv.com.br\/#\/schema\/logo\/image\/","url":"https:\/\/maranhaotv.com.br\/wp-content\/uploads\/2024\/05\/cropped-cropped-avatar-1.png","contentUrl":"https:\/\/maranhaotv.com.br\/wp-content\/uploads\/2024\/05\/cropped-cropped-avatar-1.png","width":792,"height":428,"caption":"Portal de Not\u00edcias"},"image":{"@id":"https:\/\/maranhaotv.com.br\/#\/schema\/logo\/image\/"},"sameAs":["https:\/\/www.facebook.com\/maiobaotv","https:\/\/x.com\/sitemaranhaotv","https:\/\/www.instagram.com\/maranhao.tv","https:\/\/www.threads.net\/@maranhao.tv"]},{"@type":"Person","@id":"https:\/\/maranhaotv.com.br\/#\/schema\/person\/3d54238e86b20bb5c89ab2fdb8f8829a","name":"maranhaotv","image":{"@type":"ImageObject","inLanguage":"pt-BR","@id":"https:\/\/secure.gravatar.com\/avatar\/8fadbca458d4cb68b1dd399ae9a40618d747bb1af65ac9fad21c89220a143eb4?s=96&d=mm&r=g","url":"https:\/\/secure.gravatar.com\/avatar\/8fadbca458d4cb68b1dd399ae9a40618d747bb1af65ac9fad21c89220a143eb4?s=96&d=mm&r=g","contentUrl":"https:\/\/secure.gravatar.com\/avatar\/8fadbca458d4cb68b1dd399ae9a40618d747bb1af65ac9fad21c89220a143eb4?s=96&d=mm&r=g","caption":"maranhaotv"},"sameAs":["https:\/\/maranhaotv.com.br\/"],"url":"https:\/\/maranhaotv.com.br\/index.php\/author\/maranhaotv\/"}]}},"jetpack_featured_media_url":"","jetpack_sharing_enabled":true,"_links":{"self":[{"href":"https:\/\/maranhaotv.com.br\/index.php\/wp-json\/wp\/v2\/posts\/10003","targetHints":{"allow":["GET"]}}],"collection":[{"href":"https:\/\/maranhaotv.com.br\/index.php\/wp-json\/wp\/v2\/posts"}],"about":[{"href":"https:\/\/maranhaotv.com.br\/index.php\/wp-json\/wp\/v2\/types\/post"}],"author":[{"embeddable":true,"href":"https:\/\/maranhaotv.com.br\/index.php\/wp-json\/wp\/v2\/users\/2"}],"replies":[{"embeddable":true,"href":"https:\/\/maranhaotv.com.br\/index.php\/wp-json\/wp\/v2\/comments?post=10003"}],"version-history":[{"count":0,"href":"https:\/\/maranhaotv.com.br\/index.php\/wp-json\/wp\/v2\/posts\/10003\/revisions"}],"wp:featuredmedia":[{"embeddable":true,"href":"https:\/\/maranhaotv.com.br\/index.php\/wp-json\/"}],"wp:attachment":[{"href":"https:\/\/maranhaotv.com.br\/index.php\/wp-json\/wp\/v2\/media?parent=10003"}],"wp:term":[{"taxonomy":"category","embeddable":true,"href":"https:\/\/maranhaotv.com.br\/index.php\/wp-json\/wp\/v2\/categories?post=10003"},{"taxonomy":"post_tag","embeddable":true,"href":"https:\/\/maranhaotv.com.br\/index.php\/wp-json\/wp\/v2\/tags?post=10003"}],"curies":[{"name":"wp","href":"https:\/\/api.w.org\/{rel}","templated":true}]}}