{"id":10012,"date":"2020-03-02T17:01:10","date_gmt":"2020-03-02T20:01:10","guid":{"rendered":"https:\/\/maiobaotv.com.br\/?p=10012"},"modified":"2020-03-02T17:01:10","modified_gmt":"2020-03-02T20:01:10","slug":"paula-solicita-ao-banco-que-nao-seja-permitido-o-acesso-de-dutra-as-contas-ate-que-seja-empossado-pela-camara","status":"publish","type":"post","link":"https:\/\/maranhaotv.com.br\/index.php\/2020\/03\/02\/paula-solicita-ao-banco-que-nao-seja-permitido-o-acesso-de-dutra-as-contas-ate-que-seja-empossado-pela-camara\/","title":{"rendered":"Paula solicita ao banco que n\u00e3o seja permitido o acesso de Dutra \u00e0s contas at\u00e9 que seja empossado pela C\u00e2mara"},"content":{"rendered":"<h5>Como forma de preservar as contas do munic\u00edpio, Paula Azevedo requer que Banco do Brasil n\u00e3o permita o acesso \u00e0s contas da prefeitura at\u00e9 que Dutra seja empossado pela C\u00e2mara Municipal.<\/h5>\n<p>Pensando em preservar o er\u00e1rio luminense, Paula Azevedo, Prefeita em exerc\u00edcio de Pa\u00e7o do Pa\u00e7o do Lumiar, requereu ao Banco do Brasil que o mesmo n\u00e3o permita qualquer acesso \u00e0s contas do munic\u00edpio at\u00e9 que o Prefeito Licenciado Domingos Dutra seja empossado pela C\u00e2mara de Vereadores de Pa\u00e7o do Lumiar. O documento foi encaminhado e recebido na ag\u00eancia do Banco do Brasil do Maiob\u00e3o na manh\u00e3 desta segunda-feira (02).<\/p>\n<p>Ainda de acordo com o documento, Paula requer que \u00e0 ag\u00eancia n\u00e3o d\u00ea vaz\u00e3o a pedidos de troca ordenadores de despesas e altera\u00e7\u00f5es de senhas, bem como quaisquer movimenta\u00e7\u00f5es financeiras oriundas da Prefeitura de Pa\u00e7o do Lumiar que n\u00e3o tenham sido autorizadas por ela. A medida tem como finalidade de evitar preju\u00edzos ao er\u00e1rio, assim como n\u00e3o inviabilizar os compromissos assumidos pelo ente p\u00fablico.<\/p>\n<p>Veja of\u00edcio enviado ao Banco:<\/p>\n<p><img loading=\"lazy\" decoding=\"async\" src=\"https:\/\/maiobaotv.com.br\/wp-content\/uploads\/2020\/03\/IMG_20200302_163823-2.jpg\" class=\"wp-image-10013 alignnone size-full\" width=\"1080\" height=\"1431\"><\/p>\n<p><img loading=\"lazy\" decoding=\"async\" src=\"https:\/\/maiobaotv.com.br\/wp-content\/uploads\/2020\/03\/IMG_20200302_163843-1.jpg\" class=\"wp-image-10014 alignnone size-full\" width=\"1080\" height=\"1451\"><\/p>\n","protected":false},"excerpt":{"rendered":"<p>Como forma de preservar as contas do munic\u00edpio, Paula Azevedo requer que Banco do Brasil n\u00e3o permita o acesso \u00e0s<\/p>\n","protected":false},"author":2,"featured_media":9710,"comment_status":"closed","ping_status":"closed","sticky":false,"template":"","format":"standard","meta":{"colormag_page_container_layout":"default_layout","colormag_page_sidebar_layout":"default_layout","_jetpack_memberships_contains_paid_content":false,"footnotes":""},"categories":[2,6],"tags":[34,15,116],"class_list":["post-10012","post","type-post","status-publish","format-standard","has-post-thumbnail","hentry","category-noticias","category-politica","tag-domingos-dutra","tag-paco-do-lumiar","tag-paula-da-pindoba"],"magazineBlocksPostFeaturedMedia":{"thumbnail":false,"medium":false,"medium_large":false,"large":false,"1536x1536":false,"2048x2048":false,"colormag-highlighted-post":false,"colormag-featured-post-medium":false,"colormag-featured-post-small":false,"colormag-featured-image":false,"colormag-default-news":false,"colormag-featured-image-large":false},"magazineBlocksPostAuthor":{"name":"maranhaotv","avatar":"https:\/\/secure.gravatar.com\/avatar\/8fadbca458d4cb68b1dd399ae9a40618d747bb1af65ac9fad21c89220a143eb4?s=96&d=mm&r=g"},"magazineBlocksPostCommentsNumber":false,"magazineBlocksPostExcerpt":"Como forma de preservar as contas do munic\u00edpio, Paula Azevedo requer que Banco do Brasil n\u00e3o permita o acesso \u00e0s","magazineBlocksPostCategories":["not\u00edcias","pol\u00edtica"],"magazineBlocksPostViewCount":115,"magazineBlocksPostReadTime":1,"magazine_blocks_featured_image_url":{"full":false,"medium":false,"thumbnail":false},"magazine_blocks_author":{"display_name":"maranhaotv","author_link":"https:\/\/maranhaotv.com.br\/index.php\/author\/maranhaotv\/"},"magazine_blocks_comment":0,"magazine_blocks_author_image":"https:\/\/secure.gravatar.com\/avatar\/8fadbca458d4cb68b1dd399ae9a40618d747bb1af65ac9fad21c89220a143eb4?s=96&d=mm&r=g","magazine_blocks_category":"<a href=\"#\" class=\"category-link category-link-2\">not\u00edcias<\/a> <a href=\"#\" class=\"category-link category-link-6\">pol\u00edtica<\/a>","yoast_head":"<!-- This site is optimized with the Yoast SEO plugin v27.4 - https:\/\/yoast.com\/product\/yoast-seo-wordpress\/ -->\n<title>Paula solicita ao banco que n\u00e3o seja permitido o acesso de Dutra \u00e0s contas at\u00e9 que seja empossado pela C\u00e2mara - NOT\u00cdCIAS EM TEMPO REAL<\/title>\n<meta name=\"robots\" content=\"index, follow, max-snippet:-1, max-image-preview:large, max-video-preview:-1\" \/>\n<link rel=\"canonical\" href=\"https:\/\/maranhaotv.com.br\/index.php\/2020\/03\/02\/paula-solicita-ao-banco-que-nao-seja-permitido-o-acesso-de-dutra-as-contas-ate-que-seja-empossado-pela-camara\/\" \/>\n<meta property=\"og:locale\" content=\"pt_BR\" \/>\n<meta property=\"og:type\" content=\"article\" \/>\n<meta property=\"og:title\" content=\"Paula solicita ao banco que n\u00e3o seja permitido o acesso de Dutra \u00e0s contas at\u00e9 que seja empossado pela C\u00e2mara - NOT\u00cdCIAS EM TEMPO REAL\" \/>\n<meta property=\"og:description\" content=\"Como forma de preservar as contas do munic\u00edpio, Paula Azevedo requer que Banco do Brasil n\u00e3o permita o acesso \u00e0s\" \/>\n<meta property=\"og:url\" content=\"https:\/\/maranhaotv.com.br\/index.php\/2020\/03\/02\/paula-solicita-ao-banco-que-nao-seja-permitido-o-acesso-de-dutra-as-contas-ate-que-seja-empossado-pela-camara\/\" \/>\n<meta property=\"og:site_name\" content=\"NOT\u00cdCIAS EM TEMPO REAL\" \/>\n<meta property=\"article:publisher\" content=\"https:\/\/www.facebook.com\/maiobaotv\" \/>\n<meta property=\"article:published_time\" content=\"2020-03-02T20:01:10+00:00\" \/>\n<meta name=\"author\" content=\"maranhaotv\" \/>\n<meta name=\"twitter:card\" content=\"summary_large_image\" \/>\n<meta name=\"twitter:creator\" content=\"@sitemaranhaotv\" \/>\n<meta name=\"twitter:site\" content=\"@sitemaranhaotv\" \/>\n<meta name=\"twitter:label1\" content=\"Escrito por\" \/>\n\t<meta name=\"twitter:data1\" content=\"maranhaotv\" \/>\n\t<meta name=\"twitter:label2\" content=\"Est. tempo de leitura\" \/>\n\t<meta name=\"twitter:data2\" content=\"1 minuto\" \/>\n<script type=\"application\/ld+json\" class=\"yoast-schema-graph\">{\"@context\":\"https:\\\/\\\/schema.org\",\"@graph\":[{\"@type\":\"Article\",\"@id\":\"https:\\\/\\\/maranhaotv.com.br\\\/index.php\\\/2020\\\/03\\\/02\\\/paula-solicita-ao-banco-que-nao-seja-permitido-o-acesso-de-dutra-as-contas-ate-que-seja-empossado-pela-camara\\\/#article\",\"isPartOf\":{\"@id\":\"https:\\\/\\\/maranhaotv.com.br\\\/index.php\\\/2020\\\/03\\\/02\\\/paula-solicita-ao-banco-que-nao-seja-permitido-o-acesso-de-dutra-as-contas-ate-que-seja-empossado-pela-camara\\\/\"},\"author\":{\"name\":\"maranhaotv\",\"@id\":\"https:\\\/\\\/maranhaotv.com.br\\\/#\\\/schema\\\/person\\\/3d54238e86b20bb5c89ab2fdb8f8829a\"},\"headline\":\"Paula solicita ao banco que n\u00e3o seja permitido o acesso de Dutra \u00e0s contas at\u00e9 que seja empossado pela C\u00e2mara\",\"datePublished\":\"2020-03-02T20:01:10+00:00\",\"mainEntityOfPage\":{\"@id\":\"https:\\\/\\\/maranhaotv.com.br\\\/index.php\\\/2020\\\/03\\\/02\\\/paula-solicita-ao-banco-que-nao-seja-permitido-o-acesso-de-dutra-as-contas-ate-que-seja-empossado-pela-camara\\\/\"},\"wordCount\":214,\"publisher\":{\"@id\":\"https:\\\/\\\/maranhaotv.com.br\\\/#organization\"},\"image\":{\"@id\":\"https:\\\/\\\/maranhaotv.com.br\\\/index.php\\\/2020\\\/03\\\/02\\\/paula-solicita-ao-banco-que-nao-seja-permitido-o-acesso-de-dutra-as-contas-ate-que-seja-empossado-pela-camara\\\/#primaryimage\"},\"thumbnailUrl\":\"\",\"keywords\":[\"Domingos Dutra\",\"Pa\u00e7o do Lumiar\",\"Paula da Pindoba\"],\"articleSection\":[\"not\u00edcias\",\"pol\u00edtica\"],\"inLanguage\":\"pt-BR\"},{\"@type\":\"WebPage\",\"@id\":\"https:\\\/\\\/maranhaotv.com.br\\\/index.php\\\/2020\\\/03\\\/02\\\/paula-solicita-ao-banco-que-nao-seja-permitido-o-acesso-de-dutra-as-contas-ate-que-seja-empossado-pela-camara\\\/\",\"url\":\"https:\\\/\\\/maranhaotv.com.br\\\/index.php\\\/2020\\\/03\\\/02\\\/paula-solicita-ao-banco-que-nao-seja-permitido-o-acesso-de-dutra-as-contas-ate-que-seja-empossado-pela-camara\\\/\",\"name\":\"Paula solicita ao banco que n\u00e3o seja permitido o acesso de Dutra \u00e0s contas at\u00e9 que seja empossado pela C\u00e2mara - NOT\u00cdCIAS EM TEMPO REAL\",\"isPartOf\":{\"@id\":\"https:\\\/\\\/maranhaotv.com.br\\\/#website\"},\"primaryImageOfPage\":{\"@id\":\"https:\\\/\\\/maranhaotv.com.br\\\/index.php\\\/2020\\\/03\\\/02\\\/paula-solicita-ao-banco-que-nao-seja-permitido-o-acesso-de-dutra-as-contas-ate-que-seja-empossado-pela-camara\\\/#primaryimage\"},\"image\":{\"@id\":\"https:\\\/\\\/maranhaotv.com.br\\\/index.php\\\/2020\\\/03\\\/02\\\/paula-solicita-ao-banco-que-nao-seja-permitido-o-acesso-de-dutra-as-contas-ate-que-seja-empossado-pela-camara\\\/#primaryimage\"},\"thumbnailUrl\":\"\",\"datePublished\":\"2020-03-02T20:01:10+00:00\",\"breadcrumb\":{\"@id\":\"https:\\\/\\\/maranhaotv.com.br\\\/index.php\\\/2020\\\/03\\\/02\\\/paula-solicita-ao-banco-que-nao-seja-permitido-o-acesso-de-dutra-as-contas-ate-que-seja-empossado-pela-camara\\\/#breadcrumb\"},\"inLanguage\":\"pt-BR\",\"potentialAction\":[{\"@type\":\"ReadAction\",\"target\":[\"https:\\\/\\\/maranhaotv.com.br\\\/index.php\\\/2020\\\/03\\\/02\\\/paula-solicita-ao-banco-que-nao-seja-permitido-o-acesso-de-dutra-as-contas-ate-que-seja-empossado-pela-camara\\\/\"]}]},{\"@type\":\"ImageObject\",\"inLanguage\":\"pt-BR\",\"@id\":\"https:\\\/\\\/maranhaotv.com.br\\\/index.php\\\/2020\\\/03\\\/02\\\/paula-solicita-ao-banco-que-nao-seja-permitido-o-acesso-de-dutra-as-contas-ate-que-seja-empossado-pela-camara\\\/#primaryimage\",\"url\":\"\",\"contentUrl\":\"\"},{\"@type\":\"BreadcrumbList\",\"@id\":\"https:\\\/\\\/maranhaotv.com.br\\\/index.php\\\/2020\\\/03\\\/02\\\/paula-solicita-ao-banco-que-nao-seja-permitido-o-acesso-de-dutra-as-contas-ate-que-seja-empossado-pela-camara\\\/#breadcrumb\",\"itemListElement\":[{\"@type\":\"ListItem\",\"position\":1,\"name\":\"In\u00edcio\",\"item\":\"https:\\\/\\\/maranhaotv.com.br\\\/\"},{\"@type\":\"ListItem\",\"position\":2,\"name\":\"Paula solicita ao banco que n\u00e3o seja permitido o acesso de Dutra \u00e0s contas at\u00e9 que seja empossado pela C\u00e2mara\"}]},{\"@type\":\"WebSite\",\"@id\":\"https:\\\/\\\/maranhaotv.com.br\\\/#website\",\"url\":\"https:\\\/\\\/maranhaotv.com.br\\\/\",\"name\":\"Maranh\u00e3oTV\",\"description\":\"\",\"publisher\":{\"@id\":\"https:\\\/\\\/maranhaotv.com.br\\\/#organization\"},\"potentialAction\":[{\"@type\":\"SearchAction\",\"target\":{\"@type\":\"EntryPoint\",\"urlTemplate\":\"https:\\\/\\\/maranhaotv.com.br\\\/?s={search_term_string}\"},\"query-input\":{\"@type\":\"PropertyValueSpecification\",\"valueRequired\":true,\"valueName\":\"search_term_string\"}}],\"inLanguage\":\"pt-BR\"},{\"@type\":\"Organization\",\"@id\":\"https:\\\/\\\/maranhaotv.com.br\\\/#organization\",\"name\":\"Portal de Not\u00edcias\",\"url\":\"https:\\\/\\\/maranhaotv.com.br\\\/\",\"logo\":{\"@type\":\"ImageObject\",\"inLanguage\":\"pt-BR\",\"@id\":\"https:\\\/\\\/maranhaotv.com.br\\\/#\\\/schema\\\/logo\\\/image\\\/\",\"url\":\"https:\\\/\\\/maranhaotv.com.br\\\/wp-content\\\/uploads\\\/2024\\\/05\\\/cropped-cropped-avatar-1.png\",\"contentUrl\":\"https:\\\/\\\/maranhaotv.com.br\\\/wp-content\\\/uploads\\\/2024\\\/05\\\/cropped-cropped-avatar-1.png\",\"width\":792,\"height\":428,\"caption\":\"Portal de Not\u00edcias\"},\"image\":{\"@id\":\"https:\\\/\\\/maranhaotv.com.br\\\/#\\\/schema\\\/logo\\\/image\\\/\"},\"sameAs\":[\"https:\\\/\\\/www.facebook.com\\\/maiobaotv\",\"https:\\\/\\\/x.com\\\/sitemaranhaotv\",\"https:\\\/\\\/www.instagram.com\\\/maranhao.tv\",\"https:\\\/\\\/www.threads.net\\\/@maranhao.tv\"]},{\"@type\":\"Person\",\"@id\":\"https:\\\/\\\/maranhaotv.com.br\\\/#\\\/schema\\\/person\\\/3d54238e86b20bb5c89ab2fdb8f8829a\",\"name\":\"maranhaotv\",\"image\":{\"@type\":\"ImageObject\",\"inLanguage\":\"pt-BR\",\"@id\":\"https:\\\/\\\/secure.gravatar.com\\\/avatar\\\/8fadbca458d4cb68b1dd399ae9a40618d747bb1af65ac9fad21c89220a143eb4?s=96&d=mm&r=g\",\"url\":\"https:\\\/\\\/secure.gravatar.com\\\/avatar\\\/8fadbca458d4cb68b1dd399ae9a40618d747bb1af65ac9fad21c89220a143eb4?s=96&d=mm&r=g\",\"contentUrl\":\"https:\\\/\\\/secure.gravatar.com\\\/avatar\\\/8fadbca458d4cb68b1dd399ae9a40618d747bb1af65ac9fad21c89220a143eb4?s=96&d=mm&r=g\",\"caption\":\"maranhaotv\"},\"sameAs\":[\"https:\\\/\\\/maranhaotv.com.br\\\/\"],\"url\":\"https:\\\/\\\/maranhaotv.com.br\\\/index.php\\\/author\\\/maranhaotv\\\/\"}]}<\/script>\n<!-- \/ Yoast SEO plugin. -->","yoast_head_json":{"title":"Paula solicita ao banco que n\u00e3o seja permitido o acesso de Dutra \u00e0s contas at\u00e9 que seja empossado pela C\u00e2mara - NOT\u00cdCIAS EM TEMPO REAL","robots":{"index":"index","follow":"follow","max-snippet":"max-snippet:-1","max-image-preview":"max-image-preview:large","max-video-preview":"max-video-preview:-1"},"canonical":"https:\/\/maranhaotv.com.br\/index.php\/2020\/03\/02\/paula-solicita-ao-banco-que-nao-seja-permitido-o-acesso-de-dutra-as-contas-ate-que-seja-empossado-pela-camara\/","og_locale":"pt_BR","og_type":"article","og_title":"Paula solicita ao banco que n\u00e3o seja permitido o acesso de Dutra \u00e0s contas at\u00e9 que seja empossado pela C\u00e2mara - NOT\u00cdCIAS EM TEMPO REAL","og_description":"Como forma de preservar as contas do munic\u00edpio, Paula Azevedo requer que Banco do Brasil n\u00e3o permita o acesso \u00e0s","og_url":"https:\/\/maranhaotv.com.br\/index.php\/2020\/03\/02\/paula-solicita-ao-banco-que-nao-seja-permitido-o-acesso-de-dutra-as-contas-ate-que-seja-empossado-pela-camara\/","og_site_name":"NOT\u00cdCIAS EM TEMPO REAL","article_publisher":"https:\/\/www.facebook.com\/maiobaotv","article_published_time":"2020-03-02T20:01:10+00:00","author":"maranhaotv","twitter_card":"summary_large_image","twitter_creator":"@sitemaranhaotv","twitter_site":"@sitemaranhaotv","twitter_misc":{"Escrito por":"maranhaotv","Est. tempo de leitura":"1 minuto"},"schema":{"@context":"https:\/\/schema.org","@graph":[{"@type":"Article","@id":"https:\/\/maranhaotv.com.br\/index.php\/2020\/03\/02\/paula-solicita-ao-banco-que-nao-seja-permitido-o-acesso-de-dutra-as-contas-ate-que-seja-empossado-pela-camara\/#article","isPartOf":{"@id":"https:\/\/maranhaotv.com.br\/index.php\/2020\/03\/02\/paula-solicita-ao-banco-que-nao-seja-permitido-o-acesso-de-dutra-as-contas-ate-que-seja-empossado-pela-camara\/"},"author":{"name":"maranhaotv","@id":"https:\/\/maranhaotv.com.br\/#\/schema\/person\/3d54238e86b20bb5c89ab2fdb8f8829a"},"headline":"Paula solicita ao banco que n\u00e3o seja permitido o acesso de Dutra \u00e0s contas at\u00e9 que seja empossado pela C\u00e2mara","datePublished":"2020-03-02T20:01:10+00:00","mainEntityOfPage":{"@id":"https:\/\/maranhaotv.com.br\/index.php\/2020\/03\/02\/paula-solicita-ao-banco-que-nao-seja-permitido-o-acesso-de-dutra-as-contas-ate-que-seja-empossado-pela-camara\/"},"wordCount":214,"publisher":{"@id":"https:\/\/maranhaotv.com.br\/#organization"},"image":{"@id":"https:\/\/maranhaotv.com.br\/index.php\/2020\/03\/02\/paula-solicita-ao-banco-que-nao-seja-permitido-o-acesso-de-dutra-as-contas-ate-que-seja-empossado-pela-camara\/#primaryimage"},"thumbnailUrl":"","keywords":["Domingos Dutra","Pa\u00e7o do Lumiar","Paula da Pindoba"],"articleSection":["not\u00edcias","pol\u00edtica"],"inLanguage":"pt-BR"},{"@type":"WebPage","@id":"https:\/\/maranhaotv.com.br\/index.php\/2020\/03\/02\/paula-solicita-ao-banco-que-nao-seja-permitido-o-acesso-de-dutra-as-contas-ate-que-seja-empossado-pela-camara\/","url":"https:\/\/maranhaotv.com.br\/index.php\/2020\/03\/02\/paula-solicita-ao-banco-que-nao-seja-permitido-o-acesso-de-dutra-as-contas-ate-que-seja-empossado-pela-camara\/","name":"Paula solicita ao banco que n\u00e3o seja permitido o acesso de Dutra \u00e0s contas at\u00e9 que seja empossado pela C\u00e2mara - NOT\u00cdCIAS EM TEMPO REAL","isPartOf":{"@id":"https:\/\/maranhaotv.com.br\/#website"},"primaryImageOfPage":{"@id":"https:\/\/maranhaotv.com.br\/index.php\/2020\/03\/02\/paula-solicita-ao-banco-que-nao-seja-permitido-o-acesso-de-dutra-as-contas-ate-que-seja-empossado-pela-camara\/#primaryimage"},"image":{"@id":"https:\/\/maranhaotv.com.br\/index.php\/2020\/03\/02\/paula-solicita-ao-banco-que-nao-seja-permitido-o-acesso-de-dutra-as-contas-ate-que-seja-empossado-pela-camara\/#primaryimage"},"thumbnailUrl":"","datePublished":"2020-03-02T20:01:10+00:00","breadcrumb":{"@id":"https:\/\/maranhaotv.com.br\/index.php\/2020\/03\/02\/paula-solicita-ao-banco-que-nao-seja-permitido-o-acesso-de-dutra-as-contas-ate-que-seja-empossado-pela-camara\/#breadcrumb"},"inLanguage":"pt-BR","potentialAction":[{"@type":"ReadAction","target":["https:\/\/maranhaotv.com.br\/index.php\/2020\/03\/02\/paula-solicita-ao-banco-que-nao-seja-permitido-o-acesso-de-dutra-as-contas-ate-que-seja-empossado-pela-camara\/"]}]},{"@type":"ImageObject","inLanguage":"pt-BR","@id":"https:\/\/maranhaotv.com.br\/index.php\/2020\/03\/02\/paula-solicita-ao-banco-que-nao-seja-permitido-o-acesso-de-dutra-as-contas-ate-que-seja-empossado-pela-camara\/#primaryimage","url":"","contentUrl":""},{"@type":"BreadcrumbList","@id":"https:\/\/maranhaotv.com.br\/index.php\/2020\/03\/02\/paula-solicita-ao-banco-que-nao-seja-permitido-o-acesso-de-dutra-as-contas-ate-que-seja-empossado-pela-camara\/#breadcrumb","itemListElement":[{"@type":"ListItem","position":1,"name":"In\u00edcio","item":"https:\/\/maranhaotv.com.br\/"},{"@type":"ListItem","position":2,"name":"Paula solicita ao banco que n\u00e3o seja permitido o acesso de Dutra \u00e0s contas at\u00e9 que seja empossado pela C\u00e2mara"}]},{"@type":"WebSite","@id":"https:\/\/maranhaotv.com.br\/#website","url":"https:\/\/maranhaotv.com.br\/","name":"Maranh\u00e3oTV","description":"","publisher":{"@id":"https:\/\/maranhaotv.com.br\/#organization"},"potentialAction":[{"@type":"SearchAction","target":{"@type":"EntryPoint","urlTemplate":"https:\/\/maranhaotv.com.br\/?s={search_term_string}"},"query-input":{"@type":"PropertyValueSpecification","valueRequired":true,"valueName":"search_term_string"}}],"inLanguage":"pt-BR"},{"@type":"Organization","@id":"https:\/\/maranhaotv.com.br\/#organization","name":"Portal de Not\u00edcias","url":"https:\/\/maranhaotv.com.br\/","logo":{"@type":"ImageObject","inLanguage":"pt-BR","@id":"https:\/\/maranhaotv.com.br\/#\/schema\/logo\/image\/","url":"https:\/\/maranhaotv.com.br\/wp-content\/uploads\/2024\/05\/cropped-cropped-avatar-1.png","contentUrl":"https:\/\/maranhaotv.com.br\/wp-content\/uploads\/2024\/05\/cropped-cropped-avatar-1.png","width":792,"height":428,"caption":"Portal de Not\u00edcias"},"image":{"@id":"https:\/\/maranhaotv.com.br\/#\/schema\/logo\/image\/"},"sameAs":["https:\/\/www.facebook.com\/maiobaotv","https:\/\/x.com\/sitemaranhaotv","https:\/\/www.instagram.com\/maranhao.tv","https:\/\/www.threads.net\/@maranhao.tv"]},{"@type":"Person","@id":"https:\/\/maranhaotv.com.br\/#\/schema\/person\/3d54238e86b20bb5c89ab2fdb8f8829a","name":"maranhaotv","image":{"@type":"ImageObject","inLanguage":"pt-BR","@id":"https:\/\/secure.gravatar.com\/avatar\/8fadbca458d4cb68b1dd399ae9a40618d747bb1af65ac9fad21c89220a143eb4?s=96&d=mm&r=g","url":"https:\/\/secure.gravatar.com\/avatar\/8fadbca458d4cb68b1dd399ae9a40618d747bb1af65ac9fad21c89220a143eb4?s=96&d=mm&r=g","contentUrl":"https:\/\/secure.gravatar.com\/avatar\/8fadbca458d4cb68b1dd399ae9a40618d747bb1af65ac9fad21c89220a143eb4?s=96&d=mm&r=g","caption":"maranhaotv"},"sameAs":["https:\/\/maranhaotv.com.br\/"],"url":"https:\/\/maranhaotv.com.br\/index.php\/author\/maranhaotv\/"}]}},"jetpack_featured_media_url":"","jetpack_sharing_enabled":true,"_links":{"self":[{"href":"https:\/\/maranhaotv.com.br\/index.php\/wp-json\/wp\/v2\/posts\/10012","targetHints":{"allow":["GET"]}}],"collection":[{"href":"https:\/\/maranhaotv.com.br\/index.php\/wp-json\/wp\/v2\/posts"}],"about":[{"href":"https:\/\/maranhaotv.com.br\/index.php\/wp-json\/wp\/v2\/types\/post"}],"author":[{"embeddable":true,"href":"https:\/\/maranhaotv.com.br\/index.php\/wp-json\/wp\/v2\/users\/2"}],"replies":[{"embeddable":true,"href":"https:\/\/maranhaotv.com.br\/index.php\/wp-json\/wp\/v2\/comments?post=10012"}],"version-history":[{"count":0,"href":"https:\/\/maranhaotv.com.br\/index.php\/wp-json\/wp\/v2\/posts\/10012\/revisions"}],"wp:featuredmedia":[{"embeddable":true,"href":"https:\/\/maranhaotv.com.br\/index.php\/wp-json\/"}],"wp:attachment":[{"href":"https:\/\/maranhaotv.com.br\/index.php\/wp-json\/wp\/v2\/media?parent=10012"}],"wp:term":[{"taxonomy":"category","embeddable":true,"href":"https:\/\/maranhaotv.com.br\/index.php\/wp-json\/wp\/v2\/categories?post=10012"},{"taxonomy":"post_tag","embeddable":true,"href":"https:\/\/maranhaotv.com.br\/index.php\/wp-json\/wp\/v2\/tags?post=10012"}],"curies":[{"name":"wp","href":"https:\/\/api.w.org\/{rel}","templated":true}]}}