{"id":10125,"date":"2020-03-06T10:35:15","date_gmt":"2020-03-06T13:35:15","guid":{"rendered":"https:\/\/maiobaotv.com.br\/index.php\/2020\/03\/06\/maternidade-da-cidade-operaria-apos-7-anos-projeto-e-interrompido-e-no-local-sera-construida-uma-praca\/"},"modified":"2020-03-06T10:35:15","modified_gmt":"2020-03-06T13:35:15","slug":"maternidade-da-cidade-operaria-apos-7-anos-projeto-e-interrompido-e-no-local-sera-construida-uma-praca","status":"publish","type":"post","link":"https:\/\/maranhaotv.com.br\/index.php\/2020\/03\/06\/maternidade-da-cidade-operaria-apos-7-anos-projeto-e-interrompido-e-no-local-sera-construida-uma-praca\/","title":{"rendered":"Maternidade da Cidade Oper\u00e1ria: Ap\u00f3s 7 anos, projeto \u00e9 interrompido e no local ser\u00e1 constru\u00edda uma pra\u00e7a"},"content":{"rendered":"\n<p>Sete anos depois do seu in\u00edcio e um investimento superior a R$ 4,3 milh\u00f5es, o projeto da Maternidade da Cidade Oper\u00e1ria, em S\u00e3o Lu\u00eds, foi encerrado e no terreno, onde ainda foram levantadas as colunas para sua edifica\u00e7\u00e3o, ser\u00e1 constru\u00edda uma pra\u00e7a. O an\u00fancio foi feito nesta sexta-feira (06), no programa Nova Manh\u00e3, da Nova FM (93.1), pelo secret\u00e1rio municipal de Sa\u00fade, Lula Fylho, que justificou a desist\u00eancia do projeto pela suspens\u00e3o de repasses por parte do Governo Federal.<\/p>\n\n\n\n<p>Anunciada em outubro de 2013, a obra consumiu, at\u00e9 abril do ano passado, R$ 4.386.400,00, sendo que desse total, R$1 milh\u00e3o foi dado como contrapartida pela Prefeitura de S\u00e3o Lu\u00eds. No ano de 2016, ainda no governo da ex-presidente Dilma Rousseff (PT), o governo federal desistiu de continuar repassando&nbsp; dinheiro para a constru\u00e7\u00e3o. H\u00e1 cerca de um ano, um grupo de vereadores ainda tentou, sem sucesso, manter novos repasses para essa constru\u00e7\u00e3o.<\/p>\n\n\n\n<p>O vereador Pav\u00e3o Filho (PDT) lamentou a posi\u00e7\u00e3o do governo federal. \u201cAs colunas foram constru\u00eddas, a base do pr\u00e9dio foi constru\u00edda. Depois, o Minist\u00e9rio (da Sa\u00fade) n\u00e3o repassou mais um centavo. A empresa desistiu de continuar a obra&#8221;.<\/p>\n\n\n\n<figure class=\"wp-block-image size-large\"><img decoding=\"async\" src=\"https:\/\/maiobaotv.com.br\/wp-content\/uploads\/2020\/03\/IMG-20200306-WA0103.jpg\" alt=\"\" class=\"wp-image-10123\"\/><figcaption>A imagem do abandono<\/figcaption><\/figure>\n\n\n\n<p>Aquiles Emir<\/p>\n","protected":false},"excerpt":{"rendered":"<p>Sete anos depois do seu in\u00edcio e um investimento superior a R$ 4,3 milh\u00f5es, o projeto da Maternidade da Cidade<\/p>\n","protected":false},"author":2,"featured_media":10124,"comment_status":"open","ping_status":"open","sticky":false,"template":"","format":"standard","meta":{"colormag_page_container_layout":"default_layout","colormag_page_sidebar_layout":"default_layout","_jetpack_memberships_contains_paid_content":false,"footnotes":""},"categories":[2],"tags":[122],"class_list":["post-10125","post","type-post","status-publish","format-standard","has-post-thumbnail","hentry","category-noticias","tag-maternidade-cidade-operaria"],"magazineBlocksPostFeaturedMedia":{"thumbnail":false,"medium":false,"medium_large":false,"large":false,"1536x1536":false,"2048x2048":false,"colormag-highlighted-post":false,"colormag-featured-post-medium":false,"colormag-featured-post-small":false,"colormag-featured-image":false,"colormag-default-news":false,"colormag-featured-image-large":false},"magazineBlocksPostAuthor":{"name":"maranhaotv","avatar":"https:\/\/secure.gravatar.com\/avatar\/8fadbca458d4cb68b1dd399ae9a40618d747bb1af65ac9fad21c89220a143eb4?s=96&d=mm&r=g"},"magazineBlocksPostCommentsNumber":"0","magazineBlocksPostExcerpt":"Sete anos depois do seu in\u00edcio e um investimento superior a R$ 4,3 milh\u00f5es, o projeto da Maternidade da Cidade","magazineBlocksPostCategories":["not\u00edcias"],"magazineBlocksPostViewCount":143,"magazineBlocksPostReadTime":2,"magazine_blocks_featured_image_url":{"full":false,"medium":false,"thumbnail":false},"magazine_blocks_author":{"display_name":"maranhaotv","author_link":"https:\/\/maranhaotv.com.br\/index.php\/author\/maranhaotv\/"},"magazine_blocks_comment":0,"magazine_blocks_author_image":"https:\/\/secure.gravatar.com\/avatar\/8fadbca458d4cb68b1dd399ae9a40618d747bb1af65ac9fad21c89220a143eb4?s=96&d=mm&r=g","magazine_blocks_category":"<a href=\"#\" class=\"category-link category-link-2\">not\u00edcias<\/a>","yoast_head":"<!-- This site is optimized with the Yoast SEO plugin v27.4 - https:\/\/yoast.com\/product\/yoast-seo-wordpress\/ -->\n<title>Maternidade da Cidade Oper\u00e1ria: Ap\u00f3s 7 anos, projeto \u00e9 interrompido e no local ser\u00e1 constru\u00edda uma pra\u00e7a - NOT\u00cdCIAS EM TEMPO REAL<\/title>\n<meta name=\"robots\" content=\"index, follow, max-snippet:-1, max-image-preview:large, max-video-preview:-1\" \/>\n<link rel=\"canonical\" href=\"https:\/\/maranhaotv.com.br\/index.php\/2020\/03\/06\/maternidade-da-cidade-operaria-apos-7-anos-projeto-e-interrompido-e-no-local-sera-construida-uma-praca\/\" \/>\n<meta property=\"og:locale\" content=\"pt_BR\" \/>\n<meta property=\"og:type\" content=\"article\" \/>\n<meta property=\"og:title\" content=\"Maternidade da Cidade Oper\u00e1ria: Ap\u00f3s 7 anos, projeto \u00e9 interrompido e no local ser\u00e1 constru\u00edda uma pra\u00e7a - NOT\u00cdCIAS EM TEMPO REAL\" \/>\n<meta property=\"og:description\" content=\"Sete anos depois do seu in\u00edcio e um investimento superior a R$ 4,3 milh\u00f5es, o projeto da Maternidade da Cidade\" \/>\n<meta property=\"og:url\" content=\"https:\/\/maranhaotv.com.br\/index.php\/2020\/03\/06\/maternidade-da-cidade-operaria-apos-7-anos-projeto-e-interrompido-e-no-local-sera-construida-uma-praca\/\" \/>\n<meta property=\"og:site_name\" content=\"NOT\u00cdCIAS EM TEMPO REAL\" \/>\n<meta property=\"article:publisher\" content=\"https:\/\/www.facebook.com\/maiobaotv\" \/>\n<meta property=\"article:published_time\" content=\"2020-03-06T13:35:15+00:00\" \/>\n<meta name=\"author\" content=\"maranhaotv\" \/>\n<meta name=\"twitter:card\" content=\"summary_large_image\" \/>\n<meta name=\"twitter:creator\" content=\"@sitemaranhaotv\" \/>\n<meta name=\"twitter:site\" content=\"@sitemaranhaotv\" \/>\n<meta name=\"twitter:label1\" content=\"Escrito por\" \/>\n\t<meta name=\"twitter:data1\" content=\"maranhaotv\" \/>\n\t<meta name=\"twitter:label2\" content=\"Est. tempo de leitura\" \/>\n\t<meta name=\"twitter:data2\" content=\"1 minuto\" \/>\n<script type=\"application\/ld+json\" class=\"yoast-schema-graph\">{\"@context\":\"https:\\\/\\\/schema.org\",\"@graph\":[{\"@type\":\"Article\",\"@id\":\"https:\\\/\\\/maranhaotv.com.br\\\/index.php\\\/2020\\\/03\\\/06\\\/maternidade-da-cidade-operaria-apos-7-anos-projeto-e-interrompido-e-no-local-sera-construida-uma-praca\\\/#article\",\"isPartOf\":{\"@id\":\"https:\\\/\\\/maranhaotv.com.br\\\/index.php\\\/2020\\\/03\\\/06\\\/maternidade-da-cidade-operaria-apos-7-anos-projeto-e-interrompido-e-no-local-sera-construida-uma-praca\\\/\"},\"author\":{\"name\":\"maranhaotv\",\"@id\":\"https:\\\/\\\/maranhaotv.com.br\\\/#\\\/schema\\\/person\\\/3d54238e86b20bb5c89ab2fdb8f8829a\"},\"headline\":\"Maternidade da Cidade Oper\u00e1ria: Ap\u00f3s 7 anos, projeto \u00e9 interrompido e no local ser\u00e1 constru\u00edda uma pra\u00e7a\",\"datePublished\":\"2020-03-06T13:35:15+00:00\",\"mainEntityOfPage\":{\"@id\":\"https:\\\/\\\/maranhaotv.com.br\\\/index.php\\\/2020\\\/03\\\/06\\\/maternidade-da-cidade-operaria-apos-7-anos-projeto-e-interrompido-e-no-local-sera-construida-uma-praca\\\/\"},\"wordCount\":235,\"commentCount\":0,\"publisher\":{\"@id\":\"https:\\\/\\\/maranhaotv.com.br\\\/#organization\"},\"image\":{\"@id\":\"https:\\\/\\\/maranhaotv.com.br\\\/index.php\\\/2020\\\/03\\\/06\\\/maternidade-da-cidade-operaria-apos-7-anos-projeto-e-interrompido-e-no-local-sera-construida-uma-praca\\\/#primaryimage\"},\"thumbnailUrl\":\"\",\"keywords\":[\"Maternidade Cidade Oper\u00e1ria\"],\"articleSection\":[\"not\u00edcias\"],\"inLanguage\":\"pt-BR\",\"potentialAction\":[{\"@type\":\"CommentAction\",\"name\":\"Comment\",\"target\":[\"https:\\\/\\\/maranhaotv.com.br\\\/index.php\\\/2020\\\/03\\\/06\\\/maternidade-da-cidade-operaria-apos-7-anos-projeto-e-interrompido-e-no-local-sera-construida-uma-praca\\\/#respond\"]}]},{\"@type\":\"WebPage\",\"@id\":\"https:\\\/\\\/maranhaotv.com.br\\\/index.php\\\/2020\\\/03\\\/06\\\/maternidade-da-cidade-operaria-apos-7-anos-projeto-e-interrompido-e-no-local-sera-construida-uma-praca\\\/\",\"url\":\"https:\\\/\\\/maranhaotv.com.br\\\/index.php\\\/2020\\\/03\\\/06\\\/maternidade-da-cidade-operaria-apos-7-anos-projeto-e-interrompido-e-no-local-sera-construida-uma-praca\\\/\",\"name\":\"Maternidade da Cidade Oper\u00e1ria: Ap\u00f3s 7 anos, projeto \u00e9 interrompido e no local ser\u00e1 constru\u00edda uma pra\u00e7a - NOT\u00cdCIAS EM TEMPO REAL\",\"isPartOf\":{\"@id\":\"https:\\\/\\\/maranhaotv.com.br\\\/#website\"},\"primaryImageOfPage\":{\"@id\":\"https:\\\/\\\/maranhaotv.com.br\\\/index.php\\\/2020\\\/03\\\/06\\\/maternidade-da-cidade-operaria-apos-7-anos-projeto-e-interrompido-e-no-local-sera-construida-uma-praca\\\/#primaryimage\"},\"image\":{\"@id\":\"https:\\\/\\\/maranhaotv.com.br\\\/index.php\\\/2020\\\/03\\\/06\\\/maternidade-da-cidade-operaria-apos-7-anos-projeto-e-interrompido-e-no-local-sera-construida-uma-praca\\\/#primaryimage\"},\"thumbnailUrl\":\"\",\"datePublished\":\"2020-03-06T13:35:15+00:00\",\"breadcrumb\":{\"@id\":\"https:\\\/\\\/maranhaotv.com.br\\\/index.php\\\/2020\\\/03\\\/06\\\/maternidade-da-cidade-operaria-apos-7-anos-projeto-e-interrompido-e-no-local-sera-construida-uma-praca\\\/#breadcrumb\"},\"inLanguage\":\"pt-BR\",\"potentialAction\":[{\"@type\":\"ReadAction\",\"target\":[\"https:\\\/\\\/maranhaotv.com.br\\\/index.php\\\/2020\\\/03\\\/06\\\/maternidade-da-cidade-operaria-apos-7-anos-projeto-e-interrompido-e-no-local-sera-construida-uma-praca\\\/\"]}]},{\"@type\":\"ImageObject\",\"inLanguage\":\"pt-BR\",\"@id\":\"https:\\\/\\\/maranhaotv.com.br\\\/index.php\\\/2020\\\/03\\\/06\\\/maternidade-da-cidade-operaria-apos-7-anos-projeto-e-interrompido-e-no-local-sera-construida-uma-praca\\\/#primaryimage\",\"url\":\"\",\"contentUrl\":\"\"},{\"@type\":\"BreadcrumbList\",\"@id\":\"https:\\\/\\\/maranhaotv.com.br\\\/index.php\\\/2020\\\/03\\\/06\\\/maternidade-da-cidade-operaria-apos-7-anos-projeto-e-interrompido-e-no-local-sera-construida-uma-praca\\\/#breadcrumb\",\"itemListElement\":[{\"@type\":\"ListItem\",\"position\":1,\"name\":\"In\u00edcio\",\"item\":\"https:\\\/\\\/maranhaotv.com.br\\\/\"},{\"@type\":\"ListItem\",\"position\":2,\"name\":\"Maternidade da Cidade Oper\u00e1ria: Ap\u00f3s 7 anos, projeto \u00e9 interrompido e no local ser\u00e1 constru\u00edda uma pra\u00e7a\"}]},{\"@type\":\"WebSite\",\"@id\":\"https:\\\/\\\/maranhaotv.com.br\\\/#website\",\"url\":\"https:\\\/\\\/maranhaotv.com.br\\\/\",\"name\":\"Maranh\u00e3oTV\",\"description\":\"\",\"publisher\":{\"@id\":\"https:\\\/\\\/maranhaotv.com.br\\\/#organization\"},\"potentialAction\":[{\"@type\":\"SearchAction\",\"target\":{\"@type\":\"EntryPoint\",\"urlTemplate\":\"https:\\\/\\\/maranhaotv.com.br\\\/?s={search_term_string}\"},\"query-input\":{\"@type\":\"PropertyValueSpecification\",\"valueRequired\":true,\"valueName\":\"search_term_string\"}}],\"inLanguage\":\"pt-BR\"},{\"@type\":\"Organization\",\"@id\":\"https:\\\/\\\/maranhaotv.com.br\\\/#organization\",\"name\":\"Portal de Not\u00edcias\",\"url\":\"https:\\\/\\\/maranhaotv.com.br\\\/\",\"logo\":{\"@type\":\"ImageObject\",\"inLanguage\":\"pt-BR\",\"@id\":\"https:\\\/\\\/maranhaotv.com.br\\\/#\\\/schema\\\/logo\\\/image\\\/\",\"url\":\"https:\\\/\\\/maranhaotv.com.br\\\/wp-content\\\/uploads\\\/2024\\\/05\\\/cropped-cropped-avatar-1.png\",\"contentUrl\":\"https:\\\/\\\/maranhaotv.com.br\\\/wp-content\\\/uploads\\\/2024\\\/05\\\/cropped-cropped-avatar-1.png\",\"width\":792,\"height\":428,\"caption\":\"Portal de Not\u00edcias\"},\"image\":{\"@id\":\"https:\\\/\\\/maranhaotv.com.br\\\/#\\\/schema\\\/logo\\\/image\\\/\"},\"sameAs\":[\"https:\\\/\\\/www.facebook.com\\\/maiobaotv\",\"https:\\\/\\\/x.com\\\/sitemaranhaotv\",\"https:\\\/\\\/www.instagram.com\\\/maranhao.tv\",\"https:\\\/\\\/www.threads.net\\\/@maranhao.tv\"]},{\"@type\":\"Person\",\"@id\":\"https:\\\/\\\/maranhaotv.com.br\\\/#\\\/schema\\\/person\\\/3d54238e86b20bb5c89ab2fdb8f8829a\",\"name\":\"maranhaotv\",\"image\":{\"@type\":\"ImageObject\",\"inLanguage\":\"pt-BR\",\"@id\":\"https:\\\/\\\/secure.gravatar.com\\\/avatar\\\/8fadbca458d4cb68b1dd399ae9a40618d747bb1af65ac9fad21c89220a143eb4?s=96&d=mm&r=g\",\"url\":\"https:\\\/\\\/secure.gravatar.com\\\/avatar\\\/8fadbca458d4cb68b1dd399ae9a40618d747bb1af65ac9fad21c89220a143eb4?s=96&d=mm&r=g\",\"contentUrl\":\"https:\\\/\\\/secure.gravatar.com\\\/avatar\\\/8fadbca458d4cb68b1dd399ae9a40618d747bb1af65ac9fad21c89220a143eb4?s=96&d=mm&r=g\",\"caption\":\"maranhaotv\"},\"sameAs\":[\"https:\\\/\\\/maranhaotv.com.br\\\/\"],\"url\":\"https:\\\/\\\/maranhaotv.com.br\\\/index.php\\\/author\\\/maranhaotv\\\/\"}]}<\/script>\n<!-- \/ Yoast SEO plugin. -->","yoast_head_json":{"title":"Maternidade da Cidade Oper\u00e1ria: Ap\u00f3s 7 anos, projeto \u00e9 interrompido e no local ser\u00e1 constru\u00edda uma pra\u00e7a - NOT\u00cdCIAS EM TEMPO REAL","robots":{"index":"index","follow":"follow","max-snippet":"max-snippet:-1","max-image-preview":"max-image-preview:large","max-video-preview":"max-video-preview:-1"},"canonical":"https:\/\/maranhaotv.com.br\/index.php\/2020\/03\/06\/maternidade-da-cidade-operaria-apos-7-anos-projeto-e-interrompido-e-no-local-sera-construida-uma-praca\/","og_locale":"pt_BR","og_type":"article","og_title":"Maternidade da Cidade Oper\u00e1ria: Ap\u00f3s 7 anos, projeto \u00e9 interrompido e no local ser\u00e1 constru\u00edda uma pra\u00e7a - NOT\u00cdCIAS EM TEMPO REAL","og_description":"Sete anos depois do seu in\u00edcio e um investimento superior a R$ 4,3 milh\u00f5es, o projeto da Maternidade da Cidade","og_url":"https:\/\/maranhaotv.com.br\/index.php\/2020\/03\/06\/maternidade-da-cidade-operaria-apos-7-anos-projeto-e-interrompido-e-no-local-sera-construida-uma-praca\/","og_site_name":"NOT\u00cdCIAS EM TEMPO REAL","article_publisher":"https:\/\/www.facebook.com\/maiobaotv","article_published_time":"2020-03-06T13:35:15+00:00","author":"maranhaotv","twitter_card":"summary_large_image","twitter_creator":"@sitemaranhaotv","twitter_site":"@sitemaranhaotv","twitter_misc":{"Escrito por":"maranhaotv","Est. tempo de leitura":"1 minuto"},"schema":{"@context":"https:\/\/schema.org","@graph":[{"@type":"Article","@id":"https:\/\/maranhaotv.com.br\/index.php\/2020\/03\/06\/maternidade-da-cidade-operaria-apos-7-anos-projeto-e-interrompido-e-no-local-sera-construida-uma-praca\/#article","isPartOf":{"@id":"https:\/\/maranhaotv.com.br\/index.php\/2020\/03\/06\/maternidade-da-cidade-operaria-apos-7-anos-projeto-e-interrompido-e-no-local-sera-construida-uma-praca\/"},"author":{"name":"maranhaotv","@id":"https:\/\/maranhaotv.com.br\/#\/schema\/person\/3d54238e86b20bb5c89ab2fdb8f8829a"},"headline":"Maternidade da Cidade Oper\u00e1ria: Ap\u00f3s 7 anos, projeto \u00e9 interrompido e no local ser\u00e1 constru\u00edda uma pra\u00e7a","datePublished":"2020-03-06T13:35:15+00:00","mainEntityOfPage":{"@id":"https:\/\/maranhaotv.com.br\/index.php\/2020\/03\/06\/maternidade-da-cidade-operaria-apos-7-anos-projeto-e-interrompido-e-no-local-sera-construida-uma-praca\/"},"wordCount":235,"commentCount":0,"publisher":{"@id":"https:\/\/maranhaotv.com.br\/#organization"},"image":{"@id":"https:\/\/maranhaotv.com.br\/index.php\/2020\/03\/06\/maternidade-da-cidade-operaria-apos-7-anos-projeto-e-interrompido-e-no-local-sera-construida-uma-praca\/#primaryimage"},"thumbnailUrl":"","keywords":["Maternidade Cidade Oper\u00e1ria"],"articleSection":["not\u00edcias"],"inLanguage":"pt-BR","potentialAction":[{"@type":"CommentAction","name":"Comment","target":["https:\/\/maranhaotv.com.br\/index.php\/2020\/03\/06\/maternidade-da-cidade-operaria-apos-7-anos-projeto-e-interrompido-e-no-local-sera-construida-uma-praca\/#respond"]}]},{"@type":"WebPage","@id":"https:\/\/maranhaotv.com.br\/index.php\/2020\/03\/06\/maternidade-da-cidade-operaria-apos-7-anos-projeto-e-interrompido-e-no-local-sera-construida-uma-praca\/","url":"https:\/\/maranhaotv.com.br\/index.php\/2020\/03\/06\/maternidade-da-cidade-operaria-apos-7-anos-projeto-e-interrompido-e-no-local-sera-construida-uma-praca\/","name":"Maternidade da Cidade Oper\u00e1ria: Ap\u00f3s 7 anos, projeto \u00e9 interrompido e no local ser\u00e1 constru\u00edda uma pra\u00e7a - NOT\u00cdCIAS EM TEMPO REAL","isPartOf":{"@id":"https:\/\/maranhaotv.com.br\/#website"},"primaryImageOfPage":{"@id":"https:\/\/maranhaotv.com.br\/index.php\/2020\/03\/06\/maternidade-da-cidade-operaria-apos-7-anos-projeto-e-interrompido-e-no-local-sera-construida-uma-praca\/#primaryimage"},"image":{"@id":"https:\/\/maranhaotv.com.br\/index.php\/2020\/03\/06\/maternidade-da-cidade-operaria-apos-7-anos-projeto-e-interrompido-e-no-local-sera-construida-uma-praca\/#primaryimage"},"thumbnailUrl":"","datePublished":"2020-03-06T13:35:15+00:00","breadcrumb":{"@id":"https:\/\/maranhaotv.com.br\/index.php\/2020\/03\/06\/maternidade-da-cidade-operaria-apos-7-anos-projeto-e-interrompido-e-no-local-sera-construida-uma-praca\/#breadcrumb"},"inLanguage":"pt-BR","potentialAction":[{"@type":"ReadAction","target":["https:\/\/maranhaotv.com.br\/index.php\/2020\/03\/06\/maternidade-da-cidade-operaria-apos-7-anos-projeto-e-interrompido-e-no-local-sera-construida-uma-praca\/"]}]},{"@type":"ImageObject","inLanguage":"pt-BR","@id":"https:\/\/maranhaotv.com.br\/index.php\/2020\/03\/06\/maternidade-da-cidade-operaria-apos-7-anos-projeto-e-interrompido-e-no-local-sera-construida-uma-praca\/#primaryimage","url":"","contentUrl":""},{"@type":"BreadcrumbList","@id":"https:\/\/maranhaotv.com.br\/index.php\/2020\/03\/06\/maternidade-da-cidade-operaria-apos-7-anos-projeto-e-interrompido-e-no-local-sera-construida-uma-praca\/#breadcrumb","itemListElement":[{"@type":"ListItem","position":1,"name":"In\u00edcio","item":"https:\/\/maranhaotv.com.br\/"},{"@type":"ListItem","position":2,"name":"Maternidade da Cidade Oper\u00e1ria: Ap\u00f3s 7 anos, projeto \u00e9 interrompido e no local ser\u00e1 constru\u00edda uma pra\u00e7a"}]},{"@type":"WebSite","@id":"https:\/\/maranhaotv.com.br\/#website","url":"https:\/\/maranhaotv.com.br\/","name":"Maranh\u00e3oTV","description":"","publisher":{"@id":"https:\/\/maranhaotv.com.br\/#organization"},"potentialAction":[{"@type":"SearchAction","target":{"@type":"EntryPoint","urlTemplate":"https:\/\/maranhaotv.com.br\/?s={search_term_string}"},"query-input":{"@type":"PropertyValueSpecification","valueRequired":true,"valueName":"search_term_string"}}],"inLanguage":"pt-BR"},{"@type":"Organization","@id":"https:\/\/maranhaotv.com.br\/#organization","name":"Portal de Not\u00edcias","url":"https:\/\/maranhaotv.com.br\/","logo":{"@type":"ImageObject","inLanguage":"pt-BR","@id":"https:\/\/maranhaotv.com.br\/#\/schema\/logo\/image\/","url":"https:\/\/maranhaotv.com.br\/wp-content\/uploads\/2024\/05\/cropped-cropped-avatar-1.png","contentUrl":"https:\/\/maranhaotv.com.br\/wp-content\/uploads\/2024\/05\/cropped-cropped-avatar-1.png","width":792,"height":428,"caption":"Portal de Not\u00edcias"},"image":{"@id":"https:\/\/maranhaotv.com.br\/#\/schema\/logo\/image\/"},"sameAs":["https:\/\/www.facebook.com\/maiobaotv","https:\/\/x.com\/sitemaranhaotv","https:\/\/www.instagram.com\/maranhao.tv","https:\/\/www.threads.net\/@maranhao.tv"]},{"@type":"Person","@id":"https:\/\/maranhaotv.com.br\/#\/schema\/person\/3d54238e86b20bb5c89ab2fdb8f8829a","name":"maranhaotv","image":{"@type":"ImageObject","inLanguage":"pt-BR","@id":"https:\/\/secure.gravatar.com\/avatar\/8fadbca458d4cb68b1dd399ae9a40618d747bb1af65ac9fad21c89220a143eb4?s=96&d=mm&r=g","url":"https:\/\/secure.gravatar.com\/avatar\/8fadbca458d4cb68b1dd399ae9a40618d747bb1af65ac9fad21c89220a143eb4?s=96&d=mm&r=g","contentUrl":"https:\/\/secure.gravatar.com\/avatar\/8fadbca458d4cb68b1dd399ae9a40618d747bb1af65ac9fad21c89220a143eb4?s=96&d=mm&r=g","caption":"maranhaotv"},"sameAs":["https:\/\/maranhaotv.com.br\/"],"url":"https:\/\/maranhaotv.com.br\/index.php\/author\/maranhaotv\/"}]}},"jetpack_featured_media_url":"","jetpack_sharing_enabled":true,"_links":{"self":[{"href":"https:\/\/maranhaotv.com.br\/index.php\/wp-json\/wp\/v2\/posts\/10125","targetHints":{"allow":["GET"]}}],"collection":[{"href":"https:\/\/maranhaotv.com.br\/index.php\/wp-json\/wp\/v2\/posts"}],"about":[{"href":"https:\/\/maranhaotv.com.br\/index.php\/wp-json\/wp\/v2\/types\/post"}],"author":[{"embeddable":true,"href":"https:\/\/maranhaotv.com.br\/index.php\/wp-json\/wp\/v2\/users\/2"}],"replies":[{"embeddable":true,"href":"https:\/\/maranhaotv.com.br\/index.php\/wp-json\/wp\/v2\/comments?post=10125"}],"version-history":[{"count":0,"href":"https:\/\/maranhaotv.com.br\/index.php\/wp-json\/wp\/v2\/posts\/10125\/revisions"}],"wp:featuredmedia":[{"embeddable":true,"href":"https:\/\/maranhaotv.com.br\/index.php\/wp-json\/"}],"wp:attachment":[{"href":"https:\/\/maranhaotv.com.br\/index.php\/wp-json\/wp\/v2\/media?parent=10125"}],"wp:term":[{"taxonomy":"category","embeddable":true,"href":"https:\/\/maranhaotv.com.br\/index.php\/wp-json\/wp\/v2\/categories?post=10125"},{"taxonomy":"post_tag","embeddable":true,"href":"https:\/\/maranhaotv.com.br\/index.php\/wp-json\/wp\/v2\/tags?post=10125"}],"curies":[{"name":"wp","href":"https:\/\/api.w.org\/{rel}","templated":true}]}}