{"id":10127,"date":"2020-03-06T13:00:36","date_gmt":"2020-03-06T16:00:36","guid":{"rendered":"https:\/\/maiobaotv.com.br\/?p=10127"},"modified":"2020-03-06T13:00:36","modified_gmt":"2020-03-06T16:00:36","slug":"mp-aciona-prefeito-de-sao-joao-dos-patos-por-irregularidades-em-convenio","status":"publish","type":"post","link":"https:\/\/maranhaotv.com.br\/index.php\/2020\/03\/06\/mp-aciona-prefeito-de-sao-joao-dos-patos-por-irregularidades-em-convenio\/","title":{"rendered":"MP aciona ex- prefeito de S\u00e3o Jo\u00e3o dos Patos por irregularidades em conv\u00eanio"},"content":{"rendered":"<h5>S\u00c3O JO\u00c3O DOS PATOS &#8211; Irregularidades na execu\u00e7\u00e3o de conv\u00eanio motivam A\u00e7\u00e3o contra ex-prefeito<\/h5>\n<h5><\/h5>\n<p>O Minist\u00e9rio P\u00fablico do Maranh\u00e3o prop\u00f4s, em 28 de fevereiro, uma A\u00e7\u00e3o Civil por ato de improbidade administrativa contra o ex-prefeito de S\u00e3o Jo\u00e3o dos Patos, Wald\u00eanio da Silva Souza, e a empresa S.C. Constru\u00e7\u00f5es Ltda.<\/p>\n<p>A manifesta\u00e7\u00e3o ministerial, formulada pelo promotor de justi\u00e7a Renato Ighor Viturino Arag\u00e3o, foi baseada em um inqu\u00e9rito civil que investigou irregularidades na execu\u00e7\u00e3o de conv\u00eanio entre o Munic\u00edpio de S\u00e3o Jo\u00e3o dos Patos e a Secretaria de Estado de Desenvolvimento Social e Agricultura Familiar (Sedes).<\/p>\n<p>O conv\u00eanio tinha o objetivo de fazer a recupera\u00e7\u00e3o de estradas vicinais ligando povoados de S\u00e3o Jo\u00e3o dos Patos. Segundo a Sedes, o Munic\u00edpio recebeu R$ 236.033,47 para dar in\u00edcio \u00e0s obras. O \u00f3rg\u00e3o tamb\u00e9m informou que na presta\u00e7\u00e3o de contas do valor repassado identificou dano de R$ 675,97 ao er\u00e1rio.<\/p>\n<p>IRREGULARIDADES<\/p>\n<p>Analisando a documenta\u00e7\u00e3o do procedimento licitat\u00f3rio, a equipe da Assessoria T\u00e9cnica da Procuradoria Geral de Justi\u00e7a emitiu parecer apontando algumas irregularidades na escolha da empresa contratada para a execu\u00e7\u00e3o do conv\u00eanio.<\/p>\n<p>Foi verificado que n\u00e3o houve pesquisas de pre\u00e7o e ampla divulga\u00e7\u00e3o do processo licitat\u00f3rio. Tamb\u00e9m n\u00e3o foi respeitado prazo legal de oito dias \u00fateis entre a data da publica\u00e7\u00e3o e o de abertura das propostas.<\/p>\n<p>Ap\u00f3s realizar dilig\u00eancias no endere\u00e7o onde deveria funcionar a empresa S.C. Constru\u00e7\u00f5es Ltda, a Promotoria constatou que o local se tratava de uma resid\u00eancia comum e que l\u00e1 n\u00e3o era feito nenhum tipo de comercializa\u00e7\u00e3o de produtos e nem tinha presen\u00e7a de m\u00e1quinas e equipamentos.<\/p>\n<p>Em visita aos locais das obras, a t\u00e9cnica em execu\u00e7\u00e3o de mandados do MPMA verificou que as estradas estavam em p\u00e9ssimas condi\u00e7\u00f5es de tr\u00e1fego, n\u00e3o existiam placas de obras e nem m\u00e1quinas sendo operadas. Haviam sido realizados apenas servi\u00e7os preliminares de terraplanagem.<\/p>\n<p>\u201cTodos esses fatos levam \u00e0 conclus\u00e3o de que se tratou de uma licita\u00e7\u00e3o irregular e s\u00e3o classificados como atos de improbidade, da\u00ed o ajuizamento da A\u00e7\u00e3o contra os mesmos\u201d, afirmou Renato Ighor Arag\u00e3o.<\/p>\n<p>PEDIDOS<\/p>\n<p>Em car\u00e1ter liminar, o Minist\u00e9rio P\u00fablico pede que seja decretada a indisponibilidade dos bens de Wald\u00eanio Silva Souza na quantia de R$ 1.397,36 (valor correspondente ao dano ao er\u00e1rio, depois de corre\u00e7\u00e3o monet\u00e1ria e juros legais).<\/p>\n<p>O MPMA tamb\u00e9m requer a condena\u00e7\u00e3o do ex-prefeito por improbidade administrativa. Entre as penalidades previstas est\u00e3o o ressarcimento integral do dano, perda dos bens ou valores acrescidos ilicitamente ao patrim\u00f4nio, perda da fun\u00e7\u00e3o p\u00fablica, suspens\u00e3o dos direitos pol\u00edticos, pagamento de multa e proibi\u00e7\u00e3o de contratar com o Poder P\u00fablico ou receber benef\u00edcios ou incentivos fiscais ou credit\u00edcios, direta ou indiretamente, pelo prazo de tr\u00eas ou cinco anos.<\/p>\n<p><img loading=\"lazy\" decoding=\"async\" src=\"https:\/\/maiobaotv.com.br\/wp-content\/uploads\/2020\/03\/images-9.jpeg\" class=\"wp-image-10126 alignnone size-full\" width=\"679\" height=\"451\"><\/p>\n<p>Fonte: Minist\u00e9rio P\u00fablico<\/p>\n","protected":false},"excerpt":{"rendered":"<p>S\u00c3O JO\u00c3O DOS PATOS &#8211; Irregularidades na execu\u00e7\u00e3o de conv\u00eanio motivam A\u00e7\u00e3o contra ex-prefeito O Minist\u00e9rio P\u00fablico do Maranh\u00e3o prop\u00f4s,<\/p>\n","protected":false},"author":2,"featured_media":10128,"comment_status":"closed","ping_status":"closed","sticky":false,"template":"","format":"standard","meta":{"colormag_page_container_layout":"default_layout","colormag_page_sidebar_layout":"default_layout","_jetpack_memberships_contains_paid_content":false,"footnotes":""},"categories":[2,6],"tags":[123],"class_list":["post-10127","post","type-post","status-publish","format-standard","has-post-thumbnail","hentry","category-noticias","category-politica","tag-sao-joao-dos-patos"],"magazineBlocksPostFeaturedMedia":{"thumbnail":false,"medium":false,"medium_large":false,"large":false,"1536x1536":false,"2048x2048":false,"colormag-highlighted-post":false,"colormag-featured-post-medium":false,"colormag-featured-post-small":false,"colormag-featured-image":false,"colormag-default-news":false,"colormag-featured-image-large":false},"magazineBlocksPostAuthor":{"name":"maranhaotv","avatar":"https:\/\/secure.gravatar.com\/avatar\/8fadbca458d4cb68b1dd399ae9a40618d747bb1af65ac9fad21c89220a143eb4?s=96&d=mm&r=g"},"magazineBlocksPostCommentsNumber":false,"magazineBlocksPostExcerpt":"S\u00c3O JO\u00c3O DOS PATOS &#8211; Irregularidades na execu\u00e7\u00e3o de conv\u00eanio motivam A\u00e7\u00e3o contra ex-prefeito O Minist\u00e9rio P\u00fablico do Maranh\u00e3o prop\u00f4s,","magazineBlocksPostCategories":["not\u00edcias","pol\u00edtica"],"magazineBlocksPostViewCount":271,"magazineBlocksPostReadTime":3,"magazine_blocks_featured_image_url":{"full":false,"medium":false,"thumbnail":false},"magazine_blocks_author":{"display_name":"maranhaotv","author_link":"https:\/\/maranhaotv.com.br\/index.php\/author\/maranhaotv\/"},"magazine_blocks_comment":0,"magazine_blocks_author_image":"https:\/\/secure.gravatar.com\/avatar\/8fadbca458d4cb68b1dd399ae9a40618d747bb1af65ac9fad21c89220a143eb4?s=96&d=mm&r=g","magazine_blocks_category":"<a href=\"#\" class=\"category-link category-link-2\">not\u00edcias<\/a> <a href=\"#\" class=\"category-link category-link-6\">pol\u00edtica<\/a>","yoast_head":"<!-- This site is optimized with the Yoast SEO plugin v27.4 - https:\/\/yoast.com\/product\/yoast-seo-wordpress\/ -->\n<title>MP aciona ex- prefeito de S\u00e3o Jo\u00e3o dos Patos por irregularidades em conv\u00eanio - NOT\u00cdCIAS EM TEMPO REAL<\/title>\n<meta name=\"robots\" content=\"index, follow, max-snippet:-1, max-image-preview:large, max-video-preview:-1\" \/>\n<link rel=\"canonical\" href=\"https:\/\/maranhaotv.com.br\/index.php\/2020\/03\/06\/mp-aciona-prefeito-de-sao-joao-dos-patos-por-irregularidades-em-convenio\/\" \/>\n<meta property=\"og:locale\" content=\"pt_BR\" \/>\n<meta property=\"og:type\" content=\"article\" \/>\n<meta property=\"og:title\" content=\"MP aciona ex- prefeito de S\u00e3o Jo\u00e3o dos Patos por irregularidades em conv\u00eanio - NOT\u00cdCIAS EM TEMPO REAL\" \/>\n<meta property=\"og:description\" content=\"S\u00c3O JO\u00c3O DOS PATOS &#8211; Irregularidades na execu\u00e7\u00e3o de conv\u00eanio motivam A\u00e7\u00e3o contra ex-prefeito O Minist\u00e9rio P\u00fablico do Maranh\u00e3o prop\u00f4s,\" \/>\n<meta property=\"og:url\" content=\"https:\/\/maranhaotv.com.br\/index.php\/2020\/03\/06\/mp-aciona-prefeito-de-sao-joao-dos-patos-por-irregularidades-em-convenio\/\" \/>\n<meta property=\"og:site_name\" content=\"NOT\u00cdCIAS EM TEMPO REAL\" \/>\n<meta property=\"article:publisher\" content=\"https:\/\/www.facebook.com\/maiobaotv\" \/>\n<meta property=\"article:published_time\" content=\"2020-03-06T16:00:36+00:00\" \/>\n<meta name=\"author\" content=\"maranhaotv\" \/>\n<meta name=\"twitter:card\" content=\"summary_large_image\" \/>\n<meta name=\"twitter:creator\" content=\"@sitemaranhaotv\" \/>\n<meta name=\"twitter:site\" content=\"@sitemaranhaotv\" \/>\n<meta name=\"twitter:label1\" content=\"Escrito por\" \/>\n\t<meta name=\"twitter:data1\" content=\"maranhaotv\" \/>\n\t<meta name=\"twitter:label2\" content=\"Est. tempo de leitura\" \/>\n\t<meta name=\"twitter:data2\" content=\"3 minutos\" \/>\n<script type=\"application\/ld+json\" class=\"yoast-schema-graph\">{\"@context\":\"https:\\\/\\\/schema.org\",\"@graph\":[{\"@type\":\"Article\",\"@id\":\"https:\\\/\\\/maranhaotv.com.br\\\/index.php\\\/2020\\\/03\\\/06\\\/mp-aciona-prefeito-de-sao-joao-dos-patos-por-irregularidades-em-convenio\\\/#article\",\"isPartOf\":{\"@id\":\"https:\\\/\\\/maranhaotv.com.br\\\/index.php\\\/2020\\\/03\\\/06\\\/mp-aciona-prefeito-de-sao-joao-dos-patos-por-irregularidades-em-convenio\\\/\"},\"author\":{\"name\":\"maranhaotv\",\"@id\":\"https:\\\/\\\/maranhaotv.com.br\\\/#\\\/schema\\\/person\\\/3d54238e86b20bb5c89ab2fdb8f8829a\"},\"headline\":\"MP aciona ex- prefeito de S\u00e3o Jo\u00e3o dos Patos por irregularidades em conv\u00eanio\",\"datePublished\":\"2020-03-06T16:00:36+00:00\",\"mainEntityOfPage\":{\"@id\":\"https:\\\/\\\/maranhaotv.com.br\\\/index.php\\\/2020\\\/03\\\/06\\\/mp-aciona-prefeito-de-sao-joao-dos-patos-por-irregularidades-em-convenio\\\/\"},\"wordCount\":543,\"publisher\":{\"@id\":\"https:\\\/\\\/maranhaotv.com.br\\\/#organization\"},\"image\":{\"@id\":\"https:\\\/\\\/maranhaotv.com.br\\\/index.php\\\/2020\\\/03\\\/06\\\/mp-aciona-prefeito-de-sao-joao-dos-patos-por-irregularidades-em-convenio\\\/#primaryimage\"},\"thumbnailUrl\":\"\",\"keywords\":[\"S\u00e3o Jo\u00e3o dos Patos\"],\"articleSection\":[\"not\u00edcias\",\"pol\u00edtica\"],\"inLanguage\":\"pt-BR\"},{\"@type\":\"WebPage\",\"@id\":\"https:\\\/\\\/maranhaotv.com.br\\\/index.php\\\/2020\\\/03\\\/06\\\/mp-aciona-prefeito-de-sao-joao-dos-patos-por-irregularidades-em-convenio\\\/\",\"url\":\"https:\\\/\\\/maranhaotv.com.br\\\/index.php\\\/2020\\\/03\\\/06\\\/mp-aciona-prefeito-de-sao-joao-dos-patos-por-irregularidades-em-convenio\\\/\",\"name\":\"MP aciona ex- prefeito de S\u00e3o Jo\u00e3o dos Patos por irregularidades em conv\u00eanio - NOT\u00cdCIAS EM TEMPO REAL\",\"isPartOf\":{\"@id\":\"https:\\\/\\\/maranhaotv.com.br\\\/#website\"},\"primaryImageOfPage\":{\"@id\":\"https:\\\/\\\/maranhaotv.com.br\\\/index.php\\\/2020\\\/03\\\/06\\\/mp-aciona-prefeito-de-sao-joao-dos-patos-por-irregularidades-em-convenio\\\/#primaryimage\"},\"image\":{\"@id\":\"https:\\\/\\\/maranhaotv.com.br\\\/index.php\\\/2020\\\/03\\\/06\\\/mp-aciona-prefeito-de-sao-joao-dos-patos-por-irregularidades-em-convenio\\\/#primaryimage\"},\"thumbnailUrl\":\"\",\"datePublished\":\"2020-03-06T16:00:36+00:00\",\"breadcrumb\":{\"@id\":\"https:\\\/\\\/maranhaotv.com.br\\\/index.php\\\/2020\\\/03\\\/06\\\/mp-aciona-prefeito-de-sao-joao-dos-patos-por-irregularidades-em-convenio\\\/#breadcrumb\"},\"inLanguage\":\"pt-BR\",\"potentialAction\":[{\"@type\":\"ReadAction\",\"target\":[\"https:\\\/\\\/maranhaotv.com.br\\\/index.php\\\/2020\\\/03\\\/06\\\/mp-aciona-prefeito-de-sao-joao-dos-patos-por-irregularidades-em-convenio\\\/\"]}]},{\"@type\":\"ImageObject\",\"inLanguage\":\"pt-BR\",\"@id\":\"https:\\\/\\\/maranhaotv.com.br\\\/index.php\\\/2020\\\/03\\\/06\\\/mp-aciona-prefeito-de-sao-joao-dos-patos-por-irregularidades-em-convenio\\\/#primaryimage\",\"url\":\"\",\"contentUrl\":\"\"},{\"@type\":\"BreadcrumbList\",\"@id\":\"https:\\\/\\\/maranhaotv.com.br\\\/index.php\\\/2020\\\/03\\\/06\\\/mp-aciona-prefeito-de-sao-joao-dos-patos-por-irregularidades-em-convenio\\\/#breadcrumb\",\"itemListElement\":[{\"@type\":\"ListItem\",\"position\":1,\"name\":\"In\u00edcio\",\"item\":\"https:\\\/\\\/maranhaotv.com.br\\\/\"},{\"@type\":\"ListItem\",\"position\":2,\"name\":\"MP aciona ex- prefeito de S\u00e3o Jo\u00e3o dos Patos por irregularidades em conv\u00eanio\"}]},{\"@type\":\"WebSite\",\"@id\":\"https:\\\/\\\/maranhaotv.com.br\\\/#website\",\"url\":\"https:\\\/\\\/maranhaotv.com.br\\\/\",\"name\":\"Maranh\u00e3oTV\",\"description\":\"\",\"publisher\":{\"@id\":\"https:\\\/\\\/maranhaotv.com.br\\\/#organization\"},\"potentialAction\":[{\"@type\":\"SearchAction\",\"target\":{\"@type\":\"EntryPoint\",\"urlTemplate\":\"https:\\\/\\\/maranhaotv.com.br\\\/?s={search_term_string}\"},\"query-input\":{\"@type\":\"PropertyValueSpecification\",\"valueRequired\":true,\"valueName\":\"search_term_string\"}}],\"inLanguage\":\"pt-BR\"},{\"@type\":\"Organization\",\"@id\":\"https:\\\/\\\/maranhaotv.com.br\\\/#organization\",\"name\":\"Portal de Not\u00edcias\",\"url\":\"https:\\\/\\\/maranhaotv.com.br\\\/\",\"logo\":{\"@type\":\"ImageObject\",\"inLanguage\":\"pt-BR\",\"@id\":\"https:\\\/\\\/maranhaotv.com.br\\\/#\\\/schema\\\/logo\\\/image\\\/\",\"url\":\"https:\\\/\\\/maranhaotv.com.br\\\/wp-content\\\/uploads\\\/2024\\\/05\\\/cropped-cropped-avatar-1.png\",\"contentUrl\":\"https:\\\/\\\/maranhaotv.com.br\\\/wp-content\\\/uploads\\\/2024\\\/05\\\/cropped-cropped-avatar-1.png\",\"width\":792,\"height\":428,\"caption\":\"Portal de Not\u00edcias\"},\"image\":{\"@id\":\"https:\\\/\\\/maranhaotv.com.br\\\/#\\\/schema\\\/logo\\\/image\\\/\"},\"sameAs\":[\"https:\\\/\\\/www.facebook.com\\\/maiobaotv\",\"https:\\\/\\\/x.com\\\/sitemaranhaotv\",\"https:\\\/\\\/www.instagram.com\\\/maranhao.tv\",\"https:\\\/\\\/www.threads.net\\\/@maranhao.tv\"]},{\"@type\":\"Person\",\"@id\":\"https:\\\/\\\/maranhaotv.com.br\\\/#\\\/schema\\\/person\\\/3d54238e86b20bb5c89ab2fdb8f8829a\",\"name\":\"maranhaotv\",\"image\":{\"@type\":\"ImageObject\",\"inLanguage\":\"pt-BR\",\"@id\":\"https:\\\/\\\/secure.gravatar.com\\\/avatar\\\/8fadbca458d4cb68b1dd399ae9a40618d747bb1af65ac9fad21c89220a143eb4?s=96&d=mm&r=g\",\"url\":\"https:\\\/\\\/secure.gravatar.com\\\/avatar\\\/8fadbca458d4cb68b1dd399ae9a40618d747bb1af65ac9fad21c89220a143eb4?s=96&d=mm&r=g\",\"contentUrl\":\"https:\\\/\\\/secure.gravatar.com\\\/avatar\\\/8fadbca458d4cb68b1dd399ae9a40618d747bb1af65ac9fad21c89220a143eb4?s=96&d=mm&r=g\",\"caption\":\"maranhaotv\"},\"sameAs\":[\"https:\\\/\\\/maranhaotv.com.br\\\/\"],\"url\":\"https:\\\/\\\/maranhaotv.com.br\\\/index.php\\\/author\\\/maranhaotv\\\/\"}]}<\/script>\n<!-- \/ Yoast SEO plugin. -->","yoast_head_json":{"title":"MP aciona ex- prefeito de S\u00e3o Jo\u00e3o dos Patos por irregularidades em conv\u00eanio - NOT\u00cdCIAS EM TEMPO REAL","robots":{"index":"index","follow":"follow","max-snippet":"max-snippet:-1","max-image-preview":"max-image-preview:large","max-video-preview":"max-video-preview:-1"},"canonical":"https:\/\/maranhaotv.com.br\/index.php\/2020\/03\/06\/mp-aciona-prefeito-de-sao-joao-dos-patos-por-irregularidades-em-convenio\/","og_locale":"pt_BR","og_type":"article","og_title":"MP aciona ex- prefeito de S\u00e3o Jo\u00e3o dos Patos por irregularidades em conv\u00eanio - NOT\u00cdCIAS EM TEMPO REAL","og_description":"S\u00c3O JO\u00c3O DOS PATOS &#8211; Irregularidades na execu\u00e7\u00e3o de conv\u00eanio motivam A\u00e7\u00e3o contra ex-prefeito O Minist\u00e9rio P\u00fablico do Maranh\u00e3o prop\u00f4s,","og_url":"https:\/\/maranhaotv.com.br\/index.php\/2020\/03\/06\/mp-aciona-prefeito-de-sao-joao-dos-patos-por-irregularidades-em-convenio\/","og_site_name":"NOT\u00cdCIAS EM TEMPO REAL","article_publisher":"https:\/\/www.facebook.com\/maiobaotv","article_published_time":"2020-03-06T16:00:36+00:00","author":"maranhaotv","twitter_card":"summary_large_image","twitter_creator":"@sitemaranhaotv","twitter_site":"@sitemaranhaotv","twitter_misc":{"Escrito por":"maranhaotv","Est. tempo de leitura":"3 minutos"},"schema":{"@context":"https:\/\/schema.org","@graph":[{"@type":"Article","@id":"https:\/\/maranhaotv.com.br\/index.php\/2020\/03\/06\/mp-aciona-prefeito-de-sao-joao-dos-patos-por-irregularidades-em-convenio\/#article","isPartOf":{"@id":"https:\/\/maranhaotv.com.br\/index.php\/2020\/03\/06\/mp-aciona-prefeito-de-sao-joao-dos-patos-por-irregularidades-em-convenio\/"},"author":{"name":"maranhaotv","@id":"https:\/\/maranhaotv.com.br\/#\/schema\/person\/3d54238e86b20bb5c89ab2fdb8f8829a"},"headline":"MP aciona ex- prefeito de S\u00e3o Jo\u00e3o dos Patos por irregularidades em conv\u00eanio","datePublished":"2020-03-06T16:00:36+00:00","mainEntityOfPage":{"@id":"https:\/\/maranhaotv.com.br\/index.php\/2020\/03\/06\/mp-aciona-prefeito-de-sao-joao-dos-patos-por-irregularidades-em-convenio\/"},"wordCount":543,"publisher":{"@id":"https:\/\/maranhaotv.com.br\/#organization"},"image":{"@id":"https:\/\/maranhaotv.com.br\/index.php\/2020\/03\/06\/mp-aciona-prefeito-de-sao-joao-dos-patos-por-irregularidades-em-convenio\/#primaryimage"},"thumbnailUrl":"","keywords":["S\u00e3o Jo\u00e3o dos Patos"],"articleSection":["not\u00edcias","pol\u00edtica"],"inLanguage":"pt-BR"},{"@type":"WebPage","@id":"https:\/\/maranhaotv.com.br\/index.php\/2020\/03\/06\/mp-aciona-prefeito-de-sao-joao-dos-patos-por-irregularidades-em-convenio\/","url":"https:\/\/maranhaotv.com.br\/index.php\/2020\/03\/06\/mp-aciona-prefeito-de-sao-joao-dos-patos-por-irregularidades-em-convenio\/","name":"MP aciona ex- prefeito de S\u00e3o Jo\u00e3o dos Patos por irregularidades em conv\u00eanio - NOT\u00cdCIAS EM TEMPO REAL","isPartOf":{"@id":"https:\/\/maranhaotv.com.br\/#website"},"primaryImageOfPage":{"@id":"https:\/\/maranhaotv.com.br\/index.php\/2020\/03\/06\/mp-aciona-prefeito-de-sao-joao-dos-patos-por-irregularidades-em-convenio\/#primaryimage"},"image":{"@id":"https:\/\/maranhaotv.com.br\/index.php\/2020\/03\/06\/mp-aciona-prefeito-de-sao-joao-dos-patos-por-irregularidades-em-convenio\/#primaryimage"},"thumbnailUrl":"","datePublished":"2020-03-06T16:00:36+00:00","breadcrumb":{"@id":"https:\/\/maranhaotv.com.br\/index.php\/2020\/03\/06\/mp-aciona-prefeito-de-sao-joao-dos-patos-por-irregularidades-em-convenio\/#breadcrumb"},"inLanguage":"pt-BR","potentialAction":[{"@type":"ReadAction","target":["https:\/\/maranhaotv.com.br\/index.php\/2020\/03\/06\/mp-aciona-prefeito-de-sao-joao-dos-patos-por-irregularidades-em-convenio\/"]}]},{"@type":"ImageObject","inLanguage":"pt-BR","@id":"https:\/\/maranhaotv.com.br\/index.php\/2020\/03\/06\/mp-aciona-prefeito-de-sao-joao-dos-patos-por-irregularidades-em-convenio\/#primaryimage","url":"","contentUrl":""},{"@type":"BreadcrumbList","@id":"https:\/\/maranhaotv.com.br\/index.php\/2020\/03\/06\/mp-aciona-prefeito-de-sao-joao-dos-patos-por-irregularidades-em-convenio\/#breadcrumb","itemListElement":[{"@type":"ListItem","position":1,"name":"In\u00edcio","item":"https:\/\/maranhaotv.com.br\/"},{"@type":"ListItem","position":2,"name":"MP aciona ex- prefeito de S\u00e3o Jo\u00e3o dos Patos por irregularidades em conv\u00eanio"}]},{"@type":"WebSite","@id":"https:\/\/maranhaotv.com.br\/#website","url":"https:\/\/maranhaotv.com.br\/","name":"Maranh\u00e3oTV","description":"","publisher":{"@id":"https:\/\/maranhaotv.com.br\/#organization"},"potentialAction":[{"@type":"SearchAction","target":{"@type":"EntryPoint","urlTemplate":"https:\/\/maranhaotv.com.br\/?s={search_term_string}"},"query-input":{"@type":"PropertyValueSpecification","valueRequired":true,"valueName":"search_term_string"}}],"inLanguage":"pt-BR"},{"@type":"Organization","@id":"https:\/\/maranhaotv.com.br\/#organization","name":"Portal de Not\u00edcias","url":"https:\/\/maranhaotv.com.br\/","logo":{"@type":"ImageObject","inLanguage":"pt-BR","@id":"https:\/\/maranhaotv.com.br\/#\/schema\/logo\/image\/","url":"https:\/\/maranhaotv.com.br\/wp-content\/uploads\/2024\/05\/cropped-cropped-avatar-1.png","contentUrl":"https:\/\/maranhaotv.com.br\/wp-content\/uploads\/2024\/05\/cropped-cropped-avatar-1.png","width":792,"height":428,"caption":"Portal de Not\u00edcias"},"image":{"@id":"https:\/\/maranhaotv.com.br\/#\/schema\/logo\/image\/"},"sameAs":["https:\/\/www.facebook.com\/maiobaotv","https:\/\/x.com\/sitemaranhaotv","https:\/\/www.instagram.com\/maranhao.tv","https:\/\/www.threads.net\/@maranhao.tv"]},{"@type":"Person","@id":"https:\/\/maranhaotv.com.br\/#\/schema\/person\/3d54238e86b20bb5c89ab2fdb8f8829a","name":"maranhaotv","image":{"@type":"ImageObject","inLanguage":"pt-BR","@id":"https:\/\/secure.gravatar.com\/avatar\/8fadbca458d4cb68b1dd399ae9a40618d747bb1af65ac9fad21c89220a143eb4?s=96&d=mm&r=g","url":"https:\/\/secure.gravatar.com\/avatar\/8fadbca458d4cb68b1dd399ae9a40618d747bb1af65ac9fad21c89220a143eb4?s=96&d=mm&r=g","contentUrl":"https:\/\/secure.gravatar.com\/avatar\/8fadbca458d4cb68b1dd399ae9a40618d747bb1af65ac9fad21c89220a143eb4?s=96&d=mm&r=g","caption":"maranhaotv"},"sameAs":["https:\/\/maranhaotv.com.br\/"],"url":"https:\/\/maranhaotv.com.br\/index.php\/author\/maranhaotv\/"}]}},"jetpack_featured_media_url":"","jetpack_sharing_enabled":true,"_links":{"self":[{"href":"https:\/\/maranhaotv.com.br\/index.php\/wp-json\/wp\/v2\/posts\/10127","targetHints":{"allow":["GET"]}}],"collection":[{"href":"https:\/\/maranhaotv.com.br\/index.php\/wp-json\/wp\/v2\/posts"}],"about":[{"href":"https:\/\/maranhaotv.com.br\/index.php\/wp-json\/wp\/v2\/types\/post"}],"author":[{"embeddable":true,"href":"https:\/\/maranhaotv.com.br\/index.php\/wp-json\/wp\/v2\/users\/2"}],"replies":[{"embeddable":true,"href":"https:\/\/maranhaotv.com.br\/index.php\/wp-json\/wp\/v2\/comments?post=10127"}],"version-history":[{"count":0,"href":"https:\/\/maranhaotv.com.br\/index.php\/wp-json\/wp\/v2\/posts\/10127\/revisions"}],"wp:featuredmedia":[{"embeddable":true,"href":"https:\/\/maranhaotv.com.br\/index.php\/wp-json\/"}],"wp:attachment":[{"href":"https:\/\/maranhaotv.com.br\/index.php\/wp-json\/wp\/v2\/media?parent=10127"}],"wp:term":[{"taxonomy":"category","embeddable":true,"href":"https:\/\/maranhaotv.com.br\/index.php\/wp-json\/wp\/v2\/categories?post=10127"},{"taxonomy":"post_tag","embeddable":true,"href":"https:\/\/maranhaotv.com.br\/index.php\/wp-json\/wp\/v2\/tags?post=10127"}],"curies":[{"name":"wp","href":"https:\/\/api.w.org\/{rel}","templated":true}]}}