{"id":10182,"date":"2020-03-07T11:33:13","date_gmt":"2020-03-07T14:33:13","guid":{"rendered":"https:\/\/maiobaotv.com.br\/?p=10182"},"modified":"2020-03-07T11:33:13","modified_gmt":"2020-03-07T14:33:13","slug":"viana-em-parceria-capitania-dos-portos-e-prefeitura-capacitam-condutores-de-embarcacoes","status":"publish","type":"post","link":"https:\/\/maranhaotv.com.br\/index.php\/2020\/03\/07\/viana-em-parceria-capitania-dos-portos-e-prefeitura-capacitam-condutores-de-embarcacoes\/","title":{"rendered":"Viana: Em parceria, Capitania dos Portos e Prefeitura capacitam condutores de embarca\u00e7\u00f5es"},"content":{"rendered":"<p>Uma parceria in\u00e9dita entre a Secretaria Municipal de Educa\u00e7\u00e3o de Viana e Capitania dos Portos de S\u00e3o Luis, possibilitou a forma\u00e7\u00e3o de condutores e monitores de embarca\u00e7\u00f5es, que atuam no transporte de alunos da rede municipal de ensino.<\/p>\n<p>A iniciativa partiu da Secret\u00e1ria de Educa\u00e7\u00e3o do munic\u00edpio, Arlene Barros, preocupada com a seguran\u00e7a dos alunos que estudam em escolas localizadas em per\u00edmetros afetados pela cheia dos lagos, durante o per\u00edodo chuvoso.<\/p>\n<p>S\u00e3o no total 16 escolas nessas regi\u00f5es. 13 delas acabam sendo afetadas com as chuvas, fazendo com que o transporte dos alunos ocorra em lanchas e rabetas. S\u00e3o cerca de 300 alunos transportados diariamente.<\/p>\n<p>A forma\u00e7\u00e3o teve dura\u00e7\u00e3o de 08 dias, beneficiando 30 condutores e monitores, que receberam total orienta\u00e7\u00e3o sobre t\u00e9cnicas de navega\u00e7\u00e3o, primeiros socorros e outros.<\/p>\n<blockquote><p>&#8220;Esse foi o primeiro curso do tipo realizado na regi\u00e3o da Baixada Maranhense&#8221;, enfatizou a secret\u00e1ria Arlene Barros.<\/p><\/blockquote>\n<p>O prefeito Magrado Barros (DEM), que deu total apoio a iniciativa, esteve participando da solenidade de entrega dos certificados, que aconteceu na noite desta sexta-feira (06), no audit\u00f3rio da c\u00e2mara municipal.<\/p>\n<p>Para os formandos, fica a certeza da preocupa\u00e7\u00e3o do poder executivo com a seguran\u00e7a dos alunos e envolvidos, e a aquisi\u00e7\u00e3o de novos conhecimentos para o curr\u00edculo profissional.<\/p>\n<p>Confira mais fotos:<\/p>\n<p><img loading=\"lazy\" decoding=\"async\" class=\"wp-image-10181 alignnone size-full\" src=\"https:\/\/maiobaotv.com.br\/wp-content\/uploads\/2020\/03\/IMG-20200307-WA0207.jpg\" width=\"853\" height=\"990\"><\/p>\n<p><img loading=\"lazy\" decoding=\"async\" class=\"wp-image-10183 alignnone size-full\" src=\"https:\/\/maiobaotv.com.br\/wp-content\/uploads\/2020\/03\/IMG-20200307-WA0206.jpg\" width=\"1280\" height=\"853\"><\/p>\n<p><img loading=\"lazy\" decoding=\"async\" class=\"alignnone size-full wp-image-10184\" src=\"https:\/\/maiobaotv.com.br\/wp-content\/uploads\/2020\/03\/IMG-20200307-WA0204.jpg\" width=\"1229\" height=\"804\"><\/p>\n<p><img loading=\"lazy\" decoding=\"async\" class=\"alignnone size-full wp-image-10185\" src=\"https:\/\/maiobaotv.com.br\/wp-content\/uploads\/2020\/03\/IMG-20200307-WA0197.jpg\" width=\"1280\" height=\"853\"><\/p>\n<p><img loading=\"lazy\" decoding=\"async\" class=\"wp-image-10186 alignnone size-full\" src=\"https:\/\/maiobaotv.com.br\/wp-content\/uploads\/2020\/03\/IMG-20200307-WA0190.jpg\" width=\"1280\" height=\"853\"><\/p>\n<p><img loading=\"lazy\" decoding=\"async\" class=\"wp-image-10187 alignnone size-full\" src=\"https:\/\/maiobaotv.com.br\/wp-content\/uploads\/2020\/03\/IMG-20200307-WA0189.jpg\" width=\"1280\" height=\"853\"><\/p>\n<p><img loading=\"lazy\" decoding=\"async\" class=\"wp-image-10188 alignnone size-full\" src=\"https:\/\/maiobaotv.com.br\/wp-content\/uploads\/2020\/03\/IMG-20200307-WA0191.jpg\" width=\"1280\" height=\"853\"><\/p>\n<p><img loading=\"lazy\" decoding=\"async\" class=\"wp-image-10189 alignnone size-full\" src=\"https:\/\/maiobaotv.com.br\/wp-content\/uploads\/2020\/03\/IMG-20200307-WA0192.jpg\" width=\"1280\" height=\"853\"><\/p>\n<p><img loading=\"lazy\" decoding=\"async\" class=\"wp-image-10190 alignnone size-full\" src=\"https:\/\/maiobaotv.com.br\/wp-content\/uploads\/2020\/03\/IMG-20200307-WA0201.jpg\" width=\"1280\" height=\"853\"><\/p>\n<p>Fotos: Jos\u00e9 Ferreira<\/p>\n<p>Texto: Antenor Ferreira<\/p>\n","protected":false},"excerpt":{"rendered":"<p>Uma parceria in\u00e9dita entre a Secretaria Municipal de Educa\u00e7\u00e3o de Viana e Capitania dos Portos de S\u00e3o Luis, possibilitou a<\/p>\n","protected":false},"author":2,"featured_media":10191,"comment_status":"closed","ping_status":"closed","sticky":false,"template":"","format":"standard","meta":{"colormag_page_container_layout":"default_layout","colormag_page_sidebar_layout":"default_layout","_jetpack_memberships_contains_paid_content":false,"footnotes":""},"categories":[2],"tags":[127,128,17,42,5],"class_list":["post-10182","post","type-post","status-publish","format-standard","has-post-thumbnail","hentry","category-noticias","tag-arlene-barros","tag-capitania-dos-portos","tag-magrado-barros","tag-prefeitura-de-viana","tag-viana"],"magazineBlocksPostFeaturedMedia":{"thumbnail":false,"medium":false,"medium_large":false,"large":false,"1536x1536":false,"2048x2048":false,"colormag-highlighted-post":false,"colormag-featured-post-medium":false,"colormag-featured-post-small":false,"colormag-featured-image":false,"colormag-default-news":false,"colormag-featured-image-large":false},"magazineBlocksPostAuthor":{"name":"maranhaotv","avatar":"https:\/\/secure.gravatar.com\/avatar\/8fadbca458d4cb68b1dd399ae9a40618d747bb1af65ac9fad21c89220a143eb4?s=96&d=mm&r=g"},"magazineBlocksPostCommentsNumber":false,"magazineBlocksPostExcerpt":"Uma parceria in\u00e9dita entre a Secretaria Municipal de Educa\u00e7\u00e3o de Viana e Capitania dos Portos de S\u00e3o Luis, possibilitou a","magazineBlocksPostCategories":["not\u00edcias"],"magazineBlocksPostViewCount":168,"magazineBlocksPostReadTime":2,"magazine_blocks_featured_image_url":{"full":false,"medium":false,"thumbnail":false},"magazine_blocks_author":{"display_name":"maranhaotv","author_link":"https:\/\/maranhaotv.com.br\/index.php\/author\/maranhaotv\/"},"magazine_blocks_comment":0,"magazine_blocks_author_image":"https:\/\/secure.gravatar.com\/avatar\/8fadbca458d4cb68b1dd399ae9a40618d747bb1af65ac9fad21c89220a143eb4?s=96&d=mm&r=g","magazine_blocks_category":"<a href=\"#\" class=\"category-link category-link-2\">not\u00edcias<\/a>","yoast_head":"<!-- This site is optimized with the Yoast SEO plugin v27.4 - https:\/\/yoast.com\/product\/yoast-seo-wordpress\/ -->\n<title>Viana: Em parceria, Capitania dos Portos e Prefeitura capacitam condutores de embarca\u00e7\u00f5es - NOT\u00cdCIAS EM TEMPO REAL<\/title>\n<meta name=\"robots\" content=\"index, follow, max-snippet:-1, max-image-preview:large, max-video-preview:-1\" \/>\n<link rel=\"canonical\" href=\"https:\/\/maranhaotv.com.br\/index.php\/2020\/03\/07\/viana-em-parceria-capitania-dos-portos-e-prefeitura-capacitam-condutores-de-embarcacoes\/\" \/>\n<meta property=\"og:locale\" content=\"pt_BR\" \/>\n<meta property=\"og:type\" content=\"article\" \/>\n<meta property=\"og:title\" content=\"Viana: Em parceria, Capitania dos Portos e Prefeitura capacitam condutores de embarca\u00e7\u00f5es - NOT\u00cdCIAS EM TEMPO REAL\" \/>\n<meta property=\"og:description\" content=\"Uma parceria in\u00e9dita entre a Secretaria Municipal de Educa\u00e7\u00e3o de Viana e Capitania dos Portos de S\u00e3o Luis, possibilitou a\" \/>\n<meta property=\"og:url\" content=\"https:\/\/maranhaotv.com.br\/index.php\/2020\/03\/07\/viana-em-parceria-capitania-dos-portos-e-prefeitura-capacitam-condutores-de-embarcacoes\/\" \/>\n<meta property=\"og:site_name\" content=\"NOT\u00cdCIAS EM TEMPO REAL\" \/>\n<meta property=\"article:publisher\" content=\"https:\/\/www.facebook.com\/maiobaotv\" \/>\n<meta property=\"article:published_time\" content=\"2020-03-07T14:33:13+00:00\" \/>\n<meta name=\"author\" content=\"maranhaotv\" \/>\n<meta name=\"twitter:card\" content=\"summary_large_image\" \/>\n<meta name=\"twitter:creator\" content=\"@sitemaranhaotv\" \/>\n<meta name=\"twitter:site\" content=\"@sitemaranhaotv\" \/>\n<meta name=\"twitter:label1\" content=\"Escrito por\" \/>\n\t<meta name=\"twitter:data1\" content=\"maranhaotv\" \/>\n\t<meta name=\"twitter:label2\" content=\"Est. tempo de leitura\" \/>\n\t<meta name=\"twitter:data2\" content=\"1 minuto\" \/>\n<script type=\"application\/ld+json\" class=\"yoast-schema-graph\">{\"@context\":\"https:\\\/\\\/schema.org\",\"@graph\":[{\"@type\":\"Article\",\"@id\":\"https:\\\/\\\/maranhaotv.com.br\\\/index.php\\\/2020\\\/03\\\/07\\\/viana-em-parceria-capitania-dos-portos-e-prefeitura-capacitam-condutores-de-embarcacoes\\\/#article\",\"isPartOf\":{\"@id\":\"https:\\\/\\\/maranhaotv.com.br\\\/index.php\\\/2020\\\/03\\\/07\\\/viana-em-parceria-capitania-dos-portos-e-prefeitura-capacitam-condutores-de-embarcacoes\\\/\"},\"author\":{\"name\":\"maranhaotv\",\"@id\":\"https:\\\/\\\/maranhaotv.com.br\\\/#\\\/schema\\\/person\\\/3d54238e86b20bb5c89ab2fdb8f8829a\"},\"headline\":\"Viana: Em parceria, Capitania dos Portos e Prefeitura capacitam condutores de embarca\u00e7\u00f5es\",\"datePublished\":\"2020-03-07T14:33:13+00:00\",\"mainEntityOfPage\":{\"@id\":\"https:\\\/\\\/maranhaotv.com.br\\\/index.php\\\/2020\\\/03\\\/07\\\/viana-em-parceria-capitania-dos-portos-e-prefeitura-capacitam-condutores-de-embarcacoes\\\/\"},\"wordCount\":249,\"publisher\":{\"@id\":\"https:\\\/\\\/maranhaotv.com.br\\\/#organization\"},\"image\":{\"@id\":\"https:\\\/\\\/maranhaotv.com.br\\\/index.php\\\/2020\\\/03\\\/07\\\/viana-em-parceria-capitania-dos-portos-e-prefeitura-capacitam-condutores-de-embarcacoes\\\/#primaryimage\"},\"thumbnailUrl\":\"\",\"keywords\":[\"Arlene Barros\",\"Capitania dos Portos\",\"Magrado Barros\",\"Prefeitura de Viana\",\"Viana\"],\"articleSection\":[\"not\u00edcias\"],\"inLanguage\":\"pt-BR\"},{\"@type\":\"WebPage\",\"@id\":\"https:\\\/\\\/maranhaotv.com.br\\\/index.php\\\/2020\\\/03\\\/07\\\/viana-em-parceria-capitania-dos-portos-e-prefeitura-capacitam-condutores-de-embarcacoes\\\/\",\"url\":\"https:\\\/\\\/maranhaotv.com.br\\\/index.php\\\/2020\\\/03\\\/07\\\/viana-em-parceria-capitania-dos-portos-e-prefeitura-capacitam-condutores-de-embarcacoes\\\/\",\"name\":\"Viana: Em parceria, Capitania dos Portos e Prefeitura capacitam condutores de embarca\u00e7\u00f5es - NOT\u00cdCIAS EM TEMPO REAL\",\"isPartOf\":{\"@id\":\"https:\\\/\\\/maranhaotv.com.br\\\/#website\"},\"primaryImageOfPage\":{\"@id\":\"https:\\\/\\\/maranhaotv.com.br\\\/index.php\\\/2020\\\/03\\\/07\\\/viana-em-parceria-capitania-dos-portos-e-prefeitura-capacitam-condutores-de-embarcacoes\\\/#primaryimage\"},\"image\":{\"@id\":\"https:\\\/\\\/maranhaotv.com.br\\\/index.php\\\/2020\\\/03\\\/07\\\/viana-em-parceria-capitania-dos-portos-e-prefeitura-capacitam-condutores-de-embarcacoes\\\/#primaryimage\"},\"thumbnailUrl\":\"\",\"datePublished\":\"2020-03-07T14:33:13+00:00\",\"breadcrumb\":{\"@id\":\"https:\\\/\\\/maranhaotv.com.br\\\/index.php\\\/2020\\\/03\\\/07\\\/viana-em-parceria-capitania-dos-portos-e-prefeitura-capacitam-condutores-de-embarcacoes\\\/#breadcrumb\"},\"inLanguage\":\"pt-BR\",\"potentialAction\":[{\"@type\":\"ReadAction\",\"target\":[\"https:\\\/\\\/maranhaotv.com.br\\\/index.php\\\/2020\\\/03\\\/07\\\/viana-em-parceria-capitania-dos-portos-e-prefeitura-capacitam-condutores-de-embarcacoes\\\/\"]}]},{\"@type\":\"ImageObject\",\"inLanguage\":\"pt-BR\",\"@id\":\"https:\\\/\\\/maranhaotv.com.br\\\/index.php\\\/2020\\\/03\\\/07\\\/viana-em-parceria-capitania-dos-portos-e-prefeitura-capacitam-condutores-de-embarcacoes\\\/#primaryimage\",\"url\":\"\",\"contentUrl\":\"\"},{\"@type\":\"BreadcrumbList\",\"@id\":\"https:\\\/\\\/maranhaotv.com.br\\\/index.php\\\/2020\\\/03\\\/07\\\/viana-em-parceria-capitania-dos-portos-e-prefeitura-capacitam-condutores-de-embarcacoes\\\/#breadcrumb\",\"itemListElement\":[{\"@type\":\"ListItem\",\"position\":1,\"name\":\"In\u00edcio\",\"item\":\"https:\\\/\\\/maranhaotv.com.br\\\/\"},{\"@type\":\"ListItem\",\"position\":2,\"name\":\"Viana: Em parceria, Capitania dos Portos e Prefeitura capacitam condutores de embarca\u00e7\u00f5es\"}]},{\"@type\":\"WebSite\",\"@id\":\"https:\\\/\\\/maranhaotv.com.br\\\/#website\",\"url\":\"https:\\\/\\\/maranhaotv.com.br\\\/\",\"name\":\"Maranh\u00e3oTV\",\"description\":\"\",\"publisher\":{\"@id\":\"https:\\\/\\\/maranhaotv.com.br\\\/#organization\"},\"potentialAction\":[{\"@type\":\"SearchAction\",\"target\":{\"@type\":\"EntryPoint\",\"urlTemplate\":\"https:\\\/\\\/maranhaotv.com.br\\\/?s={search_term_string}\"},\"query-input\":{\"@type\":\"PropertyValueSpecification\",\"valueRequired\":true,\"valueName\":\"search_term_string\"}}],\"inLanguage\":\"pt-BR\"},{\"@type\":\"Organization\",\"@id\":\"https:\\\/\\\/maranhaotv.com.br\\\/#organization\",\"name\":\"Portal de Not\u00edcias\",\"url\":\"https:\\\/\\\/maranhaotv.com.br\\\/\",\"logo\":{\"@type\":\"ImageObject\",\"inLanguage\":\"pt-BR\",\"@id\":\"https:\\\/\\\/maranhaotv.com.br\\\/#\\\/schema\\\/logo\\\/image\\\/\",\"url\":\"https:\\\/\\\/maranhaotv.com.br\\\/wp-content\\\/uploads\\\/2024\\\/05\\\/cropped-cropped-avatar-1.png\",\"contentUrl\":\"https:\\\/\\\/maranhaotv.com.br\\\/wp-content\\\/uploads\\\/2024\\\/05\\\/cropped-cropped-avatar-1.png\",\"width\":792,\"height\":428,\"caption\":\"Portal de Not\u00edcias\"},\"image\":{\"@id\":\"https:\\\/\\\/maranhaotv.com.br\\\/#\\\/schema\\\/logo\\\/image\\\/\"},\"sameAs\":[\"https:\\\/\\\/www.facebook.com\\\/maiobaotv\",\"https:\\\/\\\/x.com\\\/sitemaranhaotv\",\"https:\\\/\\\/www.instagram.com\\\/maranhao.tv\",\"https:\\\/\\\/www.threads.net\\\/@maranhao.tv\"]},{\"@type\":\"Person\",\"@id\":\"https:\\\/\\\/maranhaotv.com.br\\\/#\\\/schema\\\/person\\\/3d54238e86b20bb5c89ab2fdb8f8829a\",\"name\":\"maranhaotv\",\"image\":{\"@type\":\"ImageObject\",\"inLanguage\":\"pt-BR\",\"@id\":\"https:\\\/\\\/secure.gravatar.com\\\/avatar\\\/8fadbca458d4cb68b1dd399ae9a40618d747bb1af65ac9fad21c89220a143eb4?s=96&d=mm&r=g\",\"url\":\"https:\\\/\\\/secure.gravatar.com\\\/avatar\\\/8fadbca458d4cb68b1dd399ae9a40618d747bb1af65ac9fad21c89220a143eb4?s=96&d=mm&r=g\",\"contentUrl\":\"https:\\\/\\\/secure.gravatar.com\\\/avatar\\\/8fadbca458d4cb68b1dd399ae9a40618d747bb1af65ac9fad21c89220a143eb4?s=96&d=mm&r=g\",\"caption\":\"maranhaotv\"},\"sameAs\":[\"https:\\\/\\\/maranhaotv.com.br\\\/\"],\"url\":\"https:\\\/\\\/maranhaotv.com.br\\\/index.php\\\/author\\\/maranhaotv\\\/\"}]}<\/script>\n<!-- \/ Yoast SEO plugin. -->","yoast_head_json":{"title":"Viana: Em parceria, Capitania dos Portos e Prefeitura capacitam condutores de embarca\u00e7\u00f5es - NOT\u00cdCIAS EM TEMPO REAL","robots":{"index":"index","follow":"follow","max-snippet":"max-snippet:-1","max-image-preview":"max-image-preview:large","max-video-preview":"max-video-preview:-1"},"canonical":"https:\/\/maranhaotv.com.br\/index.php\/2020\/03\/07\/viana-em-parceria-capitania-dos-portos-e-prefeitura-capacitam-condutores-de-embarcacoes\/","og_locale":"pt_BR","og_type":"article","og_title":"Viana: Em parceria, Capitania dos Portos e Prefeitura capacitam condutores de embarca\u00e7\u00f5es - NOT\u00cdCIAS EM TEMPO REAL","og_description":"Uma parceria in\u00e9dita entre a Secretaria Municipal de Educa\u00e7\u00e3o de Viana e Capitania dos Portos de S\u00e3o Luis, possibilitou a","og_url":"https:\/\/maranhaotv.com.br\/index.php\/2020\/03\/07\/viana-em-parceria-capitania-dos-portos-e-prefeitura-capacitam-condutores-de-embarcacoes\/","og_site_name":"NOT\u00cdCIAS EM TEMPO REAL","article_publisher":"https:\/\/www.facebook.com\/maiobaotv","article_published_time":"2020-03-07T14:33:13+00:00","author":"maranhaotv","twitter_card":"summary_large_image","twitter_creator":"@sitemaranhaotv","twitter_site":"@sitemaranhaotv","twitter_misc":{"Escrito por":"maranhaotv","Est. tempo de leitura":"1 minuto"},"schema":{"@context":"https:\/\/schema.org","@graph":[{"@type":"Article","@id":"https:\/\/maranhaotv.com.br\/index.php\/2020\/03\/07\/viana-em-parceria-capitania-dos-portos-e-prefeitura-capacitam-condutores-de-embarcacoes\/#article","isPartOf":{"@id":"https:\/\/maranhaotv.com.br\/index.php\/2020\/03\/07\/viana-em-parceria-capitania-dos-portos-e-prefeitura-capacitam-condutores-de-embarcacoes\/"},"author":{"name":"maranhaotv","@id":"https:\/\/maranhaotv.com.br\/#\/schema\/person\/3d54238e86b20bb5c89ab2fdb8f8829a"},"headline":"Viana: Em parceria, Capitania dos Portos e Prefeitura capacitam condutores de embarca\u00e7\u00f5es","datePublished":"2020-03-07T14:33:13+00:00","mainEntityOfPage":{"@id":"https:\/\/maranhaotv.com.br\/index.php\/2020\/03\/07\/viana-em-parceria-capitania-dos-portos-e-prefeitura-capacitam-condutores-de-embarcacoes\/"},"wordCount":249,"publisher":{"@id":"https:\/\/maranhaotv.com.br\/#organization"},"image":{"@id":"https:\/\/maranhaotv.com.br\/index.php\/2020\/03\/07\/viana-em-parceria-capitania-dos-portos-e-prefeitura-capacitam-condutores-de-embarcacoes\/#primaryimage"},"thumbnailUrl":"","keywords":["Arlene Barros","Capitania dos Portos","Magrado Barros","Prefeitura de Viana","Viana"],"articleSection":["not\u00edcias"],"inLanguage":"pt-BR"},{"@type":"WebPage","@id":"https:\/\/maranhaotv.com.br\/index.php\/2020\/03\/07\/viana-em-parceria-capitania-dos-portos-e-prefeitura-capacitam-condutores-de-embarcacoes\/","url":"https:\/\/maranhaotv.com.br\/index.php\/2020\/03\/07\/viana-em-parceria-capitania-dos-portos-e-prefeitura-capacitam-condutores-de-embarcacoes\/","name":"Viana: Em parceria, Capitania dos Portos e Prefeitura capacitam condutores de embarca\u00e7\u00f5es - NOT\u00cdCIAS EM TEMPO REAL","isPartOf":{"@id":"https:\/\/maranhaotv.com.br\/#website"},"primaryImageOfPage":{"@id":"https:\/\/maranhaotv.com.br\/index.php\/2020\/03\/07\/viana-em-parceria-capitania-dos-portos-e-prefeitura-capacitam-condutores-de-embarcacoes\/#primaryimage"},"image":{"@id":"https:\/\/maranhaotv.com.br\/index.php\/2020\/03\/07\/viana-em-parceria-capitania-dos-portos-e-prefeitura-capacitam-condutores-de-embarcacoes\/#primaryimage"},"thumbnailUrl":"","datePublished":"2020-03-07T14:33:13+00:00","breadcrumb":{"@id":"https:\/\/maranhaotv.com.br\/index.php\/2020\/03\/07\/viana-em-parceria-capitania-dos-portos-e-prefeitura-capacitam-condutores-de-embarcacoes\/#breadcrumb"},"inLanguage":"pt-BR","potentialAction":[{"@type":"ReadAction","target":["https:\/\/maranhaotv.com.br\/index.php\/2020\/03\/07\/viana-em-parceria-capitania-dos-portos-e-prefeitura-capacitam-condutores-de-embarcacoes\/"]}]},{"@type":"ImageObject","inLanguage":"pt-BR","@id":"https:\/\/maranhaotv.com.br\/index.php\/2020\/03\/07\/viana-em-parceria-capitania-dos-portos-e-prefeitura-capacitam-condutores-de-embarcacoes\/#primaryimage","url":"","contentUrl":""},{"@type":"BreadcrumbList","@id":"https:\/\/maranhaotv.com.br\/index.php\/2020\/03\/07\/viana-em-parceria-capitania-dos-portos-e-prefeitura-capacitam-condutores-de-embarcacoes\/#breadcrumb","itemListElement":[{"@type":"ListItem","position":1,"name":"In\u00edcio","item":"https:\/\/maranhaotv.com.br\/"},{"@type":"ListItem","position":2,"name":"Viana: Em parceria, Capitania dos Portos e Prefeitura capacitam condutores de embarca\u00e7\u00f5es"}]},{"@type":"WebSite","@id":"https:\/\/maranhaotv.com.br\/#website","url":"https:\/\/maranhaotv.com.br\/","name":"Maranh\u00e3oTV","description":"","publisher":{"@id":"https:\/\/maranhaotv.com.br\/#organization"},"potentialAction":[{"@type":"SearchAction","target":{"@type":"EntryPoint","urlTemplate":"https:\/\/maranhaotv.com.br\/?s={search_term_string}"},"query-input":{"@type":"PropertyValueSpecification","valueRequired":true,"valueName":"search_term_string"}}],"inLanguage":"pt-BR"},{"@type":"Organization","@id":"https:\/\/maranhaotv.com.br\/#organization","name":"Portal de Not\u00edcias","url":"https:\/\/maranhaotv.com.br\/","logo":{"@type":"ImageObject","inLanguage":"pt-BR","@id":"https:\/\/maranhaotv.com.br\/#\/schema\/logo\/image\/","url":"https:\/\/maranhaotv.com.br\/wp-content\/uploads\/2024\/05\/cropped-cropped-avatar-1.png","contentUrl":"https:\/\/maranhaotv.com.br\/wp-content\/uploads\/2024\/05\/cropped-cropped-avatar-1.png","width":792,"height":428,"caption":"Portal de Not\u00edcias"},"image":{"@id":"https:\/\/maranhaotv.com.br\/#\/schema\/logo\/image\/"},"sameAs":["https:\/\/www.facebook.com\/maiobaotv","https:\/\/x.com\/sitemaranhaotv","https:\/\/www.instagram.com\/maranhao.tv","https:\/\/www.threads.net\/@maranhao.tv"]},{"@type":"Person","@id":"https:\/\/maranhaotv.com.br\/#\/schema\/person\/3d54238e86b20bb5c89ab2fdb8f8829a","name":"maranhaotv","image":{"@type":"ImageObject","inLanguage":"pt-BR","@id":"https:\/\/secure.gravatar.com\/avatar\/8fadbca458d4cb68b1dd399ae9a40618d747bb1af65ac9fad21c89220a143eb4?s=96&d=mm&r=g","url":"https:\/\/secure.gravatar.com\/avatar\/8fadbca458d4cb68b1dd399ae9a40618d747bb1af65ac9fad21c89220a143eb4?s=96&d=mm&r=g","contentUrl":"https:\/\/secure.gravatar.com\/avatar\/8fadbca458d4cb68b1dd399ae9a40618d747bb1af65ac9fad21c89220a143eb4?s=96&d=mm&r=g","caption":"maranhaotv"},"sameAs":["https:\/\/maranhaotv.com.br\/"],"url":"https:\/\/maranhaotv.com.br\/index.php\/author\/maranhaotv\/"}]}},"jetpack_featured_media_url":"","jetpack_sharing_enabled":true,"_links":{"self":[{"href":"https:\/\/maranhaotv.com.br\/index.php\/wp-json\/wp\/v2\/posts\/10182","targetHints":{"allow":["GET"]}}],"collection":[{"href":"https:\/\/maranhaotv.com.br\/index.php\/wp-json\/wp\/v2\/posts"}],"about":[{"href":"https:\/\/maranhaotv.com.br\/index.php\/wp-json\/wp\/v2\/types\/post"}],"author":[{"embeddable":true,"href":"https:\/\/maranhaotv.com.br\/index.php\/wp-json\/wp\/v2\/users\/2"}],"replies":[{"embeddable":true,"href":"https:\/\/maranhaotv.com.br\/index.php\/wp-json\/wp\/v2\/comments?post=10182"}],"version-history":[{"count":0,"href":"https:\/\/maranhaotv.com.br\/index.php\/wp-json\/wp\/v2\/posts\/10182\/revisions"}],"wp:featuredmedia":[{"embeddable":true,"href":"https:\/\/maranhaotv.com.br\/index.php\/wp-json\/"}],"wp:attachment":[{"href":"https:\/\/maranhaotv.com.br\/index.php\/wp-json\/wp\/v2\/media?parent=10182"}],"wp:term":[{"taxonomy":"category","embeddable":true,"href":"https:\/\/maranhaotv.com.br\/index.php\/wp-json\/wp\/v2\/categories?post=10182"},{"taxonomy":"post_tag","embeddable":true,"href":"https:\/\/maranhaotv.com.br\/index.php\/wp-json\/wp\/v2\/tags?post=10182"}],"curies":[{"name":"wp","href":"https:\/\/api.w.org\/{rel}","templated":true}]}}