{"id":10207,"date":"2020-03-08T14:15:41","date_gmt":"2020-03-08T17:15:41","guid":{"rendered":"https:\/\/maiobaotv.com.br\/?p=10207"},"modified":"2020-03-08T14:15:41","modified_gmt":"2020-03-08T17:15:41","slug":"danca-portuguesa-imperio-de-lisboa-comemora-20-anos-na-cultura-luminense","status":"publish","type":"post","link":"https:\/\/maranhaotv.com.br\/index.php\/2020\/03\/08\/danca-portuguesa-imperio-de-lisboa-comemora-20-anos-na-cultura-luminense\/","title":{"rendered":"Dan\u00e7a portuguesa Imp\u00e9rio de Lisboa comemora 20 anos na cultura luminense"},"content":{"rendered":"<p>Um dos principais objetivos do grupo \u00e9 estimular sociabiliza\u00e7\u00e3o e promo\u00e7\u00e3o social do jovem da comunidade, al\u00e9m de divulgar a cultura portuguesa em Pa\u00e7o do Lumiar<\/p>\n<p>Fundada no ano de 1999, por Thiago da Imp\u00e9rio, a dan\u00e7a portuguesa j\u00e1 conquistou v\u00e1rios t\u00edtulos relacionados \u00e0 cultura, \u00e9 tricampe\u00e3 do Maranh\u00e3o, e est\u00e1 entre as maiores do Brasil. A dan\u00e7a portuguesa neste ano ter\u00e1 como tema &#8221; Imp\u00e9rio 20 anos de sucesso&#8221;, promete realizar um grande espet\u00e1culo no per\u00edodo junino.<\/p>\n<p>Al\u00e9m das apresenta\u00e7\u00f5es culturais, o grupo de dan\u00e7a portuguesa Imp\u00e9rio de Lisboa tamb\u00e9m desenvolve v\u00e1rios trabalhos voltados \u00e0 assist\u00eancia social em Pa\u00e7o do Lumiar.<\/p>\n<p>Como participar<\/p>\n<p>Para os que queiram integrar ao grupo, as inscri\u00e7\u00f5es s\u00e3o gratuitas, basta s\u00f3 comparecer aos domingos, a partir das 16h, na quadra da escola Erasmo Dias, dia em que o grupo realiza ensaios.<\/p>\n<p><img loading=\"lazy\" decoding=\"async\" src=\"https:\/\/maiobaotv.com.br\/wp-content\/uploads\/2020\/03\/IMG-20200308-WA0163.jpg\" class=\"wp-image-10206 alignnone size-full\" width=\"1080\" height=\"1080\"><\/p>\n<p><img loading=\"lazy\" decoding=\"async\" src=\"https:\/\/maiobaotv.com.br\/wp-content\/uploads\/2020\/03\/IMG-20200308-WA0160.jpg\" class=\"wp-image-10208 alignnone size-full\" width=\"1052\" height=\"780\"><\/p>\n<p><img loading=\"lazy\" decoding=\"async\" src=\"https:\/\/maiobaotv.com.br\/wp-content\/uploads\/2020\/03\/IMG-20200308-WA0162.jpg\" class=\"wp-image-10209 alignnone size-full\" width=\"540\" height=\"960\"><\/p>\n","protected":false},"excerpt":{"rendered":"<p>Um dos principais objetivos do grupo \u00e9 estimular sociabiliza\u00e7\u00e3o e promo\u00e7\u00e3o social do jovem da comunidade, al\u00e9m de divulgar a<\/p>\n","protected":false},"author":2,"featured_media":10210,"comment_status":"closed","ping_status":"closed","sticky":false,"template":"","format":"standard","meta":{"colormag_page_container_layout":"default_layout","colormag_page_sidebar_layout":"default_layout","_jetpack_memberships_contains_paid_content":false,"footnotes":""},"categories":[30,2],"tags":[],"class_list":["post-10207","post","type-post","status-publish","format-standard","has-post-thumbnail","hentry","category-cultura","category-noticias"],"magazineBlocksPostFeaturedMedia":{"thumbnail":false,"medium":false,"medium_large":false,"large":false,"1536x1536":false,"2048x2048":false,"colormag-highlighted-post":false,"colormag-featured-post-medium":false,"colormag-featured-post-small":false,"colormag-featured-image":false,"colormag-default-news":false,"colormag-featured-image-large":false},"magazineBlocksPostAuthor":{"name":"maranhaotv","avatar":"https:\/\/secure.gravatar.com\/avatar\/8fadbca458d4cb68b1dd399ae9a40618d747bb1af65ac9fad21c89220a143eb4?s=96&d=mm&r=g"},"magazineBlocksPostCommentsNumber":false,"magazineBlocksPostExcerpt":"Um dos principais objetivos do grupo \u00e9 estimular sociabiliza\u00e7\u00e3o e promo\u00e7\u00e3o social do jovem da comunidade, al\u00e9m de divulgar a","magazineBlocksPostCategories":["cultura","not\u00edcias"],"magazineBlocksPostViewCount":398,"magazineBlocksPostReadTime":1,"magazine_blocks_featured_image_url":{"full":false,"medium":false,"thumbnail":false},"magazine_blocks_author":{"display_name":"maranhaotv","author_link":"https:\/\/maranhaotv.com.br\/index.php\/author\/maranhaotv\/"},"magazine_blocks_comment":0,"magazine_blocks_author_image":"https:\/\/secure.gravatar.com\/avatar\/8fadbca458d4cb68b1dd399ae9a40618d747bb1af65ac9fad21c89220a143eb4?s=96&d=mm&r=g","magazine_blocks_category":"<a href=\"#\" class=\"category-link category-link-30\">cultura<\/a> <a href=\"#\" class=\"category-link category-link-2\">not\u00edcias<\/a>","yoast_head":"<!-- This site is optimized with the Yoast SEO plugin v27.4 - https:\/\/yoast.com\/product\/yoast-seo-wordpress\/ -->\n<title>Dan\u00e7a portuguesa Imp\u00e9rio de Lisboa comemora 20 anos na cultura luminense - NOT\u00cdCIAS EM TEMPO REAL<\/title>\n<meta name=\"robots\" content=\"index, follow, max-snippet:-1, max-image-preview:large, max-video-preview:-1\" \/>\n<link rel=\"canonical\" href=\"https:\/\/maranhaotv.com.br\/index.php\/2020\/03\/08\/danca-portuguesa-imperio-de-lisboa-comemora-20-anos-na-cultura-luminense\/\" \/>\n<meta property=\"og:locale\" content=\"pt_BR\" \/>\n<meta property=\"og:type\" content=\"article\" \/>\n<meta property=\"og:title\" content=\"Dan\u00e7a portuguesa Imp\u00e9rio de Lisboa comemora 20 anos na cultura luminense - NOT\u00cdCIAS EM TEMPO REAL\" \/>\n<meta property=\"og:description\" content=\"Um dos principais objetivos do grupo \u00e9 estimular sociabiliza\u00e7\u00e3o e promo\u00e7\u00e3o social do jovem da comunidade, al\u00e9m de divulgar a\" \/>\n<meta property=\"og:url\" content=\"https:\/\/maranhaotv.com.br\/index.php\/2020\/03\/08\/danca-portuguesa-imperio-de-lisboa-comemora-20-anos-na-cultura-luminense\/\" \/>\n<meta property=\"og:site_name\" content=\"NOT\u00cdCIAS EM TEMPO REAL\" \/>\n<meta property=\"article:publisher\" content=\"https:\/\/www.facebook.com\/maiobaotv\" \/>\n<meta property=\"article:published_time\" content=\"2020-03-08T17:15:41+00:00\" \/>\n<meta name=\"author\" content=\"maranhaotv\" \/>\n<meta name=\"twitter:card\" content=\"summary_large_image\" \/>\n<meta name=\"twitter:creator\" content=\"@sitemaranhaotv\" \/>\n<meta name=\"twitter:site\" content=\"@sitemaranhaotv\" \/>\n<meta name=\"twitter:label1\" content=\"Escrito por\" \/>\n\t<meta name=\"twitter:data1\" content=\"maranhaotv\" \/>\n\t<meta name=\"twitter:label2\" content=\"Est. tempo de leitura\" \/>\n\t<meta name=\"twitter:data2\" content=\"1 minuto\" \/>\n<script type=\"application\/ld+json\" class=\"yoast-schema-graph\">{\"@context\":\"https:\\\/\\\/schema.org\",\"@graph\":[{\"@type\":\"Article\",\"@id\":\"https:\\\/\\\/maranhaotv.com.br\\\/index.php\\\/2020\\\/03\\\/08\\\/danca-portuguesa-imperio-de-lisboa-comemora-20-anos-na-cultura-luminense\\\/#article\",\"isPartOf\":{\"@id\":\"https:\\\/\\\/maranhaotv.com.br\\\/index.php\\\/2020\\\/03\\\/08\\\/danca-portuguesa-imperio-de-lisboa-comemora-20-anos-na-cultura-luminense\\\/\"},\"author\":{\"name\":\"maranhaotv\",\"@id\":\"https:\\\/\\\/maranhaotv.com.br\\\/#\\\/schema\\\/person\\\/3d54238e86b20bb5c89ab2fdb8f8829a\"},\"headline\":\"Dan\u00e7a portuguesa Imp\u00e9rio de Lisboa comemora 20 anos na cultura luminense\",\"datePublished\":\"2020-03-08T17:15:41+00:00\",\"mainEntityOfPage\":{\"@id\":\"https:\\\/\\\/maranhaotv.com.br\\\/index.php\\\/2020\\\/03\\\/08\\\/danca-portuguesa-imperio-de-lisboa-comemora-20-anos-na-cultura-luminense\\\/\"},\"wordCount\":165,\"publisher\":{\"@id\":\"https:\\\/\\\/maranhaotv.com.br\\\/#organization\"},\"image\":{\"@id\":\"https:\\\/\\\/maranhaotv.com.br\\\/index.php\\\/2020\\\/03\\\/08\\\/danca-portuguesa-imperio-de-lisboa-comemora-20-anos-na-cultura-luminense\\\/#primaryimage\"},\"thumbnailUrl\":\"\",\"articleSection\":[\"cultura\",\"not\u00edcias\"],\"inLanguage\":\"pt-BR\"},{\"@type\":\"WebPage\",\"@id\":\"https:\\\/\\\/maranhaotv.com.br\\\/index.php\\\/2020\\\/03\\\/08\\\/danca-portuguesa-imperio-de-lisboa-comemora-20-anos-na-cultura-luminense\\\/\",\"url\":\"https:\\\/\\\/maranhaotv.com.br\\\/index.php\\\/2020\\\/03\\\/08\\\/danca-portuguesa-imperio-de-lisboa-comemora-20-anos-na-cultura-luminense\\\/\",\"name\":\"Dan\u00e7a portuguesa Imp\u00e9rio de Lisboa comemora 20 anos na cultura luminense - NOT\u00cdCIAS EM TEMPO REAL\",\"isPartOf\":{\"@id\":\"https:\\\/\\\/maranhaotv.com.br\\\/#website\"},\"primaryImageOfPage\":{\"@id\":\"https:\\\/\\\/maranhaotv.com.br\\\/index.php\\\/2020\\\/03\\\/08\\\/danca-portuguesa-imperio-de-lisboa-comemora-20-anos-na-cultura-luminense\\\/#primaryimage\"},\"image\":{\"@id\":\"https:\\\/\\\/maranhaotv.com.br\\\/index.php\\\/2020\\\/03\\\/08\\\/danca-portuguesa-imperio-de-lisboa-comemora-20-anos-na-cultura-luminense\\\/#primaryimage\"},\"thumbnailUrl\":\"\",\"datePublished\":\"2020-03-08T17:15:41+00:00\",\"breadcrumb\":{\"@id\":\"https:\\\/\\\/maranhaotv.com.br\\\/index.php\\\/2020\\\/03\\\/08\\\/danca-portuguesa-imperio-de-lisboa-comemora-20-anos-na-cultura-luminense\\\/#breadcrumb\"},\"inLanguage\":\"pt-BR\",\"potentialAction\":[{\"@type\":\"ReadAction\",\"target\":[\"https:\\\/\\\/maranhaotv.com.br\\\/index.php\\\/2020\\\/03\\\/08\\\/danca-portuguesa-imperio-de-lisboa-comemora-20-anos-na-cultura-luminense\\\/\"]}]},{\"@type\":\"ImageObject\",\"inLanguage\":\"pt-BR\",\"@id\":\"https:\\\/\\\/maranhaotv.com.br\\\/index.php\\\/2020\\\/03\\\/08\\\/danca-portuguesa-imperio-de-lisboa-comemora-20-anos-na-cultura-luminense\\\/#primaryimage\",\"url\":\"\",\"contentUrl\":\"\"},{\"@type\":\"BreadcrumbList\",\"@id\":\"https:\\\/\\\/maranhaotv.com.br\\\/index.php\\\/2020\\\/03\\\/08\\\/danca-portuguesa-imperio-de-lisboa-comemora-20-anos-na-cultura-luminense\\\/#breadcrumb\",\"itemListElement\":[{\"@type\":\"ListItem\",\"position\":1,\"name\":\"In\u00edcio\",\"item\":\"https:\\\/\\\/maranhaotv.com.br\\\/\"},{\"@type\":\"ListItem\",\"position\":2,\"name\":\"Dan\u00e7a portuguesa Imp\u00e9rio de Lisboa comemora 20 anos na cultura luminense\"}]},{\"@type\":\"WebSite\",\"@id\":\"https:\\\/\\\/maranhaotv.com.br\\\/#website\",\"url\":\"https:\\\/\\\/maranhaotv.com.br\\\/\",\"name\":\"Maranh\u00e3oTV\",\"description\":\"\",\"publisher\":{\"@id\":\"https:\\\/\\\/maranhaotv.com.br\\\/#organization\"},\"potentialAction\":[{\"@type\":\"SearchAction\",\"target\":{\"@type\":\"EntryPoint\",\"urlTemplate\":\"https:\\\/\\\/maranhaotv.com.br\\\/?s={search_term_string}\"},\"query-input\":{\"@type\":\"PropertyValueSpecification\",\"valueRequired\":true,\"valueName\":\"search_term_string\"}}],\"inLanguage\":\"pt-BR\"},{\"@type\":\"Organization\",\"@id\":\"https:\\\/\\\/maranhaotv.com.br\\\/#organization\",\"name\":\"Portal de Not\u00edcias\",\"url\":\"https:\\\/\\\/maranhaotv.com.br\\\/\",\"logo\":{\"@type\":\"ImageObject\",\"inLanguage\":\"pt-BR\",\"@id\":\"https:\\\/\\\/maranhaotv.com.br\\\/#\\\/schema\\\/logo\\\/image\\\/\",\"url\":\"https:\\\/\\\/maranhaotv.com.br\\\/wp-content\\\/uploads\\\/2024\\\/05\\\/cropped-cropped-avatar-1.png\",\"contentUrl\":\"https:\\\/\\\/maranhaotv.com.br\\\/wp-content\\\/uploads\\\/2024\\\/05\\\/cropped-cropped-avatar-1.png\",\"width\":792,\"height\":428,\"caption\":\"Portal de Not\u00edcias\"},\"image\":{\"@id\":\"https:\\\/\\\/maranhaotv.com.br\\\/#\\\/schema\\\/logo\\\/image\\\/\"},\"sameAs\":[\"https:\\\/\\\/www.facebook.com\\\/maiobaotv\",\"https:\\\/\\\/x.com\\\/sitemaranhaotv\",\"https:\\\/\\\/www.instagram.com\\\/maranhao.tv\",\"https:\\\/\\\/www.threads.net\\\/@maranhao.tv\"]},{\"@type\":\"Person\",\"@id\":\"https:\\\/\\\/maranhaotv.com.br\\\/#\\\/schema\\\/person\\\/3d54238e86b20bb5c89ab2fdb8f8829a\",\"name\":\"maranhaotv\",\"image\":{\"@type\":\"ImageObject\",\"inLanguage\":\"pt-BR\",\"@id\":\"https:\\\/\\\/secure.gravatar.com\\\/avatar\\\/8fadbca458d4cb68b1dd399ae9a40618d747bb1af65ac9fad21c89220a143eb4?s=96&d=mm&r=g\",\"url\":\"https:\\\/\\\/secure.gravatar.com\\\/avatar\\\/8fadbca458d4cb68b1dd399ae9a40618d747bb1af65ac9fad21c89220a143eb4?s=96&d=mm&r=g\",\"contentUrl\":\"https:\\\/\\\/secure.gravatar.com\\\/avatar\\\/8fadbca458d4cb68b1dd399ae9a40618d747bb1af65ac9fad21c89220a143eb4?s=96&d=mm&r=g\",\"caption\":\"maranhaotv\"},\"sameAs\":[\"https:\\\/\\\/maranhaotv.com.br\\\/\"],\"url\":\"https:\\\/\\\/maranhaotv.com.br\\\/index.php\\\/author\\\/maranhaotv\\\/\"}]}<\/script>\n<!-- \/ Yoast SEO plugin. -->","yoast_head_json":{"title":"Dan\u00e7a portuguesa Imp\u00e9rio de Lisboa comemora 20 anos na cultura luminense - NOT\u00cdCIAS EM TEMPO REAL","robots":{"index":"index","follow":"follow","max-snippet":"max-snippet:-1","max-image-preview":"max-image-preview:large","max-video-preview":"max-video-preview:-1"},"canonical":"https:\/\/maranhaotv.com.br\/index.php\/2020\/03\/08\/danca-portuguesa-imperio-de-lisboa-comemora-20-anos-na-cultura-luminense\/","og_locale":"pt_BR","og_type":"article","og_title":"Dan\u00e7a portuguesa Imp\u00e9rio de Lisboa comemora 20 anos na cultura luminense - NOT\u00cdCIAS EM TEMPO REAL","og_description":"Um dos principais objetivos do grupo \u00e9 estimular sociabiliza\u00e7\u00e3o e promo\u00e7\u00e3o social do jovem da comunidade, al\u00e9m de divulgar a","og_url":"https:\/\/maranhaotv.com.br\/index.php\/2020\/03\/08\/danca-portuguesa-imperio-de-lisboa-comemora-20-anos-na-cultura-luminense\/","og_site_name":"NOT\u00cdCIAS EM TEMPO REAL","article_publisher":"https:\/\/www.facebook.com\/maiobaotv","article_published_time":"2020-03-08T17:15:41+00:00","author":"maranhaotv","twitter_card":"summary_large_image","twitter_creator":"@sitemaranhaotv","twitter_site":"@sitemaranhaotv","twitter_misc":{"Escrito por":"maranhaotv","Est. tempo de leitura":"1 minuto"},"schema":{"@context":"https:\/\/schema.org","@graph":[{"@type":"Article","@id":"https:\/\/maranhaotv.com.br\/index.php\/2020\/03\/08\/danca-portuguesa-imperio-de-lisboa-comemora-20-anos-na-cultura-luminense\/#article","isPartOf":{"@id":"https:\/\/maranhaotv.com.br\/index.php\/2020\/03\/08\/danca-portuguesa-imperio-de-lisboa-comemora-20-anos-na-cultura-luminense\/"},"author":{"name":"maranhaotv","@id":"https:\/\/maranhaotv.com.br\/#\/schema\/person\/3d54238e86b20bb5c89ab2fdb8f8829a"},"headline":"Dan\u00e7a portuguesa Imp\u00e9rio de Lisboa comemora 20 anos na cultura luminense","datePublished":"2020-03-08T17:15:41+00:00","mainEntityOfPage":{"@id":"https:\/\/maranhaotv.com.br\/index.php\/2020\/03\/08\/danca-portuguesa-imperio-de-lisboa-comemora-20-anos-na-cultura-luminense\/"},"wordCount":165,"publisher":{"@id":"https:\/\/maranhaotv.com.br\/#organization"},"image":{"@id":"https:\/\/maranhaotv.com.br\/index.php\/2020\/03\/08\/danca-portuguesa-imperio-de-lisboa-comemora-20-anos-na-cultura-luminense\/#primaryimage"},"thumbnailUrl":"","articleSection":["cultura","not\u00edcias"],"inLanguage":"pt-BR"},{"@type":"WebPage","@id":"https:\/\/maranhaotv.com.br\/index.php\/2020\/03\/08\/danca-portuguesa-imperio-de-lisboa-comemora-20-anos-na-cultura-luminense\/","url":"https:\/\/maranhaotv.com.br\/index.php\/2020\/03\/08\/danca-portuguesa-imperio-de-lisboa-comemora-20-anos-na-cultura-luminense\/","name":"Dan\u00e7a portuguesa Imp\u00e9rio de Lisboa comemora 20 anos na cultura luminense - NOT\u00cdCIAS EM TEMPO REAL","isPartOf":{"@id":"https:\/\/maranhaotv.com.br\/#website"},"primaryImageOfPage":{"@id":"https:\/\/maranhaotv.com.br\/index.php\/2020\/03\/08\/danca-portuguesa-imperio-de-lisboa-comemora-20-anos-na-cultura-luminense\/#primaryimage"},"image":{"@id":"https:\/\/maranhaotv.com.br\/index.php\/2020\/03\/08\/danca-portuguesa-imperio-de-lisboa-comemora-20-anos-na-cultura-luminense\/#primaryimage"},"thumbnailUrl":"","datePublished":"2020-03-08T17:15:41+00:00","breadcrumb":{"@id":"https:\/\/maranhaotv.com.br\/index.php\/2020\/03\/08\/danca-portuguesa-imperio-de-lisboa-comemora-20-anos-na-cultura-luminense\/#breadcrumb"},"inLanguage":"pt-BR","potentialAction":[{"@type":"ReadAction","target":["https:\/\/maranhaotv.com.br\/index.php\/2020\/03\/08\/danca-portuguesa-imperio-de-lisboa-comemora-20-anos-na-cultura-luminense\/"]}]},{"@type":"ImageObject","inLanguage":"pt-BR","@id":"https:\/\/maranhaotv.com.br\/index.php\/2020\/03\/08\/danca-portuguesa-imperio-de-lisboa-comemora-20-anos-na-cultura-luminense\/#primaryimage","url":"","contentUrl":""},{"@type":"BreadcrumbList","@id":"https:\/\/maranhaotv.com.br\/index.php\/2020\/03\/08\/danca-portuguesa-imperio-de-lisboa-comemora-20-anos-na-cultura-luminense\/#breadcrumb","itemListElement":[{"@type":"ListItem","position":1,"name":"In\u00edcio","item":"https:\/\/maranhaotv.com.br\/"},{"@type":"ListItem","position":2,"name":"Dan\u00e7a portuguesa Imp\u00e9rio de Lisboa comemora 20 anos na cultura luminense"}]},{"@type":"WebSite","@id":"https:\/\/maranhaotv.com.br\/#website","url":"https:\/\/maranhaotv.com.br\/","name":"Maranh\u00e3oTV","description":"","publisher":{"@id":"https:\/\/maranhaotv.com.br\/#organization"},"potentialAction":[{"@type":"SearchAction","target":{"@type":"EntryPoint","urlTemplate":"https:\/\/maranhaotv.com.br\/?s={search_term_string}"},"query-input":{"@type":"PropertyValueSpecification","valueRequired":true,"valueName":"search_term_string"}}],"inLanguage":"pt-BR"},{"@type":"Organization","@id":"https:\/\/maranhaotv.com.br\/#organization","name":"Portal de Not\u00edcias","url":"https:\/\/maranhaotv.com.br\/","logo":{"@type":"ImageObject","inLanguage":"pt-BR","@id":"https:\/\/maranhaotv.com.br\/#\/schema\/logo\/image\/","url":"https:\/\/maranhaotv.com.br\/wp-content\/uploads\/2024\/05\/cropped-cropped-avatar-1.png","contentUrl":"https:\/\/maranhaotv.com.br\/wp-content\/uploads\/2024\/05\/cropped-cropped-avatar-1.png","width":792,"height":428,"caption":"Portal de Not\u00edcias"},"image":{"@id":"https:\/\/maranhaotv.com.br\/#\/schema\/logo\/image\/"},"sameAs":["https:\/\/www.facebook.com\/maiobaotv","https:\/\/x.com\/sitemaranhaotv","https:\/\/www.instagram.com\/maranhao.tv","https:\/\/www.threads.net\/@maranhao.tv"]},{"@type":"Person","@id":"https:\/\/maranhaotv.com.br\/#\/schema\/person\/3d54238e86b20bb5c89ab2fdb8f8829a","name":"maranhaotv","image":{"@type":"ImageObject","inLanguage":"pt-BR","@id":"https:\/\/secure.gravatar.com\/avatar\/8fadbca458d4cb68b1dd399ae9a40618d747bb1af65ac9fad21c89220a143eb4?s=96&d=mm&r=g","url":"https:\/\/secure.gravatar.com\/avatar\/8fadbca458d4cb68b1dd399ae9a40618d747bb1af65ac9fad21c89220a143eb4?s=96&d=mm&r=g","contentUrl":"https:\/\/secure.gravatar.com\/avatar\/8fadbca458d4cb68b1dd399ae9a40618d747bb1af65ac9fad21c89220a143eb4?s=96&d=mm&r=g","caption":"maranhaotv"},"sameAs":["https:\/\/maranhaotv.com.br\/"],"url":"https:\/\/maranhaotv.com.br\/index.php\/author\/maranhaotv\/"}]}},"jetpack_featured_media_url":"","jetpack_sharing_enabled":true,"_links":{"self":[{"href":"https:\/\/maranhaotv.com.br\/index.php\/wp-json\/wp\/v2\/posts\/10207","targetHints":{"allow":["GET"]}}],"collection":[{"href":"https:\/\/maranhaotv.com.br\/index.php\/wp-json\/wp\/v2\/posts"}],"about":[{"href":"https:\/\/maranhaotv.com.br\/index.php\/wp-json\/wp\/v2\/types\/post"}],"author":[{"embeddable":true,"href":"https:\/\/maranhaotv.com.br\/index.php\/wp-json\/wp\/v2\/users\/2"}],"replies":[{"embeddable":true,"href":"https:\/\/maranhaotv.com.br\/index.php\/wp-json\/wp\/v2\/comments?post=10207"}],"version-history":[{"count":0,"href":"https:\/\/maranhaotv.com.br\/index.php\/wp-json\/wp\/v2\/posts\/10207\/revisions"}],"wp:featuredmedia":[{"embeddable":true,"href":"https:\/\/maranhaotv.com.br\/index.php\/wp-json\/"}],"wp:attachment":[{"href":"https:\/\/maranhaotv.com.br\/index.php\/wp-json\/wp\/v2\/media?parent=10207"}],"wp:term":[{"taxonomy":"category","embeddable":true,"href":"https:\/\/maranhaotv.com.br\/index.php\/wp-json\/wp\/v2\/categories?post=10207"},{"taxonomy":"post_tag","embeddable":true,"href":"https:\/\/maranhaotv.com.br\/index.php\/wp-json\/wp\/v2\/tags?post=10207"}],"curies":[{"name":"wp","href":"https:\/\/api.w.org\/{rel}","templated":true}]}}