{"id":10228,"date":"2020-03-09T11:48:34","date_gmt":"2020-03-09T14:48:34","guid":{"rendered":"https:\/\/maiobaotv.com.br\/?p=10228"},"modified":"2020-03-09T11:48:34","modified_gmt":"2020-03-09T14:48:34","slug":"sucupira-do-riachao-mp-ingressa-com-acao-por-improbidade-contra-prefeita","status":"publish","type":"post","link":"https:\/\/maranhaotv.com.br\/index.php\/2020\/03\/09\/sucupira-do-riachao-mp-ingressa-com-acao-por-improbidade-contra-prefeita\/","title":{"rendered":"SUCUPIRA DO RIACH\u00c3O &#8211; MP ingressa com A\u00e7\u00e3o por improbidade contra prefeita"},"content":{"rendered":"<p>O Minist\u00e9rio P\u00fablico do Maranh\u00e3o ingressou no \u00faltimo dia 28 de fevereiro com A\u00e7\u00e3o Civil P\u00fablica por Improbidade Administrativa contra a prefeita de Sucupira do Riach\u00e3o, Gilz\u00e2nia Ribeiro Azevedo, o funcion\u00e1rio p\u00fablico Jos\u00e9 Warlen Barbosa e duas empresas prestadoras de servi\u00e7o. <\/p>\n<p>A a\u00e7\u00e3o, ajuizada pelo promotor de justi\u00e7a de S\u00e3o Jo\u00e3o dos Patos, Renato Ighor Viturino Arag\u00e3o, foi motivada por irregularidades encontradas em processos de licita\u00e7\u00e3o realizados pela prefeitura para contrata\u00e7\u00e3o de obras de saneamento, pavimenta\u00e7\u00e3o de ruas e reforma de uma pra\u00e7a em Sucupira do Riach\u00e3o. O munic\u00edpio \u00e9 termo judici\u00e1rio da Comarca de S\u00e3o Jo\u00e3o dos Patos.<\/p>\n<p>Em 2014, o MPMA teve conhecimento de que a Prefeitura de Sucupira do Riach\u00e3o firmou dois conv\u00eanios com a Secretaria de Estado das Cidades e Desenvolvimento Urbano (Secid), com o objetivo de promover a implanta\u00e7\u00e3o do saneamento ambiental, de realizar servi\u00e7os de pavimenta\u00e7\u00e3o de vias urbanas e a reforma da Pra\u00e7a S\u00e3o Benedito. A documenta\u00e7\u00e3o apresentada pelo munic\u00edpio indica que a prefeita autorizou a abertura de procedimentos licitat\u00f3rios nesse ano de 2014.<\/p>\n<p>Sa\u00edram vencedoras do processo de licita\u00e7\u00e3o as empresas Prest Serv Constru\u00e7\u00f5es LTDA e S.C. Constru\u00e7\u00f5es LTDA. O primeiro conv\u00eanio, no valor de R$ 630.000,00, previa que o saneamento ambiental e a pavimenta\u00e7\u00e3o das ruas seriam realizados com recursos do Governo do Estado e do Munic\u00edpio. E o segundo, que tratava da reforma da pra\u00e7a, tamb\u00e9m em parceria entre os governos estadual e municipal, tinha custos no valor de R$ 262.500,00.<\/p>\n<p>Em parecer da assessoria t\u00e9cnica da Procuradoria Geral de Justi\u00e7a, foram apontadas irregularidades nos processos licitat\u00f3rios, especialmente em rela\u00e7\u00e3o \u00e0 aus\u00eancia dos projetos b\u00e1sico e executivo da obra; n\u00e3o houve a ampla divulga\u00e7\u00e3o do processo; aus\u00eancias de comprovante de empenho, de pareceres t\u00e9cnicos e jur\u00eddicos sobre a licita\u00e7\u00e3o, documentos da empresa vencedora, bem como de publica\u00e7\u00e3o resumida do instrumento do contrato. \u201cEsses fatos levam \u00e0 conclus\u00e3o de que se trataram de licita\u00e7\u00f5es irregulares, com parca publicidade, que impossibilitaram um maior conhecimento dos certames por pretensos interessados e, consequentemente, uma melhor proposta de contrato para a administra\u00e7\u00e3o p\u00fablica\u201d, comentou o promotor de justi\u00e7a Renato Viturino Arag\u00e3o.<\/p>\n<p>A Secid declarou que a prefeitura recebeu R$ 180.000,00 para dar in\u00edcio \u00e0 pavimenta\u00e7\u00e3o das vias urbanas e R$ 175.000,00 para iniciar a reforma da Pra\u00e7a S\u00e3o Benedito.<\/p>\n<p>ENDERE\u00c7OS DAS EMPRESAS<\/p>\n<p>Durante as investiga\u00e7\u00f5es, o Minist\u00e9rio P\u00fablico constatou que os endere\u00e7os indicados como sedes das empresas s\u00e3o apenas resid\u00eancias comuns, onde n\u00e3o foi observado nenhum tipo de comercializa\u00e7\u00e3o, presen\u00e7a de equipamentos e m\u00e1quinas.<\/p>\n<p>O pregoeiro do Munic\u00edpio de Sucupira do Riach\u00e3o, Jos\u00e9 Warlen Barbosa da Silva, homologou o resultado das licita\u00e7\u00f5es, que ainda foi avalizado pela assessoria jur\u00eddica da Prefeitura e, em seguida, os contratos com as empresas foram assinados pela prefeita Gilz\u00e2nia Ribeiro.<\/p>\n<p>PEDIDOS<\/p>\n<p>Ao final da a\u00e7\u00e3o, o Minist\u00e9rio P\u00fablico requer a condena\u00e7\u00e3o da prefeita Gilz\u00e2nia Ribeiro, do pregoeiro Jos\u00e9 Warlen e das duas empresas prestadoras de servi\u00e7o, com aplica\u00e7\u00e3o das penalidades previstas na Lei de Improbidade Administrativa, entre as quais est\u00e3o o ressarcimento integral do dano, perda dos bens ou valores acrescidos ilicitamente ao patrim\u00f4nio, perda da fun\u00e7\u00e3o p\u00fablica, suspens\u00e3o dos direitos pol\u00edticos, pagamento de multa e proibi\u00e7\u00e3o de contratar com o Poder P\u00fablico ou receber benef\u00edcios ou incentivos fiscais ou credit\u00edcios, direta ou indiretamente, pelo prazo de tr\u00eas ou cinco anos.<\/p>\n<p><img loading=\"lazy\" decoding=\"async\" src=\"https:\/\/maiobaotv.com.br\/wp-content\/uploads\/2020\/03\/apenas-em-2019-gestao-da-prefeita-gilza-ribeiro-em-sucupira-do-riachao-gastou-quase-r-115-mil-com-diarias-e-viagens.jpg\" class=\"wp-image-10227 alignnone size-full\" width=\"800\" height=\"500\"><\/p>\n<p>Minist\u00e9rio P\u00fablico<\/p>\n","protected":false},"excerpt":{"rendered":"<p>O Minist\u00e9rio P\u00fablico do Maranh\u00e3o ingressou no \u00faltimo dia 28 de fevereiro com A\u00e7\u00e3o Civil P\u00fablica por Improbidade Administrativa contra<\/p>\n","protected":false},"author":2,"featured_media":10229,"comment_status":"closed","ping_status":"closed","sticky":false,"template":"","format":"standard","meta":{"colormag_page_container_layout":"default_layout","colormag_page_sidebar_layout":"default_layout","_jetpack_memberships_contains_paid_content":false,"footnotes":""},"categories":[2,6],"tags":[130],"class_list":["post-10228","post","type-post","status-publish","format-standard","has-post-thumbnail","hentry","category-noticias","category-politica","tag-sucupira-do-riachao"],"magazineBlocksPostFeaturedMedia":{"thumbnail":false,"medium":false,"medium_large":false,"large":false,"1536x1536":false,"2048x2048":false,"colormag-highlighted-post":false,"colormag-featured-post-medium":false,"colormag-featured-post-small":false,"colormag-featured-image":false,"colormag-default-news":false,"colormag-featured-image-large":false},"magazineBlocksPostAuthor":{"name":"maranhaotv","avatar":"https:\/\/secure.gravatar.com\/avatar\/8fadbca458d4cb68b1dd399ae9a40618d747bb1af65ac9fad21c89220a143eb4?s=96&d=mm&r=g"},"magazineBlocksPostCommentsNumber":false,"magazineBlocksPostExcerpt":"O Minist\u00e9rio P\u00fablico do Maranh\u00e3o ingressou no \u00faltimo dia 28 de fevereiro com A\u00e7\u00e3o Civil P\u00fablica por Improbidade Administrativa contra","magazineBlocksPostCategories":["not\u00edcias","pol\u00edtica"],"magazineBlocksPostViewCount":193,"magazineBlocksPostReadTime":4,"magazine_blocks_featured_image_url":{"full":false,"medium":false,"thumbnail":false},"magazine_blocks_author":{"display_name":"maranhaotv","author_link":"https:\/\/maranhaotv.com.br\/index.php\/author\/maranhaotv\/"},"magazine_blocks_comment":0,"magazine_blocks_author_image":"https:\/\/secure.gravatar.com\/avatar\/8fadbca458d4cb68b1dd399ae9a40618d747bb1af65ac9fad21c89220a143eb4?s=96&d=mm&r=g","magazine_blocks_category":"<a href=\"#\" class=\"category-link category-link-2\">not\u00edcias<\/a> <a href=\"#\" class=\"category-link category-link-6\">pol\u00edtica<\/a>","yoast_head":"<!-- This site is optimized with the Yoast SEO plugin v27.4 - https:\/\/yoast.com\/product\/yoast-seo-wordpress\/ -->\n<title>SUCUPIRA DO RIACH\u00c3O - MP ingressa com A\u00e7\u00e3o por improbidade contra prefeita - NOT\u00cdCIAS EM TEMPO REAL<\/title>\n<meta name=\"robots\" content=\"index, follow, max-snippet:-1, max-image-preview:large, max-video-preview:-1\" \/>\n<link rel=\"canonical\" href=\"https:\/\/maranhaotv.com.br\/index.php\/2020\/03\/09\/sucupira-do-riachao-mp-ingressa-com-acao-por-improbidade-contra-prefeita\/\" \/>\n<meta property=\"og:locale\" content=\"pt_BR\" \/>\n<meta property=\"og:type\" content=\"article\" \/>\n<meta property=\"og:title\" content=\"SUCUPIRA DO RIACH\u00c3O - MP ingressa com A\u00e7\u00e3o por improbidade contra prefeita - NOT\u00cdCIAS EM TEMPO REAL\" \/>\n<meta property=\"og:description\" content=\"O Minist\u00e9rio P\u00fablico do Maranh\u00e3o ingressou no \u00faltimo dia 28 de fevereiro com A\u00e7\u00e3o Civil P\u00fablica por Improbidade Administrativa contra\" \/>\n<meta property=\"og:url\" content=\"https:\/\/maranhaotv.com.br\/index.php\/2020\/03\/09\/sucupira-do-riachao-mp-ingressa-com-acao-por-improbidade-contra-prefeita\/\" \/>\n<meta property=\"og:site_name\" content=\"NOT\u00cdCIAS EM TEMPO REAL\" \/>\n<meta property=\"article:publisher\" content=\"https:\/\/www.facebook.com\/maiobaotv\" \/>\n<meta property=\"article:published_time\" content=\"2020-03-09T14:48:34+00:00\" \/>\n<meta name=\"author\" content=\"maranhaotv\" \/>\n<meta name=\"twitter:card\" content=\"summary_large_image\" \/>\n<meta name=\"twitter:creator\" content=\"@sitemaranhaotv\" \/>\n<meta name=\"twitter:site\" content=\"@sitemaranhaotv\" \/>\n<meta name=\"twitter:label1\" content=\"Escrito por\" \/>\n\t<meta name=\"twitter:data1\" content=\"maranhaotv\" \/>\n\t<meta name=\"twitter:label2\" content=\"Est. tempo de leitura\" \/>\n\t<meta name=\"twitter:data2\" content=\"3 minutos\" \/>\n<script type=\"application\/ld+json\" class=\"yoast-schema-graph\">{\"@context\":\"https:\\\/\\\/schema.org\",\"@graph\":[{\"@type\":\"Article\",\"@id\":\"https:\\\/\\\/maranhaotv.com.br\\\/index.php\\\/2020\\\/03\\\/09\\\/sucupira-do-riachao-mp-ingressa-com-acao-por-improbidade-contra-prefeita\\\/#article\",\"isPartOf\":{\"@id\":\"https:\\\/\\\/maranhaotv.com.br\\\/index.php\\\/2020\\\/03\\\/09\\\/sucupira-do-riachao-mp-ingressa-com-acao-por-improbidade-contra-prefeita\\\/\"},\"author\":{\"name\":\"maranhaotv\",\"@id\":\"https:\\\/\\\/maranhaotv.com.br\\\/#\\\/schema\\\/person\\\/3d54238e86b20bb5c89ab2fdb8f8829a\"},\"headline\":\"SUCUPIRA DO RIACH\u00c3O &#8211; MP ingressa com A\u00e7\u00e3o por improbidade contra prefeita\",\"datePublished\":\"2020-03-09T14:48:34+00:00\",\"mainEntityOfPage\":{\"@id\":\"https:\\\/\\\/maranhaotv.com.br\\\/index.php\\\/2020\\\/03\\\/09\\\/sucupira-do-riachao-mp-ingressa-com-acao-por-improbidade-contra-prefeita\\\/\"},\"wordCount\":649,\"publisher\":{\"@id\":\"https:\\\/\\\/maranhaotv.com.br\\\/#organization\"},\"image\":{\"@id\":\"https:\\\/\\\/maranhaotv.com.br\\\/index.php\\\/2020\\\/03\\\/09\\\/sucupira-do-riachao-mp-ingressa-com-acao-por-improbidade-contra-prefeita\\\/#primaryimage\"},\"thumbnailUrl\":\"\",\"keywords\":[\"Sucupira do Riach\u00e3o\"],\"articleSection\":[\"not\u00edcias\",\"pol\u00edtica\"],\"inLanguage\":\"pt-BR\"},{\"@type\":\"WebPage\",\"@id\":\"https:\\\/\\\/maranhaotv.com.br\\\/index.php\\\/2020\\\/03\\\/09\\\/sucupira-do-riachao-mp-ingressa-com-acao-por-improbidade-contra-prefeita\\\/\",\"url\":\"https:\\\/\\\/maranhaotv.com.br\\\/index.php\\\/2020\\\/03\\\/09\\\/sucupira-do-riachao-mp-ingressa-com-acao-por-improbidade-contra-prefeita\\\/\",\"name\":\"SUCUPIRA DO RIACH\u00c3O - MP ingressa com A\u00e7\u00e3o por improbidade contra prefeita - NOT\u00cdCIAS EM TEMPO REAL\",\"isPartOf\":{\"@id\":\"https:\\\/\\\/maranhaotv.com.br\\\/#website\"},\"primaryImageOfPage\":{\"@id\":\"https:\\\/\\\/maranhaotv.com.br\\\/index.php\\\/2020\\\/03\\\/09\\\/sucupira-do-riachao-mp-ingressa-com-acao-por-improbidade-contra-prefeita\\\/#primaryimage\"},\"image\":{\"@id\":\"https:\\\/\\\/maranhaotv.com.br\\\/index.php\\\/2020\\\/03\\\/09\\\/sucupira-do-riachao-mp-ingressa-com-acao-por-improbidade-contra-prefeita\\\/#primaryimage\"},\"thumbnailUrl\":\"\",\"datePublished\":\"2020-03-09T14:48:34+00:00\",\"breadcrumb\":{\"@id\":\"https:\\\/\\\/maranhaotv.com.br\\\/index.php\\\/2020\\\/03\\\/09\\\/sucupira-do-riachao-mp-ingressa-com-acao-por-improbidade-contra-prefeita\\\/#breadcrumb\"},\"inLanguage\":\"pt-BR\",\"potentialAction\":[{\"@type\":\"ReadAction\",\"target\":[\"https:\\\/\\\/maranhaotv.com.br\\\/index.php\\\/2020\\\/03\\\/09\\\/sucupira-do-riachao-mp-ingressa-com-acao-por-improbidade-contra-prefeita\\\/\"]}]},{\"@type\":\"ImageObject\",\"inLanguage\":\"pt-BR\",\"@id\":\"https:\\\/\\\/maranhaotv.com.br\\\/index.php\\\/2020\\\/03\\\/09\\\/sucupira-do-riachao-mp-ingressa-com-acao-por-improbidade-contra-prefeita\\\/#primaryimage\",\"url\":\"\",\"contentUrl\":\"\"},{\"@type\":\"BreadcrumbList\",\"@id\":\"https:\\\/\\\/maranhaotv.com.br\\\/index.php\\\/2020\\\/03\\\/09\\\/sucupira-do-riachao-mp-ingressa-com-acao-por-improbidade-contra-prefeita\\\/#breadcrumb\",\"itemListElement\":[{\"@type\":\"ListItem\",\"position\":1,\"name\":\"In\u00edcio\",\"item\":\"https:\\\/\\\/maranhaotv.com.br\\\/\"},{\"@type\":\"ListItem\",\"position\":2,\"name\":\"SUCUPIRA DO RIACH\u00c3O &#8211; MP ingressa com A\u00e7\u00e3o por improbidade contra prefeita\"}]},{\"@type\":\"WebSite\",\"@id\":\"https:\\\/\\\/maranhaotv.com.br\\\/#website\",\"url\":\"https:\\\/\\\/maranhaotv.com.br\\\/\",\"name\":\"Maranh\u00e3oTV\",\"description\":\"\",\"publisher\":{\"@id\":\"https:\\\/\\\/maranhaotv.com.br\\\/#organization\"},\"potentialAction\":[{\"@type\":\"SearchAction\",\"target\":{\"@type\":\"EntryPoint\",\"urlTemplate\":\"https:\\\/\\\/maranhaotv.com.br\\\/?s={search_term_string}\"},\"query-input\":{\"@type\":\"PropertyValueSpecification\",\"valueRequired\":true,\"valueName\":\"search_term_string\"}}],\"inLanguage\":\"pt-BR\"},{\"@type\":\"Organization\",\"@id\":\"https:\\\/\\\/maranhaotv.com.br\\\/#organization\",\"name\":\"Portal de Not\u00edcias\",\"url\":\"https:\\\/\\\/maranhaotv.com.br\\\/\",\"logo\":{\"@type\":\"ImageObject\",\"inLanguage\":\"pt-BR\",\"@id\":\"https:\\\/\\\/maranhaotv.com.br\\\/#\\\/schema\\\/logo\\\/image\\\/\",\"url\":\"https:\\\/\\\/maranhaotv.com.br\\\/wp-content\\\/uploads\\\/2024\\\/05\\\/cropped-cropped-avatar-1.png\",\"contentUrl\":\"https:\\\/\\\/maranhaotv.com.br\\\/wp-content\\\/uploads\\\/2024\\\/05\\\/cropped-cropped-avatar-1.png\",\"width\":792,\"height\":428,\"caption\":\"Portal de Not\u00edcias\"},\"image\":{\"@id\":\"https:\\\/\\\/maranhaotv.com.br\\\/#\\\/schema\\\/logo\\\/image\\\/\"},\"sameAs\":[\"https:\\\/\\\/www.facebook.com\\\/maiobaotv\",\"https:\\\/\\\/x.com\\\/sitemaranhaotv\",\"https:\\\/\\\/www.instagram.com\\\/maranhao.tv\",\"https:\\\/\\\/www.threads.net\\\/@maranhao.tv\"]},{\"@type\":\"Person\",\"@id\":\"https:\\\/\\\/maranhaotv.com.br\\\/#\\\/schema\\\/person\\\/3d54238e86b20bb5c89ab2fdb8f8829a\",\"name\":\"maranhaotv\",\"image\":{\"@type\":\"ImageObject\",\"inLanguage\":\"pt-BR\",\"@id\":\"https:\\\/\\\/secure.gravatar.com\\\/avatar\\\/8fadbca458d4cb68b1dd399ae9a40618d747bb1af65ac9fad21c89220a143eb4?s=96&d=mm&r=g\",\"url\":\"https:\\\/\\\/secure.gravatar.com\\\/avatar\\\/8fadbca458d4cb68b1dd399ae9a40618d747bb1af65ac9fad21c89220a143eb4?s=96&d=mm&r=g\",\"contentUrl\":\"https:\\\/\\\/secure.gravatar.com\\\/avatar\\\/8fadbca458d4cb68b1dd399ae9a40618d747bb1af65ac9fad21c89220a143eb4?s=96&d=mm&r=g\",\"caption\":\"maranhaotv\"},\"sameAs\":[\"https:\\\/\\\/maranhaotv.com.br\\\/\"],\"url\":\"https:\\\/\\\/maranhaotv.com.br\\\/index.php\\\/author\\\/maranhaotv\\\/\"}]}<\/script>\n<!-- \/ Yoast SEO plugin. -->","yoast_head_json":{"title":"SUCUPIRA DO RIACH\u00c3O - MP ingressa com A\u00e7\u00e3o por improbidade contra prefeita - NOT\u00cdCIAS EM TEMPO REAL","robots":{"index":"index","follow":"follow","max-snippet":"max-snippet:-1","max-image-preview":"max-image-preview:large","max-video-preview":"max-video-preview:-1"},"canonical":"https:\/\/maranhaotv.com.br\/index.php\/2020\/03\/09\/sucupira-do-riachao-mp-ingressa-com-acao-por-improbidade-contra-prefeita\/","og_locale":"pt_BR","og_type":"article","og_title":"SUCUPIRA DO RIACH\u00c3O - MP ingressa com A\u00e7\u00e3o por improbidade contra prefeita - NOT\u00cdCIAS EM TEMPO REAL","og_description":"O Minist\u00e9rio P\u00fablico do Maranh\u00e3o ingressou no \u00faltimo dia 28 de fevereiro com A\u00e7\u00e3o Civil P\u00fablica por Improbidade Administrativa contra","og_url":"https:\/\/maranhaotv.com.br\/index.php\/2020\/03\/09\/sucupira-do-riachao-mp-ingressa-com-acao-por-improbidade-contra-prefeita\/","og_site_name":"NOT\u00cdCIAS EM TEMPO REAL","article_publisher":"https:\/\/www.facebook.com\/maiobaotv","article_published_time":"2020-03-09T14:48:34+00:00","author":"maranhaotv","twitter_card":"summary_large_image","twitter_creator":"@sitemaranhaotv","twitter_site":"@sitemaranhaotv","twitter_misc":{"Escrito por":"maranhaotv","Est. tempo de leitura":"3 minutos"},"schema":{"@context":"https:\/\/schema.org","@graph":[{"@type":"Article","@id":"https:\/\/maranhaotv.com.br\/index.php\/2020\/03\/09\/sucupira-do-riachao-mp-ingressa-com-acao-por-improbidade-contra-prefeita\/#article","isPartOf":{"@id":"https:\/\/maranhaotv.com.br\/index.php\/2020\/03\/09\/sucupira-do-riachao-mp-ingressa-com-acao-por-improbidade-contra-prefeita\/"},"author":{"name":"maranhaotv","@id":"https:\/\/maranhaotv.com.br\/#\/schema\/person\/3d54238e86b20bb5c89ab2fdb8f8829a"},"headline":"SUCUPIRA DO RIACH\u00c3O &#8211; MP ingressa com A\u00e7\u00e3o por improbidade contra prefeita","datePublished":"2020-03-09T14:48:34+00:00","mainEntityOfPage":{"@id":"https:\/\/maranhaotv.com.br\/index.php\/2020\/03\/09\/sucupira-do-riachao-mp-ingressa-com-acao-por-improbidade-contra-prefeita\/"},"wordCount":649,"publisher":{"@id":"https:\/\/maranhaotv.com.br\/#organization"},"image":{"@id":"https:\/\/maranhaotv.com.br\/index.php\/2020\/03\/09\/sucupira-do-riachao-mp-ingressa-com-acao-por-improbidade-contra-prefeita\/#primaryimage"},"thumbnailUrl":"","keywords":["Sucupira do Riach\u00e3o"],"articleSection":["not\u00edcias","pol\u00edtica"],"inLanguage":"pt-BR"},{"@type":"WebPage","@id":"https:\/\/maranhaotv.com.br\/index.php\/2020\/03\/09\/sucupira-do-riachao-mp-ingressa-com-acao-por-improbidade-contra-prefeita\/","url":"https:\/\/maranhaotv.com.br\/index.php\/2020\/03\/09\/sucupira-do-riachao-mp-ingressa-com-acao-por-improbidade-contra-prefeita\/","name":"SUCUPIRA DO RIACH\u00c3O - MP ingressa com A\u00e7\u00e3o por improbidade contra prefeita - NOT\u00cdCIAS EM TEMPO REAL","isPartOf":{"@id":"https:\/\/maranhaotv.com.br\/#website"},"primaryImageOfPage":{"@id":"https:\/\/maranhaotv.com.br\/index.php\/2020\/03\/09\/sucupira-do-riachao-mp-ingressa-com-acao-por-improbidade-contra-prefeita\/#primaryimage"},"image":{"@id":"https:\/\/maranhaotv.com.br\/index.php\/2020\/03\/09\/sucupira-do-riachao-mp-ingressa-com-acao-por-improbidade-contra-prefeita\/#primaryimage"},"thumbnailUrl":"","datePublished":"2020-03-09T14:48:34+00:00","breadcrumb":{"@id":"https:\/\/maranhaotv.com.br\/index.php\/2020\/03\/09\/sucupira-do-riachao-mp-ingressa-com-acao-por-improbidade-contra-prefeita\/#breadcrumb"},"inLanguage":"pt-BR","potentialAction":[{"@type":"ReadAction","target":["https:\/\/maranhaotv.com.br\/index.php\/2020\/03\/09\/sucupira-do-riachao-mp-ingressa-com-acao-por-improbidade-contra-prefeita\/"]}]},{"@type":"ImageObject","inLanguage":"pt-BR","@id":"https:\/\/maranhaotv.com.br\/index.php\/2020\/03\/09\/sucupira-do-riachao-mp-ingressa-com-acao-por-improbidade-contra-prefeita\/#primaryimage","url":"","contentUrl":""},{"@type":"BreadcrumbList","@id":"https:\/\/maranhaotv.com.br\/index.php\/2020\/03\/09\/sucupira-do-riachao-mp-ingressa-com-acao-por-improbidade-contra-prefeita\/#breadcrumb","itemListElement":[{"@type":"ListItem","position":1,"name":"In\u00edcio","item":"https:\/\/maranhaotv.com.br\/"},{"@type":"ListItem","position":2,"name":"SUCUPIRA DO RIACH\u00c3O &#8211; MP ingressa com A\u00e7\u00e3o por improbidade contra prefeita"}]},{"@type":"WebSite","@id":"https:\/\/maranhaotv.com.br\/#website","url":"https:\/\/maranhaotv.com.br\/","name":"Maranh\u00e3oTV","description":"","publisher":{"@id":"https:\/\/maranhaotv.com.br\/#organization"},"potentialAction":[{"@type":"SearchAction","target":{"@type":"EntryPoint","urlTemplate":"https:\/\/maranhaotv.com.br\/?s={search_term_string}"},"query-input":{"@type":"PropertyValueSpecification","valueRequired":true,"valueName":"search_term_string"}}],"inLanguage":"pt-BR"},{"@type":"Organization","@id":"https:\/\/maranhaotv.com.br\/#organization","name":"Portal de Not\u00edcias","url":"https:\/\/maranhaotv.com.br\/","logo":{"@type":"ImageObject","inLanguage":"pt-BR","@id":"https:\/\/maranhaotv.com.br\/#\/schema\/logo\/image\/","url":"https:\/\/maranhaotv.com.br\/wp-content\/uploads\/2024\/05\/cropped-cropped-avatar-1.png","contentUrl":"https:\/\/maranhaotv.com.br\/wp-content\/uploads\/2024\/05\/cropped-cropped-avatar-1.png","width":792,"height":428,"caption":"Portal de Not\u00edcias"},"image":{"@id":"https:\/\/maranhaotv.com.br\/#\/schema\/logo\/image\/"},"sameAs":["https:\/\/www.facebook.com\/maiobaotv","https:\/\/x.com\/sitemaranhaotv","https:\/\/www.instagram.com\/maranhao.tv","https:\/\/www.threads.net\/@maranhao.tv"]},{"@type":"Person","@id":"https:\/\/maranhaotv.com.br\/#\/schema\/person\/3d54238e86b20bb5c89ab2fdb8f8829a","name":"maranhaotv","image":{"@type":"ImageObject","inLanguage":"pt-BR","@id":"https:\/\/secure.gravatar.com\/avatar\/8fadbca458d4cb68b1dd399ae9a40618d747bb1af65ac9fad21c89220a143eb4?s=96&d=mm&r=g","url":"https:\/\/secure.gravatar.com\/avatar\/8fadbca458d4cb68b1dd399ae9a40618d747bb1af65ac9fad21c89220a143eb4?s=96&d=mm&r=g","contentUrl":"https:\/\/secure.gravatar.com\/avatar\/8fadbca458d4cb68b1dd399ae9a40618d747bb1af65ac9fad21c89220a143eb4?s=96&d=mm&r=g","caption":"maranhaotv"},"sameAs":["https:\/\/maranhaotv.com.br\/"],"url":"https:\/\/maranhaotv.com.br\/index.php\/author\/maranhaotv\/"}]}},"jetpack_featured_media_url":"","jetpack_sharing_enabled":true,"_links":{"self":[{"href":"https:\/\/maranhaotv.com.br\/index.php\/wp-json\/wp\/v2\/posts\/10228","targetHints":{"allow":["GET"]}}],"collection":[{"href":"https:\/\/maranhaotv.com.br\/index.php\/wp-json\/wp\/v2\/posts"}],"about":[{"href":"https:\/\/maranhaotv.com.br\/index.php\/wp-json\/wp\/v2\/types\/post"}],"author":[{"embeddable":true,"href":"https:\/\/maranhaotv.com.br\/index.php\/wp-json\/wp\/v2\/users\/2"}],"replies":[{"embeddable":true,"href":"https:\/\/maranhaotv.com.br\/index.php\/wp-json\/wp\/v2\/comments?post=10228"}],"version-history":[{"count":0,"href":"https:\/\/maranhaotv.com.br\/index.php\/wp-json\/wp\/v2\/posts\/10228\/revisions"}],"wp:featuredmedia":[{"embeddable":true,"href":"https:\/\/maranhaotv.com.br\/index.php\/wp-json\/"}],"wp:attachment":[{"href":"https:\/\/maranhaotv.com.br\/index.php\/wp-json\/wp\/v2\/media?parent=10228"}],"wp:term":[{"taxonomy":"category","embeddable":true,"href":"https:\/\/maranhaotv.com.br\/index.php\/wp-json\/wp\/v2\/categories?post=10228"},{"taxonomy":"post_tag","embeddable":true,"href":"https:\/\/maranhaotv.com.br\/index.php\/wp-json\/wp\/v2\/tags?post=10228"}],"curies":[{"name":"wp","href":"https:\/\/api.w.org\/{rel}","templated":true}]}}