{"id":10260,"date":"2020-03-10T10:34:38","date_gmt":"2020-03-10T13:34:38","guid":{"rendered":"https:\/\/maiobaotv.com.br\/?p=10260"},"modified":"2020-03-10T10:34:38","modified_gmt":"2020-03-10T13:34:38","slug":"icone-do-tiro-esportivo-maranhense-morre-aos-80-anos","status":"publish","type":"post","link":"https:\/\/maranhaotv.com.br\/index.php\/2020\/03\/10\/icone-do-tiro-esportivo-maranhense-morre-aos-80-anos\/","title":{"rendered":"\u00cdcone do tiro esportivo maranhense morre aos 80 anos"},"content":{"rendered":"<p>Morreu nesta segunda-feira (9), o ex-presidente da Federa\u00e7\u00e3o Maranhense de Tiro Esportivo (FMTE), Manuel Oct\u00e1vio de Sousa Soares, aos 80 anos. Seu Lico, como era conhecido, era considerado um dos principais \u00edcones da modalidade no Maranh\u00e3o e o mais antigo esportista em atividade. Durante a d\u00e9cada de 80, presidiu a federa\u00e7\u00e3o.<\/p>\n<p>Seu Lico era atirador esportivo h\u00e1 mais de 60 anos sendo, inclusive, foi cofundador da FMTE. Em nota divulgada em seu site oficial, a Federa\u00e7\u00e3o Maranhense de Tiro Esportivo lamentou a perda de um \u00edcone do esporte no Estado que sempre se dedicou a fortalecer a modalidade no Maranh\u00e3o.<\/p>\n<p>\u201c\u00c9 uma grande perda para todos com quem conviveu e que o conheceram. O mundo do tiro esportivo do Maranh\u00e3o perdeu seu mais antigo esportista em atividade, um profundo conhecedor das armas, um companheiro amigo e leal, conhecedor de muita hist\u00f3ria e protagonista de muitas est\u00f3rias\u201d, diz a nota da FMTE.<\/p>\n<p>O vel\u00f3rio do ex-dirigente da Federa\u00e7\u00e3o Maranhense de Tiro Esportivo ocorrer\u00e1 na Pax Uni\u00e3o, a partir das 23h desta segunda-feira (9). O sepultamento ser\u00e1 nesta ter\u00e7a-feira (10).<\/p>\n<p>*Confira a nota de pesar na \u00edntegra.*<\/p>\n<p>O Tiro Esportivo est\u00e1 de luto no Maranh\u00e3o.<\/p>\n<p>\u00c9 com grande pesar que a Federa\u00e7\u00e3o Maranhense de Tiro Esportivo-FMTE comunica o falecimento de Manuel Oct\u00e1vio de Sousa Soares, atirador filiado \u00e0 Federa\u00e7\u00e3o, praticante do tiro esportivo, membro do Conselho Fiscal da FMTE e tamb\u00e9m ex-Presidente da Federa\u00e7\u00e3o, ocorrido neste dia 9 de mar\u00e7o de 2020, em nossa capital. Nascido em 1\u00ba de julho de 1938, foi homem dedicado \u00e0 fam\u00edlia, de conduta reta e ilibada, Promotor de Justi\u00e7a, uma grande figura humana e bom cidad\u00e3o.<\/p>\n<p>Seu Lico, como tamb\u00e9m era conhecido, dedicou toda sua vida ao esporte do tiro e ao mundo das armas. Era sua paix\u00e3o. Atirador esportivo h\u00e1 mais de 60 anos, foi cofundador da Federa\u00e7\u00e3o Maranhense de Tiro Esportivo, em 1975, tendo-a presidido na d\u00e9cada de oitenta. Era a maior autoridade sobre armas em nosso estado, sempre prestativo, contribuindo e orientando a todos que o procuravam com seus conhecimentos e informa\u00e7\u00f5es.<\/p>\n<p>\u00c9 uma grande perda para todos com quem conviveu e que o conheceram. O mundo do Tiro Esportivo do Maranh\u00e3o perdeu seu mais antigo esportista em atividade, um profundo conhecedor das armas, um companheiro amigo e leal, conhecedor de muita hist\u00f3ria e protagonista de muitas est\u00f3rias.<\/p>\n<p>Que Deus conforte a sua fam\u00edlia e os seus amigos.<\/p>\n<p>Que esteja em paz.<\/p>\n<p>A Federa\u00e7\u00e3o Maranhense de Tiro Esportivo, em nome de todos os atiradores.<\/p>\n<p><img loading=\"lazy\" decoding=\"async\" src=\"https:\/\/maiobaotv.com.br\/wp-content\/uploads\/2020\/03\/IMG-20200310-WA0041.jpg\" class=\"wp-image-10259 alignnone size-full\" width=\"1280\" height=\"1174\"><\/p>\n","protected":false},"excerpt":{"rendered":"<p>Morreu nesta segunda-feira (9), o ex-presidente da Federa\u00e7\u00e3o Maranhense de Tiro Esportivo (FMTE), Manuel Oct\u00e1vio de Sousa Soares, aos 80<\/p>\n","protected":false},"author":2,"featured_media":10261,"comment_status":"closed","ping_status":"closed","sticky":false,"template":"","format":"standard","meta":{"colormag_page_container_layout":"default_layout","colormag_page_sidebar_layout":"default_layout","_jetpack_memberships_contains_paid_content":false,"footnotes":""},"categories":[14,2],"tags":[],"class_list":["post-10260","post","type-post","status-publish","format-standard","has-post-thumbnail","hentry","category-esportes","category-noticias"],"magazineBlocksPostFeaturedMedia":{"thumbnail":false,"medium":false,"medium_large":false,"large":false,"1536x1536":false,"2048x2048":false,"colormag-highlighted-post":false,"colormag-featured-post-medium":false,"colormag-featured-post-small":false,"colormag-featured-image":false,"colormag-default-news":false,"colormag-featured-image-large":false},"magazineBlocksPostAuthor":{"name":"maranhaotv","avatar":"https:\/\/secure.gravatar.com\/avatar\/8fadbca458d4cb68b1dd399ae9a40618d747bb1af65ac9fad21c89220a143eb4?s=96&d=mm&r=g"},"magazineBlocksPostCommentsNumber":false,"magazineBlocksPostExcerpt":"Morreu nesta segunda-feira (9), o ex-presidente da Federa\u00e7\u00e3o Maranhense de Tiro Esportivo (FMTE), Manuel Oct\u00e1vio de Sousa Soares, aos 80","magazineBlocksPostCategories":["esportes","not\u00edcias"],"magazineBlocksPostViewCount":271,"magazineBlocksPostReadTime":3,"magazine_blocks_featured_image_url":{"full":false,"medium":false,"thumbnail":false},"magazine_blocks_author":{"display_name":"maranhaotv","author_link":"https:\/\/maranhaotv.com.br\/index.php\/author\/maranhaotv\/"},"magazine_blocks_comment":0,"magazine_blocks_author_image":"https:\/\/secure.gravatar.com\/avatar\/8fadbca458d4cb68b1dd399ae9a40618d747bb1af65ac9fad21c89220a143eb4?s=96&d=mm&r=g","magazine_blocks_category":"<a href=\"#\" class=\"category-link category-link-14\">esportes<\/a> <a href=\"#\" class=\"category-link category-link-2\">not\u00edcias<\/a>","yoast_head":"<!-- This site is optimized with the Yoast SEO plugin v27.4 - https:\/\/yoast.com\/product\/yoast-seo-wordpress\/ -->\n<title>\u00cdcone do tiro esportivo maranhense morre aos 80 anos - NOT\u00cdCIAS EM TEMPO REAL<\/title>\n<meta name=\"robots\" content=\"index, follow, max-snippet:-1, max-image-preview:large, max-video-preview:-1\" \/>\n<link rel=\"canonical\" href=\"https:\/\/maranhaotv.com.br\/index.php\/2020\/03\/10\/icone-do-tiro-esportivo-maranhense-morre-aos-80-anos\/\" \/>\n<meta property=\"og:locale\" content=\"pt_BR\" \/>\n<meta property=\"og:type\" content=\"article\" \/>\n<meta property=\"og:title\" content=\"\u00cdcone do tiro esportivo maranhense morre aos 80 anos - NOT\u00cdCIAS EM TEMPO REAL\" \/>\n<meta property=\"og:description\" content=\"Morreu nesta segunda-feira (9), o ex-presidente da Federa\u00e7\u00e3o Maranhense de Tiro Esportivo (FMTE), Manuel Oct\u00e1vio de Sousa Soares, aos 80\" \/>\n<meta property=\"og:url\" content=\"https:\/\/maranhaotv.com.br\/index.php\/2020\/03\/10\/icone-do-tiro-esportivo-maranhense-morre-aos-80-anos\/\" \/>\n<meta property=\"og:site_name\" content=\"NOT\u00cdCIAS EM TEMPO REAL\" \/>\n<meta property=\"article:publisher\" content=\"https:\/\/www.facebook.com\/maiobaotv\" \/>\n<meta property=\"article:published_time\" content=\"2020-03-10T13:34:38+00:00\" \/>\n<meta name=\"author\" content=\"maranhaotv\" \/>\n<meta name=\"twitter:card\" content=\"summary_large_image\" \/>\n<meta name=\"twitter:creator\" content=\"@sitemaranhaotv\" \/>\n<meta name=\"twitter:site\" content=\"@sitemaranhaotv\" \/>\n<meta name=\"twitter:label1\" content=\"Escrito por\" \/>\n\t<meta name=\"twitter:data1\" content=\"maranhaotv\" \/>\n\t<meta name=\"twitter:label2\" content=\"Est. tempo de leitura\" \/>\n\t<meta name=\"twitter:data2\" content=\"2 minutos\" \/>\n<script type=\"application\/ld+json\" class=\"yoast-schema-graph\">{\"@context\":\"https:\\\/\\\/schema.org\",\"@graph\":[{\"@type\":\"Article\",\"@id\":\"https:\\\/\\\/maranhaotv.com.br\\\/index.php\\\/2020\\\/03\\\/10\\\/icone-do-tiro-esportivo-maranhense-morre-aos-80-anos\\\/#article\",\"isPartOf\":{\"@id\":\"https:\\\/\\\/maranhaotv.com.br\\\/index.php\\\/2020\\\/03\\\/10\\\/icone-do-tiro-esportivo-maranhense-morre-aos-80-anos\\\/\"},\"author\":{\"name\":\"maranhaotv\",\"@id\":\"https:\\\/\\\/maranhaotv.com.br\\\/#\\\/schema\\\/person\\\/3d54238e86b20bb5c89ab2fdb8f8829a\"},\"headline\":\"\u00cdcone do tiro esportivo maranhense morre aos 80 anos\",\"datePublished\":\"2020-03-10T13:34:38+00:00\",\"mainEntityOfPage\":{\"@id\":\"https:\\\/\\\/maranhaotv.com.br\\\/index.php\\\/2020\\\/03\\\/10\\\/icone-do-tiro-esportivo-maranhense-morre-aos-80-anos\\\/\"},\"wordCount\":436,\"publisher\":{\"@id\":\"https:\\\/\\\/maranhaotv.com.br\\\/#organization\"},\"image\":{\"@id\":\"https:\\\/\\\/maranhaotv.com.br\\\/index.php\\\/2020\\\/03\\\/10\\\/icone-do-tiro-esportivo-maranhense-morre-aos-80-anos\\\/#primaryimage\"},\"thumbnailUrl\":\"\",\"articleSection\":[\"esportes\",\"not\u00edcias\"],\"inLanguage\":\"pt-BR\"},{\"@type\":\"WebPage\",\"@id\":\"https:\\\/\\\/maranhaotv.com.br\\\/index.php\\\/2020\\\/03\\\/10\\\/icone-do-tiro-esportivo-maranhense-morre-aos-80-anos\\\/\",\"url\":\"https:\\\/\\\/maranhaotv.com.br\\\/index.php\\\/2020\\\/03\\\/10\\\/icone-do-tiro-esportivo-maranhense-morre-aos-80-anos\\\/\",\"name\":\"\u00cdcone do tiro esportivo maranhense morre aos 80 anos - NOT\u00cdCIAS EM TEMPO REAL\",\"isPartOf\":{\"@id\":\"https:\\\/\\\/maranhaotv.com.br\\\/#website\"},\"primaryImageOfPage\":{\"@id\":\"https:\\\/\\\/maranhaotv.com.br\\\/index.php\\\/2020\\\/03\\\/10\\\/icone-do-tiro-esportivo-maranhense-morre-aos-80-anos\\\/#primaryimage\"},\"image\":{\"@id\":\"https:\\\/\\\/maranhaotv.com.br\\\/index.php\\\/2020\\\/03\\\/10\\\/icone-do-tiro-esportivo-maranhense-morre-aos-80-anos\\\/#primaryimage\"},\"thumbnailUrl\":\"\",\"datePublished\":\"2020-03-10T13:34:38+00:00\",\"breadcrumb\":{\"@id\":\"https:\\\/\\\/maranhaotv.com.br\\\/index.php\\\/2020\\\/03\\\/10\\\/icone-do-tiro-esportivo-maranhense-morre-aos-80-anos\\\/#breadcrumb\"},\"inLanguage\":\"pt-BR\",\"potentialAction\":[{\"@type\":\"ReadAction\",\"target\":[\"https:\\\/\\\/maranhaotv.com.br\\\/index.php\\\/2020\\\/03\\\/10\\\/icone-do-tiro-esportivo-maranhense-morre-aos-80-anos\\\/\"]}]},{\"@type\":\"ImageObject\",\"inLanguage\":\"pt-BR\",\"@id\":\"https:\\\/\\\/maranhaotv.com.br\\\/index.php\\\/2020\\\/03\\\/10\\\/icone-do-tiro-esportivo-maranhense-morre-aos-80-anos\\\/#primaryimage\",\"url\":\"\",\"contentUrl\":\"\"},{\"@type\":\"BreadcrumbList\",\"@id\":\"https:\\\/\\\/maranhaotv.com.br\\\/index.php\\\/2020\\\/03\\\/10\\\/icone-do-tiro-esportivo-maranhense-morre-aos-80-anos\\\/#breadcrumb\",\"itemListElement\":[{\"@type\":\"ListItem\",\"position\":1,\"name\":\"In\u00edcio\",\"item\":\"https:\\\/\\\/maranhaotv.com.br\\\/\"},{\"@type\":\"ListItem\",\"position\":2,\"name\":\"\u00cdcone do tiro esportivo maranhense morre aos 80 anos\"}]},{\"@type\":\"WebSite\",\"@id\":\"https:\\\/\\\/maranhaotv.com.br\\\/#website\",\"url\":\"https:\\\/\\\/maranhaotv.com.br\\\/\",\"name\":\"Maranh\u00e3oTV\",\"description\":\"\",\"publisher\":{\"@id\":\"https:\\\/\\\/maranhaotv.com.br\\\/#organization\"},\"potentialAction\":[{\"@type\":\"SearchAction\",\"target\":{\"@type\":\"EntryPoint\",\"urlTemplate\":\"https:\\\/\\\/maranhaotv.com.br\\\/?s={search_term_string}\"},\"query-input\":{\"@type\":\"PropertyValueSpecification\",\"valueRequired\":true,\"valueName\":\"search_term_string\"}}],\"inLanguage\":\"pt-BR\"},{\"@type\":\"Organization\",\"@id\":\"https:\\\/\\\/maranhaotv.com.br\\\/#organization\",\"name\":\"Portal de Not\u00edcias\",\"url\":\"https:\\\/\\\/maranhaotv.com.br\\\/\",\"logo\":{\"@type\":\"ImageObject\",\"inLanguage\":\"pt-BR\",\"@id\":\"https:\\\/\\\/maranhaotv.com.br\\\/#\\\/schema\\\/logo\\\/image\\\/\",\"url\":\"https:\\\/\\\/maranhaotv.com.br\\\/wp-content\\\/uploads\\\/2024\\\/05\\\/cropped-cropped-avatar-1.png\",\"contentUrl\":\"https:\\\/\\\/maranhaotv.com.br\\\/wp-content\\\/uploads\\\/2024\\\/05\\\/cropped-cropped-avatar-1.png\",\"width\":792,\"height\":428,\"caption\":\"Portal de Not\u00edcias\"},\"image\":{\"@id\":\"https:\\\/\\\/maranhaotv.com.br\\\/#\\\/schema\\\/logo\\\/image\\\/\"},\"sameAs\":[\"https:\\\/\\\/www.facebook.com\\\/maiobaotv\",\"https:\\\/\\\/x.com\\\/sitemaranhaotv\",\"https:\\\/\\\/www.instagram.com\\\/maranhao.tv\",\"https:\\\/\\\/www.threads.net\\\/@maranhao.tv\"]},{\"@type\":\"Person\",\"@id\":\"https:\\\/\\\/maranhaotv.com.br\\\/#\\\/schema\\\/person\\\/3d54238e86b20bb5c89ab2fdb8f8829a\",\"name\":\"maranhaotv\",\"image\":{\"@type\":\"ImageObject\",\"inLanguage\":\"pt-BR\",\"@id\":\"https:\\\/\\\/secure.gravatar.com\\\/avatar\\\/8fadbca458d4cb68b1dd399ae9a40618d747bb1af65ac9fad21c89220a143eb4?s=96&d=mm&r=g\",\"url\":\"https:\\\/\\\/secure.gravatar.com\\\/avatar\\\/8fadbca458d4cb68b1dd399ae9a40618d747bb1af65ac9fad21c89220a143eb4?s=96&d=mm&r=g\",\"contentUrl\":\"https:\\\/\\\/secure.gravatar.com\\\/avatar\\\/8fadbca458d4cb68b1dd399ae9a40618d747bb1af65ac9fad21c89220a143eb4?s=96&d=mm&r=g\",\"caption\":\"maranhaotv\"},\"sameAs\":[\"https:\\\/\\\/maranhaotv.com.br\\\/\"],\"url\":\"https:\\\/\\\/maranhaotv.com.br\\\/index.php\\\/author\\\/maranhaotv\\\/\"}]}<\/script>\n<!-- \/ Yoast SEO plugin. -->","yoast_head_json":{"title":"\u00cdcone do tiro esportivo maranhense morre aos 80 anos - NOT\u00cdCIAS EM TEMPO REAL","robots":{"index":"index","follow":"follow","max-snippet":"max-snippet:-1","max-image-preview":"max-image-preview:large","max-video-preview":"max-video-preview:-1"},"canonical":"https:\/\/maranhaotv.com.br\/index.php\/2020\/03\/10\/icone-do-tiro-esportivo-maranhense-morre-aos-80-anos\/","og_locale":"pt_BR","og_type":"article","og_title":"\u00cdcone do tiro esportivo maranhense morre aos 80 anos - NOT\u00cdCIAS EM TEMPO REAL","og_description":"Morreu nesta segunda-feira (9), o ex-presidente da Federa\u00e7\u00e3o Maranhense de Tiro Esportivo (FMTE), Manuel Oct\u00e1vio de Sousa Soares, aos 80","og_url":"https:\/\/maranhaotv.com.br\/index.php\/2020\/03\/10\/icone-do-tiro-esportivo-maranhense-morre-aos-80-anos\/","og_site_name":"NOT\u00cdCIAS EM TEMPO REAL","article_publisher":"https:\/\/www.facebook.com\/maiobaotv","article_published_time":"2020-03-10T13:34:38+00:00","author":"maranhaotv","twitter_card":"summary_large_image","twitter_creator":"@sitemaranhaotv","twitter_site":"@sitemaranhaotv","twitter_misc":{"Escrito por":"maranhaotv","Est. tempo de leitura":"2 minutos"},"schema":{"@context":"https:\/\/schema.org","@graph":[{"@type":"Article","@id":"https:\/\/maranhaotv.com.br\/index.php\/2020\/03\/10\/icone-do-tiro-esportivo-maranhense-morre-aos-80-anos\/#article","isPartOf":{"@id":"https:\/\/maranhaotv.com.br\/index.php\/2020\/03\/10\/icone-do-tiro-esportivo-maranhense-morre-aos-80-anos\/"},"author":{"name":"maranhaotv","@id":"https:\/\/maranhaotv.com.br\/#\/schema\/person\/3d54238e86b20bb5c89ab2fdb8f8829a"},"headline":"\u00cdcone do tiro esportivo maranhense morre aos 80 anos","datePublished":"2020-03-10T13:34:38+00:00","mainEntityOfPage":{"@id":"https:\/\/maranhaotv.com.br\/index.php\/2020\/03\/10\/icone-do-tiro-esportivo-maranhense-morre-aos-80-anos\/"},"wordCount":436,"publisher":{"@id":"https:\/\/maranhaotv.com.br\/#organization"},"image":{"@id":"https:\/\/maranhaotv.com.br\/index.php\/2020\/03\/10\/icone-do-tiro-esportivo-maranhense-morre-aos-80-anos\/#primaryimage"},"thumbnailUrl":"","articleSection":["esportes","not\u00edcias"],"inLanguage":"pt-BR"},{"@type":"WebPage","@id":"https:\/\/maranhaotv.com.br\/index.php\/2020\/03\/10\/icone-do-tiro-esportivo-maranhense-morre-aos-80-anos\/","url":"https:\/\/maranhaotv.com.br\/index.php\/2020\/03\/10\/icone-do-tiro-esportivo-maranhense-morre-aos-80-anos\/","name":"\u00cdcone do tiro esportivo maranhense morre aos 80 anos - NOT\u00cdCIAS EM TEMPO REAL","isPartOf":{"@id":"https:\/\/maranhaotv.com.br\/#website"},"primaryImageOfPage":{"@id":"https:\/\/maranhaotv.com.br\/index.php\/2020\/03\/10\/icone-do-tiro-esportivo-maranhense-morre-aos-80-anos\/#primaryimage"},"image":{"@id":"https:\/\/maranhaotv.com.br\/index.php\/2020\/03\/10\/icone-do-tiro-esportivo-maranhense-morre-aos-80-anos\/#primaryimage"},"thumbnailUrl":"","datePublished":"2020-03-10T13:34:38+00:00","breadcrumb":{"@id":"https:\/\/maranhaotv.com.br\/index.php\/2020\/03\/10\/icone-do-tiro-esportivo-maranhense-morre-aos-80-anos\/#breadcrumb"},"inLanguage":"pt-BR","potentialAction":[{"@type":"ReadAction","target":["https:\/\/maranhaotv.com.br\/index.php\/2020\/03\/10\/icone-do-tiro-esportivo-maranhense-morre-aos-80-anos\/"]}]},{"@type":"ImageObject","inLanguage":"pt-BR","@id":"https:\/\/maranhaotv.com.br\/index.php\/2020\/03\/10\/icone-do-tiro-esportivo-maranhense-morre-aos-80-anos\/#primaryimage","url":"","contentUrl":""},{"@type":"BreadcrumbList","@id":"https:\/\/maranhaotv.com.br\/index.php\/2020\/03\/10\/icone-do-tiro-esportivo-maranhense-morre-aos-80-anos\/#breadcrumb","itemListElement":[{"@type":"ListItem","position":1,"name":"In\u00edcio","item":"https:\/\/maranhaotv.com.br\/"},{"@type":"ListItem","position":2,"name":"\u00cdcone do tiro esportivo maranhense morre aos 80 anos"}]},{"@type":"WebSite","@id":"https:\/\/maranhaotv.com.br\/#website","url":"https:\/\/maranhaotv.com.br\/","name":"Maranh\u00e3oTV","description":"","publisher":{"@id":"https:\/\/maranhaotv.com.br\/#organization"},"potentialAction":[{"@type":"SearchAction","target":{"@type":"EntryPoint","urlTemplate":"https:\/\/maranhaotv.com.br\/?s={search_term_string}"},"query-input":{"@type":"PropertyValueSpecification","valueRequired":true,"valueName":"search_term_string"}}],"inLanguage":"pt-BR"},{"@type":"Organization","@id":"https:\/\/maranhaotv.com.br\/#organization","name":"Portal de Not\u00edcias","url":"https:\/\/maranhaotv.com.br\/","logo":{"@type":"ImageObject","inLanguage":"pt-BR","@id":"https:\/\/maranhaotv.com.br\/#\/schema\/logo\/image\/","url":"https:\/\/maranhaotv.com.br\/wp-content\/uploads\/2024\/05\/cropped-cropped-avatar-1.png","contentUrl":"https:\/\/maranhaotv.com.br\/wp-content\/uploads\/2024\/05\/cropped-cropped-avatar-1.png","width":792,"height":428,"caption":"Portal de Not\u00edcias"},"image":{"@id":"https:\/\/maranhaotv.com.br\/#\/schema\/logo\/image\/"},"sameAs":["https:\/\/www.facebook.com\/maiobaotv","https:\/\/x.com\/sitemaranhaotv","https:\/\/www.instagram.com\/maranhao.tv","https:\/\/www.threads.net\/@maranhao.tv"]},{"@type":"Person","@id":"https:\/\/maranhaotv.com.br\/#\/schema\/person\/3d54238e86b20bb5c89ab2fdb8f8829a","name":"maranhaotv","image":{"@type":"ImageObject","inLanguage":"pt-BR","@id":"https:\/\/secure.gravatar.com\/avatar\/8fadbca458d4cb68b1dd399ae9a40618d747bb1af65ac9fad21c89220a143eb4?s=96&d=mm&r=g","url":"https:\/\/secure.gravatar.com\/avatar\/8fadbca458d4cb68b1dd399ae9a40618d747bb1af65ac9fad21c89220a143eb4?s=96&d=mm&r=g","contentUrl":"https:\/\/secure.gravatar.com\/avatar\/8fadbca458d4cb68b1dd399ae9a40618d747bb1af65ac9fad21c89220a143eb4?s=96&d=mm&r=g","caption":"maranhaotv"},"sameAs":["https:\/\/maranhaotv.com.br\/"],"url":"https:\/\/maranhaotv.com.br\/index.php\/author\/maranhaotv\/"}]}},"jetpack_featured_media_url":"","jetpack_sharing_enabled":true,"_links":{"self":[{"href":"https:\/\/maranhaotv.com.br\/index.php\/wp-json\/wp\/v2\/posts\/10260","targetHints":{"allow":["GET"]}}],"collection":[{"href":"https:\/\/maranhaotv.com.br\/index.php\/wp-json\/wp\/v2\/posts"}],"about":[{"href":"https:\/\/maranhaotv.com.br\/index.php\/wp-json\/wp\/v2\/types\/post"}],"author":[{"embeddable":true,"href":"https:\/\/maranhaotv.com.br\/index.php\/wp-json\/wp\/v2\/users\/2"}],"replies":[{"embeddable":true,"href":"https:\/\/maranhaotv.com.br\/index.php\/wp-json\/wp\/v2\/comments?post=10260"}],"version-history":[{"count":0,"href":"https:\/\/maranhaotv.com.br\/index.php\/wp-json\/wp\/v2\/posts\/10260\/revisions"}],"wp:featuredmedia":[{"embeddable":true,"href":"https:\/\/maranhaotv.com.br\/index.php\/wp-json\/"}],"wp:attachment":[{"href":"https:\/\/maranhaotv.com.br\/index.php\/wp-json\/wp\/v2\/media?parent=10260"}],"wp:term":[{"taxonomy":"category","embeddable":true,"href":"https:\/\/maranhaotv.com.br\/index.php\/wp-json\/wp\/v2\/categories?post=10260"},{"taxonomy":"post_tag","embeddable":true,"href":"https:\/\/maranhaotv.com.br\/index.php\/wp-json\/wp\/v2\/tags?post=10260"}],"curies":[{"name":"wp","href":"https:\/\/api.w.org\/{rel}","templated":true}]}}