{"id":10303,"date":"2020-03-11T07:24:36","date_gmt":"2020-03-11T10:24:36","guid":{"rendered":"https:\/\/maiobaotv.com.br\/?p=10303"},"modified":"2020-03-11T07:24:36","modified_gmt":"2020-03-11T10:24:36","slug":"com-presencas-de-weverton-gil-e-glalbert-cutrim-dr-emano-filia-se-ao-pdt","status":"publish","type":"post","link":"https:\/\/maranhaotv.com.br\/index.php\/2020\/03\/11\/com-presencas-de-weverton-gil-e-glalbert-cutrim-dr-emano-filia-se-ao-pdt\/","title":{"rendered":"Com presen\u00e7as de Weverton, Gil e Glalbert Cutrim, Dr. Emano filia-se ao PDT"},"content":{"rendered":"<h5>O ex-prefeito de Matinha, Dr. Emano, filiou-se nesta segunda-feira (09), ao PDT, partido pelo qual disputar\u00e1 a prefeitura do munic\u00edpio.<\/h5>\n<p>O ato aconteceu em S\u00e3o Lu\u00eds e contou com as presen\u00e7as do presidente estadual do partido, senador Weverton Rocha; do deputado federal Gil Cutrim e do vice-presidente da Assembleia, deputado estadual Glalbert Cutrim, al\u00e9m dos ex-prefeitos Arist\u00f3teles e Beto Pixuta, de vereadores, pr\u00e9-candidatos e lideran\u00e7as locais.<\/p>\n<p>Com a defini\u00e7\u00e3o do partido, Matinha viver\u00e1 um feito hist\u00f3rico, ao ter pela primeira vez em setenta anos, a uni\u00e3o de fam\u00edlias que tradicionalmente caminharam em sentidos opostos na pol\u00edtica local.<\/p>\n<p>Glalbert Cutrim destacou a import\u00e2ncia do momento para Matinha. \u201cTradicionalmente, as fam\u00edlias Pixuta, Ara\u00fajo e Travassos, foram advers\u00e1rios, mas sempre desejando o melhor para Matinha. Agora, esse grupo se une com um s\u00f3 prop\u00f3sito, melhorar a vida da popula\u00e7\u00e3o.\u201d Destacou.<\/p>\n<p>O senador Weverton Rocha fez quest\u00e3o de refor\u00e7ar a import\u00e2ncia de Dr. Emano no PDT. \u201cTemos um compromisso com o munic\u00edpio, porque \u00e9 preciso reconhecer a for\u00e7a que tivemos em Matinha, e agora, com candidatura pr\u00f3pria, multiplicaremos nossas for\u00e7as para ajudar Dr. Emano.\u201d Destacou o presidente do PDT.<\/p>\n<p>O deputado federal Gil Cutrim, presente no ato de filia\u00e7\u00e3o, relembrou a compet\u00eancia do m\u00e9dico. \u201cDr. Emano \u00e9 um pol\u00edtico que todos conhecem a sua compet\u00eancia como prefeito, j\u00e1 administrou Matinha e usar\u00e1 toda essa sua experi\u00eancia e vontade de trabalhar para melhorar ainda mais a vida dos matinhenses.\u201d Disse.<\/p>\n<p>Tamb\u00e9m estiveram presentes Eliane Pixuta, esposa do ex-prefeito Beto Pixuta e que dever\u00e1 ser indicada ao cargo de vice-prefeita.<\/p>\n<p>Mostrando a for\u00e7a do grupo, chamou aten\u00e7\u00e3o a presen\u00e7a do atual vice-prefeito do munic\u00edpio, Marquinhos de Ari, que refor\u00e7ar\u00e1 o grupo para derrotar a atual prefeita Linielda de Eldo (PCdoB).<\/p>\n<p>Tamb\u00e9m estiveram presentes os presidentes dos diret\u00f3rios municipais do Republicanos, Edinho do Pan; John Cutrim, presidente do MDB; Maria de Jesus, presidente do PV; partidos que j\u00e1 declaram apoio a pr\u00e9-candidatura de Dr. Emano.<\/p>\n<p><img loading=\"lazy\" decoding=\"async\" src=\"https:\/\/maiobaotv.com.br\/wp-content\/uploads\/2020\/03\/IMG-20200311-WA0023.jpg\" class=\"wp-image-10305 alignnone size-full\" width=\"1280\" height=\"853\"><\/p>\n","protected":false},"excerpt":{"rendered":"<p>O ex-prefeito de Matinha, Dr. Emano, filiou-se nesta segunda-feira (09), ao PDT, partido pelo qual disputar\u00e1 a prefeitura do munic\u00edpio.<\/p>\n","protected":false},"author":2,"featured_media":10307,"comment_status":"open","ping_status":"open","sticky":false,"template":"","format":"standard","meta":{"colormag_page_container_layout":"default_layout","colormag_page_sidebar_layout":"default_layout","_jetpack_memberships_contains_paid_content":false,"footnotes":""},"categories":[2,6],"tags":[58,134,135],"class_list":["post-10303","post","type-post","status-publish","format-standard","has-post-thumbnail","hentry","category-noticias","category-politica","tag-gil-cutrim","tag-glalbert-cutrim","tag-matinha"],"magazineBlocksPostFeaturedMedia":{"thumbnail":false,"medium":false,"medium_large":false,"large":false,"1536x1536":false,"2048x2048":false,"colormag-highlighted-post":false,"colormag-featured-post-medium":false,"colormag-featured-post-small":false,"colormag-featured-image":false,"colormag-default-news":false,"colormag-featured-image-large":false},"magazineBlocksPostAuthor":{"name":"maranhaotv","avatar":"https:\/\/secure.gravatar.com\/avatar\/8fadbca458d4cb68b1dd399ae9a40618d747bb1af65ac9fad21c89220a143eb4?s=96&d=mm&r=g"},"magazineBlocksPostCommentsNumber":"0","magazineBlocksPostExcerpt":"O ex-prefeito de Matinha, Dr. Emano, filiou-se nesta segunda-feira (09), ao PDT, partido pelo qual disputar\u00e1 a prefeitura do munic\u00edpio.","magazineBlocksPostCategories":["not\u00edcias","pol\u00edtica"],"magazineBlocksPostViewCount":248,"magazineBlocksPostReadTime":2,"magazine_blocks_featured_image_url":{"full":false,"medium":false,"thumbnail":false},"magazine_blocks_author":{"display_name":"maranhaotv","author_link":"https:\/\/maranhaotv.com.br\/index.php\/author\/maranhaotv\/"},"magazine_blocks_comment":0,"magazine_blocks_author_image":"https:\/\/secure.gravatar.com\/avatar\/8fadbca458d4cb68b1dd399ae9a40618d747bb1af65ac9fad21c89220a143eb4?s=96&d=mm&r=g","magazine_blocks_category":"<a href=\"#\" class=\"category-link category-link-2\">not\u00edcias<\/a> <a href=\"#\" class=\"category-link category-link-6\">pol\u00edtica<\/a>","yoast_head":"<!-- This site is optimized with the Yoast SEO plugin v27.4 - https:\/\/yoast.com\/product\/yoast-seo-wordpress\/ -->\n<title>Com presen\u00e7as de Weverton, Gil e Glalbert Cutrim, Dr. Emano filia-se ao PDT - NOT\u00cdCIAS EM TEMPO REAL<\/title>\n<meta name=\"robots\" content=\"index, follow, max-snippet:-1, max-image-preview:large, max-video-preview:-1\" \/>\n<link rel=\"canonical\" href=\"https:\/\/maranhaotv.com.br\/index.php\/2020\/03\/11\/com-presencas-de-weverton-gil-e-glalbert-cutrim-dr-emano-filia-se-ao-pdt\/\" \/>\n<meta property=\"og:locale\" content=\"pt_BR\" \/>\n<meta property=\"og:type\" content=\"article\" \/>\n<meta property=\"og:title\" content=\"Com presen\u00e7as de Weverton, Gil e Glalbert Cutrim, Dr. Emano filia-se ao PDT - NOT\u00cdCIAS EM TEMPO REAL\" \/>\n<meta property=\"og:description\" content=\"O ex-prefeito de Matinha, Dr. Emano, filiou-se nesta segunda-feira (09), ao PDT, partido pelo qual disputar\u00e1 a prefeitura do munic\u00edpio.\" \/>\n<meta property=\"og:url\" content=\"https:\/\/maranhaotv.com.br\/index.php\/2020\/03\/11\/com-presencas-de-weverton-gil-e-glalbert-cutrim-dr-emano-filia-se-ao-pdt\/\" \/>\n<meta property=\"og:site_name\" content=\"NOT\u00cdCIAS EM TEMPO REAL\" \/>\n<meta property=\"article:publisher\" content=\"https:\/\/www.facebook.com\/maiobaotv\" \/>\n<meta property=\"article:published_time\" content=\"2020-03-11T10:24:36+00:00\" \/>\n<meta name=\"author\" content=\"maranhaotv\" \/>\n<meta name=\"twitter:card\" content=\"summary_large_image\" \/>\n<meta name=\"twitter:creator\" content=\"@sitemaranhaotv\" \/>\n<meta name=\"twitter:site\" content=\"@sitemaranhaotv\" \/>\n<meta name=\"twitter:label1\" content=\"Escrito por\" \/>\n\t<meta name=\"twitter:data1\" content=\"maranhaotv\" \/>\n\t<meta name=\"twitter:label2\" content=\"Est. tempo de leitura\" \/>\n\t<meta name=\"twitter:data2\" content=\"2 minutos\" \/>\n<script type=\"application\/ld+json\" class=\"yoast-schema-graph\">{\"@context\":\"https:\\\/\\\/schema.org\",\"@graph\":[{\"@type\":\"Article\",\"@id\":\"https:\\\/\\\/maranhaotv.com.br\\\/index.php\\\/2020\\\/03\\\/11\\\/com-presencas-de-weverton-gil-e-glalbert-cutrim-dr-emano-filia-se-ao-pdt\\\/#article\",\"isPartOf\":{\"@id\":\"https:\\\/\\\/maranhaotv.com.br\\\/index.php\\\/2020\\\/03\\\/11\\\/com-presencas-de-weverton-gil-e-glalbert-cutrim-dr-emano-filia-se-ao-pdt\\\/\"},\"author\":{\"name\":\"maranhaotv\",\"@id\":\"https:\\\/\\\/maranhaotv.com.br\\\/#\\\/schema\\\/person\\\/3d54238e86b20bb5c89ab2fdb8f8829a\"},\"headline\":\"Com presen\u00e7as de Weverton, Gil e Glalbert Cutrim, Dr. Emano filia-se ao PDT\",\"datePublished\":\"2020-03-11T10:24:36+00:00\",\"mainEntityOfPage\":{\"@id\":\"https:\\\/\\\/maranhaotv.com.br\\\/index.php\\\/2020\\\/03\\\/11\\\/com-presencas-de-weverton-gil-e-glalbert-cutrim-dr-emano-filia-se-ao-pdt\\\/\"},\"wordCount\":370,\"commentCount\":0,\"publisher\":{\"@id\":\"https:\\\/\\\/maranhaotv.com.br\\\/#organization\"},\"image\":{\"@id\":\"https:\\\/\\\/maranhaotv.com.br\\\/index.php\\\/2020\\\/03\\\/11\\\/com-presencas-de-weverton-gil-e-glalbert-cutrim-dr-emano-filia-se-ao-pdt\\\/#primaryimage\"},\"thumbnailUrl\":\"\",\"keywords\":[\"Gil Cutrim\",\"Glalbert Cutrim\",\"Matinha\"],\"articleSection\":[\"not\u00edcias\",\"pol\u00edtica\"],\"inLanguage\":\"pt-BR\",\"potentialAction\":[{\"@type\":\"CommentAction\",\"name\":\"Comment\",\"target\":[\"https:\\\/\\\/maranhaotv.com.br\\\/index.php\\\/2020\\\/03\\\/11\\\/com-presencas-de-weverton-gil-e-glalbert-cutrim-dr-emano-filia-se-ao-pdt\\\/#respond\"]}]},{\"@type\":\"WebPage\",\"@id\":\"https:\\\/\\\/maranhaotv.com.br\\\/index.php\\\/2020\\\/03\\\/11\\\/com-presencas-de-weverton-gil-e-glalbert-cutrim-dr-emano-filia-se-ao-pdt\\\/\",\"url\":\"https:\\\/\\\/maranhaotv.com.br\\\/index.php\\\/2020\\\/03\\\/11\\\/com-presencas-de-weverton-gil-e-glalbert-cutrim-dr-emano-filia-se-ao-pdt\\\/\",\"name\":\"Com presen\u00e7as de Weverton, Gil e Glalbert Cutrim, Dr. Emano filia-se ao PDT - NOT\u00cdCIAS EM TEMPO REAL\",\"isPartOf\":{\"@id\":\"https:\\\/\\\/maranhaotv.com.br\\\/#website\"},\"primaryImageOfPage\":{\"@id\":\"https:\\\/\\\/maranhaotv.com.br\\\/index.php\\\/2020\\\/03\\\/11\\\/com-presencas-de-weverton-gil-e-glalbert-cutrim-dr-emano-filia-se-ao-pdt\\\/#primaryimage\"},\"image\":{\"@id\":\"https:\\\/\\\/maranhaotv.com.br\\\/index.php\\\/2020\\\/03\\\/11\\\/com-presencas-de-weverton-gil-e-glalbert-cutrim-dr-emano-filia-se-ao-pdt\\\/#primaryimage\"},\"thumbnailUrl\":\"\",\"datePublished\":\"2020-03-11T10:24:36+00:00\",\"breadcrumb\":{\"@id\":\"https:\\\/\\\/maranhaotv.com.br\\\/index.php\\\/2020\\\/03\\\/11\\\/com-presencas-de-weverton-gil-e-glalbert-cutrim-dr-emano-filia-se-ao-pdt\\\/#breadcrumb\"},\"inLanguage\":\"pt-BR\",\"potentialAction\":[{\"@type\":\"ReadAction\",\"target\":[\"https:\\\/\\\/maranhaotv.com.br\\\/index.php\\\/2020\\\/03\\\/11\\\/com-presencas-de-weverton-gil-e-glalbert-cutrim-dr-emano-filia-se-ao-pdt\\\/\"]}]},{\"@type\":\"ImageObject\",\"inLanguage\":\"pt-BR\",\"@id\":\"https:\\\/\\\/maranhaotv.com.br\\\/index.php\\\/2020\\\/03\\\/11\\\/com-presencas-de-weverton-gil-e-glalbert-cutrim-dr-emano-filia-se-ao-pdt\\\/#primaryimage\",\"url\":\"\",\"contentUrl\":\"\"},{\"@type\":\"BreadcrumbList\",\"@id\":\"https:\\\/\\\/maranhaotv.com.br\\\/index.php\\\/2020\\\/03\\\/11\\\/com-presencas-de-weverton-gil-e-glalbert-cutrim-dr-emano-filia-se-ao-pdt\\\/#breadcrumb\",\"itemListElement\":[{\"@type\":\"ListItem\",\"position\":1,\"name\":\"In\u00edcio\",\"item\":\"https:\\\/\\\/maranhaotv.com.br\\\/\"},{\"@type\":\"ListItem\",\"position\":2,\"name\":\"Com presen\u00e7as de Weverton, Gil e Glalbert Cutrim, Dr. Emano filia-se ao PDT\"}]},{\"@type\":\"WebSite\",\"@id\":\"https:\\\/\\\/maranhaotv.com.br\\\/#website\",\"url\":\"https:\\\/\\\/maranhaotv.com.br\\\/\",\"name\":\"Maranh\u00e3oTV\",\"description\":\"\",\"publisher\":{\"@id\":\"https:\\\/\\\/maranhaotv.com.br\\\/#organization\"},\"potentialAction\":[{\"@type\":\"SearchAction\",\"target\":{\"@type\":\"EntryPoint\",\"urlTemplate\":\"https:\\\/\\\/maranhaotv.com.br\\\/?s={search_term_string}\"},\"query-input\":{\"@type\":\"PropertyValueSpecification\",\"valueRequired\":true,\"valueName\":\"search_term_string\"}}],\"inLanguage\":\"pt-BR\"},{\"@type\":\"Organization\",\"@id\":\"https:\\\/\\\/maranhaotv.com.br\\\/#organization\",\"name\":\"Portal de Not\u00edcias\",\"url\":\"https:\\\/\\\/maranhaotv.com.br\\\/\",\"logo\":{\"@type\":\"ImageObject\",\"inLanguage\":\"pt-BR\",\"@id\":\"https:\\\/\\\/maranhaotv.com.br\\\/#\\\/schema\\\/logo\\\/image\\\/\",\"url\":\"https:\\\/\\\/maranhaotv.com.br\\\/wp-content\\\/uploads\\\/2024\\\/05\\\/cropped-cropped-avatar-1.png\",\"contentUrl\":\"https:\\\/\\\/maranhaotv.com.br\\\/wp-content\\\/uploads\\\/2024\\\/05\\\/cropped-cropped-avatar-1.png\",\"width\":792,\"height\":428,\"caption\":\"Portal de Not\u00edcias\"},\"image\":{\"@id\":\"https:\\\/\\\/maranhaotv.com.br\\\/#\\\/schema\\\/logo\\\/image\\\/\"},\"sameAs\":[\"https:\\\/\\\/www.facebook.com\\\/maiobaotv\",\"https:\\\/\\\/x.com\\\/sitemaranhaotv\",\"https:\\\/\\\/www.instagram.com\\\/maranhao.tv\",\"https:\\\/\\\/www.threads.net\\\/@maranhao.tv\"]},{\"@type\":\"Person\",\"@id\":\"https:\\\/\\\/maranhaotv.com.br\\\/#\\\/schema\\\/person\\\/3d54238e86b20bb5c89ab2fdb8f8829a\",\"name\":\"maranhaotv\",\"image\":{\"@type\":\"ImageObject\",\"inLanguage\":\"pt-BR\",\"@id\":\"https:\\\/\\\/secure.gravatar.com\\\/avatar\\\/8fadbca458d4cb68b1dd399ae9a40618d747bb1af65ac9fad21c89220a143eb4?s=96&d=mm&r=g\",\"url\":\"https:\\\/\\\/secure.gravatar.com\\\/avatar\\\/8fadbca458d4cb68b1dd399ae9a40618d747bb1af65ac9fad21c89220a143eb4?s=96&d=mm&r=g\",\"contentUrl\":\"https:\\\/\\\/secure.gravatar.com\\\/avatar\\\/8fadbca458d4cb68b1dd399ae9a40618d747bb1af65ac9fad21c89220a143eb4?s=96&d=mm&r=g\",\"caption\":\"maranhaotv\"},\"sameAs\":[\"https:\\\/\\\/maranhaotv.com.br\\\/\"],\"url\":\"https:\\\/\\\/maranhaotv.com.br\\\/index.php\\\/author\\\/maranhaotv\\\/\"}]}<\/script>\n<!-- \/ Yoast SEO plugin. -->","yoast_head_json":{"title":"Com presen\u00e7as de Weverton, Gil e Glalbert Cutrim, Dr. Emano filia-se ao PDT - NOT\u00cdCIAS EM TEMPO REAL","robots":{"index":"index","follow":"follow","max-snippet":"max-snippet:-1","max-image-preview":"max-image-preview:large","max-video-preview":"max-video-preview:-1"},"canonical":"https:\/\/maranhaotv.com.br\/index.php\/2020\/03\/11\/com-presencas-de-weverton-gil-e-glalbert-cutrim-dr-emano-filia-se-ao-pdt\/","og_locale":"pt_BR","og_type":"article","og_title":"Com presen\u00e7as de Weverton, Gil e Glalbert Cutrim, Dr. Emano filia-se ao PDT - NOT\u00cdCIAS EM TEMPO REAL","og_description":"O ex-prefeito de Matinha, Dr. Emano, filiou-se nesta segunda-feira (09), ao PDT, partido pelo qual disputar\u00e1 a prefeitura do munic\u00edpio.","og_url":"https:\/\/maranhaotv.com.br\/index.php\/2020\/03\/11\/com-presencas-de-weverton-gil-e-glalbert-cutrim-dr-emano-filia-se-ao-pdt\/","og_site_name":"NOT\u00cdCIAS EM TEMPO REAL","article_publisher":"https:\/\/www.facebook.com\/maiobaotv","article_published_time":"2020-03-11T10:24:36+00:00","author":"maranhaotv","twitter_card":"summary_large_image","twitter_creator":"@sitemaranhaotv","twitter_site":"@sitemaranhaotv","twitter_misc":{"Escrito por":"maranhaotv","Est. tempo de leitura":"2 minutos"},"schema":{"@context":"https:\/\/schema.org","@graph":[{"@type":"Article","@id":"https:\/\/maranhaotv.com.br\/index.php\/2020\/03\/11\/com-presencas-de-weverton-gil-e-glalbert-cutrim-dr-emano-filia-se-ao-pdt\/#article","isPartOf":{"@id":"https:\/\/maranhaotv.com.br\/index.php\/2020\/03\/11\/com-presencas-de-weverton-gil-e-glalbert-cutrim-dr-emano-filia-se-ao-pdt\/"},"author":{"name":"maranhaotv","@id":"https:\/\/maranhaotv.com.br\/#\/schema\/person\/3d54238e86b20bb5c89ab2fdb8f8829a"},"headline":"Com presen\u00e7as de Weverton, Gil e Glalbert Cutrim, Dr. Emano filia-se ao PDT","datePublished":"2020-03-11T10:24:36+00:00","mainEntityOfPage":{"@id":"https:\/\/maranhaotv.com.br\/index.php\/2020\/03\/11\/com-presencas-de-weverton-gil-e-glalbert-cutrim-dr-emano-filia-se-ao-pdt\/"},"wordCount":370,"commentCount":0,"publisher":{"@id":"https:\/\/maranhaotv.com.br\/#organization"},"image":{"@id":"https:\/\/maranhaotv.com.br\/index.php\/2020\/03\/11\/com-presencas-de-weverton-gil-e-glalbert-cutrim-dr-emano-filia-se-ao-pdt\/#primaryimage"},"thumbnailUrl":"","keywords":["Gil Cutrim","Glalbert Cutrim","Matinha"],"articleSection":["not\u00edcias","pol\u00edtica"],"inLanguage":"pt-BR","potentialAction":[{"@type":"CommentAction","name":"Comment","target":["https:\/\/maranhaotv.com.br\/index.php\/2020\/03\/11\/com-presencas-de-weverton-gil-e-glalbert-cutrim-dr-emano-filia-se-ao-pdt\/#respond"]}]},{"@type":"WebPage","@id":"https:\/\/maranhaotv.com.br\/index.php\/2020\/03\/11\/com-presencas-de-weverton-gil-e-glalbert-cutrim-dr-emano-filia-se-ao-pdt\/","url":"https:\/\/maranhaotv.com.br\/index.php\/2020\/03\/11\/com-presencas-de-weverton-gil-e-glalbert-cutrim-dr-emano-filia-se-ao-pdt\/","name":"Com presen\u00e7as de Weverton, Gil e Glalbert Cutrim, Dr. Emano filia-se ao PDT - NOT\u00cdCIAS EM TEMPO REAL","isPartOf":{"@id":"https:\/\/maranhaotv.com.br\/#website"},"primaryImageOfPage":{"@id":"https:\/\/maranhaotv.com.br\/index.php\/2020\/03\/11\/com-presencas-de-weverton-gil-e-glalbert-cutrim-dr-emano-filia-se-ao-pdt\/#primaryimage"},"image":{"@id":"https:\/\/maranhaotv.com.br\/index.php\/2020\/03\/11\/com-presencas-de-weverton-gil-e-glalbert-cutrim-dr-emano-filia-se-ao-pdt\/#primaryimage"},"thumbnailUrl":"","datePublished":"2020-03-11T10:24:36+00:00","breadcrumb":{"@id":"https:\/\/maranhaotv.com.br\/index.php\/2020\/03\/11\/com-presencas-de-weverton-gil-e-glalbert-cutrim-dr-emano-filia-se-ao-pdt\/#breadcrumb"},"inLanguage":"pt-BR","potentialAction":[{"@type":"ReadAction","target":["https:\/\/maranhaotv.com.br\/index.php\/2020\/03\/11\/com-presencas-de-weverton-gil-e-glalbert-cutrim-dr-emano-filia-se-ao-pdt\/"]}]},{"@type":"ImageObject","inLanguage":"pt-BR","@id":"https:\/\/maranhaotv.com.br\/index.php\/2020\/03\/11\/com-presencas-de-weverton-gil-e-glalbert-cutrim-dr-emano-filia-se-ao-pdt\/#primaryimage","url":"","contentUrl":""},{"@type":"BreadcrumbList","@id":"https:\/\/maranhaotv.com.br\/index.php\/2020\/03\/11\/com-presencas-de-weverton-gil-e-glalbert-cutrim-dr-emano-filia-se-ao-pdt\/#breadcrumb","itemListElement":[{"@type":"ListItem","position":1,"name":"In\u00edcio","item":"https:\/\/maranhaotv.com.br\/"},{"@type":"ListItem","position":2,"name":"Com presen\u00e7as de Weverton, Gil e Glalbert Cutrim, Dr. Emano filia-se ao PDT"}]},{"@type":"WebSite","@id":"https:\/\/maranhaotv.com.br\/#website","url":"https:\/\/maranhaotv.com.br\/","name":"Maranh\u00e3oTV","description":"","publisher":{"@id":"https:\/\/maranhaotv.com.br\/#organization"},"potentialAction":[{"@type":"SearchAction","target":{"@type":"EntryPoint","urlTemplate":"https:\/\/maranhaotv.com.br\/?s={search_term_string}"},"query-input":{"@type":"PropertyValueSpecification","valueRequired":true,"valueName":"search_term_string"}}],"inLanguage":"pt-BR"},{"@type":"Organization","@id":"https:\/\/maranhaotv.com.br\/#organization","name":"Portal de Not\u00edcias","url":"https:\/\/maranhaotv.com.br\/","logo":{"@type":"ImageObject","inLanguage":"pt-BR","@id":"https:\/\/maranhaotv.com.br\/#\/schema\/logo\/image\/","url":"https:\/\/maranhaotv.com.br\/wp-content\/uploads\/2024\/05\/cropped-cropped-avatar-1.png","contentUrl":"https:\/\/maranhaotv.com.br\/wp-content\/uploads\/2024\/05\/cropped-cropped-avatar-1.png","width":792,"height":428,"caption":"Portal de Not\u00edcias"},"image":{"@id":"https:\/\/maranhaotv.com.br\/#\/schema\/logo\/image\/"},"sameAs":["https:\/\/www.facebook.com\/maiobaotv","https:\/\/x.com\/sitemaranhaotv","https:\/\/www.instagram.com\/maranhao.tv","https:\/\/www.threads.net\/@maranhao.tv"]},{"@type":"Person","@id":"https:\/\/maranhaotv.com.br\/#\/schema\/person\/3d54238e86b20bb5c89ab2fdb8f8829a","name":"maranhaotv","image":{"@type":"ImageObject","inLanguage":"pt-BR","@id":"https:\/\/secure.gravatar.com\/avatar\/8fadbca458d4cb68b1dd399ae9a40618d747bb1af65ac9fad21c89220a143eb4?s=96&d=mm&r=g","url":"https:\/\/secure.gravatar.com\/avatar\/8fadbca458d4cb68b1dd399ae9a40618d747bb1af65ac9fad21c89220a143eb4?s=96&d=mm&r=g","contentUrl":"https:\/\/secure.gravatar.com\/avatar\/8fadbca458d4cb68b1dd399ae9a40618d747bb1af65ac9fad21c89220a143eb4?s=96&d=mm&r=g","caption":"maranhaotv"},"sameAs":["https:\/\/maranhaotv.com.br\/"],"url":"https:\/\/maranhaotv.com.br\/index.php\/author\/maranhaotv\/"}]}},"jetpack_featured_media_url":"","jetpack_sharing_enabled":true,"_links":{"self":[{"href":"https:\/\/maranhaotv.com.br\/index.php\/wp-json\/wp\/v2\/posts\/10303","targetHints":{"allow":["GET"]}}],"collection":[{"href":"https:\/\/maranhaotv.com.br\/index.php\/wp-json\/wp\/v2\/posts"}],"about":[{"href":"https:\/\/maranhaotv.com.br\/index.php\/wp-json\/wp\/v2\/types\/post"}],"author":[{"embeddable":true,"href":"https:\/\/maranhaotv.com.br\/index.php\/wp-json\/wp\/v2\/users\/2"}],"replies":[{"embeddable":true,"href":"https:\/\/maranhaotv.com.br\/index.php\/wp-json\/wp\/v2\/comments?post=10303"}],"version-history":[{"count":0,"href":"https:\/\/maranhaotv.com.br\/index.php\/wp-json\/wp\/v2\/posts\/10303\/revisions"}],"wp:featuredmedia":[{"embeddable":true,"href":"https:\/\/maranhaotv.com.br\/index.php\/wp-json\/"}],"wp:attachment":[{"href":"https:\/\/maranhaotv.com.br\/index.php\/wp-json\/wp\/v2\/media?parent=10303"}],"wp:term":[{"taxonomy":"category","embeddable":true,"href":"https:\/\/maranhaotv.com.br\/index.php\/wp-json\/wp\/v2\/categories?post=10303"},{"taxonomy":"post_tag","embeddable":true,"href":"https:\/\/maranhaotv.com.br\/index.php\/wp-json\/wp\/v2\/tags?post=10303"}],"curies":[{"name":"wp","href":"https:\/\/api.w.org\/{rel}","templated":true}]}}