{"id":10314,"date":"2020-03-11T10:36:57","date_gmt":"2020-03-11T13:36:57","guid":{"rendered":"https:\/\/maiobaotv.com.br\/index.php\/2020\/03\/11\/pf-deflagra-operacao-para-prender-servidores-publicos-envolvidos-em-crimes-ambientais\/"},"modified":"2020-03-11T10:36:57","modified_gmt":"2020-03-11T13:36:57","slug":"pf-deflagra-operacao-para-prender-servidores-publicos-envolvidos-em-crimes-ambientais","status":"publish","type":"post","link":"https:\/\/maranhaotv.com.br\/index.php\/2020\/03\/11\/pf-deflagra-operacao-para-prender-servidores-publicos-envolvidos-em-crimes-ambientais\/","title":{"rendered":"PF deflagra opera\u00e7\u00e3o para prender servidores p\u00fablicos envolvidos em crimes ambientais"},"content":{"rendered":"\n<p>A Pol\u00edcia Federal no Maranh\u00e3o, por meio da Delegacia de Combate aos Crimes contra o Patrim\u00f4nio \u2013 DELEMAPH, deflagrou nesta quarta-feira (11) a Opera\u00e7\u00e3o \u201cCANAF\u00cdSTULA\u201d, com a finalidade de reprimir pr\u00e1tica delitiva perpetrada por servidores p\u00fablicos lotados em \u00f3rg\u00e3o ambiental do Maranh\u00e3o juntamente com particulares e engenheiros florestais.<\/p>\n\n\n\n<p>A investiga\u00e7\u00e3o teve por objetivo apurar a aprova\u00e7\u00e3o fraudulenta de Planos de Manejo Florestais em empreendimentos rurais destinados a explora\u00e7\u00e3o de madeira, pr\u00e1tica que visava acobertar a explora\u00e7\u00e3o il\u00edcita de madeira em \u00e1reas de prote\u00e7\u00e3o federal, como terras ind\u00edgenas e na Reserva Biol\u00f3gica Gurupi.<\/p>\n\n\n\n<p>Foram cumpridos 20 (vinte) Mandados de Busca e Apreens\u00e3o expedidos pela 8\u00aa Vara Federal do Maranh\u00e3o, com realiza\u00e7\u00e3o de 32 interrogat\u00f3rios nas cidades de S\u00e3o Lu\u00eds, S\u00e3o Jos\u00e9 de Ribamar, Buriticupu, Presidente M\u00e9dici, Centro Novo, Chapadinha, Imperatriz, Balsas, bem como nas cidades de Bel\u00e9m e Paragominas no Estado do Par\u00e1 de pessoas envolvidas nesse esquema e apreens\u00e3o de documenta\u00e7\u00e3o e material ligados \u00e0 pr\u00e1tica delitiva, no intuito de embasar o aprofundamento da investiga\u00e7\u00e3o.<\/p>\n\n\n\n<p>De acordo com laudos periciais e an\u00e1lise t\u00e9cnica realizados em 15 planos de manejo de processos ambientais apreendidos na Secretaria Estadual do Meio Ambiente, foi poss\u00edvel observar dano ambiental de 148.258,90 m3 em toras de madeiras extra\u00eddas ilicitamente e que somente poderiam ser transportados em 4.235 caminh\u00f5es. O preju\u00edzo calculado apenas nesses projetos resulta no montante aproximado de R$ 33.000.000,00 (trinta e tr\u00eas milh\u00f5es de reais).<\/p>\n\n\n\n<p>Os respons\u00e1veis foram indiciados pelos crimes falsifica\u00e7\u00e3o de documento p\u00fablico, inser\u00e7\u00e3o de dados falsos em sistema de forma\u00e7\u00e3o e associa\u00e7\u00e3o criminosa, tipificados nos artigos 299, 313 e 288 do C\u00f3digo Penal Brasileiro, bem como pelos crimes ambientais previstos nos artigos 66, 67, 69-A e 50-A da Lei 9.605\/98 e lavagem de dinheiro previsto no art. 1\u00ba da Lei 9.613\/93<\/p>\n\n\n\n<p>\u201cCANAF\u00cdSTULA\u201d \u00e9 uma esp\u00e9cie de \u00e1rvore nativa da Am\u00e9rica do Sul, considerada uma \u00e1rvore oportunista, que se beneficia de clareiras, sendo por este motivo muito utilizada em recupera\u00e7\u00e3o de \u00e1reas desmatadas.<\/p>\n","protected":false},"excerpt":{"rendered":"<p>A Pol\u00edcia Federal no Maranh\u00e3o, por meio da Delegacia de Combate aos Crimes contra o Patrim\u00f4nio \u2013 DELEMAPH, deflagrou nesta<\/p>\n","protected":false},"author":2,"featured_media":10313,"comment_status":"open","ping_status":"open","sticky":false,"template":"","format":"standard","meta":{"colormag_page_container_layout":"default_layout","colormag_page_sidebar_layout":"default_layout","_jetpack_memberships_contains_paid_content":false,"footnotes":""},"categories":[2,3],"tags":[],"class_list":["post-10314","post","type-post","status-publish","format-standard","has-post-thumbnail","hentry","category-noticias","category-policial"],"magazineBlocksPostFeaturedMedia":{"thumbnail":false,"medium":false,"medium_large":false,"large":false,"1536x1536":false,"2048x2048":false,"colormag-highlighted-post":false,"colormag-featured-post-medium":false,"colormag-featured-post-small":false,"colormag-featured-image":false,"colormag-default-news":false,"colormag-featured-image-large":false},"magazineBlocksPostAuthor":{"name":"maranhaotv","avatar":"https:\/\/secure.gravatar.com\/avatar\/8fadbca458d4cb68b1dd399ae9a40618d747bb1af65ac9fad21c89220a143eb4?s=96&d=mm&r=g"},"magazineBlocksPostCommentsNumber":"0","magazineBlocksPostExcerpt":"A Pol\u00edcia Federal no Maranh\u00e3o, por meio da Delegacia de Combate aos Crimes contra o Patrim\u00f4nio \u2013 DELEMAPH, deflagrou nesta","magazineBlocksPostCategories":["not\u00edcias","policial"],"magazineBlocksPostViewCount":226,"magazineBlocksPostReadTime":2,"magazine_blocks_featured_image_url":{"full":false,"medium":false,"thumbnail":false},"magazine_blocks_author":{"display_name":"maranhaotv","author_link":"https:\/\/maranhaotv.com.br\/index.php\/author\/maranhaotv\/"},"magazine_blocks_comment":0,"magazine_blocks_author_image":"https:\/\/secure.gravatar.com\/avatar\/8fadbca458d4cb68b1dd399ae9a40618d747bb1af65ac9fad21c89220a143eb4?s=96&d=mm&r=g","magazine_blocks_category":"<a href=\"#\" class=\"category-link category-link-2\">not\u00edcias<\/a> <a href=\"#\" class=\"category-link category-link-3\">policial<\/a>","yoast_head":"<!-- This site is optimized with the Yoast SEO plugin v27.4 - https:\/\/yoast.com\/product\/yoast-seo-wordpress\/ -->\n<title>PF deflagra opera\u00e7\u00e3o para prender servidores p\u00fablicos envolvidos em crimes ambientais - NOT\u00cdCIAS EM TEMPO REAL<\/title>\n<meta name=\"robots\" content=\"index, follow, max-snippet:-1, max-image-preview:large, max-video-preview:-1\" \/>\n<link rel=\"canonical\" href=\"https:\/\/maranhaotv.com.br\/index.php\/2020\/03\/11\/pf-deflagra-operacao-para-prender-servidores-publicos-envolvidos-em-crimes-ambientais\/\" \/>\n<meta property=\"og:locale\" content=\"pt_BR\" \/>\n<meta property=\"og:type\" content=\"article\" \/>\n<meta property=\"og:title\" content=\"PF deflagra opera\u00e7\u00e3o para prender servidores p\u00fablicos envolvidos em crimes ambientais - NOT\u00cdCIAS EM TEMPO REAL\" \/>\n<meta property=\"og:description\" content=\"A Pol\u00edcia Federal no Maranh\u00e3o, por meio da Delegacia de Combate aos Crimes contra o Patrim\u00f4nio \u2013 DELEMAPH, deflagrou nesta\" \/>\n<meta property=\"og:url\" content=\"https:\/\/maranhaotv.com.br\/index.php\/2020\/03\/11\/pf-deflagra-operacao-para-prender-servidores-publicos-envolvidos-em-crimes-ambientais\/\" \/>\n<meta property=\"og:site_name\" content=\"NOT\u00cdCIAS EM TEMPO REAL\" \/>\n<meta property=\"article:publisher\" content=\"https:\/\/www.facebook.com\/maiobaotv\" \/>\n<meta property=\"article:published_time\" content=\"2020-03-11T13:36:57+00:00\" \/>\n<meta name=\"author\" content=\"maranhaotv\" \/>\n<meta name=\"twitter:card\" content=\"summary_large_image\" \/>\n<meta name=\"twitter:creator\" content=\"@sitemaranhaotv\" \/>\n<meta name=\"twitter:site\" content=\"@sitemaranhaotv\" \/>\n<meta name=\"twitter:label1\" content=\"Escrito por\" \/>\n\t<meta name=\"twitter:data1\" content=\"maranhaotv\" \/>\n\t<meta name=\"twitter:label2\" content=\"Est. tempo de leitura\" \/>\n\t<meta name=\"twitter:data2\" content=\"2 minutos\" \/>\n<script type=\"application\/ld+json\" class=\"yoast-schema-graph\">{\"@context\":\"https:\\\/\\\/schema.org\",\"@graph\":[{\"@type\":\"Article\",\"@id\":\"https:\\\/\\\/maranhaotv.com.br\\\/index.php\\\/2020\\\/03\\\/11\\\/pf-deflagra-operacao-para-prender-servidores-publicos-envolvidos-em-crimes-ambientais\\\/#article\",\"isPartOf\":{\"@id\":\"https:\\\/\\\/maranhaotv.com.br\\\/index.php\\\/2020\\\/03\\\/11\\\/pf-deflagra-operacao-para-prender-servidores-publicos-envolvidos-em-crimes-ambientais\\\/\"},\"author\":{\"name\":\"maranhaotv\",\"@id\":\"https:\\\/\\\/maranhaotv.com.br\\\/#\\\/schema\\\/person\\\/3d54238e86b20bb5c89ab2fdb8f8829a\"},\"headline\":\"PF deflagra opera\u00e7\u00e3o para prender servidores p\u00fablicos envolvidos em crimes ambientais\",\"datePublished\":\"2020-03-11T13:36:57+00:00\",\"mainEntityOfPage\":{\"@id\":\"https:\\\/\\\/maranhaotv.com.br\\\/index.php\\\/2020\\\/03\\\/11\\\/pf-deflagra-operacao-para-prender-servidores-publicos-envolvidos-em-crimes-ambientais\\\/\"},\"wordCount\":365,\"commentCount\":0,\"publisher\":{\"@id\":\"https:\\\/\\\/maranhaotv.com.br\\\/#organization\"},\"image\":{\"@id\":\"https:\\\/\\\/maranhaotv.com.br\\\/index.php\\\/2020\\\/03\\\/11\\\/pf-deflagra-operacao-para-prender-servidores-publicos-envolvidos-em-crimes-ambientais\\\/#primaryimage\"},\"thumbnailUrl\":\"\",\"articleSection\":[\"not\u00edcias\",\"policial\"],\"inLanguage\":\"pt-BR\",\"potentialAction\":[{\"@type\":\"CommentAction\",\"name\":\"Comment\",\"target\":[\"https:\\\/\\\/maranhaotv.com.br\\\/index.php\\\/2020\\\/03\\\/11\\\/pf-deflagra-operacao-para-prender-servidores-publicos-envolvidos-em-crimes-ambientais\\\/#respond\"]}]},{\"@type\":\"WebPage\",\"@id\":\"https:\\\/\\\/maranhaotv.com.br\\\/index.php\\\/2020\\\/03\\\/11\\\/pf-deflagra-operacao-para-prender-servidores-publicos-envolvidos-em-crimes-ambientais\\\/\",\"url\":\"https:\\\/\\\/maranhaotv.com.br\\\/index.php\\\/2020\\\/03\\\/11\\\/pf-deflagra-operacao-para-prender-servidores-publicos-envolvidos-em-crimes-ambientais\\\/\",\"name\":\"PF deflagra opera\u00e7\u00e3o para prender servidores p\u00fablicos envolvidos em crimes ambientais - NOT\u00cdCIAS EM TEMPO REAL\",\"isPartOf\":{\"@id\":\"https:\\\/\\\/maranhaotv.com.br\\\/#website\"},\"primaryImageOfPage\":{\"@id\":\"https:\\\/\\\/maranhaotv.com.br\\\/index.php\\\/2020\\\/03\\\/11\\\/pf-deflagra-operacao-para-prender-servidores-publicos-envolvidos-em-crimes-ambientais\\\/#primaryimage\"},\"image\":{\"@id\":\"https:\\\/\\\/maranhaotv.com.br\\\/index.php\\\/2020\\\/03\\\/11\\\/pf-deflagra-operacao-para-prender-servidores-publicos-envolvidos-em-crimes-ambientais\\\/#primaryimage\"},\"thumbnailUrl\":\"\",\"datePublished\":\"2020-03-11T13:36:57+00:00\",\"breadcrumb\":{\"@id\":\"https:\\\/\\\/maranhaotv.com.br\\\/index.php\\\/2020\\\/03\\\/11\\\/pf-deflagra-operacao-para-prender-servidores-publicos-envolvidos-em-crimes-ambientais\\\/#breadcrumb\"},\"inLanguage\":\"pt-BR\",\"potentialAction\":[{\"@type\":\"ReadAction\",\"target\":[\"https:\\\/\\\/maranhaotv.com.br\\\/index.php\\\/2020\\\/03\\\/11\\\/pf-deflagra-operacao-para-prender-servidores-publicos-envolvidos-em-crimes-ambientais\\\/\"]}]},{\"@type\":\"ImageObject\",\"inLanguage\":\"pt-BR\",\"@id\":\"https:\\\/\\\/maranhaotv.com.br\\\/index.php\\\/2020\\\/03\\\/11\\\/pf-deflagra-operacao-para-prender-servidores-publicos-envolvidos-em-crimes-ambientais\\\/#primaryimage\",\"url\":\"\",\"contentUrl\":\"\"},{\"@type\":\"BreadcrumbList\",\"@id\":\"https:\\\/\\\/maranhaotv.com.br\\\/index.php\\\/2020\\\/03\\\/11\\\/pf-deflagra-operacao-para-prender-servidores-publicos-envolvidos-em-crimes-ambientais\\\/#breadcrumb\",\"itemListElement\":[{\"@type\":\"ListItem\",\"position\":1,\"name\":\"In\u00edcio\",\"item\":\"https:\\\/\\\/maranhaotv.com.br\\\/\"},{\"@type\":\"ListItem\",\"position\":2,\"name\":\"PF deflagra opera\u00e7\u00e3o para prender servidores p\u00fablicos envolvidos em crimes ambientais\"}]},{\"@type\":\"WebSite\",\"@id\":\"https:\\\/\\\/maranhaotv.com.br\\\/#website\",\"url\":\"https:\\\/\\\/maranhaotv.com.br\\\/\",\"name\":\"Maranh\u00e3oTV\",\"description\":\"\",\"publisher\":{\"@id\":\"https:\\\/\\\/maranhaotv.com.br\\\/#organization\"},\"potentialAction\":[{\"@type\":\"SearchAction\",\"target\":{\"@type\":\"EntryPoint\",\"urlTemplate\":\"https:\\\/\\\/maranhaotv.com.br\\\/?s={search_term_string}\"},\"query-input\":{\"@type\":\"PropertyValueSpecification\",\"valueRequired\":true,\"valueName\":\"search_term_string\"}}],\"inLanguage\":\"pt-BR\"},{\"@type\":\"Organization\",\"@id\":\"https:\\\/\\\/maranhaotv.com.br\\\/#organization\",\"name\":\"Portal de Not\u00edcias\",\"url\":\"https:\\\/\\\/maranhaotv.com.br\\\/\",\"logo\":{\"@type\":\"ImageObject\",\"inLanguage\":\"pt-BR\",\"@id\":\"https:\\\/\\\/maranhaotv.com.br\\\/#\\\/schema\\\/logo\\\/image\\\/\",\"url\":\"https:\\\/\\\/maranhaotv.com.br\\\/wp-content\\\/uploads\\\/2024\\\/05\\\/cropped-cropped-avatar-1.png\",\"contentUrl\":\"https:\\\/\\\/maranhaotv.com.br\\\/wp-content\\\/uploads\\\/2024\\\/05\\\/cropped-cropped-avatar-1.png\",\"width\":792,\"height\":428,\"caption\":\"Portal de Not\u00edcias\"},\"image\":{\"@id\":\"https:\\\/\\\/maranhaotv.com.br\\\/#\\\/schema\\\/logo\\\/image\\\/\"},\"sameAs\":[\"https:\\\/\\\/www.facebook.com\\\/maiobaotv\",\"https:\\\/\\\/x.com\\\/sitemaranhaotv\",\"https:\\\/\\\/www.instagram.com\\\/maranhao.tv\",\"https:\\\/\\\/www.threads.net\\\/@maranhao.tv\"]},{\"@type\":\"Person\",\"@id\":\"https:\\\/\\\/maranhaotv.com.br\\\/#\\\/schema\\\/person\\\/3d54238e86b20bb5c89ab2fdb8f8829a\",\"name\":\"maranhaotv\",\"image\":{\"@type\":\"ImageObject\",\"inLanguage\":\"pt-BR\",\"@id\":\"https:\\\/\\\/secure.gravatar.com\\\/avatar\\\/8fadbca458d4cb68b1dd399ae9a40618d747bb1af65ac9fad21c89220a143eb4?s=96&d=mm&r=g\",\"url\":\"https:\\\/\\\/secure.gravatar.com\\\/avatar\\\/8fadbca458d4cb68b1dd399ae9a40618d747bb1af65ac9fad21c89220a143eb4?s=96&d=mm&r=g\",\"contentUrl\":\"https:\\\/\\\/secure.gravatar.com\\\/avatar\\\/8fadbca458d4cb68b1dd399ae9a40618d747bb1af65ac9fad21c89220a143eb4?s=96&d=mm&r=g\",\"caption\":\"maranhaotv\"},\"sameAs\":[\"https:\\\/\\\/maranhaotv.com.br\\\/\"],\"url\":\"https:\\\/\\\/maranhaotv.com.br\\\/index.php\\\/author\\\/maranhaotv\\\/\"}]}<\/script>\n<!-- \/ Yoast SEO plugin. -->","yoast_head_json":{"title":"PF deflagra opera\u00e7\u00e3o para prender servidores p\u00fablicos envolvidos em crimes ambientais - NOT\u00cdCIAS EM TEMPO REAL","robots":{"index":"index","follow":"follow","max-snippet":"max-snippet:-1","max-image-preview":"max-image-preview:large","max-video-preview":"max-video-preview:-1"},"canonical":"https:\/\/maranhaotv.com.br\/index.php\/2020\/03\/11\/pf-deflagra-operacao-para-prender-servidores-publicos-envolvidos-em-crimes-ambientais\/","og_locale":"pt_BR","og_type":"article","og_title":"PF deflagra opera\u00e7\u00e3o para prender servidores p\u00fablicos envolvidos em crimes ambientais - NOT\u00cdCIAS EM TEMPO REAL","og_description":"A Pol\u00edcia Federal no Maranh\u00e3o, por meio da Delegacia de Combate aos Crimes contra o Patrim\u00f4nio \u2013 DELEMAPH, deflagrou nesta","og_url":"https:\/\/maranhaotv.com.br\/index.php\/2020\/03\/11\/pf-deflagra-operacao-para-prender-servidores-publicos-envolvidos-em-crimes-ambientais\/","og_site_name":"NOT\u00cdCIAS EM TEMPO REAL","article_publisher":"https:\/\/www.facebook.com\/maiobaotv","article_published_time":"2020-03-11T13:36:57+00:00","author":"maranhaotv","twitter_card":"summary_large_image","twitter_creator":"@sitemaranhaotv","twitter_site":"@sitemaranhaotv","twitter_misc":{"Escrito por":"maranhaotv","Est. tempo de leitura":"2 minutos"},"schema":{"@context":"https:\/\/schema.org","@graph":[{"@type":"Article","@id":"https:\/\/maranhaotv.com.br\/index.php\/2020\/03\/11\/pf-deflagra-operacao-para-prender-servidores-publicos-envolvidos-em-crimes-ambientais\/#article","isPartOf":{"@id":"https:\/\/maranhaotv.com.br\/index.php\/2020\/03\/11\/pf-deflagra-operacao-para-prender-servidores-publicos-envolvidos-em-crimes-ambientais\/"},"author":{"name":"maranhaotv","@id":"https:\/\/maranhaotv.com.br\/#\/schema\/person\/3d54238e86b20bb5c89ab2fdb8f8829a"},"headline":"PF deflagra opera\u00e7\u00e3o para prender servidores p\u00fablicos envolvidos em crimes ambientais","datePublished":"2020-03-11T13:36:57+00:00","mainEntityOfPage":{"@id":"https:\/\/maranhaotv.com.br\/index.php\/2020\/03\/11\/pf-deflagra-operacao-para-prender-servidores-publicos-envolvidos-em-crimes-ambientais\/"},"wordCount":365,"commentCount":0,"publisher":{"@id":"https:\/\/maranhaotv.com.br\/#organization"},"image":{"@id":"https:\/\/maranhaotv.com.br\/index.php\/2020\/03\/11\/pf-deflagra-operacao-para-prender-servidores-publicos-envolvidos-em-crimes-ambientais\/#primaryimage"},"thumbnailUrl":"","articleSection":["not\u00edcias","policial"],"inLanguage":"pt-BR","potentialAction":[{"@type":"CommentAction","name":"Comment","target":["https:\/\/maranhaotv.com.br\/index.php\/2020\/03\/11\/pf-deflagra-operacao-para-prender-servidores-publicos-envolvidos-em-crimes-ambientais\/#respond"]}]},{"@type":"WebPage","@id":"https:\/\/maranhaotv.com.br\/index.php\/2020\/03\/11\/pf-deflagra-operacao-para-prender-servidores-publicos-envolvidos-em-crimes-ambientais\/","url":"https:\/\/maranhaotv.com.br\/index.php\/2020\/03\/11\/pf-deflagra-operacao-para-prender-servidores-publicos-envolvidos-em-crimes-ambientais\/","name":"PF deflagra opera\u00e7\u00e3o para prender servidores p\u00fablicos envolvidos em crimes ambientais - NOT\u00cdCIAS EM TEMPO REAL","isPartOf":{"@id":"https:\/\/maranhaotv.com.br\/#website"},"primaryImageOfPage":{"@id":"https:\/\/maranhaotv.com.br\/index.php\/2020\/03\/11\/pf-deflagra-operacao-para-prender-servidores-publicos-envolvidos-em-crimes-ambientais\/#primaryimage"},"image":{"@id":"https:\/\/maranhaotv.com.br\/index.php\/2020\/03\/11\/pf-deflagra-operacao-para-prender-servidores-publicos-envolvidos-em-crimes-ambientais\/#primaryimage"},"thumbnailUrl":"","datePublished":"2020-03-11T13:36:57+00:00","breadcrumb":{"@id":"https:\/\/maranhaotv.com.br\/index.php\/2020\/03\/11\/pf-deflagra-operacao-para-prender-servidores-publicos-envolvidos-em-crimes-ambientais\/#breadcrumb"},"inLanguage":"pt-BR","potentialAction":[{"@type":"ReadAction","target":["https:\/\/maranhaotv.com.br\/index.php\/2020\/03\/11\/pf-deflagra-operacao-para-prender-servidores-publicos-envolvidos-em-crimes-ambientais\/"]}]},{"@type":"ImageObject","inLanguage":"pt-BR","@id":"https:\/\/maranhaotv.com.br\/index.php\/2020\/03\/11\/pf-deflagra-operacao-para-prender-servidores-publicos-envolvidos-em-crimes-ambientais\/#primaryimage","url":"","contentUrl":""},{"@type":"BreadcrumbList","@id":"https:\/\/maranhaotv.com.br\/index.php\/2020\/03\/11\/pf-deflagra-operacao-para-prender-servidores-publicos-envolvidos-em-crimes-ambientais\/#breadcrumb","itemListElement":[{"@type":"ListItem","position":1,"name":"In\u00edcio","item":"https:\/\/maranhaotv.com.br\/"},{"@type":"ListItem","position":2,"name":"PF deflagra opera\u00e7\u00e3o para prender servidores p\u00fablicos envolvidos em crimes ambientais"}]},{"@type":"WebSite","@id":"https:\/\/maranhaotv.com.br\/#website","url":"https:\/\/maranhaotv.com.br\/","name":"Maranh\u00e3oTV","description":"","publisher":{"@id":"https:\/\/maranhaotv.com.br\/#organization"},"potentialAction":[{"@type":"SearchAction","target":{"@type":"EntryPoint","urlTemplate":"https:\/\/maranhaotv.com.br\/?s={search_term_string}"},"query-input":{"@type":"PropertyValueSpecification","valueRequired":true,"valueName":"search_term_string"}}],"inLanguage":"pt-BR"},{"@type":"Organization","@id":"https:\/\/maranhaotv.com.br\/#organization","name":"Portal de Not\u00edcias","url":"https:\/\/maranhaotv.com.br\/","logo":{"@type":"ImageObject","inLanguage":"pt-BR","@id":"https:\/\/maranhaotv.com.br\/#\/schema\/logo\/image\/","url":"https:\/\/maranhaotv.com.br\/wp-content\/uploads\/2024\/05\/cropped-cropped-avatar-1.png","contentUrl":"https:\/\/maranhaotv.com.br\/wp-content\/uploads\/2024\/05\/cropped-cropped-avatar-1.png","width":792,"height":428,"caption":"Portal de Not\u00edcias"},"image":{"@id":"https:\/\/maranhaotv.com.br\/#\/schema\/logo\/image\/"},"sameAs":["https:\/\/www.facebook.com\/maiobaotv","https:\/\/x.com\/sitemaranhaotv","https:\/\/www.instagram.com\/maranhao.tv","https:\/\/www.threads.net\/@maranhao.tv"]},{"@type":"Person","@id":"https:\/\/maranhaotv.com.br\/#\/schema\/person\/3d54238e86b20bb5c89ab2fdb8f8829a","name":"maranhaotv","image":{"@type":"ImageObject","inLanguage":"pt-BR","@id":"https:\/\/secure.gravatar.com\/avatar\/8fadbca458d4cb68b1dd399ae9a40618d747bb1af65ac9fad21c89220a143eb4?s=96&d=mm&r=g","url":"https:\/\/secure.gravatar.com\/avatar\/8fadbca458d4cb68b1dd399ae9a40618d747bb1af65ac9fad21c89220a143eb4?s=96&d=mm&r=g","contentUrl":"https:\/\/secure.gravatar.com\/avatar\/8fadbca458d4cb68b1dd399ae9a40618d747bb1af65ac9fad21c89220a143eb4?s=96&d=mm&r=g","caption":"maranhaotv"},"sameAs":["https:\/\/maranhaotv.com.br\/"],"url":"https:\/\/maranhaotv.com.br\/index.php\/author\/maranhaotv\/"}]}},"jetpack_featured_media_url":"","jetpack_sharing_enabled":true,"_links":{"self":[{"href":"https:\/\/maranhaotv.com.br\/index.php\/wp-json\/wp\/v2\/posts\/10314","targetHints":{"allow":["GET"]}}],"collection":[{"href":"https:\/\/maranhaotv.com.br\/index.php\/wp-json\/wp\/v2\/posts"}],"about":[{"href":"https:\/\/maranhaotv.com.br\/index.php\/wp-json\/wp\/v2\/types\/post"}],"author":[{"embeddable":true,"href":"https:\/\/maranhaotv.com.br\/index.php\/wp-json\/wp\/v2\/users\/2"}],"replies":[{"embeddable":true,"href":"https:\/\/maranhaotv.com.br\/index.php\/wp-json\/wp\/v2\/comments?post=10314"}],"version-history":[{"count":0,"href":"https:\/\/maranhaotv.com.br\/index.php\/wp-json\/wp\/v2\/posts\/10314\/revisions"}],"wp:featuredmedia":[{"embeddable":true,"href":"https:\/\/maranhaotv.com.br\/index.php\/wp-json\/"}],"wp:attachment":[{"href":"https:\/\/maranhaotv.com.br\/index.php\/wp-json\/wp\/v2\/media?parent=10314"}],"wp:term":[{"taxonomy":"category","embeddable":true,"href":"https:\/\/maranhaotv.com.br\/index.php\/wp-json\/wp\/v2\/categories?post=10314"},{"taxonomy":"post_tag","embeddable":true,"href":"https:\/\/maranhaotv.com.br\/index.php\/wp-json\/wp\/v2\/tags?post=10314"}],"curies":[{"name":"wp","href":"https:\/\/api.w.org\/{rel}","templated":true}]}}