{"id":10545,"date":"2020-03-20T08:16:38","date_gmt":"2020-03-20T11:16:38","guid":{"rendered":"https:\/\/maiobaotv.com.br\/?p=10545"},"modified":"2020-03-20T08:16:38","modified_gmt":"2020-03-20T11:16:38","slug":"prefeitura-de-sao-luis-suspende-feirinha-como-prevencao-ao-covid-19","status":"publish","type":"post","link":"https:\/\/maranhaotv.com.br\/index.php\/2020\/03\/20\/prefeitura-de-sao-luis-suspende-feirinha-como-prevencao-ao-covid-19\/","title":{"rendered":"Prefeitura de S\u00e3o Lu\u00eds suspende feirinha como preven\u00e7\u00e3o ao Covid-19"},"content":{"rendered":"<p style=\"border: 0px; font-family: \" helvetica neue\", helvetica, arial, sans-serif; font-size: 13px; font-style: normal; font-weight: 300; margin: 0px 1.625em; outline: 0px; padding: vertical-align: baseline; color: rgb(55, 55, 55); font-variant-ligatures: font-variant-caps: letter-spacing: orphans: 2; text-align: start; text-indent: text-transform: none; white-space: widows: word-spacing: -webkit-text-stroke-width: background-color: rgb(255, 255, 255); text-decoration-style: initial; text-decoration-color: initial;\">Refor\u00e7ando as a\u00e7\u00f5es preventivas ao novo coronav\u00edrus (Covid-19), contidas no Decreto Municipal N\u00ba 54.890, assinado na ter\u00e7a-feira (17) pelo prefeito Edivaldo Holanda Junior, a Feirinha S\u00e3o Lu\u00eds, que \u00e9 realizada todos os domingos na Pra\u00e7a Benedito Leite, no Centro, est\u00e1 suspensa por tempo indeterminado.<\/p>\n<p style=\"border: 0px; font-family: \" helvetica neue\", helvetica, arial, sans-serif; font-size: 13px; font-style: normal; font-weight: 300; margin: 0px 1.625em; outline: 0px; padding: vertical-align: baseline; color: rgb(55, 55, 55); font-variant-ligatures: font-variant-caps: letter-spacing: orphans: 2; text-align: start; text-indent: text-transform: none; white-space: widows: word-spacing: -webkit-text-stroke-width: background-color: rgb(255, 255, 255); text-decoration-style: initial; text-decoration-color: initial;\">A Prefeitura de S\u00e3o Lu\u00eds tamb\u00e9m determinou a paralisa\u00e7\u00e3o das atividades do Museu da Gastronomia e do Centro de Atendimento ao Turista (CAT) que permanecem fechados. Em S\u00e3o Lu\u00eds, como todo o Maranh\u00e3o, n\u00e3o h\u00e1 casos confirmados da doen\u00e7a. A medida \u00e9 para evitar a aglomera\u00e7\u00e3o de pessoas e prevenir os efeitos caso venham a ser confirmados casos na capital.<\/p>\n<p style=\"border: 0px; font-family: \" helvetica neue\", helvetica, arial, sans-serif; font-size: 13px; font-style: normal; font-weight: 300; margin: 0px 1.625em; outline: 0px; padding: vertical-align: baseline; color: rgb(55, 55, 55); font-variant-ligatures: font-variant-caps: letter-spacing: orphans: 2; text-align: start; text-indent: text-transform: none; white-space: widows: word-spacing: -webkit-text-stroke-width: background-color: rgb(255, 255, 255); text-decoration-style: initial; text-decoration-color: initial;\">O decreto assinado pelo prefeito Edivaldo recomenda \u00e0 popula\u00e7\u00e3o que evite frequentar locais fechados de grande ou m\u00e9dia aglomera\u00e7\u00e3o, tais como cinemas, teatros, academias de gin\u00e1stica, centros esportivos, museus ou correlatos.<\/p>\n<p style=\"border: 0px; font-family: \" helvetica neue\", helvetica, arial, sans-serif; font-size: 13px; font-style: normal; font-weight: 300; margin: 0px 1.625em; outline: 0px; padding: vertical-align: baseline; color: rgb(55, 55, 55); font-variant-ligatures: font-variant-caps: letter-spacing: orphans: 2; text-align: start; text-indent: text-transform: none; white-space: widows: word-spacing: -webkit-text-stroke-width: background-color: rgb(255, 255, 255); text-decoration-style: initial; text-decoration-color: initial;\">Para evitar aglomera\u00e7\u00f5es foram adotadas ainda medidas como a n\u00e3o concess\u00e3o de autoriza\u00e7\u00f5es de eventos p\u00fablicos ou privados. Contribuindo com esta medida, a Prefeitura de S\u00e3o Lu\u00eds decidiu suspender tamb\u00e9m a Feirinha S\u00e3o Lu\u00eds e as edi\u00e7\u00f5es do programa Todos Por S\u00e3o Lu\u00eds.<\/p>\n<p style=\"border: 0px; font-family: \" helvetica neue\", helvetica, arial, sans-serif; font-size: 13px; font-style: normal; font-weight: 300; margin: 0px 1.625em; outline: 0px; padding: vertical-align: baseline; color: rgb(55, 55, 55); font-variant-ligatures: font-variant-caps: letter-spacing: orphans: 2; text-align: start; text-indent: text-transform: none; white-space: widows: word-spacing: -webkit-text-stroke-width: background-color: rgb(255, 255, 255); text-decoration-style: initial; text-decoration-color: initial;\">A Feirinha S\u00e3o Lu\u00eds foi idealizada pelo prefeito Edivaldo Holanda Junior e tem contribu\u00eddo com o trabalho de revitaliza\u00e7\u00e3o do Centro Hist\u00f3rico realizado pela Prefeitura de S\u00e3o Lu\u00eds. O programa tamb\u00e9m \u00e9 respons\u00e1vel por promover a valoriza\u00e7\u00e3o da cultura local e incentivar a comercializa\u00e7\u00e3o de produtos da agricultura familiar.<\/p>\n<p><img loading=\"lazy\" decoding=\"async\" src=\"https:\/\/maiobaotv.com.br\/wp-content\/uploads\/2020\/03\/27144_eb157618-47cb-6277-59be-b2a4a491f4e08780552978904278585.jpg\" class=\"wp-image-10544 alignnone size-full\" width=\"800\" height=\"533\"><br \/>\nGl\u00e1ucio Ericeira<\/p>\n","protected":false},"excerpt":{"rendered":"<p>Refor\u00e7ando as a\u00e7\u00f5es preventivas ao novo coronav\u00edrus (Covid-19), contidas no Decreto Municipal N\u00ba 54.890, assinado na ter\u00e7a-feira (17) pelo prefeito<\/p>\n","protected":false},"author":2,"featured_media":10546,"comment_status":"open","ping_status":"open","sticky":false,"template":"","format":"standard","meta":{"colormag_page_container_layout":"default_layout","colormag_page_sidebar_layout":"default_layout","_jetpack_memberships_contains_paid_content":false,"footnotes":""},"categories":[2],"tags":[149,150],"class_list":["post-10545","post","type-post","status-publish","format-standard","has-post-thumbnail","hentry","category-noticias","tag-feirinha","tag-prefeitura-de-sao-luis"],"magazineBlocksPostFeaturedMedia":{"thumbnail":false,"medium":false,"medium_large":false,"large":false,"1536x1536":false,"2048x2048":false,"colormag-highlighted-post":false,"colormag-featured-post-medium":false,"colormag-featured-post-small":false,"colormag-featured-image":false,"colormag-default-news":false,"colormag-featured-image-large":false},"magazineBlocksPostAuthor":{"name":"maranhaotv","avatar":"https:\/\/secure.gravatar.com\/avatar\/8fadbca458d4cb68b1dd399ae9a40618d747bb1af65ac9fad21c89220a143eb4?s=96&d=mm&r=g"},"magazineBlocksPostCommentsNumber":"0","magazineBlocksPostExcerpt":"Refor\u00e7ando as a\u00e7\u00f5es preventivas ao novo coronav\u00edrus (Covid-19), contidas no Decreto Municipal N\u00ba 54.890, assinado na ter\u00e7a-feira (17) pelo prefeito","magazineBlocksPostCategories":["not\u00edcias"],"magazineBlocksPostViewCount":130,"magazineBlocksPostReadTime":2,"magazine_blocks_featured_image_url":{"full":false,"medium":false,"thumbnail":false},"magazine_blocks_author":{"display_name":"maranhaotv","author_link":"https:\/\/maranhaotv.com.br\/index.php\/author\/maranhaotv\/"},"magazine_blocks_comment":0,"magazine_blocks_author_image":"https:\/\/secure.gravatar.com\/avatar\/8fadbca458d4cb68b1dd399ae9a40618d747bb1af65ac9fad21c89220a143eb4?s=96&d=mm&r=g","magazine_blocks_category":"<a href=\"#\" class=\"category-link category-link-2\">not\u00edcias<\/a>","yoast_head":"<!-- This site is optimized with the Yoast SEO plugin v27.4 - https:\/\/yoast.com\/product\/yoast-seo-wordpress\/ -->\n<title>Prefeitura de S\u00e3o Lu\u00eds suspende feirinha como preven\u00e7\u00e3o ao Covid-19 - NOT\u00cdCIAS EM TEMPO REAL<\/title>\n<meta name=\"robots\" content=\"index, follow, max-snippet:-1, max-image-preview:large, max-video-preview:-1\" \/>\n<link rel=\"canonical\" href=\"https:\/\/maranhaotv.com.br\/index.php\/2020\/03\/20\/prefeitura-de-sao-luis-suspende-feirinha-como-prevencao-ao-covid-19\/\" \/>\n<meta property=\"og:locale\" content=\"pt_BR\" \/>\n<meta property=\"og:type\" content=\"article\" \/>\n<meta property=\"og:title\" content=\"Prefeitura de S\u00e3o Lu\u00eds suspende feirinha como preven\u00e7\u00e3o ao Covid-19 - NOT\u00cdCIAS EM TEMPO REAL\" \/>\n<meta property=\"og:description\" content=\"Refor\u00e7ando as a\u00e7\u00f5es preventivas ao novo coronav\u00edrus (Covid-19), contidas no Decreto Municipal N\u00ba 54.890, assinado na ter\u00e7a-feira (17) pelo prefeito\" \/>\n<meta property=\"og:url\" content=\"https:\/\/maranhaotv.com.br\/index.php\/2020\/03\/20\/prefeitura-de-sao-luis-suspende-feirinha-como-prevencao-ao-covid-19\/\" \/>\n<meta property=\"og:site_name\" content=\"NOT\u00cdCIAS EM TEMPO REAL\" \/>\n<meta property=\"article:publisher\" content=\"https:\/\/www.facebook.com\/maiobaotv\" \/>\n<meta property=\"article:published_time\" content=\"2020-03-20T11:16:38+00:00\" \/>\n<meta name=\"author\" content=\"maranhaotv\" \/>\n<meta name=\"twitter:card\" content=\"summary_large_image\" \/>\n<meta name=\"twitter:creator\" content=\"@sitemaranhaotv\" \/>\n<meta name=\"twitter:site\" content=\"@sitemaranhaotv\" \/>\n<meta name=\"twitter:label1\" content=\"Escrito por\" \/>\n\t<meta name=\"twitter:data1\" content=\"maranhaotv\" \/>\n\t<meta name=\"twitter:label2\" content=\"Est. tempo de leitura\" \/>\n\t<meta name=\"twitter:data2\" content=\"1 minuto\" \/>\n<script type=\"application\/ld+json\" class=\"yoast-schema-graph\">{\"@context\":\"https:\\\/\\\/schema.org\",\"@graph\":[{\"@type\":\"Article\",\"@id\":\"https:\\\/\\\/maranhaotv.com.br\\\/index.php\\\/2020\\\/03\\\/20\\\/prefeitura-de-sao-luis-suspende-feirinha-como-prevencao-ao-covid-19\\\/#article\",\"isPartOf\":{\"@id\":\"https:\\\/\\\/maranhaotv.com.br\\\/index.php\\\/2020\\\/03\\\/20\\\/prefeitura-de-sao-luis-suspende-feirinha-como-prevencao-ao-covid-19\\\/\"},\"author\":{\"name\":\"maranhaotv\",\"@id\":\"https:\\\/\\\/maranhaotv.com.br\\\/#\\\/schema\\\/person\\\/3d54238e86b20bb5c89ab2fdb8f8829a\"},\"headline\":\"Prefeitura de S\u00e3o Lu\u00eds suspende feirinha como preven\u00e7\u00e3o ao Covid-19\",\"datePublished\":\"2020-03-20T11:16:38+00:00\",\"mainEntityOfPage\":{\"@id\":\"https:\\\/\\\/maranhaotv.com.br\\\/index.php\\\/2020\\\/03\\\/20\\\/prefeitura-de-sao-luis-suspende-feirinha-como-prevencao-ao-covid-19\\\/\"},\"wordCount\":282,\"commentCount\":0,\"publisher\":{\"@id\":\"https:\\\/\\\/maranhaotv.com.br\\\/#organization\"},\"image\":{\"@id\":\"https:\\\/\\\/maranhaotv.com.br\\\/index.php\\\/2020\\\/03\\\/20\\\/prefeitura-de-sao-luis-suspende-feirinha-como-prevencao-ao-covid-19\\\/#primaryimage\"},\"thumbnailUrl\":\"\",\"keywords\":[\"Feirinha\",\"Prefeitura de S\u00e3o Lu\u00eds\"],\"articleSection\":[\"not\u00edcias\"],\"inLanguage\":\"pt-BR\",\"potentialAction\":[{\"@type\":\"CommentAction\",\"name\":\"Comment\",\"target\":[\"https:\\\/\\\/maranhaotv.com.br\\\/index.php\\\/2020\\\/03\\\/20\\\/prefeitura-de-sao-luis-suspende-feirinha-como-prevencao-ao-covid-19\\\/#respond\"]}]},{\"@type\":\"WebPage\",\"@id\":\"https:\\\/\\\/maranhaotv.com.br\\\/index.php\\\/2020\\\/03\\\/20\\\/prefeitura-de-sao-luis-suspende-feirinha-como-prevencao-ao-covid-19\\\/\",\"url\":\"https:\\\/\\\/maranhaotv.com.br\\\/index.php\\\/2020\\\/03\\\/20\\\/prefeitura-de-sao-luis-suspende-feirinha-como-prevencao-ao-covid-19\\\/\",\"name\":\"Prefeitura de S\u00e3o Lu\u00eds suspende feirinha como preven\u00e7\u00e3o ao Covid-19 - NOT\u00cdCIAS EM TEMPO REAL\",\"isPartOf\":{\"@id\":\"https:\\\/\\\/maranhaotv.com.br\\\/#website\"},\"primaryImageOfPage\":{\"@id\":\"https:\\\/\\\/maranhaotv.com.br\\\/index.php\\\/2020\\\/03\\\/20\\\/prefeitura-de-sao-luis-suspende-feirinha-como-prevencao-ao-covid-19\\\/#primaryimage\"},\"image\":{\"@id\":\"https:\\\/\\\/maranhaotv.com.br\\\/index.php\\\/2020\\\/03\\\/20\\\/prefeitura-de-sao-luis-suspende-feirinha-como-prevencao-ao-covid-19\\\/#primaryimage\"},\"thumbnailUrl\":\"\",\"datePublished\":\"2020-03-20T11:16:38+00:00\",\"breadcrumb\":{\"@id\":\"https:\\\/\\\/maranhaotv.com.br\\\/index.php\\\/2020\\\/03\\\/20\\\/prefeitura-de-sao-luis-suspende-feirinha-como-prevencao-ao-covid-19\\\/#breadcrumb\"},\"inLanguage\":\"pt-BR\",\"potentialAction\":[{\"@type\":\"ReadAction\",\"target\":[\"https:\\\/\\\/maranhaotv.com.br\\\/index.php\\\/2020\\\/03\\\/20\\\/prefeitura-de-sao-luis-suspende-feirinha-como-prevencao-ao-covid-19\\\/\"]}]},{\"@type\":\"ImageObject\",\"inLanguage\":\"pt-BR\",\"@id\":\"https:\\\/\\\/maranhaotv.com.br\\\/index.php\\\/2020\\\/03\\\/20\\\/prefeitura-de-sao-luis-suspende-feirinha-como-prevencao-ao-covid-19\\\/#primaryimage\",\"url\":\"\",\"contentUrl\":\"\"},{\"@type\":\"BreadcrumbList\",\"@id\":\"https:\\\/\\\/maranhaotv.com.br\\\/index.php\\\/2020\\\/03\\\/20\\\/prefeitura-de-sao-luis-suspende-feirinha-como-prevencao-ao-covid-19\\\/#breadcrumb\",\"itemListElement\":[{\"@type\":\"ListItem\",\"position\":1,\"name\":\"In\u00edcio\",\"item\":\"https:\\\/\\\/maranhaotv.com.br\\\/\"},{\"@type\":\"ListItem\",\"position\":2,\"name\":\"Prefeitura de S\u00e3o Lu\u00eds suspende feirinha como preven\u00e7\u00e3o ao Covid-19\"}]},{\"@type\":\"WebSite\",\"@id\":\"https:\\\/\\\/maranhaotv.com.br\\\/#website\",\"url\":\"https:\\\/\\\/maranhaotv.com.br\\\/\",\"name\":\"Maranh\u00e3oTV\",\"description\":\"\",\"publisher\":{\"@id\":\"https:\\\/\\\/maranhaotv.com.br\\\/#organization\"},\"potentialAction\":[{\"@type\":\"SearchAction\",\"target\":{\"@type\":\"EntryPoint\",\"urlTemplate\":\"https:\\\/\\\/maranhaotv.com.br\\\/?s={search_term_string}\"},\"query-input\":{\"@type\":\"PropertyValueSpecification\",\"valueRequired\":true,\"valueName\":\"search_term_string\"}}],\"inLanguage\":\"pt-BR\"},{\"@type\":\"Organization\",\"@id\":\"https:\\\/\\\/maranhaotv.com.br\\\/#organization\",\"name\":\"Portal de Not\u00edcias\",\"url\":\"https:\\\/\\\/maranhaotv.com.br\\\/\",\"logo\":{\"@type\":\"ImageObject\",\"inLanguage\":\"pt-BR\",\"@id\":\"https:\\\/\\\/maranhaotv.com.br\\\/#\\\/schema\\\/logo\\\/image\\\/\",\"url\":\"https:\\\/\\\/maranhaotv.com.br\\\/wp-content\\\/uploads\\\/2024\\\/05\\\/cropped-cropped-avatar-1.png\",\"contentUrl\":\"https:\\\/\\\/maranhaotv.com.br\\\/wp-content\\\/uploads\\\/2024\\\/05\\\/cropped-cropped-avatar-1.png\",\"width\":792,\"height\":428,\"caption\":\"Portal de Not\u00edcias\"},\"image\":{\"@id\":\"https:\\\/\\\/maranhaotv.com.br\\\/#\\\/schema\\\/logo\\\/image\\\/\"},\"sameAs\":[\"https:\\\/\\\/www.facebook.com\\\/maiobaotv\",\"https:\\\/\\\/x.com\\\/sitemaranhaotv\",\"https:\\\/\\\/www.instagram.com\\\/maranhao.tv\",\"https:\\\/\\\/www.threads.net\\\/@maranhao.tv\"]},{\"@type\":\"Person\",\"@id\":\"https:\\\/\\\/maranhaotv.com.br\\\/#\\\/schema\\\/person\\\/3d54238e86b20bb5c89ab2fdb8f8829a\",\"name\":\"maranhaotv\",\"image\":{\"@type\":\"ImageObject\",\"inLanguage\":\"pt-BR\",\"@id\":\"https:\\\/\\\/secure.gravatar.com\\\/avatar\\\/8fadbca458d4cb68b1dd399ae9a40618d747bb1af65ac9fad21c89220a143eb4?s=96&d=mm&r=g\",\"url\":\"https:\\\/\\\/secure.gravatar.com\\\/avatar\\\/8fadbca458d4cb68b1dd399ae9a40618d747bb1af65ac9fad21c89220a143eb4?s=96&d=mm&r=g\",\"contentUrl\":\"https:\\\/\\\/secure.gravatar.com\\\/avatar\\\/8fadbca458d4cb68b1dd399ae9a40618d747bb1af65ac9fad21c89220a143eb4?s=96&d=mm&r=g\",\"caption\":\"maranhaotv\"},\"sameAs\":[\"https:\\\/\\\/maranhaotv.com.br\\\/\"],\"url\":\"https:\\\/\\\/maranhaotv.com.br\\\/index.php\\\/author\\\/maranhaotv\\\/\"}]}<\/script>\n<!-- \/ Yoast SEO plugin. -->","yoast_head_json":{"title":"Prefeitura de S\u00e3o Lu\u00eds suspende feirinha como preven\u00e7\u00e3o ao Covid-19 - NOT\u00cdCIAS EM TEMPO REAL","robots":{"index":"index","follow":"follow","max-snippet":"max-snippet:-1","max-image-preview":"max-image-preview:large","max-video-preview":"max-video-preview:-1"},"canonical":"https:\/\/maranhaotv.com.br\/index.php\/2020\/03\/20\/prefeitura-de-sao-luis-suspende-feirinha-como-prevencao-ao-covid-19\/","og_locale":"pt_BR","og_type":"article","og_title":"Prefeitura de S\u00e3o Lu\u00eds suspende feirinha como preven\u00e7\u00e3o ao Covid-19 - NOT\u00cdCIAS EM TEMPO REAL","og_description":"Refor\u00e7ando as a\u00e7\u00f5es preventivas ao novo coronav\u00edrus (Covid-19), contidas no Decreto Municipal N\u00ba 54.890, assinado na ter\u00e7a-feira (17) pelo prefeito","og_url":"https:\/\/maranhaotv.com.br\/index.php\/2020\/03\/20\/prefeitura-de-sao-luis-suspende-feirinha-como-prevencao-ao-covid-19\/","og_site_name":"NOT\u00cdCIAS EM TEMPO REAL","article_publisher":"https:\/\/www.facebook.com\/maiobaotv","article_published_time":"2020-03-20T11:16:38+00:00","author":"maranhaotv","twitter_card":"summary_large_image","twitter_creator":"@sitemaranhaotv","twitter_site":"@sitemaranhaotv","twitter_misc":{"Escrito por":"maranhaotv","Est. tempo de leitura":"1 minuto"},"schema":{"@context":"https:\/\/schema.org","@graph":[{"@type":"Article","@id":"https:\/\/maranhaotv.com.br\/index.php\/2020\/03\/20\/prefeitura-de-sao-luis-suspende-feirinha-como-prevencao-ao-covid-19\/#article","isPartOf":{"@id":"https:\/\/maranhaotv.com.br\/index.php\/2020\/03\/20\/prefeitura-de-sao-luis-suspende-feirinha-como-prevencao-ao-covid-19\/"},"author":{"name":"maranhaotv","@id":"https:\/\/maranhaotv.com.br\/#\/schema\/person\/3d54238e86b20bb5c89ab2fdb8f8829a"},"headline":"Prefeitura de S\u00e3o Lu\u00eds suspende feirinha como preven\u00e7\u00e3o ao Covid-19","datePublished":"2020-03-20T11:16:38+00:00","mainEntityOfPage":{"@id":"https:\/\/maranhaotv.com.br\/index.php\/2020\/03\/20\/prefeitura-de-sao-luis-suspende-feirinha-como-prevencao-ao-covid-19\/"},"wordCount":282,"commentCount":0,"publisher":{"@id":"https:\/\/maranhaotv.com.br\/#organization"},"image":{"@id":"https:\/\/maranhaotv.com.br\/index.php\/2020\/03\/20\/prefeitura-de-sao-luis-suspende-feirinha-como-prevencao-ao-covid-19\/#primaryimage"},"thumbnailUrl":"","keywords":["Feirinha","Prefeitura de S\u00e3o Lu\u00eds"],"articleSection":["not\u00edcias"],"inLanguage":"pt-BR","potentialAction":[{"@type":"CommentAction","name":"Comment","target":["https:\/\/maranhaotv.com.br\/index.php\/2020\/03\/20\/prefeitura-de-sao-luis-suspende-feirinha-como-prevencao-ao-covid-19\/#respond"]}]},{"@type":"WebPage","@id":"https:\/\/maranhaotv.com.br\/index.php\/2020\/03\/20\/prefeitura-de-sao-luis-suspende-feirinha-como-prevencao-ao-covid-19\/","url":"https:\/\/maranhaotv.com.br\/index.php\/2020\/03\/20\/prefeitura-de-sao-luis-suspende-feirinha-como-prevencao-ao-covid-19\/","name":"Prefeitura de S\u00e3o Lu\u00eds suspende feirinha como preven\u00e7\u00e3o ao Covid-19 - NOT\u00cdCIAS EM TEMPO REAL","isPartOf":{"@id":"https:\/\/maranhaotv.com.br\/#website"},"primaryImageOfPage":{"@id":"https:\/\/maranhaotv.com.br\/index.php\/2020\/03\/20\/prefeitura-de-sao-luis-suspende-feirinha-como-prevencao-ao-covid-19\/#primaryimage"},"image":{"@id":"https:\/\/maranhaotv.com.br\/index.php\/2020\/03\/20\/prefeitura-de-sao-luis-suspende-feirinha-como-prevencao-ao-covid-19\/#primaryimage"},"thumbnailUrl":"","datePublished":"2020-03-20T11:16:38+00:00","breadcrumb":{"@id":"https:\/\/maranhaotv.com.br\/index.php\/2020\/03\/20\/prefeitura-de-sao-luis-suspende-feirinha-como-prevencao-ao-covid-19\/#breadcrumb"},"inLanguage":"pt-BR","potentialAction":[{"@type":"ReadAction","target":["https:\/\/maranhaotv.com.br\/index.php\/2020\/03\/20\/prefeitura-de-sao-luis-suspende-feirinha-como-prevencao-ao-covid-19\/"]}]},{"@type":"ImageObject","inLanguage":"pt-BR","@id":"https:\/\/maranhaotv.com.br\/index.php\/2020\/03\/20\/prefeitura-de-sao-luis-suspende-feirinha-como-prevencao-ao-covid-19\/#primaryimage","url":"","contentUrl":""},{"@type":"BreadcrumbList","@id":"https:\/\/maranhaotv.com.br\/index.php\/2020\/03\/20\/prefeitura-de-sao-luis-suspende-feirinha-como-prevencao-ao-covid-19\/#breadcrumb","itemListElement":[{"@type":"ListItem","position":1,"name":"In\u00edcio","item":"https:\/\/maranhaotv.com.br\/"},{"@type":"ListItem","position":2,"name":"Prefeitura de S\u00e3o Lu\u00eds suspende feirinha como preven\u00e7\u00e3o ao Covid-19"}]},{"@type":"WebSite","@id":"https:\/\/maranhaotv.com.br\/#website","url":"https:\/\/maranhaotv.com.br\/","name":"Maranh\u00e3oTV","description":"","publisher":{"@id":"https:\/\/maranhaotv.com.br\/#organization"},"potentialAction":[{"@type":"SearchAction","target":{"@type":"EntryPoint","urlTemplate":"https:\/\/maranhaotv.com.br\/?s={search_term_string}"},"query-input":{"@type":"PropertyValueSpecification","valueRequired":true,"valueName":"search_term_string"}}],"inLanguage":"pt-BR"},{"@type":"Organization","@id":"https:\/\/maranhaotv.com.br\/#organization","name":"Portal de Not\u00edcias","url":"https:\/\/maranhaotv.com.br\/","logo":{"@type":"ImageObject","inLanguage":"pt-BR","@id":"https:\/\/maranhaotv.com.br\/#\/schema\/logo\/image\/","url":"https:\/\/maranhaotv.com.br\/wp-content\/uploads\/2024\/05\/cropped-cropped-avatar-1.png","contentUrl":"https:\/\/maranhaotv.com.br\/wp-content\/uploads\/2024\/05\/cropped-cropped-avatar-1.png","width":792,"height":428,"caption":"Portal de Not\u00edcias"},"image":{"@id":"https:\/\/maranhaotv.com.br\/#\/schema\/logo\/image\/"},"sameAs":["https:\/\/www.facebook.com\/maiobaotv","https:\/\/x.com\/sitemaranhaotv","https:\/\/www.instagram.com\/maranhao.tv","https:\/\/www.threads.net\/@maranhao.tv"]},{"@type":"Person","@id":"https:\/\/maranhaotv.com.br\/#\/schema\/person\/3d54238e86b20bb5c89ab2fdb8f8829a","name":"maranhaotv","image":{"@type":"ImageObject","inLanguage":"pt-BR","@id":"https:\/\/secure.gravatar.com\/avatar\/8fadbca458d4cb68b1dd399ae9a40618d747bb1af65ac9fad21c89220a143eb4?s=96&d=mm&r=g","url":"https:\/\/secure.gravatar.com\/avatar\/8fadbca458d4cb68b1dd399ae9a40618d747bb1af65ac9fad21c89220a143eb4?s=96&d=mm&r=g","contentUrl":"https:\/\/secure.gravatar.com\/avatar\/8fadbca458d4cb68b1dd399ae9a40618d747bb1af65ac9fad21c89220a143eb4?s=96&d=mm&r=g","caption":"maranhaotv"},"sameAs":["https:\/\/maranhaotv.com.br\/"],"url":"https:\/\/maranhaotv.com.br\/index.php\/author\/maranhaotv\/"}]}},"jetpack_featured_media_url":"","jetpack_sharing_enabled":true,"_links":{"self":[{"href":"https:\/\/maranhaotv.com.br\/index.php\/wp-json\/wp\/v2\/posts\/10545","targetHints":{"allow":["GET"]}}],"collection":[{"href":"https:\/\/maranhaotv.com.br\/index.php\/wp-json\/wp\/v2\/posts"}],"about":[{"href":"https:\/\/maranhaotv.com.br\/index.php\/wp-json\/wp\/v2\/types\/post"}],"author":[{"embeddable":true,"href":"https:\/\/maranhaotv.com.br\/index.php\/wp-json\/wp\/v2\/users\/2"}],"replies":[{"embeddable":true,"href":"https:\/\/maranhaotv.com.br\/index.php\/wp-json\/wp\/v2\/comments?post=10545"}],"version-history":[{"count":0,"href":"https:\/\/maranhaotv.com.br\/index.php\/wp-json\/wp\/v2\/posts\/10545\/revisions"}],"wp:featuredmedia":[{"embeddable":true,"href":"https:\/\/maranhaotv.com.br\/index.php\/wp-json\/"}],"wp:attachment":[{"href":"https:\/\/maranhaotv.com.br\/index.php\/wp-json\/wp\/v2\/media?parent=10545"}],"wp:term":[{"taxonomy":"category","embeddable":true,"href":"https:\/\/maranhaotv.com.br\/index.php\/wp-json\/wp\/v2\/categories?post=10545"},{"taxonomy":"post_tag","embeddable":true,"href":"https:\/\/maranhaotv.com.br\/index.php\/wp-json\/wp\/v2\/tags?post=10545"}],"curies":[{"name":"wp","href":"https:\/\/api.w.org\/{rel}","templated":true}]}}