{"id":10553,"date":"2020-03-20T09:54:14","date_gmt":"2020-03-20T12:54:14","guid":{"rendered":"https:\/\/maiobaotv.com.br\/?p=10553"},"modified":"2020-03-20T09:54:14","modified_gmt":"2020-03-20T12:54:14","slug":"os-lideres-politicos-versus-pandemia-uma-relacao-perigosa","status":"publish","type":"post","link":"https:\/\/maranhaotv.com.br\/index.php\/2020\/03\/20\/os-lideres-politicos-versus-pandemia-uma-relacao-perigosa\/","title":{"rendered":"Os l\u00edderes pol\u00edticos versus Pandemia. Uma rela\u00e7\u00e3o perigosa"},"content":{"rendered":"<p><strong><em>Editorial<\/em><\/strong><\/p>\n<p>Nossos l\u00edderes, que parecem mais influenciadores digitais que l\u00edderes, demoraram a cair na realidade para tomar atitudes conscientes e que conscietizassem a popula\u00e7\u00e3o. Gra\u00e7as \u00e0 imprensa livre, e porque nao citar tamb\u00e9m as nossas redes sociais, n\u00f3s em maioria, n\u00e3o precisamos esperar por nenhum pronunciamento, ou aceita\u00e7\u00e3o oficial de que esta pandemia, n\u00e3o seria mais uma invencionisse da Rede Globo ou da &#8220;imprensa quatrocentona&#8221;, ou at\u00e9 &#8220;fantasia&#8221;, &#8220;histeria&#8221;, como declarou o influencer digital eleito em 2018.<\/p>\n<p>Como se n\u00e3o bastasse a minimiza\u00e7\u00e3o da pandemia, ainda v\u00eam a convoca\u00e7\u00e3o para as manifesta\u00e7\u00f5es, e a irresponsabilidade com os protocolos da Organiza\u00e7\u00e3o Mundial de Sa\u00fade, agora vem a declara\u00e7\u00e3o do aspirante a embaixador, que em seu perfil oficial no Twitter (claro, pois este \u00e9 outro influenciador digital), disse que o pa\u00eds asi\u00e1tico tem culpa pela dissemina\u00e7\u00e3o da doen\u00e7a. Sugeriu que o Estado chin\u00eas teria escondido \u201calgo grave\u201d, referindo-se ao coronav\u00edrus e comparou o caso com Chernobyl.<\/p>\n<p>&#8220;A consci\u00eancia das consequ\u00eancias \u00e9 a ess\u00eancia da responsabilidade&#8221;<\/p>\n<p>Frase do cientista norte americano, Murray Sidman, j\u00e1 falecido em 2019.<\/p>\n<p><img loading=\"lazy\" decoding=\"async\" class=\"wp-image-10554 alignnone size-full\" src=\"https:\/\/maiobaotv.com.br\/wp-content\/uploads\/2020\/03\/img-20200318-wa04428834873823377094658.jpg\" width=\"640\" height=\"1158\"><\/p>\n<p style=\"text-align:center;\"><em>Na It\u00e1lia, corpos em caix\u00f5es s\u00e3o levados pra outras cidades, para serem cremados, n\u00e3o h\u00e1 mais vagas nos cemit\u00e9rios das grandes cidades<\/em><\/p>\n","protected":false},"excerpt":{"rendered":"<p>Editorial Nossos l\u00edderes, que parecem mais influenciadores digitais que l\u00edderes, demoraram a cair na realidade para tomar atitudes conscientes e<\/p>\n","protected":false},"author":2,"featured_media":10558,"comment_status":"open","ping_status":"open","sticky":false,"template":"","format":"standard","meta":{"colormag_page_container_layout":"default_layout","colormag_page_sidebar_layout":"default_layout","_jetpack_memberships_contains_paid_content":false,"footnotes":""},"categories":[2],"tags":[],"class_list":["post-10553","post","type-post","status-publish","format-standard","has-post-thumbnail","hentry","category-noticias"],"magazineBlocksPostFeaturedMedia":{"thumbnail":false,"medium":false,"medium_large":false,"large":false,"1536x1536":false,"2048x2048":false,"colormag-highlighted-post":false,"colormag-featured-post-medium":false,"colormag-featured-post-small":false,"colormag-featured-image":false,"colormag-default-news":false,"colormag-featured-image-large":false},"magazineBlocksPostAuthor":{"name":"maranhaotv","avatar":"https:\/\/secure.gravatar.com\/avatar\/8fadbca458d4cb68b1dd399ae9a40618d747bb1af65ac9fad21c89220a143eb4?s=96&d=mm&r=g"},"magazineBlocksPostCommentsNumber":"0","magazineBlocksPostExcerpt":"Editorial Nossos l\u00edderes, que parecem mais influenciadores digitais que l\u00edderes, demoraram a cair na realidade para tomar atitudes conscientes e","magazineBlocksPostCategories":["not\u00edcias"],"magazineBlocksPostViewCount":230,"magazineBlocksPostReadTime":2,"magazine_blocks_featured_image_url":{"full":false,"medium":false,"thumbnail":false},"magazine_blocks_author":{"display_name":"maranhaotv","author_link":"https:\/\/maranhaotv.com.br\/index.php\/author\/maranhaotv\/"},"magazine_blocks_comment":0,"magazine_blocks_author_image":"https:\/\/secure.gravatar.com\/avatar\/8fadbca458d4cb68b1dd399ae9a40618d747bb1af65ac9fad21c89220a143eb4?s=96&d=mm&r=g","magazine_blocks_category":"<a href=\"#\" class=\"category-link category-link-2\">not\u00edcias<\/a>","yoast_head":"<!-- This site is optimized with the Yoast SEO plugin v27.4 - https:\/\/yoast.com\/product\/yoast-seo-wordpress\/ -->\n<title>Os l\u00edderes pol\u00edticos versus Pandemia. Uma rela\u00e7\u00e3o perigosa - NOT\u00cdCIAS EM TEMPO REAL<\/title>\n<meta name=\"robots\" content=\"index, follow, max-snippet:-1, max-image-preview:large, max-video-preview:-1\" \/>\n<link rel=\"canonical\" href=\"https:\/\/maranhaotv.com.br\/index.php\/2020\/03\/20\/os-lideres-politicos-versus-pandemia-uma-relacao-perigosa\/\" \/>\n<meta property=\"og:locale\" content=\"pt_BR\" \/>\n<meta property=\"og:type\" content=\"article\" \/>\n<meta property=\"og:title\" content=\"Os l\u00edderes pol\u00edticos versus Pandemia. Uma rela\u00e7\u00e3o perigosa - NOT\u00cdCIAS EM TEMPO REAL\" \/>\n<meta property=\"og:description\" content=\"Editorial Nossos l\u00edderes, que parecem mais influenciadores digitais que l\u00edderes, demoraram a cair na realidade para tomar atitudes conscientes e\" \/>\n<meta property=\"og:url\" content=\"https:\/\/maranhaotv.com.br\/index.php\/2020\/03\/20\/os-lideres-politicos-versus-pandemia-uma-relacao-perigosa\/\" \/>\n<meta property=\"og:site_name\" content=\"NOT\u00cdCIAS EM TEMPO REAL\" \/>\n<meta property=\"article:publisher\" content=\"https:\/\/www.facebook.com\/maiobaotv\" \/>\n<meta property=\"article:published_time\" content=\"2020-03-20T12:54:14+00:00\" \/>\n<meta name=\"author\" content=\"maranhaotv\" \/>\n<meta name=\"twitter:card\" content=\"summary_large_image\" \/>\n<meta name=\"twitter:creator\" content=\"@sitemaranhaotv\" \/>\n<meta name=\"twitter:site\" content=\"@sitemaranhaotv\" \/>\n<meta name=\"twitter:label1\" content=\"Escrito por\" \/>\n\t<meta name=\"twitter:data1\" content=\"maranhaotv\" \/>\n\t<meta name=\"twitter:label2\" content=\"Est. tempo de leitura\" \/>\n\t<meta name=\"twitter:data2\" content=\"1 minuto\" \/>\n<script type=\"application\/ld+json\" class=\"yoast-schema-graph\">{\"@context\":\"https:\\\/\\\/schema.org\",\"@graph\":[{\"@type\":\"Article\",\"@id\":\"https:\\\/\\\/maranhaotv.com.br\\\/index.php\\\/2020\\\/03\\\/20\\\/os-lideres-politicos-versus-pandemia-uma-relacao-perigosa\\\/#article\",\"isPartOf\":{\"@id\":\"https:\\\/\\\/maranhaotv.com.br\\\/index.php\\\/2020\\\/03\\\/20\\\/os-lideres-politicos-versus-pandemia-uma-relacao-perigosa\\\/\"},\"author\":{\"name\":\"maranhaotv\",\"@id\":\"https:\\\/\\\/maranhaotv.com.br\\\/#\\\/schema\\\/person\\\/3d54238e86b20bb5c89ab2fdb8f8829a\"},\"headline\":\"Os l\u00edderes pol\u00edticos versus Pandemia. Uma rela\u00e7\u00e3o perigosa\",\"datePublished\":\"2020-03-20T12:54:14+00:00\",\"mainEntityOfPage\":{\"@id\":\"https:\\\/\\\/maranhaotv.com.br\\\/index.php\\\/2020\\\/03\\\/20\\\/os-lideres-politicos-versus-pandemia-uma-relacao-perigosa\\\/\"},\"wordCount\":233,\"commentCount\":0,\"publisher\":{\"@id\":\"https:\\\/\\\/maranhaotv.com.br\\\/#organization\"},\"image\":{\"@id\":\"https:\\\/\\\/maranhaotv.com.br\\\/index.php\\\/2020\\\/03\\\/20\\\/os-lideres-politicos-versus-pandemia-uma-relacao-perigosa\\\/#primaryimage\"},\"thumbnailUrl\":\"\",\"articleSection\":[\"not\u00edcias\"],\"inLanguage\":\"pt-BR\",\"potentialAction\":[{\"@type\":\"CommentAction\",\"name\":\"Comment\",\"target\":[\"https:\\\/\\\/maranhaotv.com.br\\\/index.php\\\/2020\\\/03\\\/20\\\/os-lideres-politicos-versus-pandemia-uma-relacao-perigosa\\\/#respond\"]}]},{\"@type\":\"WebPage\",\"@id\":\"https:\\\/\\\/maranhaotv.com.br\\\/index.php\\\/2020\\\/03\\\/20\\\/os-lideres-politicos-versus-pandemia-uma-relacao-perigosa\\\/\",\"url\":\"https:\\\/\\\/maranhaotv.com.br\\\/index.php\\\/2020\\\/03\\\/20\\\/os-lideres-politicos-versus-pandemia-uma-relacao-perigosa\\\/\",\"name\":\"Os l\u00edderes pol\u00edticos versus Pandemia. Uma rela\u00e7\u00e3o perigosa - NOT\u00cdCIAS EM TEMPO REAL\",\"isPartOf\":{\"@id\":\"https:\\\/\\\/maranhaotv.com.br\\\/#website\"},\"primaryImageOfPage\":{\"@id\":\"https:\\\/\\\/maranhaotv.com.br\\\/index.php\\\/2020\\\/03\\\/20\\\/os-lideres-politicos-versus-pandemia-uma-relacao-perigosa\\\/#primaryimage\"},\"image\":{\"@id\":\"https:\\\/\\\/maranhaotv.com.br\\\/index.php\\\/2020\\\/03\\\/20\\\/os-lideres-politicos-versus-pandemia-uma-relacao-perigosa\\\/#primaryimage\"},\"thumbnailUrl\":\"\",\"datePublished\":\"2020-03-20T12:54:14+00:00\",\"breadcrumb\":{\"@id\":\"https:\\\/\\\/maranhaotv.com.br\\\/index.php\\\/2020\\\/03\\\/20\\\/os-lideres-politicos-versus-pandemia-uma-relacao-perigosa\\\/#breadcrumb\"},\"inLanguage\":\"pt-BR\",\"potentialAction\":[{\"@type\":\"ReadAction\",\"target\":[\"https:\\\/\\\/maranhaotv.com.br\\\/index.php\\\/2020\\\/03\\\/20\\\/os-lideres-politicos-versus-pandemia-uma-relacao-perigosa\\\/\"]}]},{\"@type\":\"ImageObject\",\"inLanguage\":\"pt-BR\",\"@id\":\"https:\\\/\\\/maranhaotv.com.br\\\/index.php\\\/2020\\\/03\\\/20\\\/os-lideres-politicos-versus-pandemia-uma-relacao-perigosa\\\/#primaryimage\",\"url\":\"\",\"contentUrl\":\"\"},{\"@type\":\"BreadcrumbList\",\"@id\":\"https:\\\/\\\/maranhaotv.com.br\\\/index.php\\\/2020\\\/03\\\/20\\\/os-lideres-politicos-versus-pandemia-uma-relacao-perigosa\\\/#breadcrumb\",\"itemListElement\":[{\"@type\":\"ListItem\",\"position\":1,\"name\":\"In\u00edcio\",\"item\":\"https:\\\/\\\/maranhaotv.com.br\\\/\"},{\"@type\":\"ListItem\",\"position\":2,\"name\":\"Os l\u00edderes pol\u00edticos versus Pandemia. Uma rela\u00e7\u00e3o perigosa\"}]},{\"@type\":\"WebSite\",\"@id\":\"https:\\\/\\\/maranhaotv.com.br\\\/#website\",\"url\":\"https:\\\/\\\/maranhaotv.com.br\\\/\",\"name\":\"Maranh\u00e3oTV\",\"description\":\"\",\"publisher\":{\"@id\":\"https:\\\/\\\/maranhaotv.com.br\\\/#organization\"},\"potentialAction\":[{\"@type\":\"SearchAction\",\"target\":{\"@type\":\"EntryPoint\",\"urlTemplate\":\"https:\\\/\\\/maranhaotv.com.br\\\/?s={search_term_string}\"},\"query-input\":{\"@type\":\"PropertyValueSpecification\",\"valueRequired\":true,\"valueName\":\"search_term_string\"}}],\"inLanguage\":\"pt-BR\"},{\"@type\":\"Organization\",\"@id\":\"https:\\\/\\\/maranhaotv.com.br\\\/#organization\",\"name\":\"Portal de Not\u00edcias\",\"url\":\"https:\\\/\\\/maranhaotv.com.br\\\/\",\"logo\":{\"@type\":\"ImageObject\",\"inLanguage\":\"pt-BR\",\"@id\":\"https:\\\/\\\/maranhaotv.com.br\\\/#\\\/schema\\\/logo\\\/image\\\/\",\"url\":\"https:\\\/\\\/maranhaotv.com.br\\\/wp-content\\\/uploads\\\/2024\\\/05\\\/cropped-cropped-avatar-1.png\",\"contentUrl\":\"https:\\\/\\\/maranhaotv.com.br\\\/wp-content\\\/uploads\\\/2024\\\/05\\\/cropped-cropped-avatar-1.png\",\"width\":792,\"height\":428,\"caption\":\"Portal de Not\u00edcias\"},\"image\":{\"@id\":\"https:\\\/\\\/maranhaotv.com.br\\\/#\\\/schema\\\/logo\\\/image\\\/\"},\"sameAs\":[\"https:\\\/\\\/www.facebook.com\\\/maiobaotv\",\"https:\\\/\\\/x.com\\\/sitemaranhaotv\",\"https:\\\/\\\/www.instagram.com\\\/maranhao.tv\",\"https:\\\/\\\/www.threads.net\\\/@maranhao.tv\"]},{\"@type\":\"Person\",\"@id\":\"https:\\\/\\\/maranhaotv.com.br\\\/#\\\/schema\\\/person\\\/3d54238e86b20bb5c89ab2fdb8f8829a\",\"name\":\"maranhaotv\",\"image\":{\"@type\":\"ImageObject\",\"inLanguage\":\"pt-BR\",\"@id\":\"https:\\\/\\\/secure.gravatar.com\\\/avatar\\\/8fadbca458d4cb68b1dd399ae9a40618d747bb1af65ac9fad21c89220a143eb4?s=96&d=mm&r=g\",\"url\":\"https:\\\/\\\/secure.gravatar.com\\\/avatar\\\/8fadbca458d4cb68b1dd399ae9a40618d747bb1af65ac9fad21c89220a143eb4?s=96&d=mm&r=g\",\"contentUrl\":\"https:\\\/\\\/secure.gravatar.com\\\/avatar\\\/8fadbca458d4cb68b1dd399ae9a40618d747bb1af65ac9fad21c89220a143eb4?s=96&d=mm&r=g\",\"caption\":\"maranhaotv\"},\"sameAs\":[\"https:\\\/\\\/maranhaotv.com.br\\\/\"],\"url\":\"https:\\\/\\\/maranhaotv.com.br\\\/index.php\\\/author\\\/maranhaotv\\\/\"}]}<\/script>\n<!-- \/ Yoast SEO plugin. -->","yoast_head_json":{"title":"Os l\u00edderes pol\u00edticos versus Pandemia. Uma rela\u00e7\u00e3o perigosa - NOT\u00cdCIAS EM TEMPO REAL","robots":{"index":"index","follow":"follow","max-snippet":"max-snippet:-1","max-image-preview":"max-image-preview:large","max-video-preview":"max-video-preview:-1"},"canonical":"https:\/\/maranhaotv.com.br\/index.php\/2020\/03\/20\/os-lideres-politicos-versus-pandemia-uma-relacao-perigosa\/","og_locale":"pt_BR","og_type":"article","og_title":"Os l\u00edderes pol\u00edticos versus Pandemia. Uma rela\u00e7\u00e3o perigosa - NOT\u00cdCIAS EM TEMPO REAL","og_description":"Editorial Nossos l\u00edderes, que parecem mais influenciadores digitais que l\u00edderes, demoraram a cair na realidade para tomar atitudes conscientes e","og_url":"https:\/\/maranhaotv.com.br\/index.php\/2020\/03\/20\/os-lideres-politicos-versus-pandemia-uma-relacao-perigosa\/","og_site_name":"NOT\u00cdCIAS EM TEMPO REAL","article_publisher":"https:\/\/www.facebook.com\/maiobaotv","article_published_time":"2020-03-20T12:54:14+00:00","author":"maranhaotv","twitter_card":"summary_large_image","twitter_creator":"@sitemaranhaotv","twitter_site":"@sitemaranhaotv","twitter_misc":{"Escrito por":"maranhaotv","Est. tempo de leitura":"1 minuto"},"schema":{"@context":"https:\/\/schema.org","@graph":[{"@type":"Article","@id":"https:\/\/maranhaotv.com.br\/index.php\/2020\/03\/20\/os-lideres-politicos-versus-pandemia-uma-relacao-perigosa\/#article","isPartOf":{"@id":"https:\/\/maranhaotv.com.br\/index.php\/2020\/03\/20\/os-lideres-politicos-versus-pandemia-uma-relacao-perigosa\/"},"author":{"name":"maranhaotv","@id":"https:\/\/maranhaotv.com.br\/#\/schema\/person\/3d54238e86b20bb5c89ab2fdb8f8829a"},"headline":"Os l\u00edderes pol\u00edticos versus Pandemia. Uma rela\u00e7\u00e3o perigosa","datePublished":"2020-03-20T12:54:14+00:00","mainEntityOfPage":{"@id":"https:\/\/maranhaotv.com.br\/index.php\/2020\/03\/20\/os-lideres-politicos-versus-pandemia-uma-relacao-perigosa\/"},"wordCount":233,"commentCount":0,"publisher":{"@id":"https:\/\/maranhaotv.com.br\/#organization"},"image":{"@id":"https:\/\/maranhaotv.com.br\/index.php\/2020\/03\/20\/os-lideres-politicos-versus-pandemia-uma-relacao-perigosa\/#primaryimage"},"thumbnailUrl":"","articleSection":["not\u00edcias"],"inLanguage":"pt-BR","potentialAction":[{"@type":"CommentAction","name":"Comment","target":["https:\/\/maranhaotv.com.br\/index.php\/2020\/03\/20\/os-lideres-politicos-versus-pandemia-uma-relacao-perigosa\/#respond"]}]},{"@type":"WebPage","@id":"https:\/\/maranhaotv.com.br\/index.php\/2020\/03\/20\/os-lideres-politicos-versus-pandemia-uma-relacao-perigosa\/","url":"https:\/\/maranhaotv.com.br\/index.php\/2020\/03\/20\/os-lideres-politicos-versus-pandemia-uma-relacao-perigosa\/","name":"Os l\u00edderes pol\u00edticos versus Pandemia. Uma rela\u00e7\u00e3o perigosa - NOT\u00cdCIAS EM TEMPO REAL","isPartOf":{"@id":"https:\/\/maranhaotv.com.br\/#website"},"primaryImageOfPage":{"@id":"https:\/\/maranhaotv.com.br\/index.php\/2020\/03\/20\/os-lideres-politicos-versus-pandemia-uma-relacao-perigosa\/#primaryimage"},"image":{"@id":"https:\/\/maranhaotv.com.br\/index.php\/2020\/03\/20\/os-lideres-politicos-versus-pandemia-uma-relacao-perigosa\/#primaryimage"},"thumbnailUrl":"","datePublished":"2020-03-20T12:54:14+00:00","breadcrumb":{"@id":"https:\/\/maranhaotv.com.br\/index.php\/2020\/03\/20\/os-lideres-politicos-versus-pandemia-uma-relacao-perigosa\/#breadcrumb"},"inLanguage":"pt-BR","potentialAction":[{"@type":"ReadAction","target":["https:\/\/maranhaotv.com.br\/index.php\/2020\/03\/20\/os-lideres-politicos-versus-pandemia-uma-relacao-perigosa\/"]}]},{"@type":"ImageObject","inLanguage":"pt-BR","@id":"https:\/\/maranhaotv.com.br\/index.php\/2020\/03\/20\/os-lideres-politicos-versus-pandemia-uma-relacao-perigosa\/#primaryimage","url":"","contentUrl":""},{"@type":"BreadcrumbList","@id":"https:\/\/maranhaotv.com.br\/index.php\/2020\/03\/20\/os-lideres-politicos-versus-pandemia-uma-relacao-perigosa\/#breadcrumb","itemListElement":[{"@type":"ListItem","position":1,"name":"In\u00edcio","item":"https:\/\/maranhaotv.com.br\/"},{"@type":"ListItem","position":2,"name":"Os l\u00edderes pol\u00edticos versus Pandemia. Uma rela\u00e7\u00e3o perigosa"}]},{"@type":"WebSite","@id":"https:\/\/maranhaotv.com.br\/#website","url":"https:\/\/maranhaotv.com.br\/","name":"Maranh\u00e3oTV","description":"","publisher":{"@id":"https:\/\/maranhaotv.com.br\/#organization"},"potentialAction":[{"@type":"SearchAction","target":{"@type":"EntryPoint","urlTemplate":"https:\/\/maranhaotv.com.br\/?s={search_term_string}"},"query-input":{"@type":"PropertyValueSpecification","valueRequired":true,"valueName":"search_term_string"}}],"inLanguage":"pt-BR"},{"@type":"Organization","@id":"https:\/\/maranhaotv.com.br\/#organization","name":"Portal de Not\u00edcias","url":"https:\/\/maranhaotv.com.br\/","logo":{"@type":"ImageObject","inLanguage":"pt-BR","@id":"https:\/\/maranhaotv.com.br\/#\/schema\/logo\/image\/","url":"https:\/\/maranhaotv.com.br\/wp-content\/uploads\/2024\/05\/cropped-cropped-avatar-1.png","contentUrl":"https:\/\/maranhaotv.com.br\/wp-content\/uploads\/2024\/05\/cropped-cropped-avatar-1.png","width":792,"height":428,"caption":"Portal de Not\u00edcias"},"image":{"@id":"https:\/\/maranhaotv.com.br\/#\/schema\/logo\/image\/"},"sameAs":["https:\/\/www.facebook.com\/maiobaotv","https:\/\/x.com\/sitemaranhaotv","https:\/\/www.instagram.com\/maranhao.tv","https:\/\/www.threads.net\/@maranhao.tv"]},{"@type":"Person","@id":"https:\/\/maranhaotv.com.br\/#\/schema\/person\/3d54238e86b20bb5c89ab2fdb8f8829a","name":"maranhaotv","image":{"@type":"ImageObject","inLanguage":"pt-BR","@id":"https:\/\/secure.gravatar.com\/avatar\/8fadbca458d4cb68b1dd399ae9a40618d747bb1af65ac9fad21c89220a143eb4?s=96&d=mm&r=g","url":"https:\/\/secure.gravatar.com\/avatar\/8fadbca458d4cb68b1dd399ae9a40618d747bb1af65ac9fad21c89220a143eb4?s=96&d=mm&r=g","contentUrl":"https:\/\/secure.gravatar.com\/avatar\/8fadbca458d4cb68b1dd399ae9a40618d747bb1af65ac9fad21c89220a143eb4?s=96&d=mm&r=g","caption":"maranhaotv"},"sameAs":["https:\/\/maranhaotv.com.br\/"],"url":"https:\/\/maranhaotv.com.br\/index.php\/author\/maranhaotv\/"}]}},"jetpack_featured_media_url":"","jetpack_sharing_enabled":true,"_links":{"self":[{"href":"https:\/\/maranhaotv.com.br\/index.php\/wp-json\/wp\/v2\/posts\/10553","targetHints":{"allow":["GET"]}}],"collection":[{"href":"https:\/\/maranhaotv.com.br\/index.php\/wp-json\/wp\/v2\/posts"}],"about":[{"href":"https:\/\/maranhaotv.com.br\/index.php\/wp-json\/wp\/v2\/types\/post"}],"author":[{"embeddable":true,"href":"https:\/\/maranhaotv.com.br\/index.php\/wp-json\/wp\/v2\/users\/2"}],"replies":[{"embeddable":true,"href":"https:\/\/maranhaotv.com.br\/index.php\/wp-json\/wp\/v2\/comments?post=10553"}],"version-history":[{"count":0,"href":"https:\/\/maranhaotv.com.br\/index.php\/wp-json\/wp\/v2\/posts\/10553\/revisions"}],"wp:featuredmedia":[{"embeddable":true,"href":"https:\/\/maranhaotv.com.br\/index.php\/wp-json\/"}],"wp:attachment":[{"href":"https:\/\/maranhaotv.com.br\/index.php\/wp-json\/wp\/v2\/media?parent=10553"}],"wp:term":[{"taxonomy":"category","embeddable":true,"href":"https:\/\/maranhaotv.com.br\/index.php\/wp-json\/wp\/v2\/categories?post=10553"},{"taxonomy":"post_tag","embeddable":true,"href":"https:\/\/maranhaotv.com.br\/index.php\/wp-json\/wp\/v2\/tags?post=10553"}],"curies":[{"name":"wp","href":"https:\/\/api.w.org\/{rel}","templated":true}]}}