{"id":10599,"date":"2020-03-23T15:40:16","date_gmt":"2020-03-23T18:40:16","guid":{"rendered":"https:\/\/maiobaotv.com.br\/?p=10599"},"modified":"2020-03-23T15:40:16","modified_gmt":"2020-03-23T18:40:16","slug":"coronavirus-prefeitura-de-viana-instala-barreiras-sanitarias-nas-entradas-do-municipio","status":"publish","type":"post","link":"https:\/\/maranhaotv.com.br\/index.php\/2020\/03\/23\/coronavirus-prefeitura-de-viana-instala-barreiras-sanitarias-nas-entradas-do-municipio\/","title":{"rendered":"Coronav\u00edrus: Prefeitura de Viana instala barreiras sanit\u00e1rias nas entradas do munic\u00edpio"},"content":{"rendered":"<h5>A\u00e7\u00e3o tem objetivo de controlar avan\u00e7o do v\u00edrus na cidade<\/h5>\n<p>A Prefeitura de Viana, na Baixada Maranhense, instalou na manh\u00e3 desta segunda-feira (23) barreiras sanit\u00e1rias educativas\/preventivas no munic\u00edpio.<br \/>\nA medida havia sido anunciada na \u00faltima sexta-feira (20) pelo Prefeito Magrado Barros.<\/p>\n<p>A a\u00e7\u00e3o busca controlar o avan\u00e7o da doen\u00e7a na cidade e precisou passar por algumas altera\u00e7\u00f5es por causa de medidas definidas pelo Governo Federal, Estadual e Minist\u00e9rio P\u00fablico de Viana.<\/p>\n<p>Os acessos ao munic\u00edpio ter\u00e3o bloqueios educativos diariamente. As barreiras sanit\u00e1rias est\u00e3o instaladas em locais estrat\u00e9gicos da cidade, formadas por Guarda Municipal, Agentes de Tr\u00e2nsito, Enfermeiros, T\u00e9cnicos de Enfermagem, Agentes de Endemias.<br \/>\nAs abordagens ser\u00e3o feitas nos caminh\u00f5es e caminhonetes; transportes intermunicipais (\u00f4nibus, vans e toyotas), ve\u00edculos de passeio e motos.<\/p>\n<p>\u201cA ideia \u00e9 colocar em pr\u00e1tica todos os impedimentos publicados no Decreto, observando de perto o que est\u00e1 ou n\u00e3o em funcionamento na cidade. Ainda n\u00e3o existe restri\u00e7\u00e3o do fluxo de pessoas\u201d, explicou o Prefeito Magrado Barros.<\/p>\n<p>A popula\u00e7\u00e3o de risco, que \u00e9 formada por crian\u00e7as, gr\u00e1vidas e idosos, ser\u00e1 orientada a retornar para as suas casas. Pessoas com sintomas de coronav\u00edrus ser\u00e3o encaminhadas para a unidade b\u00e1sica de sa\u00fade mais pr\u00f3xima.<\/p>\n<p>A Prefeitura de Viana est\u00e1 aumentando gradativamente as restri\u00e7\u00f5es na cidade para diminuir o risco de transmiss\u00e3o do v\u00edrus. \u201cDesde domingo passado estamos numa luta incans\u00e1vel para restringir a circula\u00e7\u00e3o de bens e pessoas. T\u00ednhamos o objetivo de colocar em pr\u00e1tica as barreiras sanit\u00e1rias nos acessos ao munic\u00edpio a partir da segunda-feira, e assim o fizemos. Sem prazo para que as mesmas sejam retiradas&#8221;, completou Magrado Barros.<\/p>\n<p>O Maranh\u00e3o j\u00e1 apresenta registros de casos do Covid-19 e muitas medidas restritivas est\u00e3o sendo adotadas em todo Estado.<\/p>\n<p><img loading=\"lazy\" decoding=\"async\" src=\"https:\/\/maiobaotv.com.br\/wp-content\/uploads\/2020\/03\/photocollage_20200323_1408247946912875169038765638.jpg\" class=\"wp-image-10598 alignnone size-full\" width=\"1687\" height=\"3000\"><img loading=\"lazy\" decoding=\"async\" src=\"https:\/\/maiobaotv.com.br\/wp-content\/uploads\/2020\/03\/photocollage_20200323_1408487158440802271931115585.jpg\" class=\"wp-image-10597 alignnone size-full\" width=\"1687\" height=\"3000\"><br \/>\n<img loading=\"lazy\" decoding=\"async\" src=\"https:\/\/maiobaotv.com.br\/wp-content\/uploads\/2020\/03\/img_20200323_140744_6092975728313403906708.jpg\" class=\"wp-image-10600 alignnone size-full\" width=\"1280\" height=\"853\"><img loading=\"lazy\" decoding=\"async\" src=\"https:\/\/maiobaotv.com.br\/wp-content\/uploads\/2020\/03\/img-20200323-wa02274968281580617667075.jpg\" class=\"wp-image-10602 alignnone size-full\" width=\"1280\" height=\"853\"><\/p>\n","protected":false},"excerpt":{"rendered":"<p>A\u00e7\u00e3o tem objetivo de controlar avan\u00e7o do v\u00edrus na cidade A Prefeitura de Viana, na Baixada Maranhense, instalou na manh\u00e3<\/p>\n","protected":false},"author":2,"featured_media":10604,"comment_status":"open","ping_status":"open","sticky":false,"template":"","format":"standard","meta":{"colormag_page_container_layout":"default_layout","colormag_page_sidebar_layout":"default_layout","_jetpack_memberships_contains_paid_content":false,"footnotes":""},"categories":[2],"tags":[17,42,5],"class_list":["post-10599","post","type-post","status-publish","format-standard","has-post-thumbnail","hentry","category-noticias","tag-magrado-barros","tag-prefeitura-de-viana","tag-viana"],"magazineBlocksPostFeaturedMedia":{"thumbnail":false,"medium":false,"medium_large":false,"large":false,"1536x1536":false,"2048x2048":false,"colormag-highlighted-post":false,"colormag-featured-post-medium":false,"colormag-featured-post-small":false,"colormag-featured-image":false,"colormag-default-news":false,"colormag-featured-image-large":false},"magazineBlocksPostAuthor":{"name":"maranhaotv","avatar":"https:\/\/secure.gravatar.com\/avatar\/8fadbca458d4cb68b1dd399ae9a40618d747bb1af65ac9fad21c89220a143eb4?s=96&d=mm&r=g"},"magazineBlocksPostCommentsNumber":"0","magazineBlocksPostExcerpt":"A\u00e7\u00e3o tem objetivo de controlar avan\u00e7o do v\u00edrus na cidade A Prefeitura de Viana, na Baixada Maranhense, instalou na manh\u00e3","magazineBlocksPostCategories":["not\u00edcias"],"magazineBlocksPostViewCount":208,"magazineBlocksPostReadTime":2,"magazine_blocks_featured_image_url":{"full":false,"medium":false,"thumbnail":false},"magazine_blocks_author":{"display_name":"maranhaotv","author_link":"https:\/\/maranhaotv.com.br\/index.php\/author\/maranhaotv\/"},"magazine_blocks_comment":0,"magazine_blocks_author_image":"https:\/\/secure.gravatar.com\/avatar\/8fadbca458d4cb68b1dd399ae9a40618d747bb1af65ac9fad21c89220a143eb4?s=96&d=mm&r=g","magazine_blocks_category":"<a href=\"#\" class=\"category-link category-link-2\">not\u00edcias<\/a>","yoast_head":"<!-- This site is optimized with the Yoast SEO plugin v27.4 - https:\/\/yoast.com\/product\/yoast-seo-wordpress\/ -->\n<title>Coronav\u00edrus: Prefeitura de Viana instala barreiras sanit\u00e1rias nas entradas do munic\u00edpio - NOT\u00cdCIAS EM TEMPO REAL<\/title>\n<meta name=\"robots\" content=\"index, follow, max-snippet:-1, max-image-preview:large, max-video-preview:-1\" \/>\n<link rel=\"canonical\" href=\"https:\/\/maranhaotv.com.br\/index.php\/2020\/03\/23\/coronavirus-prefeitura-de-viana-instala-barreiras-sanitarias-nas-entradas-do-municipio\/\" \/>\n<meta property=\"og:locale\" content=\"pt_BR\" \/>\n<meta property=\"og:type\" content=\"article\" \/>\n<meta property=\"og:title\" content=\"Coronav\u00edrus: Prefeitura de Viana instala barreiras sanit\u00e1rias nas entradas do munic\u00edpio - NOT\u00cdCIAS EM TEMPO REAL\" \/>\n<meta property=\"og:description\" content=\"A\u00e7\u00e3o tem objetivo de controlar avan\u00e7o do v\u00edrus na cidade A Prefeitura de Viana, na Baixada Maranhense, instalou na manh\u00e3\" \/>\n<meta property=\"og:url\" content=\"https:\/\/maranhaotv.com.br\/index.php\/2020\/03\/23\/coronavirus-prefeitura-de-viana-instala-barreiras-sanitarias-nas-entradas-do-municipio\/\" \/>\n<meta property=\"og:site_name\" content=\"NOT\u00cdCIAS EM TEMPO REAL\" \/>\n<meta property=\"article:publisher\" content=\"https:\/\/www.facebook.com\/maiobaotv\" \/>\n<meta property=\"article:published_time\" content=\"2020-03-23T18:40:16+00:00\" \/>\n<meta name=\"author\" content=\"maranhaotv\" \/>\n<meta name=\"twitter:card\" content=\"summary_large_image\" \/>\n<meta name=\"twitter:creator\" content=\"@sitemaranhaotv\" \/>\n<meta name=\"twitter:site\" content=\"@sitemaranhaotv\" \/>\n<meta name=\"twitter:label1\" content=\"Escrito por\" \/>\n\t<meta name=\"twitter:data1\" content=\"maranhaotv\" \/>\n\t<meta name=\"twitter:label2\" content=\"Est. tempo de leitura\" \/>\n\t<meta name=\"twitter:data2\" content=\"2 minutos\" \/>\n<script type=\"application\/ld+json\" class=\"yoast-schema-graph\">{\"@context\":\"https:\\\/\\\/schema.org\",\"@graph\":[{\"@type\":\"Article\",\"@id\":\"https:\\\/\\\/maranhaotv.com.br\\\/index.php\\\/2020\\\/03\\\/23\\\/coronavirus-prefeitura-de-viana-instala-barreiras-sanitarias-nas-entradas-do-municipio\\\/#article\",\"isPartOf\":{\"@id\":\"https:\\\/\\\/maranhaotv.com.br\\\/index.php\\\/2020\\\/03\\\/23\\\/coronavirus-prefeitura-de-viana-instala-barreiras-sanitarias-nas-entradas-do-municipio\\\/\"},\"author\":{\"name\":\"maranhaotv\",\"@id\":\"https:\\\/\\\/maranhaotv.com.br\\\/#\\\/schema\\\/person\\\/3d54238e86b20bb5c89ab2fdb8f8829a\"},\"headline\":\"Coronav\u00edrus: Prefeitura de Viana instala barreiras sanit\u00e1rias nas entradas do munic\u00edpio\",\"datePublished\":\"2020-03-23T18:40:16+00:00\",\"mainEntityOfPage\":{\"@id\":\"https:\\\/\\\/maranhaotv.com.br\\\/index.php\\\/2020\\\/03\\\/23\\\/coronavirus-prefeitura-de-viana-instala-barreiras-sanitarias-nas-entradas-do-municipio\\\/\"},\"wordCount\":335,\"commentCount\":0,\"publisher\":{\"@id\":\"https:\\\/\\\/maranhaotv.com.br\\\/#organization\"},\"image\":{\"@id\":\"https:\\\/\\\/maranhaotv.com.br\\\/index.php\\\/2020\\\/03\\\/23\\\/coronavirus-prefeitura-de-viana-instala-barreiras-sanitarias-nas-entradas-do-municipio\\\/#primaryimage\"},\"thumbnailUrl\":\"\",\"keywords\":[\"Magrado Barros\",\"Prefeitura de Viana\",\"Viana\"],\"articleSection\":[\"not\u00edcias\"],\"inLanguage\":\"pt-BR\",\"potentialAction\":[{\"@type\":\"CommentAction\",\"name\":\"Comment\",\"target\":[\"https:\\\/\\\/maranhaotv.com.br\\\/index.php\\\/2020\\\/03\\\/23\\\/coronavirus-prefeitura-de-viana-instala-barreiras-sanitarias-nas-entradas-do-municipio\\\/#respond\"]}]},{\"@type\":\"WebPage\",\"@id\":\"https:\\\/\\\/maranhaotv.com.br\\\/index.php\\\/2020\\\/03\\\/23\\\/coronavirus-prefeitura-de-viana-instala-barreiras-sanitarias-nas-entradas-do-municipio\\\/\",\"url\":\"https:\\\/\\\/maranhaotv.com.br\\\/index.php\\\/2020\\\/03\\\/23\\\/coronavirus-prefeitura-de-viana-instala-barreiras-sanitarias-nas-entradas-do-municipio\\\/\",\"name\":\"Coronav\u00edrus: Prefeitura de Viana instala barreiras sanit\u00e1rias nas entradas do munic\u00edpio - NOT\u00cdCIAS EM TEMPO REAL\",\"isPartOf\":{\"@id\":\"https:\\\/\\\/maranhaotv.com.br\\\/#website\"},\"primaryImageOfPage\":{\"@id\":\"https:\\\/\\\/maranhaotv.com.br\\\/index.php\\\/2020\\\/03\\\/23\\\/coronavirus-prefeitura-de-viana-instala-barreiras-sanitarias-nas-entradas-do-municipio\\\/#primaryimage\"},\"image\":{\"@id\":\"https:\\\/\\\/maranhaotv.com.br\\\/index.php\\\/2020\\\/03\\\/23\\\/coronavirus-prefeitura-de-viana-instala-barreiras-sanitarias-nas-entradas-do-municipio\\\/#primaryimage\"},\"thumbnailUrl\":\"\",\"datePublished\":\"2020-03-23T18:40:16+00:00\",\"breadcrumb\":{\"@id\":\"https:\\\/\\\/maranhaotv.com.br\\\/index.php\\\/2020\\\/03\\\/23\\\/coronavirus-prefeitura-de-viana-instala-barreiras-sanitarias-nas-entradas-do-municipio\\\/#breadcrumb\"},\"inLanguage\":\"pt-BR\",\"potentialAction\":[{\"@type\":\"ReadAction\",\"target\":[\"https:\\\/\\\/maranhaotv.com.br\\\/index.php\\\/2020\\\/03\\\/23\\\/coronavirus-prefeitura-de-viana-instala-barreiras-sanitarias-nas-entradas-do-municipio\\\/\"]}]},{\"@type\":\"ImageObject\",\"inLanguage\":\"pt-BR\",\"@id\":\"https:\\\/\\\/maranhaotv.com.br\\\/index.php\\\/2020\\\/03\\\/23\\\/coronavirus-prefeitura-de-viana-instala-barreiras-sanitarias-nas-entradas-do-municipio\\\/#primaryimage\",\"url\":\"\",\"contentUrl\":\"\"},{\"@type\":\"BreadcrumbList\",\"@id\":\"https:\\\/\\\/maranhaotv.com.br\\\/index.php\\\/2020\\\/03\\\/23\\\/coronavirus-prefeitura-de-viana-instala-barreiras-sanitarias-nas-entradas-do-municipio\\\/#breadcrumb\",\"itemListElement\":[{\"@type\":\"ListItem\",\"position\":1,\"name\":\"In\u00edcio\",\"item\":\"https:\\\/\\\/maranhaotv.com.br\\\/\"},{\"@type\":\"ListItem\",\"position\":2,\"name\":\"Coronav\u00edrus: Prefeitura de Viana instala barreiras sanit\u00e1rias nas entradas do munic\u00edpio\"}]},{\"@type\":\"WebSite\",\"@id\":\"https:\\\/\\\/maranhaotv.com.br\\\/#website\",\"url\":\"https:\\\/\\\/maranhaotv.com.br\\\/\",\"name\":\"Maranh\u00e3oTV\",\"description\":\"\",\"publisher\":{\"@id\":\"https:\\\/\\\/maranhaotv.com.br\\\/#organization\"},\"potentialAction\":[{\"@type\":\"SearchAction\",\"target\":{\"@type\":\"EntryPoint\",\"urlTemplate\":\"https:\\\/\\\/maranhaotv.com.br\\\/?s={search_term_string}\"},\"query-input\":{\"@type\":\"PropertyValueSpecification\",\"valueRequired\":true,\"valueName\":\"search_term_string\"}}],\"inLanguage\":\"pt-BR\"},{\"@type\":\"Organization\",\"@id\":\"https:\\\/\\\/maranhaotv.com.br\\\/#organization\",\"name\":\"Portal de Not\u00edcias\",\"url\":\"https:\\\/\\\/maranhaotv.com.br\\\/\",\"logo\":{\"@type\":\"ImageObject\",\"inLanguage\":\"pt-BR\",\"@id\":\"https:\\\/\\\/maranhaotv.com.br\\\/#\\\/schema\\\/logo\\\/image\\\/\",\"url\":\"https:\\\/\\\/maranhaotv.com.br\\\/wp-content\\\/uploads\\\/2024\\\/05\\\/cropped-cropped-avatar-1.png\",\"contentUrl\":\"https:\\\/\\\/maranhaotv.com.br\\\/wp-content\\\/uploads\\\/2024\\\/05\\\/cropped-cropped-avatar-1.png\",\"width\":792,\"height\":428,\"caption\":\"Portal de Not\u00edcias\"},\"image\":{\"@id\":\"https:\\\/\\\/maranhaotv.com.br\\\/#\\\/schema\\\/logo\\\/image\\\/\"},\"sameAs\":[\"https:\\\/\\\/www.facebook.com\\\/maiobaotv\",\"https:\\\/\\\/x.com\\\/sitemaranhaotv\",\"https:\\\/\\\/www.instagram.com\\\/maranhao.tv\",\"https:\\\/\\\/www.threads.net\\\/@maranhao.tv\"]},{\"@type\":\"Person\",\"@id\":\"https:\\\/\\\/maranhaotv.com.br\\\/#\\\/schema\\\/person\\\/3d54238e86b20bb5c89ab2fdb8f8829a\",\"name\":\"maranhaotv\",\"image\":{\"@type\":\"ImageObject\",\"inLanguage\":\"pt-BR\",\"@id\":\"https:\\\/\\\/secure.gravatar.com\\\/avatar\\\/8fadbca458d4cb68b1dd399ae9a40618d747bb1af65ac9fad21c89220a143eb4?s=96&d=mm&r=g\",\"url\":\"https:\\\/\\\/secure.gravatar.com\\\/avatar\\\/8fadbca458d4cb68b1dd399ae9a40618d747bb1af65ac9fad21c89220a143eb4?s=96&d=mm&r=g\",\"contentUrl\":\"https:\\\/\\\/secure.gravatar.com\\\/avatar\\\/8fadbca458d4cb68b1dd399ae9a40618d747bb1af65ac9fad21c89220a143eb4?s=96&d=mm&r=g\",\"caption\":\"maranhaotv\"},\"sameAs\":[\"https:\\\/\\\/maranhaotv.com.br\\\/\"],\"url\":\"https:\\\/\\\/maranhaotv.com.br\\\/index.php\\\/author\\\/maranhaotv\\\/\"}]}<\/script>\n<!-- \/ Yoast SEO plugin. -->","yoast_head_json":{"title":"Coronav\u00edrus: Prefeitura de Viana instala barreiras sanit\u00e1rias nas entradas do munic\u00edpio - NOT\u00cdCIAS EM TEMPO REAL","robots":{"index":"index","follow":"follow","max-snippet":"max-snippet:-1","max-image-preview":"max-image-preview:large","max-video-preview":"max-video-preview:-1"},"canonical":"https:\/\/maranhaotv.com.br\/index.php\/2020\/03\/23\/coronavirus-prefeitura-de-viana-instala-barreiras-sanitarias-nas-entradas-do-municipio\/","og_locale":"pt_BR","og_type":"article","og_title":"Coronav\u00edrus: Prefeitura de Viana instala barreiras sanit\u00e1rias nas entradas do munic\u00edpio - NOT\u00cdCIAS EM TEMPO REAL","og_description":"A\u00e7\u00e3o tem objetivo de controlar avan\u00e7o do v\u00edrus na cidade A Prefeitura de Viana, na Baixada Maranhense, instalou na manh\u00e3","og_url":"https:\/\/maranhaotv.com.br\/index.php\/2020\/03\/23\/coronavirus-prefeitura-de-viana-instala-barreiras-sanitarias-nas-entradas-do-municipio\/","og_site_name":"NOT\u00cdCIAS EM TEMPO REAL","article_publisher":"https:\/\/www.facebook.com\/maiobaotv","article_published_time":"2020-03-23T18:40:16+00:00","author":"maranhaotv","twitter_card":"summary_large_image","twitter_creator":"@sitemaranhaotv","twitter_site":"@sitemaranhaotv","twitter_misc":{"Escrito por":"maranhaotv","Est. tempo de leitura":"2 minutos"},"schema":{"@context":"https:\/\/schema.org","@graph":[{"@type":"Article","@id":"https:\/\/maranhaotv.com.br\/index.php\/2020\/03\/23\/coronavirus-prefeitura-de-viana-instala-barreiras-sanitarias-nas-entradas-do-municipio\/#article","isPartOf":{"@id":"https:\/\/maranhaotv.com.br\/index.php\/2020\/03\/23\/coronavirus-prefeitura-de-viana-instala-barreiras-sanitarias-nas-entradas-do-municipio\/"},"author":{"name":"maranhaotv","@id":"https:\/\/maranhaotv.com.br\/#\/schema\/person\/3d54238e86b20bb5c89ab2fdb8f8829a"},"headline":"Coronav\u00edrus: Prefeitura de Viana instala barreiras sanit\u00e1rias nas entradas do munic\u00edpio","datePublished":"2020-03-23T18:40:16+00:00","mainEntityOfPage":{"@id":"https:\/\/maranhaotv.com.br\/index.php\/2020\/03\/23\/coronavirus-prefeitura-de-viana-instala-barreiras-sanitarias-nas-entradas-do-municipio\/"},"wordCount":335,"commentCount":0,"publisher":{"@id":"https:\/\/maranhaotv.com.br\/#organization"},"image":{"@id":"https:\/\/maranhaotv.com.br\/index.php\/2020\/03\/23\/coronavirus-prefeitura-de-viana-instala-barreiras-sanitarias-nas-entradas-do-municipio\/#primaryimage"},"thumbnailUrl":"","keywords":["Magrado Barros","Prefeitura de Viana","Viana"],"articleSection":["not\u00edcias"],"inLanguage":"pt-BR","potentialAction":[{"@type":"CommentAction","name":"Comment","target":["https:\/\/maranhaotv.com.br\/index.php\/2020\/03\/23\/coronavirus-prefeitura-de-viana-instala-barreiras-sanitarias-nas-entradas-do-municipio\/#respond"]}]},{"@type":"WebPage","@id":"https:\/\/maranhaotv.com.br\/index.php\/2020\/03\/23\/coronavirus-prefeitura-de-viana-instala-barreiras-sanitarias-nas-entradas-do-municipio\/","url":"https:\/\/maranhaotv.com.br\/index.php\/2020\/03\/23\/coronavirus-prefeitura-de-viana-instala-barreiras-sanitarias-nas-entradas-do-municipio\/","name":"Coronav\u00edrus: Prefeitura de Viana instala barreiras sanit\u00e1rias nas entradas do munic\u00edpio - NOT\u00cdCIAS EM TEMPO REAL","isPartOf":{"@id":"https:\/\/maranhaotv.com.br\/#website"},"primaryImageOfPage":{"@id":"https:\/\/maranhaotv.com.br\/index.php\/2020\/03\/23\/coronavirus-prefeitura-de-viana-instala-barreiras-sanitarias-nas-entradas-do-municipio\/#primaryimage"},"image":{"@id":"https:\/\/maranhaotv.com.br\/index.php\/2020\/03\/23\/coronavirus-prefeitura-de-viana-instala-barreiras-sanitarias-nas-entradas-do-municipio\/#primaryimage"},"thumbnailUrl":"","datePublished":"2020-03-23T18:40:16+00:00","breadcrumb":{"@id":"https:\/\/maranhaotv.com.br\/index.php\/2020\/03\/23\/coronavirus-prefeitura-de-viana-instala-barreiras-sanitarias-nas-entradas-do-municipio\/#breadcrumb"},"inLanguage":"pt-BR","potentialAction":[{"@type":"ReadAction","target":["https:\/\/maranhaotv.com.br\/index.php\/2020\/03\/23\/coronavirus-prefeitura-de-viana-instala-barreiras-sanitarias-nas-entradas-do-municipio\/"]}]},{"@type":"ImageObject","inLanguage":"pt-BR","@id":"https:\/\/maranhaotv.com.br\/index.php\/2020\/03\/23\/coronavirus-prefeitura-de-viana-instala-barreiras-sanitarias-nas-entradas-do-municipio\/#primaryimage","url":"","contentUrl":""},{"@type":"BreadcrumbList","@id":"https:\/\/maranhaotv.com.br\/index.php\/2020\/03\/23\/coronavirus-prefeitura-de-viana-instala-barreiras-sanitarias-nas-entradas-do-municipio\/#breadcrumb","itemListElement":[{"@type":"ListItem","position":1,"name":"In\u00edcio","item":"https:\/\/maranhaotv.com.br\/"},{"@type":"ListItem","position":2,"name":"Coronav\u00edrus: Prefeitura de Viana instala barreiras sanit\u00e1rias nas entradas do munic\u00edpio"}]},{"@type":"WebSite","@id":"https:\/\/maranhaotv.com.br\/#website","url":"https:\/\/maranhaotv.com.br\/","name":"Maranh\u00e3oTV","description":"","publisher":{"@id":"https:\/\/maranhaotv.com.br\/#organization"},"potentialAction":[{"@type":"SearchAction","target":{"@type":"EntryPoint","urlTemplate":"https:\/\/maranhaotv.com.br\/?s={search_term_string}"},"query-input":{"@type":"PropertyValueSpecification","valueRequired":true,"valueName":"search_term_string"}}],"inLanguage":"pt-BR"},{"@type":"Organization","@id":"https:\/\/maranhaotv.com.br\/#organization","name":"Portal de Not\u00edcias","url":"https:\/\/maranhaotv.com.br\/","logo":{"@type":"ImageObject","inLanguage":"pt-BR","@id":"https:\/\/maranhaotv.com.br\/#\/schema\/logo\/image\/","url":"https:\/\/maranhaotv.com.br\/wp-content\/uploads\/2024\/05\/cropped-cropped-avatar-1.png","contentUrl":"https:\/\/maranhaotv.com.br\/wp-content\/uploads\/2024\/05\/cropped-cropped-avatar-1.png","width":792,"height":428,"caption":"Portal de Not\u00edcias"},"image":{"@id":"https:\/\/maranhaotv.com.br\/#\/schema\/logo\/image\/"},"sameAs":["https:\/\/www.facebook.com\/maiobaotv","https:\/\/x.com\/sitemaranhaotv","https:\/\/www.instagram.com\/maranhao.tv","https:\/\/www.threads.net\/@maranhao.tv"]},{"@type":"Person","@id":"https:\/\/maranhaotv.com.br\/#\/schema\/person\/3d54238e86b20bb5c89ab2fdb8f8829a","name":"maranhaotv","image":{"@type":"ImageObject","inLanguage":"pt-BR","@id":"https:\/\/secure.gravatar.com\/avatar\/8fadbca458d4cb68b1dd399ae9a40618d747bb1af65ac9fad21c89220a143eb4?s=96&d=mm&r=g","url":"https:\/\/secure.gravatar.com\/avatar\/8fadbca458d4cb68b1dd399ae9a40618d747bb1af65ac9fad21c89220a143eb4?s=96&d=mm&r=g","contentUrl":"https:\/\/secure.gravatar.com\/avatar\/8fadbca458d4cb68b1dd399ae9a40618d747bb1af65ac9fad21c89220a143eb4?s=96&d=mm&r=g","caption":"maranhaotv"},"sameAs":["https:\/\/maranhaotv.com.br\/"],"url":"https:\/\/maranhaotv.com.br\/index.php\/author\/maranhaotv\/"}]}},"jetpack_featured_media_url":"","jetpack_sharing_enabled":true,"_links":{"self":[{"href":"https:\/\/maranhaotv.com.br\/index.php\/wp-json\/wp\/v2\/posts\/10599","targetHints":{"allow":["GET"]}}],"collection":[{"href":"https:\/\/maranhaotv.com.br\/index.php\/wp-json\/wp\/v2\/posts"}],"about":[{"href":"https:\/\/maranhaotv.com.br\/index.php\/wp-json\/wp\/v2\/types\/post"}],"author":[{"embeddable":true,"href":"https:\/\/maranhaotv.com.br\/index.php\/wp-json\/wp\/v2\/users\/2"}],"replies":[{"embeddable":true,"href":"https:\/\/maranhaotv.com.br\/index.php\/wp-json\/wp\/v2\/comments?post=10599"}],"version-history":[{"count":0,"href":"https:\/\/maranhaotv.com.br\/index.php\/wp-json\/wp\/v2\/posts\/10599\/revisions"}],"wp:featuredmedia":[{"embeddable":true,"href":"https:\/\/maranhaotv.com.br\/index.php\/wp-json\/"}],"wp:attachment":[{"href":"https:\/\/maranhaotv.com.br\/index.php\/wp-json\/wp\/v2\/media?parent=10599"}],"wp:term":[{"taxonomy":"category","embeddable":true,"href":"https:\/\/maranhaotv.com.br\/index.php\/wp-json\/wp\/v2\/categories?post=10599"},{"taxonomy":"post_tag","embeddable":true,"href":"https:\/\/maranhaotv.com.br\/index.php\/wp-json\/wp\/v2\/tags?post=10599"}],"curies":[{"name":"wp","href":"https:\/\/api.w.org\/{rel}","templated":true}]}}