{"id":10685,"date":"2020-03-25T20:21:52","date_gmt":"2020-03-25T23:21:52","guid":{"rendered":"https:\/\/maiobaotv.com.br\/?p=10685"},"modified":"2020-03-25T20:21:52","modified_gmt":"2020-03-25T23:21:52","slug":"nunca-me-senti-tao-mal-diz-medico-curado-do-corona-apos-6-dias-na-uti","status":"publish","type":"post","link":"https:\/\/maranhaotv.com.br\/index.php\/2020\/03\/25\/nunca-me-senti-tao-mal-diz-medico-curado-do-corona-apos-6-dias-na-uti\/","title":{"rendered":"&#8220;Nunca me senti t\u00e3o mal&#8221;, diz m\u00e9dico curado do corona ap\u00f3s 6 dias na UTI"},"content":{"rendered":"<p>Infectado pelo coronav\u00edrus ap\u00f3s contato com uma enfermeira da mesma unidade de sa\u00fade onde trabalhava, no Tatuap\u00e9 (SP), o ortopedista Henrique de Souza Rodrigues, 31, est\u00e1 entre os sobreviventes da doen\u00e7a.<\/p>\n<p>Ap\u00f3s apresentar os sintomas, ficou quase uma semana internado na UTI do Hospital S\u00e3o Luiz, em S\u00e3o Caetano do Sul (SP), com tosse, febre alta e grave falta de ar. Passada a fase de interna\u00e7\u00e3o e isolamento social em casa, ele se recupera de uma sequela do coronav\u00edrus \u2014uma pneumonia\u2014, mas j\u00e1 \u00e9 considerado curado da covid-19, doen\u00e7a provocada pelo novo coronav\u00edrus.<\/p>\n<p>Ao falar sobre como \u00e9 estar curado de uma doen\u00e7a que aterroriza o mundo inteiro, o m\u00e9dico procura minimizar: &#8220;N\u00e3o \u00e9 um bicho de sete cabe\u00e7as&#8221;. Mas relata ter passado por momentos preocupantes na UTI. Leia a seguir o depoimento de Henrique de Souza Rodrigues:<\/p>\n<p>&#8220;Eu sentia muita dor no corpo, tossia muito e minha febre ficava em 39 graus. Mesmo com dipirona e Tylenol (paracetamol), baixava muito pouco. Procurei o hospital duas vezes. Mas n\u00e3o quiseram fazer o teste [para coronav\u00edrus]. Eu estava com os sintomas da doen\u00e7a desde o \u00faltimo dia 6. Mas fui piorando, piorando, at\u00e9 que a tosse e a falta de ar ficaram muito fortes. No dia 12, acabei na UTI.<\/p>\n<p>Mesmo sem fazer o teste espec\u00edfico para o coronav\u00edrus, uma tomografia de pulm\u00e3o j\u00e1 mostrava um padr\u00e3o caracter\u00edstico da doen\u00e7a, o que chamamos de vidro fosco.<\/p>\n<p>Os primeiros dias na UTI, onde fiquei at\u00e9 o dia 18, foram dif\u00edceis. Foram seis dias de interna\u00e7\u00e3o e muita febre. O mais complicado foi o segundo dia: eu piorei e a febre n\u00e3o passava. A falta de ar estava mais forte. E a minha maior preocupa\u00e7\u00e3o era com a minha fam\u00edlia. Tenho av\u00f3s com mais de 80 anos e poderia t\u00ea-los infectado tamb\u00e9m. E, por causa do v\u00edrus, eu n\u00e3o podia ficar recebendo visitas, nem da minha mulher.<\/p>\n<p>Como meu exame de sangue mostrava uma altera\u00e7\u00e3o das c\u00e9lulas infecciosas, os \u00fanicos rem\u00e9dios que me deram neste per\u00edodo foram antibi\u00f3ticos. Essa doen\u00e7a \u00e9 provocada por um v\u00edrus e n\u00e3o existe tratamento, ent\u00e3o a inten\u00e7\u00e3o foi evitar uma infec\u00e7\u00e3o bacteriana com Claritromicina e Ceftriaxona.<\/p>\n<p>Depois de seis dias de interna\u00e7\u00e3o, eu sa\u00ed da UTI e fui para casa. Mas a recomenda\u00e7\u00e3o era continuar isolado.<\/p>\n<p>Passado o per\u00edodo de 14 dias de transmiss\u00e3o do corona, estou me recuperando. A gente tem um entendimento melhor por ser m\u00e9dico, mas essa doen\u00e7a assusta muito. Nunca me senti t\u00e3o mal, mesmo quando tive pneumonia anteriormente. Mas n\u00e3o \u00e9 um bicho de sete cabe\u00e7as \u201480% das pessoas t\u00eam sintomas gripais leves.&#8221;<\/p>\n<p><img loading=\"lazy\" decoding=\"async\" src=\"https:\/\/maiobaotv.com.br\/wp-content\/uploads\/2020\/03\/img-20200325-wa05708929405429320420676.jpg\" class=\"wp-image-10684 alignnone size-full\" width=\"1080\" height=\"1080\"><\/p>\n<p>Portal UOL<\/p>\n","protected":false},"excerpt":{"rendered":"<p>Infectado pelo coronav\u00edrus ap\u00f3s contato com uma enfermeira da mesma unidade de sa\u00fade onde trabalhava, no Tatuap\u00e9 (SP), o ortopedista<\/p>\n","protected":false},"author":2,"featured_media":10686,"comment_status":"open","ping_status":"open","sticky":false,"template":"","format":"standard","meta":{"colormag_page_container_layout":"default_layout","colormag_page_sidebar_layout":"default_layout","_jetpack_memberships_contains_paid_content":false,"footnotes":""},"categories":[2,54],"tags":[],"class_list":["post-10685","post","type-post","status-publish","format-standard","has-post-thumbnail","hentry","category-noticias","category-saude"],"magazineBlocksPostFeaturedMedia":{"thumbnail":false,"medium":false,"medium_large":false,"large":false,"1536x1536":false,"2048x2048":false,"colormag-highlighted-post":false,"colormag-featured-post-medium":false,"colormag-featured-post-small":false,"colormag-featured-image":false,"colormag-default-news":false,"colormag-featured-image-large":false},"magazineBlocksPostAuthor":{"name":"maranhaotv","avatar":"https:\/\/secure.gravatar.com\/avatar\/8fadbca458d4cb68b1dd399ae9a40618d747bb1af65ac9fad21c89220a143eb4?s=96&d=mm&r=g"},"magazineBlocksPostCommentsNumber":"0","magazineBlocksPostExcerpt":"Infectado pelo coronav\u00edrus ap\u00f3s contato com uma enfermeira da mesma unidade de sa\u00fade onde trabalhava, no Tatuap\u00e9 (SP), o ortopedista","magazineBlocksPostCategories":["not\u00edcias","sa\u00fade"],"magazineBlocksPostViewCount":296,"magazineBlocksPostReadTime":3,"magazine_blocks_featured_image_url":{"full":false,"medium":false,"thumbnail":false},"magazine_blocks_author":{"display_name":"maranhaotv","author_link":"https:\/\/maranhaotv.com.br\/index.php\/author\/maranhaotv\/"},"magazine_blocks_comment":0,"magazine_blocks_author_image":"https:\/\/secure.gravatar.com\/avatar\/8fadbca458d4cb68b1dd399ae9a40618d747bb1af65ac9fad21c89220a143eb4?s=96&d=mm&r=g","magazine_blocks_category":"<a href=\"#\" class=\"category-link category-link-2\">not\u00edcias<\/a> <a href=\"#\" class=\"category-link category-link-54\">sa\u00fade<\/a>","yoast_head":"<!-- This site is optimized with the Yoast SEO plugin v27.4 - https:\/\/yoast.com\/product\/yoast-seo-wordpress\/ -->\n<title>&quot;Nunca me senti t\u00e3o mal&quot;, diz m\u00e9dico curado do corona ap\u00f3s 6 dias na UTI - NOT\u00cdCIAS EM TEMPO REAL<\/title>\n<meta name=\"robots\" content=\"index, follow, max-snippet:-1, max-image-preview:large, max-video-preview:-1\" \/>\n<link rel=\"canonical\" href=\"https:\/\/maranhaotv.com.br\/index.php\/2020\/03\/25\/nunca-me-senti-tao-mal-diz-medico-curado-do-corona-apos-6-dias-na-uti\/\" \/>\n<meta property=\"og:locale\" content=\"pt_BR\" \/>\n<meta property=\"og:type\" content=\"article\" \/>\n<meta property=\"og:title\" content=\"&quot;Nunca me senti t\u00e3o mal&quot;, diz m\u00e9dico curado do corona ap\u00f3s 6 dias na UTI - NOT\u00cdCIAS EM TEMPO REAL\" \/>\n<meta property=\"og:description\" content=\"Infectado pelo coronav\u00edrus ap\u00f3s contato com uma enfermeira da mesma unidade de sa\u00fade onde trabalhava, no Tatuap\u00e9 (SP), o ortopedista\" \/>\n<meta property=\"og:url\" content=\"https:\/\/maranhaotv.com.br\/index.php\/2020\/03\/25\/nunca-me-senti-tao-mal-diz-medico-curado-do-corona-apos-6-dias-na-uti\/\" \/>\n<meta property=\"og:site_name\" content=\"NOT\u00cdCIAS EM TEMPO REAL\" \/>\n<meta property=\"article:publisher\" content=\"https:\/\/www.facebook.com\/maiobaotv\" \/>\n<meta property=\"article:published_time\" content=\"2020-03-25T23:21:52+00:00\" \/>\n<meta name=\"author\" content=\"maranhaotv\" \/>\n<meta name=\"twitter:card\" content=\"summary_large_image\" \/>\n<meta name=\"twitter:creator\" content=\"@sitemaranhaotv\" \/>\n<meta name=\"twitter:site\" content=\"@sitemaranhaotv\" \/>\n<meta name=\"twitter:label1\" content=\"Escrito por\" \/>\n\t<meta name=\"twitter:data1\" content=\"maranhaotv\" \/>\n\t<meta name=\"twitter:label2\" content=\"Est. tempo de leitura\" \/>\n\t<meta name=\"twitter:data2\" content=\"2 minutos\" \/>\n<script type=\"application\/ld+json\" class=\"yoast-schema-graph\">{\"@context\":\"https:\\\/\\\/schema.org\",\"@graph\":[{\"@type\":\"Article\",\"@id\":\"https:\\\/\\\/maranhaotv.com.br\\\/index.php\\\/2020\\\/03\\\/25\\\/nunca-me-senti-tao-mal-diz-medico-curado-do-corona-apos-6-dias-na-uti\\\/#article\",\"isPartOf\":{\"@id\":\"https:\\\/\\\/maranhaotv.com.br\\\/index.php\\\/2020\\\/03\\\/25\\\/nunca-me-senti-tao-mal-diz-medico-curado-do-corona-apos-6-dias-na-uti\\\/\"},\"author\":{\"name\":\"maranhaotv\",\"@id\":\"https:\\\/\\\/maranhaotv.com.br\\\/#\\\/schema\\\/person\\\/3d54238e86b20bb5c89ab2fdb8f8829a\"},\"headline\":\"&#8220;Nunca me senti t\u00e3o mal&#8221;, diz m\u00e9dico curado do corona ap\u00f3s 6 dias na UTI\",\"datePublished\":\"2020-03-25T23:21:52+00:00\",\"mainEntityOfPage\":{\"@id\":\"https:\\\/\\\/maranhaotv.com.br\\\/index.php\\\/2020\\\/03\\\/25\\\/nunca-me-senti-tao-mal-diz-medico-curado-do-corona-apos-6-dias-na-uti\\\/\"},\"wordCount\":491,\"commentCount\":0,\"publisher\":{\"@id\":\"https:\\\/\\\/maranhaotv.com.br\\\/#organization\"},\"image\":{\"@id\":\"https:\\\/\\\/maranhaotv.com.br\\\/index.php\\\/2020\\\/03\\\/25\\\/nunca-me-senti-tao-mal-diz-medico-curado-do-corona-apos-6-dias-na-uti\\\/#primaryimage\"},\"thumbnailUrl\":\"\",\"articleSection\":[\"not\u00edcias\",\"sa\u00fade\"],\"inLanguage\":\"pt-BR\",\"potentialAction\":[{\"@type\":\"CommentAction\",\"name\":\"Comment\",\"target\":[\"https:\\\/\\\/maranhaotv.com.br\\\/index.php\\\/2020\\\/03\\\/25\\\/nunca-me-senti-tao-mal-diz-medico-curado-do-corona-apos-6-dias-na-uti\\\/#respond\"]}]},{\"@type\":\"WebPage\",\"@id\":\"https:\\\/\\\/maranhaotv.com.br\\\/index.php\\\/2020\\\/03\\\/25\\\/nunca-me-senti-tao-mal-diz-medico-curado-do-corona-apos-6-dias-na-uti\\\/\",\"url\":\"https:\\\/\\\/maranhaotv.com.br\\\/index.php\\\/2020\\\/03\\\/25\\\/nunca-me-senti-tao-mal-diz-medico-curado-do-corona-apos-6-dias-na-uti\\\/\",\"name\":\"\\\"Nunca me senti t\u00e3o mal\\\", diz m\u00e9dico curado do corona ap\u00f3s 6 dias na UTI - NOT\u00cdCIAS EM TEMPO REAL\",\"isPartOf\":{\"@id\":\"https:\\\/\\\/maranhaotv.com.br\\\/#website\"},\"primaryImageOfPage\":{\"@id\":\"https:\\\/\\\/maranhaotv.com.br\\\/index.php\\\/2020\\\/03\\\/25\\\/nunca-me-senti-tao-mal-diz-medico-curado-do-corona-apos-6-dias-na-uti\\\/#primaryimage\"},\"image\":{\"@id\":\"https:\\\/\\\/maranhaotv.com.br\\\/index.php\\\/2020\\\/03\\\/25\\\/nunca-me-senti-tao-mal-diz-medico-curado-do-corona-apos-6-dias-na-uti\\\/#primaryimage\"},\"thumbnailUrl\":\"\",\"datePublished\":\"2020-03-25T23:21:52+00:00\",\"breadcrumb\":{\"@id\":\"https:\\\/\\\/maranhaotv.com.br\\\/index.php\\\/2020\\\/03\\\/25\\\/nunca-me-senti-tao-mal-diz-medico-curado-do-corona-apos-6-dias-na-uti\\\/#breadcrumb\"},\"inLanguage\":\"pt-BR\",\"potentialAction\":[{\"@type\":\"ReadAction\",\"target\":[\"https:\\\/\\\/maranhaotv.com.br\\\/index.php\\\/2020\\\/03\\\/25\\\/nunca-me-senti-tao-mal-diz-medico-curado-do-corona-apos-6-dias-na-uti\\\/\"]}]},{\"@type\":\"ImageObject\",\"inLanguage\":\"pt-BR\",\"@id\":\"https:\\\/\\\/maranhaotv.com.br\\\/index.php\\\/2020\\\/03\\\/25\\\/nunca-me-senti-tao-mal-diz-medico-curado-do-corona-apos-6-dias-na-uti\\\/#primaryimage\",\"url\":\"\",\"contentUrl\":\"\"},{\"@type\":\"BreadcrumbList\",\"@id\":\"https:\\\/\\\/maranhaotv.com.br\\\/index.php\\\/2020\\\/03\\\/25\\\/nunca-me-senti-tao-mal-diz-medico-curado-do-corona-apos-6-dias-na-uti\\\/#breadcrumb\",\"itemListElement\":[{\"@type\":\"ListItem\",\"position\":1,\"name\":\"In\u00edcio\",\"item\":\"https:\\\/\\\/maranhaotv.com.br\\\/\"},{\"@type\":\"ListItem\",\"position\":2,\"name\":\"&#8220;Nunca me senti t\u00e3o mal&#8221;, diz m\u00e9dico curado do corona ap\u00f3s 6 dias na UTI\"}]},{\"@type\":\"WebSite\",\"@id\":\"https:\\\/\\\/maranhaotv.com.br\\\/#website\",\"url\":\"https:\\\/\\\/maranhaotv.com.br\\\/\",\"name\":\"Maranh\u00e3oTV\",\"description\":\"\",\"publisher\":{\"@id\":\"https:\\\/\\\/maranhaotv.com.br\\\/#organization\"},\"potentialAction\":[{\"@type\":\"SearchAction\",\"target\":{\"@type\":\"EntryPoint\",\"urlTemplate\":\"https:\\\/\\\/maranhaotv.com.br\\\/?s={search_term_string}\"},\"query-input\":{\"@type\":\"PropertyValueSpecification\",\"valueRequired\":true,\"valueName\":\"search_term_string\"}}],\"inLanguage\":\"pt-BR\"},{\"@type\":\"Organization\",\"@id\":\"https:\\\/\\\/maranhaotv.com.br\\\/#organization\",\"name\":\"Portal de Not\u00edcias\",\"url\":\"https:\\\/\\\/maranhaotv.com.br\\\/\",\"logo\":{\"@type\":\"ImageObject\",\"inLanguage\":\"pt-BR\",\"@id\":\"https:\\\/\\\/maranhaotv.com.br\\\/#\\\/schema\\\/logo\\\/image\\\/\",\"url\":\"https:\\\/\\\/maranhaotv.com.br\\\/wp-content\\\/uploads\\\/2024\\\/05\\\/cropped-cropped-avatar-1.png\",\"contentUrl\":\"https:\\\/\\\/maranhaotv.com.br\\\/wp-content\\\/uploads\\\/2024\\\/05\\\/cropped-cropped-avatar-1.png\",\"width\":792,\"height\":428,\"caption\":\"Portal de Not\u00edcias\"},\"image\":{\"@id\":\"https:\\\/\\\/maranhaotv.com.br\\\/#\\\/schema\\\/logo\\\/image\\\/\"},\"sameAs\":[\"https:\\\/\\\/www.facebook.com\\\/maiobaotv\",\"https:\\\/\\\/x.com\\\/sitemaranhaotv\",\"https:\\\/\\\/www.instagram.com\\\/maranhao.tv\",\"https:\\\/\\\/www.threads.net\\\/@maranhao.tv\"]},{\"@type\":\"Person\",\"@id\":\"https:\\\/\\\/maranhaotv.com.br\\\/#\\\/schema\\\/person\\\/3d54238e86b20bb5c89ab2fdb8f8829a\",\"name\":\"maranhaotv\",\"image\":{\"@type\":\"ImageObject\",\"inLanguage\":\"pt-BR\",\"@id\":\"https:\\\/\\\/secure.gravatar.com\\\/avatar\\\/8fadbca458d4cb68b1dd399ae9a40618d747bb1af65ac9fad21c89220a143eb4?s=96&d=mm&r=g\",\"url\":\"https:\\\/\\\/secure.gravatar.com\\\/avatar\\\/8fadbca458d4cb68b1dd399ae9a40618d747bb1af65ac9fad21c89220a143eb4?s=96&d=mm&r=g\",\"contentUrl\":\"https:\\\/\\\/secure.gravatar.com\\\/avatar\\\/8fadbca458d4cb68b1dd399ae9a40618d747bb1af65ac9fad21c89220a143eb4?s=96&d=mm&r=g\",\"caption\":\"maranhaotv\"},\"sameAs\":[\"https:\\\/\\\/maranhaotv.com.br\\\/\"],\"url\":\"https:\\\/\\\/maranhaotv.com.br\\\/index.php\\\/author\\\/maranhaotv\\\/\"}]}<\/script>\n<!-- \/ Yoast SEO plugin. -->","yoast_head_json":{"title":"\"Nunca me senti t\u00e3o mal\", diz m\u00e9dico curado do corona ap\u00f3s 6 dias na UTI - NOT\u00cdCIAS EM TEMPO REAL","robots":{"index":"index","follow":"follow","max-snippet":"max-snippet:-1","max-image-preview":"max-image-preview:large","max-video-preview":"max-video-preview:-1"},"canonical":"https:\/\/maranhaotv.com.br\/index.php\/2020\/03\/25\/nunca-me-senti-tao-mal-diz-medico-curado-do-corona-apos-6-dias-na-uti\/","og_locale":"pt_BR","og_type":"article","og_title":"\"Nunca me senti t\u00e3o mal\", diz m\u00e9dico curado do corona ap\u00f3s 6 dias na UTI - NOT\u00cdCIAS EM TEMPO REAL","og_description":"Infectado pelo coronav\u00edrus ap\u00f3s contato com uma enfermeira da mesma unidade de sa\u00fade onde trabalhava, no Tatuap\u00e9 (SP), o ortopedista","og_url":"https:\/\/maranhaotv.com.br\/index.php\/2020\/03\/25\/nunca-me-senti-tao-mal-diz-medico-curado-do-corona-apos-6-dias-na-uti\/","og_site_name":"NOT\u00cdCIAS EM TEMPO REAL","article_publisher":"https:\/\/www.facebook.com\/maiobaotv","article_published_time":"2020-03-25T23:21:52+00:00","author":"maranhaotv","twitter_card":"summary_large_image","twitter_creator":"@sitemaranhaotv","twitter_site":"@sitemaranhaotv","twitter_misc":{"Escrito por":"maranhaotv","Est. tempo de leitura":"2 minutos"},"schema":{"@context":"https:\/\/schema.org","@graph":[{"@type":"Article","@id":"https:\/\/maranhaotv.com.br\/index.php\/2020\/03\/25\/nunca-me-senti-tao-mal-diz-medico-curado-do-corona-apos-6-dias-na-uti\/#article","isPartOf":{"@id":"https:\/\/maranhaotv.com.br\/index.php\/2020\/03\/25\/nunca-me-senti-tao-mal-diz-medico-curado-do-corona-apos-6-dias-na-uti\/"},"author":{"name":"maranhaotv","@id":"https:\/\/maranhaotv.com.br\/#\/schema\/person\/3d54238e86b20bb5c89ab2fdb8f8829a"},"headline":"&#8220;Nunca me senti t\u00e3o mal&#8221;, diz m\u00e9dico curado do corona ap\u00f3s 6 dias na UTI","datePublished":"2020-03-25T23:21:52+00:00","mainEntityOfPage":{"@id":"https:\/\/maranhaotv.com.br\/index.php\/2020\/03\/25\/nunca-me-senti-tao-mal-diz-medico-curado-do-corona-apos-6-dias-na-uti\/"},"wordCount":491,"commentCount":0,"publisher":{"@id":"https:\/\/maranhaotv.com.br\/#organization"},"image":{"@id":"https:\/\/maranhaotv.com.br\/index.php\/2020\/03\/25\/nunca-me-senti-tao-mal-diz-medico-curado-do-corona-apos-6-dias-na-uti\/#primaryimage"},"thumbnailUrl":"","articleSection":["not\u00edcias","sa\u00fade"],"inLanguage":"pt-BR","potentialAction":[{"@type":"CommentAction","name":"Comment","target":["https:\/\/maranhaotv.com.br\/index.php\/2020\/03\/25\/nunca-me-senti-tao-mal-diz-medico-curado-do-corona-apos-6-dias-na-uti\/#respond"]}]},{"@type":"WebPage","@id":"https:\/\/maranhaotv.com.br\/index.php\/2020\/03\/25\/nunca-me-senti-tao-mal-diz-medico-curado-do-corona-apos-6-dias-na-uti\/","url":"https:\/\/maranhaotv.com.br\/index.php\/2020\/03\/25\/nunca-me-senti-tao-mal-diz-medico-curado-do-corona-apos-6-dias-na-uti\/","name":"\"Nunca me senti t\u00e3o mal\", diz m\u00e9dico curado do corona ap\u00f3s 6 dias na UTI - NOT\u00cdCIAS EM TEMPO REAL","isPartOf":{"@id":"https:\/\/maranhaotv.com.br\/#website"},"primaryImageOfPage":{"@id":"https:\/\/maranhaotv.com.br\/index.php\/2020\/03\/25\/nunca-me-senti-tao-mal-diz-medico-curado-do-corona-apos-6-dias-na-uti\/#primaryimage"},"image":{"@id":"https:\/\/maranhaotv.com.br\/index.php\/2020\/03\/25\/nunca-me-senti-tao-mal-diz-medico-curado-do-corona-apos-6-dias-na-uti\/#primaryimage"},"thumbnailUrl":"","datePublished":"2020-03-25T23:21:52+00:00","breadcrumb":{"@id":"https:\/\/maranhaotv.com.br\/index.php\/2020\/03\/25\/nunca-me-senti-tao-mal-diz-medico-curado-do-corona-apos-6-dias-na-uti\/#breadcrumb"},"inLanguage":"pt-BR","potentialAction":[{"@type":"ReadAction","target":["https:\/\/maranhaotv.com.br\/index.php\/2020\/03\/25\/nunca-me-senti-tao-mal-diz-medico-curado-do-corona-apos-6-dias-na-uti\/"]}]},{"@type":"ImageObject","inLanguage":"pt-BR","@id":"https:\/\/maranhaotv.com.br\/index.php\/2020\/03\/25\/nunca-me-senti-tao-mal-diz-medico-curado-do-corona-apos-6-dias-na-uti\/#primaryimage","url":"","contentUrl":""},{"@type":"BreadcrumbList","@id":"https:\/\/maranhaotv.com.br\/index.php\/2020\/03\/25\/nunca-me-senti-tao-mal-diz-medico-curado-do-corona-apos-6-dias-na-uti\/#breadcrumb","itemListElement":[{"@type":"ListItem","position":1,"name":"In\u00edcio","item":"https:\/\/maranhaotv.com.br\/"},{"@type":"ListItem","position":2,"name":"&#8220;Nunca me senti t\u00e3o mal&#8221;, diz m\u00e9dico curado do corona ap\u00f3s 6 dias na UTI"}]},{"@type":"WebSite","@id":"https:\/\/maranhaotv.com.br\/#website","url":"https:\/\/maranhaotv.com.br\/","name":"Maranh\u00e3oTV","description":"","publisher":{"@id":"https:\/\/maranhaotv.com.br\/#organization"},"potentialAction":[{"@type":"SearchAction","target":{"@type":"EntryPoint","urlTemplate":"https:\/\/maranhaotv.com.br\/?s={search_term_string}"},"query-input":{"@type":"PropertyValueSpecification","valueRequired":true,"valueName":"search_term_string"}}],"inLanguage":"pt-BR"},{"@type":"Organization","@id":"https:\/\/maranhaotv.com.br\/#organization","name":"Portal de Not\u00edcias","url":"https:\/\/maranhaotv.com.br\/","logo":{"@type":"ImageObject","inLanguage":"pt-BR","@id":"https:\/\/maranhaotv.com.br\/#\/schema\/logo\/image\/","url":"https:\/\/maranhaotv.com.br\/wp-content\/uploads\/2024\/05\/cropped-cropped-avatar-1.png","contentUrl":"https:\/\/maranhaotv.com.br\/wp-content\/uploads\/2024\/05\/cropped-cropped-avatar-1.png","width":792,"height":428,"caption":"Portal de Not\u00edcias"},"image":{"@id":"https:\/\/maranhaotv.com.br\/#\/schema\/logo\/image\/"},"sameAs":["https:\/\/www.facebook.com\/maiobaotv","https:\/\/x.com\/sitemaranhaotv","https:\/\/www.instagram.com\/maranhao.tv","https:\/\/www.threads.net\/@maranhao.tv"]},{"@type":"Person","@id":"https:\/\/maranhaotv.com.br\/#\/schema\/person\/3d54238e86b20bb5c89ab2fdb8f8829a","name":"maranhaotv","image":{"@type":"ImageObject","inLanguage":"pt-BR","@id":"https:\/\/secure.gravatar.com\/avatar\/8fadbca458d4cb68b1dd399ae9a40618d747bb1af65ac9fad21c89220a143eb4?s=96&d=mm&r=g","url":"https:\/\/secure.gravatar.com\/avatar\/8fadbca458d4cb68b1dd399ae9a40618d747bb1af65ac9fad21c89220a143eb4?s=96&d=mm&r=g","contentUrl":"https:\/\/secure.gravatar.com\/avatar\/8fadbca458d4cb68b1dd399ae9a40618d747bb1af65ac9fad21c89220a143eb4?s=96&d=mm&r=g","caption":"maranhaotv"},"sameAs":["https:\/\/maranhaotv.com.br\/"],"url":"https:\/\/maranhaotv.com.br\/index.php\/author\/maranhaotv\/"}]}},"jetpack_featured_media_url":"","jetpack_sharing_enabled":true,"_links":{"self":[{"href":"https:\/\/maranhaotv.com.br\/index.php\/wp-json\/wp\/v2\/posts\/10685","targetHints":{"allow":["GET"]}}],"collection":[{"href":"https:\/\/maranhaotv.com.br\/index.php\/wp-json\/wp\/v2\/posts"}],"about":[{"href":"https:\/\/maranhaotv.com.br\/index.php\/wp-json\/wp\/v2\/types\/post"}],"author":[{"embeddable":true,"href":"https:\/\/maranhaotv.com.br\/index.php\/wp-json\/wp\/v2\/users\/2"}],"replies":[{"embeddable":true,"href":"https:\/\/maranhaotv.com.br\/index.php\/wp-json\/wp\/v2\/comments?post=10685"}],"version-history":[{"count":0,"href":"https:\/\/maranhaotv.com.br\/index.php\/wp-json\/wp\/v2\/posts\/10685\/revisions"}],"wp:featuredmedia":[{"embeddable":true,"href":"https:\/\/maranhaotv.com.br\/index.php\/wp-json\/"}],"wp:attachment":[{"href":"https:\/\/maranhaotv.com.br\/index.php\/wp-json\/wp\/v2\/media?parent=10685"}],"wp:term":[{"taxonomy":"category","embeddable":true,"href":"https:\/\/maranhaotv.com.br\/index.php\/wp-json\/wp\/v2\/categories?post=10685"},{"taxonomy":"post_tag","embeddable":true,"href":"https:\/\/maranhaotv.com.br\/index.php\/wp-json\/wp\/v2\/tags?post=10685"}],"curies":[{"name":"wp","href":"https:\/\/api.w.org\/{rel}","templated":true}]}}