{"id":10696,"date":"2020-03-26T10:48:15","date_gmt":"2020-03-26T13:48:15","guid":{"rendered":"https:\/\/maiobaotv.com.br\/index.php\/2020\/03\/26\/brasil-tem-57-mortes-por-novo-coronavirus-segundo-ministerio-da-saude\/"},"modified":"2020-03-26T10:48:15","modified_gmt":"2020-03-26T13:48:15","slug":"brasil-tem-57-mortes-por-novo-coronavirus-segundo-ministerio-da-saude","status":"publish","type":"post","link":"https:\/\/maranhaotv.com.br\/index.php\/2020\/03\/26\/brasil-tem-57-mortes-por-novo-coronavirus-segundo-ministerio-da-saude\/","title":{"rendered":"Brasil tem 57 mortes por novo coronav\u00edrus, segundo Minist\u00e9rio da Sa\u00fade"},"content":{"rendered":"\n<p><strong>Novo balan\u00e7o indica que o aumento de \u00f3bitos foi de 24% em um dia e Pa\u00eds tem 2.433 pessoas infectadas<\/strong><\/p>\n\n\n\n<p>O&nbsp;Minist\u00e9rio da Sa\u00fade&nbsp;divulgou nesta quarta-feira, 25, que o Brasil j\u00e1 tem&nbsp;57&nbsp;mortes causadas pelo&nbsp;novo coronav\u00edrus. De acordo com a pasta, s\u00e3o&nbsp;2.433 pessoas infectadas. At\u00e9 ontem, eram 46 mortos e 2.201 casos confirmados, o que mostra um aumento de 24% de \u00f3bitos e de 10% de casos oficiais de um dia para o outro. A letalidade \u00e9 de 2,4%.<br \/>O ministro da Sa\u00fade, Luiz Henrique Mandetta, no sal\u00e3o oeste do Pal\u00e1cio do Planalto&nbsp;Foto: Dida Sampaio\/Estad\u00e3o<\/p>\n\n\n\n<p>Em coletiva \u00e0 imprensa, o ministro da Sa\u00fade, Luiz Henrique Mandetta, anunciou que a pasta ir\u00e1 se reunir para fazer&nbsp;um balan\u00e7o dos \u00faltimos 30 dias da doen\u00e7a no Brasil, por regi\u00e3o e cidade, desde o primeiro caso confirmado no Pa\u00eds.&nbsp;Segundo ele, o ritmo de crescimento da doen\u00e7a tem sido aproximadamente igual&nbsp;nos \u00faltimos dias.<\/p>\n\n\n\n<p>Mandetta chamou aten\u00e7\u00e3o para a regi\u00e3o Sudeste, onde h\u00e1, segundo ele, uma maior concentra\u00e7\u00e3o de pessoas por metro quadrado, &#8220;um dos fatores que nos leva preocupar muito com essa regi\u00e3o&#8221;. &#8220;Quando fizermos testes r\u00e1pidos, esse n\u00famero de confirmados vai aumentar muito, vai l\u00e1 pra cima, e o n\u00famero de \u00f3bitos sempre vai ser absoluto. A letalidade vai ficar menor que 2,4%&#8221;, disse o ministro.<\/p>\n\n\n\n<p><strong>Tratamento para novo coronav\u00edrus<\/strong><\/p>\n\n\n\n<p>O secret\u00e1rio de Ci\u00eancia, Tecnologia e Insumos Estrat\u00e9gicos do minist\u00e9rio, Denizar Vianna, tamb\u00e9m afirmou que est\u00e3o em curso estudos com medicamentos que possam ser usados para tratar a&nbsp;covid-19. Segundo&nbsp;ele, o Minist\u00e9rio da Sa\u00fade elaborou um protocolo para uso da&nbsp;cloroquina&nbsp;por pessoas com quadro grave da doen\u00e7a e que est\u00e3o internadas&nbsp;devido a complica\u00e7\u00f5es.&nbsp;O protocolo \u00e9 de curto prazo, para ser usado por cinco dias em ambiente hospitalar, sob controle dos profissionais da sa\u00fade, o que permite menor toxicidade, disse.<\/p>\n\n\n\n<p>&#8220;N\u00e3o use esse medicamento fora do ambiente hospitalar, tem de ser feito em condi\u00e7\u00f5es de seguran\u00e7a porque, durante o uso,&nbsp;(o rem\u00e9dio)&nbsp;pode ter altera\u00e7\u00f5es no ritmo do cora\u00e7\u00e3o&#8221;, alertou Vianna. Ele afirmou que o Brasil pode produzir o rem\u00e9dio em larga escala e que amanh\u00e3 ser\u00e3o enviados&nbsp;3,4 milh\u00f5es de unidades&nbsp;do medicamento para os Estados.<\/p>\n\n\n\n<p>Mandetta ponderou que, embora os estudos sobre os efeitos da droga em pacientes com covid-19 sejam fr\u00e1geis, na pr\u00e1tica o minist\u00e9rio &#8220;est\u00e1 deixando&nbsp;(o medicamento)&nbsp;no arsenal, a m\u00e3o do profissional m\u00e9dico. Se ele entender que o paciente grave pode se beneficiar, vamos deixar ao alcance dele&#8221;.<\/p>\n\n\n\n<p>Na manh\u00e3 desta quarta-feira, Mandetta esteve no\u00a0Pal\u00e1cio do Planalto e participou de reuni\u00e3o com Bolsonaro, ministros e governadores do Sudeste, horas ap\u00f3s o presidente afirmar que\u00a0cobraria do Minist\u00e9rio da Sa\u00fade regras mais brandas sobre isolamento contra a covid-19, que se restringiriam apenas a grupos de risco &#8211;\u00a0idosos e pessoas com doen\u00e7as cr\u00f4nicas.<\/p>\n\n\n\n<p><strong>Repercuss\u00f5es<\/strong><\/p>\n\n\n\n<p>Mais tarde, durante a coletiva de imprensa da pasta, o secret\u00e1rio de Vigil\u00e2ncia em Sa\u00fade, Wanderson Oliveira, disse que testes est\u00e3o sendo ampliados para avaliar a necessidade de transi\u00e7\u00e3o de estrat\u00e9gias.<\/p>\n\n\n\n<p>Na ter\u00e7a-feira, 24, o&nbsp;presidente Jair Bolsonaro&nbsp;(sem partido) fez&nbsp;pronunciamento em rede nacional,&nbsp;voltou a&nbsp;falar em &#8220;histeria&#8221;&nbsp;em torno da pandemia do&nbsp;novo coronav\u00edrus&nbsp;e criticou o&nbsp;fechamento de escolas, entre outras medidas de isolamento adotadas por governos e munic\u00edpios.<\/p>\n\n\n\n<p>A fala do presidente, que\u00a0foi alvo de panela\u00e7o em ao menos 10 grandes cidades do pa\u00eds, repercutiu negativamente no meio m\u00e9dico e cient\u00edfico.\u00a0Entidades divulgaram notas\u00a0rebatendo o pronunciamento e refor\u00e7ando a necessidade de distanciamento social para conter a pandemia.<\/p>\n\n\n\n<p>Estad\u00e3o <\/p>\n","protected":false},"excerpt":{"rendered":"<p>Novo balan\u00e7o indica que o aumento de \u00f3bitos foi de 24% em um dia e Pa\u00eds tem 2.433 pessoas infectadas<\/p>\n","protected":false},"author":2,"featured_media":10695,"comment_status":"open","ping_status":"open","sticky":false,"template":"","format":"standard","meta":{"colormag_page_container_layout":"default_layout","colormag_page_sidebar_layout":"default_layout","_jetpack_memberships_contains_paid_content":false,"footnotes":""},"categories":[2,54],"tags":[],"class_list":["post-10696","post","type-post","status-publish","format-standard","has-post-thumbnail","hentry","category-noticias","category-saude"],"magazineBlocksPostFeaturedMedia":{"thumbnail":false,"medium":false,"medium_large":false,"large":false,"1536x1536":false,"2048x2048":false,"colormag-highlighted-post":false,"colormag-featured-post-medium":false,"colormag-featured-post-small":false,"colormag-featured-image":false,"colormag-default-news":false,"colormag-featured-image-large":false},"magazineBlocksPostAuthor":{"name":"maranhaotv","avatar":"https:\/\/secure.gravatar.com\/avatar\/8fadbca458d4cb68b1dd399ae9a40618d747bb1af65ac9fad21c89220a143eb4?s=96&d=mm&r=g"},"magazineBlocksPostCommentsNumber":"0","magazineBlocksPostExcerpt":"Novo balan\u00e7o indica que o aumento de \u00f3bitos foi de 24% em um dia e Pa\u00eds tem 2.433 pessoas infectadas","magazineBlocksPostCategories":["not\u00edcias","sa\u00fade"],"magazineBlocksPostViewCount":266,"magazineBlocksPostReadTime":4,"magazine_blocks_featured_image_url":{"full":false,"medium":false,"thumbnail":false},"magazine_blocks_author":{"display_name":"maranhaotv","author_link":"https:\/\/maranhaotv.com.br\/index.php\/author\/maranhaotv\/"},"magazine_blocks_comment":0,"magazine_blocks_author_image":"https:\/\/secure.gravatar.com\/avatar\/8fadbca458d4cb68b1dd399ae9a40618d747bb1af65ac9fad21c89220a143eb4?s=96&d=mm&r=g","magazine_blocks_category":"<a href=\"#\" class=\"category-link category-link-2\">not\u00edcias<\/a> <a href=\"#\" class=\"category-link category-link-54\">sa\u00fade<\/a>","yoast_head":"<!-- This site is optimized with the Yoast SEO plugin v27.4 - https:\/\/yoast.com\/product\/yoast-seo-wordpress\/ -->\n<title>Brasil tem 57 mortes por novo coronav\u00edrus, segundo Minist\u00e9rio da Sa\u00fade - NOT\u00cdCIAS EM TEMPO REAL<\/title>\n<meta name=\"robots\" content=\"index, follow, max-snippet:-1, max-image-preview:large, max-video-preview:-1\" \/>\n<link rel=\"canonical\" href=\"https:\/\/maranhaotv.com.br\/index.php\/2020\/03\/26\/brasil-tem-57-mortes-por-novo-coronavirus-segundo-ministerio-da-saude\/\" \/>\n<meta property=\"og:locale\" content=\"pt_BR\" \/>\n<meta property=\"og:type\" content=\"article\" \/>\n<meta property=\"og:title\" content=\"Brasil tem 57 mortes por novo coronav\u00edrus, segundo Minist\u00e9rio da Sa\u00fade - NOT\u00cdCIAS EM TEMPO REAL\" \/>\n<meta property=\"og:description\" content=\"Novo balan\u00e7o indica que o aumento de \u00f3bitos foi de 24% em um dia e Pa\u00eds tem 2.433 pessoas infectadas\" \/>\n<meta property=\"og:url\" content=\"https:\/\/maranhaotv.com.br\/index.php\/2020\/03\/26\/brasil-tem-57-mortes-por-novo-coronavirus-segundo-ministerio-da-saude\/\" \/>\n<meta property=\"og:site_name\" content=\"NOT\u00cdCIAS EM TEMPO REAL\" \/>\n<meta property=\"article:publisher\" content=\"https:\/\/www.facebook.com\/maiobaotv\" \/>\n<meta property=\"article:published_time\" content=\"2020-03-26T13:48:15+00:00\" \/>\n<meta name=\"author\" content=\"maranhaotv\" \/>\n<meta name=\"twitter:card\" content=\"summary_large_image\" \/>\n<meta name=\"twitter:creator\" content=\"@sitemaranhaotv\" \/>\n<meta name=\"twitter:site\" content=\"@sitemaranhaotv\" \/>\n<meta name=\"twitter:label1\" content=\"Escrito por\" \/>\n\t<meta name=\"twitter:data1\" content=\"maranhaotv\" \/>\n\t<meta name=\"twitter:label2\" content=\"Est. tempo de leitura\" \/>\n\t<meta name=\"twitter:data2\" content=\"3 minutos\" \/>\n<script type=\"application\/ld+json\" class=\"yoast-schema-graph\">{\"@context\":\"https:\\\/\\\/schema.org\",\"@graph\":[{\"@type\":\"Article\",\"@id\":\"https:\\\/\\\/maranhaotv.com.br\\\/index.php\\\/2020\\\/03\\\/26\\\/brasil-tem-57-mortes-por-novo-coronavirus-segundo-ministerio-da-saude\\\/#article\",\"isPartOf\":{\"@id\":\"https:\\\/\\\/maranhaotv.com.br\\\/index.php\\\/2020\\\/03\\\/26\\\/brasil-tem-57-mortes-por-novo-coronavirus-segundo-ministerio-da-saude\\\/\"},\"author\":{\"name\":\"maranhaotv\",\"@id\":\"https:\\\/\\\/maranhaotv.com.br\\\/#\\\/schema\\\/person\\\/3d54238e86b20bb5c89ab2fdb8f8829a\"},\"headline\":\"Brasil tem 57 mortes por novo coronav\u00edrus, segundo Minist\u00e9rio da Sa\u00fade\",\"datePublished\":\"2020-03-26T13:48:15+00:00\",\"mainEntityOfPage\":{\"@id\":\"https:\\\/\\\/maranhaotv.com.br\\\/index.php\\\/2020\\\/03\\\/26\\\/brasil-tem-57-mortes-por-novo-coronavirus-segundo-ministerio-da-saude\\\/\"},\"wordCount\":682,\"commentCount\":0,\"publisher\":{\"@id\":\"https:\\\/\\\/maranhaotv.com.br\\\/#organization\"},\"image\":{\"@id\":\"https:\\\/\\\/maranhaotv.com.br\\\/index.php\\\/2020\\\/03\\\/26\\\/brasil-tem-57-mortes-por-novo-coronavirus-segundo-ministerio-da-saude\\\/#primaryimage\"},\"thumbnailUrl\":\"\",\"articleSection\":[\"not\u00edcias\",\"sa\u00fade\"],\"inLanguage\":\"pt-BR\",\"potentialAction\":[{\"@type\":\"CommentAction\",\"name\":\"Comment\",\"target\":[\"https:\\\/\\\/maranhaotv.com.br\\\/index.php\\\/2020\\\/03\\\/26\\\/brasil-tem-57-mortes-por-novo-coronavirus-segundo-ministerio-da-saude\\\/#respond\"]}]},{\"@type\":\"WebPage\",\"@id\":\"https:\\\/\\\/maranhaotv.com.br\\\/index.php\\\/2020\\\/03\\\/26\\\/brasil-tem-57-mortes-por-novo-coronavirus-segundo-ministerio-da-saude\\\/\",\"url\":\"https:\\\/\\\/maranhaotv.com.br\\\/index.php\\\/2020\\\/03\\\/26\\\/brasil-tem-57-mortes-por-novo-coronavirus-segundo-ministerio-da-saude\\\/\",\"name\":\"Brasil tem 57 mortes por novo coronav\u00edrus, segundo Minist\u00e9rio da Sa\u00fade - NOT\u00cdCIAS EM TEMPO REAL\",\"isPartOf\":{\"@id\":\"https:\\\/\\\/maranhaotv.com.br\\\/#website\"},\"primaryImageOfPage\":{\"@id\":\"https:\\\/\\\/maranhaotv.com.br\\\/index.php\\\/2020\\\/03\\\/26\\\/brasil-tem-57-mortes-por-novo-coronavirus-segundo-ministerio-da-saude\\\/#primaryimage\"},\"image\":{\"@id\":\"https:\\\/\\\/maranhaotv.com.br\\\/index.php\\\/2020\\\/03\\\/26\\\/brasil-tem-57-mortes-por-novo-coronavirus-segundo-ministerio-da-saude\\\/#primaryimage\"},\"thumbnailUrl\":\"\",\"datePublished\":\"2020-03-26T13:48:15+00:00\",\"breadcrumb\":{\"@id\":\"https:\\\/\\\/maranhaotv.com.br\\\/index.php\\\/2020\\\/03\\\/26\\\/brasil-tem-57-mortes-por-novo-coronavirus-segundo-ministerio-da-saude\\\/#breadcrumb\"},\"inLanguage\":\"pt-BR\",\"potentialAction\":[{\"@type\":\"ReadAction\",\"target\":[\"https:\\\/\\\/maranhaotv.com.br\\\/index.php\\\/2020\\\/03\\\/26\\\/brasil-tem-57-mortes-por-novo-coronavirus-segundo-ministerio-da-saude\\\/\"]}]},{\"@type\":\"ImageObject\",\"inLanguage\":\"pt-BR\",\"@id\":\"https:\\\/\\\/maranhaotv.com.br\\\/index.php\\\/2020\\\/03\\\/26\\\/brasil-tem-57-mortes-por-novo-coronavirus-segundo-ministerio-da-saude\\\/#primaryimage\",\"url\":\"\",\"contentUrl\":\"\"},{\"@type\":\"BreadcrumbList\",\"@id\":\"https:\\\/\\\/maranhaotv.com.br\\\/index.php\\\/2020\\\/03\\\/26\\\/brasil-tem-57-mortes-por-novo-coronavirus-segundo-ministerio-da-saude\\\/#breadcrumb\",\"itemListElement\":[{\"@type\":\"ListItem\",\"position\":1,\"name\":\"In\u00edcio\",\"item\":\"https:\\\/\\\/maranhaotv.com.br\\\/\"},{\"@type\":\"ListItem\",\"position\":2,\"name\":\"Brasil tem 57 mortes por novo coronav\u00edrus, segundo Minist\u00e9rio da Sa\u00fade\"}]},{\"@type\":\"WebSite\",\"@id\":\"https:\\\/\\\/maranhaotv.com.br\\\/#website\",\"url\":\"https:\\\/\\\/maranhaotv.com.br\\\/\",\"name\":\"Maranh\u00e3oTV\",\"description\":\"\",\"publisher\":{\"@id\":\"https:\\\/\\\/maranhaotv.com.br\\\/#organization\"},\"potentialAction\":[{\"@type\":\"SearchAction\",\"target\":{\"@type\":\"EntryPoint\",\"urlTemplate\":\"https:\\\/\\\/maranhaotv.com.br\\\/?s={search_term_string}\"},\"query-input\":{\"@type\":\"PropertyValueSpecification\",\"valueRequired\":true,\"valueName\":\"search_term_string\"}}],\"inLanguage\":\"pt-BR\"},{\"@type\":\"Organization\",\"@id\":\"https:\\\/\\\/maranhaotv.com.br\\\/#organization\",\"name\":\"Portal de Not\u00edcias\",\"url\":\"https:\\\/\\\/maranhaotv.com.br\\\/\",\"logo\":{\"@type\":\"ImageObject\",\"inLanguage\":\"pt-BR\",\"@id\":\"https:\\\/\\\/maranhaotv.com.br\\\/#\\\/schema\\\/logo\\\/image\\\/\",\"url\":\"https:\\\/\\\/maranhaotv.com.br\\\/wp-content\\\/uploads\\\/2024\\\/05\\\/cropped-cropped-avatar-1.png\",\"contentUrl\":\"https:\\\/\\\/maranhaotv.com.br\\\/wp-content\\\/uploads\\\/2024\\\/05\\\/cropped-cropped-avatar-1.png\",\"width\":792,\"height\":428,\"caption\":\"Portal de Not\u00edcias\"},\"image\":{\"@id\":\"https:\\\/\\\/maranhaotv.com.br\\\/#\\\/schema\\\/logo\\\/image\\\/\"},\"sameAs\":[\"https:\\\/\\\/www.facebook.com\\\/maiobaotv\",\"https:\\\/\\\/x.com\\\/sitemaranhaotv\",\"https:\\\/\\\/www.instagram.com\\\/maranhao.tv\",\"https:\\\/\\\/www.threads.net\\\/@maranhao.tv\"]},{\"@type\":\"Person\",\"@id\":\"https:\\\/\\\/maranhaotv.com.br\\\/#\\\/schema\\\/person\\\/3d54238e86b20bb5c89ab2fdb8f8829a\",\"name\":\"maranhaotv\",\"image\":{\"@type\":\"ImageObject\",\"inLanguage\":\"pt-BR\",\"@id\":\"https:\\\/\\\/secure.gravatar.com\\\/avatar\\\/8fadbca458d4cb68b1dd399ae9a40618d747bb1af65ac9fad21c89220a143eb4?s=96&d=mm&r=g\",\"url\":\"https:\\\/\\\/secure.gravatar.com\\\/avatar\\\/8fadbca458d4cb68b1dd399ae9a40618d747bb1af65ac9fad21c89220a143eb4?s=96&d=mm&r=g\",\"contentUrl\":\"https:\\\/\\\/secure.gravatar.com\\\/avatar\\\/8fadbca458d4cb68b1dd399ae9a40618d747bb1af65ac9fad21c89220a143eb4?s=96&d=mm&r=g\",\"caption\":\"maranhaotv\"},\"sameAs\":[\"https:\\\/\\\/maranhaotv.com.br\\\/\"],\"url\":\"https:\\\/\\\/maranhaotv.com.br\\\/index.php\\\/author\\\/maranhaotv\\\/\"}]}<\/script>\n<!-- \/ Yoast SEO plugin. -->","yoast_head_json":{"title":"Brasil tem 57 mortes por novo coronav\u00edrus, segundo Minist\u00e9rio da Sa\u00fade - NOT\u00cdCIAS EM TEMPO REAL","robots":{"index":"index","follow":"follow","max-snippet":"max-snippet:-1","max-image-preview":"max-image-preview:large","max-video-preview":"max-video-preview:-1"},"canonical":"https:\/\/maranhaotv.com.br\/index.php\/2020\/03\/26\/brasil-tem-57-mortes-por-novo-coronavirus-segundo-ministerio-da-saude\/","og_locale":"pt_BR","og_type":"article","og_title":"Brasil tem 57 mortes por novo coronav\u00edrus, segundo Minist\u00e9rio da Sa\u00fade - NOT\u00cdCIAS EM TEMPO REAL","og_description":"Novo balan\u00e7o indica que o aumento de \u00f3bitos foi de 24% em um dia e Pa\u00eds tem 2.433 pessoas infectadas","og_url":"https:\/\/maranhaotv.com.br\/index.php\/2020\/03\/26\/brasil-tem-57-mortes-por-novo-coronavirus-segundo-ministerio-da-saude\/","og_site_name":"NOT\u00cdCIAS EM TEMPO REAL","article_publisher":"https:\/\/www.facebook.com\/maiobaotv","article_published_time":"2020-03-26T13:48:15+00:00","author":"maranhaotv","twitter_card":"summary_large_image","twitter_creator":"@sitemaranhaotv","twitter_site":"@sitemaranhaotv","twitter_misc":{"Escrito por":"maranhaotv","Est. tempo de leitura":"3 minutos"},"schema":{"@context":"https:\/\/schema.org","@graph":[{"@type":"Article","@id":"https:\/\/maranhaotv.com.br\/index.php\/2020\/03\/26\/brasil-tem-57-mortes-por-novo-coronavirus-segundo-ministerio-da-saude\/#article","isPartOf":{"@id":"https:\/\/maranhaotv.com.br\/index.php\/2020\/03\/26\/brasil-tem-57-mortes-por-novo-coronavirus-segundo-ministerio-da-saude\/"},"author":{"name":"maranhaotv","@id":"https:\/\/maranhaotv.com.br\/#\/schema\/person\/3d54238e86b20bb5c89ab2fdb8f8829a"},"headline":"Brasil tem 57 mortes por novo coronav\u00edrus, segundo Minist\u00e9rio da Sa\u00fade","datePublished":"2020-03-26T13:48:15+00:00","mainEntityOfPage":{"@id":"https:\/\/maranhaotv.com.br\/index.php\/2020\/03\/26\/brasil-tem-57-mortes-por-novo-coronavirus-segundo-ministerio-da-saude\/"},"wordCount":682,"commentCount":0,"publisher":{"@id":"https:\/\/maranhaotv.com.br\/#organization"},"image":{"@id":"https:\/\/maranhaotv.com.br\/index.php\/2020\/03\/26\/brasil-tem-57-mortes-por-novo-coronavirus-segundo-ministerio-da-saude\/#primaryimage"},"thumbnailUrl":"","articleSection":["not\u00edcias","sa\u00fade"],"inLanguage":"pt-BR","potentialAction":[{"@type":"CommentAction","name":"Comment","target":["https:\/\/maranhaotv.com.br\/index.php\/2020\/03\/26\/brasil-tem-57-mortes-por-novo-coronavirus-segundo-ministerio-da-saude\/#respond"]}]},{"@type":"WebPage","@id":"https:\/\/maranhaotv.com.br\/index.php\/2020\/03\/26\/brasil-tem-57-mortes-por-novo-coronavirus-segundo-ministerio-da-saude\/","url":"https:\/\/maranhaotv.com.br\/index.php\/2020\/03\/26\/brasil-tem-57-mortes-por-novo-coronavirus-segundo-ministerio-da-saude\/","name":"Brasil tem 57 mortes por novo coronav\u00edrus, segundo Minist\u00e9rio da Sa\u00fade - NOT\u00cdCIAS EM TEMPO REAL","isPartOf":{"@id":"https:\/\/maranhaotv.com.br\/#website"},"primaryImageOfPage":{"@id":"https:\/\/maranhaotv.com.br\/index.php\/2020\/03\/26\/brasil-tem-57-mortes-por-novo-coronavirus-segundo-ministerio-da-saude\/#primaryimage"},"image":{"@id":"https:\/\/maranhaotv.com.br\/index.php\/2020\/03\/26\/brasil-tem-57-mortes-por-novo-coronavirus-segundo-ministerio-da-saude\/#primaryimage"},"thumbnailUrl":"","datePublished":"2020-03-26T13:48:15+00:00","breadcrumb":{"@id":"https:\/\/maranhaotv.com.br\/index.php\/2020\/03\/26\/brasil-tem-57-mortes-por-novo-coronavirus-segundo-ministerio-da-saude\/#breadcrumb"},"inLanguage":"pt-BR","potentialAction":[{"@type":"ReadAction","target":["https:\/\/maranhaotv.com.br\/index.php\/2020\/03\/26\/brasil-tem-57-mortes-por-novo-coronavirus-segundo-ministerio-da-saude\/"]}]},{"@type":"ImageObject","inLanguage":"pt-BR","@id":"https:\/\/maranhaotv.com.br\/index.php\/2020\/03\/26\/brasil-tem-57-mortes-por-novo-coronavirus-segundo-ministerio-da-saude\/#primaryimage","url":"","contentUrl":""},{"@type":"BreadcrumbList","@id":"https:\/\/maranhaotv.com.br\/index.php\/2020\/03\/26\/brasil-tem-57-mortes-por-novo-coronavirus-segundo-ministerio-da-saude\/#breadcrumb","itemListElement":[{"@type":"ListItem","position":1,"name":"In\u00edcio","item":"https:\/\/maranhaotv.com.br\/"},{"@type":"ListItem","position":2,"name":"Brasil tem 57 mortes por novo coronav\u00edrus, segundo Minist\u00e9rio da Sa\u00fade"}]},{"@type":"WebSite","@id":"https:\/\/maranhaotv.com.br\/#website","url":"https:\/\/maranhaotv.com.br\/","name":"Maranh\u00e3oTV","description":"","publisher":{"@id":"https:\/\/maranhaotv.com.br\/#organization"},"potentialAction":[{"@type":"SearchAction","target":{"@type":"EntryPoint","urlTemplate":"https:\/\/maranhaotv.com.br\/?s={search_term_string}"},"query-input":{"@type":"PropertyValueSpecification","valueRequired":true,"valueName":"search_term_string"}}],"inLanguage":"pt-BR"},{"@type":"Organization","@id":"https:\/\/maranhaotv.com.br\/#organization","name":"Portal de Not\u00edcias","url":"https:\/\/maranhaotv.com.br\/","logo":{"@type":"ImageObject","inLanguage":"pt-BR","@id":"https:\/\/maranhaotv.com.br\/#\/schema\/logo\/image\/","url":"https:\/\/maranhaotv.com.br\/wp-content\/uploads\/2024\/05\/cropped-cropped-avatar-1.png","contentUrl":"https:\/\/maranhaotv.com.br\/wp-content\/uploads\/2024\/05\/cropped-cropped-avatar-1.png","width":792,"height":428,"caption":"Portal de Not\u00edcias"},"image":{"@id":"https:\/\/maranhaotv.com.br\/#\/schema\/logo\/image\/"},"sameAs":["https:\/\/www.facebook.com\/maiobaotv","https:\/\/x.com\/sitemaranhaotv","https:\/\/www.instagram.com\/maranhao.tv","https:\/\/www.threads.net\/@maranhao.tv"]},{"@type":"Person","@id":"https:\/\/maranhaotv.com.br\/#\/schema\/person\/3d54238e86b20bb5c89ab2fdb8f8829a","name":"maranhaotv","image":{"@type":"ImageObject","inLanguage":"pt-BR","@id":"https:\/\/secure.gravatar.com\/avatar\/8fadbca458d4cb68b1dd399ae9a40618d747bb1af65ac9fad21c89220a143eb4?s=96&d=mm&r=g","url":"https:\/\/secure.gravatar.com\/avatar\/8fadbca458d4cb68b1dd399ae9a40618d747bb1af65ac9fad21c89220a143eb4?s=96&d=mm&r=g","contentUrl":"https:\/\/secure.gravatar.com\/avatar\/8fadbca458d4cb68b1dd399ae9a40618d747bb1af65ac9fad21c89220a143eb4?s=96&d=mm&r=g","caption":"maranhaotv"},"sameAs":["https:\/\/maranhaotv.com.br\/"],"url":"https:\/\/maranhaotv.com.br\/index.php\/author\/maranhaotv\/"}]}},"jetpack_featured_media_url":"","jetpack_sharing_enabled":true,"_links":{"self":[{"href":"https:\/\/maranhaotv.com.br\/index.php\/wp-json\/wp\/v2\/posts\/10696","targetHints":{"allow":["GET"]}}],"collection":[{"href":"https:\/\/maranhaotv.com.br\/index.php\/wp-json\/wp\/v2\/posts"}],"about":[{"href":"https:\/\/maranhaotv.com.br\/index.php\/wp-json\/wp\/v2\/types\/post"}],"author":[{"embeddable":true,"href":"https:\/\/maranhaotv.com.br\/index.php\/wp-json\/wp\/v2\/users\/2"}],"replies":[{"embeddable":true,"href":"https:\/\/maranhaotv.com.br\/index.php\/wp-json\/wp\/v2\/comments?post=10696"}],"version-history":[{"count":0,"href":"https:\/\/maranhaotv.com.br\/index.php\/wp-json\/wp\/v2\/posts\/10696\/revisions"}],"wp:featuredmedia":[{"embeddable":true,"href":"https:\/\/maranhaotv.com.br\/index.php\/wp-json\/"}],"wp:attachment":[{"href":"https:\/\/maranhaotv.com.br\/index.php\/wp-json\/wp\/v2\/media?parent=10696"}],"wp:term":[{"taxonomy":"category","embeddable":true,"href":"https:\/\/maranhaotv.com.br\/index.php\/wp-json\/wp\/v2\/categories?post=10696"},{"taxonomy":"post_tag","embeddable":true,"href":"https:\/\/maranhaotv.com.br\/index.php\/wp-json\/wp\/v2\/tags?post=10696"}],"curies":[{"name":"wp","href":"https:\/\/api.w.org\/{rel}","templated":true}]}}