{"id":10749,"date":"2020-03-28T19:05:10","date_gmt":"2020-03-28T22:05:10","guid":{"rendered":"https:\/\/maiobaotv.com.br\/index.php\/2020\/03\/28\/campanha-de-vacinacao-contra-influenza-h1n1-sera-retomada-em-sao-luis\/"},"modified":"2020-03-28T19:05:10","modified_gmt":"2020-03-28T22:05:10","slug":"campanha-de-vacinacao-contra-influenza-h1n1-sera-retomada-em-sao-luis","status":"publish","type":"post","link":"https:\/\/maranhaotv.com.br\/index.php\/2020\/03\/28\/campanha-de-vacinacao-contra-influenza-h1n1-sera-retomada-em-sao-luis\/","title":{"rendered":"Campanha de vacina\u00e7\u00e3o contra Influenza\/H1N1 ser\u00e1 retomada em S\u00e3o Lu\u00eds"},"content":{"rendered":"\n<p>Ser\u00e1 retomada nesta segunda-feira (30), em S\u00e3o Lu\u00eds, a campanha de vacina\u00e7\u00e3o contra a gripe Influenza\/H1N1. Esta nova etapa da campanha segue at\u00e9 o dia 03 de abril. A vacina continua sendo ofertada ao p\u00fablico-alvo priorit\u00e1rio, idosos acima de 60 anos, crian\u00e7as de 6 meses a menores de 6 anos e profissionais de sa\u00fade, mas com estrat\u00e9gias diferentes. A Secretaria Municipal de Sa\u00fade (Semus) organizou um cronograma para evitar a aglomera\u00e7\u00e3o e as pessoas ser\u00e3o imunizadas em ordem alfab\u00e9tica, conforme a letra do primeiro nome. Tamb\u00e9m ser\u00e1 montado um esquema de drive thru para atender exclusivamente idosos, que funcionar\u00e1 na \u00e1rea de prova do Departamento de Tr\u00e2nsito do Maranh\u00e3o \u2013 Detran.<\/p>\n\n\n\n<p>A vacina\u00e7\u00e3o n\u00e3o ocorrer\u00e1 nas Unidades de sa\u00fade, ao inv\u00e9s disso, ser\u00e1 inicialmente em 12 escolas. O p\u00fablico idoso ser\u00e1 vacinado no per\u00edodo da manh\u00e3, das 8h \u00e0s 12h. J\u00e1 as crian\u00e7as ser\u00e3o vacinadas no turno da tarde, de 13h \u00e0s 17h. Os postos de vacina\u00e7\u00e3o desta nova etapa da campanha funcionar\u00e3o exclusivamente nas seguintes unidades de ensino:<\/p>\n\n\n\n<ul class=\"wp-block-list\"><li>Col\u00e9gio Militar Tiradentes, na Vila Palmeira<\/li><li>IEMA Centro<\/li><li>UEB Ronald Carvalho (anexo)<\/li><li>UEB Padre Newton Pereira<\/li><li>UEB Ros\u00e1lia Freire<\/li><li>UEB Rubem Almeida<\/li><li>UEB Cruzeiro do Sul<\/li><li>UEB Laura Rosa<\/li><li>UEB J\u00falio Mesquita<\/li><li>UEB Ana L\u00facia Chaves Fecury<\/li><li>UEB Neiva Moreira<\/li><li>UI Nascimento de Moraes<\/li><\/ul>\n\n\n\n<p>O cronograma de vacina\u00e7\u00e3o ser\u00e1 o seguinte:<\/p>\n\n\n\n<ul class=\"wp-block-list\"><li>Dia 30\/03: idosos e crian\u00e7as cujo nome come\u00e7a pela letra A<\/li><li>Dia 31\/03: idosos e crian\u00e7as cujo nome come\u00e7a pelas letras A e B<\/li><li>Dia 01\/04: idosos e crian\u00e7as cujo nome come\u00e7a pelas letras A e B<\/li><li>Dia 02\/04: idosos e crian\u00e7as cujo nome come\u00e7a pelas letras C e D<\/li><li>Dia 03\/04: idosos e crian\u00e7as cujo nome come\u00e7a pelas letras C e D<br \/>O cronograma com as demais letras ser\u00e1 informado em breve, mas est\u00e1 garantido, segundo a Secretaria de Estado da Sa\u00fade, as doses para vacina\u00e7\u00e3o de todos.<\/li><\/ul>\n\n\n\n<p>O drive thru, para vacina\u00e7\u00e3o exclusivamente para idosos, ocorrer\u00e1 na Avenida do Contorno do Complexo Castelinho, na \u00e1rea de provas do Detran. O atendimento ser\u00e1 das 8h \u00e0s 16h e o cronograma de vacina\u00e7\u00e3o ser\u00e1 o mesmo das unidades de ensino, por isso, seguindo a inicial do nome.<\/p>\n\n\n\n<p>As unidades de sa\u00fade estar\u00e3o voltadas para vacina\u00e7\u00e3o em domic\u00edlio apenas os idosos da sua \u00e1rea de influ\u00eancia, conforme programa\u00e7\u00e3o.<\/p>\n\n\n\n<p>Equipes volantes atender\u00e3o aos idosos que tenham solicitado o atendimento domiciliar e que est\u00e3o em \u00e1reas sem Unidades B\u00e1sicas.<\/p>\n\n\n\n<p>Tamb\u00e9m ser\u00e1 feito o atendimento em condom\u00ednios (somente para idosos e crian\u00e7as de 6 meses a menores de 6 anos) que tenham solicitado o servi\u00e7o.<\/p>\n\n\n\n<p>Profissionais de sa\u00fade ser\u00e3o vacinados conforme cronograma de estabelecimentos de sa\u00fade, priorizando rede hospitalar e servi\u00e7os de urg\u00eancia\/emerg\u00eancia.<\/p>\n","protected":false},"excerpt":{"rendered":"<p>Ser\u00e1 retomada nesta segunda-feira (30), em S\u00e3o Lu\u00eds, a campanha de vacina\u00e7\u00e3o contra a gripe Influenza\/H1N1. Esta nova etapa da<\/p>\n","protected":false},"author":2,"featured_media":10748,"comment_status":"open","ping_status":"open","sticky":false,"template":"","format":"standard","meta":{"colormag_page_container_layout":"default_layout","colormag_page_sidebar_layout":"default_layout","_jetpack_memberships_contains_paid_content":false,"footnotes":""},"categories":[2,54],"tags":[],"class_list":["post-10749","post","type-post","status-publish","format-standard","has-post-thumbnail","hentry","category-noticias","category-saude"],"magazineBlocksPostFeaturedMedia":{"thumbnail":false,"medium":false,"medium_large":false,"large":false,"1536x1536":false,"2048x2048":false,"colormag-highlighted-post":false,"colormag-featured-post-medium":false,"colormag-featured-post-small":false,"colormag-featured-image":false,"colormag-default-news":false,"colormag-featured-image-large":false},"magazineBlocksPostAuthor":{"name":"maranhaotv","avatar":"https:\/\/secure.gravatar.com\/avatar\/8fadbca458d4cb68b1dd399ae9a40618d747bb1af65ac9fad21c89220a143eb4?s=96&d=mm&r=g"},"magazineBlocksPostCommentsNumber":"0","magazineBlocksPostExcerpt":"Ser\u00e1 retomada nesta segunda-feira (30), em S\u00e3o Lu\u00eds, a campanha de vacina\u00e7\u00e3o contra a gripe Influenza\/H1N1. Esta nova etapa da","magazineBlocksPostCategories":["not\u00edcias","sa\u00fade"],"magazineBlocksPostViewCount":180,"magazineBlocksPostReadTime":3,"magazine_blocks_featured_image_url":{"full":false,"medium":false,"thumbnail":false},"magazine_blocks_author":{"display_name":"maranhaotv","author_link":"https:\/\/maranhaotv.com.br\/index.php\/author\/maranhaotv\/"},"magazine_blocks_comment":0,"magazine_blocks_author_image":"https:\/\/secure.gravatar.com\/avatar\/8fadbca458d4cb68b1dd399ae9a40618d747bb1af65ac9fad21c89220a143eb4?s=96&d=mm&r=g","magazine_blocks_category":"<a href=\"#\" class=\"category-link category-link-2\">not\u00edcias<\/a> <a href=\"#\" class=\"category-link category-link-54\">sa\u00fade<\/a>","yoast_head":"<!-- This site is optimized with the Yoast SEO plugin v27.4 - https:\/\/yoast.com\/product\/yoast-seo-wordpress\/ -->\n<title>Campanha de vacina\u00e7\u00e3o contra Influenza\/H1N1 ser\u00e1 retomada em S\u00e3o Lu\u00eds - NOT\u00cdCIAS EM TEMPO REAL<\/title>\n<meta name=\"robots\" content=\"index, follow, max-snippet:-1, max-image-preview:large, max-video-preview:-1\" \/>\n<link rel=\"canonical\" href=\"https:\/\/maranhaotv.com.br\/index.php\/2020\/03\/28\/campanha-de-vacinacao-contra-influenza-h1n1-sera-retomada-em-sao-luis\/\" \/>\n<meta property=\"og:locale\" content=\"pt_BR\" \/>\n<meta property=\"og:type\" content=\"article\" \/>\n<meta property=\"og:title\" content=\"Campanha de vacina\u00e7\u00e3o contra Influenza\/H1N1 ser\u00e1 retomada em S\u00e3o Lu\u00eds - NOT\u00cdCIAS EM TEMPO REAL\" \/>\n<meta property=\"og:description\" content=\"Ser\u00e1 retomada nesta segunda-feira (30), em S\u00e3o Lu\u00eds, a campanha de vacina\u00e7\u00e3o contra a gripe Influenza\/H1N1. Esta nova etapa da\" \/>\n<meta property=\"og:url\" content=\"https:\/\/maranhaotv.com.br\/index.php\/2020\/03\/28\/campanha-de-vacinacao-contra-influenza-h1n1-sera-retomada-em-sao-luis\/\" \/>\n<meta property=\"og:site_name\" content=\"NOT\u00cdCIAS EM TEMPO REAL\" \/>\n<meta property=\"article:publisher\" content=\"https:\/\/www.facebook.com\/maiobaotv\" \/>\n<meta property=\"article:published_time\" content=\"2020-03-28T22:05:10+00:00\" \/>\n<meta name=\"author\" content=\"maranhaotv\" \/>\n<meta name=\"twitter:card\" content=\"summary_large_image\" \/>\n<meta name=\"twitter:creator\" content=\"@sitemaranhaotv\" \/>\n<meta name=\"twitter:site\" content=\"@sitemaranhaotv\" \/>\n<meta name=\"twitter:label1\" content=\"Escrito por\" \/>\n\t<meta name=\"twitter:data1\" content=\"maranhaotv\" \/>\n\t<meta name=\"twitter:label2\" content=\"Est. tempo de leitura\" \/>\n\t<meta name=\"twitter:data2\" content=\"2 minutos\" \/>\n<script type=\"application\/ld+json\" class=\"yoast-schema-graph\">{\"@context\":\"https:\\\/\\\/schema.org\",\"@graph\":[{\"@type\":\"Article\",\"@id\":\"https:\\\/\\\/maranhaotv.com.br\\\/index.php\\\/2020\\\/03\\\/28\\\/campanha-de-vacinacao-contra-influenza-h1n1-sera-retomada-em-sao-luis\\\/#article\",\"isPartOf\":{\"@id\":\"https:\\\/\\\/maranhaotv.com.br\\\/index.php\\\/2020\\\/03\\\/28\\\/campanha-de-vacinacao-contra-influenza-h1n1-sera-retomada-em-sao-luis\\\/\"},\"author\":{\"name\":\"maranhaotv\",\"@id\":\"https:\\\/\\\/maranhaotv.com.br\\\/#\\\/schema\\\/person\\\/3d54238e86b20bb5c89ab2fdb8f8829a\"},\"headline\":\"Campanha de vacina\u00e7\u00e3o contra Influenza\\\/H1N1 ser\u00e1 retomada em S\u00e3o Lu\u00eds\",\"datePublished\":\"2020-03-28T22:05:10+00:00\",\"mainEntityOfPage\":{\"@id\":\"https:\\\/\\\/maranhaotv.com.br\\\/index.php\\\/2020\\\/03\\\/28\\\/campanha-de-vacinacao-contra-influenza-h1n1-sera-retomada-em-sao-luis\\\/\"},\"wordCount\":505,\"commentCount\":0,\"publisher\":{\"@id\":\"https:\\\/\\\/maranhaotv.com.br\\\/#organization\"},\"image\":{\"@id\":\"https:\\\/\\\/maranhaotv.com.br\\\/index.php\\\/2020\\\/03\\\/28\\\/campanha-de-vacinacao-contra-influenza-h1n1-sera-retomada-em-sao-luis\\\/#primaryimage\"},\"thumbnailUrl\":\"\",\"articleSection\":[\"not\u00edcias\",\"sa\u00fade\"],\"inLanguage\":\"pt-BR\",\"potentialAction\":[{\"@type\":\"CommentAction\",\"name\":\"Comment\",\"target\":[\"https:\\\/\\\/maranhaotv.com.br\\\/index.php\\\/2020\\\/03\\\/28\\\/campanha-de-vacinacao-contra-influenza-h1n1-sera-retomada-em-sao-luis\\\/#respond\"]}]},{\"@type\":\"WebPage\",\"@id\":\"https:\\\/\\\/maranhaotv.com.br\\\/index.php\\\/2020\\\/03\\\/28\\\/campanha-de-vacinacao-contra-influenza-h1n1-sera-retomada-em-sao-luis\\\/\",\"url\":\"https:\\\/\\\/maranhaotv.com.br\\\/index.php\\\/2020\\\/03\\\/28\\\/campanha-de-vacinacao-contra-influenza-h1n1-sera-retomada-em-sao-luis\\\/\",\"name\":\"Campanha de vacina\u00e7\u00e3o contra Influenza\\\/H1N1 ser\u00e1 retomada em S\u00e3o Lu\u00eds - NOT\u00cdCIAS EM TEMPO REAL\",\"isPartOf\":{\"@id\":\"https:\\\/\\\/maranhaotv.com.br\\\/#website\"},\"primaryImageOfPage\":{\"@id\":\"https:\\\/\\\/maranhaotv.com.br\\\/index.php\\\/2020\\\/03\\\/28\\\/campanha-de-vacinacao-contra-influenza-h1n1-sera-retomada-em-sao-luis\\\/#primaryimage\"},\"image\":{\"@id\":\"https:\\\/\\\/maranhaotv.com.br\\\/index.php\\\/2020\\\/03\\\/28\\\/campanha-de-vacinacao-contra-influenza-h1n1-sera-retomada-em-sao-luis\\\/#primaryimage\"},\"thumbnailUrl\":\"\",\"datePublished\":\"2020-03-28T22:05:10+00:00\",\"breadcrumb\":{\"@id\":\"https:\\\/\\\/maranhaotv.com.br\\\/index.php\\\/2020\\\/03\\\/28\\\/campanha-de-vacinacao-contra-influenza-h1n1-sera-retomada-em-sao-luis\\\/#breadcrumb\"},\"inLanguage\":\"pt-BR\",\"potentialAction\":[{\"@type\":\"ReadAction\",\"target\":[\"https:\\\/\\\/maranhaotv.com.br\\\/index.php\\\/2020\\\/03\\\/28\\\/campanha-de-vacinacao-contra-influenza-h1n1-sera-retomada-em-sao-luis\\\/\"]}]},{\"@type\":\"ImageObject\",\"inLanguage\":\"pt-BR\",\"@id\":\"https:\\\/\\\/maranhaotv.com.br\\\/index.php\\\/2020\\\/03\\\/28\\\/campanha-de-vacinacao-contra-influenza-h1n1-sera-retomada-em-sao-luis\\\/#primaryimage\",\"url\":\"\",\"contentUrl\":\"\"},{\"@type\":\"BreadcrumbList\",\"@id\":\"https:\\\/\\\/maranhaotv.com.br\\\/index.php\\\/2020\\\/03\\\/28\\\/campanha-de-vacinacao-contra-influenza-h1n1-sera-retomada-em-sao-luis\\\/#breadcrumb\",\"itemListElement\":[{\"@type\":\"ListItem\",\"position\":1,\"name\":\"In\u00edcio\",\"item\":\"https:\\\/\\\/maranhaotv.com.br\\\/\"},{\"@type\":\"ListItem\",\"position\":2,\"name\":\"Campanha de vacina\u00e7\u00e3o contra Influenza\\\/H1N1 ser\u00e1 retomada em S\u00e3o Lu\u00eds\"}]},{\"@type\":\"WebSite\",\"@id\":\"https:\\\/\\\/maranhaotv.com.br\\\/#website\",\"url\":\"https:\\\/\\\/maranhaotv.com.br\\\/\",\"name\":\"Maranh\u00e3oTV\",\"description\":\"\",\"publisher\":{\"@id\":\"https:\\\/\\\/maranhaotv.com.br\\\/#organization\"},\"potentialAction\":[{\"@type\":\"SearchAction\",\"target\":{\"@type\":\"EntryPoint\",\"urlTemplate\":\"https:\\\/\\\/maranhaotv.com.br\\\/?s={search_term_string}\"},\"query-input\":{\"@type\":\"PropertyValueSpecification\",\"valueRequired\":true,\"valueName\":\"search_term_string\"}}],\"inLanguage\":\"pt-BR\"},{\"@type\":\"Organization\",\"@id\":\"https:\\\/\\\/maranhaotv.com.br\\\/#organization\",\"name\":\"Portal de Not\u00edcias\",\"url\":\"https:\\\/\\\/maranhaotv.com.br\\\/\",\"logo\":{\"@type\":\"ImageObject\",\"inLanguage\":\"pt-BR\",\"@id\":\"https:\\\/\\\/maranhaotv.com.br\\\/#\\\/schema\\\/logo\\\/image\\\/\",\"url\":\"https:\\\/\\\/maranhaotv.com.br\\\/wp-content\\\/uploads\\\/2024\\\/05\\\/cropped-cropped-avatar-1.png\",\"contentUrl\":\"https:\\\/\\\/maranhaotv.com.br\\\/wp-content\\\/uploads\\\/2024\\\/05\\\/cropped-cropped-avatar-1.png\",\"width\":792,\"height\":428,\"caption\":\"Portal de Not\u00edcias\"},\"image\":{\"@id\":\"https:\\\/\\\/maranhaotv.com.br\\\/#\\\/schema\\\/logo\\\/image\\\/\"},\"sameAs\":[\"https:\\\/\\\/www.facebook.com\\\/maiobaotv\",\"https:\\\/\\\/x.com\\\/sitemaranhaotv\",\"https:\\\/\\\/www.instagram.com\\\/maranhao.tv\",\"https:\\\/\\\/www.threads.net\\\/@maranhao.tv\"]},{\"@type\":\"Person\",\"@id\":\"https:\\\/\\\/maranhaotv.com.br\\\/#\\\/schema\\\/person\\\/3d54238e86b20bb5c89ab2fdb8f8829a\",\"name\":\"maranhaotv\",\"image\":{\"@type\":\"ImageObject\",\"inLanguage\":\"pt-BR\",\"@id\":\"https:\\\/\\\/secure.gravatar.com\\\/avatar\\\/8fadbca458d4cb68b1dd399ae9a40618d747bb1af65ac9fad21c89220a143eb4?s=96&d=mm&r=g\",\"url\":\"https:\\\/\\\/secure.gravatar.com\\\/avatar\\\/8fadbca458d4cb68b1dd399ae9a40618d747bb1af65ac9fad21c89220a143eb4?s=96&d=mm&r=g\",\"contentUrl\":\"https:\\\/\\\/secure.gravatar.com\\\/avatar\\\/8fadbca458d4cb68b1dd399ae9a40618d747bb1af65ac9fad21c89220a143eb4?s=96&d=mm&r=g\",\"caption\":\"maranhaotv\"},\"sameAs\":[\"https:\\\/\\\/maranhaotv.com.br\\\/\"],\"url\":\"https:\\\/\\\/maranhaotv.com.br\\\/index.php\\\/author\\\/maranhaotv\\\/\"}]}<\/script>\n<!-- \/ Yoast SEO plugin. -->","yoast_head_json":{"title":"Campanha de vacina\u00e7\u00e3o contra Influenza\/H1N1 ser\u00e1 retomada em S\u00e3o Lu\u00eds - NOT\u00cdCIAS EM TEMPO REAL","robots":{"index":"index","follow":"follow","max-snippet":"max-snippet:-1","max-image-preview":"max-image-preview:large","max-video-preview":"max-video-preview:-1"},"canonical":"https:\/\/maranhaotv.com.br\/index.php\/2020\/03\/28\/campanha-de-vacinacao-contra-influenza-h1n1-sera-retomada-em-sao-luis\/","og_locale":"pt_BR","og_type":"article","og_title":"Campanha de vacina\u00e7\u00e3o contra Influenza\/H1N1 ser\u00e1 retomada em S\u00e3o Lu\u00eds - NOT\u00cdCIAS EM TEMPO REAL","og_description":"Ser\u00e1 retomada nesta segunda-feira (30), em S\u00e3o Lu\u00eds, a campanha de vacina\u00e7\u00e3o contra a gripe Influenza\/H1N1. Esta nova etapa da","og_url":"https:\/\/maranhaotv.com.br\/index.php\/2020\/03\/28\/campanha-de-vacinacao-contra-influenza-h1n1-sera-retomada-em-sao-luis\/","og_site_name":"NOT\u00cdCIAS EM TEMPO REAL","article_publisher":"https:\/\/www.facebook.com\/maiobaotv","article_published_time":"2020-03-28T22:05:10+00:00","author":"maranhaotv","twitter_card":"summary_large_image","twitter_creator":"@sitemaranhaotv","twitter_site":"@sitemaranhaotv","twitter_misc":{"Escrito por":"maranhaotv","Est. tempo de leitura":"2 minutos"},"schema":{"@context":"https:\/\/schema.org","@graph":[{"@type":"Article","@id":"https:\/\/maranhaotv.com.br\/index.php\/2020\/03\/28\/campanha-de-vacinacao-contra-influenza-h1n1-sera-retomada-em-sao-luis\/#article","isPartOf":{"@id":"https:\/\/maranhaotv.com.br\/index.php\/2020\/03\/28\/campanha-de-vacinacao-contra-influenza-h1n1-sera-retomada-em-sao-luis\/"},"author":{"name":"maranhaotv","@id":"https:\/\/maranhaotv.com.br\/#\/schema\/person\/3d54238e86b20bb5c89ab2fdb8f8829a"},"headline":"Campanha de vacina\u00e7\u00e3o contra Influenza\/H1N1 ser\u00e1 retomada em S\u00e3o Lu\u00eds","datePublished":"2020-03-28T22:05:10+00:00","mainEntityOfPage":{"@id":"https:\/\/maranhaotv.com.br\/index.php\/2020\/03\/28\/campanha-de-vacinacao-contra-influenza-h1n1-sera-retomada-em-sao-luis\/"},"wordCount":505,"commentCount":0,"publisher":{"@id":"https:\/\/maranhaotv.com.br\/#organization"},"image":{"@id":"https:\/\/maranhaotv.com.br\/index.php\/2020\/03\/28\/campanha-de-vacinacao-contra-influenza-h1n1-sera-retomada-em-sao-luis\/#primaryimage"},"thumbnailUrl":"","articleSection":["not\u00edcias","sa\u00fade"],"inLanguage":"pt-BR","potentialAction":[{"@type":"CommentAction","name":"Comment","target":["https:\/\/maranhaotv.com.br\/index.php\/2020\/03\/28\/campanha-de-vacinacao-contra-influenza-h1n1-sera-retomada-em-sao-luis\/#respond"]}]},{"@type":"WebPage","@id":"https:\/\/maranhaotv.com.br\/index.php\/2020\/03\/28\/campanha-de-vacinacao-contra-influenza-h1n1-sera-retomada-em-sao-luis\/","url":"https:\/\/maranhaotv.com.br\/index.php\/2020\/03\/28\/campanha-de-vacinacao-contra-influenza-h1n1-sera-retomada-em-sao-luis\/","name":"Campanha de vacina\u00e7\u00e3o contra Influenza\/H1N1 ser\u00e1 retomada em S\u00e3o Lu\u00eds - NOT\u00cdCIAS EM TEMPO REAL","isPartOf":{"@id":"https:\/\/maranhaotv.com.br\/#website"},"primaryImageOfPage":{"@id":"https:\/\/maranhaotv.com.br\/index.php\/2020\/03\/28\/campanha-de-vacinacao-contra-influenza-h1n1-sera-retomada-em-sao-luis\/#primaryimage"},"image":{"@id":"https:\/\/maranhaotv.com.br\/index.php\/2020\/03\/28\/campanha-de-vacinacao-contra-influenza-h1n1-sera-retomada-em-sao-luis\/#primaryimage"},"thumbnailUrl":"","datePublished":"2020-03-28T22:05:10+00:00","breadcrumb":{"@id":"https:\/\/maranhaotv.com.br\/index.php\/2020\/03\/28\/campanha-de-vacinacao-contra-influenza-h1n1-sera-retomada-em-sao-luis\/#breadcrumb"},"inLanguage":"pt-BR","potentialAction":[{"@type":"ReadAction","target":["https:\/\/maranhaotv.com.br\/index.php\/2020\/03\/28\/campanha-de-vacinacao-contra-influenza-h1n1-sera-retomada-em-sao-luis\/"]}]},{"@type":"ImageObject","inLanguage":"pt-BR","@id":"https:\/\/maranhaotv.com.br\/index.php\/2020\/03\/28\/campanha-de-vacinacao-contra-influenza-h1n1-sera-retomada-em-sao-luis\/#primaryimage","url":"","contentUrl":""},{"@type":"BreadcrumbList","@id":"https:\/\/maranhaotv.com.br\/index.php\/2020\/03\/28\/campanha-de-vacinacao-contra-influenza-h1n1-sera-retomada-em-sao-luis\/#breadcrumb","itemListElement":[{"@type":"ListItem","position":1,"name":"In\u00edcio","item":"https:\/\/maranhaotv.com.br\/"},{"@type":"ListItem","position":2,"name":"Campanha de vacina\u00e7\u00e3o contra Influenza\/H1N1 ser\u00e1 retomada em S\u00e3o Lu\u00eds"}]},{"@type":"WebSite","@id":"https:\/\/maranhaotv.com.br\/#website","url":"https:\/\/maranhaotv.com.br\/","name":"Maranh\u00e3oTV","description":"","publisher":{"@id":"https:\/\/maranhaotv.com.br\/#organization"},"potentialAction":[{"@type":"SearchAction","target":{"@type":"EntryPoint","urlTemplate":"https:\/\/maranhaotv.com.br\/?s={search_term_string}"},"query-input":{"@type":"PropertyValueSpecification","valueRequired":true,"valueName":"search_term_string"}}],"inLanguage":"pt-BR"},{"@type":"Organization","@id":"https:\/\/maranhaotv.com.br\/#organization","name":"Portal de Not\u00edcias","url":"https:\/\/maranhaotv.com.br\/","logo":{"@type":"ImageObject","inLanguage":"pt-BR","@id":"https:\/\/maranhaotv.com.br\/#\/schema\/logo\/image\/","url":"https:\/\/maranhaotv.com.br\/wp-content\/uploads\/2024\/05\/cropped-cropped-avatar-1.png","contentUrl":"https:\/\/maranhaotv.com.br\/wp-content\/uploads\/2024\/05\/cropped-cropped-avatar-1.png","width":792,"height":428,"caption":"Portal de Not\u00edcias"},"image":{"@id":"https:\/\/maranhaotv.com.br\/#\/schema\/logo\/image\/"},"sameAs":["https:\/\/www.facebook.com\/maiobaotv","https:\/\/x.com\/sitemaranhaotv","https:\/\/www.instagram.com\/maranhao.tv","https:\/\/www.threads.net\/@maranhao.tv"]},{"@type":"Person","@id":"https:\/\/maranhaotv.com.br\/#\/schema\/person\/3d54238e86b20bb5c89ab2fdb8f8829a","name":"maranhaotv","image":{"@type":"ImageObject","inLanguage":"pt-BR","@id":"https:\/\/secure.gravatar.com\/avatar\/8fadbca458d4cb68b1dd399ae9a40618d747bb1af65ac9fad21c89220a143eb4?s=96&d=mm&r=g","url":"https:\/\/secure.gravatar.com\/avatar\/8fadbca458d4cb68b1dd399ae9a40618d747bb1af65ac9fad21c89220a143eb4?s=96&d=mm&r=g","contentUrl":"https:\/\/secure.gravatar.com\/avatar\/8fadbca458d4cb68b1dd399ae9a40618d747bb1af65ac9fad21c89220a143eb4?s=96&d=mm&r=g","caption":"maranhaotv"},"sameAs":["https:\/\/maranhaotv.com.br\/"],"url":"https:\/\/maranhaotv.com.br\/index.php\/author\/maranhaotv\/"}]}},"jetpack_featured_media_url":"","jetpack_sharing_enabled":true,"_links":{"self":[{"href":"https:\/\/maranhaotv.com.br\/index.php\/wp-json\/wp\/v2\/posts\/10749","targetHints":{"allow":["GET"]}}],"collection":[{"href":"https:\/\/maranhaotv.com.br\/index.php\/wp-json\/wp\/v2\/posts"}],"about":[{"href":"https:\/\/maranhaotv.com.br\/index.php\/wp-json\/wp\/v2\/types\/post"}],"author":[{"embeddable":true,"href":"https:\/\/maranhaotv.com.br\/index.php\/wp-json\/wp\/v2\/users\/2"}],"replies":[{"embeddable":true,"href":"https:\/\/maranhaotv.com.br\/index.php\/wp-json\/wp\/v2\/comments?post=10749"}],"version-history":[{"count":0,"href":"https:\/\/maranhaotv.com.br\/index.php\/wp-json\/wp\/v2\/posts\/10749\/revisions"}],"wp:featuredmedia":[{"embeddable":true,"href":"https:\/\/maranhaotv.com.br\/index.php\/wp-json\/"}],"wp:attachment":[{"href":"https:\/\/maranhaotv.com.br\/index.php\/wp-json\/wp\/v2\/media?parent=10749"}],"wp:term":[{"taxonomy":"category","embeddable":true,"href":"https:\/\/maranhaotv.com.br\/index.php\/wp-json\/wp\/v2\/categories?post=10749"},{"taxonomy":"post_tag","embeddable":true,"href":"https:\/\/maranhaotv.com.br\/index.php\/wp-json\/wp\/v2\/tags?post=10749"}],"curies":[{"name":"wp","href":"https:\/\/api.w.org\/{rel}","templated":true}]}}