{"id":10797,"date":"2020-03-31T13:59:20","date_gmt":"2020-03-31T16:59:20","guid":{"rendered":"https:\/\/maiobaotv.com.br\/?p=10797"},"modified":"2020-03-31T13:59:20","modified_gmt":"2020-03-31T16:59:20","slug":"paco-do-lumiar-prefeitura-em-parceria-com-o-governo-do-estado-realizam-obras-de-recuperacao-asfaltica-no-municipio","status":"publish","type":"post","link":"https:\/\/maranhaotv.com.br\/index.php\/2020\/03\/31\/paco-do-lumiar-prefeitura-em-parceria-com-o-governo-do-estado-realizam-obras-de-recuperacao-asfaltica-no-municipio\/","title":{"rendered":"Pa\u00e7o do Lumiar: Prefeitura em parceria com o Governo do Estado, realizam obras de recupera\u00e7\u00e3o asf\u00e1ltica no munic\u00edpio."},"content":{"rendered":"<p>A Prefeitura de Pa\u00e7o do Lumiar, em parceria com o Governo do Estado, continua realizando obras de manuten\u00e7\u00e3o e recupera\u00e7\u00e3o asf\u00e1ltica em todo o munic\u00edpio. Equipes da Opera\u00e7\u00e3o de tapa-buracos est\u00e3o trabalhando nos locais que apresentam maior deteriora\u00e7\u00e3o do asfalto, com objetivo de prolongar a vida \u00fatil do pavimento.<\/p>\n<p>Na \u00faltima semana, v\u00e1rias regi\u00f5es do munic\u00edpio foram recuperadas, entre elas: Avenida Principal do S\u00edtio Grande, Avenida 14 do Maiob\u00e3o, Estrada da Pindoba, Avenida 01 do Paran\u00e3, Rua Santo Ant\u00f4nio no Pinda\u00ed, Vila S\u00e3o Jos\u00e9, Rua 04 na Vila Cafeteira e Avenida Principal do Igua\u00edba.<\/p>\n<p>Para o morador do S\u00edtio Grande, Jo\u00e3o Pedro a obra veio em um bom momento. &#8220;Excelente iniciativa da prefeitura e do governo, porque como tem chovido muito e o fluxo de ve\u00edculos aqui \u00e9 intenso, a propor\u00e7\u00e3o \u00e9 piorar ainda mais, caso nada fosse feito neste momento. Fico feliz em saber que o poder p\u00fablico, tem se preocupado com a infraestrutura da cidade, mesmo diante a todo esse caos na sa\u00fade mundial, s\u00f3 posso agradecer e parabenizar a atitude&#8221;, disse o morador.<\/p>\n<p>Segundo o Secret\u00e1rio Municipal de Infraestrutura, Walburg Neto, equipes trabalham simultaneamente em todo munic\u00edpio. \u201cAs equipes est\u00e3o atuando em v\u00e1rios pontos, mesmo diante a essa pandemia, o trabalho continua, precisamos garantir qualidade de vida a popula\u00e7\u00e3o. Semana passada fizemos a rota das vans, na regi\u00e3o da Vila Cafeteira, tamb\u00e9m atuamos na avenida 14 do maiob\u00e3o e estamos recuperando os pontos mais cr\u00edticos atingidos pelas chuvas.\u201d, pontuou o secret\u00e1rio.<\/p>\n<p>A Prefeita em exerc\u00edcio, Paula Azevedo, tem acompanhado de perto as obras. Ela comentou que os servi\u00e7os continuam at\u00e9 a recupera\u00e7\u00e3o completa de todas as ruas. \u201cEstamos trabalhando para melhorar nossas ruas e avenidas, investimos em obras de pavimenta\u00e7\u00e3o para garantir melhoria no tr\u00e1fego de ve\u00edculos no munic\u00edpio com o objetivo de proporcionar aos usu\u00e1rios das vias mais tranq\u00fcilidade e seguran\u00e7a.\u201d, concluiu a Prefeita Paula.<\/p>\n<p><img loading=\"lazy\" decoding=\"async\" src=\"https:\/\/maiobaotv.com.br\/wp-content\/uploads\/2020\/03\/img-20200331-wa01295195362658193632944.jpg\" class=\"wp-image-10798 alignnone size-full\" width=\"1032\" height=\"774\"><\/p>\n<p><img decoding=\"async\" data-wpid=\"242\" src=\"\/data\/user\/0\/org.wordpress.android\/cache\/img-20200331-wa01228272958382533930944.jpg\" class=\"uploading size-full\"><\/p>\n<p>Fotos: Diego Chaves<\/p>\n","protected":false},"excerpt":{"rendered":"<p>A Prefeitura de Pa\u00e7o do Lumiar, em parceria com o Governo do Estado, continua realizando obras de manuten\u00e7\u00e3o e recupera\u00e7\u00e3o<\/p>\n","protected":false},"author":2,"featured_media":10801,"comment_status":"open","ping_status":"open","sticky":false,"template":"","format":"standard","meta":{"colormag_page_container_layout":"default_layout","colormag_page_sidebar_layout":"default_layout","_jetpack_memberships_contains_paid_content":false,"footnotes":""},"categories":[2],"tags":[],"class_list":["post-10797","post","type-post","status-publish","format-standard","has-post-thumbnail","hentry","category-noticias"],"magazineBlocksPostFeaturedMedia":{"thumbnail":false,"medium":false,"medium_large":false,"large":false,"1536x1536":false,"2048x2048":false,"colormag-highlighted-post":false,"colormag-featured-post-medium":false,"colormag-featured-post-small":false,"colormag-featured-image":false,"colormag-default-news":false,"colormag-featured-image-large":false},"magazineBlocksPostAuthor":{"name":"maranhaotv","avatar":"https:\/\/secure.gravatar.com\/avatar\/8fadbca458d4cb68b1dd399ae9a40618d747bb1af65ac9fad21c89220a143eb4?s=96&d=mm&r=g"},"magazineBlocksPostCommentsNumber":"0","magazineBlocksPostExcerpt":"A Prefeitura de Pa\u00e7o do Lumiar, em parceria com o Governo do Estado, continua realizando obras de manuten\u00e7\u00e3o e recupera\u00e7\u00e3o","magazineBlocksPostCategories":["not\u00edcias"],"magazineBlocksPostViewCount":154,"magazineBlocksPostReadTime":2,"magazine_blocks_featured_image_url":{"full":false,"medium":false,"thumbnail":false},"magazine_blocks_author":{"display_name":"maranhaotv","author_link":"https:\/\/maranhaotv.com.br\/index.php\/author\/maranhaotv\/"},"magazine_blocks_comment":0,"magazine_blocks_author_image":"https:\/\/secure.gravatar.com\/avatar\/8fadbca458d4cb68b1dd399ae9a40618d747bb1af65ac9fad21c89220a143eb4?s=96&d=mm&r=g","magazine_blocks_category":"<a href=\"#\" class=\"category-link category-link-2\">not\u00edcias<\/a>","yoast_head":"<!-- This site is optimized with the Yoast SEO plugin v27.4 - https:\/\/yoast.com\/product\/yoast-seo-wordpress\/ -->\n<title>Pa\u00e7o do Lumiar: Prefeitura em parceria com o Governo do Estado, realizam obras de recupera\u00e7\u00e3o asf\u00e1ltica no munic\u00edpio. - NOT\u00cdCIAS EM TEMPO REAL<\/title>\n<meta name=\"robots\" content=\"index, follow, max-snippet:-1, max-image-preview:large, max-video-preview:-1\" \/>\n<link rel=\"canonical\" href=\"https:\/\/maranhaotv.com.br\/index.php\/2020\/03\/31\/paco-do-lumiar-prefeitura-em-parceria-com-o-governo-do-estado-realizam-obras-de-recuperacao-asfaltica-no-municipio\/\" \/>\n<meta property=\"og:locale\" content=\"pt_BR\" \/>\n<meta property=\"og:type\" content=\"article\" \/>\n<meta property=\"og:title\" content=\"Pa\u00e7o do Lumiar: Prefeitura em parceria com o Governo do Estado, realizam obras de recupera\u00e7\u00e3o asf\u00e1ltica no munic\u00edpio. - NOT\u00cdCIAS EM TEMPO REAL\" \/>\n<meta property=\"og:description\" content=\"A Prefeitura de Pa\u00e7o do Lumiar, em parceria com o Governo do Estado, continua realizando obras de manuten\u00e7\u00e3o e recupera\u00e7\u00e3o\" \/>\n<meta property=\"og:url\" content=\"https:\/\/maranhaotv.com.br\/index.php\/2020\/03\/31\/paco-do-lumiar-prefeitura-em-parceria-com-o-governo-do-estado-realizam-obras-de-recuperacao-asfaltica-no-municipio\/\" \/>\n<meta property=\"og:site_name\" content=\"NOT\u00cdCIAS EM TEMPO REAL\" \/>\n<meta property=\"article:publisher\" content=\"https:\/\/www.facebook.com\/maiobaotv\" \/>\n<meta property=\"article:published_time\" content=\"2020-03-31T16:59:20+00:00\" \/>\n<meta name=\"author\" content=\"maranhaotv\" \/>\n<meta name=\"twitter:card\" content=\"summary_large_image\" \/>\n<meta name=\"twitter:creator\" content=\"@sitemaranhaotv\" \/>\n<meta name=\"twitter:site\" content=\"@sitemaranhaotv\" \/>\n<meta name=\"twitter:label1\" content=\"Escrito por\" \/>\n\t<meta name=\"twitter:data1\" content=\"maranhaotv\" \/>\n\t<meta name=\"twitter:label2\" content=\"Est. tempo de leitura\" \/>\n\t<meta name=\"twitter:data2\" content=\"2 minutos\" \/>\n<script type=\"application\/ld+json\" class=\"yoast-schema-graph\">{\"@context\":\"https:\\\/\\\/schema.org\",\"@graph\":[{\"@type\":\"Article\",\"@id\":\"https:\\\/\\\/maranhaotv.com.br\\\/index.php\\\/2020\\\/03\\\/31\\\/paco-do-lumiar-prefeitura-em-parceria-com-o-governo-do-estado-realizam-obras-de-recuperacao-asfaltica-no-municipio\\\/#article\",\"isPartOf\":{\"@id\":\"https:\\\/\\\/maranhaotv.com.br\\\/index.php\\\/2020\\\/03\\\/31\\\/paco-do-lumiar-prefeitura-em-parceria-com-o-governo-do-estado-realizam-obras-de-recuperacao-asfaltica-no-municipio\\\/\"},\"author\":{\"name\":\"maranhaotv\",\"@id\":\"https:\\\/\\\/maranhaotv.com.br\\\/#\\\/schema\\\/person\\\/3d54238e86b20bb5c89ab2fdb8f8829a\"},\"headline\":\"Pa\u00e7o do Lumiar: Prefeitura em parceria com o Governo do Estado, realizam obras de recupera\u00e7\u00e3o asf\u00e1ltica no munic\u00edpio.\",\"datePublished\":\"2020-03-31T16:59:20+00:00\",\"mainEntityOfPage\":{\"@id\":\"https:\\\/\\\/maranhaotv.com.br\\\/index.php\\\/2020\\\/03\\\/31\\\/paco-do-lumiar-prefeitura-em-parceria-com-o-governo-do-estado-realizam-obras-de-recuperacao-asfaltica-no-municipio\\\/\"},\"wordCount\":370,\"commentCount\":0,\"publisher\":{\"@id\":\"https:\\\/\\\/maranhaotv.com.br\\\/#organization\"},\"image\":{\"@id\":\"https:\\\/\\\/maranhaotv.com.br\\\/index.php\\\/2020\\\/03\\\/31\\\/paco-do-lumiar-prefeitura-em-parceria-com-o-governo-do-estado-realizam-obras-de-recuperacao-asfaltica-no-municipio\\\/#primaryimage\"},\"thumbnailUrl\":\"\",\"articleSection\":[\"not\u00edcias\"],\"inLanguage\":\"pt-BR\",\"potentialAction\":[{\"@type\":\"CommentAction\",\"name\":\"Comment\",\"target\":[\"https:\\\/\\\/maranhaotv.com.br\\\/index.php\\\/2020\\\/03\\\/31\\\/paco-do-lumiar-prefeitura-em-parceria-com-o-governo-do-estado-realizam-obras-de-recuperacao-asfaltica-no-municipio\\\/#respond\"]}]},{\"@type\":\"WebPage\",\"@id\":\"https:\\\/\\\/maranhaotv.com.br\\\/index.php\\\/2020\\\/03\\\/31\\\/paco-do-lumiar-prefeitura-em-parceria-com-o-governo-do-estado-realizam-obras-de-recuperacao-asfaltica-no-municipio\\\/\",\"url\":\"https:\\\/\\\/maranhaotv.com.br\\\/index.php\\\/2020\\\/03\\\/31\\\/paco-do-lumiar-prefeitura-em-parceria-com-o-governo-do-estado-realizam-obras-de-recuperacao-asfaltica-no-municipio\\\/\",\"name\":\"Pa\u00e7o do Lumiar: Prefeitura em parceria com o Governo do Estado, realizam obras de recupera\u00e7\u00e3o asf\u00e1ltica no munic\u00edpio. - NOT\u00cdCIAS EM TEMPO REAL\",\"isPartOf\":{\"@id\":\"https:\\\/\\\/maranhaotv.com.br\\\/#website\"},\"primaryImageOfPage\":{\"@id\":\"https:\\\/\\\/maranhaotv.com.br\\\/index.php\\\/2020\\\/03\\\/31\\\/paco-do-lumiar-prefeitura-em-parceria-com-o-governo-do-estado-realizam-obras-de-recuperacao-asfaltica-no-municipio\\\/#primaryimage\"},\"image\":{\"@id\":\"https:\\\/\\\/maranhaotv.com.br\\\/index.php\\\/2020\\\/03\\\/31\\\/paco-do-lumiar-prefeitura-em-parceria-com-o-governo-do-estado-realizam-obras-de-recuperacao-asfaltica-no-municipio\\\/#primaryimage\"},\"thumbnailUrl\":\"\",\"datePublished\":\"2020-03-31T16:59:20+00:00\",\"breadcrumb\":{\"@id\":\"https:\\\/\\\/maranhaotv.com.br\\\/index.php\\\/2020\\\/03\\\/31\\\/paco-do-lumiar-prefeitura-em-parceria-com-o-governo-do-estado-realizam-obras-de-recuperacao-asfaltica-no-municipio\\\/#breadcrumb\"},\"inLanguage\":\"pt-BR\",\"potentialAction\":[{\"@type\":\"ReadAction\",\"target\":[\"https:\\\/\\\/maranhaotv.com.br\\\/index.php\\\/2020\\\/03\\\/31\\\/paco-do-lumiar-prefeitura-em-parceria-com-o-governo-do-estado-realizam-obras-de-recuperacao-asfaltica-no-municipio\\\/\"]}]},{\"@type\":\"ImageObject\",\"inLanguage\":\"pt-BR\",\"@id\":\"https:\\\/\\\/maranhaotv.com.br\\\/index.php\\\/2020\\\/03\\\/31\\\/paco-do-lumiar-prefeitura-em-parceria-com-o-governo-do-estado-realizam-obras-de-recuperacao-asfaltica-no-municipio\\\/#primaryimage\",\"url\":\"\",\"contentUrl\":\"\"},{\"@type\":\"BreadcrumbList\",\"@id\":\"https:\\\/\\\/maranhaotv.com.br\\\/index.php\\\/2020\\\/03\\\/31\\\/paco-do-lumiar-prefeitura-em-parceria-com-o-governo-do-estado-realizam-obras-de-recuperacao-asfaltica-no-municipio\\\/#breadcrumb\",\"itemListElement\":[{\"@type\":\"ListItem\",\"position\":1,\"name\":\"In\u00edcio\",\"item\":\"https:\\\/\\\/maranhaotv.com.br\\\/\"},{\"@type\":\"ListItem\",\"position\":2,\"name\":\"Pa\u00e7o do Lumiar: Prefeitura em parceria com o Governo do Estado, realizam obras de recupera\u00e7\u00e3o asf\u00e1ltica no munic\u00edpio.\"}]},{\"@type\":\"WebSite\",\"@id\":\"https:\\\/\\\/maranhaotv.com.br\\\/#website\",\"url\":\"https:\\\/\\\/maranhaotv.com.br\\\/\",\"name\":\"Maranh\u00e3oTV\",\"description\":\"\",\"publisher\":{\"@id\":\"https:\\\/\\\/maranhaotv.com.br\\\/#organization\"},\"potentialAction\":[{\"@type\":\"SearchAction\",\"target\":{\"@type\":\"EntryPoint\",\"urlTemplate\":\"https:\\\/\\\/maranhaotv.com.br\\\/?s={search_term_string}\"},\"query-input\":{\"@type\":\"PropertyValueSpecification\",\"valueRequired\":true,\"valueName\":\"search_term_string\"}}],\"inLanguage\":\"pt-BR\"},{\"@type\":\"Organization\",\"@id\":\"https:\\\/\\\/maranhaotv.com.br\\\/#organization\",\"name\":\"Portal de Not\u00edcias\",\"url\":\"https:\\\/\\\/maranhaotv.com.br\\\/\",\"logo\":{\"@type\":\"ImageObject\",\"inLanguage\":\"pt-BR\",\"@id\":\"https:\\\/\\\/maranhaotv.com.br\\\/#\\\/schema\\\/logo\\\/image\\\/\",\"url\":\"https:\\\/\\\/maranhaotv.com.br\\\/wp-content\\\/uploads\\\/2024\\\/05\\\/cropped-cropped-avatar-1.png\",\"contentUrl\":\"https:\\\/\\\/maranhaotv.com.br\\\/wp-content\\\/uploads\\\/2024\\\/05\\\/cropped-cropped-avatar-1.png\",\"width\":792,\"height\":428,\"caption\":\"Portal de Not\u00edcias\"},\"image\":{\"@id\":\"https:\\\/\\\/maranhaotv.com.br\\\/#\\\/schema\\\/logo\\\/image\\\/\"},\"sameAs\":[\"https:\\\/\\\/www.facebook.com\\\/maiobaotv\",\"https:\\\/\\\/x.com\\\/sitemaranhaotv\",\"https:\\\/\\\/www.instagram.com\\\/maranhao.tv\",\"https:\\\/\\\/www.threads.net\\\/@maranhao.tv\"]},{\"@type\":\"Person\",\"@id\":\"https:\\\/\\\/maranhaotv.com.br\\\/#\\\/schema\\\/person\\\/3d54238e86b20bb5c89ab2fdb8f8829a\",\"name\":\"maranhaotv\",\"image\":{\"@type\":\"ImageObject\",\"inLanguage\":\"pt-BR\",\"@id\":\"https:\\\/\\\/secure.gravatar.com\\\/avatar\\\/8fadbca458d4cb68b1dd399ae9a40618d747bb1af65ac9fad21c89220a143eb4?s=96&d=mm&r=g\",\"url\":\"https:\\\/\\\/secure.gravatar.com\\\/avatar\\\/8fadbca458d4cb68b1dd399ae9a40618d747bb1af65ac9fad21c89220a143eb4?s=96&d=mm&r=g\",\"contentUrl\":\"https:\\\/\\\/secure.gravatar.com\\\/avatar\\\/8fadbca458d4cb68b1dd399ae9a40618d747bb1af65ac9fad21c89220a143eb4?s=96&d=mm&r=g\",\"caption\":\"maranhaotv\"},\"sameAs\":[\"https:\\\/\\\/maranhaotv.com.br\\\/\"],\"url\":\"https:\\\/\\\/maranhaotv.com.br\\\/index.php\\\/author\\\/maranhaotv\\\/\"}]}<\/script>\n<!-- \/ Yoast SEO plugin. -->","yoast_head_json":{"title":"Pa\u00e7o do Lumiar: Prefeitura em parceria com o Governo do Estado, realizam obras de recupera\u00e7\u00e3o asf\u00e1ltica no munic\u00edpio. - NOT\u00cdCIAS EM TEMPO REAL","robots":{"index":"index","follow":"follow","max-snippet":"max-snippet:-1","max-image-preview":"max-image-preview:large","max-video-preview":"max-video-preview:-1"},"canonical":"https:\/\/maranhaotv.com.br\/index.php\/2020\/03\/31\/paco-do-lumiar-prefeitura-em-parceria-com-o-governo-do-estado-realizam-obras-de-recuperacao-asfaltica-no-municipio\/","og_locale":"pt_BR","og_type":"article","og_title":"Pa\u00e7o do Lumiar: Prefeitura em parceria com o Governo do Estado, realizam obras de recupera\u00e7\u00e3o asf\u00e1ltica no munic\u00edpio. - NOT\u00cdCIAS EM TEMPO REAL","og_description":"A Prefeitura de Pa\u00e7o do Lumiar, em parceria com o Governo do Estado, continua realizando obras de manuten\u00e7\u00e3o e recupera\u00e7\u00e3o","og_url":"https:\/\/maranhaotv.com.br\/index.php\/2020\/03\/31\/paco-do-lumiar-prefeitura-em-parceria-com-o-governo-do-estado-realizam-obras-de-recuperacao-asfaltica-no-municipio\/","og_site_name":"NOT\u00cdCIAS EM TEMPO REAL","article_publisher":"https:\/\/www.facebook.com\/maiobaotv","article_published_time":"2020-03-31T16:59:20+00:00","author":"maranhaotv","twitter_card":"summary_large_image","twitter_creator":"@sitemaranhaotv","twitter_site":"@sitemaranhaotv","twitter_misc":{"Escrito por":"maranhaotv","Est. tempo de leitura":"2 minutos"},"schema":{"@context":"https:\/\/schema.org","@graph":[{"@type":"Article","@id":"https:\/\/maranhaotv.com.br\/index.php\/2020\/03\/31\/paco-do-lumiar-prefeitura-em-parceria-com-o-governo-do-estado-realizam-obras-de-recuperacao-asfaltica-no-municipio\/#article","isPartOf":{"@id":"https:\/\/maranhaotv.com.br\/index.php\/2020\/03\/31\/paco-do-lumiar-prefeitura-em-parceria-com-o-governo-do-estado-realizam-obras-de-recuperacao-asfaltica-no-municipio\/"},"author":{"name":"maranhaotv","@id":"https:\/\/maranhaotv.com.br\/#\/schema\/person\/3d54238e86b20bb5c89ab2fdb8f8829a"},"headline":"Pa\u00e7o do Lumiar: Prefeitura em parceria com o Governo do Estado, realizam obras de recupera\u00e7\u00e3o asf\u00e1ltica no munic\u00edpio.","datePublished":"2020-03-31T16:59:20+00:00","mainEntityOfPage":{"@id":"https:\/\/maranhaotv.com.br\/index.php\/2020\/03\/31\/paco-do-lumiar-prefeitura-em-parceria-com-o-governo-do-estado-realizam-obras-de-recuperacao-asfaltica-no-municipio\/"},"wordCount":370,"commentCount":0,"publisher":{"@id":"https:\/\/maranhaotv.com.br\/#organization"},"image":{"@id":"https:\/\/maranhaotv.com.br\/index.php\/2020\/03\/31\/paco-do-lumiar-prefeitura-em-parceria-com-o-governo-do-estado-realizam-obras-de-recuperacao-asfaltica-no-municipio\/#primaryimage"},"thumbnailUrl":"","articleSection":["not\u00edcias"],"inLanguage":"pt-BR","potentialAction":[{"@type":"CommentAction","name":"Comment","target":["https:\/\/maranhaotv.com.br\/index.php\/2020\/03\/31\/paco-do-lumiar-prefeitura-em-parceria-com-o-governo-do-estado-realizam-obras-de-recuperacao-asfaltica-no-municipio\/#respond"]}]},{"@type":"WebPage","@id":"https:\/\/maranhaotv.com.br\/index.php\/2020\/03\/31\/paco-do-lumiar-prefeitura-em-parceria-com-o-governo-do-estado-realizam-obras-de-recuperacao-asfaltica-no-municipio\/","url":"https:\/\/maranhaotv.com.br\/index.php\/2020\/03\/31\/paco-do-lumiar-prefeitura-em-parceria-com-o-governo-do-estado-realizam-obras-de-recuperacao-asfaltica-no-municipio\/","name":"Pa\u00e7o do Lumiar: Prefeitura em parceria com o Governo do Estado, realizam obras de recupera\u00e7\u00e3o asf\u00e1ltica no munic\u00edpio. - NOT\u00cdCIAS EM TEMPO REAL","isPartOf":{"@id":"https:\/\/maranhaotv.com.br\/#website"},"primaryImageOfPage":{"@id":"https:\/\/maranhaotv.com.br\/index.php\/2020\/03\/31\/paco-do-lumiar-prefeitura-em-parceria-com-o-governo-do-estado-realizam-obras-de-recuperacao-asfaltica-no-municipio\/#primaryimage"},"image":{"@id":"https:\/\/maranhaotv.com.br\/index.php\/2020\/03\/31\/paco-do-lumiar-prefeitura-em-parceria-com-o-governo-do-estado-realizam-obras-de-recuperacao-asfaltica-no-municipio\/#primaryimage"},"thumbnailUrl":"","datePublished":"2020-03-31T16:59:20+00:00","breadcrumb":{"@id":"https:\/\/maranhaotv.com.br\/index.php\/2020\/03\/31\/paco-do-lumiar-prefeitura-em-parceria-com-o-governo-do-estado-realizam-obras-de-recuperacao-asfaltica-no-municipio\/#breadcrumb"},"inLanguage":"pt-BR","potentialAction":[{"@type":"ReadAction","target":["https:\/\/maranhaotv.com.br\/index.php\/2020\/03\/31\/paco-do-lumiar-prefeitura-em-parceria-com-o-governo-do-estado-realizam-obras-de-recuperacao-asfaltica-no-municipio\/"]}]},{"@type":"ImageObject","inLanguage":"pt-BR","@id":"https:\/\/maranhaotv.com.br\/index.php\/2020\/03\/31\/paco-do-lumiar-prefeitura-em-parceria-com-o-governo-do-estado-realizam-obras-de-recuperacao-asfaltica-no-municipio\/#primaryimage","url":"","contentUrl":""},{"@type":"BreadcrumbList","@id":"https:\/\/maranhaotv.com.br\/index.php\/2020\/03\/31\/paco-do-lumiar-prefeitura-em-parceria-com-o-governo-do-estado-realizam-obras-de-recuperacao-asfaltica-no-municipio\/#breadcrumb","itemListElement":[{"@type":"ListItem","position":1,"name":"In\u00edcio","item":"https:\/\/maranhaotv.com.br\/"},{"@type":"ListItem","position":2,"name":"Pa\u00e7o do Lumiar: Prefeitura em parceria com o Governo do Estado, realizam obras de recupera\u00e7\u00e3o asf\u00e1ltica no munic\u00edpio."}]},{"@type":"WebSite","@id":"https:\/\/maranhaotv.com.br\/#website","url":"https:\/\/maranhaotv.com.br\/","name":"Maranh\u00e3oTV","description":"","publisher":{"@id":"https:\/\/maranhaotv.com.br\/#organization"},"potentialAction":[{"@type":"SearchAction","target":{"@type":"EntryPoint","urlTemplate":"https:\/\/maranhaotv.com.br\/?s={search_term_string}"},"query-input":{"@type":"PropertyValueSpecification","valueRequired":true,"valueName":"search_term_string"}}],"inLanguage":"pt-BR"},{"@type":"Organization","@id":"https:\/\/maranhaotv.com.br\/#organization","name":"Portal de Not\u00edcias","url":"https:\/\/maranhaotv.com.br\/","logo":{"@type":"ImageObject","inLanguage":"pt-BR","@id":"https:\/\/maranhaotv.com.br\/#\/schema\/logo\/image\/","url":"https:\/\/maranhaotv.com.br\/wp-content\/uploads\/2024\/05\/cropped-cropped-avatar-1.png","contentUrl":"https:\/\/maranhaotv.com.br\/wp-content\/uploads\/2024\/05\/cropped-cropped-avatar-1.png","width":792,"height":428,"caption":"Portal de Not\u00edcias"},"image":{"@id":"https:\/\/maranhaotv.com.br\/#\/schema\/logo\/image\/"},"sameAs":["https:\/\/www.facebook.com\/maiobaotv","https:\/\/x.com\/sitemaranhaotv","https:\/\/www.instagram.com\/maranhao.tv","https:\/\/www.threads.net\/@maranhao.tv"]},{"@type":"Person","@id":"https:\/\/maranhaotv.com.br\/#\/schema\/person\/3d54238e86b20bb5c89ab2fdb8f8829a","name":"maranhaotv","image":{"@type":"ImageObject","inLanguage":"pt-BR","@id":"https:\/\/secure.gravatar.com\/avatar\/8fadbca458d4cb68b1dd399ae9a40618d747bb1af65ac9fad21c89220a143eb4?s=96&d=mm&r=g","url":"https:\/\/secure.gravatar.com\/avatar\/8fadbca458d4cb68b1dd399ae9a40618d747bb1af65ac9fad21c89220a143eb4?s=96&d=mm&r=g","contentUrl":"https:\/\/secure.gravatar.com\/avatar\/8fadbca458d4cb68b1dd399ae9a40618d747bb1af65ac9fad21c89220a143eb4?s=96&d=mm&r=g","caption":"maranhaotv"},"sameAs":["https:\/\/maranhaotv.com.br\/"],"url":"https:\/\/maranhaotv.com.br\/index.php\/author\/maranhaotv\/"}]}},"jetpack_featured_media_url":"","jetpack_sharing_enabled":true,"_links":{"self":[{"href":"https:\/\/maranhaotv.com.br\/index.php\/wp-json\/wp\/v2\/posts\/10797","targetHints":{"allow":["GET"]}}],"collection":[{"href":"https:\/\/maranhaotv.com.br\/index.php\/wp-json\/wp\/v2\/posts"}],"about":[{"href":"https:\/\/maranhaotv.com.br\/index.php\/wp-json\/wp\/v2\/types\/post"}],"author":[{"embeddable":true,"href":"https:\/\/maranhaotv.com.br\/index.php\/wp-json\/wp\/v2\/users\/2"}],"replies":[{"embeddable":true,"href":"https:\/\/maranhaotv.com.br\/index.php\/wp-json\/wp\/v2\/comments?post=10797"}],"version-history":[{"count":0,"href":"https:\/\/maranhaotv.com.br\/index.php\/wp-json\/wp\/v2\/posts\/10797\/revisions"}],"wp:featuredmedia":[{"embeddable":true,"href":"https:\/\/maranhaotv.com.br\/index.php\/wp-json\/"}],"wp:attachment":[{"href":"https:\/\/maranhaotv.com.br\/index.php\/wp-json\/wp\/v2\/media?parent=10797"}],"wp:term":[{"taxonomy":"category","embeddable":true,"href":"https:\/\/maranhaotv.com.br\/index.php\/wp-json\/wp\/v2\/categories?post=10797"},{"taxonomy":"post_tag","embeddable":true,"href":"https:\/\/maranhaotv.com.br\/index.php\/wp-json\/wp\/v2\/tags?post=10797"}],"curies":[{"name":"wp","href":"https:\/\/api.w.org\/{rel}","templated":true}]}}