{"id":10810,"date":"2020-03-31T16:08:39","date_gmt":"2020-03-31T19:08:39","guid":{"rendered":"https:\/\/maiobaotv.com.br\/index.php\/2020\/03\/31\/duarte-jr-nao-aprende-e-sofre-nova-acao-por-propaganda-irregular\/"},"modified":"2020-03-31T16:08:39","modified_gmt":"2020-03-31T19:08:39","slug":"duarte-jr-nao-aprende-e-sofre-nova-acao-por-propaganda-irregular","status":"publish","type":"post","link":"https:\/\/maranhaotv.com.br\/index.php\/2020\/03\/31\/duarte-jr-nao-aprende-e-sofre-nova-acao-por-propaganda-irregular\/","title":{"rendered":"Duarte Jr n\u00e3o aprende e sofre nova a\u00e7\u00e3o por propaganda irregular"},"content":{"rendered":"\n<p>O Minist\u00e9rio P\u00fablico Eleitoral ajuizou, em 30 de mar\u00e7o, Representa\u00e7\u00e3o por pr\u00e1tica eleitoral irregular contra Hildelis Silva Duarte J\u00fanior, mais conhecido como Duarte Jr., deputado estadual e pretenso candidato ao cargo de prefeito de S\u00e3o Lu\u00eds.<\/p>\n\n\n\n<p>Assinada pela promotora eleitoral Moema Figueiredo Viana Pereira, a manifesta\u00e7\u00e3o foi motivada pela distribui\u00e7\u00e3o de revistas, por meio do servi\u00e7o dos Correios, \u00e0s resid\u00eancias de eleitores, em desobedi\u00eancia \u00e0 legisla\u00e7\u00e3o eleitoral.<\/p>\n\n\n\n<p>Como medida liminar, o Minist\u00e9rio P\u00fablico Eleitoral requer a determina\u00e7\u00e3o da busca e apreens\u00e3o dos exemplares (ainda n\u00e3o distribu\u00eddos) da revista, bem como da imediata suspens\u00e3o da distribui\u00e7\u00e3o, com a notifica\u00e7\u00e3o do gerente comercial da ag\u00eancia central de Correios, localizada na Pra\u00e7a Jo\u00e3o Lisboa, em S\u00e3o Lu\u00eds, para que se abstenha de enviar o material ali existente.<\/p>\n\n\n\n<p>Foi requerida igualmente a condena\u00e7\u00e3o do representado no pagamento da multa definida na Lei das Elei\u00e7\u00f5es e na Resolu\u00e7\u00e3o n\u00ba 23.610\/2019, do Tribunal Superior Eleitoral.<\/p>\n\n\n\n<p>IRREGULARIDADES<\/p>\n\n\n\n<p>As irregularidades chegaram ao conhecimento do Minist\u00e9rio P\u00fablico por meio de publica\u00e7\u00e3o veiculada no blogue Online1, que noticiou a distribui\u00e7\u00e3o pelo deputado estadual Duarte Jr. de aproximadamente 201 mil exemplares da publica\u00e7\u00e3o em resid\u00eancias da capital.<\/p>\n\n\n\n<p>Durante a investiga\u00e7\u00e3o, o procurador regional Eleitoral, Juraci Guimar\u00e3es J\u00fanior, e o promotor eleitoral Pablo Bog\u00e9a Pereira Santos, informaram ter recebido um exemplar da revista em suas respectivas resid\u00eancias, acrescentando que o material fora enviado a in\u00fameros apartamentos dos pr\u00e9dios onde moram.<\/p>\n\n\n\n<p>De posse do exemplar, o MP Eleitoral verificou que, contrariando a legisla\u00e7\u00e3o eleitoral, n\u00e3o constam na revista informa\u00e7\u00e3o sobre a tiragem e o n\u00famero de inscri\u00e7\u00e3o no Cadastro Nacional de Pessoa Jur\u00eddica (CNPJ) ou no Cadastro de Pessoas F\u00edsicas (CPF) dos respons\u00e1veis pela sua confec\u00e7\u00e3o e contrata\u00e7\u00e3o.<\/p>\n\n\n\n<p>Na manifesta\u00e7\u00e3o, a promotora destacou que, embora uma s\u00f3 revista seja suficiente para comprovar a irregularidade, foi expedido of\u00edcio \u00e0 ag\u00eancia central dos Correios de S\u00e3o Lu\u00eds, objetivando saber exatamente a quantidade de revistas distribu\u00eddas, os locais de distribui\u00e7\u00e3o e o valor do servi\u00e7o contratado.<\/p>\n\n\n\n<p>\u201cA pretexto de prestar contas de sua atua\u00e7\u00e3o enquanto parlamentar, o representado, na verdade, promove a sua pr\u00e9-candidatura, o que se revela n\u00e3o apenas pela excessiva quantidade de revistas distribu\u00eddas, mas, sobretudo, pelo conte\u00fado, que, al\u00e9m de vincular a sua imagem a projetos relacionados \u00e0 sa\u00fade, educa\u00e7\u00e3o, prote\u00e7\u00e3o aos animais, direitos do trabalhador e do consumidor, faz alus\u00e3o a trabalhos futuros, mencionando expressamente que \u2018muito ainda precisa ser feito\u2019 e \u2018acredite: juntos faremos muito mais\u2019, referindo-se, por \u00f3bvio, \u00e0 sua pretensa atua\u00e7\u00e3o como prefeito de S\u00e3o Lu\u00eds\u201d, enfatizou Moema Figueiredo Viana Pereira.<\/p>\n\n\n\n<p>De acordo com a representante do MP, a publica\u00e7\u00e3o ressaltou, tamb\u00e9m, a\u00e7\u00f5es de Duarte Jr. quando era dirigente do Procon, o que revela que a propaganda n\u00e3o se restringe \u00e0 sua atua\u00e7\u00e3o como parlamentar, n\u00e3o tendo o prop\u00f3sito de prestar contas de sua conduta e trabalho na Assembleia Legislativa, mas, sim, de demonstrar a sua performance na vida p\u00fablica.<\/p>\n\n\n\n<p>LEGISLA\u00c7\u00c3O<\/p>\n\n\n\n<p>A manifesta\u00e7\u00e3o do MP est\u00e1 fundamentada pelo artigo 36 da Lei n\u00ba 9.504\/19974, que veda, expressamente, a divulga\u00e7\u00e3o de propaganda eleitoral antes do dia 16 de agosto do ano das elei\u00e7\u00f5es, e pelo artigo 38, que exige que todo material impresso de campanha eleitoral dever\u00e1 conter o n\u00famero de inscri\u00e7\u00e3o no CNPJ ou CPF do respons\u00e1vel pela confec\u00e7\u00e3o, bem como de quem a contratou, e a respectiva tiragem.<\/p>\n\n\n\n<p>\u201cNas revistas recentemente distribu\u00eddas n\u00e3o constam as informa\u00e7\u00f5es exigidas pelo dispositivo legal acima indicado. N\u00e3o h\u00e1 d\u00favidas, portanto, que os impressos contrariam frontalmente a legisla\u00e7\u00e3o eleitoral, restando demonstrada e provada a realiza\u00e7\u00e3o de propaganda extempor\u00e2nea\u201d, declarou, na manifesta\u00e7\u00e3o, Moema Figueiredo.<\/p>\n\n\n\n<figure class=\"wp-block-image size-large\"><img decoding=\"async\" src=\"https:\/\/maiobaotv.com.br\/wp-content\/uploads\/2020\/03\/img_20200331_1606315468781230833034570.jpg\" alt=\"\" class=\"wp-image-10808\"\/><figcaption>Duarte Jr j\u00e1 foi acionado outras vezes por irregularidades nas propagandas<\/figcaption><\/figure>\n\n\n\n<p>Reda\u00e7\u00e3o: CCOM-MPMA<\/p>\n","protected":false},"excerpt":{"rendered":"<p>O Minist\u00e9rio P\u00fablico Eleitoral ajuizou, em 30 de mar\u00e7o, Representa\u00e7\u00e3o por pr\u00e1tica eleitoral irregular contra Hildelis Silva Duarte J\u00fanior, mais<\/p>\n","protected":false},"author":2,"featured_media":10809,"comment_status":"open","ping_status":"open","sticky":false,"template":"","format":"standard","meta":{"colormag_page_container_layout":"default_layout","colormag_page_sidebar_layout":"default_layout","_jetpack_memberships_contains_paid_content":false,"footnotes":""},"categories":[2,6],"tags":[31,156],"class_list":["post-10810","post","type-post","status-publish","format-standard","has-post-thumbnail","hentry","category-noticias","category-politica","tag-duarte-jr","tag-ministerio-publico"],"magazineBlocksPostFeaturedMedia":{"thumbnail":false,"medium":false,"medium_large":false,"large":false,"1536x1536":false,"2048x2048":false,"colormag-highlighted-post":false,"colormag-featured-post-medium":false,"colormag-featured-post-small":false,"colormag-featured-image":false,"colormag-default-news":false,"colormag-featured-image-large":false},"magazineBlocksPostAuthor":{"name":"maranhaotv","avatar":"https:\/\/secure.gravatar.com\/avatar\/8fadbca458d4cb68b1dd399ae9a40618d747bb1af65ac9fad21c89220a143eb4?s=96&d=mm&r=g"},"magazineBlocksPostCommentsNumber":"0","magazineBlocksPostExcerpt":"O Minist\u00e9rio P\u00fablico Eleitoral ajuizou, em 30 de mar\u00e7o, Representa\u00e7\u00e3o por pr\u00e1tica eleitoral irregular contra Hildelis Silva Duarte J\u00fanior, mais","magazineBlocksPostCategories":["not\u00edcias","pol\u00edtica"],"magazineBlocksPostViewCount":178,"magazineBlocksPostReadTime":4,"magazine_blocks_featured_image_url":{"full":false,"medium":false,"thumbnail":false},"magazine_blocks_author":{"display_name":"maranhaotv","author_link":"https:\/\/maranhaotv.com.br\/index.php\/author\/maranhaotv\/"},"magazine_blocks_comment":0,"magazine_blocks_author_image":"https:\/\/secure.gravatar.com\/avatar\/8fadbca458d4cb68b1dd399ae9a40618d747bb1af65ac9fad21c89220a143eb4?s=96&d=mm&r=g","magazine_blocks_category":"<a href=\"#\" class=\"category-link category-link-2\">not\u00edcias<\/a> <a href=\"#\" class=\"category-link category-link-6\">pol\u00edtica<\/a>","yoast_head":"<!-- This site is optimized with the Yoast SEO plugin v27.4 - https:\/\/yoast.com\/product\/yoast-seo-wordpress\/ -->\n<title>Duarte Jr n\u00e3o aprende e sofre nova a\u00e7\u00e3o por propaganda irregular - NOT\u00cdCIAS EM TEMPO REAL<\/title>\n<meta name=\"robots\" content=\"index, follow, max-snippet:-1, max-image-preview:large, max-video-preview:-1\" \/>\n<link rel=\"canonical\" href=\"https:\/\/maranhaotv.com.br\/index.php\/2020\/03\/31\/duarte-jr-nao-aprende-e-sofre-nova-acao-por-propaganda-irregular\/\" \/>\n<meta property=\"og:locale\" content=\"pt_BR\" \/>\n<meta property=\"og:type\" content=\"article\" \/>\n<meta property=\"og:title\" content=\"Duarte Jr n\u00e3o aprende e sofre nova a\u00e7\u00e3o por propaganda irregular - NOT\u00cdCIAS EM TEMPO REAL\" \/>\n<meta property=\"og:description\" content=\"O Minist\u00e9rio P\u00fablico Eleitoral ajuizou, em 30 de mar\u00e7o, Representa\u00e7\u00e3o por pr\u00e1tica eleitoral irregular contra Hildelis Silva Duarte J\u00fanior, mais\" \/>\n<meta property=\"og:url\" content=\"https:\/\/maranhaotv.com.br\/index.php\/2020\/03\/31\/duarte-jr-nao-aprende-e-sofre-nova-acao-por-propaganda-irregular\/\" \/>\n<meta property=\"og:site_name\" content=\"NOT\u00cdCIAS EM TEMPO REAL\" \/>\n<meta property=\"article:publisher\" content=\"https:\/\/www.facebook.com\/maiobaotv\" \/>\n<meta property=\"article:published_time\" content=\"2020-03-31T19:08:39+00:00\" \/>\n<meta name=\"author\" content=\"maranhaotv\" \/>\n<meta name=\"twitter:card\" content=\"summary_large_image\" \/>\n<meta name=\"twitter:creator\" content=\"@sitemaranhaotv\" \/>\n<meta name=\"twitter:site\" content=\"@sitemaranhaotv\" \/>\n<meta name=\"twitter:label1\" content=\"Escrito por\" \/>\n\t<meta name=\"twitter:data1\" content=\"maranhaotv\" \/>\n\t<meta name=\"twitter:label2\" content=\"Est. tempo de leitura\" \/>\n\t<meta name=\"twitter:data2\" content=\"3 minutos\" \/>\n<script type=\"application\/ld+json\" class=\"yoast-schema-graph\">{\"@context\":\"https:\\\/\\\/schema.org\",\"@graph\":[{\"@type\":\"Article\",\"@id\":\"https:\\\/\\\/maranhaotv.com.br\\\/index.php\\\/2020\\\/03\\\/31\\\/duarte-jr-nao-aprende-e-sofre-nova-acao-por-propaganda-irregular\\\/#article\",\"isPartOf\":{\"@id\":\"https:\\\/\\\/maranhaotv.com.br\\\/index.php\\\/2020\\\/03\\\/31\\\/duarte-jr-nao-aprende-e-sofre-nova-acao-por-propaganda-irregular\\\/\"},\"author\":{\"name\":\"maranhaotv\",\"@id\":\"https:\\\/\\\/maranhaotv.com.br\\\/#\\\/schema\\\/person\\\/3d54238e86b20bb5c89ab2fdb8f8829a\"},\"headline\":\"Duarte Jr n\u00e3o aprende e sofre nova a\u00e7\u00e3o por propaganda irregular\",\"datePublished\":\"2020-03-31T19:08:39+00:00\",\"mainEntityOfPage\":{\"@id\":\"https:\\\/\\\/maranhaotv.com.br\\\/index.php\\\/2020\\\/03\\\/31\\\/duarte-jr-nao-aprende-e-sofre-nova-acao-por-propaganda-irregular\\\/\"},\"wordCount\":695,\"commentCount\":0,\"publisher\":{\"@id\":\"https:\\\/\\\/maranhaotv.com.br\\\/#organization\"},\"image\":{\"@id\":\"https:\\\/\\\/maranhaotv.com.br\\\/index.php\\\/2020\\\/03\\\/31\\\/duarte-jr-nao-aprende-e-sofre-nova-acao-por-propaganda-irregular\\\/#primaryimage\"},\"thumbnailUrl\":\"\",\"keywords\":[\"Duarte Jr\",\"Minist\u00e9rio P\u00fablico\"],\"articleSection\":[\"not\u00edcias\",\"pol\u00edtica\"],\"inLanguage\":\"pt-BR\",\"potentialAction\":[{\"@type\":\"CommentAction\",\"name\":\"Comment\",\"target\":[\"https:\\\/\\\/maranhaotv.com.br\\\/index.php\\\/2020\\\/03\\\/31\\\/duarte-jr-nao-aprende-e-sofre-nova-acao-por-propaganda-irregular\\\/#respond\"]}]},{\"@type\":\"WebPage\",\"@id\":\"https:\\\/\\\/maranhaotv.com.br\\\/index.php\\\/2020\\\/03\\\/31\\\/duarte-jr-nao-aprende-e-sofre-nova-acao-por-propaganda-irregular\\\/\",\"url\":\"https:\\\/\\\/maranhaotv.com.br\\\/index.php\\\/2020\\\/03\\\/31\\\/duarte-jr-nao-aprende-e-sofre-nova-acao-por-propaganda-irregular\\\/\",\"name\":\"Duarte Jr n\u00e3o aprende e sofre nova a\u00e7\u00e3o por propaganda irregular - NOT\u00cdCIAS EM TEMPO REAL\",\"isPartOf\":{\"@id\":\"https:\\\/\\\/maranhaotv.com.br\\\/#website\"},\"primaryImageOfPage\":{\"@id\":\"https:\\\/\\\/maranhaotv.com.br\\\/index.php\\\/2020\\\/03\\\/31\\\/duarte-jr-nao-aprende-e-sofre-nova-acao-por-propaganda-irregular\\\/#primaryimage\"},\"image\":{\"@id\":\"https:\\\/\\\/maranhaotv.com.br\\\/index.php\\\/2020\\\/03\\\/31\\\/duarte-jr-nao-aprende-e-sofre-nova-acao-por-propaganda-irregular\\\/#primaryimage\"},\"thumbnailUrl\":\"\",\"datePublished\":\"2020-03-31T19:08:39+00:00\",\"breadcrumb\":{\"@id\":\"https:\\\/\\\/maranhaotv.com.br\\\/index.php\\\/2020\\\/03\\\/31\\\/duarte-jr-nao-aprende-e-sofre-nova-acao-por-propaganda-irregular\\\/#breadcrumb\"},\"inLanguage\":\"pt-BR\",\"potentialAction\":[{\"@type\":\"ReadAction\",\"target\":[\"https:\\\/\\\/maranhaotv.com.br\\\/index.php\\\/2020\\\/03\\\/31\\\/duarte-jr-nao-aprende-e-sofre-nova-acao-por-propaganda-irregular\\\/\"]}]},{\"@type\":\"ImageObject\",\"inLanguage\":\"pt-BR\",\"@id\":\"https:\\\/\\\/maranhaotv.com.br\\\/index.php\\\/2020\\\/03\\\/31\\\/duarte-jr-nao-aprende-e-sofre-nova-acao-por-propaganda-irregular\\\/#primaryimage\",\"url\":\"\",\"contentUrl\":\"\"},{\"@type\":\"BreadcrumbList\",\"@id\":\"https:\\\/\\\/maranhaotv.com.br\\\/index.php\\\/2020\\\/03\\\/31\\\/duarte-jr-nao-aprende-e-sofre-nova-acao-por-propaganda-irregular\\\/#breadcrumb\",\"itemListElement\":[{\"@type\":\"ListItem\",\"position\":1,\"name\":\"In\u00edcio\",\"item\":\"https:\\\/\\\/maranhaotv.com.br\\\/\"},{\"@type\":\"ListItem\",\"position\":2,\"name\":\"Duarte Jr n\u00e3o aprende e sofre nova a\u00e7\u00e3o por propaganda irregular\"}]},{\"@type\":\"WebSite\",\"@id\":\"https:\\\/\\\/maranhaotv.com.br\\\/#website\",\"url\":\"https:\\\/\\\/maranhaotv.com.br\\\/\",\"name\":\"Maranh\u00e3oTV\",\"description\":\"\",\"publisher\":{\"@id\":\"https:\\\/\\\/maranhaotv.com.br\\\/#organization\"},\"potentialAction\":[{\"@type\":\"SearchAction\",\"target\":{\"@type\":\"EntryPoint\",\"urlTemplate\":\"https:\\\/\\\/maranhaotv.com.br\\\/?s={search_term_string}\"},\"query-input\":{\"@type\":\"PropertyValueSpecification\",\"valueRequired\":true,\"valueName\":\"search_term_string\"}}],\"inLanguage\":\"pt-BR\"},{\"@type\":\"Organization\",\"@id\":\"https:\\\/\\\/maranhaotv.com.br\\\/#organization\",\"name\":\"Portal de Not\u00edcias\",\"url\":\"https:\\\/\\\/maranhaotv.com.br\\\/\",\"logo\":{\"@type\":\"ImageObject\",\"inLanguage\":\"pt-BR\",\"@id\":\"https:\\\/\\\/maranhaotv.com.br\\\/#\\\/schema\\\/logo\\\/image\\\/\",\"url\":\"https:\\\/\\\/maranhaotv.com.br\\\/wp-content\\\/uploads\\\/2024\\\/05\\\/cropped-cropped-avatar-1.png\",\"contentUrl\":\"https:\\\/\\\/maranhaotv.com.br\\\/wp-content\\\/uploads\\\/2024\\\/05\\\/cropped-cropped-avatar-1.png\",\"width\":792,\"height\":428,\"caption\":\"Portal de Not\u00edcias\"},\"image\":{\"@id\":\"https:\\\/\\\/maranhaotv.com.br\\\/#\\\/schema\\\/logo\\\/image\\\/\"},\"sameAs\":[\"https:\\\/\\\/www.facebook.com\\\/maiobaotv\",\"https:\\\/\\\/x.com\\\/sitemaranhaotv\",\"https:\\\/\\\/www.instagram.com\\\/maranhao.tv\",\"https:\\\/\\\/www.threads.net\\\/@maranhao.tv\"]},{\"@type\":\"Person\",\"@id\":\"https:\\\/\\\/maranhaotv.com.br\\\/#\\\/schema\\\/person\\\/3d54238e86b20bb5c89ab2fdb8f8829a\",\"name\":\"maranhaotv\",\"image\":{\"@type\":\"ImageObject\",\"inLanguage\":\"pt-BR\",\"@id\":\"https:\\\/\\\/secure.gravatar.com\\\/avatar\\\/8fadbca458d4cb68b1dd399ae9a40618d747bb1af65ac9fad21c89220a143eb4?s=96&d=mm&r=g\",\"url\":\"https:\\\/\\\/secure.gravatar.com\\\/avatar\\\/8fadbca458d4cb68b1dd399ae9a40618d747bb1af65ac9fad21c89220a143eb4?s=96&d=mm&r=g\",\"contentUrl\":\"https:\\\/\\\/secure.gravatar.com\\\/avatar\\\/8fadbca458d4cb68b1dd399ae9a40618d747bb1af65ac9fad21c89220a143eb4?s=96&d=mm&r=g\",\"caption\":\"maranhaotv\"},\"sameAs\":[\"https:\\\/\\\/maranhaotv.com.br\\\/\"],\"url\":\"https:\\\/\\\/maranhaotv.com.br\\\/index.php\\\/author\\\/maranhaotv\\\/\"}]}<\/script>\n<!-- \/ Yoast SEO plugin. -->","yoast_head_json":{"title":"Duarte Jr n\u00e3o aprende e sofre nova a\u00e7\u00e3o por propaganda irregular - NOT\u00cdCIAS EM TEMPO REAL","robots":{"index":"index","follow":"follow","max-snippet":"max-snippet:-1","max-image-preview":"max-image-preview:large","max-video-preview":"max-video-preview:-1"},"canonical":"https:\/\/maranhaotv.com.br\/index.php\/2020\/03\/31\/duarte-jr-nao-aprende-e-sofre-nova-acao-por-propaganda-irregular\/","og_locale":"pt_BR","og_type":"article","og_title":"Duarte Jr n\u00e3o aprende e sofre nova a\u00e7\u00e3o por propaganda irregular - NOT\u00cdCIAS EM TEMPO REAL","og_description":"O Minist\u00e9rio P\u00fablico Eleitoral ajuizou, em 30 de mar\u00e7o, Representa\u00e7\u00e3o por pr\u00e1tica eleitoral irregular contra Hildelis Silva Duarte J\u00fanior, mais","og_url":"https:\/\/maranhaotv.com.br\/index.php\/2020\/03\/31\/duarte-jr-nao-aprende-e-sofre-nova-acao-por-propaganda-irregular\/","og_site_name":"NOT\u00cdCIAS EM TEMPO REAL","article_publisher":"https:\/\/www.facebook.com\/maiobaotv","article_published_time":"2020-03-31T19:08:39+00:00","author":"maranhaotv","twitter_card":"summary_large_image","twitter_creator":"@sitemaranhaotv","twitter_site":"@sitemaranhaotv","twitter_misc":{"Escrito por":"maranhaotv","Est. tempo de leitura":"3 minutos"},"schema":{"@context":"https:\/\/schema.org","@graph":[{"@type":"Article","@id":"https:\/\/maranhaotv.com.br\/index.php\/2020\/03\/31\/duarte-jr-nao-aprende-e-sofre-nova-acao-por-propaganda-irregular\/#article","isPartOf":{"@id":"https:\/\/maranhaotv.com.br\/index.php\/2020\/03\/31\/duarte-jr-nao-aprende-e-sofre-nova-acao-por-propaganda-irregular\/"},"author":{"name":"maranhaotv","@id":"https:\/\/maranhaotv.com.br\/#\/schema\/person\/3d54238e86b20bb5c89ab2fdb8f8829a"},"headline":"Duarte Jr n\u00e3o aprende e sofre nova a\u00e7\u00e3o por propaganda irregular","datePublished":"2020-03-31T19:08:39+00:00","mainEntityOfPage":{"@id":"https:\/\/maranhaotv.com.br\/index.php\/2020\/03\/31\/duarte-jr-nao-aprende-e-sofre-nova-acao-por-propaganda-irregular\/"},"wordCount":695,"commentCount":0,"publisher":{"@id":"https:\/\/maranhaotv.com.br\/#organization"},"image":{"@id":"https:\/\/maranhaotv.com.br\/index.php\/2020\/03\/31\/duarte-jr-nao-aprende-e-sofre-nova-acao-por-propaganda-irregular\/#primaryimage"},"thumbnailUrl":"","keywords":["Duarte Jr","Minist\u00e9rio P\u00fablico"],"articleSection":["not\u00edcias","pol\u00edtica"],"inLanguage":"pt-BR","potentialAction":[{"@type":"CommentAction","name":"Comment","target":["https:\/\/maranhaotv.com.br\/index.php\/2020\/03\/31\/duarte-jr-nao-aprende-e-sofre-nova-acao-por-propaganda-irregular\/#respond"]}]},{"@type":"WebPage","@id":"https:\/\/maranhaotv.com.br\/index.php\/2020\/03\/31\/duarte-jr-nao-aprende-e-sofre-nova-acao-por-propaganda-irregular\/","url":"https:\/\/maranhaotv.com.br\/index.php\/2020\/03\/31\/duarte-jr-nao-aprende-e-sofre-nova-acao-por-propaganda-irregular\/","name":"Duarte Jr n\u00e3o aprende e sofre nova a\u00e7\u00e3o por propaganda irregular - NOT\u00cdCIAS EM TEMPO REAL","isPartOf":{"@id":"https:\/\/maranhaotv.com.br\/#website"},"primaryImageOfPage":{"@id":"https:\/\/maranhaotv.com.br\/index.php\/2020\/03\/31\/duarte-jr-nao-aprende-e-sofre-nova-acao-por-propaganda-irregular\/#primaryimage"},"image":{"@id":"https:\/\/maranhaotv.com.br\/index.php\/2020\/03\/31\/duarte-jr-nao-aprende-e-sofre-nova-acao-por-propaganda-irregular\/#primaryimage"},"thumbnailUrl":"","datePublished":"2020-03-31T19:08:39+00:00","breadcrumb":{"@id":"https:\/\/maranhaotv.com.br\/index.php\/2020\/03\/31\/duarte-jr-nao-aprende-e-sofre-nova-acao-por-propaganda-irregular\/#breadcrumb"},"inLanguage":"pt-BR","potentialAction":[{"@type":"ReadAction","target":["https:\/\/maranhaotv.com.br\/index.php\/2020\/03\/31\/duarte-jr-nao-aprende-e-sofre-nova-acao-por-propaganda-irregular\/"]}]},{"@type":"ImageObject","inLanguage":"pt-BR","@id":"https:\/\/maranhaotv.com.br\/index.php\/2020\/03\/31\/duarte-jr-nao-aprende-e-sofre-nova-acao-por-propaganda-irregular\/#primaryimage","url":"","contentUrl":""},{"@type":"BreadcrumbList","@id":"https:\/\/maranhaotv.com.br\/index.php\/2020\/03\/31\/duarte-jr-nao-aprende-e-sofre-nova-acao-por-propaganda-irregular\/#breadcrumb","itemListElement":[{"@type":"ListItem","position":1,"name":"In\u00edcio","item":"https:\/\/maranhaotv.com.br\/"},{"@type":"ListItem","position":2,"name":"Duarte Jr n\u00e3o aprende e sofre nova a\u00e7\u00e3o por propaganda irregular"}]},{"@type":"WebSite","@id":"https:\/\/maranhaotv.com.br\/#website","url":"https:\/\/maranhaotv.com.br\/","name":"Maranh\u00e3oTV","description":"","publisher":{"@id":"https:\/\/maranhaotv.com.br\/#organization"},"potentialAction":[{"@type":"SearchAction","target":{"@type":"EntryPoint","urlTemplate":"https:\/\/maranhaotv.com.br\/?s={search_term_string}"},"query-input":{"@type":"PropertyValueSpecification","valueRequired":true,"valueName":"search_term_string"}}],"inLanguage":"pt-BR"},{"@type":"Organization","@id":"https:\/\/maranhaotv.com.br\/#organization","name":"Portal de Not\u00edcias","url":"https:\/\/maranhaotv.com.br\/","logo":{"@type":"ImageObject","inLanguage":"pt-BR","@id":"https:\/\/maranhaotv.com.br\/#\/schema\/logo\/image\/","url":"https:\/\/maranhaotv.com.br\/wp-content\/uploads\/2024\/05\/cropped-cropped-avatar-1.png","contentUrl":"https:\/\/maranhaotv.com.br\/wp-content\/uploads\/2024\/05\/cropped-cropped-avatar-1.png","width":792,"height":428,"caption":"Portal de Not\u00edcias"},"image":{"@id":"https:\/\/maranhaotv.com.br\/#\/schema\/logo\/image\/"},"sameAs":["https:\/\/www.facebook.com\/maiobaotv","https:\/\/x.com\/sitemaranhaotv","https:\/\/www.instagram.com\/maranhao.tv","https:\/\/www.threads.net\/@maranhao.tv"]},{"@type":"Person","@id":"https:\/\/maranhaotv.com.br\/#\/schema\/person\/3d54238e86b20bb5c89ab2fdb8f8829a","name":"maranhaotv","image":{"@type":"ImageObject","inLanguage":"pt-BR","@id":"https:\/\/secure.gravatar.com\/avatar\/8fadbca458d4cb68b1dd399ae9a40618d747bb1af65ac9fad21c89220a143eb4?s=96&d=mm&r=g","url":"https:\/\/secure.gravatar.com\/avatar\/8fadbca458d4cb68b1dd399ae9a40618d747bb1af65ac9fad21c89220a143eb4?s=96&d=mm&r=g","contentUrl":"https:\/\/secure.gravatar.com\/avatar\/8fadbca458d4cb68b1dd399ae9a40618d747bb1af65ac9fad21c89220a143eb4?s=96&d=mm&r=g","caption":"maranhaotv"},"sameAs":["https:\/\/maranhaotv.com.br\/"],"url":"https:\/\/maranhaotv.com.br\/index.php\/author\/maranhaotv\/"}]}},"jetpack_featured_media_url":"","jetpack_sharing_enabled":true,"_links":{"self":[{"href":"https:\/\/maranhaotv.com.br\/index.php\/wp-json\/wp\/v2\/posts\/10810","targetHints":{"allow":["GET"]}}],"collection":[{"href":"https:\/\/maranhaotv.com.br\/index.php\/wp-json\/wp\/v2\/posts"}],"about":[{"href":"https:\/\/maranhaotv.com.br\/index.php\/wp-json\/wp\/v2\/types\/post"}],"author":[{"embeddable":true,"href":"https:\/\/maranhaotv.com.br\/index.php\/wp-json\/wp\/v2\/users\/2"}],"replies":[{"embeddable":true,"href":"https:\/\/maranhaotv.com.br\/index.php\/wp-json\/wp\/v2\/comments?post=10810"}],"version-history":[{"count":0,"href":"https:\/\/maranhaotv.com.br\/index.php\/wp-json\/wp\/v2\/posts\/10810\/revisions"}],"wp:featuredmedia":[{"embeddable":true,"href":"https:\/\/maranhaotv.com.br\/index.php\/wp-json\/"}],"wp:attachment":[{"href":"https:\/\/maranhaotv.com.br\/index.php\/wp-json\/wp\/v2\/media?parent=10810"}],"wp:term":[{"taxonomy":"category","embeddable":true,"href":"https:\/\/maranhaotv.com.br\/index.php\/wp-json\/wp\/v2\/categories?post=10810"},{"taxonomy":"post_tag","embeddable":true,"href":"https:\/\/maranhaotv.com.br\/index.php\/wp-json\/wp\/v2\/tags?post=10810"}],"curies":[{"name":"wp","href":"https:\/\/api.w.org\/{rel}","templated":true}]}}