{"id":10841,"date":"2020-04-02T09:28:56","date_gmt":"2020-04-02T12:28:56","guid":{"rendered":"https:\/\/maiobaotv.com.br\/?p=10841"},"modified":"2020-04-02T09:28:56","modified_gmt":"2020-04-02T12:28:56","slug":"eua-podem-cancelar-voos-para-cidades-mais-afetadas-por-covid-19","status":"publish","type":"post","link":"https:\/\/maranhaotv.com.br\/index.php\/2020\/04\/02\/eua-podem-cancelar-voos-para-cidades-mais-afetadas-por-covid-19\/","title":{"rendered":"EUA podem cancelar voos para cidades mais afetadas por covid-19"},"content":{"rendered":"<div class=\"col-lg-12 mb-3\" style=\"box-sizing:border-box; position:relative; width:393.091px; padding-right:15px; padding-left:15px; margin-bottom:1rem!important; color:rgb(73,80,87); font-family:\" sourcesanspro\",sans-serif; font-size:16px; font-style:normal; font-variant-ligatures:normal; font-variant-caps:normal; font-weight:400; letter-spacing:normal; orphans:2text-indent:0px; text-transform:none; white-space:normal; widows:2; word-spacing:0px; -webkit-text-stroke-width:0px; background-color:rgb(247,248,249); text-decoration-style:initial; text-decoration-color:initial; text-align:left;\">\n<div class=\"row\" style=\"box-sizing:border-box; display:flex; flex-wrap:wrap; margin-right:-15px; margin-left:-15px;\">\n<h5 class=\"col-10 offset-1 animated fadeInDown dealy-750 display-6 display-md-4 display-lg-5 font-weight-bold alt-font text-center my-1\" style=\"box-sizing:border-box; margin-top:0.25rem!important; margin-bottom:0.25rem!important; font-family:\" sourceserifpro\",serif!important; font-weight:600!important; line-height:1.2; color:rgb(52,58,64); font-size:44px; animation-name:fadeindown; animation-duration:1s; animation-fill-mode:both; position:relative; width:327.574px; padding-right:15px; padding-left:15px; flex:0083.3333%; max-width:83.3333%; margin-left:32.7557px; text-align:left;\">Medida visa conter pandemia que pode matar 100 mil nos Estados Unidos<\/h5>\n<\/div>\n<ul class=\"divider social-icons si-border round si-colored-bg-on-hover my-3\" style=\"box-sizing:border-box; margin:0pxauto; list-style-position:inside; padding:0px; color:rgb(143,147,151); width:363.091px; overflow:hiddenline-height:0;\"><\/ul>\n<div class=\"row\" style=\"box-sizing:border-box; display:flex; flex-wrap:wrap; margin-right:-15px; margin-left:-15px;\">\n<div class=\"col-4 offset-1 mx-auto logo-emissora-parceira animated\" style=\"box-sizing:border-box; animation-duration:1s; animation-fill-mode:both; position:relative; width:100px; padding-right:15px; padding-left:15px; flex:0033.3333%; max-width:100px; margin-left:auto!important; margin-right:auto!important;\"><\/div>\n<\/div>\n<\/div>\n<div class=\"col-xl-7 offset-xl-1 col-lg-8 offset-lg-0 col-md-10 offset-md-1 mb-3\" style=\"box-sizing:border-box; position:relative; width:393.091px; padding-right:15px; padding-left:15px; margin-bottom:1rem!important; color:rgb(73,80,87); font-family:\" sourcesanspro\",sans-serif; font-size:16px; font-style:normal; font-variant-ligatures:normal; font-variant-caps:normal; font-weight:400; letter-spacing:normal; orphans:2text-indent:0px; text-transform:none; white-space:normal; widows:2; word-spacing:0px; -webkit-text-stroke-width:0px; background-color:rgb(247,248,249); text-decoration-style:initial; text-decoration-color:initial; text-align:left;\">\n<div class=\"post-item alt-font\" style=\"box-sizing:border-box; font-family:\" sourceserifpro\",serif!important; position:relative;\">\n<div class=\"post-item-wrap\" style=\"box-sizing:border-box;\">\n<p style=\"box-sizing: border-box; margin: 0px 0px 1.3rem; font-size: 16px;\">O presidente Donald Trump disse que est\u00e1 considerando um plano para interromper voos para locais nos Estados Unidos mais afetados pelo coronav\u00edrus, em uma batalha para conter uma pandemia prevista para matar pelo menos 100 mil pessoas no pa\u00eds.<\/p>\n<p style=\"box-sizing: border-box; margin: 0px 0px 1.3rem; font-size: 16px;\">&#8220;Certamente estamos analisando, mas uma vez que voc\u00ea faz isso, est\u00e1 realmente reprimindo uma ind\u00fastria que \u00e9 desesperadamente necess\u00e1ria&#8221;, afirmou. \u00c9 poss\u00edvel que esse plano interrompa o tr\u00e1fego nos aeroportos de Nova York, Nova Orleans e Detroit.<\/p>\n<p style=\"box-sizing: border-box; margin: 0px 0px 1.3rem; font-size: 16px;\">&#8220;Estamos olhando para a coisa toda&#8221;, disse ele sobre a restri\u00e7\u00e3o de voos dom\u00e9sticos j\u00e1 bastante reduzidos \u00e0 medida que a demanda diminui.<\/p>\n<p style=\"box-sizing: border-box; margin: 0px 0px 1.3rem; font-size: 16px;\">Esta semana, Trump e os m\u00e9dicos que o aconselham disseram que entre 100 mil e 240 mil pessoas provavelmente morrer\u00e3o de Covid-19 nos EUA nas pr\u00f3ximas semanas, mesmo que os norte-americanos sigam rigorosamente as diretrizes para ficar em casa em abril.<\/p>\n<p style=\"box-sizing: border-box; margin: 0px 0px 1.3rem; font-size: 16px;\">O presidente disse que se reunir\u00e1 com importantes executivos de empresas de petr\u00f3leo dos EUA na sexta-feira (3) . Uma queda nos pre\u00e7os da gasolina, motivada pelo excesso global, tem pressionado as companhias petrol\u00edferas.<\/p>\n<p><img loading=\"lazy\" decoding=\"async\" src=\"https:\/\/maiobaotv.com.br\/wp-content\/uploads\/2020\/04\/2019-10-27t141252z_819619264_rc188b44f560_rtrmadp_3_mideast-crisis-baghdadi-trump7752249893867617734.jpg\" class=\"wp-image-10840 alignnone size-full\" width=\"390\" height=\"240\"><\/p>\n<p>Ag\u00eancia Brasil<\/p><\/div>\n<\/div>\n<\/div>\n","protected":false},"excerpt":{"rendered":"<p>Medida visa conter pandemia que pode matar 100 mil nos Estados Unidos O presidente Donald Trump disse que est\u00e1 considerando<\/p>\n","protected":false},"author":2,"featured_media":10842,"comment_status":"open","ping_status":"open","sticky":false,"template":"","format":"standard","meta":{"colormag_page_container_layout":"default_layout","colormag_page_sidebar_layout":"default_layout","_jetpack_memberships_contains_paid_content":false,"footnotes":""},"categories":[2],"tags":[],"class_list":["post-10841","post","type-post","status-publish","format-standard","has-post-thumbnail","hentry","category-noticias"],"magazineBlocksPostFeaturedMedia":{"thumbnail":false,"medium":false,"medium_large":false,"large":false,"1536x1536":false,"2048x2048":false,"colormag-highlighted-post":false,"colormag-featured-post-medium":false,"colormag-featured-post-small":false,"colormag-featured-image":false,"colormag-default-news":false,"colormag-featured-image-large":false},"magazineBlocksPostAuthor":{"name":"maranhaotv","avatar":"https:\/\/secure.gravatar.com\/avatar\/8fadbca458d4cb68b1dd399ae9a40618d747bb1af65ac9fad21c89220a143eb4?s=96&d=mm&r=g"},"magazineBlocksPostCommentsNumber":"0","magazineBlocksPostExcerpt":"Medida visa conter pandemia que pode matar 100 mil nos Estados Unidos O presidente Donald Trump disse que est\u00e1 considerando","magazineBlocksPostCategories":["not\u00edcias"],"magazineBlocksPostViewCount":120,"magazineBlocksPostReadTime":1,"magazine_blocks_featured_image_url":{"full":false,"medium":false,"thumbnail":false},"magazine_blocks_author":{"display_name":"maranhaotv","author_link":"https:\/\/maranhaotv.com.br\/index.php\/author\/maranhaotv\/"},"magazine_blocks_comment":0,"magazine_blocks_author_image":"https:\/\/secure.gravatar.com\/avatar\/8fadbca458d4cb68b1dd399ae9a40618d747bb1af65ac9fad21c89220a143eb4?s=96&d=mm&r=g","magazine_blocks_category":"<a href=\"#\" class=\"category-link category-link-2\">not\u00edcias<\/a>","yoast_head":"<!-- This site is optimized with the Yoast SEO plugin v27.4 - https:\/\/yoast.com\/product\/yoast-seo-wordpress\/ -->\n<title>EUA podem cancelar voos para cidades mais afetadas por covid-19 - NOT\u00cdCIAS EM TEMPO REAL<\/title>\n<meta name=\"robots\" content=\"index, follow, max-snippet:-1, max-image-preview:large, max-video-preview:-1\" \/>\n<link rel=\"canonical\" href=\"https:\/\/maranhaotv.com.br\/index.php\/2020\/04\/02\/eua-podem-cancelar-voos-para-cidades-mais-afetadas-por-covid-19\/\" \/>\n<meta property=\"og:locale\" content=\"pt_BR\" \/>\n<meta property=\"og:type\" content=\"article\" \/>\n<meta property=\"og:title\" content=\"EUA podem cancelar voos para cidades mais afetadas por covid-19 - NOT\u00cdCIAS EM TEMPO REAL\" \/>\n<meta property=\"og:description\" content=\"Medida visa conter pandemia que pode matar 100 mil nos Estados Unidos O presidente Donald Trump disse que est\u00e1 considerando\" \/>\n<meta property=\"og:url\" content=\"https:\/\/maranhaotv.com.br\/index.php\/2020\/04\/02\/eua-podem-cancelar-voos-para-cidades-mais-afetadas-por-covid-19\/\" \/>\n<meta property=\"og:site_name\" content=\"NOT\u00cdCIAS EM TEMPO REAL\" \/>\n<meta property=\"article:publisher\" content=\"https:\/\/www.facebook.com\/maiobaotv\" \/>\n<meta property=\"article:published_time\" content=\"2020-04-02T12:28:56+00:00\" \/>\n<meta name=\"author\" content=\"maranhaotv\" \/>\n<meta name=\"twitter:card\" content=\"summary_large_image\" \/>\n<meta name=\"twitter:creator\" content=\"@sitemaranhaotv\" \/>\n<meta name=\"twitter:site\" content=\"@sitemaranhaotv\" \/>\n<meta name=\"twitter:label1\" content=\"Escrito por\" \/>\n\t<meta name=\"twitter:data1\" content=\"maranhaotv\" \/>\n\t<meta name=\"twitter:label2\" content=\"Est. tempo de leitura\" \/>\n\t<meta name=\"twitter:data2\" content=\"1 minuto\" \/>\n<script type=\"application\/ld+json\" class=\"yoast-schema-graph\">{\"@context\":\"https:\\\/\\\/schema.org\",\"@graph\":[{\"@type\":\"Article\",\"@id\":\"https:\\\/\\\/maranhaotv.com.br\\\/index.php\\\/2020\\\/04\\\/02\\\/eua-podem-cancelar-voos-para-cidades-mais-afetadas-por-covid-19\\\/#article\",\"isPartOf\":{\"@id\":\"https:\\\/\\\/maranhaotv.com.br\\\/index.php\\\/2020\\\/04\\\/02\\\/eua-podem-cancelar-voos-para-cidades-mais-afetadas-por-covid-19\\\/\"},\"author\":{\"name\":\"maranhaotv\",\"@id\":\"https:\\\/\\\/maranhaotv.com.br\\\/#\\\/schema\\\/person\\\/3d54238e86b20bb5c89ab2fdb8f8829a\"},\"headline\":\"EUA podem cancelar voos para cidades mais afetadas por covid-19\",\"datePublished\":\"2020-04-02T12:28:56+00:00\",\"mainEntityOfPage\":{\"@id\":\"https:\\\/\\\/maranhaotv.com.br\\\/index.php\\\/2020\\\/04\\\/02\\\/eua-podem-cancelar-voos-para-cidades-mais-afetadas-por-covid-19\\\/\"},\"wordCount\":204,\"commentCount\":0,\"publisher\":{\"@id\":\"https:\\\/\\\/maranhaotv.com.br\\\/#organization\"},\"image\":{\"@id\":\"https:\\\/\\\/maranhaotv.com.br\\\/index.php\\\/2020\\\/04\\\/02\\\/eua-podem-cancelar-voos-para-cidades-mais-afetadas-por-covid-19\\\/#primaryimage\"},\"thumbnailUrl\":\"\",\"articleSection\":[\"not\u00edcias\"],\"inLanguage\":\"pt-BR\",\"potentialAction\":[{\"@type\":\"CommentAction\",\"name\":\"Comment\",\"target\":[\"https:\\\/\\\/maranhaotv.com.br\\\/index.php\\\/2020\\\/04\\\/02\\\/eua-podem-cancelar-voos-para-cidades-mais-afetadas-por-covid-19\\\/#respond\"]}]},{\"@type\":\"WebPage\",\"@id\":\"https:\\\/\\\/maranhaotv.com.br\\\/index.php\\\/2020\\\/04\\\/02\\\/eua-podem-cancelar-voos-para-cidades-mais-afetadas-por-covid-19\\\/\",\"url\":\"https:\\\/\\\/maranhaotv.com.br\\\/index.php\\\/2020\\\/04\\\/02\\\/eua-podem-cancelar-voos-para-cidades-mais-afetadas-por-covid-19\\\/\",\"name\":\"EUA podem cancelar voos para cidades mais afetadas por covid-19 - NOT\u00cdCIAS EM TEMPO REAL\",\"isPartOf\":{\"@id\":\"https:\\\/\\\/maranhaotv.com.br\\\/#website\"},\"primaryImageOfPage\":{\"@id\":\"https:\\\/\\\/maranhaotv.com.br\\\/index.php\\\/2020\\\/04\\\/02\\\/eua-podem-cancelar-voos-para-cidades-mais-afetadas-por-covid-19\\\/#primaryimage\"},\"image\":{\"@id\":\"https:\\\/\\\/maranhaotv.com.br\\\/index.php\\\/2020\\\/04\\\/02\\\/eua-podem-cancelar-voos-para-cidades-mais-afetadas-por-covid-19\\\/#primaryimage\"},\"thumbnailUrl\":\"\",\"datePublished\":\"2020-04-02T12:28:56+00:00\",\"breadcrumb\":{\"@id\":\"https:\\\/\\\/maranhaotv.com.br\\\/index.php\\\/2020\\\/04\\\/02\\\/eua-podem-cancelar-voos-para-cidades-mais-afetadas-por-covid-19\\\/#breadcrumb\"},\"inLanguage\":\"pt-BR\",\"potentialAction\":[{\"@type\":\"ReadAction\",\"target\":[\"https:\\\/\\\/maranhaotv.com.br\\\/index.php\\\/2020\\\/04\\\/02\\\/eua-podem-cancelar-voos-para-cidades-mais-afetadas-por-covid-19\\\/\"]}]},{\"@type\":\"ImageObject\",\"inLanguage\":\"pt-BR\",\"@id\":\"https:\\\/\\\/maranhaotv.com.br\\\/index.php\\\/2020\\\/04\\\/02\\\/eua-podem-cancelar-voos-para-cidades-mais-afetadas-por-covid-19\\\/#primaryimage\",\"url\":\"\",\"contentUrl\":\"\"},{\"@type\":\"BreadcrumbList\",\"@id\":\"https:\\\/\\\/maranhaotv.com.br\\\/index.php\\\/2020\\\/04\\\/02\\\/eua-podem-cancelar-voos-para-cidades-mais-afetadas-por-covid-19\\\/#breadcrumb\",\"itemListElement\":[{\"@type\":\"ListItem\",\"position\":1,\"name\":\"In\u00edcio\",\"item\":\"https:\\\/\\\/maranhaotv.com.br\\\/\"},{\"@type\":\"ListItem\",\"position\":2,\"name\":\"EUA podem cancelar voos para cidades mais afetadas por covid-19\"}]},{\"@type\":\"WebSite\",\"@id\":\"https:\\\/\\\/maranhaotv.com.br\\\/#website\",\"url\":\"https:\\\/\\\/maranhaotv.com.br\\\/\",\"name\":\"Maranh\u00e3oTV\",\"description\":\"\",\"publisher\":{\"@id\":\"https:\\\/\\\/maranhaotv.com.br\\\/#organization\"},\"potentialAction\":[{\"@type\":\"SearchAction\",\"target\":{\"@type\":\"EntryPoint\",\"urlTemplate\":\"https:\\\/\\\/maranhaotv.com.br\\\/?s={search_term_string}\"},\"query-input\":{\"@type\":\"PropertyValueSpecification\",\"valueRequired\":true,\"valueName\":\"search_term_string\"}}],\"inLanguage\":\"pt-BR\"},{\"@type\":\"Organization\",\"@id\":\"https:\\\/\\\/maranhaotv.com.br\\\/#organization\",\"name\":\"Portal de Not\u00edcias\",\"url\":\"https:\\\/\\\/maranhaotv.com.br\\\/\",\"logo\":{\"@type\":\"ImageObject\",\"inLanguage\":\"pt-BR\",\"@id\":\"https:\\\/\\\/maranhaotv.com.br\\\/#\\\/schema\\\/logo\\\/image\\\/\",\"url\":\"https:\\\/\\\/maranhaotv.com.br\\\/wp-content\\\/uploads\\\/2024\\\/05\\\/cropped-cropped-avatar-1.png\",\"contentUrl\":\"https:\\\/\\\/maranhaotv.com.br\\\/wp-content\\\/uploads\\\/2024\\\/05\\\/cropped-cropped-avatar-1.png\",\"width\":792,\"height\":428,\"caption\":\"Portal de Not\u00edcias\"},\"image\":{\"@id\":\"https:\\\/\\\/maranhaotv.com.br\\\/#\\\/schema\\\/logo\\\/image\\\/\"},\"sameAs\":[\"https:\\\/\\\/www.facebook.com\\\/maiobaotv\",\"https:\\\/\\\/x.com\\\/sitemaranhaotv\",\"https:\\\/\\\/www.instagram.com\\\/maranhao.tv\",\"https:\\\/\\\/www.threads.net\\\/@maranhao.tv\"]},{\"@type\":\"Person\",\"@id\":\"https:\\\/\\\/maranhaotv.com.br\\\/#\\\/schema\\\/person\\\/3d54238e86b20bb5c89ab2fdb8f8829a\",\"name\":\"maranhaotv\",\"image\":{\"@type\":\"ImageObject\",\"inLanguage\":\"pt-BR\",\"@id\":\"https:\\\/\\\/secure.gravatar.com\\\/avatar\\\/8fadbca458d4cb68b1dd399ae9a40618d747bb1af65ac9fad21c89220a143eb4?s=96&d=mm&r=g\",\"url\":\"https:\\\/\\\/secure.gravatar.com\\\/avatar\\\/8fadbca458d4cb68b1dd399ae9a40618d747bb1af65ac9fad21c89220a143eb4?s=96&d=mm&r=g\",\"contentUrl\":\"https:\\\/\\\/secure.gravatar.com\\\/avatar\\\/8fadbca458d4cb68b1dd399ae9a40618d747bb1af65ac9fad21c89220a143eb4?s=96&d=mm&r=g\",\"caption\":\"maranhaotv\"},\"sameAs\":[\"https:\\\/\\\/maranhaotv.com.br\\\/\"],\"url\":\"https:\\\/\\\/maranhaotv.com.br\\\/index.php\\\/author\\\/maranhaotv\\\/\"}]}<\/script>\n<!-- \/ Yoast SEO plugin. -->","yoast_head_json":{"title":"EUA podem cancelar voos para cidades mais afetadas por covid-19 - NOT\u00cdCIAS EM TEMPO REAL","robots":{"index":"index","follow":"follow","max-snippet":"max-snippet:-1","max-image-preview":"max-image-preview:large","max-video-preview":"max-video-preview:-1"},"canonical":"https:\/\/maranhaotv.com.br\/index.php\/2020\/04\/02\/eua-podem-cancelar-voos-para-cidades-mais-afetadas-por-covid-19\/","og_locale":"pt_BR","og_type":"article","og_title":"EUA podem cancelar voos para cidades mais afetadas por covid-19 - NOT\u00cdCIAS EM TEMPO REAL","og_description":"Medida visa conter pandemia que pode matar 100 mil nos Estados Unidos O presidente Donald Trump disse que est\u00e1 considerando","og_url":"https:\/\/maranhaotv.com.br\/index.php\/2020\/04\/02\/eua-podem-cancelar-voos-para-cidades-mais-afetadas-por-covid-19\/","og_site_name":"NOT\u00cdCIAS EM TEMPO REAL","article_publisher":"https:\/\/www.facebook.com\/maiobaotv","article_published_time":"2020-04-02T12:28:56+00:00","author":"maranhaotv","twitter_card":"summary_large_image","twitter_creator":"@sitemaranhaotv","twitter_site":"@sitemaranhaotv","twitter_misc":{"Escrito por":"maranhaotv","Est. tempo de leitura":"1 minuto"},"schema":{"@context":"https:\/\/schema.org","@graph":[{"@type":"Article","@id":"https:\/\/maranhaotv.com.br\/index.php\/2020\/04\/02\/eua-podem-cancelar-voos-para-cidades-mais-afetadas-por-covid-19\/#article","isPartOf":{"@id":"https:\/\/maranhaotv.com.br\/index.php\/2020\/04\/02\/eua-podem-cancelar-voos-para-cidades-mais-afetadas-por-covid-19\/"},"author":{"name":"maranhaotv","@id":"https:\/\/maranhaotv.com.br\/#\/schema\/person\/3d54238e86b20bb5c89ab2fdb8f8829a"},"headline":"EUA podem cancelar voos para cidades mais afetadas por covid-19","datePublished":"2020-04-02T12:28:56+00:00","mainEntityOfPage":{"@id":"https:\/\/maranhaotv.com.br\/index.php\/2020\/04\/02\/eua-podem-cancelar-voos-para-cidades-mais-afetadas-por-covid-19\/"},"wordCount":204,"commentCount":0,"publisher":{"@id":"https:\/\/maranhaotv.com.br\/#organization"},"image":{"@id":"https:\/\/maranhaotv.com.br\/index.php\/2020\/04\/02\/eua-podem-cancelar-voos-para-cidades-mais-afetadas-por-covid-19\/#primaryimage"},"thumbnailUrl":"","articleSection":["not\u00edcias"],"inLanguage":"pt-BR","potentialAction":[{"@type":"CommentAction","name":"Comment","target":["https:\/\/maranhaotv.com.br\/index.php\/2020\/04\/02\/eua-podem-cancelar-voos-para-cidades-mais-afetadas-por-covid-19\/#respond"]}]},{"@type":"WebPage","@id":"https:\/\/maranhaotv.com.br\/index.php\/2020\/04\/02\/eua-podem-cancelar-voos-para-cidades-mais-afetadas-por-covid-19\/","url":"https:\/\/maranhaotv.com.br\/index.php\/2020\/04\/02\/eua-podem-cancelar-voos-para-cidades-mais-afetadas-por-covid-19\/","name":"EUA podem cancelar voos para cidades mais afetadas por covid-19 - NOT\u00cdCIAS EM TEMPO REAL","isPartOf":{"@id":"https:\/\/maranhaotv.com.br\/#website"},"primaryImageOfPage":{"@id":"https:\/\/maranhaotv.com.br\/index.php\/2020\/04\/02\/eua-podem-cancelar-voos-para-cidades-mais-afetadas-por-covid-19\/#primaryimage"},"image":{"@id":"https:\/\/maranhaotv.com.br\/index.php\/2020\/04\/02\/eua-podem-cancelar-voos-para-cidades-mais-afetadas-por-covid-19\/#primaryimage"},"thumbnailUrl":"","datePublished":"2020-04-02T12:28:56+00:00","breadcrumb":{"@id":"https:\/\/maranhaotv.com.br\/index.php\/2020\/04\/02\/eua-podem-cancelar-voos-para-cidades-mais-afetadas-por-covid-19\/#breadcrumb"},"inLanguage":"pt-BR","potentialAction":[{"@type":"ReadAction","target":["https:\/\/maranhaotv.com.br\/index.php\/2020\/04\/02\/eua-podem-cancelar-voos-para-cidades-mais-afetadas-por-covid-19\/"]}]},{"@type":"ImageObject","inLanguage":"pt-BR","@id":"https:\/\/maranhaotv.com.br\/index.php\/2020\/04\/02\/eua-podem-cancelar-voos-para-cidades-mais-afetadas-por-covid-19\/#primaryimage","url":"","contentUrl":""},{"@type":"BreadcrumbList","@id":"https:\/\/maranhaotv.com.br\/index.php\/2020\/04\/02\/eua-podem-cancelar-voos-para-cidades-mais-afetadas-por-covid-19\/#breadcrumb","itemListElement":[{"@type":"ListItem","position":1,"name":"In\u00edcio","item":"https:\/\/maranhaotv.com.br\/"},{"@type":"ListItem","position":2,"name":"EUA podem cancelar voos para cidades mais afetadas por covid-19"}]},{"@type":"WebSite","@id":"https:\/\/maranhaotv.com.br\/#website","url":"https:\/\/maranhaotv.com.br\/","name":"Maranh\u00e3oTV","description":"","publisher":{"@id":"https:\/\/maranhaotv.com.br\/#organization"},"potentialAction":[{"@type":"SearchAction","target":{"@type":"EntryPoint","urlTemplate":"https:\/\/maranhaotv.com.br\/?s={search_term_string}"},"query-input":{"@type":"PropertyValueSpecification","valueRequired":true,"valueName":"search_term_string"}}],"inLanguage":"pt-BR"},{"@type":"Organization","@id":"https:\/\/maranhaotv.com.br\/#organization","name":"Portal de Not\u00edcias","url":"https:\/\/maranhaotv.com.br\/","logo":{"@type":"ImageObject","inLanguage":"pt-BR","@id":"https:\/\/maranhaotv.com.br\/#\/schema\/logo\/image\/","url":"https:\/\/maranhaotv.com.br\/wp-content\/uploads\/2024\/05\/cropped-cropped-avatar-1.png","contentUrl":"https:\/\/maranhaotv.com.br\/wp-content\/uploads\/2024\/05\/cropped-cropped-avatar-1.png","width":792,"height":428,"caption":"Portal de Not\u00edcias"},"image":{"@id":"https:\/\/maranhaotv.com.br\/#\/schema\/logo\/image\/"},"sameAs":["https:\/\/www.facebook.com\/maiobaotv","https:\/\/x.com\/sitemaranhaotv","https:\/\/www.instagram.com\/maranhao.tv","https:\/\/www.threads.net\/@maranhao.tv"]},{"@type":"Person","@id":"https:\/\/maranhaotv.com.br\/#\/schema\/person\/3d54238e86b20bb5c89ab2fdb8f8829a","name":"maranhaotv","image":{"@type":"ImageObject","inLanguage":"pt-BR","@id":"https:\/\/secure.gravatar.com\/avatar\/8fadbca458d4cb68b1dd399ae9a40618d747bb1af65ac9fad21c89220a143eb4?s=96&d=mm&r=g","url":"https:\/\/secure.gravatar.com\/avatar\/8fadbca458d4cb68b1dd399ae9a40618d747bb1af65ac9fad21c89220a143eb4?s=96&d=mm&r=g","contentUrl":"https:\/\/secure.gravatar.com\/avatar\/8fadbca458d4cb68b1dd399ae9a40618d747bb1af65ac9fad21c89220a143eb4?s=96&d=mm&r=g","caption":"maranhaotv"},"sameAs":["https:\/\/maranhaotv.com.br\/"],"url":"https:\/\/maranhaotv.com.br\/index.php\/author\/maranhaotv\/"}]}},"jetpack_featured_media_url":"","jetpack_sharing_enabled":true,"_links":{"self":[{"href":"https:\/\/maranhaotv.com.br\/index.php\/wp-json\/wp\/v2\/posts\/10841","targetHints":{"allow":["GET"]}}],"collection":[{"href":"https:\/\/maranhaotv.com.br\/index.php\/wp-json\/wp\/v2\/posts"}],"about":[{"href":"https:\/\/maranhaotv.com.br\/index.php\/wp-json\/wp\/v2\/types\/post"}],"author":[{"embeddable":true,"href":"https:\/\/maranhaotv.com.br\/index.php\/wp-json\/wp\/v2\/users\/2"}],"replies":[{"embeddable":true,"href":"https:\/\/maranhaotv.com.br\/index.php\/wp-json\/wp\/v2\/comments?post=10841"}],"version-history":[{"count":0,"href":"https:\/\/maranhaotv.com.br\/index.php\/wp-json\/wp\/v2\/posts\/10841\/revisions"}],"wp:featuredmedia":[{"embeddable":true,"href":"https:\/\/maranhaotv.com.br\/index.php\/wp-json\/"}],"wp:attachment":[{"href":"https:\/\/maranhaotv.com.br\/index.php\/wp-json\/wp\/v2\/media?parent=10841"}],"wp:term":[{"taxonomy":"category","embeddable":true,"href":"https:\/\/maranhaotv.com.br\/index.php\/wp-json\/wp\/v2\/categories?post=10841"},{"taxonomy":"post_tag","embeddable":true,"href":"https:\/\/maranhaotv.com.br\/index.php\/wp-json\/wp\/v2\/tags?post=10841"}],"curies":[{"name":"wp","href":"https:\/\/api.w.org\/{rel}","templated":true}]}}