{"id":10848,"date":"2020-04-02T21:34:59","date_gmt":"2020-04-03T00:34:59","guid":{"rendered":"https:\/\/maiobaotv.com.br\/?p=10848"},"modified":"2020-04-02T21:34:59","modified_gmt":"2020-04-03T00:34:59","slug":"bom-jardim-promotoria-de-justica-aciona-prefeito-francisco-alves-por-fraude-em-licitacao","status":"publish","type":"post","link":"https:\/\/maranhaotv.com.br\/index.php\/2020\/04\/02\/bom-jardim-promotoria-de-justica-aciona-prefeito-francisco-alves-por-fraude-em-licitacao\/","title":{"rendered":"Bom Jardim: Promotoria de Justi\u00e7a aciona prefeito Francisco Alves por fraude em licita\u00e7\u00e3o"},"content":{"rendered":"<p>Minist\u00e9rio P\u00fablico do Maranh\u00e3o (MPMA) ajuizou, nesta quinta-feira, 26, uma A\u00e7\u00e3o Civil P\u00fablica por atos de improbidade administrativa, com pedido de tutela de urg\u00eancia, contra o prefeito de Bom Jardim, Francisco Alves de Ara\u00fajo, e mais sete pessoas, sendo seis servidores p\u00fablicos e um empres\u00e1rio. Tamb\u00e9m figura como alvo da a\u00e7\u00e3o a empresa Magn\u00f3lia Pneus Ltda.<br \/>\nDe acordo com o promotor de justi\u00e7a F\u00e1bio Santos de Oliveira, as irregularidades praticadas pelos integrantes do esquema consistiram na celebra\u00e7\u00e3o de licita\u00e7\u00e3o fraudulenta para a aquisi\u00e7\u00e3o de pneus e materiais an\u00e1logos e, por consequ\u00eancia, na contrata\u00e7\u00e3o direcionada de empresa escolhida pelo gestor p\u00fablico de forma arbitr\u00e1ria, sem seguir os ritos previstos na Lei de Licita\u00e7\u00f5es.<br \/>\nAs condutas praticadas pelos r\u00e9us causaram preju\u00edzos ao Munic\u00edpio no valor de R$ 245.407,00.<br \/>\nNa a\u00e7\u00e3o, foi requerida a indisponibilidade dos bens dos acionados, em valor suficiente a garantir a execu\u00e7\u00e3o, em caso de condena\u00e7\u00e3o, da multa e do ressarcimento do dano causado ao er\u00e1rio, e o afastamento de Francisco Alves de Ara\u00fajo do cargo de prefeito.<\/p>\n<p>OS ACIONADOS<\/p>\n<p>Al\u00e9m do prefeito de Bom Jardim e da empresa Magn\u00f3lia Pneus Ltda, tamb\u00e9m est\u00e3o sendo acionados pelo Minist\u00e9rio P\u00fablico: Francisca Alves de Ara\u00fajo \u2013 irm\u00e3 do prefeito e secret\u00e1ria de Compras e Suprimentos de Bom Jardim; Ayrton Alves de Ara\u00fajo \u2013 irm\u00e3o do prefeito e secret\u00e1rio de Administra\u00e7\u00e3o e Finan\u00e7as; Rossini Davemport Tavares J\u00fanior \u2013 presidente da CPL e pregoeiro municipal; Alam Ara\u00fajo Barros \u2013 servidor comissionado da Prefeitura; Maria Ant\u00f4nia Oliveira Silva e Francisca Mesquita Linhares \u2013 agentes administrativas, lotadas na Secretaria Municipal de Administra\u00e7\u00e3o e Finan\u00e7as e membros da CPL; e Jo\u00e3o Moreno Rolim \u2013 s\u00f3cio-administrador da empresa Magn\u00f3lia Pneus Ltda.<\/p>\n<p>AS IRREGULARIDADES<\/p>\n<p>Conforme as investiga\u00e7\u00f5es da Promotoria de Justi\u00e7a de Bom Jardim, os procedimentos licitat\u00f3rios relativos \u00e0 aquisi\u00e7\u00e3o de pneus e outros materiais an\u00e1logos, pelo Munic\u00edpio de Bom Jardim, ocorreram no ano de 2017.<br \/>\nOs bens foram adquiridos por meio do Preg\u00e3o n\u00ba 024\/2017, na modalidade menor pre\u00e7o, menor lance, pelo valor total de R$ 371.725,26, no prazo de apenas seis meses. A empresa Magn\u00f3lia Pneus LTDA, sendo a \u00fanica licitante a comparecer \u00e0 sess\u00e3o presencial, saiu-se vencedora.<br \/>\n\u201cAo se verificar que, em uma sess\u00e3o de preg\u00e3o presencial, compareceu apenas um concorrente, deveria ser suspenso esse processo licitat\u00f3rio, a fim de ser designada uma nova data para ele ocorrer com mais participantes, ou que se alterasse a modalidade para preg\u00e3o eletr\u00f4nico, vez que \u00e9 a forma que mais atrai licitantes, e obviamente o melhor pre\u00e7o\u201d, observou o promotor de justi\u00e7a.<\/p>\n<p>Ao analisar o processo licitat\u00f3rio, a Assessoria T\u00e9cnica da Procuradoria Geral de Justi\u00e7a apontou uma s\u00e9rie de irregularidades, entre as quais, a n\u00e3o comprova\u00e7\u00e3o da exist\u00eancia de recursos or\u00e7ament\u00e1rios que assegurem o pagamento das obriga\u00e7\u00f5es a serem assumidas no exerc\u00edcio financeiro.<br \/>\nAl\u00e9m disso, foi verificado que o edital n\u00e3o est\u00e1 assinado e rubricado, contrariando o disposto na Lei n\u00b08.666\/93; ficou restrito o car\u00e1ter competitivo da licita\u00e7\u00e3o ao n\u00e3o serem fixados, no edital, os locais, hor\u00e1rios e c\u00f3digos de acesso para comunica\u00e7\u00e3o \u00e0 dist\u00e2ncia aos licitantes interessados em tirar d\u00favidas ou esclarecimentos relativos ao certame; e tamb\u00e9m n\u00e3o houve a disponibiliza\u00e7\u00e3o de c\u00f3pia do instrumento convocat\u00f3rio por meio da internet ou de m\u00eddia digital, em desacordo com o que rege a Lei n\u00b0 12.527\/2011 (Lei de Acesso \u00e0 Informa\u00e7\u00e3o).<\/p>\n<p>PENALIDADES<\/p>\n<p>Diante das irregularidades, o Minist\u00e9rio P\u00fablico do Maranh\u00e3o requereu que sejam aplicadas aos acionados as seguintes penalidades: ressarcimento integral do dano, perda da fun\u00e7\u00e3o p\u00fablica, suspens\u00e3o dos direitos pol\u00edticos, pagamento de multa civil e proibi\u00e7\u00e3o de contratar com o Poder P\u00fablico ou receber benef\u00edcios ou incentivos fiscais ou credit\u00edcios, direta ou indiretamente, ainda que por interm\u00e9dio de pessoa jur\u00eddica da qual seja s\u00f3cio majorit\u00e1rio, pelo prazo legal, art. 12 da Lei 8429\/92.<\/p>\n<p>Reda\u00e7\u00e3o: CCOM-MPMA<\/p>\n","protected":false},"excerpt":{"rendered":"<p>Minist\u00e9rio P\u00fablico do Maranh\u00e3o (MPMA) ajuizou, nesta quinta-feira, 26, uma A\u00e7\u00e3o Civil P\u00fablica por atos de improbidade administrativa, com pedido<\/p>\n","protected":false},"author":2,"featured_media":10847,"comment_status":"open","ping_status":"open","sticky":false,"template":"","format":"standard","meta":{"colormag_page_container_layout":"default_layout","colormag_page_sidebar_layout":"default_layout","_jetpack_memberships_contains_paid_content":false,"footnotes":""},"categories":[2],"tags":[],"class_list":["post-10848","post","type-post","status-publish","format-standard","has-post-thumbnail","hentry","category-noticias"],"magazineBlocksPostFeaturedMedia":{"thumbnail":false,"medium":false,"medium_large":false,"large":false,"1536x1536":false,"2048x2048":false,"colormag-highlighted-post":false,"colormag-featured-post-medium":false,"colormag-featured-post-small":false,"colormag-featured-image":false,"colormag-default-news":false,"colormag-featured-image-large":false},"magazineBlocksPostAuthor":{"name":"maranhaotv","avatar":"https:\/\/secure.gravatar.com\/avatar\/8fadbca458d4cb68b1dd399ae9a40618d747bb1af65ac9fad21c89220a143eb4?s=96&d=mm&r=g"},"magazineBlocksPostCommentsNumber":"0","magazineBlocksPostExcerpt":"Minist\u00e9rio P\u00fablico do Maranh\u00e3o (MPMA) ajuizou, nesta quinta-feira, 26, uma A\u00e7\u00e3o Civil P\u00fablica por atos de improbidade administrativa, com pedido","magazineBlocksPostCategories":["not\u00edcias"],"magazineBlocksPostViewCount":172,"magazineBlocksPostReadTime":4,"magazine_blocks_featured_image_url":{"full":false,"medium":false,"thumbnail":false},"magazine_blocks_author":{"display_name":"maranhaotv","author_link":"https:\/\/maranhaotv.com.br\/index.php\/author\/maranhaotv\/"},"magazine_blocks_comment":0,"magazine_blocks_author_image":"https:\/\/secure.gravatar.com\/avatar\/8fadbca458d4cb68b1dd399ae9a40618d747bb1af65ac9fad21c89220a143eb4?s=96&d=mm&r=g","magazine_blocks_category":"<a href=\"#\" class=\"category-link category-link-2\">not\u00edcias<\/a>","yoast_head":"<!-- This site is optimized with the Yoast SEO plugin v27.4 - https:\/\/yoast.com\/product\/yoast-seo-wordpress\/ -->\n<title>Bom Jardim: Promotoria de Justi\u00e7a aciona prefeito Francisco Alves por fraude em licita\u00e7\u00e3o - NOT\u00cdCIAS EM TEMPO REAL<\/title>\n<meta name=\"robots\" content=\"index, follow, max-snippet:-1, max-image-preview:large, max-video-preview:-1\" \/>\n<link rel=\"canonical\" href=\"https:\/\/maranhaotv.com.br\/index.php\/2020\/04\/02\/bom-jardim-promotoria-de-justica-aciona-prefeito-francisco-alves-por-fraude-em-licitacao\/\" \/>\n<meta property=\"og:locale\" content=\"pt_BR\" \/>\n<meta property=\"og:type\" content=\"article\" \/>\n<meta property=\"og:title\" content=\"Bom Jardim: Promotoria de Justi\u00e7a aciona prefeito Francisco Alves por fraude em licita\u00e7\u00e3o - NOT\u00cdCIAS EM TEMPO REAL\" \/>\n<meta property=\"og:description\" content=\"Minist\u00e9rio P\u00fablico do Maranh\u00e3o (MPMA) ajuizou, nesta quinta-feira, 26, uma A\u00e7\u00e3o Civil P\u00fablica por atos de improbidade administrativa, com pedido\" \/>\n<meta property=\"og:url\" content=\"https:\/\/maranhaotv.com.br\/index.php\/2020\/04\/02\/bom-jardim-promotoria-de-justica-aciona-prefeito-francisco-alves-por-fraude-em-licitacao\/\" \/>\n<meta property=\"og:site_name\" content=\"NOT\u00cdCIAS EM TEMPO REAL\" \/>\n<meta property=\"article:publisher\" content=\"https:\/\/www.facebook.com\/maiobaotv\" \/>\n<meta property=\"article:published_time\" content=\"2020-04-03T00:34:59+00:00\" \/>\n<meta name=\"author\" content=\"maranhaotv\" \/>\n<meta name=\"twitter:card\" content=\"summary_large_image\" \/>\n<meta name=\"twitter:creator\" content=\"@sitemaranhaotv\" \/>\n<meta name=\"twitter:site\" content=\"@sitemaranhaotv\" \/>\n<meta name=\"twitter:label1\" content=\"Escrito por\" \/>\n\t<meta name=\"twitter:data1\" content=\"maranhaotv\" \/>\n\t<meta name=\"twitter:label2\" content=\"Est. tempo de leitura\" \/>\n\t<meta name=\"twitter:data2\" content=\"4 minutos\" \/>\n<script type=\"application\/ld+json\" class=\"yoast-schema-graph\">{\"@context\":\"https:\\\/\\\/schema.org\",\"@graph\":[{\"@type\":\"Article\",\"@id\":\"https:\\\/\\\/maranhaotv.com.br\\\/index.php\\\/2020\\\/04\\\/02\\\/bom-jardim-promotoria-de-justica-aciona-prefeito-francisco-alves-por-fraude-em-licitacao\\\/#article\",\"isPartOf\":{\"@id\":\"https:\\\/\\\/maranhaotv.com.br\\\/index.php\\\/2020\\\/04\\\/02\\\/bom-jardim-promotoria-de-justica-aciona-prefeito-francisco-alves-por-fraude-em-licitacao\\\/\"},\"author\":{\"name\":\"maranhaotv\",\"@id\":\"https:\\\/\\\/maranhaotv.com.br\\\/#\\\/schema\\\/person\\\/3d54238e86b20bb5c89ab2fdb8f8829a\"},\"headline\":\"Bom Jardim: Promotoria de Justi\u00e7a aciona prefeito Francisco Alves por fraude em licita\u00e7\u00e3o\",\"datePublished\":\"2020-04-03T00:34:59+00:00\",\"mainEntityOfPage\":{\"@id\":\"https:\\\/\\\/maranhaotv.com.br\\\/index.php\\\/2020\\\/04\\\/02\\\/bom-jardim-promotoria-de-justica-aciona-prefeito-francisco-alves-por-fraude-em-licitacao\\\/\"},\"wordCount\":726,\"commentCount\":0,\"publisher\":{\"@id\":\"https:\\\/\\\/maranhaotv.com.br\\\/#organization\"},\"image\":{\"@id\":\"https:\\\/\\\/maranhaotv.com.br\\\/index.php\\\/2020\\\/04\\\/02\\\/bom-jardim-promotoria-de-justica-aciona-prefeito-francisco-alves-por-fraude-em-licitacao\\\/#primaryimage\"},\"thumbnailUrl\":\"\",\"articleSection\":[\"not\u00edcias\"],\"inLanguage\":\"pt-BR\",\"potentialAction\":[{\"@type\":\"CommentAction\",\"name\":\"Comment\",\"target\":[\"https:\\\/\\\/maranhaotv.com.br\\\/index.php\\\/2020\\\/04\\\/02\\\/bom-jardim-promotoria-de-justica-aciona-prefeito-francisco-alves-por-fraude-em-licitacao\\\/#respond\"]}]},{\"@type\":\"WebPage\",\"@id\":\"https:\\\/\\\/maranhaotv.com.br\\\/index.php\\\/2020\\\/04\\\/02\\\/bom-jardim-promotoria-de-justica-aciona-prefeito-francisco-alves-por-fraude-em-licitacao\\\/\",\"url\":\"https:\\\/\\\/maranhaotv.com.br\\\/index.php\\\/2020\\\/04\\\/02\\\/bom-jardim-promotoria-de-justica-aciona-prefeito-francisco-alves-por-fraude-em-licitacao\\\/\",\"name\":\"Bom Jardim: Promotoria de Justi\u00e7a aciona prefeito Francisco Alves por fraude em licita\u00e7\u00e3o - NOT\u00cdCIAS EM TEMPO REAL\",\"isPartOf\":{\"@id\":\"https:\\\/\\\/maranhaotv.com.br\\\/#website\"},\"primaryImageOfPage\":{\"@id\":\"https:\\\/\\\/maranhaotv.com.br\\\/index.php\\\/2020\\\/04\\\/02\\\/bom-jardim-promotoria-de-justica-aciona-prefeito-francisco-alves-por-fraude-em-licitacao\\\/#primaryimage\"},\"image\":{\"@id\":\"https:\\\/\\\/maranhaotv.com.br\\\/index.php\\\/2020\\\/04\\\/02\\\/bom-jardim-promotoria-de-justica-aciona-prefeito-francisco-alves-por-fraude-em-licitacao\\\/#primaryimage\"},\"thumbnailUrl\":\"\",\"datePublished\":\"2020-04-03T00:34:59+00:00\",\"breadcrumb\":{\"@id\":\"https:\\\/\\\/maranhaotv.com.br\\\/index.php\\\/2020\\\/04\\\/02\\\/bom-jardim-promotoria-de-justica-aciona-prefeito-francisco-alves-por-fraude-em-licitacao\\\/#breadcrumb\"},\"inLanguage\":\"pt-BR\",\"potentialAction\":[{\"@type\":\"ReadAction\",\"target\":[\"https:\\\/\\\/maranhaotv.com.br\\\/index.php\\\/2020\\\/04\\\/02\\\/bom-jardim-promotoria-de-justica-aciona-prefeito-francisco-alves-por-fraude-em-licitacao\\\/\"]}]},{\"@type\":\"ImageObject\",\"inLanguage\":\"pt-BR\",\"@id\":\"https:\\\/\\\/maranhaotv.com.br\\\/index.php\\\/2020\\\/04\\\/02\\\/bom-jardim-promotoria-de-justica-aciona-prefeito-francisco-alves-por-fraude-em-licitacao\\\/#primaryimage\",\"url\":\"\",\"contentUrl\":\"\"},{\"@type\":\"BreadcrumbList\",\"@id\":\"https:\\\/\\\/maranhaotv.com.br\\\/index.php\\\/2020\\\/04\\\/02\\\/bom-jardim-promotoria-de-justica-aciona-prefeito-francisco-alves-por-fraude-em-licitacao\\\/#breadcrumb\",\"itemListElement\":[{\"@type\":\"ListItem\",\"position\":1,\"name\":\"In\u00edcio\",\"item\":\"https:\\\/\\\/maranhaotv.com.br\\\/\"},{\"@type\":\"ListItem\",\"position\":2,\"name\":\"Bom Jardim: Promotoria de Justi\u00e7a aciona prefeito Francisco Alves por fraude em licita\u00e7\u00e3o\"}]},{\"@type\":\"WebSite\",\"@id\":\"https:\\\/\\\/maranhaotv.com.br\\\/#website\",\"url\":\"https:\\\/\\\/maranhaotv.com.br\\\/\",\"name\":\"Maranh\u00e3oTV\",\"description\":\"\",\"publisher\":{\"@id\":\"https:\\\/\\\/maranhaotv.com.br\\\/#organization\"},\"potentialAction\":[{\"@type\":\"SearchAction\",\"target\":{\"@type\":\"EntryPoint\",\"urlTemplate\":\"https:\\\/\\\/maranhaotv.com.br\\\/?s={search_term_string}\"},\"query-input\":{\"@type\":\"PropertyValueSpecification\",\"valueRequired\":true,\"valueName\":\"search_term_string\"}}],\"inLanguage\":\"pt-BR\"},{\"@type\":\"Organization\",\"@id\":\"https:\\\/\\\/maranhaotv.com.br\\\/#organization\",\"name\":\"Portal de Not\u00edcias\",\"url\":\"https:\\\/\\\/maranhaotv.com.br\\\/\",\"logo\":{\"@type\":\"ImageObject\",\"inLanguage\":\"pt-BR\",\"@id\":\"https:\\\/\\\/maranhaotv.com.br\\\/#\\\/schema\\\/logo\\\/image\\\/\",\"url\":\"https:\\\/\\\/maranhaotv.com.br\\\/wp-content\\\/uploads\\\/2024\\\/05\\\/cropped-cropped-avatar-1.png\",\"contentUrl\":\"https:\\\/\\\/maranhaotv.com.br\\\/wp-content\\\/uploads\\\/2024\\\/05\\\/cropped-cropped-avatar-1.png\",\"width\":792,\"height\":428,\"caption\":\"Portal de Not\u00edcias\"},\"image\":{\"@id\":\"https:\\\/\\\/maranhaotv.com.br\\\/#\\\/schema\\\/logo\\\/image\\\/\"},\"sameAs\":[\"https:\\\/\\\/www.facebook.com\\\/maiobaotv\",\"https:\\\/\\\/x.com\\\/sitemaranhaotv\",\"https:\\\/\\\/www.instagram.com\\\/maranhao.tv\",\"https:\\\/\\\/www.threads.net\\\/@maranhao.tv\"]},{\"@type\":\"Person\",\"@id\":\"https:\\\/\\\/maranhaotv.com.br\\\/#\\\/schema\\\/person\\\/3d54238e86b20bb5c89ab2fdb8f8829a\",\"name\":\"maranhaotv\",\"image\":{\"@type\":\"ImageObject\",\"inLanguage\":\"pt-BR\",\"@id\":\"https:\\\/\\\/secure.gravatar.com\\\/avatar\\\/8fadbca458d4cb68b1dd399ae9a40618d747bb1af65ac9fad21c89220a143eb4?s=96&d=mm&r=g\",\"url\":\"https:\\\/\\\/secure.gravatar.com\\\/avatar\\\/8fadbca458d4cb68b1dd399ae9a40618d747bb1af65ac9fad21c89220a143eb4?s=96&d=mm&r=g\",\"contentUrl\":\"https:\\\/\\\/secure.gravatar.com\\\/avatar\\\/8fadbca458d4cb68b1dd399ae9a40618d747bb1af65ac9fad21c89220a143eb4?s=96&d=mm&r=g\",\"caption\":\"maranhaotv\"},\"sameAs\":[\"https:\\\/\\\/maranhaotv.com.br\\\/\"],\"url\":\"https:\\\/\\\/maranhaotv.com.br\\\/index.php\\\/author\\\/maranhaotv\\\/\"}]}<\/script>\n<!-- \/ Yoast SEO plugin. -->","yoast_head_json":{"title":"Bom Jardim: Promotoria de Justi\u00e7a aciona prefeito Francisco Alves por fraude em licita\u00e7\u00e3o - NOT\u00cdCIAS EM TEMPO REAL","robots":{"index":"index","follow":"follow","max-snippet":"max-snippet:-1","max-image-preview":"max-image-preview:large","max-video-preview":"max-video-preview:-1"},"canonical":"https:\/\/maranhaotv.com.br\/index.php\/2020\/04\/02\/bom-jardim-promotoria-de-justica-aciona-prefeito-francisco-alves-por-fraude-em-licitacao\/","og_locale":"pt_BR","og_type":"article","og_title":"Bom Jardim: Promotoria de Justi\u00e7a aciona prefeito Francisco Alves por fraude em licita\u00e7\u00e3o - NOT\u00cdCIAS EM TEMPO REAL","og_description":"Minist\u00e9rio P\u00fablico do Maranh\u00e3o (MPMA) ajuizou, nesta quinta-feira, 26, uma A\u00e7\u00e3o Civil P\u00fablica por atos de improbidade administrativa, com pedido","og_url":"https:\/\/maranhaotv.com.br\/index.php\/2020\/04\/02\/bom-jardim-promotoria-de-justica-aciona-prefeito-francisco-alves-por-fraude-em-licitacao\/","og_site_name":"NOT\u00cdCIAS EM TEMPO REAL","article_publisher":"https:\/\/www.facebook.com\/maiobaotv","article_published_time":"2020-04-03T00:34:59+00:00","author":"maranhaotv","twitter_card":"summary_large_image","twitter_creator":"@sitemaranhaotv","twitter_site":"@sitemaranhaotv","twitter_misc":{"Escrito por":"maranhaotv","Est. tempo de leitura":"4 minutos"},"schema":{"@context":"https:\/\/schema.org","@graph":[{"@type":"Article","@id":"https:\/\/maranhaotv.com.br\/index.php\/2020\/04\/02\/bom-jardim-promotoria-de-justica-aciona-prefeito-francisco-alves-por-fraude-em-licitacao\/#article","isPartOf":{"@id":"https:\/\/maranhaotv.com.br\/index.php\/2020\/04\/02\/bom-jardim-promotoria-de-justica-aciona-prefeito-francisco-alves-por-fraude-em-licitacao\/"},"author":{"name":"maranhaotv","@id":"https:\/\/maranhaotv.com.br\/#\/schema\/person\/3d54238e86b20bb5c89ab2fdb8f8829a"},"headline":"Bom Jardim: Promotoria de Justi\u00e7a aciona prefeito Francisco Alves por fraude em licita\u00e7\u00e3o","datePublished":"2020-04-03T00:34:59+00:00","mainEntityOfPage":{"@id":"https:\/\/maranhaotv.com.br\/index.php\/2020\/04\/02\/bom-jardim-promotoria-de-justica-aciona-prefeito-francisco-alves-por-fraude-em-licitacao\/"},"wordCount":726,"commentCount":0,"publisher":{"@id":"https:\/\/maranhaotv.com.br\/#organization"},"image":{"@id":"https:\/\/maranhaotv.com.br\/index.php\/2020\/04\/02\/bom-jardim-promotoria-de-justica-aciona-prefeito-francisco-alves-por-fraude-em-licitacao\/#primaryimage"},"thumbnailUrl":"","articleSection":["not\u00edcias"],"inLanguage":"pt-BR","potentialAction":[{"@type":"CommentAction","name":"Comment","target":["https:\/\/maranhaotv.com.br\/index.php\/2020\/04\/02\/bom-jardim-promotoria-de-justica-aciona-prefeito-francisco-alves-por-fraude-em-licitacao\/#respond"]}]},{"@type":"WebPage","@id":"https:\/\/maranhaotv.com.br\/index.php\/2020\/04\/02\/bom-jardim-promotoria-de-justica-aciona-prefeito-francisco-alves-por-fraude-em-licitacao\/","url":"https:\/\/maranhaotv.com.br\/index.php\/2020\/04\/02\/bom-jardim-promotoria-de-justica-aciona-prefeito-francisco-alves-por-fraude-em-licitacao\/","name":"Bom Jardim: Promotoria de Justi\u00e7a aciona prefeito Francisco Alves por fraude em licita\u00e7\u00e3o - NOT\u00cdCIAS EM TEMPO REAL","isPartOf":{"@id":"https:\/\/maranhaotv.com.br\/#website"},"primaryImageOfPage":{"@id":"https:\/\/maranhaotv.com.br\/index.php\/2020\/04\/02\/bom-jardim-promotoria-de-justica-aciona-prefeito-francisco-alves-por-fraude-em-licitacao\/#primaryimage"},"image":{"@id":"https:\/\/maranhaotv.com.br\/index.php\/2020\/04\/02\/bom-jardim-promotoria-de-justica-aciona-prefeito-francisco-alves-por-fraude-em-licitacao\/#primaryimage"},"thumbnailUrl":"","datePublished":"2020-04-03T00:34:59+00:00","breadcrumb":{"@id":"https:\/\/maranhaotv.com.br\/index.php\/2020\/04\/02\/bom-jardim-promotoria-de-justica-aciona-prefeito-francisco-alves-por-fraude-em-licitacao\/#breadcrumb"},"inLanguage":"pt-BR","potentialAction":[{"@type":"ReadAction","target":["https:\/\/maranhaotv.com.br\/index.php\/2020\/04\/02\/bom-jardim-promotoria-de-justica-aciona-prefeito-francisco-alves-por-fraude-em-licitacao\/"]}]},{"@type":"ImageObject","inLanguage":"pt-BR","@id":"https:\/\/maranhaotv.com.br\/index.php\/2020\/04\/02\/bom-jardim-promotoria-de-justica-aciona-prefeito-francisco-alves-por-fraude-em-licitacao\/#primaryimage","url":"","contentUrl":""},{"@type":"BreadcrumbList","@id":"https:\/\/maranhaotv.com.br\/index.php\/2020\/04\/02\/bom-jardim-promotoria-de-justica-aciona-prefeito-francisco-alves-por-fraude-em-licitacao\/#breadcrumb","itemListElement":[{"@type":"ListItem","position":1,"name":"In\u00edcio","item":"https:\/\/maranhaotv.com.br\/"},{"@type":"ListItem","position":2,"name":"Bom Jardim: Promotoria de Justi\u00e7a aciona prefeito Francisco Alves por fraude em licita\u00e7\u00e3o"}]},{"@type":"WebSite","@id":"https:\/\/maranhaotv.com.br\/#website","url":"https:\/\/maranhaotv.com.br\/","name":"Maranh\u00e3oTV","description":"","publisher":{"@id":"https:\/\/maranhaotv.com.br\/#organization"},"potentialAction":[{"@type":"SearchAction","target":{"@type":"EntryPoint","urlTemplate":"https:\/\/maranhaotv.com.br\/?s={search_term_string}"},"query-input":{"@type":"PropertyValueSpecification","valueRequired":true,"valueName":"search_term_string"}}],"inLanguage":"pt-BR"},{"@type":"Organization","@id":"https:\/\/maranhaotv.com.br\/#organization","name":"Portal de Not\u00edcias","url":"https:\/\/maranhaotv.com.br\/","logo":{"@type":"ImageObject","inLanguage":"pt-BR","@id":"https:\/\/maranhaotv.com.br\/#\/schema\/logo\/image\/","url":"https:\/\/maranhaotv.com.br\/wp-content\/uploads\/2024\/05\/cropped-cropped-avatar-1.png","contentUrl":"https:\/\/maranhaotv.com.br\/wp-content\/uploads\/2024\/05\/cropped-cropped-avatar-1.png","width":792,"height":428,"caption":"Portal de Not\u00edcias"},"image":{"@id":"https:\/\/maranhaotv.com.br\/#\/schema\/logo\/image\/"},"sameAs":["https:\/\/www.facebook.com\/maiobaotv","https:\/\/x.com\/sitemaranhaotv","https:\/\/www.instagram.com\/maranhao.tv","https:\/\/www.threads.net\/@maranhao.tv"]},{"@type":"Person","@id":"https:\/\/maranhaotv.com.br\/#\/schema\/person\/3d54238e86b20bb5c89ab2fdb8f8829a","name":"maranhaotv","image":{"@type":"ImageObject","inLanguage":"pt-BR","@id":"https:\/\/secure.gravatar.com\/avatar\/8fadbca458d4cb68b1dd399ae9a40618d747bb1af65ac9fad21c89220a143eb4?s=96&d=mm&r=g","url":"https:\/\/secure.gravatar.com\/avatar\/8fadbca458d4cb68b1dd399ae9a40618d747bb1af65ac9fad21c89220a143eb4?s=96&d=mm&r=g","contentUrl":"https:\/\/secure.gravatar.com\/avatar\/8fadbca458d4cb68b1dd399ae9a40618d747bb1af65ac9fad21c89220a143eb4?s=96&d=mm&r=g","caption":"maranhaotv"},"sameAs":["https:\/\/maranhaotv.com.br\/"],"url":"https:\/\/maranhaotv.com.br\/index.php\/author\/maranhaotv\/"}]}},"jetpack_featured_media_url":"","jetpack_sharing_enabled":true,"_links":{"self":[{"href":"https:\/\/maranhaotv.com.br\/index.php\/wp-json\/wp\/v2\/posts\/10848","targetHints":{"allow":["GET"]}}],"collection":[{"href":"https:\/\/maranhaotv.com.br\/index.php\/wp-json\/wp\/v2\/posts"}],"about":[{"href":"https:\/\/maranhaotv.com.br\/index.php\/wp-json\/wp\/v2\/types\/post"}],"author":[{"embeddable":true,"href":"https:\/\/maranhaotv.com.br\/index.php\/wp-json\/wp\/v2\/users\/2"}],"replies":[{"embeddable":true,"href":"https:\/\/maranhaotv.com.br\/index.php\/wp-json\/wp\/v2\/comments?post=10848"}],"version-history":[{"count":0,"href":"https:\/\/maranhaotv.com.br\/index.php\/wp-json\/wp\/v2\/posts\/10848\/revisions"}],"wp:featuredmedia":[{"embeddable":true,"href":"https:\/\/maranhaotv.com.br\/index.php\/wp-json\/"}],"wp:attachment":[{"href":"https:\/\/maranhaotv.com.br\/index.php\/wp-json\/wp\/v2\/media?parent=10848"}],"wp:term":[{"taxonomy":"category","embeddable":true,"href":"https:\/\/maranhaotv.com.br\/index.php\/wp-json\/wp\/v2\/categories?post=10848"},{"taxonomy":"post_tag","embeddable":true,"href":"https:\/\/maranhaotv.com.br\/index.php\/wp-json\/wp\/v2\/tags?post=10848"}],"curies":[{"name":"wp","href":"https:\/\/api.w.org\/{rel}","templated":true}]}}