{"id":10858,"date":"2020-04-03T17:11:58","date_gmt":"2020-04-03T20:11:58","guid":{"rendered":"https:\/\/maiobaotv.com.br\/?p=10858"},"modified":"2020-04-03T17:11:58","modified_gmt":"2020-04-03T20:11:58","slug":"clima-tenso-entre-ministro-da-saude-e-presidente-bolsonaro","status":"publish","type":"post","link":"https:\/\/maranhaotv.com.br\/index.php\/2020\/04\/03\/clima-tenso-entre-ministro-da-saude-e-presidente-bolsonaro\/","title":{"rendered":"Clima tenso entre Ministro da Sa\u00fade e presidente Bolsonaro"},"content":{"rendered":"<h5>\u2018O senhor que me demita\u2019, diz Mandetta em briga com Bolsonaro por telefone<\/h5>\n<p>Durante a liga\u00e7\u00e3o, o presidente teria dito ao ministro da Sa\u00fade que ele deveria pedir demiss\u00e3o e deixar o governo. Mandetta rebateu de pronto: \u201cO senhor que me demita, presidente\u201d.<\/p>\n<p>No jantar que teve com Davi Alcolumbre e Rodrigo Maia na noite desta quinta \u2014 como o Radar revelou mais cedo \u2013, o ministro da Sa\u00fade, Luiz Henrique Mandetta, narrou aos chefes do Legislativo o tenso di\u00e1logo que travou com o presidente Jair Bolsonaro pelo telefone.<\/p>\n<p>Durante a liga\u00e7\u00e3o, o presidente teria dito ao ministro da Sa\u00fade que ele deveria pedir demiss\u00e3o e deixar o governo. Mandetta rebateu de pronto: \u201cO senhor que me demita, presidente\u201d.<\/p>\n<p>A partir desse momento, a conversa teria esquentado ainda mais, ao ponto de o ministro da Sa\u00fade recomendar ao presidente que ele se responsabilizasse sozinho pelas mortes causadas pelo coronav\u00edrus, que j\u00e1 infectou 8.230 brasileiros e matou 343 pessoas.<\/p>\n<p>Apesar da tensa discuss\u00e3o, Mandetta trabalha normalmente nesta sexta e j\u00e1 participou de uma s\u00e9rie de reuni\u00f5es.<\/p>\n<p>Como o Radar mostrou mais cedo, depois de ser atacado publicamente pelo presidente nesta quinta, o ministro da Sa\u00fade foi jantar com os presidentes do Senado e da C\u00e2mara na resid\u00eancia oficial do Senado.<\/p>\n<p>Na conversa, o ministro estava inconsol\u00e1vel. Disse aos chefes do Congresso que a situa\u00e7\u00e3o com o presidente era \u201cinsustent\u00e1vel\u201d.<\/p>\n<p>Saiba logo no in\u00edcio da manh\u00e3 as not\u00edcias mais importantes sobre a pandemia do coronavirus e seus desdobramentos.<\/p>\n<p>Seguidamente boicotado nos bastidores pelo Pal\u00e1cio do Planalto, atacado nas redes sociais por aliados de Bolsonaro e agora publicamente pelo pr\u00f3prio chefe da Rep\u00fablica, Mandetta revelou estar no seu limite.<\/p>\n<p>Na conversa, que entrou a madrugada, Mandetta disse a Maia e Alcolumbre que, por ele, est\u00e1 fora do governo. Bolsonaro n\u00e3o mereceria o empenho dele e de seus t\u00e9cnicos. Os chefes do Legislativo apelaram para que ele resistisse o m\u00e1ximo poss\u00edvel no cargo.<\/p>\n<p>Em uma videoconfer\u00eancia do Valor, Maia disse que Bolsonaro \u201cn\u00e3o tem coragem de tirar o ministro e mudar oficialmente a pol\u00edtica de enfrentamento \u00e0 pandemia\u201d.<\/p>\n<p>Bolsonaro deixou claro nesta quinta que teme ficar com a conta das mortes da pandemia no Brasil, se realizar mudan\u00e7as no plano de combate do minist\u00e9rio e dos governadores. Mesmo assim, bateu duro em Mandetta.<\/p>\n<p>\u201cMandetta j\u00e1 sabe que estamos nos bicando. Ele est\u00e1 extrapolando. Mas n\u00e3o posso demitir ministro em meio ao combate. Nenhum ministro meu \u00e9 indemiss\u00edvel\u201d, disse Bolsonaro nesta quinta. Radar, da Veja<\/p>\n<p><img loading=\"lazy\" decoding=\"async\" class=\"wp-image-10859 alignnone size-full\" src=\"https:\/\/maiobaotv.com.br\/wp-content\/uploads\/2020\/04\/img-20200403-wa04594333265047084801095.jpg\" width=\"450\" height=\"337\"><\/p>\n<p>John Cutrim<\/p>\n","protected":false},"excerpt":{"rendered":"<p>\u2018O senhor que me demita\u2019, diz Mandetta em briga com Bolsonaro por telefone Durante a liga\u00e7\u00e3o, o presidente teria dito<\/p>\n","protected":false},"author":2,"featured_media":10861,"comment_status":"open","ping_status":"open","sticky":false,"template":"","format":"standard","meta":{"colormag_page_container_layout":"default_layout","colormag_page_sidebar_layout":"default_layout","_jetpack_memberships_contains_paid_content":false,"footnotes":""},"categories":[2,6],"tags":[],"class_list":["post-10858","post","type-post","status-publish","format-standard","has-post-thumbnail","hentry","category-noticias","category-politica"],"magazineBlocksPostFeaturedMedia":{"thumbnail":false,"medium":false,"medium_large":false,"large":false,"1536x1536":false,"2048x2048":false,"colormag-highlighted-post":false,"colormag-featured-post-medium":false,"colormag-featured-post-small":false,"colormag-featured-image":false,"colormag-default-news":false,"colormag-featured-image-large":false},"magazineBlocksPostAuthor":{"name":"maranhaotv","avatar":"https:\/\/secure.gravatar.com\/avatar\/8fadbca458d4cb68b1dd399ae9a40618d747bb1af65ac9fad21c89220a143eb4?s=96&d=mm&r=g"},"magazineBlocksPostCommentsNumber":"0","magazineBlocksPostExcerpt":"\u2018O senhor que me demita\u2019, diz Mandetta em briga com Bolsonaro por telefone Durante a liga\u00e7\u00e3o, o presidente teria dito","magazineBlocksPostCategories":["not\u00edcias","pol\u00edtica"],"magazineBlocksPostViewCount":162,"magazineBlocksPostReadTime":3,"magazine_blocks_featured_image_url":{"full":false,"medium":false,"thumbnail":false},"magazine_blocks_author":{"display_name":"maranhaotv","author_link":"https:\/\/maranhaotv.com.br\/index.php\/author\/maranhaotv\/"},"magazine_blocks_comment":0,"magazine_blocks_author_image":"https:\/\/secure.gravatar.com\/avatar\/8fadbca458d4cb68b1dd399ae9a40618d747bb1af65ac9fad21c89220a143eb4?s=96&d=mm&r=g","magazine_blocks_category":"<a href=\"#\" class=\"category-link category-link-2\">not\u00edcias<\/a> <a href=\"#\" class=\"category-link category-link-6\">pol\u00edtica<\/a>","yoast_head":"<!-- This site is optimized with the Yoast SEO plugin v27.4 - https:\/\/yoast.com\/product\/yoast-seo-wordpress\/ -->\n<title>Clima tenso entre Ministro da Sa\u00fade e presidente Bolsonaro - NOT\u00cdCIAS EM TEMPO REAL<\/title>\n<meta name=\"robots\" content=\"index, follow, max-snippet:-1, max-image-preview:large, max-video-preview:-1\" \/>\n<link rel=\"canonical\" href=\"https:\/\/maranhaotv.com.br\/index.php\/2020\/04\/03\/clima-tenso-entre-ministro-da-saude-e-presidente-bolsonaro\/\" \/>\n<meta property=\"og:locale\" content=\"pt_BR\" \/>\n<meta property=\"og:type\" content=\"article\" \/>\n<meta property=\"og:title\" content=\"Clima tenso entre Ministro da Sa\u00fade e presidente Bolsonaro - NOT\u00cdCIAS EM TEMPO REAL\" \/>\n<meta property=\"og:description\" content=\"\u2018O senhor que me demita\u2019, diz Mandetta em briga com Bolsonaro por telefone Durante a liga\u00e7\u00e3o, o presidente teria dito\" \/>\n<meta property=\"og:url\" content=\"https:\/\/maranhaotv.com.br\/index.php\/2020\/04\/03\/clima-tenso-entre-ministro-da-saude-e-presidente-bolsonaro\/\" \/>\n<meta property=\"og:site_name\" content=\"NOT\u00cdCIAS EM TEMPO REAL\" \/>\n<meta property=\"article:publisher\" content=\"https:\/\/www.facebook.com\/maiobaotv\" \/>\n<meta property=\"article:published_time\" content=\"2020-04-03T20:11:58+00:00\" \/>\n<meta name=\"author\" content=\"maranhaotv\" \/>\n<meta name=\"twitter:card\" content=\"summary_large_image\" \/>\n<meta name=\"twitter:creator\" content=\"@sitemaranhaotv\" \/>\n<meta name=\"twitter:site\" content=\"@sitemaranhaotv\" \/>\n<meta name=\"twitter:label1\" content=\"Escrito por\" \/>\n\t<meta name=\"twitter:data1\" content=\"maranhaotv\" \/>\n\t<meta name=\"twitter:label2\" content=\"Est. tempo de leitura\" \/>\n\t<meta name=\"twitter:data2\" content=\"2 minutos\" \/>\n<script type=\"application\/ld+json\" class=\"yoast-schema-graph\">{\"@context\":\"https:\\\/\\\/schema.org\",\"@graph\":[{\"@type\":\"Article\",\"@id\":\"https:\\\/\\\/maranhaotv.com.br\\\/index.php\\\/2020\\\/04\\\/03\\\/clima-tenso-entre-ministro-da-saude-e-presidente-bolsonaro\\\/#article\",\"isPartOf\":{\"@id\":\"https:\\\/\\\/maranhaotv.com.br\\\/index.php\\\/2020\\\/04\\\/03\\\/clima-tenso-entre-ministro-da-saude-e-presidente-bolsonaro\\\/\"},\"author\":{\"name\":\"maranhaotv\",\"@id\":\"https:\\\/\\\/maranhaotv.com.br\\\/#\\\/schema\\\/person\\\/3d54238e86b20bb5c89ab2fdb8f8829a\"},\"headline\":\"Clima tenso entre Ministro da Sa\u00fade e presidente Bolsonaro\",\"datePublished\":\"2020-04-03T20:11:58+00:00\",\"mainEntityOfPage\":{\"@id\":\"https:\\\/\\\/maranhaotv.com.br\\\/index.php\\\/2020\\\/04\\\/03\\\/clima-tenso-entre-ministro-da-saude-e-presidente-bolsonaro\\\/\"},\"wordCount\":451,\"commentCount\":0,\"publisher\":{\"@id\":\"https:\\\/\\\/maranhaotv.com.br\\\/#organization\"},\"image\":{\"@id\":\"https:\\\/\\\/maranhaotv.com.br\\\/index.php\\\/2020\\\/04\\\/03\\\/clima-tenso-entre-ministro-da-saude-e-presidente-bolsonaro\\\/#primaryimage\"},\"thumbnailUrl\":\"\",\"articleSection\":[\"not\u00edcias\",\"pol\u00edtica\"],\"inLanguage\":\"pt-BR\",\"potentialAction\":[{\"@type\":\"CommentAction\",\"name\":\"Comment\",\"target\":[\"https:\\\/\\\/maranhaotv.com.br\\\/index.php\\\/2020\\\/04\\\/03\\\/clima-tenso-entre-ministro-da-saude-e-presidente-bolsonaro\\\/#respond\"]}]},{\"@type\":\"WebPage\",\"@id\":\"https:\\\/\\\/maranhaotv.com.br\\\/index.php\\\/2020\\\/04\\\/03\\\/clima-tenso-entre-ministro-da-saude-e-presidente-bolsonaro\\\/\",\"url\":\"https:\\\/\\\/maranhaotv.com.br\\\/index.php\\\/2020\\\/04\\\/03\\\/clima-tenso-entre-ministro-da-saude-e-presidente-bolsonaro\\\/\",\"name\":\"Clima tenso entre Ministro da Sa\u00fade e presidente Bolsonaro - NOT\u00cdCIAS EM TEMPO REAL\",\"isPartOf\":{\"@id\":\"https:\\\/\\\/maranhaotv.com.br\\\/#website\"},\"primaryImageOfPage\":{\"@id\":\"https:\\\/\\\/maranhaotv.com.br\\\/index.php\\\/2020\\\/04\\\/03\\\/clima-tenso-entre-ministro-da-saude-e-presidente-bolsonaro\\\/#primaryimage\"},\"image\":{\"@id\":\"https:\\\/\\\/maranhaotv.com.br\\\/index.php\\\/2020\\\/04\\\/03\\\/clima-tenso-entre-ministro-da-saude-e-presidente-bolsonaro\\\/#primaryimage\"},\"thumbnailUrl\":\"\",\"datePublished\":\"2020-04-03T20:11:58+00:00\",\"breadcrumb\":{\"@id\":\"https:\\\/\\\/maranhaotv.com.br\\\/index.php\\\/2020\\\/04\\\/03\\\/clima-tenso-entre-ministro-da-saude-e-presidente-bolsonaro\\\/#breadcrumb\"},\"inLanguage\":\"pt-BR\",\"potentialAction\":[{\"@type\":\"ReadAction\",\"target\":[\"https:\\\/\\\/maranhaotv.com.br\\\/index.php\\\/2020\\\/04\\\/03\\\/clima-tenso-entre-ministro-da-saude-e-presidente-bolsonaro\\\/\"]}]},{\"@type\":\"ImageObject\",\"inLanguage\":\"pt-BR\",\"@id\":\"https:\\\/\\\/maranhaotv.com.br\\\/index.php\\\/2020\\\/04\\\/03\\\/clima-tenso-entre-ministro-da-saude-e-presidente-bolsonaro\\\/#primaryimage\",\"url\":\"\",\"contentUrl\":\"\"},{\"@type\":\"BreadcrumbList\",\"@id\":\"https:\\\/\\\/maranhaotv.com.br\\\/index.php\\\/2020\\\/04\\\/03\\\/clima-tenso-entre-ministro-da-saude-e-presidente-bolsonaro\\\/#breadcrumb\",\"itemListElement\":[{\"@type\":\"ListItem\",\"position\":1,\"name\":\"In\u00edcio\",\"item\":\"https:\\\/\\\/maranhaotv.com.br\\\/\"},{\"@type\":\"ListItem\",\"position\":2,\"name\":\"Clima tenso entre Ministro da Sa\u00fade e presidente Bolsonaro\"}]},{\"@type\":\"WebSite\",\"@id\":\"https:\\\/\\\/maranhaotv.com.br\\\/#website\",\"url\":\"https:\\\/\\\/maranhaotv.com.br\\\/\",\"name\":\"Maranh\u00e3oTV\",\"description\":\"\",\"publisher\":{\"@id\":\"https:\\\/\\\/maranhaotv.com.br\\\/#organization\"},\"potentialAction\":[{\"@type\":\"SearchAction\",\"target\":{\"@type\":\"EntryPoint\",\"urlTemplate\":\"https:\\\/\\\/maranhaotv.com.br\\\/?s={search_term_string}\"},\"query-input\":{\"@type\":\"PropertyValueSpecification\",\"valueRequired\":true,\"valueName\":\"search_term_string\"}}],\"inLanguage\":\"pt-BR\"},{\"@type\":\"Organization\",\"@id\":\"https:\\\/\\\/maranhaotv.com.br\\\/#organization\",\"name\":\"Portal de Not\u00edcias\",\"url\":\"https:\\\/\\\/maranhaotv.com.br\\\/\",\"logo\":{\"@type\":\"ImageObject\",\"inLanguage\":\"pt-BR\",\"@id\":\"https:\\\/\\\/maranhaotv.com.br\\\/#\\\/schema\\\/logo\\\/image\\\/\",\"url\":\"https:\\\/\\\/maranhaotv.com.br\\\/wp-content\\\/uploads\\\/2024\\\/05\\\/cropped-cropped-avatar-1.png\",\"contentUrl\":\"https:\\\/\\\/maranhaotv.com.br\\\/wp-content\\\/uploads\\\/2024\\\/05\\\/cropped-cropped-avatar-1.png\",\"width\":792,\"height\":428,\"caption\":\"Portal de Not\u00edcias\"},\"image\":{\"@id\":\"https:\\\/\\\/maranhaotv.com.br\\\/#\\\/schema\\\/logo\\\/image\\\/\"},\"sameAs\":[\"https:\\\/\\\/www.facebook.com\\\/maiobaotv\",\"https:\\\/\\\/x.com\\\/sitemaranhaotv\",\"https:\\\/\\\/www.instagram.com\\\/maranhao.tv\",\"https:\\\/\\\/www.threads.net\\\/@maranhao.tv\"]},{\"@type\":\"Person\",\"@id\":\"https:\\\/\\\/maranhaotv.com.br\\\/#\\\/schema\\\/person\\\/3d54238e86b20bb5c89ab2fdb8f8829a\",\"name\":\"maranhaotv\",\"image\":{\"@type\":\"ImageObject\",\"inLanguage\":\"pt-BR\",\"@id\":\"https:\\\/\\\/secure.gravatar.com\\\/avatar\\\/8fadbca458d4cb68b1dd399ae9a40618d747bb1af65ac9fad21c89220a143eb4?s=96&d=mm&r=g\",\"url\":\"https:\\\/\\\/secure.gravatar.com\\\/avatar\\\/8fadbca458d4cb68b1dd399ae9a40618d747bb1af65ac9fad21c89220a143eb4?s=96&d=mm&r=g\",\"contentUrl\":\"https:\\\/\\\/secure.gravatar.com\\\/avatar\\\/8fadbca458d4cb68b1dd399ae9a40618d747bb1af65ac9fad21c89220a143eb4?s=96&d=mm&r=g\",\"caption\":\"maranhaotv\"},\"sameAs\":[\"https:\\\/\\\/maranhaotv.com.br\\\/\"],\"url\":\"https:\\\/\\\/maranhaotv.com.br\\\/index.php\\\/author\\\/maranhaotv\\\/\"}]}<\/script>\n<!-- \/ Yoast SEO plugin. -->","yoast_head_json":{"title":"Clima tenso entre Ministro da Sa\u00fade e presidente Bolsonaro - NOT\u00cdCIAS EM TEMPO REAL","robots":{"index":"index","follow":"follow","max-snippet":"max-snippet:-1","max-image-preview":"max-image-preview:large","max-video-preview":"max-video-preview:-1"},"canonical":"https:\/\/maranhaotv.com.br\/index.php\/2020\/04\/03\/clima-tenso-entre-ministro-da-saude-e-presidente-bolsonaro\/","og_locale":"pt_BR","og_type":"article","og_title":"Clima tenso entre Ministro da Sa\u00fade e presidente Bolsonaro - NOT\u00cdCIAS EM TEMPO REAL","og_description":"\u2018O senhor que me demita\u2019, diz Mandetta em briga com Bolsonaro por telefone Durante a liga\u00e7\u00e3o, o presidente teria dito","og_url":"https:\/\/maranhaotv.com.br\/index.php\/2020\/04\/03\/clima-tenso-entre-ministro-da-saude-e-presidente-bolsonaro\/","og_site_name":"NOT\u00cdCIAS EM TEMPO REAL","article_publisher":"https:\/\/www.facebook.com\/maiobaotv","article_published_time":"2020-04-03T20:11:58+00:00","author":"maranhaotv","twitter_card":"summary_large_image","twitter_creator":"@sitemaranhaotv","twitter_site":"@sitemaranhaotv","twitter_misc":{"Escrito por":"maranhaotv","Est. tempo de leitura":"2 minutos"},"schema":{"@context":"https:\/\/schema.org","@graph":[{"@type":"Article","@id":"https:\/\/maranhaotv.com.br\/index.php\/2020\/04\/03\/clima-tenso-entre-ministro-da-saude-e-presidente-bolsonaro\/#article","isPartOf":{"@id":"https:\/\/maranhaotv.com.br\/index.php\/2020\/04\/03\/clima-tenso-entre-ministro-da-saude-e-presidente-bolsonaro\/"},"author":{"name":"maranhaotv","@id":"https:\/\/maranhaotv.com.br\/#\/schema\/person\/3d54238e86b20bb5c89ab2fdb8f8829a"},"headline":"Clima tenso entre Ministro da Sa\u00fade e presidente Bolsonaro","datePublished":"2020-04-03T20:11:58+00:00","mainEntityOfPage":{"@id":"https:\/\/maranhaotv.com.br\/index.php\/2020\/04\/03\/clima-tenso-entre-ministro-da-saude-e-presidente-bolsonaro\/"},"wordCount":451,"commentCount":0,"publisher":{"@id":"https:\/\/maranhaotv.com.br\/#organization"},"image":{"@id":"https:\/\/maranhaotv.com.br\/index.php\/2020\/04\/03\/clima-tenso-entre-ministro-da-saude-e-presidente-bolsonaro\/#primaryimage"},"thumbnailUrl":"","articleSection":["not\u00edcias","pol\u00edtica"],"inLanguage":"pt-BR","potentialAction":[{"@type":"CommentAction","name":"Comment","target":["https:\/\/maranhaotv.com.br\/index.php\/2020\/04\/03\/clima-tenso-entre-ministro-da-saude-e-presidente-bolsonaro\/#respond"]}]},{"@type":"WebPage","@id":"https:\/\/maranhaotv.com.br\/index.php\/2020\/04\/03\/clima-tenso-entre-ministro-da-saude-e-presidente-bolsonaro\/","url":"https:\/\/maranhaotv.com.br\/index.php\/2020\/04\/03\/clima-tenso-entre-ministro-da-saude-e-presidente-bolsonaro\/","name":"Clima tenso entre Ministro da Sa\u00fade e presidente Bolsonaro - NOT\u00cdCIAS EM TEMPO REAL","isPartOf":{"@id":"https:\/\/maranhaotv.com.br\/#website"},"primaryImageOfPage":{"@id":"https:\/\/maranhaotv.com.br\/index.php\/2020\/04\/03\/clima-tenso-entre-ministro-da-saude-e-presidente-bolsonaro\/#primaryimage"},"image":{"@id":"https:\/\/maranhaotv.com.br\/index.php\/2020\/04\/03\/clima-tenso-entre-ministro-da-saude-e-presidente-bolsonaro\/#primaryimage"},"thumbnailUrl":"","datePublished":"2020-04-03T20:11:58+00:00","breadcrumb":{"@id":"https:\/\/maranhaotv.com.br\/index.php\/2020\/04\/03\/clima-tenso-entre-ministro-da-saude-e-presidente-bolsonaro\/#breadcrumb"},"inLanguage":"pt-BR","potentialAction":[{"@type":"ReadAction","target":["https:\/\/maranhaotv.com.br\/index.php\/2020\/04\/03\/clima-tenso-entre-ministro-da-saude-e-presidente-bolsonaro\/"]}]},{"@type":"ImageObject","inLanguage":"pt-BR","@id":"https:\/\/maranhaotv.com.br\/index.php\/2020\/04\/03\/clima-tenso-entre-ministro-da-saude-e-presidente-bolsonaro\/#primaryimage","url":"","contentUrl":""},{"@type":"BreadcrumbList","@id":"https:\/\/maranhaotv.com.br\/index.php\/2020\/04\/03\/clima-tenso-entre-ministro-da-saude-e-presidente-bolsonaro\/#breadcrumb","itemListElement":[{"@type":"ListItem","position":1,"name":"In\u00edcio","item":"https:\/\/maranhaotv.com.br\/"},{"@type":"ListItem","position":2,"name":"Clima tenso entre Ministro da Sa\u00fade e presidente Bolsonaro"}]},{"@type":"WebSite","@id":"https:\/\/maranhaotv.com.br\/#website","url":"https:\/\/maranhaotv.com.br\/","name":"Maranh\u00e3oTV","description":"","publisher":{"@id":"https:\/\/maranhaotv.com.br\/#organization"},"potentialAction":[{"@type":"SearchAction","target":{"@type":"EntryPoint","urlTemplate":"https:\/\/maranhaotv.com.br\/?s={search_term_string}"},"query-input":{"@type":"PropertyValueSpecification","valueRequired":true,"valueName":"search_term_string"}}],"inLanguage":"pt-BR"},{"@type":"Organization","@id":"https:\/\/maranhaotv.com.br\/#organization","name":"Portal de Not\u00edcias","url":"https:\/\/maranhaotv.com.br\/","logo":{"@type":"ImageObject","inLanguage":"pt-BR","@id":"https:\/\/maranhaotv.com.br\/#\/schema\/logo\/image\/","url":"https:\/\/maranhaotv.com.br\/wp-content\/uploads\/2024\/05\/cropped-cropped-avatar-1.png","contentUrl":"https:\/\/maranhaotv.com.br\/wp-content\/uploads\/2024\/05\/cropped-cropped-avatar-1.png","width":792,"height":428,"caption":"Portal de Not\u00edcias"},"image":{"@id":"https:\/\/maranhaotv.com.br\/#\/schema\/logo\/image\/"},"sameAs":["https:\/\/www.facebook.com\/maiobaotv","https:\/\/x.com\/sitemaranhaotv","https:\/\/www.instagram.com\/maranhao.tv","https:\/\/www.threads.net\/@maranhao.tv"]},{"@type":"Person","@id":"https:\/\/maranhaotv.com.br\/#\/schema\/person\/3d54238e86b20bb5c89ab2fdb8f8829a","name":"maranhaotv","image":{"@type":"ImageObject","inLanguage":"pt-BR","@id":"https:\/\/secure.gravatar.com\/avatar\/8fadbca458d4cb68b1dd399ae9a40618d747bb1af65ac9fad21c89220a143eb4?s=96&d=mm&r=g","url":"https:\/\/secure.gravatar.com\/avatar\/8fadbca458d4cb68b1dd399ae9a40618d747bb1af65ac9fad21c89220a143eb4?s=96&d=mm&r=g","contentUrl":"https:\/\/secure.gravatar.com\/avatar\/8fadbca458d4cb68b1dd399ae9a40618d747bb1af65ac9fad21c89220a143eb4?s=96&d=mm&r=g","caption":"maranhaotv"},"sameAs":["https:\/\/maranhaotv.com.br\/"],"url":"https:\/\/maranhaotv.com.br\/index.php\/author\/maranhaotv\/"}]}},"jetpack_featured_media_url":"","jetpack_sharing_enabled":true,"_links":{"self":[{"href":"https:\/\/maranhaotv.com.br\/index.php\/wp-json\/wp\/v2\/posts\/10858","targetHints":{"allow":["GET"]}}],"collection":[{"href":"https:\/\/maranhaotv.com.br\/index.php\/wp-json\/wp\/v2\/posts"}],"about":[{"href":"https:\/\/maranhaotv.com.br\/index.php\/wp-json\/wp\/v2\/types\/post"}],"author":[{"embeddable":true,"href":"https:\/\/maranhaotv.com.br\/index.php\/wp-json\/wp\/v2\/users\/2"}],"replies":[{"embeddable":true,"href":"https:\/\/maranhaotv.com.br\/index.php\/wp-json\/wp\/v2\/comments?post=10858"}],"version-history":[{"count":0,"href":"https:\/\/maranhaotv.com.br\/index.php\/wp-json\/wp\/v2\/posts\/10858\/revisions"}],"wp:featuredmedia":[{"embeddable":true,"href":"https:\/\/maranhaotv.com.br\/index.php\/wp-json\/"}],"wp:attachment":[{"href":"https:\/\/maranhaotv.com.br\/index.php\/wp-json\/wp\/v2\/media?parent=10858"}],"wp:term":[{"taxonomy":"category","embeddable":true,"href":"https:\/\/maranhaotv.com.br\/index.php\/wp-json\/wp\/v2\/categories?post=10858"},{"taxonomy":"post_tag","embeddable":true,"href":"https:\/\/maranhaotv.com.br\/index.php\/wp-json\/wp\/v2\/tags?post=10858"}],"curies":[{"name":"wp","href":"https:\/\/api.w.org\/{rel}","templated":true}]}}