{"id":10941,"date":"2020-04-07T09:14:47","date_gmt":"2020-04-07T12:14:47","guid":{"rendered":"https:\/\/maiobaotv.com.br\/?p=10941"},"modified":"2020-04-07T09:14:47","modified_gmt":"2020-04-07T12:14:47","slug":"bomba-vice-acusa-prefeito-de-gastar-r200-mil-por-mes-com-funcionarios-fantasmas","status":"publish","type":"post","link":"https:\/\/maranhaotv.com.br\/index.php\/2020\/04\/07\/bomba-vice-acusa-prefeito-de-gastar-r200-mil-por-mes-com-funcionarios-fantasmas\/","title":{"rendered":"Bomba: Vice acusa prefeito de gastar R$200 mil por m\u00eas com funcion\u00e1rios fantasmas"},"content":{"rendered":"<p>O vice-prefeito da cidade de Coroat\u00e1, Domingos Alberto (PSB), fez revela\u00e7\u00f5es bomb\u00e1sticas sobre a condu\u00e7\u00e3o de Lu\u00eds da Amovelar Filho (PT) \u00e0 frente da prefeitura.<\/p>\n<p>Em entrevista \u00e0 TV Bandeirantes, Domingos revelou que o prefeito \u00e9 ausente do munic\u00edpio, n\u00e3o mora e n\u00e3o representa a cidade, pois quem &#8220;senta na cadeira&#8221; \u00e9 o pai, ex-prefeito Lu\u00eds da Amovelar, onde o mesmo afirma que humilha aliados com frequ\u00eancia.<\/p>\n<p>\u201cEle \u00e9 uma pessoa, que eu por v\u00e1rias vezes conversei com o prefeito: vamos conversar com teu pai, voc\u00ea tem que ficar aqui, voc\u00ea t\u00e1 ausente da cidade, voc\u00ea est\u00e1 estudando l\u00e1. N\u00e3o sou contra voc\u00ea estudar, mas pra voc\u00ea ir pra uma reelei\u00e7\u00e3o, do jeito que t\u00e1 essa rejei\u00e7\u00e3o do nosso grupo \u00e9 muito dif\u00edcil.\u201d Disse ele em uma parte da entrevista.<\/p>\n<p>\u201cO pai quer ter o dom\u00ednio total, ficar sentado na cadeira, humilhando um, humilhando outro n\u00e9, despachando como prefeito, tentando fazer gra\u00e7a pra outro. Humilhando mesmo, maltratando de forma bem grosseira. Isso j\u00e1 aconteceu com v\u00e1rias pessoas de chegar pra mim chorando de nunca mais pisar na prefeitura.\u201d Completou Domingos.<\/p>\n<p>O ponto alto da entrevista, foi quando o vice-prefeito acusa a prefeitura de manter funcion\u00e1rios fantasmas na folga de pagamento.<\/p>\n<p>\u201cQuase R$ 200 mil reais para pessoas que recebem sem trabalhar. Pessoas que estudam fora, moram fora. Uma fam\u00edlia que eu n\u00e3o vou citar nomes, v\u00e1rias pessoas dessa fam\u00edlia recebendo sem trabalhar, e a\u00ed quando eu dei essa press\u00e3o isso deu um \u201crebuli\u00e7o\u201d muito grande. Eu sou totalmente contra receber sem trabalhar.\u201d Afirmou Domingos Alberto.<\/p>\n<p>Lu\u00eds da Amovelar Filho, era visto frequentemente em farras luxuosas na capital, distante da sua cidade, a reelei\u00e7\u00e3o do prefeito est\u00e1 a cada dia mais distante.<\/p>\n<p>https:\/\/youtu.be\/9wvaY_zZwFo<\/p>\n","protected":false},"excerpt":{"rendered":"<p>O vice-prefeito da cidade de Coroat\u00e1, Domingos Alberto (PSB), fez revela\u00e7\u00f5es bomb\u00e1sticas sobre a condu\u00e7\u00e3o de Lu\u00eds da Amovelar Filho<\/p>\n","protected":false},"author":2,"featured_media":10942,"comment_status":"open","ping_status":"open","sticky":false,"template":"","format":"standard","meta":{"colormag_page_container_layout":"default_layout","colormag_page_sidebar_layout":"default_layout","_jetpack_memberships_contains_paid_content":false,"footnotes":""},"categories":[2,6],"tags":[],"class_list":["post-10941","post","type-post","status-publish","format-standard","has-post-thumbnail","hentry","category-noticias","category-politica"],"magazineBlocksPostFeaturedMedia":{"thumbnail":false,"medium":false,"medium_large":false,"large":false,"1536x1536":false,"2048x2048":false,"colormag-highlighted-post":false,"colormag-featured-post-medium":false,"colormag-featured-post-small":false,"colormag-featured-image":false,"colormag-default-news":false,"colormag-featured-image-large":false},"magazineBlocksPostAuthor":{"name":"maranhaotv","avatar":"https:\/\/secure.gravatar.com\/avatar\/8fadbca458d4cb68b1dd399ae9a40618d747bb1af65ac9fad21c89220a143eb4?s=96&d=mm&r=g"},"magazineBlocksPostCommentsNumber":"0","magazineBlocksPostExcerpt":"O vice-prefeito da cidade de Coroat\u00e1, Domingos Alberto (PSB), fez revela\u00e7\u00f5es bomb\u00e1sticas sobre a condu\u00e7\u00e3o de Lu\u00eds da Amovelar Filho","magazineBlocksPostCategories":["not\u00edcias","pol\u00edtica"],"magazineBlocksPostViewCount":177,"magazineBlocksPostReadTime":2,"magazine_blocks_featured_image_url":{"full":false,"medium":false,"thumbnail":false},"magazine_blocks_author":{"display_name":"maranhaotv","author_link":"https:\/\/maranhaotv.com.br\/index.php\/author\/maranhaotv\/"},"magazine_blocks_comment":0,"magazine_blocks_author_image":"https:\/\/secure.gravatar.com\/avatar\/8fadbca458d4cb68b1dd399ae9a40618d747bb1af65ac9fad21c89220a143eb4?s=96&d=mm&r=g","magazine_blocks_category":"<a href=\"#\" class=\"category-link category-link-2\">not\u00edcias<\/a> <a href=\"#\" class=\"category-link category-link-6\">pol\u00edtica<\/a>","yoast_head":"<!-- This site is optimized with the Yoast SEO plugin v27.4 - https:\/\/yoast.com\/product\/yoast-seo-wordpress\/ -->\n<title>Bomba: Vice acusa prefeito de gastar R$200 mil por m\u00eas com funcion\u00e1rios fantasmas - NOT\u00cdCIAS EM TEMPO REAL<\/title>\n<meta name=\"robots\" content=\"index, follow, max-snippet:-1, max-image-preview:large, max-video-preview:-1\" \/>\n<link rel=\"canonical\" href=\"https:\/\/maranhaotv.com.br\/index.php\/2020\/04\/07\/bomba-vice-acusa-prefeito-de-gastar-r200-mil-por-mes-com-funcionarios-fantasmas\/\" \/>\n<meta property=\"og:locale\" content=\"pt_BR\" \/>\n<meta property=\"og:type\" content=\"article\" \/>\n<meta property=\"og:title\" content=\"Bomba: Vice acusa prefeito de gastar R$200 mil por m\u00eas com funcion\u00e1rios fantasmas - NOT\u00cdCIAS EM TEMPO REAL\" \/>\n<meta property=\"og:description\" content=\"O vice-prefeito da cidade de Coroat\u00e1, Domingos Alberto (PSB), fez revela\u00e7\u00f5es bomb\u00e1sticas sobre a condu\u00e7\u00e3o de Lu\u00eds da Amovelar Filho\" \/>\n<meta property=\"og:url\" content=\"https:\/\/maranhaotv.com.br\/index.php\/2020\/04\/07\/bomba-vice-acusa-prefeito-de-gastar-r200-mil-por-mes-com-funcionarios-fantasmas\/\" \/>\n<meta property=\"og:site_name\" content=\"NOT\u00cdCIAS EM TEMPO REAL\" \/>\n<meta property=\"article:publisher\" content=\"https:\/\/www.facebook.com\/maiobaotv\" \/>\n<meta property=\"article:published_time\" content=\"2020-04-07T12:14:47+00:00\" \/>\n<meta name=\"author\" content=\"maranhaotv\" \/>\n<meta name=\"twitter:card\" content=\"summary_large_image\" \/>\n<meta name=\"twitter:creator\" content=\"@sitemaranhaotv\" \/>\n<meta name=\"twitter:site\" content=\"@sitemaranhaotv\" \/>\n<meta name=\"twitter:label1\" content=\"Escrito por\" \/>\n\t<meta name=\"twitter:data1\" content=\"maranhaotv\" \/>\n\t<meta name=\"twitter:label2\" content=\"Est. tempo de leitura\" \/>\n\t<meta name=\"twitter:data2\" content=\"2 minutos\" \/>\n<script type=\"application\/ld+json\" class=\"yoast-schema-graph\">{\"@context\":\"https:\\\/\\\/schema.org\",\"@graph\":[{\"@type\":\"Article\",\"@id\":\"https:\\\/\\\/maranhaotv.com.br\\\/index.php\\\/2020\\\/04\\\/07\\\/bomba-vice-acusa-prefeito-de-gastar-r200-mil-por-mes-com-funcionarios-fantasmas\\\/#article\",\"isPartOf\":{\"@id\":\"https:\\\/\\\/maranhaotv.com.br\\\/index.php\\\/2020\\\/04\\\/07\\\/bomba-vice-acusa-prefeito-de-gastar-r200-mil-por-mes-com-funcionarios-fantasmas\\\/\"},\"author\":{\"name\":\"maranhaotv\",\"@id\":\"https:\\\/\\\/maranhaotv.com.br\\\/#\\\/schema\\\/person\\\/3d54238e86b20bb5c89ab2fdb8f8829a\"},\"headline\":\"Bomba: Vice acusa prefeito de gastar R$200 mil por m\u00eas com funcion\u00e1rios fantasmas\",\"datePublished\":\"2020-04-07T12:14:47+00:00\",\"mainEntityOfPage\":{\"@id\":\"https:\\\/\\\/maranhaotv.com.br\\\/index.php\\\/2020\\\/04\\\/07\\\/bomba-vice-acusa-prefeito-de-gastar-r200-mil-por-mes-com-funcionarios-fantasmas\\\/\"},\"wordCount\":320,\"commentCount\":0,\"publisher\":{\"@id\":\"https:\\\/\\\/maranhaotv.com.br\\\/#organization\"},\"image\":{\"@id\":\"https:\\\/\\\/maranhaotv.com.br\\\/index.php\\\/2020\\\/04\\\/07\\\/bomba-vice-acusa-prefeito-de-gastar-r200-mil-por-mes-com-funcionarios-fantasmas\\\/#primaryimage\"},\"thumbnailUrl\":\"\",\"articleSection\":[\"not\u00edcias\",\"pol\u00edtica\"],\"inLanguage\":\"pt-BR\",\"potentialAction\":[{\"@type\":\"CommentAction\",\"name\":\"Comment\",\"target\":[\"https:\\\/\\\/maranhaotv.com.br\\\/index.php\\\/2020\\\/04\\\/07\\\/bomba-vice-acusa-prefeito-de-gastar-r200-mil-por-mes-com-funcionarios-fantasmas\\\/#respond\"]}]},{\"@type\":\"WebPage\",\"@id\":\"https:\\\/\\\/maranhaotv.com.br\\\/index.php\\\/2020\\\/04\\\/07\\\/bomba-vice-acusa-prefeito-de-gastar-r200-mil-por-mes-com-funcionarios-fantasmas\\\/\",\"url\":\"https:\\\/\\\/maranhaotv.com.br\\\/index.php\\\/2020\\\/04\\\/07\\\/bomba-vice-acusa-prefeito-de-gastar-r200-mil-por-mes-com-funcionarios-fantasmas\\\/\",\"name\":\"Bomba: Vice acusa prefeito de gastar R$200 mil por m\u00eas com funcion\u00e1rios fantasmas - NOT\u00cdCIAS EM TEMPO REAL\",\"isPartOf\":{\"@id\":\"https:\\\/\\\/maranhaotv.com.br\\\/#website\"},\"primaryImageOfPage\":{\"@id\":\"https:\\\/\\\/maranhaotv.com.br\\\/index.php\\\/2020\\\/04\\\/07\\\/bomba-vice-acusa-prefeito-de-gastar-r200-mil-por-mes-com-funcionarios-fantasmas\\\/#primaryimage\"},\"image\":{\"@id\":\"https:\\\/\\\/maranhaotv.com.br\\\/index.php\\\/2020\\\/04\\\/07\\\/bomba-vice-acusa-prefeito-de-gastar-r200-mil-por-mes-com-funcionarios-fantasmas\\\/#primaryimage\"},\"thumbnailUrl\":\"\",\"datePublished\":\"2020-04-07T12:14:47+00:00\",\"breadcrumb\":{\"@id\":\"https:\\\/\\\/maranhaotv.com.br\\\/index.php\\\/2020\\\/04\\\/07\\\/bomba-vice-acusa-prefeito-de-gastar-r200-mil-por-mes-com-funcionarios-fantasmas\\\/#breadcrumb\"},\"inLanguage\":\"pt-BR\",\"potentialAction\":[{\"@type\":\"ReadAction\",\"target\":[\"https:\\\/\\\/maranhaotv.com.br\\\/index.php\\\/2020\\\/04\\\/07\\\/bomba-vice-acusa-prefeito-de-gastar-r200-mil-por-mes-com-funcionarios-fantasmas\\\/\"]}]},{\"@type\":\"ImageObject\",\"inLanguage\":\"pt-BR\",\"@id\":\"https:\\\/\\\/maranhaotv.com.br\\\/index.php\\\/2020\\\/04\\\/07\\\/bomba-vice-acusa-prefeito-de-gastar-r200-mil-por-mes-com-funcionarios-fantasmas\\\/#primaryimage\",\"url\":\"\",\"contentUrl\":\"\"},{\"@type\":\"BreadcrumbList\",\"@id\":\"https:\\\/\\\/maranhaotv.com.br\\\/index.php\\\/2020\\\/04\\\/07\\\/bomba-vice-acusa-prefeito-de-gastar-r200-mil-por-mes-com-funcionarios-fantasmas\\\/#breadcrumb\",\"itemListElement\":[{\"@type\":\"ListItem\",\"position\":1,\"name\":\"In\u00edcio\",\"item\":\"https:\\\/\\\/maranhaotv.com.br\\\/\"},{\"@type\":\"ListItem\",\"position\":2,\"name\":\"Bomba: Vice acusa prefeito de gastar R$200 mil por m\u00eas com funcion\u00e1rios fantasmas\"}]},{\"@type\":\"WebSite\",\"@id\":\"https:\\\/\\\/maranhaotv.com.br\\\/#website\",\"url\":\"https:\\\/\\\/maranhaotv.com.br\\\/\",\"name\":\"Maranh\u00e3oTV\",\"description\":\"\",\"publisher\":{\"@id\":\"https:\\\/\\\/maranhaotv.com.br\\\/#organization\"},\"potentialAction\":[{\"@type\":\"SearchAction\",\"target\":{\"@type\":\"EntryPoint\",\"urlTemplate\":\"https:\\\/\\\/maranhaotv.com.br\\\/?s={search_term_string}\"},\"query-input\":{\"@type\":\"PropertyValueSpecification\",\"valueRequired\":true,\"valueName\":\"search_term_string\"}}],\"inLanguage\":\"pt-BR\"},{\"@type\":\"Organization\",\"@id\":\"https:\\\/\\\/maranhaotv.com.br\\\/#organization\",\"name\":\"Portal de Not\u00edcias\",\"url\":\"https:\\\/\\\/maranhaotv.com.br\\\/\",\"logo\":{\"@type\":\"ImageObject\",\"inLanguage\":\"pt-BR\",\"@id\":\"https:\\\/\\\/maranhaotv.com.br\\\/#\\\/schema\\\/logo\\\/image\\\/\",\"url\":\"https:\\\/\\\/maranhaotv.com.br\\\/wp-content\\\/uploads\\\/2024\\\/05\\\/cropped-cropped-avatar-1.png\",\"contentUrl\":\"https:\\\/\\\/maranhaotv.com.br\\\/wp-content\\\/uploads\\\/2024\\\/05\\\/cropped-cropped-avatar-1.png\",\"width\":792,\"height\":428,\"caption\":\"Portal de Not\u00edcias\"},\"image\":{\"@id\":\"https:\\\/\\\/maranhaotv.com.br\\\/#\\\/schema\\\/logo\\\/image\\\/\"},\"sameAs\":[\"https:\\\/\\\/www.facebook.com\\\/maiobaotv\",\"https:\\\/\\\/x.com\\\/sitemaranhaotv\",\"https:\\\/\\\/www.instagram.com\\\/maranhao.tv\",\"https:\\\/\\\/www.threads.net\\\/@maranhao.tv\"]},{\"@type\":\"Person\",\"@id\":\"https:\\\/\\\/maranhaotv.com.br\\\/#\\\/schema\\\/person\\\/3d54238e86b20bb5c89ab2fdb8f8829a\",\"name\":\"maranhaotv\",\"image\":{\"@type\":\"ImageObject\",\"inLanguage\":\"pt-BR\",\"@id\":\"https:\\\/\\\/secure.gravatar.com\\\/avatar\\\/8fadbca458d4cb68b1dd399ae9a40618d747bb1af65ac9fad21c89220a143eb4?s=96&d=mm&r=g\",\"url\":\"https:\\\/\\\/secure.gravatar.com\\\/avatar\\\/8fadbca458d4cb68b1dd399ae9a40618d747bb1af65ac9fad21c89220a143eb4?s=96&d=mm&r=g\",\"contentUrl\":\"https:\\\/\\\/secure.gravatar.com\\\/avatar\\\/8fadbca458d4cb68b1dd399ae9a40618d747bb1af65ac9fad21c89220a143eb4?s=96&d=mm&r=g\",\"caption\":\"maranhaotv\"},\"sameAs\":[\"https:\\\/\\\/maranhaotv.com.br\\\/\"],\"url\":\"https:\\\/\\\/maranhaotv.com.br\\\/index.php\\\/author\\\/maranhaotv\\\/\"}]}<\/script>\n<!-- \/ Yoast SEO plugin. -->","yoast_head_json":{"title":"Bomba: Vice acusa prefeito de gastar R$200 mil por m\u00eas com funcion\u00e1rios fantasmas - NOT\u00cdCIAS EM TEMPO REAL","robots":{"index":"index","follow":"follow","max-snippet":"max-snippet:-1","max-image-preview":"max-image-preview:large","max-video-preview":"max-video-preview:-1"},"canonical":"https:\/\/maranhaotv.com.br\/index.php\/2020\/04\/07\/bomba-vice-acusa-prefeito-de-gastar-r200-mil-por-mes-com-funcionarios-fantasmas\/","og_locale":"pt_BR","og_type":"article","og_title":"Bomba: Vice acusa prefeito de gastar R$200 mil por m\u00eas com funcion\u00e1rios fantasmas - NOT\u00cdCIAS EM TEMPO REAL","og_description":"O vice-prefeito da cidade de Coroat\u00e1, Domingos Alberto (PSB), fez revela\u00e7\u00f5es bomb\u00e1sticas sobre a condu\u00e7\u00e3o de Lu\u00eds da Amovelar Filho","og_url":"https:\/\/maranhaotv.com.br\/index.php\/2020\/04\/07\/bomba-vice-acusa-prefeito-de-gastar-r200-mil-por-mes-com-funcionarios-fantasmas\/","og_site_name":"NOT\u00cdCIAS EM TEMPO REAL","article_publisher":"https:\/\/www.facebook.com\/maiobaotv","article_published_time":"2020-04-07T12:14:47+00:00","author":"maranhaotv","twitter_card":"summary_large_image","twitter_creator":"@sitemaranhaotv","twitter_site":"@sitemaranhaotv","twitter_misc":{"Escrito por":"maranhaotv","Est. tempo de leitura":"2 minutos"},"schema":{"@context":"https:\/\/schema.org","@graph":[{"@type":"Article","@id":"https:\/\/maranhaotv.com.br\/index.php\/2020\/04\/07\/bomba-vice-acusa-prefeito-de-gastar-r200-mil-por-mes-com-funcionarios-fantasmas\/#article","isPartOf":{"@id":"https:\/\/maranhaotv.com.br\/index.php\/2020\/04\/07\/bomba-vice-acusa-prefeito-de-gastar-r200-mil-por-mes-com-funcionarios-fantasmas\/"},"author":{"name":"maranhaotv","@id":"https:\/\/maranhaotv.com.br\/#\/schema\/person\/3d54238e86b20bb5c89ab2fdb8f8829a"},"headline":"Bomba: Vice acusa prefeito de gastar R$200 mil por m\u00eas com funcion\u00e1rios fantasmas","datePublished":"2020-04-07T12:14:47+00:00","mainEntityOfPage":{"@id":"https:\/\/maranhaotv.com.br\/index.php\/2020\/04\/07\/bomba-vice-acusa-prefeito-de-gastar-r200-mil-por-mes-com-funcionarios-fantasmas\/"},"wordCount":320,"commentCount":0,"publisher":{"@id":"https:\/\/maranhaotv.com.br\/#organization"},"image":{"@id":"https:\/\/maranhaotv.com.br\/index.php\/2020\/04\/07\/bomba-vice-acusa-prefeito-de-gastar-r200-mil-por-mes-com-funcionarios-fantasmas\/#primaryimage"},"thumbnailUrl":"","articleSection":["not\u00edcias","pol\u00edtica"],"inLanguage":"pt-BR","potentialAction":[{"@type":"CommentAction","name":"Comment","target":["https:\/\/maranhaotv.com.br\/index.php\/2020\/04\/07\/bomba-vice-acusa-prefeito-de-gastar-r200-mil-por-mes-com-funcionarios-fantasmas\/#respond"]}]},{"@type":"WebPage","@id":"https:\/\/maranhaotv.com.br\/index.php\/2020\/04\/07\/bomba-vice-acusa-prefeito-de-gastar-r200-mil-por-mes-com-funcionarios-fantasmas\/","url":"https:\/\/maranhaotv.com.br\/index.php\/2020\/04\/07\/bomba-vice-acusa-prefeito-de-gastar-r200-mil-por-mes-com-funcionarios-fantasmas\/","name":"Bomba: Vice acusa prefeito de gastar R$200 mil por m\u00eas com funcion\u00e1rios fantasmas - NOT\u00cdCIAS EM TEMPO REAL","isPartOf":{"@id":"https:\/\/maranhaotv.com.br\/#website"},"primaryImageOfPage":{"@id":"https:\/\/maranhaotv.com.br\/index.php\/2020\/04\/07\/bomba-vice-acusa-prefeito-de-gastar-r200-mil-por-mes-com-funcionarios-fantasmas\/#primaryimage"},"image":{"@id":"https:\/\/maranhaotv.com.br\/index.php\/2020\/04\/07\/bomba-vice-acusa-prefeito-de-gastar-r200-mil-por-mes-com-funcionarios-fantasmas\/#primaryimage"},"thumbnailUrl":"","datePublished":"2020-04-07T12:14:47+00:00","breadcrumb":{"@id":"https:\/\/maranhaotv.com.br\/index.php\/2020\/04\/07\/bomba-vice-acusa-prefeito-de-gastar-r200-mil-por-mes-com-funcionarios-fantasmas\/#breadcrumb"},"inLanguage":"pt-BR","potentialAction":[{"@type":"ReadAction","target":["https:\/\/maranhaotv.com.br\/index.php\/2020\/04\/07\/bomba-vice-acusa-prefeito-de-gastar-r200-mil-por-mes-com-funcionarios-fantasmas\/"]}]},{"@type":"ImageObject","inLanguage":"pt-BR","@id":"https:\/\/maranhaotv.com.br\/index.php\/2020\/04\/07\/bomba-vice-acusa-prefeito-de-gastar-r200-mil-por-mes-com-funcionarios-fantasmas\/#primaryimage","url":"","contentUrl":""},{"@type":"BreadcrumbList","@id":"https:\/\/maranhaotv.com.br\/index.php\/2020\/04\/07\/bomba-vice-acusa-prefeito-de-gastar-r200-mil-por-mes-com-funcionarios-fantasmas\/#breadcrumb","itemListElement":[{"@type":"ListItem","position":1,"name":"In\u00edcio","item":"https:\/\/maranhaotv.com.br\/"},{"@type":"ListItem","position":2,"name":"Bomba: Vice acusa prefeito de gastar R$200 mil por m\u00eas com funcion\u00e1rios fantasmas"}]},{"@type":"WebSite","@id":"https:\/\/maranhaotv.com.br\/#website","url":"https:\/\/maranhaotv.com.br\/","name":"Maranh\u00e3oTV","description":"","publisher":{"@id":"https:\/\/maranhaotv.com.br\/#organization"},"potentialAction":[{"@type":"SearchAction","target":{"@type":"EntryPoint","urlTemplate":"https:\/\/maranhaotv.com.br\/?s={search_term_string}"},"query-input":{"@type":"PropertyValueSpecification","valueRequired":true,"valueName":"search_term_string"}}],"inLanguage":"pt-BR"},{"@type":"Organization","@id":"https:\/\/maranhaotv.com.br\/#organization","name":"Portal de Not\u00edcias","url":"https:\/\/maranhaotv.com.br\/","logo":{"@type":"ImageObject","inLanguage":"pt-BR","@id":"https:\/\/maranhaotv.com.br\/#\/schema\/logo\/image\/","url":"https:\/\/maranhaotv.com.br\/wp-content\/uploads\/2024\/05\/cropped-cropped-avatar-1.png","contentUrl":"https:\/\/maranhaotv.com.br\/wp-content\/uploads\/2024\/05\/cropped-cropped-avatar-1.png","width":792,"height":428,"caption":"Portal de Not\u00edcias"},"image":{"@id":"https:\/\/maranhaotv.com.br\/#\/schema\/logo\/image\/"},"sameAs":["https:\/\/www.facebook.com\/maiobaotv","https:\/\/x.com\/sitemaranhaotv","https:\/\/www.instagram.com\/maranhao.tv","https:\/\/www.threads.net\/@maranhao.tv"]},{"@type":"Person","@id":"https:\/\/maranhaotv.com.br\/#\/schema\/person\/3d54238e86b20bb5c89ab2fdb8f8829a","name":"maranhaotv","image":{"@type":"ImageObject","inLanguage":"pt-BR","@id":"https:\/\/secure.gravatar.com\/avatar\/8fadbca458d4cb68b1dd399ae9a40618d747bb1af65ac9fad21c89220a143eb4?s=96&d=mm&r=g","url":"https:\/\/secure.gravatar.com\/avatar\/8fadbca458d4cb68b1dd399ae9a40618d747bb1af65ac9fad21c89220a143eb4?s=96&d=mm&r=g","contentUrl":"https:\/\/secure.gravatar.com\/avatar\/8fadbca458d4cb68b1dd399ae9a40618d747bb1af65ac9fad21c89220a143eb4?s=96&d=mm&r=g","caption":"maranhaotv"},"sameAs":["https:\/\/maranhaotv.com.br\/"],"url":"https:\/\/maranhaotv.com.br\/index.php\/author\/maranhaotv\/"}]}},"jetpack_featured_media_url":"","jetpack_sharing_enabled":true,"_links":{"self":[{"href":"https:\/\/maranhaotv.com.br\/index.php\/wp-json\/wp\/v2\/posts\/10941","targetHints":{"allow":["GET"]}}],"collection":[{"href":"https:\/\/maranhaotv.com.br\/index.php\/wp-json\/wp\/v2\/posts"}],"about":[{"href":"https:\/\/maranhaotv.com.br\/index.php\/wp-json\/wp\/v2\/types\/post"}],"author":[{"embeddable":true,"href":"https:\/\/maranhaotv.com.br\/index.php\/wp-json\/wp\/v2\/users\/2"}],"replies":[{"embeddable":true,"href":"https:\/\/maranhaotv.com.br\/index.php\/wp-json\/wp\/v2\/comments?post=10941"}],"version-history":[{"count":0,"href":"https:\/\/maranhaotv.com.br\/index.php\/wp-json\/wp\/v2\/posts\/10941\/revisions"}],"wp:featuredmedia":[{"embeddable":true,"href":"https:\/\/maranhaotv.com.br\/index.php\/wp-json\/"}],"wp:attachment":[{"href":"https:\/\/maranhaotv.com.br\/index.php\/wp-json\/wp\/v2\/media?parent=10941"}],"wp:term":[{"taxonomy":"category","embeddable":true,"href":"https:\/\/maranhaotv.com.br\/index.php\/wp-json\/wp\/v2\/categories?post=10941"},{"taxonomy":"post_tag","embeddable":true,"href":"https:\/\/maranhaotv.com.br\/index.php\/wp-json\/wp\/v2\/tags?post=10941"}],"curies":[{"name":"wp","href":"https:\/\/api.w.org\/{rel}","templated":true}]}}