{"id":11118,"date":"2020-04-13T21:54:38","date_gmt":"2020-04-14T00:54:38","guid":{"rendered":"https:\/\/maiobaotv.com.br\/?p=11118"},"modified":"2020-04-13T21:54:38","modified_gmt":"2020-04-14T00:54:38","slug":"viana-prefeitura-reune-com-comerciantes-para-discutir-medidas-preventivas-contra-o-coronavirus","status":"publish","type":"post","link":"https:\/\/maranhaotv.com.br\/index.php\/2020\/04\/13\/viana-prefeitura-reune-com-comerciantes-para-discutir-medidas-preventivas-contra-o-coronavirus\/","title":{"rendered":"Viana: Prefeitura re\u00fane com comerciantes para discutir medidas preventivas contra o Coronav\u00edrus"},"content":{"rendered":"<p>A Prefeitura de Viana, reuniu na manh\u00e3 de hoje com comerciantes da cidade para discutir medidas preventivas contra o v\u00edrus Covid-19.<br>A reuni\u00e3o se deu na C\u00e2mara Municipal de Viana, e estiveram presentes o prefeito, Procuradoria do Munic\u00edpio, Secret\u00e1ria Municipal de Sa\u00fade, vereadores e comerciantes.<br>A maioria das pessoas presentes eram comerciantes de servi\u00e7os n\u00e3o essenciais, que buscavam uma di\u00e1logo que pudesse flexibilizar a\u00e7\u00f5es e estabelecer regras para que os mesmos possam, de certa forma, voltar a vender seus produtos, desde que se adequem \u00e0s medidas adotadas pela OMS (Organiza\u00e7\u00e3o Mundial de Sa\u00fade).<br>O principal ponto foi a discuss\u00e3o e explana\u00e7\u00e3o do DECRETO N. 097 DE 13 DE ABRIL DE 2020, que disp\u00f5e sobre regras de funcionamento de atividades econ\u00f4micas e do servi\u00e7o p\u00fablico no Municipio de Viana em raz\u00e3o da preven\u00e7\u00e3o combate a COVID-19 e d\u00e1 outras provid\u00eancias.<br>Dentre algumas determina\u00e7\u00f5es, segundo o Decreto, fica mantida a pr\u00e1tica do distanciamento social, como forma de evitar a transmiss\u00e3o comunit\u00e1ria da COVID-19 e prolifera\u00e7\u00e3o do virus no Municipio de Viana. proporcionar o achatamento da curva de prolifera\u00e7\u00e3o do v\u00edrus no Munic\u00edpio de Viana.<\/p><p>Tamb\u00e9m \u00e9 vedada qualquer aglomera\u00e7\u00e3o de pessoas em local p\u00fablico ou privado em todo territ\u00f3rio do municipio em face da realiza\u00e7\u00e3o de eventos como shows, congressos, plen\u00e1rias, torneios, jogos, festas em casas noturnas e similares, academias e centros esportivos em geral.<\/p><p>Art.3\u00b0 Obrigatoriamente devem permanecer em isolamento social (em casa):<\/p><p>1- pessoas com idade igual ou superior a 60 (sessenta) anos; Il &#8211; crian\u00e7as (0 a 12 anos):<\/p><p>III &#8211; imunossuprimidos independente da idade; IV &#8211; portadores de doen\u00e7as cr\u00f4nicas:<\/p><p>V-gestantes e lactantes.<\/p><p>No Decreto, emitido com data de hoje, 13, ainda disp\u00f5e que \u00e9 de responsabilidade das empresas fornecer m\u00e1scaras, ainda que de tecido, para todos os funcion\u00e1rios,<br>controlar a lota\u00e7\u00e3o de 1 (uma) pessoa a cada 3 (tr\u00eas) metros quadrados do estabelecimento, considerando o n\u00famero de funcion\u00e1rios e clientes.<br>Tamb\u00e9m devem organizar filas com distanciamento de 2 (dois) metros entre as pessoas, por meio de marca\u00e7\u00e3o no solo ou uso de balizadores, interna e externamente, se necess\u00e1rio, controlar o acesso de entrada.<br>S\u00f3 podem ter acesso apenas 1 (um) representante por familia em mercados, supermercados e farm\u00e1cias al\u00e9m de manter a higieniza\u00e7\u00e3o interna e externa dos estabelecimentos com limpeza permanente.<br>As empresas devem adotar, sempre que poss\u00edvel, aplicativos para entregas a domicilio (delivery).<\/p><p>Tamb\u00e9m devem adotar monitoramento di\u00e1rio de sinais e sintomas dos colaboradores\/empregados, e na hip\u00f3tese de suspeita de gripe ou covid-19, deve ser enviado o colaborador para casa, sem preju\u00edzo de sua remunera\u00e7\u00e3o.<\/p><p>Sobre Restaurantes e lanchonetes, os mesmos poder\u00e3o atender ao p\u00fablico, a partir do dia 13 de abril, cumprindo obrigatoriamente com os seguintes requisitos, sob pena de fechamento compuls\u00f3rio:<\/p><p>lota\u00e7\u00e3o de 50% (cinquenta por cento) da capacidade do local;<\/p><p>11- reduzir n\u00famero de mesas e manter distanciamento m\u00ednimo de 2 (dois) metros entre cada mesa;<br>a) lota\u00e7\u00e3o m\u00e1xima de 1 (uma) pessoa a cada 3 (tr\u00eas) metros quadrados;<\/p><p>b) marca\u00e7\u00e3o no solo ou uso de balizadores das filas com distanciamento de 02 (dois metro) entre as pessoas, dentro e fora do estabelecimento;<\/p><p>c) manter a higieniza\u00e7\u00e3o interna e externa dos estabelecimentos com limpeza permanente.<br>Est\u00e3o suspensas, tamb\u00e9m, a realiza\u00e7\u00e3o de todos os eventos p\u00fablicos ou particulares, de qualquer natureza, bem como a concess\u00e3o de licen\u00e7as ou alvar\u00e1s, feiras livres, eventos esportivos de qualquer porte, missas e cultos, podendo as igrejas e templos permanecerem abertas.<\/p><p>Tamb\u00e9m foi mantida a proibi\u00e7\u00e3o de concentra\u00e7\u00e3o e perman\u00eancia em espa\u00e7os p\u00fablicos de usos coletivo como pra\u00e7as e parques, ou privados como casa de eventos ou shows.<\/p><p>Quanto ao calend\u00e1rio escolar, ficou mantido a suspens\u00e3o das aulas presenciais dos alunos de escola p\u00fablica e privada at\u00e9 26 de abril de 2020.<\/p><p>A administra\u00e7\u00e3o manter\u00e1 as barreiras sanit\u00e1rias implementadas nas vias e rodovias do Municipio, como j\u00e1 vem acontecendo desde o in\u00edcio da Pandemia.<\/p><p>A fiscaliza\u00e7\u00e3o das medidas determinadas no decreto ser\u00e3o realizadas pelo PROCON, Guarda Municipal, Vigil\u00e2ncia Sanit\u00e1ria, Agentes de Transito, Secretaria Municipal de Saude, For\u00e7a Estadual, Pol\u00edcia Militar, Corpo de Bombeiros e pelo Comit\u00ea de Enfrentamento ao COVID-19 instituido pelo Municipio.<\/p><p>Importante ressaltar que o hor\u00e1rio para atividades n\u00e3o essenciais devem ser de 8h as 13h de funcionamento.<br>O prefeito Magrado Barros disse que algumas atividades retornar\u00e3o ao seu funcionamento normal com algumas orienta\u00e7\u00f5es e restri\u00e7\u00f5es que vem do Minist\u00e9rio da Sa\u00fade, e que, espera contar com os empres\u00e1rios para evitar situa\u00e7\u00f5es que possam colocar em risco a popula\u00e7\u00e3o.<br><br><img loading=\"lazy\" decoding=\"async\" src=\"https:\/\/maiobaotv.com.br\/wp-content\/uploads\/2020\/04\/img-20200413-wa03365777837046179359683.jpg\" class=\"wp-image-11122 alignnone size-full\" width=\"1280\" height=\"853\" \/><br><img loading=\"lazy\" decoding=\"async\" src=\"https:\/\/maiobaotv.com.br\/wp-content\/uploads\/2020\/04\/img-20200413-wa03357747593706627605277.jpg\" class=\"wp-image-11124 alignnone size-full\" width=\"1280\" height=\"853\" \/><br><img loading=\"lazy\" decoding=\"async\" src=\"https:\/\/maiobaotv.com.br\/wp-content\/uploads\/2020\/04\/img-20200413-wa01965707467939117705850.jpg\" class=\"wp-image-11125 alignnone size-full\" width=\"1280\" height=\"853\" \/><img loading=\"lazy\" decoding=\"async\" src=\"https:\/\/maiobaotv.com.br\/wp-content\/uploads\/2020\/04\/img-20200413-wa01862340810092481117049.jpg\" class=\"wp-image-11127 alignnone size-full\" width=\"1280\" height=\"853\" \/><br><br>Decreto completo abaixo:<\/p><div class=\"wp-block-file\"><a href=\"https:\/\/maiobaotv.com.br\/wp-content\/uploads\/2020\/04\/15868194706346485404104660149654.pdf\">15868194706346485404104660149654<\/a><\/div> <p><\/p>","protected":false},"excerpt":{"rendered":"<p>A Prefeitura de Viana, reuniu na manh\u00e3 de hoje com comerciantes da cidade para discutir medidas preventivas contra o v\u00edrus<\/p>\n","protected":false},"author":2,"featured_media":11130,"comment_status":"open","ping_status":"open","sticky":false,"template":"","format":"standard","meta":{"colormag_page_container_layout":"default_layout","colormag_page_sidebar_layout":"default_layout","_jetpack_memberships_contains_paid_content":false,"footnotes":""},"categories":[2],"tags":[],"class_list":["post-11118","post","type-post","status-publish","format-standard","has-post-thumbnail","hentry","category-noticias"],"magazineBlocksPostFeaturedMedia":{"thumbnail":false,"medium":false,"medium_large":false,"large":false,"1536x1536":false,"2048x2048":false,"colormag-highlighted-post":false,"colormag-featured-post-medium":false,"colormag-featured-post-small":false,"colormag-featured-image":false,"colormag-default-news":false,"colormag-featured-image-large":false},"magazineBlocksPostAuthor":{"name":"maranhaotv","avatar":"https:\/\/secure.gravatar.com\/avatar\/8fadbca458d4cb68b1dd399ae9a40618d747bb1af65ac9fad21c89220a143eb4?s=96&d=mm&r=g"},"magazineBlocksPostCommentsNumber":"0","magazineBlocksPostExcerpt":"A Prefeitura de Viana, reuniu na manh\u00e3 de hoje com comerciantes da cidade para discutir medidas preventivas contra o v\u00edrus","magazineBlocksPostCategories":["not\u00edcias"],"magazineBlocksPostViewCount":141,"magazineBlocksPostReadTime":5,"magazine_blocks_featured_image_url":{"full":false,"medium":false,"thumbnail":false},"magazine_blocks_author":{"display_name":"maranhaotv","author_link":"https:\/\/maranhaotv.com.br\/index.php\/author\/maranhaotv\/"},"magazine_blocks_comment":0,"magazine_blocks_author_image":"https:\/\/secure.gravatar.com\/avatar\/8fadbca458d4cb68b1dd399ae9a40618d747bb1af65ac9fad21c89220a143eb4?s=96&d=mm&r=g","magazine_blocks_category":"<a href=\"#\" class=\"category-link category-link-2\">not\u00edcias<\/a>","yoast_head":"<!-- This site is optimized with the Yoast SEO plugin v27.4 - https:\/\/yoast.com\/product\/yoast-seo-wordpress\/ -->\n<title>Viana: Prefeitura re\u00fane com comerciantes para discutir medidas preventivas contra o Coronav\u00edrus - NOT\u00cdCIAS EM TEMPO REAL<\/title>\n<meta name=\"robots\" content=\"index, follow, max-snippet:-1, max-image-preview:large, max-video-preview:-1\" \/>\n<link rel=\"canonical\" href=\"https:\/\/maranhaotv.com.br\/index.php\/2020\/04\/13\/viana-prefeitura-reune-com-comerciantes-para-discutir-medidas-preventivas-contra-o-coronavirus\/\" \/>\n<meta property=\"og:locale\" content=\"pt_BR\" \/>\n<meta property=\"og:type\" content=\"article\" \/>\n<meta property=\"og:title\" content=\"Viana: Prefeitura re\u00fane com comerciantes para discutir medidas preventivas contra o Coronav\u00edrus - NOT\u00cdCIAS EM TEMPO REAL\" \/>\n<meta property=\"og:description\" content=\"A Prefeitura de Viana, reuniu na manh\u00e3 de hoje com comerciantes da cidade para discutir medidas preventivas contra o v\u00edrus\" \/>\n<meta property=\"og:url\" content=\"https:\/\/maranhaotv.com.br\/index.php\/2020\/04\/13\/viana-prefeitura-reune-com-comerciantes-para-discutir-medidas-preventivas-contra-o-coronavirus\/\" \/>\n<meta property=\"og:site_name\" content=\"NOT\u00cdCIAS EM TEMPO REAL\" \/>\n<meta property=\"article:publisher\" content=\"https:\/\/www.facebook.com\/maiobaotv\" \/>\n<meta property=\"article:published_time\" content=\"2020-04-14T00:54:38+00:00\" \/>\n<meta name=\"author\" content=\"maranhaotv\" \/>\n<meta name=\"twitter:card\" content=\"summary_large_image\" \/>\n<meta name=\"twitter:creator\" content=\"@sitemaranhaotv\" \/>\n<meta name=\"twitter:site\" content=\"@sitemaranhaotv\" \/>\n<meta name=\"twitter:label1\" content=\"Escrito por\" \/>\n\t<meta name=\"twitter:data1\" content=\"maranhaotv\" \/>\n\t<meta name=\"twitter:label2\" content=\"Est. tempo de leitura\" \/>\n\t<meta name=\"twitter:data2\" content=\"4 minutos\" \/>\n<script type=\"application\/ld+json\" class=\"yoast-schema-graph\">{\"@context\":\"https:\\\/\\\/schema.org\",\"@graph\":[{\"@type\":\"Article\",\"@id\":\"https:\\\/\\\/maranhaotv.com.br\\\/index.php\\\/2020\\\/04\\\/13\\\/viana-prefeitura-reune-com-comerciantes-para-discutir-medidas-preventivas-contra-o-coronavirus\\\/#article\",\"isPartOf\":{\"@id\":\"https:\\\/\\\/maranhaotv.com.br\\\/index.php\\\/2020\\\/04\\\/13\\\/viana-prefeitura-reune-com-comerciantes-para-discutir-medidas-preventivas-contra-o-coronavirus\\\/\"},\"author\":{\"name\":\"maranhaotv\",\"@id\":\"https:\\\/\\\/maranhaotv.com.br\\\/#\\\/schema\\\/person\\\/3d54238e86b20bb5c89ab2fdb8f8829a\"},\"headline\":\"Viana: Prefeitura re\u00fane com comerciantes para discutir medidas preventivas contra o Coronav\u00edrus\",\"datePublished\":\"2020-04-14T00:54:38+00:00\",\"mainEntityOfPage\":{\"@id\":\"https:\\\/\\\/maranhaotv.com.br\\\/index.php\\\/2020\\\/04\\\/13\\\/viana-prefeitura-reune-com-comerciantes-para-discutir-medidas-preventivas-contra-o-coronavirus\\\/\"},\"wordCount\":833,\"commentCount\":0,\"publisher\":{\"@id\":\"https:\\\/\\\/maranhaotv.com.br\\\/#organization\"},\"image\":{\"@id\":\"https:\\\/\\\/maranhaotv.com.br\\\/index.php\\\/2020\\\/04\\\/13\\\/viana-prefeitura-reune-com-comerciantes-para-discutir-medidas-preventivas-contra-o-coronavirus\\\/#primaryimage\"},\"thumbnailUrl\":\"\",\"articleSection\":[\"not\u00edcias\"],\"inLanguage\":\"pt-BR\",\"potentialAction\":[{\"@type\":\"CommentAction\",\"name\":\"Comment\",\"target\":[\"https:\\\/\\\/maranhaotv.com.br\\\/index.php\\\/2020\\\/04\\\/13\\\/viana-prefeitura-reune-com-comerciantes-para-discutir-medidas-preventivas-contra-o-coronavirus\\\/#respond\"]}]},{\"@type\":\"WebPage\",\"@id\":\"https:\\\/\\\/maranhaotv.com.br\\\/index.php\\\/2020\\\/04\\\/13\\\/viana-prefeitura-reune-com-comerciantes-para-discutir-medidas-preventivas-contra-o-coronavirus\\\/\",\"url\":\"https:\\\/\\\/maranhaotv.com.br\\\/index.php\\\/2020\\\/04\\\/13\\\/viana-prefeitura-reune-com-comerciantes-para-discutir-medidas-preventivas-contra-o-coronavirus\\\/\",\"name\":\"Viana: Prefeitura re\u00fane com comerciantes para discutir medidas preventivas contra o Coronav\u00edrus - NOT\u00cdCIAS EM TEMPO REAL\",\"isPartOf\":{\"@id\":\"https:\\\/\\\/maranhaotv.com.br\\\/#website\"},\"primaryImageOfPage\":{\"@id\":\"https:\\\/\\\/maranhaotv.com.br\\\/index.php\\\/2020\\\/04\\\/13\\\/viana-prefeitura-reune-com-comerciantes-para-discutir-medidas-preventivas-contra-o-coronavirus\\\/#primaryimage\"},\"image\":{\"@id\":\"https:\\\/\\\/maranhaotv.com.br\\\/index.php\\\/2020\\\/04\\\/13\\\/viana-prefeitura-reune-com-comerciantes-para-discutir-medidas-preventivas-contra-o-coronavirus\\\/#primaryimage\"},\"thumbnailUrl\":\"\",\"datePublished\":\"2020-04-14T00:54:38+00:00\",\"breadcrumb\":{\"@id\":\"https:\\\/\\\/maranhaotv.com.br\\\/index.php\\\/2020\\\/04\\\/13\\\/viana-prefeitura-reune-com-comerciantes-para-discutir-medidas-preventivas-contra-o-coronavirus\\\/#breadcrumb\"},\"inLanguage\":\"pt-BR\",\"potentialAction\":[{\"@type\":\"ReadAction\",\"target\":[\"https:\\\/\\\/maranhaotv.com.br\\\/index.php\\\/2020\\\/04\\\/13\\\/viana-prefeitura-reune-com-comerciantes-para-discutir-medidas-preventivas-contra-o-coronavirus\\\/\"]}]},{\"@type\":\"ImageObject\",\"inLanguage\":\"pt-BR\",\"@id\":\"https:\\\/\\\/maranhaotv.com.br\\\/index.php\\\/2020\\\/04\\\/13\\\/viana-prefeitura-reune-com-comerciantes-para-discutir-medidas-preventivas-contra-o-coronavirus\\\/#primaryimage\",\"url\":\"\",\"contentUrl\":\"\"},{\"@type\":\"BreadcrumbList\",\"@id\":\"https:\\\/\\\/maranhaotv.com.br\\\/index.php\\\/2020\\\/04\\\/13\\\/viana-prefeitura-reune-com-comerciantes-para-discutir-medidas-preventivas-contra-o-coronavirus\\\/#breadcrumb\",\"itemListElement\":[{\"@type\":\"ListItem\",\"position\":1,\"name\":\"In\u00edcio\",\"item\":\"https:\\\/\\\/maranhaotv.com.br\\\/\"},{\"@type\":\"ListItem\",\"position\":2,\"name\":\"Viana: Prefeitura re\u00fane com comerciantes para discutir medidas preventivas contra o Coronav\u00edrus\"}]},{\"@type\":\"WebSite\",\"@id\":\"https:\\\/\\\/maranhaotv.com.br\\\/#website\",\"url\":\"https:\\\/\\\/maranhaotv.com.br\\\/\",\"name\":\"Maranh\u00e3oTV\",\"description\":\"\",\"publisher\":{\"@id\":\"https:\\\/\\\/maranhaotv.com.br\\\/#organization\"},\"potentialAction\":[{\"@type\":\"SearchAction\",\"target\":{\"@type\":\"EntryPoint\",\"urlTemplate\":\"https:\\\/\\\/maranhaotv.com.br\\\/?s={search_term_string}\"},\"query-input\":{\"@type\":\"PropertyValueSpecification\",\"valueRequired\":true,\"valueName\":\"search_term_string\"}}],\"inLanguage\":\"pt-BR\"},{\"@type\":\"Organization\",\"@id\":\"https:\\\/\\\/maranhaotv.com.br\\\/#organization\",\"name\":\"Portal de Not\u00edcias\",\"url\":\"https:\\\/\\\/maranhaotv.com.br\\\/\",\"logo\":{\"@type\":\"ImageObject\",\"inLanguage\":\"pt-BR\",\"@id\":\"https:\\\/\\\/maranhaotv.com.br\\\/#\\\/schema\\\/logo\\\/image\\\/\",\"url\":\"https:\\\/\\\/maranhaotv.com.br\\\/wp-content\\\/uploads\\\/2024\\\/05\\\/cropped-cropped-avatar-1.png\",\"contentUrl\":\"https:\\\/\\\/maranhaotv.com.br\\\/wp-content\\\/uploads\\\/2024\\\/05\\\/cropped-cropped-avatar-1.png\",\"width\":792,\"height\":428,\"caption\":\"Portal de Not\u00edcias\"},\"image\":{\"@id\":\"https:\\\/\\\/maranhaotv.com.br\\\/#\\\/schema\\\/logo\\\/image\\\/\"},\"sameAs\":[\"https:\\\/\\\/www.facebook.com\\\/maiobaotv\",\"https:\\\/\\\/x.com\\\/sitemaranhaotv\",\"https:\\\/\\\/www.instagram.com\\\/maranhao.tv\",\"https:\\\/\\\/www.threads.net\\\/@maranhao.tv\"]},{\"@type\":\"Person\",\"@id\":\"https:\\\/\\\/maranhaotv.com.br\\\/#\\\/schema\\\/person\\\/3d54238e86b20bb5c89ab2fdb8f8829a\",\"name\":\"maranhaotv\",\"image\":{\"@type\":\"ImageObject\",\"inLanguage\":\"pt-BR\",\"@id\":\"https:\\\/\\\/secure.gravatar.com\\\/avatar\\\/8fadbca458d4cb68b1dd399ae9a40618d747bb1af65ac9fad21c89220a143eb4?s=96&d=mm&r=g\",\"url\":\"https:\\\/\\\/secure.gravatar.com\\\/avatar\\\/8fadbca458d4cb68b1dd399ae9a40618d747bb1af65ac9fad21c89220a143eb4?s=96&d=mm&r=g\",\"contentUrl\":\"https:\\\/\\\/secure.gravatar.com\\\/avatar\\\/8fadbca458d4cb68b1dd399ae9a40618d747bb1af65ac9fad21c89220a143eb4?s=96&d=mm&r=g\",\"caption\":\"maranhaotv\"},\"sameAs\":[\"https:\\\/\\\/maranhaotv.com.br\\\/\"],\"url\":\"https:\\\/\\\/maranhaotv.com.br\\\/index.php\\\/author\\\/maranhaotv\\\/\"}]}<\/script>\n<!-- \/ Yoast SEO plugin. -->","yoast_head_json":{"title":"Viana: Prefeitura re\u00fane com comerciantes para discutir medidas preventivas contra o Coronav\u00edrus - NOT\u00cdCIAS EM TEMPO REAL","robots":{"index":"index","follow":"follow","max-snippet":"max-snippet:-1","max-image-preview":"max-image-preview:large","max-video-preview":"max-video-preview:-1"},"canonical":"https:\/\/maranhaotv.com.br\/index.php\/2020\/04\/13\/viana-prefeitura-reune-com-comerciantes-para-discutir-medidas-preventivas-contra-o-coronavirus\/","og_locale":"pt_BR","og_type":"article","og_title":"Viana: Prefeitura re\u00fane com comerciantes para discutir medidas preventivas contra o Coronav\u00edrus - NOT\u00cdCIAS EM TEMPO REAL","og_description":"A Prefeitura de Viana, reuniu na manh\u00e3 de hoje com comerciantes da cidade para discutir medidas preventivas contra o v\u00edrus","og_url":"https:\/\/maranhaotv.com.br\/index.php\/2020\/04\/13\/viana-prefeitura-reune-com-comerciantes-para-discutir-medidas-preventivas-contra-o-coronavirus\/","og_site_name":"NOT\u00cdCIAS EM TEMPO REAL","article_publisher":"https:\/\/www.facebook.com\/maiobaotv","article_published_time":"2020-04-14T00:54:38+00:00","author":"maranhaotv","twitter_card":"summary_large_image","twitter_creator":"@sitemaranhaotv","twitter_site":"@sitemaranhaotv","twitter_misc":{"Escrito por":"maranhaotv","Est. tempo de leitura":"4 minutos"},"schema":{"@context":"https:\/\/schema.org","@graph":[{"@type":"Article","@id":"https:\/\/maranhaotv.com.br\/index.php\/2020\/04\/13\/viana-prefeitura-reune-com-comerciantes-para-discutir-medidas-preventivas-contra-o-coronavirus\/#article","isPartOf":{"@id":"https:\/\/maranhaotv.com.br\/index.php\/2020\/04\/13\/viana-prefeitura-reune-com-comerciantes-para-discutir-medidas-preventivas-contra-o-coronavirus\/"},"author":{"name":"maranhaotv","@id":"https:\/\/maranhaotv.com.br\/#\/schema\/person\/3d54238e86b20bb5c89ab2fdb8f8829a"},"headline":"Viana: Prefeitura re\u00fane com comerciantes para discutir medidas preventivas contra o Coronav\u00edrus","datePublished":"2020-04-14T00:54:38+00:00","mainEntityOfPage":{"@id":"https:\/\/maranhaotv.com.br\/index.php\/2020\/04\/13\/viana-prefeitura-reune-com-comerciantes-para-discutir-medidas-preventivas-contra-o-coronavirus\/"},"wordCount":833,"commentCount":0,"publisher":{"@id":"https:\/\/maranhaotv.com.br\/#organization"},"image":{"@id":"https:\/\/maranhaotv.com.br\/index.php\/2020\/04\/13\/viana-prefeitura-reune-com-comerciantes-para-discutir-medidas-preventivas-contra-o-coronavirus\/#primaryimage"},"thumbnailUrl":"","articleSection":["not\u00edcias"],"inLanguage":"pt-BR","potentialAction":[{"@type":"CommentAction","name":"Comment","target":["https:\/\/maranhaotv.com.br\/index.php\/2020\/04\/13\/viana-prefeitura-reune-com-comerciantes-para-discutir-medidas-preventivas-contra-o-coronavirus\/#respond"]}]},{"@type":"WebPage","@id":"https:\/\/maranhaotv.com.br\/index.php\/2020\/04\/13\/viana-prefeitura-reune-com-comerciantes-para-discutir-medidas-preventivas-contra-o-coronavirus\/","url":"https:\/\/maranhaotv.com.br\/index.php\/2020\/04\/13\/viana-prefeitura-reune-com-comerciantes-para-discutir-medidas-preventivas-contra-o-coronavirus\/","name":"Viana: Prefeitura re\u00fane com comerciantes para discutir medidas preventivas contra o Coronav\u00edrus - NOT\u00cdCIAS EM TEMPO REAL","isPartOf":{"@id":"https:\/\/maranhaotv.com.br\/#website"},"primaryImageOfPage":{"@id":"https:\/\/maranhaotv.com.br\/index.php\/2020\/04\/13\/viana-prefeitura-reune-com-comerciantes-para-discutir-medidas-preventivas-contra-o-coronavirus\/#primaryimage"},"image":{"@id":"https:\/\/maranhaotv.com.br\/index.php\/2020\/04\/13\/viana-prefeitura-reune-com-comerciantes-para-discutir-medidas-preventivas-contra-o-coronavirus\/#primaryimage"},"thumbnailUrl":"","datePublished":"2020-04-14T00:54:38+00:00","breadcrumb":{"@id":"https:\/\/maranhaotv.com.br\/index.php\/2020\/04\/13\/viana-prefeitura-reune-com-comerciantes-para-discutir-medidas-preventivas-contra-o-coronavirus\/#breadcrumb"},"inLanguage":"pt-BR","potentialAction":[{"@type":"ReadAction","target":["https:\/\/maranhaotv.com.br\/index.php\/2020\/04\/13\/viana-prefeitura-reune-com-comerciantes-para-discutir-medidas-preventivas-contra-o-coronavirus\/"]}]},{"@type":"ImageObject","inLanguage":"pt-BR","@id":"https:\/\/maranhaotv.com.br\/index.php\/2020\/04\/13\/viana-prefeitura-reune-com-comerciantes-para-discutir-medidas-preventivas-contra-o-coronavirus\/#primaryimage","url":"","contentUrl":""},{"@type":"BreadcrumbList","@id":"https:\/\/maranhaotv.com.br\/index.php\/2020\/04\/13\/viana-prefeitura-reune-com-comerciantes-para-discutir-medidas-preventivas-contra-o-coronavirus\/#breadcrumb","itemListElement":[{"@type":"ListItem","position":1,"name":"In\u00edcio","item":"https:\/\/maranhaotv.com.br\/"},{"@type":"ListItem","position":2,"name":"Viana: Prefeitura re\u00fane com comerciantes para discutir medidas preventivas contra o Coronav\u00edrus"}]},{"@type":"WebSite","@id":"https:\/\/maranhaotv.com.br\/#website","url":"https:\/\/maranhaotv.com.br\/","name":"Maranh\u00e3oTV","description":"","publisher":{"@id":"https:\/\/maranhaotv.com.br\/#organization"},"potentialAction":[{"@type":"SearchAction","target":{"@type":"EntryPoint","urlTemplate":"https:\/\/maranhaotv.com.br\/?s={search_term_string}"},"query-input":{"@type":"PropertyValueSpecification","valueRequired":true,"valueName":"search_term_string"}}],"inLanguage":"pt-BR"},{"@type":"Organization","@id":"https:\/\/maranhaotv.com.br\/#organization","name":"Portal de Not\u00edcias","url":"https:\/\/maranhaotv.com.br\/","logo":{"@type":"ImageObject","inLanguage":"pt-BR","@id":"https:\/\/maranhaotv.com.br\/#\/schema\/logo\/image\/","url":"https:\/\/maranhaotv.com.br\/wp-content\/uploads\/2024\/05\/cropped-cropped-avatar-1.png","contentUrl":"https:\/\/maranhaotv.com.br\/wp-content\/uploads\/2024\/05\/cropped-cropped-avatar-1.png","width":792,"height":428,"caption":"Portal de Not\u00edcias"},"image":{"@id":"https:\/\/maranhaotv.com.br\/#\/schema\/logo\/image\/"},"sameAs":["https:\/\/www.facebook.com\/maiobaotv","https:\/\/x.com\/sitemaranhaotv","https:\/\/www.instagram.com\/maranhao.tv","https:\/\/www.threads.net\/@maranhao.tv"]},{"@type":"Person","@id":"https:\/\/maranhaotv.com.br\/#\/schema\/person\/3d54238e86b20bb5c89ab2fdb8f8829a","name":"maranhaotv","image":{"@type":"ImageObject","inLanguage":"pt-BR","@id":"https:\/\/secure.gravatar.com\/avatar\/8fadbca458d4cb68b1dd399ae9a40618d747bb1af65ac9fad21c89220a143eb4?s=96&d=mm&r=g","url":"https:\/\/secure.gravatar.com\/avatar\/8fadbca458d4cb68b1dd399ae9a40618d747bb1af65ac9fad21c89220a143eb4?s=96&d=mm&r=g","contentUrl":"https:\/\/secure.gravatar.com\/avatar\/8fadbca458d4cb68b1dd399ae9a40618d747bb1af65ac9fad21c89220a143eb4?s=96&d=mm&r=g","caption":"maranhaotv"},"sameAs":["https:\/\/maranhaotv.com.br\/"],"url":"https:\/\/maranhaotv.com.br\/index.php\/author\/maranhaotv\/"}]}},"jetpack_featured_media_url":"","jetpack_sharing_enabled":true,"_links":{"self":[{"href":"https:\/\/maranhaotv.com.br\/index.php\/wp-json\/wp\/v2\/posts\/11118","targetHints":{"allow":["GET"]}}],"collection":[{"href":"https:\/\/maranhaotv.com.br\/index.php\/wp-json\/wp\/v2\/posts"}],"about":[{"href":"https:\/\/maranhaotv.com.br\/index.php\/wp-json\/wp\/v2\/types\/post"}],"author":[{"embeddable":true,"href":"https:\/\/maranhaotv.com.br\/index.php\/wp-json\/wp\/v2\/users\/2"}],"replies":[{"embeddable":true,"href":"https:\/\/maranhaotv.com.br\/index.php\/wp-json\/wp\/v2\/comments?post=11118"}],"version-history":[{"count":0,"href":"https:\/\/maranhaotv.com.br\/index.php\/wp-json\/wp\/v2\/posts\/11118\/revisions"}],"wp:featuredmedia":[{"embeddable":true,"href":"https:\/\/maranhaotv.com.br\/index.php\/wp-json\/"}],"wp:attachment":[{"href":"https:\/\/maranhaotv.com.br\/index.php\/wp-json\/wp\/v2\/media?parent=11118"}],"wp:term":[{"taxonomy":"category","embeddable":true,"href":"https:\/\/maranhaotv.com.br\/index.php\/wp-json\/wp\/v2\/categories?post=11118"},{"taxonomy":"post_tag","embeddable":true,"href":"https:\/\/maranhaotv.com.br\/index.php\/wp-json\/wp\/v2\/tags?post=11118"}],"curies":[{"name":"wp","href":"https:\/\/api.w.org\/{rel}","templated":true}]}}