{"id":11145,"date":"2020-04-14T17:22:36","date_gmt":"2020-04-14T20:22:36","guid":{"rendered":"https:\/\/maiobaotv.com.br\/index.php\/2020\/04\/14\/passagem-franca-ex-prefeito-e-servidores-publicos-sao-acionados-por-fraude-em-licitacao\/"},"modified":"2020-04-14T17:22:36","modified_gmt":"2020-04-14T20:22:36","slug":"passagem-franca-ex-prefeito-e-servidores-publicos-sao-acionados-por-fraude-em-licitacao","status":"publish","type":"post","link":"https:\/\/maranhaotv.com.br\/index.php\/2020\/04\/14\/passagem-franca-ex-prefeito-e-servidores-publicos-sao-acionados-por-fraude-em-licitacao\/","title":{"rendered":"Passagem Franca: Ex-prefeito, e servidores p\u00fablicos s\u00e3o acionados por fraude em licita\u00e7\u00e3o"},"content":{"rendered":"\n<p>Por meio de uma A\u00e7\u00e3o Civil P\u00fablica, ajuizada no \u00faltimo dia 8, o Minist\u00e9rio P\u00fablico do Maranh\u00e3o busca a condena\u00e7\u00e3o do ex-prefeito de Passagem Franca Jos\u00e9 Ant\u00f4nio Gordinho Rodrigues da Silva, por ato de improbidade administrativa, referente a irregularidades em processo licitat\u00f3rio realizado no ano de 2014. O contrato, no valor de R$ 624 mil, foi firmado\u00a0 em um conv\u00eanio entre o Munic\u00edpio e o governo do estado para reformas de tr\u00eas escolas municipais.<\/p>\n\n\n\n<p>Tamb\u00e9m est\u00e3o sendo acionados cinco ex-servidores municipais de Passagem Franca, entre os quais a esposa do ex-prefeito e ex-secret\u00e1ria municipal de Educa\u00e7\u00e3o, Elzineide Santos Silva, o s\u00f3cio-gerente da empresa S.C. Constru\u00e7\u00f5es (vencedora da licita\u00e7\u00e3o fraudada), Salvador da Silva Coelho e a pr\u00f3pria empresa.<\/p>\n\n\n\n<p>Os demais envolvidos s\u00e3o o diretor-geral de Contabilidade da Prefeitura de Passagem Franca \u00e0 \u00e9poca dos fatos, Eul\u00e2nio Rodrigues Monteiro , e os ent\u00e3o integrantes da Comiss\u00e3o Permanente de Licita\u00e7\u00e3o (CPL) Carlos Miranda Alves de Oliveira (presidente), J\u00e1der dos Santos Cardoso (secret\u00e1rio), Jos\u00e9 do Egito Coelho Sobrinho Neto (membro).<\/p>\n\n\n\n<p>De acordo com o titular da Promotoria de Justi\u00e7a de Passagem Franca, Carlos Allan da Costa Siqueira, as investiga\u00e7\u00f5es indicaram que os acionados fraudaram o processo licitat\u00f3rio para favorecer a empresa vencedora, cujo propriet\u00e1rio \u00e9 aliado pol\u00edtico do prefeito.<\/p>\n\n\n\n<p>Entre os ind\u00edcios de irregularidades observados pelo membro do Minist\u00e9rio P\u00fablico est\u00e1 o fato de que empresa S.C. Constru\u00e7\u00f5es foi a \u00fanica a receber o edital junto \u00e0 CPL. Al\u00e9m disso, o aviso da licita\u00e7\u00e3o publicado na imprensa comunicou a sua realiza\u00e7\u00e3o em 23 de fevereiro (um domingo), quando, na verdade, a sess\u00e3o ocorreu em 24 de fevereiro de 2014.<\/p>\n\n\n\n<p>Tamb\u00e9m chamou a aten\u00e7\u00e3o da Promotoria de Justi\u00e7a de Passagem Franca a celeridade para a efetiva\u00e7\u00e3o do contrato. O conv\u00eanio foi firmado, em S\u00e3o Lu\u00eds, na data de 21 de fevereiro de 2014 (uma sexta-feira). \u201cOcorre que o processo licitat\u00f3rio aberto para contratar a empresa para a reforma das escolas municipais Get\u00falio Vargas, Aldenir Porto e Clodomir Cardoso teve sua autua\u00e7\u00e3o efetivada antes mesmo do conv\u00eanio em 13 de janeiro de 2014, e a suposta sess\u00e3o realizada em 24 de fevereiro, ou seja, tr\u00eas dias ap\u00f3s a assinatura do pacto em S\u00e3o Lu\u00eds\u201d, pontua o promotor de justi\u00e7a.<\/p>\n\n\n\n<p>Outro aspecto que indica o direcionamento da concorr\u00eancia \u00e9 a incapacidade t\u00e9cnica da empresa, que apresenta realidade estrutural, organizacional e financeira, que n\u00e3o \u00e9 condizente com o objeto firmado, conforme constatou vistoria do Minist\u00e9rio P\u00fablico. \u201cFunciona em estrutura f\u00edsica modesta e sem a exist\u00eancia de maquin\u00e1rio e pessoal suficientes ao desempenho de grandes obras. Sua estrutura n\u00e3o se assemelha a uma construtora, mas sim a um galp\u00e3o de comercializa\u00e7\u00e3o de material de constru\u00e7\u00e3o\u201d, narra o relat\u00f3rio. Foi verificado, ainda, que a empresa n\u00e3o possu\u00eda em 2014 nenhum im\u00f3vel registrado em seu nome no munic\u00edpio e n\u00e3o tinha nenhum empregado em seus quadros.<\/p>\n\n\n\n<p>PARECER T\u00c9CNICO<\/p>\n\n\n\n<p>Para analisar o processo licitat\u00f3rio, o procedimento administrativo instaurado pela Promotoria de Passagem Franca foi encaminhado para a Assessoria T\u00e9cnica da Procuradoria Geral de Justi\u00e7a, que identificou v\u00e1rias irregularidades, entre elas: a aus\u00eancia no processo da Anota\u00e7\u00e3o de Responsabilidade T\u00e9cnica (ART) e a assinatura do engenheiro respons\u00e1vel pela elabora\u00e7\u00e3o do projeto b\u00e1sico; publica\u00e7\u00e3o do aviso contendo o resumo do edital foi feita no jornal \u201cO Debate\u201d, que n\u00e3o tem grande circula\u00e7\u00e3o no Estado, descumprindo o disposto na Lei n\u00ba 8.666 \/1993.<\/p>\n\n\n\n<p>Foram ainda verificadas as seguintes irregularidades: o edital da licita\u00e7\u00e3o previa que o documento s\u00f3 poderia ser obtido ou consultado na sede da Prefeitura de Passagem Franca, restringindo o car\u00e1ter competitivo da licita\u00e7\u00e3o;\u00a0 o Edital da Concorr\u00eancia n\u00b0 004\/2014 foi assinado pelo presidente da Comiss\u00e3o Permanente de Licita\u00e7\u00e3o, embora n\u00e3o esteja previsto no rol de atribui\u00e7\u00f5es da fun\u00e7\u00e3o tal encargo; e a aus\u00eancia no processo licitat\u00f3rio da publica\u00e7\u00e3o resumida do instrumento de Contrato n\u00ba 08\/2014\/CPL, na imprensa oficial, conforme deter mina a L ei n\u00ba 8.666\/1993.<\/p>\n\n\n\n<p>PENALIDADES<\/p>\n\n\n\n<p>Pelas irregularidades identificadas, o Minist\u00e9rio P\u00fablico requereu a condena\u00e7\u00e3o dos envolvidos, com a aplica\u00e7\u00e3o de penalidades como o\u00a0 ressarcimento integral do dano, perda dos bens ou valores acrescidos ilicitamente ao patrim\u00f4nio, perda da fun\u00e7\u00e3o p\u00fablica, suspens\u00e3o dos direitos pol\u00edticos de cinco a oito anos, pagamento de multa civil de at\u00e9 duas vezes o valor do dano e proibi\u00e7\u00e3o de contratar com o Poder P\u00fablico ou receber benef\u00edcios ou incentivos fiscais ou credit\u00edcios, direta ou indiretam ente, ai nda que por interm\u00e9dio de pessoa jur\u00eddica da qual seja s\u00f3cio majorit\u00e1rio, pelo prazo de cinco anos.\u00a0<\/p>\n\n\n\n<p>Reda\u00e7\u00e3o:\u00a0CCOM-MPMA<\/p>\n","protected":false},"excerpt":{"rendered":"<p>Por meio de uma A\u00e7\u00e3o Civil P\u00fablica, ajuizada no \u00faltimo dia 8, o Minist\u00e9rio P\u00fablico do Maranh\u00e3o busca a condena\u00e7\u00e3o<\/p>\n","protected":false},"author":2,"featured_media":11144,"comment_status":"open","ping_status":"open","sticky":false,"template":"","format":"standard","meta":{"colormag_page_container_layout":"default_layout","colormag_page_sidebar_layout":"default_layout","_jetpack_memberships_contains_paid_content":false,"footnotes":""},"categories":[2],"tags":[],"class_list":["post-11145","post","type-post","status-publish","format-standard","has-post-thumbnail","hentry","category-noticias"],"magazineBlocksPostFeaturedMedia":{"thumbnail":false,"medium":false,"medium_large":false,"large":false,"1536x1536":false,"2048x2048":false,"colormag-highlighted-post":false,"colormag-featured-post-medium":false,"colormag-featured-post-small":false,"colormag-featured-image":false,"colormag-default-news":false,"colormag-featured-image-large":false},"magazineBlocksPostAuthor":{"name":"maranhaotv","avatar":"https:\/\/secure.gravatar.com\/avatar\/8fadbca458d4cb68b1dd399ae9a40618d747bb1af65ac9fad21c89220a143eb4?s=96&d=mm&r=g"},"magazineBlocksPostCommentsNumber":"0","magazineBlocksPostExcerpt":"Por meio de uma A\u00e7\u00e3o Civil P\u00fablica, ajuizada no \u00faltimo dia 8, o Minist\u00e9rio P\u00fablico do Maranh\u00e3o busca a condena\u00e7\u00e3o","magazineBlocksPostCategories":["not\u00edcias"],"magazineBlocksPostViewCount":139,"magazineBlocksPostReadTime":5,"magazine_blocks_featured_image_url":{"full":false,"medium":false,"thumbnail":false},"magazine_blocks_author":{"display_name":"maranhaotv","author_link":"https:\/\/maranhaotv.com.br\/index.php\/author\/maranhaotv\/"},"magazine_blocks_comment":0,"magazine_blocks_author_image":"https:\/\/secure.gravatar.com\/avatar\/8fadbca458d4cb68b1dd399ae9a40618d747bb1af65ac9fad21c89220a143eb4?s=96&d=mm&r=g","magazine_blocks_category":"<a href=\"#\" class=\"category-link category-link-2\">not\u00edcias<\/a>","yoast_head":"<!-- This site is optimized with the Yoast SEO plugin v27.4 - https:\/\/yoast.com\/product\/yoast-seo-wordpress\/ -->\n<title>Passagem Franca: Ex-prefeito, e servidores p\u00fablicos s\u00e3o acionados por fraude em licita\u00e7\u00e3o - NOT\u00cdCIAS EM TEMPO REAL<\/title>\n<meta name=\"robots\" content=\"index, follow, max-snippet:-1, max-image-preview:large, max-video-preview:-1\" \/>\n<link rel=\"canonical\" href=\"https:\/\/maranhaotv.com.br\/index.php\/2020\/04\/14\/passagem-franca-ex-prefeito-e-servidores-publicos-sao-acionados-por-fraude-em-licitacao\/\" \/>\n<meta property=\"og:locale\" content=\"pt_BR\" \/>\n<meta property=\"og:type\" content=\"article\" \/>\n<meta property=\"og:title\" content=\"Passagem Franca: Ex-prefeito, e servidores p\u00fablicos s\u00e3o acionados por fraude em licita\u00e7\u00e3o - NOT\u00cdCIAS EM TEMPO REAL\" \/>\n<meta property=\"og:description\" content=\"Por meio de uma A\u00e7\u00e3o Civil P\u00fablica, ajuizada no \u00faltimo dia 8, o Minist\u00e9rio P\u00fablico do Maranh\u00e3o busca a condena\u00e7\u00e3o\" \/>\n<meta property=\"og:url\" content=\"https:\/\/maranhaotv.com.br\/index.php\/2020\/04\/14\/passagem-franca-ex-prefeito-e-servidores-publicos-sao-acionados-por-fraude-em-licitacao\/\" \/>\n<meta property=\"og:site_name\" content=\"NOT\u00cdCIAS EM TEMPO REAL\" \/>\n<meta property=\"article:publisher\" content=\"https:\/\/www.facebook.com\/maiobaotv\" \/>\n<meta property=\"article:published_time\" content=\"2020-04-14T20:22:36+00:00\" \/>\n<meta name=\"author\" content=\"maranhaotv\" \/>\n<meta name=\"twitter:card\" content=\"summary_large_image\" \/>\n<meta name=\"twitter:creator\" content=\"@sitemaranhaotv\" \/>\n<meta name=\"twitter:site\" content=\"@sitemaranhaotv\" \/>\n<meta name=\"twitter:label1\" content=\"Escrito por\" \/>\n\t<meta name=\"twitter:data1\" content=\"maranhaotv\" \/>\n\t<meta name=\"twitter:label2\" content=\"Est. tempo de leitura\" \/>\n\t<meta name=\"twitter:data2\" content=\"4 minutos\" \/>\n<script type=\"application\/ld+json\" class=\"yoast-schema-graph\">{\"@context\":\"https:\\\/\\\/schema.org\",\"@graph\":[{\"@type\":\"Article\",\"@id\":\"https:\\\/\\\/maranhaotv.com.br\\\/index.php\\\/2020\\\/04\\\/14\\\/passagem-franca-ex-prefeito-e-servidores-publicos-sao-acionados-por-fraude-em-licitacao\\\/#article\",\"isPartOf\":{\"@id\":\"https:\\\/\\\/maranhaotv.com.br\\\/index.php\\\/2020\\\/04\\\/14\\\/passagem-franca-ex-prefeito-e-servidores-publicos-sao-acionados-por-fraude-em-licitacao\\\/\"},\"author\":{\"name\":\"maranhaotv\",\"@id\":\"https:\\\/\\\/maranhaotv.com.br\\\/#\\\/schema\\\/person\\\/3d54238e86b20bb5c89ab2fdb8f8829a\"},\"headline\":\"Passagem Franca: Ex-prefeito, e servidores p\u00fablicos s\u00e3o acionados por fraude em licita\u00e7\u00e3o\",\"datePublished\":\"2020-04-14T20:22:36+00:00\",\"mainEntityOfPage\":{\"@id\":\"https:\\\/\\\/maranhaotv.com.br\\\/index.php\\\/2020\\\/04\\\/14\\\/passagem-franca-ex-prefeito-e-servidores-publicos-sao-acionados-por-fraude-em-licitacao\\\/\"},\"wordCount\":844,\"commentCount\":0,\"publisher\":{\"@id\":\"https:\\\/\\\/maranhaotv.com.br\\\/#organization\"},\"image\":{\"@id\":\"https:\\\/\\\/maranhaotv.com.br\\\/index.php\\\/2020\\\/04\\\/14\\\/passagem-franca-ex-prefeito-e-servidores-publicos-sao-acionados-por-fraude-em-licitacao\\\/#primaryimage\"},\"thumbnailUrl\":\"\",\"articleSection\":[\"not\u00edcias\"],\"inLanguage\":\"pt-BR\",\"potentialAction\":[{\"@type\":\"CommentAction\",\"name\":\"Comment\",\"target\":[\"https:\\\/\\\/maranhaotv.com.br\\\/index.php\\\/2020\\\/04\\\/14\\\/passagem-franca-ex-prefeito-e-servidores-publicos-sao-acionados-por-fraude-em-licitacao\\\/#respond\"]}]},{\"@type\":\"WebPage\",\"@id\":\"https:\\\/\\\/maranhaotv.com.br\\\/index.php\\\/2020\\\/04\\\/14\\\/passagem-franca-ex-prefeito-e-servidores-publicos-sao-acionados-por-fraude-em-licitacao\\\/\",\"url\":\"https:\\\/\\\/maranhaotv.com.br\\\/index.php\\\/2020\\\/04\\\/14\\\/passagem-franca-ex-prefeito-e-servidores-publicos-sao-acionados-por-fraude-em-licitacao\\\/\",\"name\":\"Passagem Franca: Ex-prefeito, e servidores p\u00fablicos s\u00e3o acionados por fraude em licita\u00e7\u00e3o - NOT\u00cdCIAS EM TEMPO REAL\",\"isPartOf\":{\"@id\":\"https:\\\/\\\/maranhaotv.com.br\\\/#website\"},\"primaryImageOfPage\":{\"@id\":\"https:\\\/\\\/maranhaotv.com.br\\\/index.php\\\/2020\\\/04\\\/14\\\/passagem-franca-ex-prefeito-e-servidores-publicos-sao-acionados-por-fraude-em-licitacao\\\/#primaryimage\"},\"image\":{\"@id\":\"https:\\\/\\\/maranhaotv.com.br\\\/index.php\\\/2020\\\/04\\\/14\\\/passagem-franca-ex-prefeito-e-servidores-publicos-sao-acionados-por-fraude-em-licitacao\\\/#primaryimage\"},\"thumbnailUrl\":\"\",\"datePublished\":\"2020-04-14T20:22:36+00:00\",\"breadcrumb\":{\"@id\":\"https:\\\/\\\/maranhaotv.com.br\\\/index.php\\\/2020\\\/04\\\/14\\\/passagem-franca-ex-prefeito-e-servidores-publicos-sao-acionados-por-fraude-em-licitacao\\\/#breadcrumb\"},\"inLanguage\":\"pt-BR\",\"potentialAction\":[{\"@type\":\"ReadAction\",\"target\":[\"https:\\\/\\\/maranhaotv.com.br\\\/index.php\\\/2020\\\/04\\\/14\\\/passagem-franca-ex-prefeito-e-servidores-publicos-sao-acionados-por-fraude-em-licitacao\\\/\"]}]},{\"@type\":\"ImageObject\",\"inLanguage\":\"pt-BR\",\"@id\":\"https:\\\/\\\/maranhaotv.com.br\\\/index.php\\\/2020\\\/04\\\/14\\\/passagem-franca-ex-prefeito-e-servidores-publicos-sao-acionados-por-fraude-em-licitacao\\\/#primaryimage\",\"url\":\"\",\"contentUrl\":\"\"},{\"@type\":\"BreadcrumbList\",\"@id\":\"https:\\\/\\\/maranhaotv.com.br\\\/index.php\\\/2020\\\/04\\\/14\\\/passagem-franca-ex-prefeito-e-servidores-publicos-sao-acionados-por-fraude-em-licitacao\\\/#breadcrumb\",\"itemListElement\":[{\"@type\":\"ListItem\",\"position\":1,\"name\":\"In\u00edcio\",\"item\":\"https:\\\/\\\/maranhaotv.com.br\\\/\"},{\"@type\":\"ListItem\",\"position\":2,\"name\":\"Passagem Franca: Ex-prefeito, e servidores p\u00fablicos s\u00e3o acionados por fraude em licita\u00e7\u00e3o\"}]},{\"@type\":\"WebSite\",\"@id\":\"https:\\\/\\\/maranhaotv.com.br\\\/#website\",\"url\":\"https:\\\/\\\/maranhaotv.com.br\\\/\",\"name\":\"Maranh\u00e3oTV\",\"description\":\"\",\"publisher\":{\"@id\":\"https:\\\/\\\/maranhaotv.com.br\\\/#organization\"},\"potentialAction\":[{\"@type\":\"SearchAction\",\"target\":{\"@type\":\"EntryPoint\",\"urlTemplate\":\"https:\\\/\\\/maranhaotv.com.br\\\/?s={search_term_string}\"},\"query-input\":{\"@type\":\"PropertyValueSpecification\",\"valueRequired\":true,\"valueName\":\"search_term_string\"}}],\"inLanguage\":\"pt-BR\"},{\"@type\":\"Organization\",\"@id\":\"https:\\\/\\\/maranhaotv.com.br\\\/#organization\",\"name\":\"Portal de Not\u00edcias\",\"url\":\"https:\\\/\\\/maranhaotv.com.br\\\/\",\"logo\":{\"@type\":\"ImageObject\",\"inLanguage\":\"pt-BR\",\"@id\":\"https:\\\/\\\/maranhaotv.com.br\\\/#\\\/schema\\\/logo\\\/image\\\/\",\"url\":\"https:\\\/\\\/maranhaotv.com.br\\\/wp-content\\\/uploads\\\/2024\\\/05\\\/cropped-cropped-avatar-1.png\",\"contentUrl\":\"https:\\\/\\\/maranhaotv.com.br\\\/wp-content\\\/uploads\\\/2024\\\/05\\\/cropped-cropped-avatar-1.png\",\"width\":792,\"height\":428,\"caption\":\"Portal de Not\u00edcias\"},\"image\":{\"@id\":\"https:\\\/\\\/maranhaotv.com.br\\\/#\\\/schema\\\/logo\\\/image\\\/\"},\"sameAs\":[\"https:\\\/\\\/www.facebook.com\\\/maiobaotv\",\"https:\\\/\\\/x.com\\\/sitemaranhaotv\",\"https:\\\/\\\/www.instagram.com\\\/maranhao.tv\",\"https:\\\/\\\/www.threads.net\\\/@maranhao.tv\"]},{\"@type\":\"Person\",\"@id\":\"https:\\\/\\\/maranhaotv.com.br\\\/#\\\/schema\\\/person\\\/3d54238e86b20bb5c89ab2fdb8f8829a\",\"name\":\"maranhaotv\",\"image\":{\"@type\":\"ImageObject\",\"inLanguage\":\"pt-BR\",\"@id\":\"https:\\\/\\\/secure.gravatar.com\\\/avatar\\\/8fadbca458d4cb68b1dd399ae9a40618d747bb1af65ac9fad21c89220a143eb4?s=96&d=mm&r=g\",\"url\":\"https:\\\/\\\/secure.gravatar.com\\\/avatar\\\/8fadbca458d4cb68b1dd399ae9a40618d747bb1af65ac9fad21c89220a143eb4?s=96&d=mm&r=g\",\"contentUrl\":\"https:\\\/\\\/secure.gravatar.com\\\/avatar\\\/8fadbca458d4cb68b1dd399ae9a40618d747bb1af65ac9fad21c89220a143eb4?s=96&d=mm&r=g\",\"caption\":\"maranhaotv\"},\"sameAs\":[\"https:\\\/\\\/maranhaotv.com.br\\\/\"],\"url\":\"https:\\\/\\\/maranhaotv.com.br\\\/index.php\\\/author\\\/maranhaotv\\\/\"}]}<\/script>\n<!-- \/ Yoast SEO plugin. -->","yoast_head_json":{"title":"Passagem Franca: Ex-prefeito, e servidores p\u00fablicos s\u00e3o acionados por fraude em licita\u00e7\u00e3o - NOT\u00cdCIAS EM TEMPO REAL","robots":{"index":"index","follow":"follow","max-snippet":"max-snippet:-1","max-image-preview":"max-image-preview:large","max-video-preview":"max-video-preview:-1"},"canonical":"https:\/\/maranhaotv.com.br\/index.php\/2020\/04\/14\/passagem-franca-ex-prefeito-e-servidores-publicos-sao-acionados-por-fraude-em-licitacao\/","og_locale":"pt_BR","og_type":"article","og_title":"Passagem Franca: Ex-prefeito, e servidores p\u00fablicos s\u00e3o acionados por fraude em licita\u00e7\u00e3o - NOT\u00cdCIAS EM TEMPO REAL","og_description":"Por meio de uma A\u00e7\u00e3o Civil P\u00fablica, ajuizada no \u00faltimo dia 8, o Minist\u00e9rio P\u00fablico do Maranh\u00e3o busca a condena\u00e7\u00e3o","og_url":"https:\/\/maranhaotv.com.br\/index.php\/2020\/04\/14\/passagem-franca-ex-prefeito-e-servidores-publicos-sao-acionados-por-fraude-em-licitacao\/","og_site_name":"NOT\u00cdCIAS EM TEMPO REAL","article_publisher":"https:\/\/www.facebook.com\/maiobaotv","article_published_time":"2020-04-14T20:22:36+00:00","author":"maranhaotv","twitter_card":"summary_large_image","twitter_creator":"@sitemaranhaotv","twitter_site":"@sitemaranhaotv","twitter_misc":{"Escrito por":"maranhaotv","Est. tempo de leitura":"4 minutos"},"schema":{"@context":"https:\/\/schema.org","@graph":[{"@type":"Article","@id":"https:\/\/maranhaotv.com.br\/index.php\/2020\/04\/14\/passagem-franca-ex-prefeito-e-servidores-publicos-sao-acionados-por-fraude-em-licitacao\/#article","isPartOf":{"@id":"https:\/\/maranhaotv.com.br\/index.php\/2020\/04\/14\/passagem-franca-ex-prefeito-e-servidores-publicos-sao-acionados-por-fraude-em-licitacao\/"},"author":{"name":"maranhaotv","@id":"https:\/\/maranhaotv.com.br\/#\/schema\/person\/3d54238e86b20bb5c89ab2fdb8f8829a"},"headline":"Passagem Franca: Ex-prefeito, e servidores p\u00fablicos s\u00e3o acionados por fraude em licita\u00e7\u00e3o","datePublished":"2020-04-14T20:22:36+00:00","mainEntityOfPage":{"@id":"https:\/\/maranhaotv.com.br\/index.php\/2020\/04\/14\/passagem-franca-ex-prefeito-e-servidores-publicos-sao-acionados-por-fraude-em-licitacao\/"},"wordCount":844,"commentCount":0,"publisher":{"@id":"https:\/\/maranhaotv.com.br\/#organization"},"image":{"@id":"https:\/\/maranhaotv.com.br\/index.php\/2020\/04\/14\/passagem-franca-ex-prefeito-e-servidores-publicos-sao-acionados-por-fraude-em-licitacao\/#primaryimage"},"thumbnailUrl":"","articleSection":["not\u00edcias"],"inLanguage":"pt-BR","potentialAction":[{"@type":"CommentAction","name":"Comment","target":["https:\/\/maranhaotv.com.br\/index.php\/2020\/04\/14\/passagem-franca-ex-prefeito-e-servidores-publicos-sao-acionados-por-fraude-em-licitacao\/#respond"]}]},{"@type":"WebPage","@id":"https:\/\/maranhaotv.com.br\/index.php\/2020\/04\/14\/passagem-franca-ex-prefeito-e-servidores-publicos-sao-acionados-por-fraude-em-licitacao\/","url":"https:\/\/maranhaotv.com.br\/index.php\/2020\/04\/14\/passagem-franca-ex-prefeito-e-servidores-publicos-sao-acionados-por-fraude-em-licitacao\/","name":"Passagem Franca: Ex-prefeito, e servidores p\u00fablicos s\u00e3o acionados por fraude em licita\u00e7\u00e3o - NOT\u00cdCIAS EM TEMPO REAL","isPartOf":{"@id":"https:\/\/maranhaotv.com.br\/#website"},"primaryImageOfPage":{"@id":"https:\/\/maranhaotv.com.br\/index.php\/2020\/04\/14\/passagem-franca-ex-prefeito-e-servidores-publicos-sao-acionados-por-fraude-em-licitacao\/#primaryimage"},"image":{"@id":"https:\/\/maranhaotv.com.br\/index.php\/2020\/04\/14\/passagem-franca-ex-prefeito-e-servidores-publicos-sao-acionados-por-fraude-em-licitacao\/#primaryimage"},"thumbnailUrl":"","datePublished":"2020-04-14T20:22:36+00:00","breadcrumb":{"@id":"https:\/\/maranhaotv.com.br\/index.php\/2020\/04\/14\/passagem-franca-ex-prefeito-e-servidores-publicos-sao-acionados-por-fraude-em-licitacao\/#breadcrumb"},"inLanguage":"pt-BR","potentialAction":[{"@type":"ReadAction","target":["https:\/\/maranhaotv.com.br\/index.php\/2020\/04\/14\/passagem-franca-ex-prefeito-e-servidores-publicos-sao-acionados-por-fraude-em-licitacao\/"]}]},{"@type":"ImageObject","inLanguage":"pt-BR","@id":"https:\/\/maranhaotv.com.br\/index.php\/2020\/04\/14\/passagem-franca-ex-prefeito-e-servidores-publicos-sao-acionados-por-fraude-em-licitacao\/#primaryimage","url":"","contentUrl":""},{"@type":"BreadcrumbList","@id":"https:\/\/maranhaotv.com.br\/index.php\/2020\/04\/14\/passagem-franca-ex-prefeito-e-servidores-publicos-sao-acionados-por-fraude-em-licitacao\/#breadcrumb","itemListElement":[{"@type":"ListItem","position":1,"name":"In\u00edcio","item":"https:\/\/maranhaotv.com.br\/"},{"@type":"ListItem","position":2,"name":"Passagem Franca: Ex-prefeito, e servidores p\u00fablicos s\u00e3o acionados por fraude em licita\u00e7\u00e3o"}]},{"@type":"WebSite","@id":"https:\/\/maranhaotv.com.br\/#website","url":"https:\/\/maranhaotv.com.br\/","name":"Maranh\u00e3oTV","description":"","publisher":{"@id":"https:\/\/maranhaotv.com.br\/#organization"},"potentialAction":[{"@type":"SearchAction","target":{"@type":"EntryPoint","urlTemplate":"https:\/\/maranhaotv.com.br\/?s={search_term_string}"},"query-input":{"@type":"PropertyValueSpecification","valueRequired":true,"valueName":"search_term_string"}}],"inLanguage":"pt-BR"},{"@type":"Organization","@id":"https:\/\/maranhaotv.com.br\/#organization","name":"Portal de Not\u00edcias","url":"https:\/\/maranhaotv.com.br\/","logo":{"@type":"ImageObject","inLanguage":"pt-BR","@id":"https:\/\/maranhaotv.com.br\/#\/schema\/logo\/image\/","url":"https:\/\/maranhaotv.com.br\/wp-content\/uploads\/2024\/05\/cropped-cropped-avatar-1.png","contentUrl":"https:\/\/maranhaotv.com.br\/wp-content\/uploads\/2024\/05\/cropped-cropped-avatar-1.png","width":792,"height":428,"caption":"Portal de Not\u00edcias"},"image":{"@id":"https:\/\/maranhaotv.com.br\/#\/schema\/logo\/image\/"},"sameAs":["https:\/\/www.facebook.com\/maiobaotv","https:\/\/x.com\/sitemaranhaotv","https:\/\/www.instagram.com\/maranhao.tv","https:\/\/www.threads.net\/@maranhao.tv"]},{"@type":"Person","@id":"https:\/\/maranhaotv.com.br\/#\/schema\/person\/3d54238e86b20bb5c89ab2fdb8f8829a","name":"maranhaotv","image":{"@type":"ImageObject","inLanguage":"pt-BR","@id":"https:\/\/secure.gravatar.com\/avatar\/8fadbca458d4cb68b1dd399ae9a40618d747bb1af65ac9fad21c89220a143eb4?s=96&d=mm&r=g","url":"https:\/\/secure.gravatar.com\/avatar\/8fadbca458d4cb68b1dd399ae9a40618d747bb1af65ac9fad21c89220a143eb4?s=96&d=mm&r=g","contentUrl":"https:\/\/secure.gravatar.com\/avatar\/8fadbca458d4cb68b1dd399ae9a40618d747bb1af65ac9fad21c89220a143eb4?s=96&d=mm&r=g","caption":"maranhaotv"},"sameAs":["https:\/\/maranhaotv.com.br\/"],"url":"https:\/\/maranhaotv.com.br\/index.php\/author\/maranhaotv\/"}]}},"jetpack_featured_media_url":"","jetpack_sharing_enabled":true,"_links":{"self":[{"href":"https:\/\/maranhaotv.com.br\/index.php\/wp-json\/wp\/v2\/posts\/11145","targetHints":{"allow":["GET"]}}],"collection":[{"href":"https:\/\/maranhaotv.com.br\/index.php\/wp-json\/wp\/v2\/posts"}],"about":[{"href":"https:\/\/maranhaotv.com.br\/index.php\/wp-json\/wp\/v2\/types\/post"}],"author":[{"embeddable":true,"href":"https:\/\/maranhaotv.com.br\/index.php\/wp-json\/wp\/v2\/users\/2"}],"replies":[{"embeddable":true,"href":"https:\/\/maranhaotv.com.br\/index.php\/wp-json\/wp\/v2\/comments?post=11145"}],"version-history":[{"count":0,"href":"https:\/\/maranhaotv.com.br\/index.php\/wp-json\/wp\/v2\/posts\/11145\/revisions"}],"wp:featuredmedia":[{"embeddable":true,"href":"https:\/\/maranhaotv.com.br\/index.php\/wp-json\/"}],"wp:attachment":[{"href":"https:\/\/maranhaotv.com.br\/index.php\/wp-json\/wp\/v2\/media?parent=11145"}],"wp:term":[{"taxonomy":"category","embeddable":true,"href":"https:\/\/maranhaotv.com.br\/index.php\/wp-json\/wp\/v2\/categories?post=11145"},{"taxonomy":"post_tag","embeddable":true,"href":"https:\/\/maranhaotv.com.br\/index.php\/wp-json\/wp\/v2\/tags?post=11145"}],"curies":[{"name":"wp","href":"https:\/\/api.w.org\/{rel}","templated":true}]}}