{"id":11269,"date":"2020-04-20T21:06:35","date_gmt":"2020-04-21T00:06:35","guid":{"rendered":"https:\/\/maiobaotv.com.br\/?p=11269"},"modified":"2020-04-20T21:06:35","modified_gmt":"2020-04-21T00:06:35","slug":"sem-nocao-governo-federal-vai-processar-flavio-dino-por-compra-de-respiradores-chineses","status":"publish","type":"post","link":"https:\/\/maranhaotv.com.br\/index.php\/2020\/04\/20\/sem-nocao-governo-federal-vai-processar-flavio-dino-por-compra-de-respiradores-chineses\/","title":{"rendered":"Sem no\u00e7\u00e3o! Governo Federal vai processar Fl\u00e1vio Dino por compra de respiradores chineses"},"content":{"rendered":"<h5>A Receita Federal ir\u00e1 processar respons\u00e1veis por opera\u00e7\u00e3o que trouxe 107 respiradores da China para o Maranh\u00e3o<\/h5>\n<p>Para o governo Bolsonaro salvar vidas \u00e9 menos importante que fazer politicagem, a prova disso, \u00e9 o tom eleitoral do que o presidente da Rep\u00fablica trata a crise sanit\u00e1ria que assola o mundo.<\/p>\n<p>Em nota, a Receita afirma que a remo\u00e7\u00e3o dos respiradores foi \u201crealizada sem o pr\u00e9vio licenciamento da Anvisa e sem autoriza\u00e7\u00e3o da Inspetoria Receita Federal em S\u00e3o Lu\u00eds, \u00f3rg\u00e3o legalmente respons\u00e1vel por fiscalizar a importa\u00e7\u00e3o das mercadorias.\u201d<\/p>\n<p>Por isso, continua, a Infraero registrou boletim de ocorr\u00eancia na quarta-feira (15).<\/p>\n<p>\u201cDiante da situa\u00e7\u00e3o de flagrante descumprimento \u00e0 legisla\u00e7\u00e3o aduaneira (art. 23 e art. 27 do DL 1455\/76), aplic\u00e1vel no \u00e2mbito do com\u00e9rcio internacional, a Receita Federal tomar\u00e1 as provid\u00eancias legais cab\u00edveis contra as pessoas f\u00edsicas e jur\u00eddicas envolvidas, promovendo os competentes procedimentos fiscais, al\u00e9m de representa\u00e7\u00e3o aos \u00f3rg\u00e3os de persecu\u00e7\u00e3o penal\u201d, completa.<\/p>\n<p>A estrat\u00e9gia foi montada depois que o governo do Maranh\u00e3o, reservou respiradores tr\u00eas vezes e foi atravessado pelo governo federal, pela Alemanha e pelos Estados Unidos.<\/p>\n<p>Sobre o fato, Fl\u00e1vio Dino comentou em sua rede social:<\/p>\n<blockquote><p>&#8220;Maranh\u00e3o n\u00e3o praticou nenhuma ilegalidade na compra de respiradores. Mercadorias s\u00e3o legais, existem, est\u00e3o salvando vidas. A Receita pode abrir o procedimento que quiser e atenderemos \u00e0s suas exig\u00eancias. S\u00f3 n\u00e3o aceitamos amea\u00e7as nem persegui\u00e7\u00f5es sem sentido.&#8221;<\/p><\/blockquote>\n<p><img loading=\"lazy\" decoding=\"async\" src=\"https:\/\/maiobaotv.com.br\/wp-content\/uploads\/2020\/04\/img-20200420-wa04551988771112970620400.jpg\" class=\"wp-image-11268 alignnone size-full\" width=\"1080\" height=\"1037\"><\/p>\n","protected":false},"excerpt":{"rendered":"<p>A Receita Federal ir\u00e1 processar respons\u00e1veis por opera\u00e7\u00e3o que trouxe 107 respiradores da China para o Maranh\u00e3o Para o governo<\/p>\n","protected":false},"author":2,"featured_media":11270,"comment_status":"open","ping_status":"open","sticky":false,"template":"","format":"standard","meta":{"colormag_page_container_layout":"default_layout","colormag_page_sidebar_layout":"default_layout","_jetpack_memberships_contains_paid_content":false,"footnotes":""},"categories":[2],"tags":[67,141,52,164],"class_list":["post-11269","post","type-post","status-publish","format-standard","has-post-thumbnail","hentry","category-noticias","tag-bolsonaro","tag-coronavirus","tag-flavio-dino","tag-respiradores"],"magazineBlocksPostFeaturedMedia":{"thumbnail":false,"medium":false,"medium_large":false,"large":false,"1536x1536":false,"2048x2048":false,"colormag-highlighted-post":false,"colormag-featured-post-medium":false,"colormag-featured-post-small":false,"colormag-featured-image":false,"colormag-default-news":false,"colormag-featured-image-large":false},"magazineBlocksPostAuthor":{"name":"maranhaotv","avatar":"https:\/\/secure.gravatar.com\/avatar\/8fadbca458d4cb68b1dd399ae9a40618d747bb1af65ac9fad21c89220a143eb4?s=96&d=mm&r=g"},"magazineBlocksPostCommentsNumber":"0","magazineBlocksPostExcerpt":"A Receita Federal ir\u00e1 processar respons\u00e1veis por opera\u00e7\u00e3o que trouxe 107 respiradores da China para o Maranh\u00e3o Para o governo","magazineBlocksPostCategories":["not\u00edcias"],"magazineBlocksPostViewCount":205,"magazineBlocksPostReadTime":2,"magazine_blocks_featured_image_url":{"full":false,"medium":false,"thumbnail":false},"magazine_blocks_author":{"display_name":"maranhaotv","author_link":"https:\/\/maranhaotv.com.br\/index.php\/author\/maranhaotv\/"},"magazine_blocks_comment":0,"magazine_blocks_author_image":"https:\/\/secure.gravatar.com\/avatar\/8fadbca458d4cb68b1dd399ae9a40618d747bb1af65ac9fad21c89220a143eb4?s=96&d=mm&r=g","magazine_blocks_category":"<a href=\"#\" class=\"category-link category-link-2\">not\u00edcias<\/a>","yoast_head":"<!-- This site is optimized with the Yoast SEO plugin v27.4 - https:\/\/yoast.com\/product\/yoast-seo-wordpress\/ -->\n<title>Sem no\u00e7\u00e3o! Governo Federal vai processar Fl\u00e1vio Dino por compra de respiradores chineses - NOT\u00cdCIAS EM TEMPO REAL<\/title>\n<meta name=\"robots\" content=\"index, follow, max-snippet:-1, max-image-preview:large, max-video-preview:-1\" \/>\n<link rel=\"canonical\" href=\"https:\/\/maranhaotv.com.br\/index.php\/2020\/04\/20\/sem-nocao-governo-federal-vai-processar-flavio-dino-por-compra-de-respiradores-chineses\/\" \/>\n<meta property=\"og:locale\" content=\"pt_BR\" \/>\n<meta property=\"og:type\" content=\"article\" \/>\n<meta property=\"og:title\" content=\"Sem no\u00e7\u00e3o! Governo Federal vai processar Fl\u00e1vio Dino por compra de respiradores chineses - NOT\u00cdCIAS EM TEMPO REAL\" \/>\n<meta property=\"og:description\" content=\"A Receita Federal ir\u00e1 processar respons\u00e1veis por opera\u00e7\u00e3o que trouxe 107 respiradores da China para o Maranh\u00e3o Para o governo\" \/>\n<meta property=\"og:url\" content=\"https:\/\/maranhaotv.com.br\/index.php\/2020\/04\/20\/sem-nocao-governo-federal-vai-processar-flavio-dino-por-compra-de-respiradores-chineses\/\" \/>\n<meta property=\"og:site_name\" content=\"NOT\u00cdCIAS EM TEMPO REAL\" \/>\n<meta property=\"article:publisher\" content=\"https:\/\/www.facebook.com\/maiobaotv\" \/>\n<meta property=\"article:published_time\" content=\"2020-04-21T00:06:35+00:00\" \/>\n<meta name=\"author\" content=\"maranhaotv\" \/>\n<meta name=\"twitter:card\" content=\"summary_large_image\" \/>\n<meta name=\"twitter:creator\" content=\"@sitemaranhaotv\" \/>\n<meta name=\"twitter:site\" content=\"@sitemaranhaotv\" \/>\n<meta name=\"twitter:label1\" content=\"Escrito por\" \/>\n\t<meta name=\"twitter:data1\" content=\"maranhaotv\" \/>\n\t<meta name=\"twitter:label2\" content=\"Est. tempo de leitura\" \/>\n\t<meta name=\"twitter:data2\" content=\"1 minuto\" \/>\n<script type=\"application\/ld+json\" class=\"yoast-schema-graph\">{\"@context\":\"https:\\\/\\\/schema.org\",\"@graph\":[{\"@type\":\"Article\",\"@id\":\"https:\\\/\\\/maranhaotv.com.br\\\/index.php\\\/2020\\\/04\\\/20\\\/sem-nocao-governo-federal-vai-processar-flavio-dino-por-compra-de-respiradores-chineses\\\/#article\",\"isPartOf\":{\"@id\":\"https:\\\/\\\/maranhaotv.com.br\\\/index.php\\\/2020\\\/04\\\/20\\\/sem-nocao-governo-federal-vai-processar-flavio-dino-por-compra-de-respiradores-chineses\\\/\"},\"author\":{\"name\":\"maranhaotv\",\"@id\":\"https:\\\/\\\/maranhaotv.com.br\\\/#\\\/schema\\\/person\\\/3d54238e86b20bb5c89ab2fdb8f8829a\"},\"headline\":\"Sem no\u00e7\u00e3o! Governo Federal vai processar Fl\u00e1vio Dino por compra de respiradores chineses\",\"datePublished\":\"2020-04-21T00:06:35+00:00\",\"mainEntityOfPage\":{\"@id\":\"https:\\\/\\\/maranhaotv.com.br\\\/index.php\\\/2020\\\/04\\\/20\\\/sem-nocao-governo-federal-vai-processar-flavio-dino-por-compra-de-respiradores-chineses\\\/\"},\"wordCount\":269,\"commentCount\":0,\"publisher\":{\"@id\":\"https:\\\/\\\/maranhaotv.com.br\\\/#organization\"},\"image\":{\"@id\":\"https:\\\/\\\/maranhaotv.com.br\\\/index.php\\\/2020\\\/04\\\/20\\\/sem-nocao-governo-federal-vai-processar-flavio-dino-por-compra-de-respiradores-chineses\\\/#primaryimage\"},\"thumbnailUrl\":\"\",\"keywords\":[\"Bolsonaro\",\"Coronav\u00edrus\",\"Fl\u00e1vio Dino\",\"Respiradores\"],\"articleSection\":[\"not\u00edcias\"],\"inLanguage\":\"pt-BR\",\"potentialAction\":[{\"@type\":\"CommentAction\",\"name\":\"Comment\",\"target\":[\"https:\\\/\\\/maranhaotv.com.br\\\/index.php\\\/2020\\\/04\\\/20\\\/sem-nocao-governo-federal-vai-processar-flavio-dino-por-compra-de-respiradores-chineses\\\/#respond\"]}]},{\"@type\":\"WebPage\",\"@id\":\"https:\\\/\\\/maranhaotv.com.br\\\/index.php\\\/2020\\\/04\\\/20\\\/sem-nocao-governo-federal-vai-processar-flavio-dino-por-compra-de-respiradores-chineses\\\/\",\"url\":\"https:\\\/\\\/maranhaotv.com.br\\\/index.php\\\/2020\\\/04\\\/20\\\/sem-nocao-governo-federal-vai-processar-flavio-dino-por-compra-de-respiradores-chineses\\\/\",\"name\":\"Sem no\u00e7\u00e3o! Governo Federal vai processar Fl\u00e1vio Dino por compra de respiradores chineses - NOT\u00cdCIAS EM TEMPO REAL\",\"isPartOf\":{\"@id\":\"https:\\\/\\\/maranhaotv.com.br\\\/#website\"},\"primaryImageOfPage\":{\"@id\":\"https:\\\/\\\/maranhaotv.com.br\\\/index.php\\\/2020\\\/04\\\/20\\\/sem-nocao-governo-federal-vai-processar-flavio-dino-por-compra-de-respiradores-chineses\\\/#primaryimage\"},\"image\":{\"@id\":\"https:\\\/\\\/maranhaotv.com.br\\\/index.php\\\/2020\\\/04\\\/20\\\/sem-nocao-governo-federal-vai-processar-flavio-dino-por-compra-de-respiradores-chineses\\\/#primaryimage\"},\"thumbnailUrl\":\"\",\"datePublished\":\"2020-04-21T00:06:35+00:00\",\"breadcrumb\":{\"@id\":\"https:\\\/\\\/maranhaotv.com.br\\\/index.php\\\/2020\\\/04\\\/20\\\/sem-nocao-governo-federal-vai-processar-flavio-dino-por-compra-de-respiradores-chineses\\\/#breadcrumb\"},\"inLanguage\":\"pt-BR\",\"potentialAction\":[{\"@type\":\"ReadAction\",\"target\":[\"https:\\\/\\\/maranhaotv.com.br\\\/index.php\\\/2020\\\/04\\\/20\\\/sem-nocao-governo-federal-vai-processar-flavio-dino-por-compra-de-respiradores-chineses\\\/\"]}]},{\"@type\":\"ImageObject\",\"inLanguage\":\"pt-BR\",\"@id\":\"https:\\\/\\\/maranhaotv.com.br\\\/index.php\\\/2020\\\/04\\\/20\\\/sem-nocao-governo-federal-vai-processar-flavio-dino-por-compra-de-respiradores-chineses\\\/#primaryimage\",\"url\":\"\",\"contentUrl\":\"\"},{\"@type\":\"BreadcrumbList\",\"@id\":\"https:\\\/\\\/maranhaotv.com.br\\\/index.php\\\/2020\\\/04\\\/20\\\/sem-nocao-governo-federal-vai-processar-flavio-dino-por-compra-de-respiradores-chineses\\\/#breadcrumb\",\"itemListElement\":[{\"@type\":\"ListItem\",\"position\":1,\"name\":\"In\u00edcio\",\"item\":\"https:\\\/\\\/maranhaotv.com.br\\\/\"},{\"@type\":\"ListItem\",\"position\":2,\"name\":\"Sem no\u00e7\u00e3o! Governo Federal vai processar Fl\u00e1vio Dino por compra de respiradores chineses\"}]},{\"@type\":\"WebSite\",\"@id\":\"https:\\\/\\\/maranhaotv.com.br\\\/#website\",\"url\":\"https:\\\/\\\/maranhaotv.com.br\\\/\",\"name\":\"Maranh\u00e3oTV\",\"description\":\"\",\"publisher\":{\"@id\":\"https:\\\/\\\/maranhaotv.com.br\\\/#organization\"},\"potentialAction\":[{\"@type\":\"SearchAction\",\"target\":{\"@type\":\"EntryPoint\",\"urlTemplate\":\"https:\\\/\\\/maranhaotv.com.br\\\/?s={search_term_string}\"},\"query-input\":{\"@type\":\"PropertyValueSpecification\",\"valueRequired\":true,\"valueName\":\"search_term_string\"}}],\"inLanguage\":\"pt-BR\"},{\"@type\":\"Organization\",\"@id\":\"https:\\\/\\\/maranhaotv.com.br\\\/#organization\",\"name\":\"Portal de Not\u00edcias\",\"url\":\"https:\\\/\\\/maranhaotv.com.br\\\/\",\"logo\":{\"@type\":\"ImageObject\",\"inLanguage\":\"pt-BR\",\"@id\":\"https:\\\/\\\/maranhaotv.com.br\\\/#\\\/schema\\\/logo\\\/image\\\/\",\"url\":\"https:\\\/\\\/maranhaotv.com.br\\\/wp-content\\\/uploads\\\/2024\\\/05\\\/cropped-cropped-avatar-1.png\",\"contentUrl\":\"https:\\\/\\\/maranhaotv.com.br\\\/wp-content\\\/uploads\\\/2024\\\/05\\\/cropped-cropped-avatar-1.png\",\"width\":792,\"height\":428,\"caption\":\"Portal de Not\u00edcias\"},\"image\":{\"@id\":\"https:\\\/\\\/maranhaotv.com.br\\\/#\\\/schema\\\/logo\\\/image\\\/\"},\"sameAs\":[\"https:\\\/\\\/www.facebook.com\\\/maiobaotv\",\"https:\\\/\\\/x.com\\\/sitemaranhaotv\",\"https:\\\/\\\/www.instagram.com\\\/maranhao.tv\",\"https:\\\/\\\/www.threads.net\\\/@maranhao.tv\"]},{\"@type\":\"Person\",\"@id\":\"https:\\\/\\\/maranhaotv.com.br\\\/#\\\/schema\\\/person\\\/3d54238e86b20bb5c89ab2fdb8f8829a\",\"name\":\"maranhaotv\",\"image\":{\"@type\":\"ImageObject\",\"inLanguage\":\"pt-BR\",\"@id\":\"https:\\\/\\\/secure.gravatar.com\\\/avatar\\\/8fadbca458d4cb68b1dd399ae9a40618d747bb1af65ac9fad21c89220a143eb4?s=96&d=mm&r=g\",\"url\":\"https:\\\/\\\/secure.gravatar.com\\\/avatar\\\/8fadbca458d4cb68b1dd399ae9a40618d747bb1af65ac9fad21c89220a143eb4?s=96&d=mm&r=g\",\"contentUrl\":\"https:\\\/\\\/secure.gravatar.com\\\/avatar\\\/8fadbca458d4cb68b1dd399ae9a40618d747bb1af65ac9fad21c89220a143eb4?s=96&d=mm&r=g\",\"caption\":\"maranhaotv\"},\"sameAs\":[\"https:\\\/\\\/maranhaotv.com.br\\\/\"],\"url\":\"https:\\\/\\\/maranhaotv.com.br\\\/index.php\\\/author\\\/maranhaotv\\\/\"}]}<\/script>\n<!-- \/ Yoast SEO plugin. -->","yoast_head_json":{"title":"Sem no\u00e7\u00e3o! Governo Federal vai processar Fl\u00e1vio Dino por compra de respiradores chineses - NOT\u00cdCIAS EM TEMPO REAL","robots":{"index":"index","follow":"follow","max-snippet":"max-snippet:-1","max-image-preview":"max-image-preview:large","max-video-preview":"max-video-preview:-1"},"canonical":"https:\/\/maranhaotv.com.br\/index.php\/2020\/04\/20\/sem-nocao-governo-federal-vai-processar-flavio-dino-por-compra-de-respiradores-chineses\/","og_locale":"pt_BR","og_type":"article","og_title":"Sem no\u00e7\u00e3o! Governo Federal vai processar Fl\u00e1vio Dino por compra de respiradores chineses - NOT\u00cdCIAS EM TEMPO REAL","og_description":"A Receita Federal ir\u00e1 processar respons\u00e1veis por opera\u00e7\u00e3o que trouxe 107 respiradores da China para o Maranh\u00e3o Para o governo","og_url":"https:\/\/maranhaotv.com.br\/index.php\/2020\/04\/20\/sem-nocao-governo-federal-vai-processar-flavio-dino-por-compra-de-respiradores-chineses\/","og_site_name":"NOT\u00cdCIAS EM TEMPO REAL","article_publisher":"https:\/\/www.facebook.com\/maiobaotv","article_published_time":"2020-04-21T00:06:35+00:00","author":"maranhaotv","twitter_card":"summary_large_image","twitter_creator":"@sitemaranhaotv","twitter_site":"@sitemaranhaotv","twitter_misc":{"Escrito por":"maranhaotv","Est. tempo de leitura":"1 minuto"},"schema":{"@context":"https:\/\/schema.org","@graph":[{"@type":"Article","@id":"https:\/\/maranhaotv.com.br\/index.php\/2020\/04\/20\/sem-nocao-governo-federal-vai-processar-flavio-dino-por-compra-de-respiradores-chineses\/#article","isPartOf":{"@id":"https:\/\/maranhaotv.com.br\/index.php\/2020\/04\/20\/sem-nocao-governo-federal-vai-processar-flavio-dino-por-compra-de-respiradores-chineses\/"},"author":{"name":"maranhaotv","@id":"https:\/\/maranhaotv.com.br\/#\/schema\/person\/3d54238e86b20bb5c89ab2fdb8f8829a"},"headline":"Sem no\u00e7\u00e3o! Governo Federal vai processar Fl\u00e1vio Dino por compra de respiradores chineses","datePublished":"2020-04-21T00:06:35+00:00","mainEntityOfPage":{"@id":"https:\/\/maranhaotv.com.br\/index.php\/2020\/04\/20\/sem-nocao-governo-federal-vai-processar-flavio-dino-por-compra-de-respiradores-chineses\/"},"wordCount":269,"commentCount":0,"publisher":{"@id":"https:\/\/maranhaotv.com.br\/#organization"},"image":{"@id":"https:\/\/maranhaotv.com.br\/index.php\/2020\/04\/20\/sem-nocao-governo-federal-vai-processar-flavio-dino-por-compra-de-respiradores-chineses\/#primaryimage"},"thumbnailUrl":"","keywords":["Bolsonaro","Coronav\u00edrus","Fl\u00e1vio Dino","Respiradores"],"articleSection":["not\u00edcias"],"inLanguage":"pt-BR","potentialAction":[{"@type":"CommentAction","name":"Comment","target":["https:\/\/maranhaotv.com.br\/index.php\/2020\/04\/20\/sem-nocao-governo-federal-vai-processar-flavio-dino-por-compra-de-respiradores-chineses\/#respond"]}]},{"@type":"WebPage","@id":"https:\/\/maranhaotv.com.br\/index.php\/2020\/04\/20\/sem-nocao-governo-federal-vai-processar-flavio-dino-por-compra-de-respiradores-chineses\/","url":"https:\/\/maranhaotv.com.br\/index.php\/2020\/04\/20\/sem-nocao-governo-federal-vai-processar-flavio-dino-por-compra-de-respiradores-chineses\/","name":"Sem no\u00e7\u00e3o! Governo Federal vai processar Fl\u00e1vio Dino por compra de respiradores chineses - NOT\u00cdCIAS EM TEMPO REAL","isPartOf":{"@id":"https:\/\/maranhaotv.com.br\/#website"},"primaryImageOfPage":{"@id":"https:\/\/maranhaotv.com.br\/index.php\/2020\/04\/20\/sem-nocao-governo-federal-vai-processar-flavio-dino-por-compra-de-respiradores-chineses\/#primaryimage"},"image":{"@id":"https:\/\/maranhaotv.com.br\/index.php\/2020\/04\/20\/sem-nocao-governo-federal-vai-processar-flavio-dino-por-compra-de-respiradores-chineses\/#primaryimage"},"thumbnailUrl":"","datePublished":"2020-04-21T00:06:35+00:00","breadcrumb":{"@id":"https:\/\/maranhaotv.com.br\/index.php\/2020\/04\/20\/sem-nocao-governo-federal-vai-processar-flavio-dino-por-compra-de-respiradores-chineses\/#breadcrumb"},"inLanguage":"pt-BR","potentialAction":[{"@type":"ReadAction","target":["https:\/\/maranhaotv.com.br\/index.php\/2020\/04\/20\/sem-nocao-governo-federal-vai-processar-flavio-dino-por-compra-de-respiradores-chineses\/"]}]},{"@type":"ImageObject","inLanguage":"pt-BR","@id":"https:\/\/maranhaotv.com.br\/index.php\/2020\/04\/20\/sem-nocao-governo-federal-vai-processar-flavio-dino-por-compra-de-respiradores-chineses\/#primaryimage","url":"","contentUrl":""},{"@type":"BreadcrumbList","@id":"https:\/\/maranhaotv.com.br\/index.php\/2020\/04\/20\/sem-nocao-governo-federal-vai-processar-flavio-dino-por-compra-de-respiradores-chineses\/#breadcrumb","itemListElement":[{"@type":"ListItem","position":1,"name":"In\u00edcio","item":"https:\/\/maranhaotv.com.br\/"},{"@type":"ListItem","position":2,"name":"Sem no\u00e7\u00e3o! Governo Federal vai processar Fl\u00e1vio Dino por compra de respiradores chineses"}]},{"@type":"WebSite","@id":"https:\/\/maranhaotv.com.br\/#website","url":"https:\/\/maranhaotv.com.br\/","name":"Maranh\u00e3oTV","description":"","publisher":{"@id":"https:\/\/maranhaotv.com.br\/#organization"},"potentialAction":[{"@type":"SearchAction","target":{"@type":"EntryPoint","urlTemplate":"https:\/\/maranhaotv.com.br\/?s={search_term_string}"},"query-input":{"@type":"PropertyValueSpecification","valueRequired":true,"valueName":"search_term_string"}}],"inLanguage":"pt-BR"},{"@type":"Organization","@id":"https:\/\/maranhaotv.com.br\/#organization","name":"Portal de Not\u00edcias","url":"https:\/\/maranhaotv.com.br\/","logo":{"@type":"ImageObject","inLanguage":"pt-BR","@id":"https:\/\/maranhaotv.com.br\/#\/schema\/logo\/image\/","url":"https:\/\/maranhaotv.com.br\/wp-content\/uploads\/2024\/05\/cropped-cropped-avatar-1.png","contentUrl":"https:\/\/maranhaotv.com.br\/wp-content\/uploads\/2024\/05\/cropped-cropped-avatar-1.png","width":792,"height":428,"caption":"Portal de Not\u00edcias"},"image":{"@id":"https:\/\/maranhaotv.com.br\/#\/schema\/logo\/image\/"},"sameAs":["https:\/\/www.facebook.com\/maiobaotv","https:\/\/x.com\/sitemaranhaotv","https:\/\/www.instagram.com\/maranhao.tv","https:\/\/www.threads.net\/@maranhao.tv"]},{"@type":"Person","@id":"https:\/\/maranhaotv.com.br\/#\/schema\/person\/3d54238e86b20bb5c89ab2fdb8f8829a","name":"maranhaotv","image":{"@type":"ImageObject","inLanguage":"pt-BR","@id":"https:\/\/secure.gravatar.com\/avatar\/8fadbca458d4cb68b1dd399ae9a40618d747bb1af65ac9fad21c89220a143eb4?s=96&d=mm&r=g","url":"https:\/\/secure.gravatar.com\/avatar\/8fadbca458d4cb68b1dd399ae9a40618d747bb1af65ac9fad21c89220a143eb4?s=96&d=mm&r=g","contentUrl":"https:\/\/secure.gravatar.com\/avatar\/8fadbca458d4cb68b1dd399ae9a40618d747bb1af65ac9fad21c89220a143eb4?s=96&d=mm&r=g","caption":"maranhaotv"},"sameAs":["https:\/\/maranhaotv.com.br\/"],"url":"https:\/\/maranhaotv.com.br\/index.php\/author\/maranhaotv\/"}]}},"jetpack_featured_media_url":"","jetpack_sharing_enabled":true,"_links":{"self":[{"href":"https:\/\/maranhaotv.com.br\/index.php\/wp-json\/wp\/v2\/posts\/11269","targetHints":{"allow":["GET"]}}],"collection":[{"href":"https:\/\/maranhaotv.com.br\/index.php\/wp-json\/wp\/v2\/posts"}],"about":[{"href":"https:\/\/maranhaotv.com.br\/index.php\/wp-json\/wp\/v2\/types\/post"}],"author":[{"embeddable":true,"href":"https:\/\/maranhaotv.com.br\/index.php\/wp-json\/wp\/v2\/users\/2"}],"replies":[{"embeddable":true,"href":"https:\/\/maranhaotv.com.br\/index.php\/wp-json\/wp\/v2\/comments?post=11269"}],"version-history":[{"count":0,"href":"https:\/\/maranhaotv.com.br\/index.php\/wp-json\/wp\/v2\/posts\/11269\/revisions"}],"wp:featuredmedia":[{"embeddable":true,"href":"https:\/\/maranhaotv.com.br\/index.php\/wp-json\/"}],"wp:attachment":[{"href":"https:\/\/maranhaotv.com.br\/index.php\/wp-json\/wp\/v2\/media?parent=11269"}],"wp:term":[{"taxonomy":"category","embeddable":true,"href":"https:\/\/maranhaotv.com.br\/index.php\/wp-json\/wp\/v2\/categories?post=11269"},{"taxonomy":"post_tag","embeddable":true,"href":"https:\/\/maranhaotv.com.br\/index.php\/wp-json\/wp\/v2\/tags?post=11269"}],"curies":[{"name":"wp","href":"https:\/\/api.w.org\/{rel}","templated":true}]}}