{"id":11432,"date":"2020-04-27T11:59:12","date_gmt":"2020-04-27T14:59:12","guid":{"rendered":"https:\/\/maiobaotv.com.br\/?p=11432"},"modified":"2020-04-27T11:59:12","modified_gmt":"2020-04-27T14:59:12","slug":"coronavirus-saude-do-maranhao-a-beira-de-um-colapso","status":"publish","type":"post","link":"https:\/\/maranhaotv.com.br\/index.php\/2020\/04\/27\/coronavirus-saude-do-maranhao-a-beira-de-um-colapso\/","title":{"rendered":"Coronav\u00edrus: Sa\u00fade do Maranh\u00e3o \u00e0 beira de um colapso"},"content":{"rendered":"<p>S\u00e3o Lu\u00eds j\u00e1 est\u00e1 com 95% dos leitos das Unidade de Terapia Intensiva (UTI) da rede p\u00fablica ocupados, segundo o governo do Maranh\u00e3o. O Estado j\u00e1 registrou 125 mortes e quase 3 mil casos de covid-19. A situa\u00e7\u00e3o no interior tamb\u00e9m \u00e9 cr\u00edtica. Calcula-se que h\u00e1 apenas 81 leitos dispon\u00edveis nos demais munic\u00edpios do estado.<\/p> <p>A situa\u00e7\u00e3o \u00e9 dram\u00e1tica para aqueles que tentam encontrar uma vaga de hospital para os familiares infectados. Foi este o caso de Jos\u00e9 Ribamar Rodrigues, de 78 anos, que deu entrada na Unidade de Pronto Atendimento (UPA), teve confirmado o diagn\u00f3stico de covid-19 e faleceu ap\u00f3s tr\u00eas dias de espera por um leito.<\/p> <p>O filho de Jos\u00e9 lembra com revolta a busca por uma vaga em hospitais p\u00fablico para o pai. \u201cMeu pai chegou bem no hospital, foi uma luta de tr\u00eas dias para conseguir um leito com UTI, mas, infelizmente, ele veio a \u00f3bito. Estou indignado com o governo, na propaganda diz que tem leitos suficientes e est\u00e3o ampliando a demanda para atender a todos, mas a realidade \u00e9 outra\u201d, afirmou M\u00e1rio Henrique Rodrigues, de 46 anos.<\/p> <p>J\u00e1 Ronaldo Passos dos Santos, que estava em busca de atendimento desde o dia 8 de abril, morreu no dia 23, antes de receber a not\u00edcia de que seria transferido para uma UTI.<\/p> <p>Muito consternada, a filha de Ronaldo, Raquel Batista de Sousa, atestou que o pai veio a \u00f3bito por falta de atendimento. \u201cMeu pai faleceu por falta de atendimento correto. V\u00e1rias vezes foi na UPA com sintomas graves, mas recebeu ordens de retornar para casa. Quando estava muito ruim, ele voltou pra unidade de pronto atendimento, ficando apenas na ala de observa\u00e7\u00e3o do hospital. Lutamos pra transferir ele para a UTI, mas, infelizmente, n\u00e3o conseguimos e ele veio a \u00f3bito\u201d, disse com a voz embargada.<\/p> <p>Faltam leitos<\/p> <p>Na capital maranhense, dos 112 leitos de UTI dispon\u00edveis para tratamento de doentes por covid-19, 106 j\u00e1 est\u00e3o ocupados, o que corresponde a uma taxa de ocupa\u00e7\u00e3o de 95%. J\u00e1 as enfermarias s\u00e3o 267 na capital, sendo que 161 est\u00e3o lotadas com pacientes.<\/p> <p>O colapso da sa\u00fade p\u00fablica no estado ficou evidente na manh\u00e3 deste domingo, 26. Na porta do F\u00f3rum Sarney Costa, cerca de 30 pessoas esperavam o atendimento para tirar um atestado de \u00f3bito. Os registros s\u00e3o decorrentes da covid-19, por\u00e9m, o que chama a aten\u00e7\u00e3o \u00e9 o volume de fam\u00edlias que precisam utilizar o servi\u00e7o.<br><br><img loading=\"lazy\" decoding=\"async\" src=\"https:\/\/maiobaotv.com.br\/wp-content\/uploads\/2020\/04\/img-20200427-wa00784060517996643943255.jpg\" class=\"wp-image-11431 alignnone size-full\" width=\"800\" height=\"253\" \/><\/p> <p>Estad\u00e3o<\/p>","protected":false},"excerpt":{"rendered":"<p>S\u00e3o Lu\u00eds j\u00e1 est\u00e1 com 95% dos leitos das Unidade de Terapia Intensiva (UTI) da rede p\u00fablica ocupados, segundo o<\/p>\n","protected":false},"author":2,"featured_media":11433,"comment_status":"open","ping_status":"open","sticky":false,"template":"","format":"standard","meta":{"colormag_page_container_layout":"default_layout","colormag_page_sidebar_layout":"default_layout","_jetpack_memberships_contains_paid_content":false,"footnotes":""},"categories":[2],"tags":[],"class_list":["post-11432","post","type-post","status-publish","format-standard","has-post-thumbnail","hentry","category-noticias"],"magazineBlocksPostFeaturedMedia":{"thumbnail":false,"medium":false,"medium_large":false,"large":false,"1536x1536":false,"2048x2048":false,"colormag-highlighted-post":false,"colormag-featured-post-medium":false,"colormag-featured-post-small":false,"colormag-featured-image":false,"colormag-default-news":false,"colormag-featured-image-large":false},"magazineBlocksPostAuthor":{"name":"maranhaotv","avatar":"https:\/\/secure.gravatar.com\/avatar\/8fadbca458d4cb68b1dd399ae9a40618d747bb1af65ac9fad21c89220a143eb4?s=96&d=mm&r=g"},"magazineBlocksPostCommentsNumber":"0","magazineBlocksPostExcerpt":"S\u00e3o Lu\u00eds j\u00e1 est\u00e1 com 95% dos leitos das Unidade de Terapia Intensiva (UTI) da rede p\u00fablica ocupados, segundo o","magazineBlocksPostCategories":["not\u00edcias"],"magazineBlocksPostViewCount":121,"magazineBlocksPostReadTime":3,"magazine_blocks_featured_image_url":{"full":false,"medium":false,"thumbnail":false},"magazine_blocks_author":{"display_name":"maranhaotv","author_link":"https:\/\/maranhaotv.com.br\/index.php\/author\/maranhaotv\/"},"magazine_blocks_comment":1,"magazine_blocks_author_image":"https:\/\/secure.gravatar.com\/avatar\/8fadbca458d4cb68b1dd399ae9a40618d747bb1af65ac9fad21c89220a143eb4?s=96&d=mm&r=g","magazine_blocks_category":"<a href=\"#\" class=\"category-link category-link-2\">not\u00edcias<\/a>","yoast_head":"<!-- This site is optimized with the Yoast SEO plugin v27.4 - https:\/\/yoast.com\/product\/yoast-seo-wordpress\/ -->\n<title>Coronav\u00edrus: Sa\u00fade do Maranh\u00e3o \u00e0 beira de um colapso - NOT\u00cdCIAS EM TEMPO REAL<\/title>\n<meta name=\"robots\" content=\"index, follow, max-snippet:-1, max-image-preview:large, max-video-preview:-1\" \/>\n<link rel=\"canonical\" href=\"https:\/\/maranhaotv.com.br\/index.php\/2020\/04\/27\/coronavirus-saude-do-maranhao-a-beira-de-um-colapso\/\" \/>\n<meta property=\"og:locale\" content=\"pt_BR\" \/>\n<meta property=\"og:type\" content=\"article\" \/>\n<meta property=\"og:title\" content=\"Coronav\u00edrus: Sa\u00fade do Maranh\u00e3o \u00e0 beira de um colapso - NOT\u00cdCIAS EM TEMPO REAL\" \/>\n<meta property=\"og:description\" content=\"S\u00e3o Lu\u00eds j\u00e1 est\u00e1 com 95% dos leitos das Unidade de Terapia Intensiva (UTI) da rede p\u00fablica ocupados, segundo o\" \/>\n<meta property=\"og:url\" content=\"https:\/\/maranhaotv.com.br\/index.php\/2020\/04\/27\/coronavirus-saude-do-maranhao-a-beira-de-um-colapso\/\" \/>\n<meta property=\"og:site_name\" content=\"NOT\u00cdCIAS EM TEMPO REAL\" \/>\n<meta property=\"article:publisher\" content=\"https:\/\/www.facebook.com\/maiobaotv\" \/>\n<meta property=\"article:published_time\" content=\"2020-04-27T14:59:12+00:00\" \/>\n<meta name=\"author\" content=\"maranhaotv\" \/>\n<meta name=\"twitter:card\" content=\"summary_large_image\" \/>\n<meta name=\"twitter:creator\" content=\"@sitemaranhaotv\" \/>\n<meta name=\"twitter:site\" content=\"@sitemaranhaotv\" \/>\n<meta name=\"twitter:label1\" content=\"Escrito por\" \/>\n\t<meta name=\"twitter:data1\" content=\"maranhaotv\" \/>\n\t<meta name=\"twitter:label2\" content=\"Est. tempo de leitura\" \/>\n\t<meta name=\"twitter:data2\" content=\"2 minutos\" \/>\n<script type=\"application\/ld+json\" class=\"yoast-schema-graph\">{\"@context\":\"https:\\\/\\\/schema.org\",\"@graph\":[{\"@type\":\"Article\",\"@id\":\"https:\\\/\\\/maranhaotv.com.br\\\/index.php\\\/2020\\\/04\\\/27\\\/coronavirus-saude-do-maranhao-a-beira-de-um-colapso\\\/#article\",\"isPartOf\":{\"@id\":\"https:\\\/\\\/maranhaotv.com.br\\\/index.php\\\/2020\\\/04\\\/27\\\/coronavirus-saude-do-maranhao-a-beira-de-um-colapso\\\/\"},\"author\":{\"name\":\"maranhaotv\",\"@id\":\"https:\\\/\\\/maranhaotv.com.br\\\/#\\\/schema\\\/person\\\/3d54238e86b20bb5c89ab2fdb8f8829a\"},\"headline\":\"Coronav\u00edrus: Sa\u00fade do Maranh\u00e3o \u00e0 beira de um colapso\",\"datePublished\":\"2020-04-27T14:59:12+00:00\",\"mainEntityOfPage\":{\"@id\":\"https:\\\/\\\/maranhaotv.com.br\\\/index.php\\\/2020\\\/04\\\/27\\\/coronavirus-saude-do-maranhao-a-beira-de-um-colapso\\\/\"},\"wordCount\":429,\"commentCount\":0,\"publisher\":{\"@id\":\"https:\\\/\\\/maranhaotv.com.br\\\/#organization\"},\"image\":{\"@id\":\"https:\\\/\\\/maranhaotv.com.br\\\/index.php\\\/2020\\\/04\\\/27\\\/coronavirus-saude-do-maranhao-a-beira-de-um-colapso\\\/#primaryimage\"},\"thumbnailUrl\":\"\",\"articleSection\":[\"not\u00edcias\"],\"inLanguage\":\"pt-BR\",\"potentialAction\":[{\"@type\":\"CommentAction\",\"name\":\"Comment\",\"target\":[\"https:\\\/\\\/maranhaotv.com.br\\\/index.php\\\/2020\\\/04\\\/27\\\/coronavirus-saude-do-maranhao-a-beira-de-um-colapso\\\/#respond\"]}]},{\"@type\":\"WebPage\",\"@id\":\"https:\\\/\\\/maranhaotv.com.br\\\/index.php\\\/2020\\\/04\\\/27\\\/coronavirus-saude-do-maranhao-a-beira-de-um-colapso\\\/\",\"url\":\"https:\\\/\\\/maranhaotv.com.br\\\/index.php\\\/2020\\\/04\\\/27\\\/coronavirus-saude-do-maranhao-a-beira-de-um-colapso\\\/\",\"name\":\"Coronav\u00edrus: Sa\u00fade do Maranh\u00e3o \u00e0 beira de um colapso - NOT\u00cdCIAS EM TEMPO REAL\",\"isPartOf\":{\"@id\":\"https:\\\/\\\/maranhaotv.com.br\\\/#website\"},\"primaryImageOfPage\":{\"@id\":\"https:\\\/\\\/maranhaotv.com.br\\\/index.php\\\/2020\\\/04\\\/27\\\/coronavirus-saude-do-maranhao-a-beira-de-um-colapso\\\/#primaryimage\"},\"image\":{\"@id\":\"https:\\\/\\\/maranhaotv.com.br\\\/index.php\\\/2020\\\/04\\\/27\\\/coronavirus-saude-do-maranhao-a-beira-de-um-colapso\\\/#primaryimage\"},\"thumbnailUrl\":\"\",\"datePublished\":\"2020-04-27T14:59:12+00:00\",\"breadcrumb\":{\"@id\":\"https:\\\/\\\/maranhaotv.com.br\\\/index.php\\\/2020\\\/04\\\/27\\\/coronavirus-saude-do-maranhao-a-beira-de-um-colapso\\\/#breadcrumb\"},\"inLanguage\":\"pt-BR\",\"potentialAction\":[{\"@type\":\"ReadAction\",\"target\":[\"https:\\\/\\\/maranhaotv.com.br\\\/index.php\\\/2020\\\/04\\\/27\\\/coronavirus-saude-do-maranhao-a-beira-de-um-colapso\\\/\"]}]},{\"@type\":\"ImageObject\",\"inLanguage\":\"pt-BR\",\"@id\":\"https:\\\/\\\/maranhaotv.com.br\\\/index.php\\\/2020\\\/04\\\/27\\\/coronavirus-saude-do-maranhao-a-beira-de-um-colapso\\\/#primaryimage\",\"url\":\"\",\"contentUrl\":\"\"},{\"@type\":\"BreadcrumbList\",\"@id\":\"https:\\\/\\\/maranhaotv.com.br\\\/index.php\\\/2020\\\/04\\\/27\\\/coronavirus-saude-do-maranhao-a-beira-de-um-colapso\\\/#breadcrumb\",\"itemListElement\":[{\"@type\":\"ListItem\",\"position\":1,\"name\":\"In\u00edcio\",\"item\":\"https:\\\/\\\/maranhaotv.com.br\\\/\"},{\"@type\":\"ListItem\",\"position\":2,\"name\":\"Coronav\u00edrus: Sa\u00fade do Maranh\u00e3o \u00e0 beira de um colapso\"}]},{\"@type\":\"WebSite\",\"@id\":\"https:\\\/\\\/maranhaotv.com.br\\\/#website\",\"url\":\"https:\\\/\\\/maranhaotv.com.br\\\/\",\"name\":\"Maranh\u00e3oTV\",\"description\":\"\",\"publisher\":{\"@id\":\"https:\\\/\\\/maranhaotv.com.br\\\/#organization\"},\"potentialAction\":[{\"@type\":\"SearchAction\",\"target\":{\"@type\":\"EntryPoint\",\"urlTemplate\":\"https:\\\/\\\/maranhaotv.com.br\\\/?s={search_term_string}\"},\"query-input\":{\"@type\":\"PropertyValueSpecification\",\"valueRequired\":true,\"valueName\":\"search_term_string\"}}],\"inLanguage\":\"pt-BR\"},{\"@type\":\"Organization\",\"@id\":\"https:\\\/\\\/maranhaotv.com.br\\\/#organization\",\"name\":\"Portal de Not\u00edcias\",\"url\":\"https:\\\/\\\/maranhaotv.com.br\\\/\",\"logo\":{\"@type\":\"ImageObject\",\"inLanguage\":\"pt-BR\",\"@id\":\"https:\\\/\\\/maranhaotv.com.br\\\/#\\\/schema\\\/logo\\\/image\\\/\",\"url\":\"https:\\\/\\\/maranhaotv.com.br\\\/wp-content\\\/uploads\\\/2024\\\/05\\\/cropped-cropped-avatar-1.png\",\"contentUrl\":\"https:\\\/\\\/maranhaotv.com.br\\\/wp-content\\\/uploads\\\/2024\\\/05\\\/cropped-cropped-avatar-1.png\",\"width\":792,\"height\":428,\"caption\":\"Portal de Not\u00edcias\"},\"image\":{\"@id\":\"https:\\\/\\\/maranhaotv.com.br\\\/#\\\/schema\\\/logo\\\/image\\\/\"},\"sameAs\":[\"https:\\\/\\\/www.facebook.com\\\/maiobaotv\",\"https:\\\/\\\/x.com\\\/sitemaranhaotv\",\"https:\\\/\\\/www.instagram.com\\\/maranhao.tv\",\"https:\\\/\\\/www.threads.net\\\/@maranhao.tv\"]},{\"@type\":\"Person\",\"@id\":\"https:\\\/\\\/maranhaotv.com.br\\\/#\\\/schema\\\/person\\\/3d54238e86b20bb5c89ab2fdb8f8829a\",\"name\":\"maranhaotv\",\"image\":{\"@type\":\"ImageObject\",\"inLanguage\":\"pt-BR\",\"@id\":\"https:\\\/\\\/secure.gravatar.com\\\/avatar\\\/8fadbca458d4cb68b1dd399ae9a40618d747bb1af65ac9fad21c89220a143eb4?s=96&d=mm&r=g\",\"url\":\"https:\\\/\\\/secure.gravatar.com\\\/avatar\\\/8fadbca458d4cb68b1dd399ae9a40618d747bb1af65ac9fad21c89220a143eb4?s=96&d=mm&r=g\",\"contentUrl\":\"https:\\\/\\\/secure.gravatar.com\\\/avatar\\\/8fadbca458d4cb68b1dd399ae9a40618d747bb1af65ac9fad21c89220a143eb4?s=96&d=mm&r=g\",\"caption\":\"maranhaotv\"},\"sameAs\":[\"https:\\\/\\\/maranhaotv.com.br\\\/\"],\"url\":\"https:\\\/\\\/maranhaotv.com.br\\\/index.php\\\/author\\\/maranhaotv\\\/\"}]}<\/script>\n<!-- \/ Yoast SEO plugin. -->","yoast_head_json":{"title":"Coronav\u00edrus: Sa\u00fade do Maranh\u00e3o \u00e0 beira de um colapso - NOT\u00cdCIAS EM TEMPO REAL","robots":{"index":"index","follow":"follow","max-snippet":"max-snippet:-1","max-image-preview":"max-image-preview:large","max-video-preview":"max-video-preview:-1"},"canonical":"https:\/\/maranhaotv.com.br\/index.php\/2020\/04\/27\/coronavirus-saude-do-maranhao-a-beira-de-um-colapso\/","og_locale":"pt_BR","og_type":"article","og_title":"Coronav\u00edrus: Sa\u00fade do Maranh\u00e3o \u00e0 beira de um colapso - NOT\u00cdCIAS EM TEMPO REAL","og_description":"S\u00e3o Lu\u00eds j\u00e1 est\u00e1 com 95% dos leitos das Unidade de Terapia Intensiva (UTI) da rede p\u00fablica ocupados, segundo o","og_url":"https:\/\/maranhaotv.com.br\/index.php\/2020\/04\/27\/coronavirus-saude-do-maranhao-a-beira-de-um-colapso\/","og_site_name":"NOT\u00cdCIAS EM TEMPO REAL","article_publisher":"https:\/\/www.facebook.com\/maiobaotv","article_published_time":"2020-04-27T14:59:12+00:00","author":"maranhaotv","twitter_card":"summary_large_image","twitter_creator":"@sitemaranhaotv","twitter_site":"@sitemaranhaotv","twitter_misc":{"Escrito por":"maranhaotv","Est. tempo de leitura":"2 minutos"},"schema":{"@context":"https:\/\/schema.org","@graph":[{"@type":"Article","@id":"https:\/\/maranhaotv.com.br\/index.php\/2020\/04\/27\/coronavirus-saude-do-maranhao-a-beira-de-um-colapso\/#article","isPartOf":{"@id":"https:\/\/maranhaotv.com.br\/index.php\/2020\/04\/27\/coronavirus-saude-do-maranhao-a-beira-de-um-colapso\/"},"author":{"name":"maranhaotv","@id":"https:\/\/maranhaotv.com.br\/#\/schema\/person\/3d54238e86b20bb5c89ab2fdb8f8829a"},"headline":"Coronav\u00edrus: Sa\u00fade do Maranh\u00e3o \u00e0 beira de um colapso","datePublished":"2020-04-27T14:59:12+00:00","mainEntityOfPage":{"@id":"https:\/\/maranhaotv.com.br\/index.php\/2020\/04\/27\/coronavirus-saude-do-maranhao-a-beira-de-um-colapso\/"},"wordCount":429,"commentCount":0,"publisher":{"@id":"https:\/\/maranhaotv.com.br\/#organization"},"image":{"@id":"https:\/\/maranhaotv.com.br\/index.php\/2020\/04\/27\/coronavirus-saude-do-maranhao-a-beira-de-um-colapso\/#primaryimage"},"thumbnailUrl":"","articleSection":["not\u00edcias"],"inLanguage":"pt-BR","potentialAction":[{"@type":"CommentAction","name":"Comment","target":["https:\/\/maranhaotv.com.br\/index.php\/2020\/04\/27\/coronavirus-saude-do-maranhao-a-beira-de-um-colapso\/#respond"]}]},{"@type":"WebPage","@id":"https:\/\/maranhaotv.com.br\/index.php\/2020\/04\/27\/coronavirus-saude-do-maranhao-a-beira-de-um-colapso\/","url":"https:\/\/maranhaotv.com.br\/index.php\/2020\/04\/27\/coronavirus-saude-do-maranhao-a-beira-de-um-colapso\/","name":"Coronav\u00edrus: Sa\u00fade do Maranh\u00e3o \u00e0 beira de um colapso - NOT\u00cdCIAS EM TEMPO REAL","isPartOf":{"@id":"https:\/\/maranhaotv.com.br\/#website"},"primaryImageOfPage":{"@id":"https:\/\/maranhaotv.com.br\/index.php\/2020\/04\/27\/coronavirus-saude-do-maranhao-a-beira-de-um-colapso\/#primaryimage"},"image":{"@id":"https:\/\/maranhaotv.com.br\/index.php\/2020\/04\/27\/coronavirus-saude-do-maranhao-a-beira-de-um-colapso\/#primaryimage"},"thumbnailUrl":"","datePublished":"2020-04-27T14:59:12+00:00","breadcrumb":{"@id":"https:\/\/maranhaotv.com.br\/index.php\/2020\/04\/27\/coronavirus-saude-do-maranhao-a-beira-de-um-colapso\/#breadcrumb"},"inLanguage":"pt-BR","potentialAction":[{"@type":"ReadAction","target":["https:\/\/maranhaotv.com.br\/index.php\/2020\/04\/27\/coronavirus-saude-do-maranhao-a-beira-de-um-colapso\/"]}]},{"@type":"ImageObject","inLanguage":"pt-BR","@id":"https:\/\/maranhaotv.com.br\/index.php\/2020\/04\/27\/coronavirus-saude-do-maranhao-a-beira-de-um-colapso\/#primaryimage","url":"","contentUrl":""},{"@type":"BreadcrumbList","@id":"https:\/\/maranhaotv.com.br\/index.php\/2020\/04\/27\/coronavirus-saude-do-maranhao-a-beira-de-um-colapso\/#breadcrumb","itemListElement":[{"@type":"ListItem","position":1,"name":"In\u00edcio","item":"https:\/\/maranhaotv.com.br\/"},{"@type":"ListItem","position":2,"name":"Coronav\u00edrus: Sa\u00fade do Maranh\u00e3o \u00e0 beira de um colapso"}]},{"@type":"WebSite","@id":"https:\/\/maranhaotv.com.br\/#website","url":"https:\/\/maranhaotv.com.br\/","name":"Maranh\u00e3oTV","description":"","publisher":{"@id":"https:\/\/maranhaotv.com.br\/#organization"},"potentialAction":[{"@type":"SearchAction","target":{"@type":"EntryPoint","urlTemplate":"https:\/\/maranhaotv.com.br\/?s={search_term_string}"},"query-input":{"@type":"PropertyValueSpecification","valueRequired":true,"valueName":"search_term_string"}}],"inLanguage":"pt-BR"},{"@type":"Organization","@id":"https:\/\/maranhaotv.com.br\/#organization","name":"Portal de Not\u00edcias","url":"https:\/\/maranhaotv.com.br\/","logo":{"@type":"ImageObject","inLanguage":"pt-BR","@id":"https:\/\/maranhaotv.com.br\/#\/schema\/logo\/image\/","url":"https:\/\/maranhaotv.com.br\/wp-content\/uploads\/2024\/05\/cropped-cropped-avatar-1.png","contentUrl":"https:\/\/maranhaotv.com.br\/wp-content\/uploads\/2024\/05\/cropped-cropped-avatar-1.png","width":792,"height":428,"caption":"Portal de Not\u00edcias"},"image":{"@id":"https:\/\/maranhaotv.com.br\/#\/schema\/logo\/image\/"},"sameAs":["https:\/\/www.facebook.com\/maiobaotv","https:\/\/x.com\/sitemaranhaotv","https:\/\/www.instagram.com\/maranhao.tv","https:\/\/www.threads.net\/@maranhao.tv"]},{"@type":"Person","@id":"https:\/\/maranhaotv.com.br\/#\/schema\/person\/3d54238e86b20bb5c89ab2fdb8f8829a","name":"maranhaotv","image":{"@type":"ImageObject","inLanguage":"pt-BR","@id":"https:\/\/secure.gravatar.com\/avatar\/8fadbca458d4cb68b1dd399ae9a40618d747bb1af65ac9fad21c89220a143eb4?s=96&d=mm&r=g","url":"https:\/\/secure.gravatar.com\/avatar\/8fadbca458d4cb68b1dd399ae9a40618d747bb1af65ac9fad21c89220a143eb4?s=96&d=mm&r=g","contentUrl":"https:\/\/secure.gravatar.com\/avatar\/8fadbca458d4cb68b1dd399ae9a40618d747bb1af65ac9fad21c89220a143eb4?s=96&d=mm&r=g","caption":"maranhaotv"},"sameAs":["https:\/\/maranhaotv.com.br\/"],"url":"https:\/\/maranhaotv.com.br\/index.php\/author\/maranhaotv\/"}]}},"jetpack_featured_media_url":"","jetpack_sharing_enabled":true,"_links":{"self":[{"href":"https:\/\/maranhaotv.com.br\/index.php\/wp-json\/wp\/v2\/posts\/11432","targetHints":{"allow":["GET"]}}],"collection":[{"href":"https:\/\/maranhaotv.com.br\/index.php\/wp-json\/wp\/v2\/posts"}],"about":[{"href":"https:\/\/maranhaotv.com.br\/index.php\/wp-json\/wp\/v2\/types\/post"}],"author":[{"embeddable":true,"href":"https:\/\/maranhaotv.com.br\/index.php\/wp-json\/wp\/v2\/users\/2"}],"replies":[{"embeddable":true,"href":"https:\/\/maranhaotv.com.br\/index.php\/wp-json\/wp\/v2\/comments?post=11432"}],"version-history":[{"count":0,"href":"https:\/\/maranhaotv.com.br\/index.php\/wp-json\/wp\/v2\/posts\/11432\/revisions"}],"wp:featuredmedia":[{"embeddable":true,"href":"https:\/\/maranhaotv.com.br\/index.php\/wp-json\/"}],"wp:attachment":[{"href":"https:\/\/maranhaotv.com.br\/index.php\/wp-json\/wp\/v2\/media?parent=11432"}],"wp:term":[{"taxonomy":"category","embeddable":true,"href":"https:\/\/maranhaotv.com.br\/index.php\/wp-json\/wp\/v2\/categories?post=11432"},{"taxonomy":"post_tag","embeddable":true,"href":"https:\/\/maranhaotv.com.br\/index.php\/wp-json\/wp\/v2\/tags?post=11432"}],"curies":[{"name":"wp","href":"https:\/\/api.w.org\/{rel}","templated":true}]}}