{"id":11436,"date":"2020-04-27T12:36:11","date_gmt":"2020-04-27T15:36:11","guid":{"rendered":"https:\/\/maiobaotv.com.br\/?p=11436"},"modified":"2020-04-27T12:36:11","modified_gmt":"2020-04-27T15:36:11","slug":"em-nova-coletiva-flavio-dino-diz-que-suspensao-das-aulas-deve-se-estender","status":"publish","type":"post","link":"https:\/\/maranhaotv.com.br\/index.php\/2020\/04\/27\/em-nova-coletiva-flavio-dino-diz-que-suspensao-das-aulas-deve-se-estender\/","title":{"rendered":"Em nova coletiva, Fl\u00e1vio Dino diz que suspens\u00e3o das aulas deve se estender"},"content":{"rendered":"<p><h5>&#8216;Numa escala de 0 a 10 estamos mais pr\u00f3ximos de uma decis\u00e3o de bloqueio das atividades do que uma decis\u00e3o de libera\u00e7\u00e3o&#8217;, diz Fl\u00e1vio dino<\/h5><\/p> <p>Em coletiva nesta segunda-feira (27) no Pal\u00e1cio dos Le\u00f5es, o governador Fl\u00e1vio Dino anunciou que vai dirigir \u00e0 Uema, Ufma, Ceuma e ao Minist\u00e9rio P\u00fablico uma noma do governo federal para antecipar a formatura de estudantes de medicina a fim de atuar nas a\u00e7\u00f5es de combate \u00e0 pandemia do novo coronav\u00edrus.<\/p> <p>Al\u00e9m disso, Dino afirmou abrir\u00e1 edital para a contra\u00e7\u00e3o de m\u00e9dicos e profissionais de sa\u00fade. O Estado pagar\u00e1 uma bolsa mensal.<\/p> <p>O governador falou novamente sobre a possibilidade de determinar o lockdown na ilha de S\u00e3o Luis. Essa palavra da l\u00edngua inglesa \u00e9 utilizada para denominar o que se chama de bloqueio, isto \u00e9, um protocolo de emerg\u00eancia que impede a circula\u00e7\u00e3o de pessoas e a realiza\u00e7\u00e3o de certas atividades.<\/p> <p>\u201cDiria hoje numa escala de 0 a 10 que estamos mais pr\u00f3ximos de uma decis\u00e3o de bloqueio das atividades do que propriamente uma decis\u00e3o de libera\u00e7\u00e3o. Estamos constatando um crescimento constante dos leitos hospitalares\u201d, afirmou o governador sobre o lockdown (fechamento de todas atividades). No momento, h\u00e1 dispon\u00edvel apenas 6 leitos de UTI exclusivos para o coronav\u00edrus.<\/p> <p>Sobre medidas adotadas, Fl\u00e1vio Dino declarou que o governo fez a aquisi\u00e7\u00e3o de 110 novos respiradores e instalar\u00e1 mais 20 leitos de UTI no Hospital Real e outros 20 no hospital Universit\u00e1rio da Ufma. Outros 20 leitos cl\u00ednicos v\u00e3o ser abertos na Unidade Mista do Itaqui-Bacanga. \u201cNa pr\u00f3xima semana teremos tamb\u00e9m mais 130 leitos cl\u00ednicos nos hospitais S\u00e3o Jos\u00e9 e do Servidor\u201d, acrescentou.<\/p> <p>Al\u00e9m do hospital Real, mais um hospital particular ser\u00e1 alugado, o Hospital Portugu\u00eas, localizado no centro da capital.<\/p> <p>Em rela\u00e7\u00e3o \u00e0s aulas, Dino disse que est\u00e3o suspensas at\u00e9 12 de maio que esse prazo deve se estender.<\/p> <p>Por fim, Fl\u00e1vio Dino anunciou a instala\u00e7\u00e3o de um hospital de campanha daqui a tr\u00eas semanas no Multicenter Sebrae, com 200 leitos para baixa e m\u00e9dia complexidade.<br><br><img loading=\"lazy\" decoding=\"async\" src=\"https:\/\/maiobaotv.com.br\/wp-content\/uploads\/2020\/04\/img-20200427-wa00556989823204034472541.jpg\" class=\"wp-image-11435 alignnone size-full\" width=\"1024\" height=\"682\" \/><\/p> <p>Jhon Cutrim<\/p>","protected":false},"excerpt":{"rendered":"<p>&#8216;Numa escala de 0 a 10 estamos mais pr\u00f3ximos de uma decis\u00e3o de bloqueio das atividades do que uma decis\u00e3o<\/p>\n","protected":false},"author":2,"featured_media":11437,"comment_status":"open","ping_status":"open","sticky":false,"template":"","format":"standard","meta":{"colormag_page_container_layout":"default_layout","colormag_page_sidebar_layout":"default_layout","_jetpack_memberships_contains_paid_content":false,"footnotes":""},"categories":[2],"tags":[145,52],"class_list":["post-11436","post","type-post","status-publish","format-standard","has-post-thumbnail","hentry","category-noticias","tag-coronavirus-no-maranhao","tag-flavio-dino"],"magazineBlocksPostFeaturedMedia":{"thumbnail":false,"medium":false,"medium_large":false,"large":false,"1536x1536":false,"2048x2048":false,"colormag-highlighted-post":false,"colormag-featured-post-medium":false,"colormag-featured-post-small":false,"colormag-featured-image":false,"colormag-default-news":false,"colormag-featured-image-large":false},"magazineBlocksPostAuthor":{"name":"maranhaotv","avatar":"https:\/\/secure.gravatar.com\/avatar\/8fadbca458d4cb68b1dd399ae9a40618d747bb1af65ac9fad21c89220a143eb4?s=96&d=mm&r=g"},"magazineBlocksPostCommentsNumber":"0","magazineBlocksPostExcerpt":"&#8216;Numa escala de 0 a 10 estamos mais pr\u00f3ximos de uma decis\u00e3o de bloqueio das atividades do que uma decis\u00e3o","magazineBlocksPostCategories":["not\u00edcias"],"magazineBlocksPostViewCount":271,"magazineBlocksPostReadTime":2,"magazine_blocks_featured_image_url":{"full":false,"medium":false,"thumbnail":false},"magazine_blocks_author":{"display_name":"maranhaotv","author_link":"https:\/\/maranhaotv.com.br\/index.php\/author\/maranhaotv\/"},"magazine_blocks_comment":1,"magazine_blocks_author_image":"https:\/\/secure.gravatar.com\/avatar\/8fadbca458d4cb68b1dd399ae9a40618d747bb1af65ac9fad21c89220a143eb4?s=96&d=mm&r=g","magazine_blocks_category":"<a href=\"#\" class=\"category-link category-link-2\">not\u00edcias<\/a>","yoast_head":"<!-- This site is optimized with the Yoast SEO plugin v27.4 - https:\/\/yoast.com\/product\/yoast-seo-wordpress\/ -->\n<title>Em nova coletiva, Fl\u00e1vio Dino diz que suspens\u00e3o das aulas deve se estender - NOT\u00cdCIAS EM TEMPO REAL<\/title>\n<meta name=\"robots\" content=\"index, follow, max-snippet:-1, max-image-preview:large, max-video-preview:-1\" \/>\n<link rel=\"canonical\" href=\"https:\/\/maranhaotv.com.br\/index.php\/2020\/04\/27\/em-nova-coletiva-flavio-dino-diz-que-suspensao-das-aulas-deve-se-estender\/\" \/>\n<meta property=\"og:locale\" content=\"pt_BR\" \/>\n<meta property=\"og:type\" content=\"article\" \/>\n<meta property=\"og:title\" content=\"Em nova coletiva, Fl\u00e1vio Dino diz que suspens\u00e3o das aulas deve se estender - NOT\u00cdCIAS EM TEMPO REAL\" \/>\n<meta property=\"og:description\" content=\"&#8216;Numa escala de 0 a 10 estamos mais pr\u00f3ximos de uma decis\u00e3o de bloqueio das atividades do que uma decis\u00e3o\" \/>\n<meta property=\"og:url\" content=\"https:\/\/maranhaotv.com.br\/index.php\/2020\/04\/27\/em-nova-coletiva-flavio-dino-diz-que-suspensao-das-aulas-deve-se-estender\/\" \/>\n<meta property=\"og:site_name\" content=\"NOT\u00cdCIAS EM TEMPO REAL\" \/>\n<meta property=\"article:publisher\" content=\"https:\/\/www.facebook.com\/maiobaotv\" \/>\n<meta property=\"article:published_time\" content=\"2020-04-27T15:36:11+00:00\" \/>\n<meta name=\"author\" content=\"maranhaotv\" \/>\n<meta name=\"twitter:card\" content=\"summary_large_image\" \/>\n<meta name=\"twitter:creator\" content=\"@sitemaranhaotv\" \/>\n<meta name=\"twitter:site\" content=\"@sitemaranhaotv\" \/>\n<meta name=\"twitter:label1\" content=\"Escrito por\" \/>\n\t<meta name=\"twitter:data1\" content=\"maranhaotv\" \/>\n\t<meta name=\"twitter:label2\" content=\"Est. tempo de leitura\" \/>\n\t<meta name=\"twitter:data2\" content=\"2 minutos\" \/>\n<script type=\"application\/ld+json\" class=\"yoast-schema-graph\">{\"@context\":\"https:\\\/\\\/schema.org\",\"@graph\":[{\"@type\":\"Article\",\"@id\":\"https:\\\/\\\/maranhaotv.com.br\\\/index.php\\\/2020\\\/04\\\/27\\\/em-nova-coletiva-flavio-dino-diz-que-suspensao-das-aulas-deve-se-estender\\\/#article\",\"isPartOf\":{\"@id\":\"https:\\\/\\\/maranhaotv.com.br\\\/index.php\\\/2020\\\/04\\\/27\\\/em-nova-coletiva-flavio-dino-diz-que-suspensao-das-aulas-deve-se-estender\\\/\"},\"author\":{\"name\":\"maranhaotv\",\"@id\":\"https:\\\/\\\/maranhaotv.com.br\\\/#\\\/schema\\\/person\\\/3d54238e86b20bb5c89ab2fdb8f8829a\"},\"headline\":\"Em nova coletiva, Fl\u00e1vio Dino diz que suspens\u00e3o das aulas deve se estender\",\"datePublished\":\"2020-04-27T15:36:11+00:00\",\"mainEntityOfPage\":{\"@id\":\"https:\\\/\\\/maranhaotv.com.br\\\/index.php\\\/2020\\\/04\\\/27\\\/em-nova-coletiva-flavio-dino-diz-que-suspensao-das-aulas-deve-se-estender\\\/\"},\"wordCount\":374,\"commentCount\":0,\"publisher\":{\"@id\":\"https:\\\/\\\/maranhaotv.com.br\\\/#organization\"},\"image\":{\"@id\":\"https:\\\/\\\/maranhaotv.com.br\\\/index.php\\\/2020\\\/04\\\/27\\\/em-nova-coletiva-flavio-dino-diz-que-suspensao-das-aulas-deve-se-estender\\\/#primaryimage\"},\"thumbnailUrl\":\"\",\"keywords\":[\"Coronav\u00edrus no Maranh\u00e3o\",\"Fl\u00e1vio Dino\"],\"articleSection\":[\"not\u00edcias\"],\"inLanguage\":\"pt-BR\",\"potentialAction\":[{\"@type\":\"CommentAction\",\"name\":\"Comment\",\"target\":[\"https:\\\/\\\/maranhaotv.com.br\\\/index.php\\\/2020\\\/04\\\/27\\\/em-nova-coletiva-flavio-dino-diz-que-suspensao-das-aulas-deve-se-estender\\\/#respond\"]}]},{\"@type\":\"WebPage\",\"@id\":\"https:\\\/\\\/maranhaotv.com.br\\\/index.php\\\/2020\\\/04\\\/27\\\/em-nova-coletiva-flavio-dino-diz-que-suspensao-das-aulas-deve-se-estender\\\/\",\"url\":\"https:\\\/\\\/maranhaotv.com.br\\\/index.php\\\/2020\\\/04\\\/27\\\/em-nova-coletiva-flavio-dino-diz-que-suspensao-das-aulas-deve-se-estender\\\/\",\"name\":\"Em nova coletiva, Fl\u00e1vio Dino diz que suspens\u00e3o das aulas deve se estender - NOT\u00cdCIAS EM TEMPO REAL\",\"isPartOf\":{\"@id\":\"https:\\\/\\\/maranhaotv.com.br\\\/#website\"},\"primaryImageOfPage\":{\"@id\":\"https:\\\/\\\/maranhaotv.com.br\\\/index.php\\\/2020\\\/04\\\/27\\\/em-nova-coletiva-flavio-dino-diz-que-suspensao-das-aulas-deve-se-estender\\\/#primaryimage\"},\"image\":{\"@id\":\"https:\\\/\\\/maranhaotv.com.br\\\/index.php\\\/2020\\\/04\\\/27\\\/em-nova-coletiva-flavio-dino-diz-que-suspensao-das-aulas-deve-se-estender\\\/#primaryimage\"},\"thumbnailUrl\":\"\",\"datePublished\":\"2020-04-27T15:36:11+00:00\",\"breadcrumb\":{\"@id\":\"https:\\\/\\\/maranhaotv.com.br\\\/index.php\\\/2020\\\/04\\\/27\\\/em-nova-coletiva-flavio-dino-diz-que-suspensao-das-aulas-deve-se-estender\\\/#breadcrumb\"},\"inLanguage\":\"pt-BR\",\"potentialAction\":[{\"@type\":\"ReadAction\",\"target\":[\"https:\\\/\\\/maranhaotv.com.br\\\/index.php\\\/2020\\\/04\\\/27\\\/em-nova-coletiva-flavio-dino-diz-que-suspensao-das-aulas-deve-se-estender\\\/\"]}]},{\"@type\":\"ImageObject\",\"inLanguage\":\"pt-BR\",\"@id\":\"https:\\\/\\\/maranhaotv.com.br\\\/index.php\\\/2020\\\/04\\\/27\\\/em-nova-coletiva-flavio-dino-diz-que-suspensao-das-aulas-deve-se-estender\\\/#primaryimage\",\"url\":\"\",\"contentUrl\":\"\"},{\"@type\":\"BreadcrumbList\",\"@id\":\"https:\\\/\\\/maranhaotv.com.br\\\/index.php\\\/2020\\\/04\\\/27\\\/em-nova-coletiva-flavio-dino-diz-que-suspensao-das-aulas-deve-se-estender\\\/#breadcrumb\",\"itemListElement\":[{\"@type\":\"ListItem\",\"position\":1,\"name\":\"In\u00edcio\",\"item\":\"https:\\\/\\\/maranhaotv.com.br\\\/\"},{\"@type\":\"ListItem\",\"position\":2,\"name\":\"Em nova coletiva, Fl\u00e1vio Dino diz que suspens\u00e3o das aulas deve se estender\"}]},{\"@type\":\"WebSite\",\"@id\":\"https:\\\/\\\/maranhaotv.com.br\\\/#website\",\"url\":\"https:\\\/\\\/maranhaotv.com.br\\\/\",\"name\":\"Maranh\u00e3oTV\",\"description\":\"\",\"publisher\":{\"@id\":\"https:\\\/\\\/maranhaotv.com.br\\\/#organization\"},\"potentialAction\":[{\"@type\":\"SearchAction\",\"target\":{\"@type\":\"EntryPoint\",\"urlTemplate\":\"https:\\\/\\\/maranhaotv.com.br\\\/?s={search_term_string}\"},\"query-input\":{\"@type\":\"PropertyValueSpecification\",\"valueRequired\":true,\"valueName\":\"search_term_string\"}}],\"inLanguage\":\"pt-BR\"},{\"@type\":\"Organization\",\"@id\":\"https:\\\/\\\/maranhaotv.com.br\\\/#organization\",\"name\":\"Portal de Not\u00edcias\",\"url\":\"https:\\\/\\\/maranhaotv.com.br\\\/\",\"logo\":{\"@type\":\"ImageObject\",\"inLanguage\":\"pt-BR\",\"@id\":\"https:\\\/\\\/maranhaotv.com.br\\\/#\\\/schema\\\/logo\\\/image\\\/\",\"url\":\"https:\\\/\\\/maranhaotv.com.br\\\/wp-content\\\/uploads\\\/2024\\\/05\\\/cropped-cropped-avatar-1.png\",\"contentUrl\":\"https:\\\/\\\/maranhaotv.com.br\\\/wp-content\\\/uploads\\\/2024\\\/05\\\/cropped-cropped-avatar-1.png\",\"width\":792,\"height\":428,\"caption\":\"Portal de Not\u00edcias\"},\"image\":{\"@id\":\"https:\\\/\\\/maranhaotv.com.br\\\/#\\\/schema\\\/logo\\\/image\\\/\"},\"sameAs\":[\"https:\\\/\\\/www.facebook.com\\\/maiobaotv\",\"https:\\\/\\\/x.com\\\/sitemaranhaotv\",\"https:\\\/\\\/www.instagram.com\\\/maranhao.tv\",\"https:\\\/\\\/www.threads.net\\\/@maranhao.tv\"]},{\"@type\":\"Person\",\"@id\":\"https:\\\/\\\/maranhaotv.com.br\\\/#\\\/schema\\\/person\\\/3d54238e86b20bb5c89ab2fdb8f8829a\",\"name\":\"maranhaotv\",\"image\":{\"@type\":\"ImageObject\",\"inLanguage\":\"pt-BR\",\"@id\":\"https:\\\/\\\/secure.gravatar.com\\\/avatar\\\/8fadbca458d4cb68b1dd399ae9a40618d747bb1af65ac9fad21c89220a143eb4?s=96&d=mm&r=g\",\"url\":\"https:\\\/\\\/secure.gravatar.com\\\/avatar\\\/8fadbca458d4cb68b1dd399ae9a40618d747bb1af65ac9fad21c89220a143eb4?s=96&d=mm&r=g\",\"contentUrl\":\"https:\\\/\\\/secure.gravatar.com\\\/avatar\\\/8fadbca458d4cb68b1dd399ae9a40618d747bb1af65ac9fad21c89220a143eb4?s=96&d=mm&r=g\",\"caption\":\"maranhaotv\"},\"sameAs\":[\"https:\\\/\\\/maranhaotv.com.br\\\/\"],\"url\":\"https:\\\/\\\/maranhaotv.com.br\\\/index.php\\\/author\\\/maranhaotv\\\/\"}]}<\/script>\n<!-- \/ Yoast SEO plugin. -->","yoast_head_json":{"title":"Em nova coletiva, Fl\u00e1vio Dino diz que suspens\u00e3o das aulas deve se estender - NOT\u00cdCIAS EM TEMPO REAL","robots":{"index":"index","follow":"follow","max-snippet":"max-snippet:-1","max-image-preview":"max-image-preview:large","max-video-preview":"max-video-preview:-1"},"canonical":"https:\/\/maranhaotv.com.br\/index.php\/2020\/04\/27\/em-nova-coletiva-flavio-dino-diz-que-suspensao-das-aulas-deve-se-estender\/","og_locale":"pt_BR","og_type":"article","og_title":"Em nova coletiva, Fl\u00e1vio Dino diz que suspens\u00e3o das aulas deve se estender - NOT\u00cdCIAS EM TEMPO REAL","og_description":"&#8216;Numa escala de 0 a 10 estamos mais pr\u00f3ximos de uma decis\u00e3o de bloqueio das atividades do que uma decis\u00e3o","og_url":"https:\/\/maranhaotv.com.br\/index.php\/2020\/04\/27\/em-nova-coletiva-flavio-dino-diz-que-suspensao-das-aulas-deve-se-estender\/","og_site_name":"NOT\u00cdCIAS EM TEMPO REAL","article_publisher":"https:\/\/www.facebook.com\/maiobaotv","article_published_time":"2020-04-27T15:36:11+00:00","author":"maranhaotv","twitter_card":"summary_large_image","twitter_creator":"@sitemaranhaotv","twitter_site":"@sitemaranhaotv","twitter_misc":{"Escrito por":"maranhaotv","Est. tempo de leitura":"2 minutos"},"schema":{"@context":"https:\/\/schema.org","@graph":[{"@type":"Article","@id":"https:\/\/maranhaotv.com.br\/index.php\/2020\/04\/27\/em-nova-coletiva-flavio-dino-diz-que-suspensao-das-aulas-deve-se-estender\/#article","isPartOf":{"@id":"https:\/\/maranhaotv.com.br\/index.php\/2020\/04\/27\/em-nova-coletiva-flavio-dino-diz-que-suspensao-das-aulas-deve-se-estender\/"},"author":{"name":"maranhaotv","@id":"https:\/\/maranhaotv.com.br\/#\/schema\/person\/3d54238e86b20bb5c89ab2fdb8f8829a"},"headline":"Em nova coletiva, Fl\u00e1vio Dino diz que suspens\u00e3o das aulas deve se estender","datePublished":"2020-04-27T15:36:11+00:00","mainEntityOfPage":{"@id":"https:\/\/maranhaotv.com.br\/index.php\/2020\/04\/27\/em-nova-coletiva-flavio-dino-diz-que-suspensao-das-aulas-deve-se-estender\/"},"wordCount":374,"commentCount":0,"publisher":{"@id":"https:\/\/maranhaotv.com.br\/#organization"},"image":{"@id":"https:\/\/maranhaotv.com.br\/index.php\/2020\/04\/27\/em-nova-coletiva-flavio-dino-diz-que-suspensao-das-aulas-deve-se-estender\/#primaryimage"},"thumbnailUrl":"","keywords":["Coronav\u00edrus no Maranh\u00e3o","Fl\u00e1vio Dino"],"articleSection":["not\u00edcias"],"inLanguage":"pt-BR","potentialAction":[{"@type":"CommentAction","name":"Comment","target":["https:\/\/maranhaotv.com.br\/index.php\/2020\/04\/27\/em-nova-coletiva-flavio-dino-diz-que-suspensao-das-aulas-deve-se-estender\/#respond"]}]},{"@type":"WebPage","@id":"https:\/\/maranhaotv.com.br\/index.php\/2020\/04\/27\/em-nova-coletiva-flavio-dino-diz-que-suspensao-das-aulas-deve-se-estender\/","url":"https:\/\/maranhaotv.com.br\/index.php\/2020\/04\/27\/em-nova-coletiva-flavio-dino-diz-que-suspensao-das-aulas-deve-se-estender\/","name":"Em nova coletiva, Fl\u00e1vio Dino diz que suspens\u00e3o das aulas deve se estender - NOT\u00cdCIAS EM TEMPO REAL","isPartOf":{"@id":"https:\/\/maranhaotv.com.br\/#website"},"primaryImageOfPage":{"@id":"https:\/\/maranhaotv.com.br\/index.php\/2020\/04\/27\/em-nova-coletiva-flavio-dino-diz-que-suspensao-das-aulas-deve-se-estender\/#primaryimage"},"image":{"@id":"https:\/\/maranhaotv.com.br\/index.php\/2020\/04\/27\/em-nova-coletiva-flavio-dino-diz-que-suspensao-das-aulas-deve-se-estender\/#primaryimage"},"thumbnailUrl":"","datePublished":"2020-04-27T15:36:11+00:00","breadcrumb":{"@id":"https:\/\/maranhaotv.com.br\/index.php\/2020\/04\/27\/em-nova-coletiva-flavio-dino-diz-que-suspensao-das-aulas-deve-se-estender\/#breadcrumb"},"inLanguage":"pt-BR","potentialAction":[{"@type":"ReadAction","target":["https:\/\/maranhaotv.com.br\/index.php\/2020\/04\/27\/em-nova-coletiva-flavio-dino-diz-que-suspensao-das-aulas-deve-se-estender\/"]}]},{"@type":"ImageObject","inLanguage":"pt-BR","@id":"https:\/\/maranhaotv.com.br\/index.php\/2020\/04\/27\/em-nova-coletiva-flavio-dino-diz-que-suspensao-das-aulas-deve-se-estender\/#primaryimage","url":"","contentUrl":""},{"@type":"BreadcrumbList","@id":"https:\/\/maranhaotv.com.br\/index.php\/2020\/04\/27\/em-nova-coletiva-flavio-dino-diz-que-suspensao-das-aulas-deve-se-estender\/#breadcrumb","itemListElement":[{"@type":"ListItem","position":1,"name":"In\u00edcio","item":"https:\/\/maranhaotv.com.br\/"},{"@type":"ListItem","position":2,"name":"Em nova coletiva, Fl\u00e1vio Dino diz que suspens\u00e3o das aulas deve se estender"}]},{"@type":"WebSite","@id":"https:\/\/maranhaotv.com.br\/#website","url":"https:\/\/maranhaotv.com.br\/","name":"Maranh\u00e3oTV","description":"","publisher":{"@id":"https:\/\/maranhaotv.com.br\/#organization"},"potentialAction":[{"@type":"SearchAction","target":{"@type":"EntryPoint","urlTemplate":"https:\/\/maranhaotv.com.br\/?s={search_term_string}"},"query-input":{"@type":"PropertyValueSpecification","valueRequired":true,"valueName":"search_term_string"}}],"inLanguage":"pt-BR"},{"@type":"Organization","@id":"https:\/\/maranhaotv.com.br\/#organization","name":"Portal de Not\u00edcias","url":"https:\/\/maranhaotv.com.br\/","logo":{"@type":"ImageObject","inLanguage":"pt-BR","@id":"https:\/\/maranhaotv.com.br\/#\/schema\/logo\/image\/","url":"https:\/\/maranhaotv.com.br\/wp-content\/uploads\/2024\/05\/cropped-cropped-avatar-1.png","contentUrl":"https:\/\/maranhaotv.com.br\/wp-content\/uploads\/2024\/05\/cropped-cropped-avatar-1.png","width":792,"height":428,"caption":"Portal de Not\u00edcias"},"image":{"@id":"https:\/\/maranhaotv.com.br\/#\/schema\/logo\/image\/"},"sameAs":["https:\/\/www.facebook.com\/maiobaotv","https:\/\/x.com\/sitemaranhaotv","https:\/\/www.instagram.com\/maranhao.tv","https:\/\/www.threads.net\/@maranhao.tv"]},{"@type":"Person","@id":"https:\/\/maranhaotv.com.br\/#\/schema\/person\/3d54238e86b20bb5c89ab2fdb8f8829a","name":"maranhaotv","image":{"@type":"ImageObject","inLanguage":"pt-BR","@id":"https:\/\/secure.gravatar.com\/avatar\/8fadbca458d4cb68b1dd399ae9a40618d747bb1af65ac9fad21c89220a143eb4?s=96&d=mm&r=g","url":"https:\/\/secure.gravatar.com\/avatar\/8fadbca458d4cb68b1dd399ae9a40618d747bb1af65ac9fad21c89220a143eb4?s=96&d=mm&r=g","contentUrl":"https:\/\/secure.gravatar.com\/avatar\/8fadbca458d4cb68b1dd399ae9a40618d747bb1af65ac9fad21c89220a143eb4?s=96&d=mm&r=g","caption":"maranhaotv"},"sameAs":["https:\/\/maranhaotv.com.br\/"],"url":"https:\/\/maranhaotv.com.br\/index.php\/author\/maranhaotv\/"}]}},"jetpack_featured_media_url":"","jetpack_sharing_enabled":true,"_links":{"self":[{"href":"https:\/\/maranhaotv.com.br\/index.php\/wp-json\/wp\/v2\/posts\/11436","targetHints":{"allow":["GET"]}}],"collection":[{"href":"https:\/\/maranhaotv.com.br\/index.php\/wp-json\/wp\/v2\/posts"}],"about":[{"href":"https:\/\/maranhaotv.com.br\/index.php\/wp-json\/wp\/v2\/types\/post"}],"author":[{"embeddable":true,"href":"https:\/\/maranhaotv.com.br\/index.php\/wp-json\/wp\/v2\/users\/2"}],"replies":[{"embeddable":true,"href":"https:\/\/maranhaotv.com.br\/index.php\/wp-json\/wp\/v2\/comments?post=11436"}],"version-history":[{"count":0,"href":"https:\/\/maranhaotv.com.br\/index.php\/wp-json\/wp\/v2\/posts\/11436\/revisions"}],"wp:featuredmedia":[{"embeddable":true,"href":"https:\/\/maranhaotv.com.br\/index.php\/wp-json\/"}],"wp:attachment":[{"href":"https:\/\/maranhaotv.com.br\/index.php\/wp-json\/wp\/v2\/media?parent=11436"}],"wp:term":[{"taxonomy":"category","embeddable":true,"href":"https:\/\/maranhaotv.com.br\/index.php\/wp-json\/wp\/v2\/categories?post=11436"},{"taxonomy":"post_tag","embeddable":true,"href":"https:\/\/maranhaotv.com.br\/index.php\/wp-json\/wp\/v2\/tags?post=11436"}],"curies":[{"name":"wp","href":"https:\/\/api.w.org\/{rel}","templated":true}]}}