{"id":11582,"date":"2020-05-04T20:09:52","date_gmt":"2020-05-04T23:09:52","guid":{"rendered":"https:\/\/maiobaotv.com.br\/index.php\/2020\/05\/04\/promotoria-de-justica-cobra-transparencia-em-acao-contra-o-governo-do-estado\/"},"modified":"2020-05-04T20:09:52","modified_gmt":"2020-05-04T23:09:52","slug":"promotoria-de-justica-cobra-transparencia-em-acao-contra-o-governo-do-estado","status":"publish","type":"post","link":"https:\/\/maranhaotv.com.br\/index.php\/2020\/05\/04\/promotoria-de-justica-cobra-transparencia-em-acao-contra-o-governo-do-estado\/","title":{"rendered":"Promotoria de Justi\u00e7a cobra transpar\u00eancia em a\u00e7\u00e3o contra o governo do Estado"},"content":{"rendered":"\n<p>O Minist\u00e9rio P\u00fablico do Maranh\u00e3o (MP-MA) prop\u00f4s uma A\u00e7\u00e3o Civil P\u00fablica contra o governo do Maranh\u00e3o cobrando transpar\u00eancia diante dos recursos que tem recebido para o combate da pandemia do novo coronav\u00edrus.<\/p>\n\n\n\n<p>A A\u00e7\u00e3o Civil P\u00fablica \u00e9 assinada pelo promotor de Defesa do Idoso, Jos\u00e9 Augusto Cutrim e tem por objetivo a obten\u00e7\u00e3o de provimento jurisdicional para obrigar o Estado do Maranh\u00e3o a demonstrar e comprovar, com total transpar\u00eancia, mediante a veicula\u00e7\u00e3o de informa\u00e7\u00f5es claras e atualizadas, por todos os meios de comunica\u00e7\u00e3o de massa, tais como: pronunciamentos, jornais, revistas, televis\u00e3o, r\u00e1dio, s\u00edtios da internet, redes sociais, etc;, as medidas efetivamente adotadas e valores financeiros recebidos e despendidos de repasses da Uni\u00e3o, emendas parlamentares e doa\u00e7\u00f5es privadas, gastos no enfrentamento da pandemia ocasionada pela propaga\u00e7\u00e3o do coronav\u00edrus, diante das in\u00fameras den\u00fancias de \u00f3bitos, em especial de pessoas idosas, por falta de atendimento, equipamentos de prote\u00e7\u00e3o individual, leitos de UTI, respiradores, testes, exames, medicamentos, e demais materiais usados no combate a Covid-19.<\/p>\n\n\n\n<p>\u201cS\u00f3 o governo Federal repassou a todo Estado do Maranh\u00e3o, para fins de de custeio das a\u00e7\u00f5es de enfrentamento do coronav\u00edrus, o total exato de R$ 276.873,566,10 (duzentos e setenta e seis milh\u00f5es, oitocentos e setenta e tr\u00eas mil, quinhentos e sessenta e seis reais e dez centavos)\u201c, garante o promotor.<\/p>\n\n\n\n<p>Segundo Augusto Cutrim falta planejamento adequado para a r\u00e1pida eleva\u00e7\u00e3o dos casos, faltam testes e a necessidade do hospital de campanha como recomenda a Organiza\u00e7\u00e3o Mundial de Sa\u00fade (OMS) \u00e9 urgente.<\/p>\n\n\n\n<p>\u201cA r\u00e1pida eleva\u00e7\u00e3o dos casos do Covid-19 no Estado do Maranh\u00e3o e a not\u00f3ria falta de planejamento adequado no enfrentamento da pandemia tem caminhado para o colapso do sistema p\u00fablico e privado de sa\u00fade em S\u00e3o Lu\u00eds, n\u00e3o s\u00f3 por desobedi\u00eancia da popula\u00e7\u00e3o \u00e0s medidas de preven\u00e7\u00e3o, mas por inefici\u00eancia do Poder P\u00fablico Estadual, onde as informa\u00e7\u00f5es divulgadas s\u00e3o destoantes da realidade e h\u00e1 subnotifica\u00e7\u00e3o dos casos, uma vez que nem todas as pessoas com sintomas conseguem atendimento ou mesmo fazer o exame, por falta de testes suficientes. At\u00e9 o momento, o Estado n\u00e3o possui sequer um hospital de campanha para isolar as pessoas doentes. Esses hospitais tempor\u00e1rios tem sido umas das recomenda\u00e7\u00f5es do OMS (Organiza\u00e7\u00e3o Mundial de Sa\u00fade), principalmente quando a rede p\u00fablica de sa\u00fade trabalha no limite, pois coloca em risco a vida de pessoas que precisam de outros cuidados de sa\u00fade n\u00e3o relacionados \u00e0 Covid-19\u201c.<\/p>\n\n\n\n<p>Na A\u00e7\u00e3o Civil P\u00fablica, o promotor Jos\u00e9 Augusto Cutrim, afirma que incompet\u00eancia e inoper\u00e2ncia do governo do Maranh\u00e3o foram decisivas para a decretar\u00e7\u00e3o do Lockdown pela Justi\u00e7a.<\/p>\n\n\n\n<p>\u201cProva maior da incompet\u00eancia e inoper\u00e2ncia do governo Estadual no combate ao avan\u00e7o do novo coronav\u00edrus, conforme fundamento da inicial, \u00e9 que, ap\u00f3s 3 (tr\u00eas) meses da institui\u00e7\u00e3o do Plano de Conting\u00eancia para o Covid-19, o Estado do Maranh\u00e3o foi compelido pelo Poder Judici\u00e1rio a aplicar o chamado Lockdown\u201c.<\/p>\n\n\n\n<p>O promotor pede uma multa di\u00e1ria no valor de R$ 10 mil em caso de descumprimento da decis\u00e3o Judicial.<\/p>\n\n\n\n<p>\u201cSeja aplicada, j\u00e1 na concess\u00e3o da medida cautelar, em caso de descumprimento da decis\u00e3o judicial, multa no valor de R$ 10.000,00 (dez mil reais) por dia de atraso, cujo valor deve ser revertido ao Fundo Estadual da Sa\u00fade; Seja determinada a realiza\u00e7\u00e3o de auditoria, no prazo de 15 (quinze) dias, pelo Tribunal de Contas do Estado (TCE) nas despesas financeiras do Governo do Estado do Maranh\u00e3o no combate ao Coronav\u00edrus; Seja solicitada a Tribunal de Contas da Uni\u00e3o e a Controladoria Geral da Uni\u00e3o a realiza\u00e7\u00e3o, com a maior brevidade poss\u00edvel, de auditoria financeira nos valores repassados ao Estado do Maranh\u00e3o pela Uni\u00e3o no combate ao Coronav\u00edrus; Determinar ao Governo do Estado relat\u00f3rio circunstanciado de todos os valores financeiros, equipamentos, inclusive cestas b\u00e1sicas doadas pelos empres\u00e1rios no combate ao Coronav\u00edrus\u201c.<\/p>\n","protected":false},"excerpt":{"rendered":"<p>O Minist\u00e9rio P\u00fablico do Maranh\u00e3o (MP-MA) prop\u00f4s uma A\u00e7\u00e3o Civil P\u00fablica contra o governo do Maranh\u00e3o cobrando transpar\u00eancia diante dos<\/p>\n","protected":false},"author":2,"featured_media":11581,"comment_status":"open","ping_status":"open","sticky":false,"template":"","format":"standard","meta":{"colormag_page_container_layout":"default_layout","colormag_page_sidebar_layout":"default_layout","_jetpack_memberships_contains_paid_content":false,"footnotes":""},"categories":[2,6],"tags":[],"class_list":["post-11582","post","type-post","status-publish","format-standard","has-post-thumbnail","hentry","category-noticias","category-politica"],"magazineBlocksPostFeaturedMedia":{"thumbnail":false,"medium":false,"medium_large":false,"large":false,"1536x1536":false,"2048x2048":false,"colormag-highlighted-post":false,"colormag-featured-post-medium":false,"colormag-featured-post-small":false,"colormag-featured-image":false,"colormag-default-news":false,"colormag-featured-image-large":false},"magazineBlocksPostAuthor":{"name":"maranhaotv","avatar":"https:\/\/secure.gravatar.com\/avatar\/8fadbca458d4cb68b1dd399ae9a40618d747bb1af65ac9fad21c89220a143eb4?s=96&d=mm&r=g"},"magazineBlocksPostCommentsNumber":"0","magazineBlocksPostExcerpt":"O Minist\u00e9rio P\u00fablico do Maranh\u00e3o (MP-MA) prop\u00f4s uma A\u00e7\u00e3o Civil P\u00fablica contra o governo do Maranh\u00e3o cobrando transpar\u00eancia diante dos","magazineBlocksPostCategories":["not\u00edcias","pol\u00edtica"],"magazineBlocksPostViewCount":187,"magazineBlocksPostReadTime":4,"magazine_blocks_featured_image_url":{"full":false,"medium":false,"thumbnail":false},"magazine_blocks_author":{"display_name":"maranhaotv","author_link":"https:\/\/maranhaotv.com.br\/index.php\/author\/maranhaotv\/"},"magazine_blocks_comment":0,"magazine_blocks_author_image":"https:\/\/secure.gravatar.com\/avatar\/8fadbca458d4cb68b1dd399ae9a40618d747bb1af65ac9fad21c89220a143eb4?s=96&d=mm&r=g","magazine_blocks_category":"<a href=\"#\" class=\"category-link category-link-2\">not\u00edcias<\/a> <a href=\"#\" class=\"category-link category-link-6\">pol\u00edtica<\/a>","yoast_head":"<!-- This site is optimized with the Yoast SEO plugin v27.4 - https:\/\/yoast.com\/product\/yoast-seo-wordpress\/ -->\n<title>Promotoria de Justi\u00e7a cobra transpar\u00eancia em a\u00e7\u00e3o contra o governo do Estado - NOT\u00cdCIAS EM TEMPO REAL<\/title>\n<meta name=\"robots\" content=\"index, follow, max-snippet:-1, max-image-preview:large, max-video-preview:-1\" \/>\n<link rel=\"canonical\" href=\"https:\/\/maranhaotv.com.br\/index.php\/2020\/05\/04\/promotoria-de-justica-cobra-transparencia-em-acao-contra-o-governo-do-estado\/\" \/>\n<meta property=\"og:locale\" content=\"pt_BR\" \/>\n<meta property=\"og:type\" content=\"article\" \/>\n<meta property=\"og:title\" content=\"Promotoria de Justi\u00e7a cobra transpar\u00eancia em a\u00e7\u00e3o contra o governo do Estado - NOT\u00cdCIAS EM TEMPO REAL\" \/>\n<meta property=\"og:description\" content=\"O Minist\u00e9rio P\u00fablico do Maranh\u00e3o (MP-MA) prop\u00f4s uma A\u00e7\u00e3o Civil P\u00fablica contra o governo do Maranh\u00e3o cobrando transpar\u00eancia diante dos\" \/>\n<meta property=\"og:url\" content=\"https:\/\/maranhaotv.com.br\/index.php\/2020\/05\/04\/promotoria-de-justica-cobra-transparencia-em-acao-contra-o-governo-do-estado\/\" \/>\n<meta property=\"og:site_name\" content=\"NOT\u00cdCIAS EM TEMPO REAL\" \/>\n<meta property=\"article:publisher\" content=\"https:\/\/www.facebook.com\/maiobaotv\" \/>\n<meta property=\"article:published_time\" content=\"2020-05-04T23:09:52+00:00\" \/>\n<meta name=\"author\" content=\"maranhaotv\" \/>\n<meta name=\"twitter:card\" content=\"summary_large_image\" \/>\n<meta name=\"twitter:creator\" content=\"@sitemaranhaotv\" \/>\n<meta name=\"twitter:site\" content=\"@sitemaranhaotv\" \/>\n<meta name=\"twitter:label1\" content=\"Escrito por\" \/>\n\t<meta name=\"twitter:data1\" content=\"maranhaotv\" \/>\n\t<meta name=\"twitter:label2\" content=\"Est. tempo de leitura\" \/>\n\t<meta name=\"twitter:data2\" content=\"4 minutos\" \/>\n<script type=\"application\/ld+json\" class=\"yoast-schema-graph\">{\"@context\":\"https:\\\/\\\/schema.org\",\"@graph\":[{\"@type\":\"Article\",\"@id\":\"https:\\\/\\\/maranhaotv.com.br\\\/index.php\\\/2020\\\/05\\\/04\\\/promotoria-de-justica-cobra-transparencia-em-acao-contra-o-governo-do-estado\\\/#article\",\"isPartOf\":{\"@id\":\"https:\\\/\\\/maranhaotv.com.br\\\/index.php\\\/2020\\\/05\\\/04\\\/promotoria-de-justica-cobra-transparencia-em-acao-contra-o-governo-do-estado\\\/\"},\"author\":{\"name\":\"maranhaotv\",\"@id\":\"https:\\\/\\\/maranhaotv.com.br\\\/#\\\/schema\\\/person\\\/3d54238e86b20bb5c89ab2fdb8f8829a\"},\"headline\":\"Promotoria de Justi\u00e7a cobra transpar\u00eancia em a\u00e7\u00e3o contra o governo do Estado\",\"datePublished\":\"2020-05-04T23:09:52+00:00\",\"mainEntityOfPage\":{\"@id\":\"https:\\\/\\\/maranhaotv.com.br\\\/index.php\\\/2020\\\/05\\\/04\\\/promotoria-de-justica-cobra-transparencia-em-acao-contra-o-governo-do-estado\\\/\"},\"wordCount\":720,\"commentCount\":0,\"publisher\":{\"@id\":\"https:\\\/\\\/maranhaotv.com.br\\\/#organization\"},\"image\":{\"@id\":\"https:\\\/\\\/maranhaotv.com.br\\\/index.php\\\/2020\\\/05\\\/04\\\/promotoria-de-justica-cobra-transparencia-em-acao-contra-o-governo-do-estado\\\/#primaryimage\"},\"thumbnailUrl\":\"\",\"articleSection\":[\"not\u00edcias\",\"pol\u00edtica\"],\"inLanguage\":\"pt-BR\",\"potentialAction\":[{\"@type\":\"CommentAction\",\"name\":\"Comment\",\"target\":[\"https:\\\/\\\/maranhaotv.com.br\\\/index.php\\\/2020\\\/05\\\/04\\\/promotoria-de-justica-cobra-transparencia-em-acao-contra-o-governo-do-estado\\\/#respond\"]}]},{\"@type\":\"WebPage\",\"@id\":\"https:\\\/\\\/maranhaotv.com.br\\\/index.php\\\/2020\\\/05\\\/04\\\/promotoria-de-justica-cobra-transparencia-em-acao-contra-o-governo-do-estado\\\/\",\"url\":\"https:\\\/\\\/maranhaotv.com.br\\\/index.php\\\/2020\\\/05\\\/04\\\/promotoria-de-justica-cobra-transparencia-em-acao-contra-o-governo-do-estado\\\/\",\"name\":\"Promotoria de Justi\u00e7a cobra transpar\u00eancia em a\u00e7\u00e3o contra o governo do Estado - NOT\u00cdCIAS EM TEMPO REAL\",\"isPartOf\":{\"@id\":\"https:\\\/\\\/maranhaotv.com.br\\\/#website\"},\"primaryImageOfPage\":{\"@id\":\"https:\\\/\\\/maranhaotv.com.br\\\/index.php\\\/2020\\\/05\\\/04\\\/promotoria-de-justica-cobra-transparencia-em-acao-contra-o-governo-do-estado\\\/#primaryimage\"},\"image\":{\"@id\":\"https:\\\/\\\/maranhaotv.com.br\\\/index.php\\\/2020\\\/05\\\/04\\\/promotoria-de-justica-cobra-transparencia-em-acao-contra-o-governo-do-estado\\\/#primaryimage\"},\"thumbnailUrl\":\"\",\"datePublished\":\"2020-05-04T23:09:52+00:00\",\"breadcrumb\":{\"@id\":\"https:\\\/\\\/maranhaotv.com.br\\\/index.php\\\/2020\\\/05\\\/04\\\/promotoria-de-justica-cobra-transparencia-em-acao-contra-o-governo-do-estado\\\/#breadcrumb\"},\"inLanguage\":\"pt-BR\",\"potentialAction\":[{\"@type\":\"ReadAction\",\"target\":[\"https:\\\/\\\/maranhaotv.com.br\\\/index.php\\\/2020\\\/05\\\/04\\\/promotoria-de-justica-cobra-transparencia-em-acao-contra-o-governo-do-estado\\\/\"]}]},{\"@type\":\"ImageObject\",\"inLanguage\":\"pt-BR\",\"@id\":\"https:\\\/\\\/maranhaotv.com.br\\\/index.php\\\/2020\\\/05\\\/04\\\/promotoria-de-justica-cobra-transparencia-em-acao-contra-o-governo-do-estado\\\/#primaryimage\",\"url\":\"\",\"contentUrl\":\"\"},{\"@type\":\"BreadcrumbList\",\"@id\":\"https:\\\/\\\/maranhaotv.com.br\\\/index.php\\\/2020\\\/05\\\/04\\\/promotoria-de-justica-cobra-transparencia-em-acao-contra-o-governo-do-estado\\\/#breadcrumb\",\"itemListElement\":[{\"@type\":\"ListItem\",\"position\":1,\"name\":\"In\u00edcio\",\"item\":\"https:\\\/\\\/maranhaotv.com.br\\\/\"},{\"@type\":\"ListItem\",\"position\":2,\"name\":\"Promotoria de Justi\u00e7a cobra transpar\u00eancia em a\u00e7\u00e3o contra o governo do Estado\"}]},{\"@type\":\"WebSite\",\"@id\":\"https:\\\/\\\/maranhaotv.com.br\\\/#website\",\"url\":\"https:\\\/\\\/maranhaotv.com.br\\\/\",\"name\":\"Maranh\u00e3oTV\",\"description\":\"\",\"publisher\":{\"@id\":\"https:\\\/\\\/maranhaotv.com.br\\\/#organization\"},\"potentialAction\":[{\"@type\":\"SearchAction\",\"target\":{\"@type\":\"EntryPoint\",\"urlTemplate\":\"https:\\\/\\\/maranhaotv.com.br\\\/?s={search_term_string}\"},\"query-input\":{\"@type\":\"PropertyValueSpecification\",\"valueRequired\":true,\"valueName\":\"search_term_string\"}}],\"inLanguage\":\"pt-BR\"},{\"@type\":\"Organization\",\"@id\":\"https:\\\/\\\/maranhaotv.com.br\\\/#organization\",\"name\":\"Portal de Not\u00edcias\",\"url\":\"https:\\\/\\\/maranhaotv.com.br\\\/\",\"logo\":{\"@type\":\"ImageObject\",\"inLanguage\":\"pt-BR\",\"@id\":\"https:\\\/\\\/maranhaotv.com.br\\\/#\\\/schema\\\/logo\\\/image\\\/\",\"url\":\"https:\\\/\\\/maranhaotv.com.br\\\/wp-content\\\/uploads\\\/2024\\\/05\\\/cropped-cropped-avatar-1.png\",\"contentUrl\":\"https:\\\/\\\/maranhaotv.com.br\\\/wp-content\\\/uploads\\\/2024\\\/05\\\/cropped-cropped-avatar-1.png\",\"width\":792,\"height\":428,\"caption\":\"Portal de Not\u00edcias\"},\"image\":{\"@id\":\"https:\\\/\\\/maranhaotv.com.br\\\/#\\\/schema\\\/logo\\\/image\\\/\"},\"sameAs\":[\"https:\\\/\\\/www.facebook.com\\\/maiobaotv\",\"https:\\\/\\\/x.com\\\/sitemaranhaotv\",\"https:\\\/\\\/www.instagram.com\\\/maranhao.tv\",\"https:\\\/\\\/www.threads.net\\\/@maranhao.tv\"]},{\"@type\":\"Person\",\"@id\":\"https:\\\/\\\/maranhaotv.com.br\\\/#\\\/schema\\\/person\\\/3d54238e86b20bb5c89ab2fdb8f8829a\",\"name\":\"maranhaotv\",\"image\":{\"@type\":\"ImageObject\",\"inLanguage\":\"pt-BR\",\"@id\":\"https:\\\/\\\/secure.gravatar.com\\\/avatar\\\/8fadbca458d4cb68b1dd399ae9a40618d747bb1af65ac9fad21c89220a143eb4?s=96&d=mm&r=g\",\"url\":\"https:\\\/\\\/secure.gravatar.com\\\/avatar\\\/8fadbca458d4cb68b1dd399ae9a40618d747bb1af65ac9fad21c89220a143eb4?s=96&d=mm&r=g\",\"contentUrl\":\"https:\\\/\\\/secure.gravatar.com\\\/avatar\\\/8fadbca458d4cb68b1dd399ae9a40618d747bb1af65ac9fad21c89220a143eb4?s=96&d=mm&r=g\",\"caption\":\"maranhaotv\"},\"sameAs\":[\"https:\\\/\\\/maranhaotv.com.br\\\/\"],\"url\":\"https:\\\/\\\/maranhaotv.com.br\\\/index.php\\\/author\\\/maranhaotv\\\/\"}]}<\/script>\n<!-- \/ Yoast SEO plugin. -->","yoast_head_json":{"title":"Promotoria de Justi\u00e7a cobra transpar\u00eancia em a\u00e7\u00e3o contra o governo do Estado - NOT\u00cdCIAS EM TEMPO REAL","robots":{"index":"index","follow":"follow","max-snippet":"max-snippet:-1","max-image-preview":"max-image-preview:large","max-video-preview":"max-video-preview:-1"},"canonical":"https:\/\/maranhaotv.com.br\/index.php\/2020\/05\/04\/promotoria-de-justica-cobra-transparencia-em-acao-contra-o-governo-do-estado\/","og_locale":"pt_BR","og_type":"article","og_title":"Promotoria de Justi\u00e7a cobra transpar\u00eancia em a\u00e7\u00e3o contra o governo do Estado - NOT\u00cdCIAS EM TEMPO REAL","og_description":"O Minist\u00e9rio P\u00fablico do Maranh\u00e3o (MP-MA) prop\u00f4s uma A\u00e7\u00e3o Civil P\u00fablica contra o governo do Maranh\u00e3o cobrando transpar\u00eancia diante dos","og_url":"https:\/\/maranhaotv.com.br\/index.php\/2020\/05\/04\/promotoria-de-justica-cobra-transparencia-em-acao-contra-o-governo-do-estado\/","og_site_name":"NOT\u00cdCIAS EM TEMPO REAL","article_publisher":"https:\/\/www.facebook.com\/maiobaotv","article_published_time":"2020-05-04T23:09:52+00:00","author":"maranhaotv","twitter_card":"summary_large_image","twitter_creator":"@sitemaranhaotv","twitter_site":"@sitemaranhaotv","twitter_misc":{"Escrito por":"maranhaotv","Est. tempo de leitura":"4 minutos"},"schema":{"@context":"https:\/\/schema.org","@graph":[{"@type":"Article","@id":"https:\/\/maranhaotv.com.br\/index.php\/2020\/05\/04\/promotoria-de-justica-cobra-transparencia-em-acao-contra-o-governo-do-estado\/#article","isPartOf":{"@id":"https:\/\/maranhaotv.com.br\/index.php\/2020\/05\/04\/promotoria-de-justica-cobra-transparencia-em-acao-contra-o-governo-do-estado\/"},"author":{"name":"maranhaotv","@id":"https:\/\/maranhaotv.com.br\/#\/schema\/person\/3d54238e86b20bb5c89ab2fdb8f8829a"},"headline":"Promotoria de Justi\u00e7a cobra transpar\u00eancia em a\u00e7\u00e3o contra o governo do Estado","datePublished":"2020-05-04T23:09:52+00:00","mainEntityOfPage":{"@id":"https:\/\/maranhaotv.com.br\/index.php\/2020\/05\/04\/promotoria-de-justica-cobra-transparencia-em-acao-contra-o-governo-do-estado\/"},"wordCount":720,"commentCount":0,"publisher":{"@id":"https:\/\/maranhaotv.com.br\/#organization"},"image":{"@id":"https:\/\/maranhaotv.com.br\/index.php\/2020\/05\/04\/promotoria-de-justica-cobra-transparencia-em-acao-contra-o-governo-do-estado\/#primaryimage"},"thumbnailUrl":"","articleSection":["not\u00edcias","pol\u00edtica"],"inLanguage":"pt-BR","potentialAction":[{"@type":"CommentAction","name":"Comment","target":["https:\/\/maranhaotv.com.br\/index.php\/2020\/05\/04\/promotoria-de-justica-cobra-transparencia-em-acao-contra-o-governo-do-estado\/#respond"]}]},{"@type":"WebPage","@id":"https:\/\/maranhaotv.com.br\/index.php\/2020\/05\/04\/promotoria-de-justica-cobra-transparencia-em-acao-contra-o-governo-do-estado\/","url":"https:\/\/maranhaotv.com.br\/index.php\/2020\/05\/04\/promotoria-de-justica-cobra-transparencia-em-acao-contra-o-governo-do-estado\/","name":"Promotoria de Justi\u00e7a cobra transpar\u00eancia em a\u00e7\u00e3o contra o governo do Estado - NOT\u00cdCIAS EM TEMPO REAL","isPartOf":{"@id":"https:\/\/maranhaotv.com.br\/#website"},"primaryImageOfPage":{"@id":"https:\/\/maranhaotv.com.br\/index.php\/2020\/05\/04\/promotoria-de-justica-cobra-transparencia-em-acao-contra-o-governo-do-estado\/#primaryimage"},"image":{"@id":"https:\/\/maranhaotv.com.br\/index.php\/2020\/05\/04\/promotoria-de-justica-cobra-transparencia-em-acao-contra-o-governo-do-estado\/#primaryimage"},"thumbnailUrl":"","datePublished":"2020-05-04T23:09:52+00:00","breadcrumb":{"@id":"https:\/\/maranhaotv.com.br\/index.php\/2020\/05\/04\/promotoria-de-justica-cobra-transparencia-em-acao-contra-o-governo-do-estado\/#breadcrumb"},"inLanguage":"pt-BR","potentialAction":[{"@type":"ReadAction","target":["https:\/\/maranhaotv.com.br\/index.php\/2020\/05\/04\/promotoria-de-justica-cobra-transparencia-em-acao-contra-o-governo-do-estado\/"]}]},{"@type":"ImageObject","inLanguage":"pt-BR","@id":"https:\/\/maranhaotv.com.br\/index.php\/2020\/05\/04\/promotoria-de-justica-cobra-transparencia-em-acao-contra-o-governo-do-estado\/#primaryimage","url":"","contentUrl":""},{"@type":"BreadcrumbList","@id":"https:\/\/maranhaotv.com.br\/index.php\/2020\/05\/04\/promotoria-de-justica-cobra-transparencia-em-acao-contra-o-governo-do-estado\/#breadcrumb","itemListElement":[{"@type":"ListItem","position":1,"name":"In\u00edcio","item":"https:\/\/maranhaotv.com.br\/"},{"@type":"ListItem","position":2,"name":"Promotoria de Justi\u00e7a cobra transpar\u00eancia em a\u00e7\u00e3o contra o governo do Estado"}]},{"@type":"WebSite","@id":"https:\/\/maranhaotv.com.br\/#website","url":"https:\/\/maranhaotv.com.br\/","name":"Maranh\u00e3oTV","description":"","publisher":{"@id":"https:\/\/maranhaotv.com.br\/#organization"},"potentialAction":[{"@type":"SearchAction","target":{"@type":"EntryPoint","urlTemplate":"https:\/\/maranhaotv.com.br\/?s={search_term_string}"},"query-input":{"@type":"PropertyValueSpecification","valueRequired":true,"valueName":"search_term_string"}}],"inLanguage":"pt-BR"},{"@type":"Organization","@id":"https:\/\/maranhaotv.com.br\/#organization","name":"Portal de Not\u00edcias","url":"https:\/\/maranhaotv.com.br\/","logo":{"@type":"ImageObject","inLanguage":"pt-BR","@id":"https:\/\/maranhaotv.com.br\/#\/schema\/logo\/image\/","url":"https:\/\/maranhaotv.com.br\/wp-content\/uploads\/2024\/05\/cropped-cropped-avatar-1.png","contentUrl":"https:\/\/maranhaotv.com.br\/wp-content\/uploads\/2024\/05\/cropped-cropped-avatar-1.png","width":792,"height":428,"caption":"Portal de Not\u00edcias"},"image":{"@id":"https:\/\/maranhaotv.com.br\/#\/schema\/logo\/image\/"},"sameAs":["https:\/\/www.facebook.com\/maiobaotv","https:\/\/x.com\/sitemaranhaotv","https:\/\/www.instagram.com\/maranhao.tv","https:\/\/www.threads.net\/@maranhao.tv"]},{"@type":"Person","@id":"https:\/\/maranhaotv.com.br\/#\/schema\/person\/3d54238e86b20bb5c89ab2fdb8f8829a","name":"maranhaotv","image":{"@type":"ImageObject","inLanguage":"pt-BR","@id":"https:\/\/secure.gravatar.com\/avatar\/8fadbca458d4cb68b1dd399ae9a40618d747bb1af65ac9fad21c89220a143eb4?s=96&d=mm&r=g","url":"https:\/\/secure.gravatar.com\/avatar\/8fadbca458d4cb68b1dd399ae9a40618d747bb1af65ac9fad21c89220a143eb4?s=96&d=mm&r=g","contentUrl":"https:\/\/secure.gravatar.com\/avatar\/8fadbca458d4cb68b1dd399ae9a40618d747bb1af65ac9fad21c89220a143eb4?s=96&d=mm&r=g","caption":"maranhaotv"},"sameAs":["https:\/\/maranhaotv.com.br\/"],"url":"https:\/\/maranhaotv.com.br\/index.php\/author\/maranhaotv\/"}]}},"jetpack_featured_media_url":"","jetpack_sharing_enabled":true,"_links":{"self":[{"href":"https:\/\/maranhaotv.com.br\/index.php\/wp-json\/wp\/v2\/posts\/11582","targetHints":{"allow":["GET"]}}],"collection":[{"href":"https:\/\/maranhaotv.com.br\/index.php\/wp-json\/wp\/v2\/posts"}],"about":[{"href":"https:\/\/maranhaotv.com.br\/index.php\/wp-json\/wp\/v2\/types\/post"}],"author":[{"embeddable":true,"href":"https:\/\/maranhaotv.com.br\/index.php\/wp-json\/wp\/v2\/users\/2"}],"replies":[{"embeddable":true,"href":"https:\/\/maranhaotv.com.br\/index.php\/wp-json\/wp\/v2\/comments?post=11582"}],"version-history":[{"count":0,"href":"https:\/\/maranhaotv.com.br\/index.php\/wp-json\/wp\/v2\/posts\/11582\/revisions"}],"wp:featuredmedia":[{"embeddable":true,"href":"https:\/\/maranhaotv.com.br\/index.php\/wp-json\/"}],"wp:attachment":[{"href":"https:\/\/maranhaotv.com.br\/index.php\/wp-json\/wp\/v2\/media?parent=11582"}],"wp:term":[{"taxonomy":"category","embeddable":true,"href":"https:\/\/maranhaotv.com.br\/index.php\/wp-json\/wp\/v2\/categories?post=11582"},{"taxonomy":"post_tag","embeddable":true,"href":"https:\/\/maranhaotv.com.br\/index.php\/wp-json\/wp\/v2\/tags?post=11582"}],"curies":[{"name":"wp","href":"https:\/\/api.w.org\/{rel}","templated":true}]}}