{"id":11676,"date":"2020-05-08T08:41:27","date_gmt":"2020-05-08T11:41:27","guid":{"rendered":"https:\/\/maiobaotv.com.br\/?p=11676"},"modified":"2020-05-08T08:41:27","modified_gmt":"2020-05-08T11:41:27","slug":"mortes-diarias-por-covid-19-disparam-no-brasil-e-superam-italia-e-espanha","status":"publish","type":"post","link":"https:\/\/maranhaotv.com.br\/index.php\/2020\/05\/08\/mortes-diarias-por-covid-19-disparam-no-brasil-e-superam-italia-e-espanha\/","title":{"rendered":"Mortes di\u00e1rias por covid-19 disparam no Brasil e superam It\u00e1lia e Espanha"},"content":{"rendered":"<h5>Com recorde de 615 v\u00edtimas, Brasil s\u00f3 perde para Estados Unidos e Reino Unido em volume de \u00f3bitos pelo coronav\u00edrus em 24 horas<\/h5>\n<p>O avan\u00e7o do novo coronav\u00edrus fez o Brasil atingir nesta quarta-feira, 6, o maior n\u00famero de mortes registradas pela doen\u00e7a em 24 horas. Segundo dados do Minist\u00e9rio da Sa\u00fade, em apenas um dia foram 615 v\u00edtimas da covid-19. Nesta quinta, mais 610 morreram em decorr\u00eancia da doen\u00e7a.<\/p>\n<p>Em volume de mortes, o pa\u00eds s\u00f3 vem perdendo para os Estados Unidos, que ontem tiveram 1.843 v\u00edtimas, e o Reino Unido, com 649 \u00f3bitos pela infec\u00e7\u00e3o.<\/p>\n<p>De outros pa\u00edses com a situa\u00e7\u00e3o mais cr\u00edtica da covid-19, como It\u00e1lia e Espanha, o Brasil vem superando pelo menos desde o dia 29 de abril o volume di\u00e1rio de mortes registradas. Apenas no \u00faltimo dia 2, a It\u00e1lia teve 53 v\u00edtimas a mais, como \u00e9 poss\u00edvel observar no gr\u00e1fico a seguir.<\/p>\n<p>Os dados dos Estados Unidos foram exclu\u00eddos para fins de compara\u00e7\u00e3o, uma vez que a curva de crescimento \u00e9 exponencialmente maior.<\/p>\n<p><strong>Pico e volume de mortes<\/strong><\/p>\n<p>Hoje, o Brasil est\u00e1 na s\u00e9tima posi\u00e7\u00e3o dos pa\u00edses que mais registraram mortes at\u00e9 agora pela doen\u00e7a. A maior parte de outras regi\u00f5es, por\u00e9m, est\u00e1 em est\u00e1gios mais avan\u00e7ados do cont\u00e1gio da doen\u00e7a.<\/p>\n<p>Espanha, Estados Unidos e Reino Unido j\u00e1 t\u00eam mais de 60 dias desde o registro do primeiro \u00f3bito. Em compara\u00e7\u00e3o, o Brasil ainda est\u00e1 em seu 50\u00ba dia desde que registrou a primeira v\u00edtima, em 17 de mar\u00e7o.<\/p>\n<p>Nem mesmo h\u00e1 certezas se o pa\u00eds est\u00e1 passando pelo pico da doen\u00e7a, previsto inicialmente para este m\u00eas. No in\u00edcio da semana, o secret\u00e1rio de Vigil\u00e2ncia em Sa\u00fade do Minist\u00e9rio da Sa\u00fade, Wanderson de Oliveira, disse que o per\u00edodo mais cr\u00edtico da doen\u00e7a ser\u00e1 conhecido entre maio, junho e julho.<\/p>\n<p>Em compara\u00e7\u00e3o com os outros quatro pa\u00edses, o Brasil ainda tem a menor taxa de \u00f3bitos pela doen\u00e7a, mas estudos recentes projetam um alto registro de mortes nas pr\u00f3ximas semanas.<\/p>\n<p>Previs\u00f5es cient\u00edficas tamb\u00e9m apontam que o n\u00famero de infectados no pa\u00eds, hoje pr\u00f3ximo dos 120.000, pode ser de sete a 15 vezes maior que os dados oficiais. Segundo um estudo publicado pela Faculdade de Medicina de Ribeir\u00e3o Preto, da USP, o Brasil pode ter de 1,3 milh\u00e3o a 2 milh\u00f5es de casos, no pior cen\u00e1rio.<\/p>\n<p><img loading=\"lazy\" decoding=\"async\" src=\"https:\/\/maiobaotv.com.br\/wp-content\/uploads\/2020\/05\/img_20200508_0838599047744973494659425.jpg\" class=\"wp-image-11675 alignnone size-full\" width=\"1080\" height=\"868\"><\/p>\n","protected":false},"excerpt":{"rendered":"<p>Com recorde de 615 v\u00edtimas, Brasil s\u00f3 perde para Estados Unidos e Reino Unido em volume de \u00f3bitos pelo coronav\u00edrus<\/p>\n","protected":false},"author":2,"featured_media":11678,"comment_status":"open","ping_status":"open","sticky":false,"template":"","format":"standard","meta":{"colormag_page_container_layout":"default_layout","colormag_page_sidebar_layout":"default_layout","_jetpack_memberships_contains_paid_content":false,"footnotes":""},"categories":[2,54],"tags":[],"class_list":["post-11676","post","type-post","status-publish","format-standard","has-post-thumbnail","hentry","category-noticias","category-saude"],"magazineBlocksPostFeaturedMedia":{"thumbnail":false,"medium":false,"medium_large":false,"large":false,"1536x1536":false,"2048x2048":false,"colormag-highlighted-post":false,"colormag-featured-post-medium":false,"colormag-featured-post-small":false,"colormag-featured-image":false,"colormag-default-news":false,"colormag-featured-image-large":false},"magazineBlocksPostAuthor":{"name":"maranhaotv","avatar":"https:\/\/secure.gravatar.com\/avatar\/8fadbca458d4cb68b1dd399ae9a40618d747bb1af65ac9fad21c89220a143eb4?s=96&d=mm&r=g"},"magazineBlocksPostCommentsNumber":"0","magazineBlocksPostExcerpt":"Com recorde de 615 v\u00edtimas, Brasil s\u00f3 perde para Estados Unidos e Reino Unido em volume de \u00f3bitos pelo coronav\u00edrus","magazineBlocksPostCategories":["not\u00edcias","sa\u00fade"],"magazineBlocksPostViewCount":217,"magazineBlocksPostReadTime":3,"magazine_blocks_featured_image_url":{"full":false,"medium":false,"thumbnail":false},"magazine_blocks_author":{"display_name":"maranhaotv","author_link":"https:\/\/maranhaotv.com.br\/index.php\/author\/maranhaotv\/"},"magazine_blocks_comment":0,"magazine_blocks_author_image":"https:\/\/secure.gravatar.com\/avatar\/8fadbca458d4cb68b1dd399ae9a40618d747bb1af65ac9fad21c89220a143eb4?s=96&d=mm&r=g","magazine_blocks_category":"<a href=\"#\" class=\"category-link category-link-2\">not\u00edcias<\/a> <a href=\"#\" class=\"category-link category-link-54\">sa\u00fade<\/a>","yoast_head":"<!-- This site is optimized with the Yoast SEO plugin v27.4 - https:\/\/yoast.com\/product\/yoast-seo-wordpress\/ -->\n<title>Mortes di\u00e1rias por covid-19 disparam no Brasil e superam It\u00e1lia e Espanha - NOT\u00cdCIAS EM TEMPO REAL<\/title>\n<meta name=\"robots\" content=\"index, follow, max-snippet:-1, max-image-preview:large, max-video-preview:-1\" \/>\n<link rel=\"canonical\" href=\"https:\/\/maranhaotv.com.br\/index.php\/2020\/05\/08\/mortes-diarias-por-covid-19-disparam-no-brasil-e-superam-italia-e-espanha\/\" \/>\n<meta property=\"og:locale\" content=\"pt_BR\" \/>\n<meta property=\"og:type\" content=\"article\" \/>\n<meta property=\"og:title\" content=\"Mortes di\u00e1rias por covid-19 disparam no Brasil e superam It\u00e1lia e Espanha - NOT\u00cdCIAS EM TEMPO REAL\" \/>\n<meta property=\"og:description\" content=\"Com recorde de 615 v\u00edtimas, Brasil s\u00f3 perde para Estados Unidos e Reino Unido em volume de \u00f3bitos pelo coronav\u00edrus\" \/>\n<meta property=\"og:url\" content=\"https:\/\/maranhaotv.com.br\/index.php\/2020\/05\/08\/mortes-diarias-por-covid-19-disparam-no-brasil-e-superam-italia-e-espanha\/\" \/>\n<meta property=\"og:site_name\" content=\"NOT\u00cdCIAS EM TEMPO REAL\" \/>\n<meta property=\"article:publisher\" content=\"https:\/\/www.facebook.com\/maiobaotv\" \/>\n<meta property=\"article:published_time\" content=\"2020-05-08T11:41:27+00:00\" \/>\n<meta name=\"author\" content=\"maranhaotv\" \/>\n<meta name=\"twitter:card\" content=\"summary_large_image\" \/>\n<meta name=\"twitter:creator\" content=\"@sitemaranhaotv\" \/>\n<meta name=\"twitter:site\" content=\"@sitemaranhaotv\" \/>\n<meta name=\"twitter:label1\" content=\"Escrito por\" \/>\n\t<meta name=\"twitter:data1\" content=\"maranhaotv\" \/>\n\t<meta name=\"twitter:label2\" content=\"Est. tempo de leitura\" \/>\n\t<meta name=\"twitter:data2\" content=\"2 minutos\" \/>\n<script type=\"application\/ld+json\" class=\"yoast-schema-graph\">{\"@context\":\"https:\\\/\\\/schema.org\",\"@graph\":[{\"@type\":\"Article\",\"@id\":\"https:\\\/\\\/maranhaotv.com.br\\\/index.php\\\/2020\\\/05\\\/08\\\/mortes-diarias-por-covid-19-disparam-no-brasil-e-superam-italia-e-espanha\\\/#article\",\"isPartOf\":{\"@id\":\"https:\\\/\\\/maranhaotv.com.br\\\/index.php\\\/2020\\\/05\\\/08\\\/mortes-diarias-por-covid-19-disparam-no-brasil-e-superam-italia-e-espanha\\\/\"},\"author\":{\"name\":\"maranhaotv\",\"@id\":\"https:\\\/\\\/maranhaotv.com.br\\\/#\\\/schema\\\/person\\\/3d54238e86b20bb5c89ab2fdb8f8829a\"},\"headline\":\"Mortes di\u00e1rias por covid-19 disparam no Brasil e superam It\u00e1lia e Espanha\",\"datePublished\":\"2020-05-08T11:41:27+00:00\",\"mainEntityOfPage\":{\"@id\":\"https:\\\/\\\/maranhaotv.com.br\\\/index.php\\\/2020\\\/05\\\/08\\\/mortes-diarias-por-covid-19-disparam-no-brasil-e-superam-italia-e-espanha\\\/\"},\"wordCount\":440,\"commentCount\":0,\"publisher\":{\"@id\":\"https:\\\/\\\/maranhaotv.com.br\\\/#organization\"},\"image\":{\"@id\":\"https:\\\/\\\/maranhaotv.com.br\\\/index.php\\\/2020\\\/05\\\/08\\\/mortes-diarias-por-covid-19-disparam-no-brasil-e-superam-italia-e-espanha\\\/#primaryimage\"},\"thumbnailUrl\":\"\",\"articleSection\":[\"not\u00edcias\",\"sa\u00fade\"],\"inLanguage\":\"pt-BR\",\"potentialAction\":[{\"@type\":\"CommentAction\",\"name\":\"Comment\",\"target\":[\"https:\\\/\\\/maranhaotv.com.br\\\/index.php\\\/2020\\\/05\\\/08\\\/mortes-diarias-por-covid-19-disparam-no-brasil-e-superam-italia-e-espanha\\\/#respond\"]}]},{\"@type\":\"WebPage\",\"@id\":\"https:\\\/\\\/maranhaotv.com.br\\\/index.php\\\/2020\\\/05\\\/08\\\/mortes-diarias-por-covid-19-disparam-no-brasil-e-superam-italia-e-espanha\\\/\",\"url\":\"https:\\\/\\\/maranhaotv.com.br\\\/index.php\\\/2020\\\/05\\\/08\\\/mortes-diarias-por-covid-19-disparam-no-brasil-e-superam-italia-e-espanha\\\/\",\"name\":\"Mortes di\u00e1rias por covid-19 disparam no Brasil e superam It\u00e1lia e Espanha - NOT\u00cdCIAS EM TEMPO REAL\",\"isPartOf\":{\"@id\":\"https:\\\/\\\/maranhaotv.com.br\\\/#website\"},\"primaryImageOfPage\":{\"@id\":\"https:\\\/\\\/maranhaotv.com.br\\\/index.php\\\/2020\\\/05\\\/08\\\/mortes-diarias-por-covid-19-disparam-no-brasil-e-superam-italia-e-espanha\\\/#primaryimage\"},\"image\":{\"@id\":\"https:\\\/\\\/maranhaotv.com.br\\\/index.php\\\/2020\\\/05\\\/08\\\/mortes-diarias-por-covid-19-disparam-no-brasil-e-superam-italia-e-espanha\\\/#primaryimage\"},\"thumbnailUrl\":\"\",\"datePublished\":\"2020-05-08T11:41:27+00:00\",\"breadcrumb\":{\"@id\":\"https:\\\/\\\/maranhaotv.com.br\\\/index.php\\\/2020\\\/05\\\/08\\\/mortes-diarias-por-covid-19-disparam-no-brasil-e-superam-italia-e-espanha\\\/#breadcrumb\"},\"inLanguage\":\"pt-BR\",\"potentialAction\":[{\"@type\":\"ReadAction\",\"target\":[\"https:\\\/\\\/maranhaotv.com.br\\\/index.php\\\/2020\\\/05\\\/08\\\/mortes-diarias-por-covid-19-disparam-no-brasil-e-superam-italia-e-espanha\\\/\"]}]},{\"@type\":\"ImageObject\",\"inLanguage\":\"pt-BR\",\"@id\":\"https:\\\/\\\/maranhaotv.com.br\\\/index.php\\\/2020\\\/05\\\/08\\\/mortes-diarias-por-covid-19-disparam-no-brasil-e-superam-italia-e-espanha\\\/#primaryimage\",\"url\":\"\",\"contentUrl\":\"\"},{\"@type\":\"BreadcrumbList\",\"@id\":\"https:\\\/\\\/maranhaotv.com.br\\\/index.php\\\/2020\\\/05\\\/08\\\/mortes-diarias-por-covid-19-disparam-no-brasil-e-superam-italia-e-espanha\\\/#breadcrumb\",\"itemListElement\":[{\"@type\":\"ListItem\",\"position\":1,\"name\":\"In\u00edcio\",\"item\":\"https:\\\/\\\/maranhaotv.com.br\\\/\"},{\"@type\":\"ListItem\",\"position\":2,\"name\":\"Mortes di\u00e1rias por covid-19 disparam no Brasil e superam It\u00e1lia e Espanha\"}]},{\"@type\":\"WebSite\",\"@id\":\"https:\\\/\\\/maranhaotv.com.br\\\/#website\",\"url\":\"https:\\\/\\\/maranhaotv.com.br\\\/\",\"name\":\"Maranh\u00e3oTV\",\"description\":\"\",\"publisher\":{\"@id\":\"https:\\\/\\\/maranhaotv.com.br\\\/#organization\"},\"potentialAction\":[{\"@type\":\"SearchAction\",\"target\":{\"@type\":\"EntryPoint\",\"urlTemplate\":\"https:\\\/\\\/maranhaotv.com.br\\\/?s={search_term_string}\"},\"query-input\":{\"@type\":\"PropertyValueSpecification\",\"valueRequired\":true,\"valueName\":\"search_term_string\"}}],\"inLanguage\":\"pt-BR\"},{\"@type\":\"Organization\",\"@id\":\"https:\\\/\\\/maranhaotv.com.br\\\/#organization\",\"name\":\"Portal de Not\u00edcias\",\"url\":\"https:\\\/\\\/maranhaotv.com.br\\\/\",\"logo\":{\"@type\":\"ImageObject\",\"inLanguage\":\"pt-BR\",\"@id\":\"https:\\\/\\\/maranhaotv.com.br\\\/#\\\/schema\\\/logo\\\/image\\\/\",\"url\":\"https:\\\/\\\/maranhaotv.com.br\\\/wp-content\\\/uploads\\\/2024\\\/05\\\/cropped-cropped-avatar-1.png\",\"contentUrl\":\"https:\\\/\\\/maranhaotv.com.br\\\/wp-content\\\/uploads\\\/2024\\\/05\\\/cropped-cropped-avatar-1.png\",\"width\":792,\"height\":428,\"caption\":\"Portal de Not\u00edcias\"},\"image\":{\"@id\":\"https:\\\/\\\/maranhaotv.com.br\\\/#\\\/schema\\\/logo\\\/image\\\/\"},\"sameAs\":[\"https:\\\/\\\/www.facebook.com\\\/maiobaotv\",\"https:\\\/\\\/x.com\\\/sitemaranhaotv\",\"https:\\\/\\\/www.instagram.com\\\/maranhao.tv\",\"https:\\\/\\\/www.threads.net\\\/@maranhao.tv\"]},{\"@type\":\"Person\",\"@id\":\"https:\\\/\\\/maranhaotv.com.br\\\/#\\\/schema\\\/person\\\/3d54238e86b20bb5c89ab2fdb8f8829a\",\"name\":\"maranhaotv\",\"image\":{\"@type\":\"ImageObject\",\"inLanguage\":\"pt-BR\",\"@id\":\"https:\\\/\\\/secure.gravatar.com\\\/avatar\\\/8fadbca458d4cb68b1dd399ae9a40618d747bb1af65ac9fad21c89220a143eb4?s=96&d=mm&r=g\",\"url\":\"https:\\\/\\\/secure.gravatar.com\\\/avatar\\\/8fadbca458d4cb68b1dd399ae9a40618d747bb1af65ac9fad21c89220a143eb4?s=96&d=mm&r=g\",\"contentUrl\":\"https:\\\/\\\/secure.gravatar.com\\\/avatar\\\/8fadbca458d4cb68b1dd399ae9a40618d747bb1af65ac9fad21c89220a143eb4?s=96&d=mm&r=g\",\"caption\":\"maranhaotv\"},\"sameAs\":[\"https:\\\/\\\/maranhaotv.com.br\\\/\"],\"url\":\"https:\\\/\\\/maranhaotv.com.br\\\/index.php\\\/author\\\/maranhaotv\\\/\"}]}<\/script>\n<!-- \/ Yoast SEO plugin. -->","yoast_head_json":{"title":"Mortes di\u00e1rias por covid-19 disparam no Brasil e superam It\u00e1lia e Espanha - NOT\u00cdCIAS EM TEMPO REAL","robots":{"index":"index","follow":"follow","max-snippet":"max-snippet:-1","max-image-preview":"max-image-preview:large","max-video-preview":"max-video-preview:-1"},"canonical":"https:\/\/maranhaotv.com.br\/index.php\/2020\/05\/08\/mortes-diarias-por-covid-19-disparam-no-brasil-e-superam-italia-e-espanha\/","og_locale":"pt_BR","og_type":"article","og_title":"Mortes di\u00e1rias por covid-19 disparam no Brasil e superam It\u00e1lia e Espanha - NOT\u00cdCIAS EM TEMPO REAL","og_description":"Com recorde de 615 v\u00edtimas, Brasil s\u00f3 perde para Estados Unidos e Reino Unido em volume de \u00f3bitos pelo coronav\u00edrus","og_url":"https:\/\/maranhaotv.com.br\/index.php\/2020\/05\/08\/mortes-diarias-por-covid-19-disparam-no-brasil-e-superam-italia-e-espanha\/","og_site_name":"NOT\u00cdCIAS EM TEMPO REAL","article_publisher":"https:\/\/www.facebook.com\/maiobaotv","article_published_time":"2020-05-08T11:41:27+00:00","author":"maranhaotv","twitter_card":"summary_large_image","twitter_creator":"@sitemaranhaotv","twitter_site":"@sitemaranhaotv","twitter_misc":{"Escrito por":"maranhaotv","Est. tempo de leitura":"2 minutos"},"schema":{"@context":"https:\/\/schema.org","@graph":[{"@type":"Article","@id":"https:\/\/maranhaotv.com.br\/index.php\/2020\/05\/08\/mortes-diarias-por-covid-19-disparam-no-brasil-e-superam-italia-e-espanha\/#article","isPartOf":{"@id":"https:\/\/maranhaotv.com.br\/index.php\/2020\/05\/08\/mortes-diarias-por-covid-19-disparam-no-brasil-e-superam-italia-e-espanha\/"},"author":{"name":"maranhaotv","@id":"https:\/\/maranhaotv.com.br\/#\/schema\/person\/3d54238e86b20bb5c89ab2fdb8f8829a"},"headline":"Mortes di\u00e1rias por covid-19 disparam no Brasil e superam It\u00e1lia e Espanha","datePublished":"2020-05-08T11:41:27+00:00","mainEntityOfPage":{"@id":"https:\/\/maranhaotv.com.br\/index.php\/2020\/05\/08\/mortes-diarias-por-covid-19-disparam-no-brasil-e-superam-italia-e-espanha\/"},"wordCount":440,"commentCount":0,"publisher":{"@id":"https:\/\/maranhaotv.com.br\/#organization"},"image":{"@id":"https:\/\/maranhaotv.com.br\/index.php\/2020\/05\/08\/mortes-diarias-por-covid-19-disparam-no-brasil-e-superam-italia-e-espanha\/#primaryimage"},"thumbnailUrl":"","articleSection":["not\u00edcias","sa\u00fade"],"inLanguage":"pt-BR","potentialAction":[{"@type":"CommentAction","name":"Comment","target":["https:\/\/maranhaotv.com.br\/index.php\/2020\/05\/08\/mortes-diarias-por-covid-19-disparam-no-brasil-e-superam-italia-e-espanha\/#respond"]}]},{"@type":"WebPage","@id":"https:\/\/maranhaotv.com.br\/index.php\/2020\/05\/08\/mortes-diarias-por-covid-19-disparam-no-brasil-e-superam-italia-e-espanha\/","url":"https:\/\/maranhaotv.com.br\/index.php\/2020\/05\/08\/mortes-diarias-por-covid-19-disparam-no-brasil-e-superam-italia-e-espanha\/","name":"Mortes di\u00e1rias por covid-19 disparam no Brasil e superam It\u00e1lia e Espanha - NOT\u00cdCIAS EM TEMPO REAL","isPartOf":{"@id":"https:\/\/maranhaotv.com.br\/#website"},"primaryImageOfPage":{"@id":"https:\/\/maranhaotv.com.br\/index.php\/2020\/05\/08\/mortes-diarias-por-covid-19-disparam-no-brasil-e-superam-italia-e-espanha\/#primaryimage"},"image":{"@id":"https:\/\/maranhaotv.com.br\/index.php\/2020\/05\/08\/mortes-diarias-por-covid-19-disparam-no-brasil-e-superam-italia-e-espanha\/#primaryimage"},"thumbnailUrl":"","datePublished":"2020-05-08T11:41:27+00:00","breadcrumb":{"@id":"https:\/\/maranhaotv.com.br\/index.php\/2020\/05\/08\/mortes-diarias-por-covid-19-disparam-no-brasil-e-superam-italia-e-espanha\/#breadcrumb"},"inLanguage":"pt-BR","potentialAction":[{"@type":"ReadAction","target":["https:\/\/maranhaotv.com.br\/index.php\/2020\/05\/08\/mortes-diarias-por-covid-19-disparam-no-brasil-e-superam-italia-e-espanha\/"]}]},{"@type":"ImageObject","inLanguage":"pt-BR","@id":"https:\/\/maranhaotv.com.br\/index.php\/2020\/05\/08\/mortes-diarias-por-covid-19-disparam-no-brasil-e-superam-italia-e-espanha\/#primaryimage","url":"","contentUrl":""},{"@type":"BreadcrumbList","@id":"https:\/\/maranhaotv.com.br\/index.php\/2020\/05\/08\/mortes-diarias-por-covid-19-disparam-no-brasil-e-superam-italia-e-espanha\/#breadcrumb","itemListElement":[{"@type":"ListItem","position":1,"name":"In\u00edcio","item":"https:\/\/maranhaotv.com.br\/"},{"@type":"ListItem","position":2,"name":"Mortes di\u00e1rias por covid-19 disparam no Brasil e superam It\u00e1lia e Espanha"}]},{"@type":"WebSite","@id":"https:\/\/maranhaotv.com.br\/#website","url":"https:\/\/maranhaotv.com.br\/","name":"Maranh\u00e3oTV","description":"","publisher":{"@id":"https:\/\/maranhaotv.com.br\/#organization"},"potentialAction":[{"@type":"SearchAction","target":{"@type":"EntryPoint","urlTemplate":"https:\/\/maranhaotv.com.br\/?s={search_term_string}"},"query-input":{"@type":"PropertyValueSpecification","valueRequired":true,"valueName":"search_term_string"}}],"inLanguage":"pt-BR"},{"@type":"Organization","@id":"https:\/\/maranhaotv.com.br\/#organization","name":"Portal de Not\u00edcias","url":"https:\/\/maranhaotv.com.br\/","logo":{"@type":"ImageObject","inLanguage":"pt-BR","@id":"https:\/\/maranhaotv.com.br\/#\/schema\/logo\/image\/","url":"https:\/\/maranhaotv.com.br\/wp-content\/uploads\/2024\/05\/cropped-cropped-avatar-1.png","contentUrl":"https:\/\/maranhaotv.com.br\/wp-content\/uploads\/2024\/05\/cropped-cropped-avatar-1.png","width":792,"height":428,"caption":"Portal de Not\u00edcias"},"image":{"@id":"https:\/\/maranhaotv.com.br\/#\/schema\/logo\/image\/"},"sameAs":["https:\/\/www.facebook.com\/maiobaotv","https:\/\/x.com\/sitemaranhaotv","https:\/\/www.instagram.com\/maranhao.tv","https:\/\/www.threads.net\/@maranhao.tv"]},{"@type":"Person","@id":"https:\/\/maranhaotv.com.br\/#\/schema\/person\/3d54238e86b20bb5c89ab2fdb8f8829a","name":"maranhaotv","image":{"@type":"ImageObject","inLanguage":"pt-BR","@id":"https:\/\/secure.gravatar.com\/avatar\/8fadbca458d4cb68b1dd399ae9a40618d747bb1af65ac9fad21c89220a143eb4?s=96&d=mm&r=g","url":"https:\/\/secure.gravatar.com\/avatar\/8fadbca458d4cb68b1dd399ae9a40618d747bb1af65ac9fad21c89220a143eb4?s=96&d=mm&r=g","contentUrl":"https:\/\/secure.gravatar.com\/avatar\/8fadbca458d4cb68b1dd399ae9a40618d747bb1af65ac9fad21c89220a143eb4?s=96&d=mm&r=g","caption":"maranhaotv"},"sameAs":["https:\/\/maranhaotv.com.br\/"],"url":"https:\/\/maranhaotv.com.br\/index.php\/author\/maranhaotv\/"}]}},"jetpack_featured_media_url":"","jetpack_sharing_enabled":true,"_links":{"self":[{"href":"https:\/\/maranhaotv.com.br\/index.php\/wp-json\/wp\/v2\/posts\/11676","targetHints":{"allow":["GET"]}}],"collection":[{"href":"https:\/\/maranhaotv.com.br\/index.php\/wp-json\/wp\/v2\/posts"}],"about":[{"href":"https:\/\/maranhaotv.com.br\/index.php\/wp-json\/wp\/v2\/types\/post"}],"author":[{"embeddable":true,"href":"https:\/\/maranhaotv.com.br\/index.php\/wp-json\/wp\/v2\/users\/2"}],"replies":[{"embeddable":true,"href":"https:\/\/maranhaotv.com.br\/index.php\/wp-json\/wp\/v2\/comments?post=11676"}],"version-history":[{"count":0,"href":"https:\/\/maranhaotv.com.br\/index.php\/wp-json\/wp\/v2\/posts\/11676\/revisions"}],"wp:featuredmedia":[{"embeddable":true,"href":"https:\/\/maranhaotv.com.br\/index.php\/wp-json\/"}],"wp:attachment":[{"href":"https:\/\/maranhaotv.com.br\/index.php\/wp-json\/wp\/v2\/media?parent=11676"}],"wp:term":[{"taxonomy":"category","embeddable":true,"href":"https:\/\/maranhaotv.com.br\/index.php\/wp-json\/wp\/v2\/categories?post=11676"},{"taxonomy":"post_tag","embeddable":true,"href":"https:\/\/maranhaotv.com.br\/index.php\/wp-json\/wp\/v2\/tags?post=11676"}],"curies":[{"name":"wp","href":"https:\/\/api.w.org\/{rel}","templated":true}]}}