{"id":11679,"date":"2020-05-08T11:32:22","date_gmt":"2020-05-08T14:32:22","guid":{"rendered":"https:\/\/maiobaotv.com.br\/index.php\/2020\/05\/08\/governo-do-estado-fara-rodizio-de-carros-a-partir-da-proxima-semana-durante-lockdown\/"},"modified":"2020-05-08T11:32:22","modified_gmt":"2020-05-08T14:32:22","slug":"governo-do-estado-fara-rodizio-de-carros-a-partir-da-proxima-semana-durante-lockdown","status":"publish","type":"post","link":"https:\/\/maranhaotv.com.br\/index.php\/2020\/05\/08\/governo-do-estado-fara-rodizio-de-carros-a-partir-da-proxima-semana-durante-lockdown\/","title":{"rendered":"Governo do Estado far\u00e1 rod\u00edzio de carros a partir da pr\u00f3xima semana durante Lockdown"},"content":{"rendered":"<p>Em nova coletiva realizada nesta manh\u00e3, o Governador Fl\u00e1vio Dino, disse que o Lockdown tem sido um sucesso, entretanto, ainda assim, \u00e9 preciso apertar algumas medidas. J\u00e1 que algumas pessoas continuam ignorando as medidas de preven\u00e7\u00e3o e combate ao Coronav\u00edrus.<\/p>\n<p>A principal medida a ser adotada, a partir da pr\u00f3xima semana ser\u00e1 um rod\u00edzio de carros pelas ruas da regi\u00e3o metropolitana.<\/p>\n<p>A divis\u00e3o acontecer\u00e1 entre dias e com placas com termina\u00e7\u00e3o em n\u00fameros \u00edmpares e n\u00fameros pares. O edital que regular\u00e1 o rod\u00edzio deve ser editado ainda hoje. Segundo Fl\u00e1vio Dino, na segunda e quarta os carros com placas de n\u00fameros \u00edmpares, e, na ter\u00e7a e quinta as placas com  termina\u00e7\u00e3o em n\u00fameros pares poder\u00e3o rodar. E, na sexta-feira, dia 15, o Governo deve antecipar o feriado de 28 de Julho, para 15 de Junho, deixando assim tudo fechado at\u00e9 a pr\u00f3xima sexta-feira.<\/p>\n<p>Ainda no decreto deve haver uma flexibiliza\u00e7\u00e3o para motoristas de aplicativo, j\u00e1 que os mesmos tem tido dificuldade de se locomover pela cidade. Haver\u00e1 multas para quem descumprir o rod\u00edzio de carros, e, todos entrar\u00e3o nessa modalidade, at\u00e9 quem trabalha em servi\u00e7os essenciais, como profissionais de sa\u00fade.<\/p>\n<p>Sobre a conclus\u00e3o de obras de hospitais estaduais, o governador disse que a conclus\u00e3o de obras \u00e9 mais f\u00e1cil, o dif\u00edcil \u00e9 manter um hospital, que precisa de equipamentos, profissionais, sendo assim \u00e9 preciso um planejamento. Foi citado o hospital Macro Regional de Viana, como sendo prioridade para o Governo.<\/p>\n<p>Segundo, Fl\u00e1vio, pode ser que futuramente, seja preciso um novo lockdown, e que, primeiramente, ser\u00e1 avaliado os resultados desse que est\u00e1 em vigor. J\u00e1 que os resultados costumam aparecer semanas ap\u00f3s o bloqueio das atividades. Mas que, se for preciso ser\u00e1 adotado novamente. Foi refor\u00e7ado o uso das m\u00e1scaras em locais p\u00fablicos, sendo esta, uma medida a ser adotada por longos meses, assim como em muitos pa\u00edses.<\/p>\n<p>O Governo do Estado mant\u00e9m um boletim Epidemiol\u00f3gico atualizado e transparente, emitido diariamente, e todos poder\u00e3o acompanhar por l\u00e1 os resultados das medidas adotadas.<\/p>\n<p>Ao ser questionado sobre algumas condutas do Governo Federal, Dino disse que o Chefe de Estado deveria ligar para outros pa\u00edses e solicitar equipamentos desses lugares, que hoje, est\u00e3o fechando hospitais de campanha, como Espanha, Alemanha. J\u00e1 que ao fechar esses hospitais, certamente deve haver equipamentos dispon\u00edveis para empr\u00e9stimo ao Brasil. Mas que tamb\u00e9m \u00e9 preciso incentivar a fabrica\u00e7\u00e3o de Respiradores no Brasil, assegurando assim melhor desempenho para suportar uma crise pand\u00eamica como essa.<\/p>\n<p>Fl\u00e1vio Dino disse que tem sido dias dif\u00edceis, que muitos funcion\u00e1rios do Pal\u00e1cio dos Le\u00f5es, que trabalham diretamente com ele j\u00e1 adoeceram, refor\u00e7ou que as medidas protetivas podem durar meses, mesmo que algumas delaa sejam flexibilidade.<\/p>\n<p>Ao final, disse ele:<\/p>\n<blockquote><p>&#8220;Quando tudo isso acabar, fa\u00e7o um pedido a voc\u00eas: abracem um profissional de sa\u00fade, esse \u00e9 um pedido que fa\u00e7o de forma  emocionada.&#8221;<\/p><\/blockquote>\n","protected":false},"excerpt":{"rendered":"<p>Em nova coletiva realizada nesta manh\u00e3, o Governador Fl\u00e1vio Dino, disse que o Lockdown tem sido um sucesso, entretanto, ainda<\/p>\n","protected":false},"author":2,"featured_media":11576,"comment_status":"open","ping_status":"open","sticky":false,"template":"","format":"standard","meta":{"colormag_page_container_layout":"default_layout","colormag_page_sidebar_layout":"default_layout","_jetpack_memberships_contains_paid_content":false,"footnotes":""},"categories":[2,54],"tags":[],"class_list":["post-11679","post","type-post","status-publish","format-standard","has-post-thumbnail","hentry","category-noticias","category-saude"],"magazineBlocksPostFeaturedMedia":{"thumbnail":false,"medium":false,"medium_large":false,"large":false,"1536x1536":false,"2048x2048":false,"colormag-highlighted-post":false,"colormag-featured-post-medium":false,"colormag-featured-post-small":false,"colormag-featured-image":false,"colormag-default-news":false,"colormag-featured-image-large":false},"magazineBlocksPostAuthor":{"name":"maranhaotv","avatar":"https:\/\/secure.gravatar.com\/avatar\/8fadbca458d4cb68b1dd399ae9a40618d747bb1af65ac9fad21c89220a143eb4?s=96&d=mm&r=g"},"magazineBlocksPostCommentsNumber":"0","magazineBlocksPostExcerpt":"Em nova coletiva realizada nesta manh\u00e3, o Governador Fl\u00e1vio Dino, disse que o Lockdown tem sido um sucesso, entretanto, ainda","magazineBlocksPostCategories":["not\u00edcias","sa\u00fade"],"magazineBlocksPostViewCount":239,"magazineBlocksPostReadTime":3,"magazine_blocks_featured_image_url":{"full":false,"medium":false,"thumbnail":false},"magazine_blocks_author":{"display_name":"maranhaotv","author_link":"https:\/\/maranhaotv.com.br\/index.php\/author\/maranhaotv\/"},"magazine_blocks_comment":0,"magazine_blocks_author_image":"https:\/\/secure.gravatar.com\/avatar\/8fadbca458d4cb68b1dd399ae9a40618d747bb1af65ac9fad21c89220a143eb4?s=96&d=mm&r=g","magazine_blocks_category":"<a href=\"#\" class=\"category-link category-link-2\">not\u00edcias<\/a> <a href=\"#\" class=\"category-link category-link-54\">sa\u00fade<\/a>","yoast_head":"<!-- This site is optimized with the Yoast SEO plugin v27.4 - https:\/\/yoast.com\/product\/yoast-seo-wordpress\/ -->\n<title>Governo do Estado far\u00e1 rod\u00edzio de carros a partir da pr\u00f3xima semana durante Lockdown - NOT\u00cdCIAS EM TEMPO REAL<\/title>\n<meta name=\"robots\" content=\"index, follow, max-snippet:-1, max-image-preview:large, max-video-preview:-1\" \/>\n<link rel=\"canonical\" href=\"https:\/\/maranhaotv.com.br\/index.php\/2020\/05\/08\/governo-do-estado-fara-rodizio-de-carros-a-partir-da-proxima-semana-durante-lockdown\/\" \/>\n<meta property=\"og:locale\" content=\"pt_BR\" \/>\n<meta property=\"og:type\" content=\"article\" \/>\n<meta property=\"og:title\" content=\"Governo do Estado far\u00e1 rod\u00edzio de carros a partir da pr\u00f3xima semana durante Lockdown - NOT\u00cdCIAS EM TEMPO REAL\" \/>\n<meta property=\"og:description\" content=\"Em nova coletiva realizada nesta manh\u00e3, o Governador Fl\u00e1vio Dino, disse que o Lockdown tem sido um sucesso, entretanto, ainda\" \/>\n<meta property=\"og:url\" content=\"https:\/\/maranhaotv.com.br\/index.php\/2020\/05\/08\/governo-do-estado-fara-rodizio-de-carros-a-partir-da-proxima-semana-durante-lockdown\/\" \/>\n<meta property=\"og:site_name\" content=\"NOT\u00cdCIAS EM TEMPO REAL\" \/>\n<meta property=\"article:publisher\" content=\"https:\/\/www.facebook.com\/maiobaotv\" \/>\n<meta property=\"article:published_time\" content=\"2020-05-08T14:32:22+00:00\" \/>\n<meta name=\"author\" content=\"maranhaotv\" \/>\n<meta name=\"twitter:card\" content=\"summary_large_image\" \/>\n<meta name=\"twitter:creator\" content=\"@sitemaranhaotv\" \/>\n<meta name=\"twitter:site\" content=\"@sitemaranhaotv\" \/>\n<meta name=\"twitter:label1\" content=\"Escrito por\" \/>\n\t<meta name=\"twitter:data1\" content=\"maranhaotv\" \/>\n\t<meta name=\"twitter:label2\" content=\"Est. tempo de leitura\" \/>\n\t<meta name=\"twitter:data2\" content=\"3 minutos\" \/>\n<script type=\"application\/ld+json\" class=\"yoast-schema-graph\">{\"@context\":\"https:\\\/\\\/schema.org\",\"@graph\":[{\"@type\":\"Article\",\"@id\":\"https:\\\/\\\/maranhaotv.com.br\\\/index.php\\\/2020\\\/05\\\/08\\\/governo-do-estado-fara-rodizio-de-carros-a-partir-da-proxima-semana-durante-lockdown\\\/#article\",\"isPartOf\":{\"@id\":\"https:\\\/\\\/maranhaotv.com.br\\\/index.php\\\/2020\\\/05\\\/08\\\/governo-do-estado-fara-rodizio-de-carros-a-partir-da-proxima-semana-durante-lockdown\\\/\"},\"author\":{\"name\":\"maranhaotv\",\"@id\":\"https:\\\/\\\/maranhaotv.com.br\\\/#\\\/schema\\\/person\\\/3d54238e86b20bb5c89ab2fdb8f8829a\"},\"headline\":\"Governo do Estado far\u00e1 rod\u00edzio de carros a partir da pr\u00f3xima semana durante Lockdown\",\"datePublished\":\"2020-05-08T14:32:22+00:00\",\"mainEntityOfPage\":{\"@id\":\"https:\\\/\\\/maranhaotv.com.br\\\/index.php\\\/2020\\\/05\\\/08\\\/governo-do-estado-fara-rodizio-de-carros-a-partir-da-proxima-semana-durante-lockdown\\\/\"},\"wordCount\":528,\"commentCount\":0,\"publisher\":{\"@id\":\"https:\\\/\\\/maranhaotv.com.br\\\/#organization\"},\"image\":{\"@id\":\"https:\\\/\\\/maranhaotv.com.br\\\/index.php\\\/2020\\\/05\\\/08\\\/governo-do-estado-fara-rodizio-de-carros-a-partir-da-proxima-semana-durante-lockdown\\\/#primaryimage\"},\"thumbnailUrl\":\"\",\"articleSection\":[\"not\u00edcias\",\"sa\u00fade\"],\"inLanguage\":\"pt-BR\",\"potentialAction\":[{\"@type\":\"CommentAction\",\"name\":\"Comment\",\"target\":[\"https:\\\/\\\/maranhaotv.com.br\\\/index.php\\\/2020\\\/05\\\/08\\\/governo-do-estado-fara-rodizio-de-carros-a-partir-da-proxima-semana-durante-lockdown\\\/#respond\"]}]},{\"@type\":\"WebPage\",\"@id\":\"https:\\\/\\\/maranhaotv.com.br\\\/index.php\\\/2020\\\/05\\\/08\\\/governo-do-estado-fara-rodizio-de-carros-a-partir-da-proxima-semana-durante-lockdown\\\/\",\"url\":\"https:\\\/\\\/maranhaotv.com.br\\\/index.php\\\/2020\\\/05\\\/08\\\/governo-do-estado-fara-rodizio-de-carros-a-partir-da-proxima-semana-durante-lockdown\\\/\",\"name\":\"Governo do Estado far\u00e1 rod\u00edzio de carros a partir da pr\u00f3xima semana durante Lockdown - NOT\u00cdCIAS EM TEMPO REAL\",\"isPartOf\":{\"@id\":\"https:\\\/\\\/maranhaotv.com.br\\\/#website\"},\"primaryImageOfPage\":{\"@id\":\"https:\\\/\\\/maranhaotv.com.br\\\/index.php\\\/2020\\\/05\\\/08\\\/governo-do-estado-fara-rodizio-de-carros-a-partir-da-proxima-semana-durante-lockdown\\\/#primaryimage\"},\"image\":{\"@id\":\"https:\\\/\\\/maranhaotv.com.br\\\/index.php\\\/2020\\\/05\\\/08\\\/governo-do-estado-fara-rodizio-de-carros-a-partir-da-proxima-semana-durante-lockdown\\\/#primaryimage\"},\"thumbnailUrl\":\"\",\"datePublished\":\"2020-05-08T14:32:22+00:00\",\"breadcrumb\":{\"@id\":\"https:\\\/\\\/maranhaotv.com.br\\\/index.php\\\/2020\\\/05\\\/08\\\/governo-do-estado-fara-rodizio-de-carros-a-partir-da-proxima-semana-durante-lockdown\\\/#breadcrumb\"},\"inLanguage\":\"pt-BR\",\"potentialAction\":[{\"@type\":\"ReadAction\",\"target\":[\"https:\\\/\\\/maranhaotv.com.br\\\/index.php\\\/2020\\\/05\\\/08\\\/governo-do-estado-fara-rodizio-de-carros-a-partir-da-proxima-semana-durante-lockdown\\\/\"]}]},{\"@type\":\"ImageObject\",\"inLanguage\":\"pt-BR\",\"@id\":\"https:\\\/\\\/maranhaotv.com.br\\\/index.php\\\/2020\\\/05\\\/08\\\/governo-do-estado-fara-rodizio-de-carros-a-partir-da-proxima-semana-durante-lockdown\\\/#primaryimage\",\"url\":\"\",\"contentUrl\":\"\"},{\"@type\":\"BreadcrumbList\",\"@id\":\"https:\\\/\\\/maranhaotv.com.br\\\/index.php\\\/2020\\\/05\\\/08\\\/governo-do-estado-fara-rodizio-de-carros-a-partir-da-proxima-semana-durante-lockdown\\\/#breadcrumb\",\"itemListElement\":[{\"@type\":\"ListItem\",\"position\":1,\"name\":\"In\u00edcio\",\"item\":\"https:\\\/\\\/maranhaotv.com.br\\\/\"},{\"@type\":\"ListItem\",\"position\":2,\"name\":\"Governo do Estado far\u00e1 rod\u00edzio de carros a partir da pr\u00f3xima semana durante Lockdown\"}]},{\"@type\":\"WebSite\",\"@id\":\"https:\\\/\\\/maranhaotv.com.br\\\/#website\",\"url\":\"https:\\\/\\\/maranhaotv.com.br\\\/\",\"name\":\"Maranh\u00e3oTV\",\"description\":\"\",\"publisher\":{\"@id\":\"https:\\\/\\\/maranhaotv.com.br\\\/#organization\"},\"potentialAction\":[{\"@type\":\"SearchAction\",\"target\":{\"@type\":\"EntryPoint\",\"urlTemplate\":\"https:\\\/\\\/maranhaotv.com.br\\\/?s={search_term_string}\"},\"query-input\":{\"@type\":\"PropertyValueSpecification\",\"valueRequired\":true,\"valueName\":\"search_term_string\"}}],\"inLanguage\":\"pt-BR\"},{\"@type\":\"Organization\",\"@id\":\"https:\\\/\\\/maranhaotv.com.br\\\/#organization\",\"name\":\"Portal de Not\u00edcias\",\"url\":\"https:\\\/\\\/maranhaotv.com.br\\\/\",\"logo\":{\"@type\":\"ImageObject\",\"inLanguage\":\"pt-BR\",\"@id\":\"https:\\\/\\\/maranhaotv.com.br\\\/#\\\/schema\\\/logo\\\/image\\\/\",\"url\":\"https:\\\/\\\/maranhaotv.com.br\\\/wp-content\\\/uploads\\\/2024\\\/05\\\/cropped-cropped-avatar-1.png\",\"contentUrl\":\"https:\\\/\\\/maranhaotv.com.br\\\/wp-content\\\/uploads\\\/2024\\\/05\\\/cropped-cropped-avatar-1.png\",\"width\":792,\"height\":428,\"caption\":\"Portal de Not\u00edcias\"},\"image\":{\"@id\":\"https:\\\/\\\/maranhaotv.com.br\\\/#\\\/schema\\\/logo\\\/image\\\/\"},\"sameAs\":[\"https:\\\/\\\/www.facebook.com\\\/maiobaotv\",\"https:\\\/\\\/x.com\\\/sitemaranhaotv\",\"https:\\\/\\\/www.instagram.com\\\/maranhao.tv\",\"https:\\\/\\\/www.threads.net\\\/@maranhao.tv\"]},{\"@type\":\"Person\",\"@id\":\"https:\\\/\\\/maranhaotv.com.br\\\/#\\\/schema\\\/person\\\/3d54238e86b20bb5c89ab2fdb8f8829a\",\"name\":\"maranhaotv\",\"image\":{\"@type\":\"ImageObject\",\"inLanguage\":\"pt-BR\",\"@id\":\"https:\\\/\\\/secure.gravatar.com\\\/avatar\\\/8fadbca458d4cb68b1dd399ae9a40618d747bb1af65ac9fad21c89220a143eb4?s=96&d=mm&r=g\",\"url\":\"https:\\\/\\\/secure.gravatar.com\\\/avatar\\\/8fadbca458d4cb68b1dd399ae9a40618d747bb1af65ac9fad21c89220a143eb4?s=96&d=mm&r=g\",\"contentUrl\":\"https:\\\/\\\/secure.gravatar.com\\\/avatar\\\/8fadbca458d4cb68b1dd399ae9a40618d747bb1af65ac9fad21c89220a143eb4?s=96&d=mm&r=g\",\"caption\":\"maranhaotv\"},\"sameAs\":[\"https:\\\/\\\/maranhaotv.com.br\\\/\"],\"url\":\"https:\\\/\\\/maranhaotv.com.br\\\/index.php\\\/author\\\/maranhaotv\\\/\"}]}<\/script>\n<!-- \/ Yoast SEO plugin. -->","yoast_head_json":{"title":"Governo do Estado far\u00e1 rod\u00edzio de carros a partir da pr\u00f3xima semana durante Lockdown - NOT\u00cdCIAS EM TEMPO REAL","robots":{"index":"index","follow":"follow","max-snippet":"max-snippet:-1","max-image-preview":"max-image-preview:large","max-video-preview":"max-video-preview:-1"},"canonical":"https:\/\/maranhaotv.com.br\/index.php\/2020\/05\/08\/governo-do-estado-fara-rodizio-de-carros-a-partir-da-proxima-semana-durante-lockdown\/","og_locale":"pt_BR","og_type":"article","og_title":"Governo do Estado far\u00e1 rod\u00edzio de carros a partir da pr\u00f3xima semana durante Lockdown - NOT\u00cdCIAS EM TEMPO REAL","og_description":"Em nova coletiva realizada nesta manh\u00e3, o Governador Fl\u00e1vio Dino, disse que o Lockdown tem sido um sucesso, entretanto, ainda","og_url":"https:\/\/maranhaotv.com.br\/index.php\/2020\/05\/08\/governo-do-estado-fara-rodizio-de-carros-a-partir-da-proxima-semana-durante-lockdown\/","og_site_name":"NOT\u00cdCIAS EM TEMPO REAL","article_publisher":"https:\/\/www.facebook.com\/maiobaotv","article_published_time":"2020-05-08T14:32:22+00:00","author":"maranhaotv","twitter_card":"summary_large_image","twitter_creator":"@sitemaranhaotv","twitter_site":"@sitemaranhaotv","twitter_misc":{"Escrito por":"maranhaotv","Est. tempo de leitura":"3 minutos"},"schema":{"@context":"https:\/\/schema.org","@graph":[{"@type":"Article","@id":"https:\/\/maranhaotv.com.br\/index.php\/2020\/05\/08\/governo-do-estado-fara-rodizio-de-carros-a-partir-da-proxima-semana-durante-lockdown\/#article","isPartOf":{"@id":"https:\/\/maranhaotv.com.br\/index.php\/2020\/05\/08\/governo-do-estado-fara-rodizio-de-carros-a-partir-da-proxima-semana-durante-lockdown\/"},"author":{"name":"maranhaotv","@id":"https:\/\/maranhaotv.com.br\/#\/schema\/person\/3d54238e86b20bb5c89ab2fdb8f8829a"},"headline":"Governo do Estado far\u00e1 rod\u00edzio de carros a partir da pr\u00f3xima semana durante Lockdown","datePublished":"2020-05-08T14:32:22+00:00","mainEntityOfPage":{"@id":"https:\/\/maranhaotv.com.br\/index.php\/2020\/05\/08\/governo-do-estado-fara-rodizio-de-carros-a-partir-da-proxima-semana-durante-lockdown\/"},"wordCount":528,"commentCount":0,"publisher":{"@id":"https:\/\/maranhaotv.com.br\/#organization"},"image":{"@id":"https:\/\/maranhaotv.com.br\/index.php\/2020\/05\/08\/governo-do-estado-fara-rodizio-de-carros-a-partir-da-proxima-semana-durante-lockdown\/#primaryimage"},"thumbnailUrl":"","articleSection":["not\u00edcias","sa\u00fade"],"inLanguage":"pt-BR","potentialAction":[{"@type":"CommentAction","name":"Comment","target":["https:\/\/maranhaotv.com.br\/index.php\/2020\/05\/08\/governo-do-estado-fara-rodizio-de-carros-a-partir-da-proxima-semana-durante-lockdown\/#respond"]}]},{"@type":"WebPage","@id":"https:\/\/maranhaotv.com.br\/index.php\/2020\/05\/08\/governo-do-estado-fara-rodizio-de-carros-a-partir-da-proxima-semana-durante-lockdown\/","url":"https:\/\/maranhaotv.com.br\/index.php\/2020\/05\/08\/governo-do-estado-fara-rodizio-de-carros-a-partir-da-proxima-semana-durante-lockdown\/","name":"Governo do Estado far\u00e1 rod\u00edzio de carros a partir da pr\u00f3xima semana durante Lockdown - NOT\u00cdCIAS EM TEMPO REAL","isPartOf":{"@id":"https:\/\/maranhaotv.com.br\/#website"},"primaryImageOfPage":{"@id":"https:\/\/maranhaotv.com.br\/index.php\/2020\/05\/08\/governo-do-estado-fara-rodizio-de-carros-a-partir-da-proxima-semana-durante-lockdown\/#primaryimage"},"image":{"@id":"https:\/\/maranhaotv.com.br\/index.php\/2020\/05\/08\/governo-do-estado-fara-rodizio-de-carros-a-partir-da-proxima-semana-durante-lockdown\/#primaryimage"},"thumbnailUrl":"","datePublished":"2020-05-08T14:32:22+00:00","breadcrumb":{"@id":"https:\/\/maranhaotv.com.br\/index.php\/2020\/05\/08\/governo-do-estado-fara-rodizio-de-carros-a-partir-da-proxima-semana-durante-lockdown\/#breadcrumb"},"inLanguage":"pt-BR","potentialAction":[{"@type":"ReadAction","target":["https:\/\/maranhaotv.com.br\/index.php\/2020\/05\/08\/governo-do-estado-fara-rodizio-de-carros-a-partir-da-proxima-semana-durante-lockdown\/"]}]},{"@type":"ImageObject","inLanguage":"pt-BR","@id":"https:\/\/maranhaotv.com.br\/index.php\/2020\/05\/08\/governo-do-estado-fara-rodizio-de-carros-a-partir-da-proxima-semana-durante-lockdown\/#primaryimage","url":"","contentUrl":""},{"@type":"BreadcrumbList","@id":"https:\/\/maranhaotv.com.br\/index.php\/2020\/05\/08\/governo-do-estado-fara-rodizio-de-carros-a-partir-da-proxima-semana-durante-lockdown\/#breadcrumb","itemListElement":[{"@type":"ListItem","position":1,"name":"In\u00edcio","item":"https:\/\/maranhaotv.com.br\/"},{"@type":"ListItem","position":2,"name":"Governo do Estado far\u00e1 rod\u00edzio de carros a partir da pr\u00f3xima semana durante Lockdown"}]},{"@type":"WebSite","@id":"https:\/\/maranhaotv.com.br\/#website","url":"https:\/\/maranhaotv.com.br\/","name":"Maranh\u00e3oTV","description":"","publisher":{"@id":"https:\/\/maranhaotv.com.br\/#organization"},"potentialAction":[{"@type":"SearchAction","target":{"@type":"EntryPoint","urlTemplate":"https:\/\/maranhaotv.com.br\/?s={search_term_string}"},"query-input":{"@type":"PropertyValueSpecification","valueRequired":true,"valueName":"search_term_string"}}],"inLanguage":"pt-BR"},{"@type":"Organization","@id":"https:\/\/maranhaotv.com.br\/#organization","name":"Portal de Not\u00edcias","url":"https:\/\/maranhaotv.com.br\/","logo":{"@type":"ImageObject","inLanguage":"pt-BR","@id":"https:\/\/maranhaotv.com.br\/#\/schema\/logo\/image\/","url":"https:\/\/maranhaotv.com.br\/wp-content\/uploads\/2024\/05\/cropped-cropped-avatar-1.png","contentUrl":"https:\/\/maranhaotv.com.br\/wp-content\/uploads\/2024\/05\/cropped-cropped-avatar-1.png","width":792,"height":428,"caption":"Portal de Not\u00edcias"},"image":{"@id":"https:\/\/maranhaotv.com.br\/#\/schema\/logo\/image\/"},"sameAs":["https:\/\/www.facebook.com\/maiobaotv","https:\/\/x.com\/sitemaranhaotv","https:\/\/www.instagram.com\/maranhao.tv","https:\/\/www.threads.net\/@maranhao.tv"]},{"@type":"Person","@id":"https:\/\/maranhaotv.com.br\/#\/schema\/person\/3d54238e86b20bb5c89ab2fdb8f8829a","name":"maranhaotv","image":{"@type":"ImageObject","inLanguage":"pt-BR","@id":"https:\/\/secure.gravatar.com\/avatar\/8fadbca458d4cb68b1dd399ae9a40618d747bb1af65ac9fad21c89220a143eb4?s=96&d=mm&r=g","url":"https:\/\/secure.gravatar.com\/avatar\/8fadbca458d4cb68b1dd399ae9a40618d747bb1af65ac9fad21c89220a143eb4?s=96&d=mm&r=g","contentUrl":"https:\/\/secure.gravatar.com\/avatar\/8fadbca458d4cb68b1dd399ae9a40618d747bb1af65ac9fad21c89220a143eb4?s=96&d=mm&r=g","caption":"maranhaotv"},"sameAs":["https:\/\/maranhaotv.com.br\/"],"url":"https:\/\/maranhaotv.com.br\/index.php\/author\/maranhaotv\/"}]}},"jetpack_featured_media_url":"","jetpack_sharing_enabled":true,"_links":{"self":[{"href":"https:\/\/maranhaotv.com.br\/index.php\/wp-json\/wp\/v2\/posts\/11679","targetHints":{"allow":["GET"]}}],"collection":[{"href":"https:\/\/maranhaotv.com.br\/index.php\/wp-json\/wp\/v2\/posts"}],"about":[{"href":"https:\/\/maranhaotv.com.br\/index.php\/wp-json\/wp\/v2\/types\/post"}],"author":[{"embeddable":true,"href":"https:\/\/maranhaotv.com.br\/index.php\/wp-json\/wp\/v2\/users\/2"}],"replies":[{"embeddable":true,"href":"https:\/\/maranhaotv.com.br\/index.php\/wp-json\/wp\/v2\/comments?post=11679"}],"version-history":[{"count":0,"href":"https:\/\/maranhaotv.com.br\/index.php\/wp-json\/wp\/v2\/posts\/11679\/revisions"}],"wp:featuredmedia":[{"embeddable":true,"href":"https:\/\/maranhaotv.com.br\/index.php\/wp-json\/"}],"wp:attachment":[{"href":"https:\/\/maranhaotv.com.br\/index.php\/wp-json\/wp\/v2\/media?parent=11679"}],"wp:term":[{"taxonomy":"category","embeddable":true,"href":"https:\/\/maranhaotv.com.br\/index.php\/wp-json\/wp\/v2\/categories?post=11679"},{"taxonomy":"post_tag","embeddable":true,"href":"https:\/\/maranhaotv.com.br\/index.php\/wp-json\/wp\/v2\/tags?post=11679"}],"curies":[{"name":"wp","href":"https:\/\/api.w.org\/{rel}","templated":true}]}}