{"id":11697,"date":"2020-05-08T13:59:57","date_gmt":"2020-05-08T16:59:57","guid":{"rendered":"https:\/\/maiobaotv.com.br\/?p=11697"},"modified":"2020-05-08T13:59:57","modified_gmt":"2020-05-08T16:59:57","slug":"prefeitura-de-viana-realiza-acao-de-higienizacao-de-combate-a-covid-19-em-predios-publicos","status":"publish","type":"post","link":"https:\/\/maranhaotv.com.br\/index.php\/2020\/05\/08\/prefeitura-de-viana-realiza-acao-de-higienizacao-de-combate-a-covid-19-em-predios-publicos\/","title":{"rendered":"Prefeitura de Viana realiza a\u00e7\u00e3o de higieniza\u00e7\u00e3o de combate a Covid-19 em pr\u00e9dios p\u00fablicos"},"content":{"rendered":"<p>A Prefeitura de Viana, atrav\u00e9s da Secretaria de Sa\u00fade, iniciou nesta quarta-feira (07) uma a\u00e7\u00e3o de higieniza\u00e7\u00e3o de pr\u00e9dios p\u00fablicos da cidade. A medida teve como objetivo fortalecer o trabalho de enfrentamento a dissemina\u00e7\u00e3o da Covid-19.<br \/>\nObjetivo da higieniza\u00e7\u00e3o \u00e9 retirar poss\u00edveis contamina\u00e7\u00f5es de Coronav\u00edrus nas superf\u00edcies e locais de uso comum.<\/p>\n<p>Nesta primeira etapa, foram realizadas limpezas no Hospital Municipal, Semus, Prefeitura, Caps, Secretaria de Desenvolvimento Social e ainda hoje, ser\u00e3o realizada a higieniza\u00e7\u00e3o das Casas Lot\u00e9ricas e Caixa Econ\u00f4mica Federal.<br \/>\nA a\u00e7\u00e3o de preven\u00e7\u00e3o foi determinada pelo prefeito Magrado Barros e coordenada por equipes da Secretaria Municipal da Sa\u00fade.<\/p>\n<p>Os equipamentos para realizar a limpeza foram adquiridos pela Prefeitura com recursos provenientes do Governo Federal para a\u00e7\u00f5es de combate ao Covid-19. S\u00e3o borrifadores especiais, e demais EPIs.<\/p>\n<p>De acordo com o prefeito Magrado Barros, a ideia \u00e9 proteger ainda mais a popula\u00e7\u00e3o da poss\u00edvel presen\u00e7a do v\u00edrus, intensificando a preven\u00e7\u00e3o, uma vez que Viana j\u00e1 registra n\u00famero significativo de caso de Coronav\u00edrus. \u201cAinda que nossa recomenda\u00e7\u00e3o seja que as pessoas fiquem em casa, sabemos que h\u00e1 trabalhadores que ficam mais expostos aos riscos, como profissionais de sa\u00fade, vendedores, os garis, demais trabalhadores de servi\u00e7os essenciais, e queremos evitar que essa parcela da popula\u00e7\u00e3o seja afetada pela transmiss\u00e3o do v\u00edrus\u201d, explica.<\/p>\n<p>V\u00e1rias medidas de enfrentamento ao novo coronav\u00edrus foram tomadas pelo Munic\u00edpio, dentre elas, a suspens\u00e3o do calend\u00e1rio de aulas na rede p\u00fablica de ensino e a restri\u00e7\u00e3o do atendimento de estabelecimentos, observando a necessidade de utiliza\u00e7\u00e3o de m\u00e1scaras como obrigat\u00f3rio e uso do \u00e1lcool em gel.<br \/>\nA Secretaria de Sa\u00fade tamb\u00e9m designou Unidades de Sa\u00fade exclusiva para atendimento a pessoas com S\u00edndrome Gripal, al\u00e9m de Teleatendimento, Barreiras sanit\u00e1rias na entrada da cidade. Campanhas educativas com medidas preventivas e de combate ao Coronav\u00edrus s\u00e3o veiculadas em todas as m\u00eddias sociais. Recentemente a Prefeitura fez consulta a Fiocruz sobre poss\u00edvel Lockdown no Munic\u00edpio, segundo a Procuradoria est\u00e3o aguardando resposta do \u00f3rg\u00e3o para tomadas de decis\u00f5es mais duras.<\/p>\n<p>A Secretaria de Sa\u00fade tamb\u00e9m realiza a\u00e7\u00f5es constantes de orienta\u00e7\u00e3o \u00e0 popula\u00e7\u00e3o, incluindo, a manuten\u00e7\u00e3o do distanciamento social cumprindo a recomenda\u00e7\u00e3o do Minist\u00e9rio da Sa\u00fade.<\/p>\n<p><img loading=\"lazy\" decoding=\"async\" class=\"alignnone size-full wp-image-11690\" src=\"https:\/\/maiobaotv.com.br\/wp-content\/uploads\/2020\/05\/img-20200508-wa01967551511370819659515.jpg\" width=\"1280\" height=\"853\"><\/p>\n<p><img loading=\"lazy\" decoding=\"async\" class=\"wp-image-11693 alignnone size-full\" src=\"https:\/\/maiobaotv.com.br\/wp-content\/uploads\/2020\/05\/img-20200508-wa01955627265911757165674.jpg\" width=\"1280\" height=\"853\"><\/p>\n<p><img loading=\"lazy\" decoding=\"async\" class=\"wp-image-11694 alignnone size-full\" src=\"https:\/\/maiobaotv.com.br\/wp-content\/uploads\/2020\/05\/img-20200508-wa0194516649615335104510.jpg\" width=\"1280\" height=\"853\"><\/p>\n<p><img loading=\"lazy\" decoding=\"async\" class=\"wp-image-11692 alignnone size-full\" src=\"https:\/\/maiobaotv.com.br\/wp-content\/uploads\/2020\/05\/img-20200508-wa01931711932482803794988.jpg\" width=\"1280\" height=\"853\"><\/p>\n<p><img loading=\"lazy\" decoding=\"async\" class=\"wp-image-11691 alignnone size-full\" src=\"https:\/\/maiobaotv.com.br\/wp-content\/uploads\/2020\/05\/img-20200508-wa01903409042754208140889.jpg\" width=\"1280\" height=\"853\"><\/p>\n<p><img loading=\"lazy\" decoding=\"async\" class=\"wp-image-11695 alignnone size-full\" src=\"https:\/\/maiobaotv.com.br\/wp-content\/uploads\/2020\/05\/img-20200508-wa01895253470160946961425.jpg\" width=\"1280\" height=\"853\"><\/p>\n<p><img loading=\"lazy\" decoding=\"async\" class=\"wp-image-11696 alignnone size-full\" src=\"https:\/\/maiobaotv.com.br\/wp-content\/uploads\/2020\/05\/img-20200508-wa01911242889626508477520.jpg\" width=\"1280\" height=\"853\"><\/p>\n<p>Fotos: Z\u00e9 Ferreira<\/p>\n","protected":false},"excerpt":{"rendered":"<p>A Prefeitura de Viana, atrav\u00e9s da Secretaria de Sa\u00fade, iniciou nesta quarta-feira (07) uma a\u00e7\u00e3o de higieniza\u00e7\u00e3o de pr\u00e9dios p\u00fablicos<\/p>\n","protected":false},"author":2,"featured_media":11698,"comment_status":"open","ping_status":"open","sticky":false,"template":"","format":"standard","meta":{"colormag_page_container_layout":"default_layout","colormag_page_sidebar_layout":"default_layout","_jetpack_memberships_contains_paid_content":false,"footnotes":""},"categories":[2],"tags":[17,42,5],"class_list":["post-11697","post","type-post","status-publish","format-standard","has-post-thumbnail","hentry","category-noticias","tag-magrado-barros","tag-prefeitura-de-viana","tag-viana"],"magazineBlocksPostFeaturedMedia":{"thumbnail":false,"medium":false,"medium_large":false,"large":false,"1536x1536":false,"2048x2048":false,"colormag-highlighted-post":false,"colormag-featured-post-medium":false,"colormag-featured-post-small":false,"colormag-featured-image":false,"colormag-default-news":false,"colormag-featured-image-large":false},"magazineBlocksPostAuthor":{"name":"maranhaotv","avatar":"https:\/\/secure.gravatar.com\/avatar\/8fadbca458d4cb68b1dd399ae9a40618d747bb1af65ac9fad21c89220a143eb4?s=96&d=mm&r=g"},"magazineBlocksPostCommentsNumber":"0","magazineBlocksPostExcerpt":"A Prefeitura de Viana, atrav\u00e9s da Secretaria de Sa\u00fade, iniciou nesta quarta-feira (07) uma a\u00e7\u00e3o de higieniza\u00e7\u00e3o de pr\u00e9dios p\u00fablicos","magazineBlocksPostCategories":["not\u00edcias"],"magazineBlocksPostViewCount":190,"magazineBlocksPostReadTime":3,"magazine_blocks_featured_image_url":{"full":false,"medium":false,"thumbnail":false},"magazine_blocks_author":{"display_name":"maranhaotv","author_link":"https:\/\/maranhaotv.com.br\/index.php\/author\/maranhaotv\/"},"magazine_blocks_comment":0,"magazine_blocks_author_image":"https:\/\/secure.gravatar.com\/avatar\/8fadbca458d4cb68b1dd399ae9a40618d747bb1af65ac9fad21c89220a143eb4?s=96&d=mm&r=g","magazine_blocks_category":"<a href=\"#\" class=\"category-link category-link-2\">not\u00edcias<\/a>","yoast_head":"<!-- This site is optimized with the Yoast SEO plugin v27.4 - https:\/\/yoast.com\/product\/yoast-seo-wordpress\/ -->\n<title>Prefeitura de Viana realiza a\u00e7\u00e3o de higieniza\u00e7\u00e3o de combate a Covid-19 em pr\u00e9dios p\u00fablicos - NOT\u00cdCIAS EM TEMPO REAL<\/title>\n<meta name=\"robots\" content=\"index, follow, max-snippet:-1, max-image-preview:large, max-video-preview:-1\" \/>\n<link rel=\"canonical\" href=\"https:\/\/maranhaotv.com.br\/index.php\/2020\/05\/08\/prefeitura-de-viana-realiza-acao-de-higienizacao-de-combate-a-covid-19-em-predios-publicos\/\" \/>\n<meta property=\"og:locale\" content=\"pt_BR\" \/>\n<meta property=\"og:type\" content=\"article\" \/>\n<meta property=\"og:title\" content=\"Prefeitura de Viana realiza a\u00e7\u00e3o de higieniza\u00e7\u00e3o de combate a Covid-19 em pr\u00e9dios p\u00fablicos - NOT\u00cdCIAS EM TEMPO REAL\" \/>\n<meta property=\"og:description\" content=\"A Prefeitura de Viana, atrav\u00e9s da Secretaria de Sa\u00fade, iniciou nesta quarta-feira (07) uma a\u00e7\u00e3o de higieniza\u00e7\u00e3o de pr\u00e9dios p\u00fablicos\" \/>\n<meta property=\"og:url\" content=\"https:\/\/maranhaotv.com.br\/index.php\/2020\/05\/08\/prefeitura-de-viana-realiza-acao-de-higienizacao-de-combate-a-covid-19-em-predios-publicos\/\" \/>\n<meta property=\"og:site_name\" content=\"NOT\u00cdCIAS EM TEMPO REAL\" \/>\n<meta property=\"article:publisher\" content=\"https:\/\/www.facebook.com\/maiobaotv\" \/>\n<meta property=\"article:published_time\" content=\"2020-05-08T16:59:57+00:00\" \/>\n<meta name=\"author\" content=\"maranhaotv\" \/>\n<meta name=\"twitter:card\" content=\"summary_large_image\" \/>\n<meta name=\"twitter:creator\" content=\"@sitemaranhaotv\" \/>\n<meta name=\"twitter:site\" content=\"@sitemaranhaotv\" \/>\n<meta name=\"twitter:label1\" content=\"Escrito por\" \/>\n\t<meta name=\"twitter:data1\" content=\"maranhaotv\" \/>\n\t<meta name=\"twitter:label2\" content=\"Est. tempo de leitura\" \/>\n\t<meta name=\"twitter:data2\" content=\"2 minutos\" \/>\n<script type=\"application\/ld+json\" class=\"yoast-schema-graph\">{\"@context\":\"https:\\\/\\\/schema.org\",\"@graph\":[{\"@type\":\"Article\",\"@id\":\"https:\\\/\\\/maranhaotv.com.br\\\/index.php\\\/2020\\\/05\\\/08\\\/prefeitura-de-viana-realiza-acao-de-higienizacao-de-combate-a-covid-19-em-predios-publicos\\\/#article\",\"isPartOf\":{\"@id\":\"https:\\\/\\\/maranhaotv.com.br\\\/index.php\\\/2020\\\/05\\\/08\\\/prefeitura-de-viana-realiza-acao-de-higienizacao-de-combate-a-covid-19-em-predios-publicos\\\/\"},\"author\":{\"name\":\"maranhaotv\",\"@id\":\"https:\\\/\\\/maranhaotv.com.br\\\/#\\\/schema\\\/person\\\/3d54238e86b20bb5c89ab2fdb8f8829a\"},\"headline\":\"Prefeitura de Viana realiza a\u00e7\u00e3o de higieniza\u00e7\u00e3o de combate a Covid-19 em pr\u00e9dios p\u00fablicos\",\"datePublished\":\"2020-05-08T16:59:57+00:00\",\"mainEntityOfPage\":{\"@id\":\"https:\\\/\\\/maranhaotv.com.br\\\/index.php\\\/2020\\\/05\\\/08\\\/prefeitura-de-viana-realiza-acao-de-higienizacao-de-combate-a-covid-19-em-predios-publicos\\\/\"},\"wordCount\":436,\"commentCount\":0,\"publisher\":{\"@id\":\"https:\\\/\\\/maranhaotv.com.br\\\/#organization\"},\"image\":{\"@id\":\"https:\\\/\\\/maranhaotv.com.br\\\/index.php\\\/2020\\\/05\\\/08\\\/prefeitura-de-viana-realiza-acao-de-higienizacao-de-combate-a-covid-19-em-predios-publicos\\\/#primaryimage\"},\"thumbnailUrl\":\"\",\"keywords\":[\"Magrado Barros\",\"Prefeitura de Viana\",\"Viana\"],\"articleSection\":[\"not\u00edcias\"],\"inLanguage\":\"pt-BR\",\"potentialAction\":[{\"@type\":\"CommentAction\",\"name\":\"Comment\",\"target\":[\"https:\\\/\\\/maranhaotv.com.br\\\/index.php\\\/2020\\\/05\\\/08\\\/prefeitura-de-viana-realiza-acao-de-higienizacao-de-combate-a-covid-19-em-predios-publicos\\\/#respond\"]}]},{\"@type\":\"WebPage\",\"@id\":\"https:\\\/\\\/maranhaotv.com.br\\\/index.php\\\/2020\\\/05\\\/08\\\/prefeitura-de-viana-realiza-acao-de-higienizacao-de-combate-a-covid-19-em-predios-publicos\\\/\",\"url\":\"https:\\\/\\\/maranhaotv.com.br\\\/index.php\\\/2020\\\/05\\\/08\\\/prefeitura-de-viana-realiza-acao-de-higienizacao-de-combate-a-covid-19-em-predios-publicos\\\/\",\"name\":\"Prefeitura de Viana realiza a\u00e7\u00e3o de higieniza\u00e7\u00e3o de combate a Covid-19 em pr\u00e9dios p\u00fablicos - NOT\u00cdCIAS EM TEMPO REAL\",\"isPartOf\":{\"@id\":\"https:\\\/\\\/maranhaotv.com.br\\\/#website\"},\"primaryImageOfPage\":{\"@id\":\"https:\\\/\\\/maranhaotv.com.br\\\/index.php\\\/2020\\\/05\\\/08\\\/prefeitura-de-viana-realiza-acao-de-higienizacao-de-combate-a-covid-19-em-predios-publicos\\\/#primaryimage\"},\"image\":{\"@id\":\"https:\\\/\\\/maranhaotv.com.br\\\/index.php\\\/2020\\\/05\\\/08\\\/prefeitura-de-viana-realiza-acao-de-higienizacao-de-combate-a-covid-19-em-predios-publicos\\\/#primaryimage\"},\"thumbnailUrl\":\"\",\"datePublished\":\"2020-05-08T16:59:57+00:00\",\"breadcrumb\":{\"@id\":\"https:\\\/\\\/maranhaotv.com.br\\\/index.php\\\/2020\\\/05\\\/08\\\/prefeitura-de-viana-realiza-acao-de-higienizacao-de-combate-a-covid-19-em-predios-publicos\\\/#breadcrumb\"},\"inLanguage\":\"pt-BR\",\"potentialAction\":[{\"@type\":\"ReadAction\",\"target\":[\"https:\\\/\\\/maranhaotv.com.br\\\/index.php\\\/2020\\\/05\\\/08\\\/prefeitura-de-viana-realiza-acao-de-higienizacao-de-combate-a-covid-19-em-predios-publicos\\\/\"]}]},{\"@type\":\"ImageObject\",\"inLanguage\":\"pt-BR\",\"@id\":\"https:\\\/\\\/maranhaotv.com.br\\\/index.php\\\/2020\\\/05\\\/08\\\/prefeitura-de-viana-realiza-acao-de-higienizacao-de-combate-a-covid-19-em-predios-publicos\\\/#primaryimage\",\"url\":\"\",\"contentUrl\":\"\"},{\"@type\":\"BreadcrumbList\",\"@id\":\"https:\\\/\\\/maranhaotv.com.br\\\/index.php\\\/2020\\\/05\\\/08\\\/prefeitura-de-viana-realiza-acao-de-higienizacao-de-combate-a-covid-19-em-predios-publicos\\\/#breadcrumb\",\"itemListElement\":[{\"@type\":\"ListItem\",\"position\":1,\"name\":\"In\u00edcio\",\"item\":\"https:\\\/\\\/maranhaotv.com.br\\\/\"},{\"@type\":\"ListItem\",\"position\":2,\"name\":\"Prefeitura de Viana realiza a\u00e7\u00e3o de higieniza\u00e7\u00e3o de combate a Covid-19 em pr\u00e9dios p\u00fablicos\"}]},{\"@type\":\"WebSite\",\"@id\":\"https:\\\/\\\/maranhaotv.com.br\\\/#website\",\"url\":\"https:\\\/\\\/maranhaotv.com.br\\\/\",\"name\":\"Maranh\u00e3oTV\",\"description\":\"\",\"publisher\":{\"@id\":\"https:\\\/\\\/maranhaotv.com.br\\\/#organization\"},\"potentialAction\":[{\"@type\":\"SearchAction\",\"target\":{\"@type\":\"EntryPoint\",\"urlTemplate\":\"https:\\\/\\\/maranhaotv.com.br\\\/?s={search_term_string}\"},\"query-input\":{\"@type\":\"PropertyValueSpecification\",\"valueRequired\":true,\"valueName\":\"search_term_string\"}}],\"inLanguage\":\"pt-BR\"},{\"@type\":\"Organization\",\"@id\":\"https:\\\/\\\/maranhaotv.com.br\\\/#organization\",\"name\":\"Portal de Not\u00edcias\",\"url\":\"https:\\\/\\\/maranhaotv.com.br\\\/\",\"logo\":{\"@type\":\"ImageObject\",\"inLanguage\":\"pt-BR\",\"@id\":\"https:\\\/\\\/maranhaotv.com.br\\\/#\\\/schema\\\/logo\\\/image\\\/\",\"url\":\"https:\\\/\\\/maranhaotv.com.br\\\/wp-content\\\/uploads\\\/2024\\\/05\\\/cropped-cropped-avatar-1.png\",\"contentUrl\":\"https:\\\/\\\/maranhaotv.com.br\\\/wp-content\\\/uploads\\\/2024\\\/05\\\/cropped-cropped-avatar-1.png\",\"width\":792,\"height\":428,\"caption\":\"Portal de Not\u00edcias\"},\"image\":{\"@id\":\"https:\\\/\\\/maranhaotv.com.br\\\/#\\\/schema\\\/logo\\\/image\\\/\"},\"sameAs\":[\"https:\\\/\\\/www.facebook.com\\\/maiobaotv\",\"https:\\\/\\\/x.com\\\/sitemaranhaotv\",\"https:\\\/\\\/www.instagram.com\\\/maranhao.tv\",\"https:\\\/\\\/www.threads.net\\\/@maranhao.tv\"]},{\"@type\":\"Person\",\"@id\":\"https:\\\/\\\/maranhaotv.com.br\\\/#\\\/schema\\\/person\\\/3d54238e86b20bb5c89ab2fdb8f8829a\",\"name\":\"maranhaotv\",\"image\":{\"@type\":\"ImageObject\",\"inLanguage\":\"pt-BR\",\"@id\":\"https:\\\/\\\/secure.gravatar.com\\\/avatar\\\/8fadbca458d4cb68b1dd399ae9a40618d747bb1af65ac9fad21c89220a143eb4?s=96&d=mm&r=g\",\"url\":\"https:\\\/\\\/secure.gravatar.com\\\/avatar\\\/8fadbca458d4cb68b1dd399ae9a40618d747bb1af65ac9fad21c89220a143eb4?s=96&d=mm&r=g\",\"contentUrl\":\"https:\\\/\\\/secure.gravatar.com\\\/avatar\\\/8fadbca458d4cb68b1dd399ae9a40618d747bb1af65ac9fad21c89220a143eb4?s=96&d=mm&r=g\",\"caption\":\"maranhaotv\"},\"sameAs\":[\"https:\\\/\\\/maranhaotv.com.br\\\/\"],\"url\":\"https:\\\/\\\/maranhaotv.com.br\\\/index.php\\\/author\\\/maranhaotv\\\/\"}]}<\/script>\n<!-- \/ Yoast SEO plugin. -->","yoast_head_json":{"title":"Prefeitura de Viana realiza a\u00e7\u00e3o de higieniza\u00e7\u00e3o de combate a Covid-19 em pr\u00e9dios p\u00fablicos - NOT\u00cdCIAS EM TEMPO REAL","robots":{"index":"index","follow":"follow","max-snippet":"max-snippet:-1","max-image-preview":"max-image-preview:large","max-video-preview":"max-video-preview:-1"},"canonical":"https:\/\/maranhaotv.com.br\/index.php\/2020\/05\/08\/prefeitura-de-viana-realiza-acao-de-higienizacao-de-combate-a-covid-19-em-predios-publicos\/","og_locale":"pt_BR","og_type":"article","og_title":"Prefeitura de Viana realiza a\u00e7\u00e3o de higieniza\u00e7\u00e3o de combate a Covid-19 em pr\u00e9dios p\u00fablicos - NOT\u00cdCIAS EM TEMPO REAL","og_description":"A Prefeitura de Viana, atrav\u00e9s da Secretaria de Sa\u00fade, iniciou nesta quarta-feira (07) uma a\u00e7\u00e3o de higieniza\u00e7\u00e3o de pr\u00e9dios p\u00fablicos","og_url":"https:\/\/maranhaotv.com.br\/index.php\/2020\/05\/08\/prefeitura-de-viana-realiza-acao-de-higienizacao-de-combate-a-covid-19-em-predios-publicos\/","og_site_name":"NOT\u00cdCIAS EM TEMPO REAL","article_publisher":"https:\/\/www.facebook.com\/maiobaotv","article_published_time":"2020-05-08T16:59:57+00:00","author":"maranhaotv","twitter_card":"summary_large_image","twitter_creator":"@sitemaranhaotv","twitter_site":"@sitemaranhaotv","twitter_misc":{"Escrito por":"maranhaotv","Est. tempo de leitura":"2 minutos"},"schema":{"@context":"https:\/\/schema.org","@graph":[{"@type":"Article","@id":"https:\/\/maranhaotv.com.br\/index.php\/2020\/05\/08\/prefeitura-de-viana-realiza-acao-de-higienizacao-de-combate-a-covid-19-em-predios-publicos\/#article","isPartOf":{"@id":"https:\/\/maranhaotv.com.br\/index.php\/2020\/05\/08\/prefeitura-de-viana-realiza-acao-de-higienizacao-de-combate-a-covid-19-em-predios-publicos\/"},"author":{"name":"maranhaotv","@id":"https:\/\/maranhaotv.com.br\/#\/schema\/person\/3d54238e86b20bb5c89ab2fdb8f8829a"},"headline":"Prefeitura de Viana realiza a\u00e7\u00e3o de higieniza\u00e7\u00e3o de combate a Covid-19 em pr\u00e9dios p\u00fablicos","datePublished":"2020-05-08T16:59:57+00:00","mainEntityOfPage":{"@id":"https:\/\/maranhaotv.com.br\/index.php\/2020\/05\/08\/prefeitura-de-viana-realiza-acao-de-higienizacao-de-combate-a-covid-19-em-predios-publicos\/"},"wordCount":436,"commentCount":0,"publisher":{"@id":"https:\/\/maranhaotv.com.br\/#organization"},"image":{"@id":"https:\/\/maranhaotv.com.br\/index.php\/2020\/05\/08\/prefeitura-de-viana-realiza-acao-de-higienizacao-de-combate-a-covid-19-em-predios-publicos\/#primaryimage"},"thumbnailUrl":"","keywords":["Magrado Barros","Prefeitura de Viana","Viana"],"articleSection":["not\u00edcias"],"inLanguage":"pt-BR","potentialAction":[{"@type":"CommentAction","name":"Comment","target":["https:\/\/maranhaotv.com.br\/index.php\/2020\/05\/08\/prefeitura-de-viana-realiza-acao-de-higienizacao-de-combate-a-covid-19-em-predios-publicos\/#respond"]}]},{"@type":"WebPage","@id":"https:\/\/maranhaotv.com.br\/index.php\/2020\/05\/08\/prefeitura-de-viana-realiza-acao-de-higienizacao-de-combate-a-covid-19-em-predios-publicos\/","url":"https:\/\/maranhaotv.com.br\/index.php\/2020\/05\/08\/prefeitura-de-viana-realiza-acao-de-higienizacao-de-combate-a-covid-19-em-predios-publicos\/","name":"Prefeitura de Viana realiza a\u00e7\u00e3o de higieniza\u00e7\u00e3o de combate a Covid-19 em pr\u00e9dios p\u00fablicos - NOT\u00cdCIAS EM TEMPO REAL","isPartOf":{"@id":"https:\/\/maranhaotv.com.br\/#website"},"primaryImageOfPage":{"@id":"https:\/\/maranhaotv.com.br\/index.php\/2020\/05\/08\/prefeitura-de-viana-realiza-acao-de-higienizacao-de-combate-a-covid-19-em-predios-publicos\/#primaryimage"},"image":{"@id":"https:\/\/maranhaotv.com.br\/index.php\/2020\/05\/08\/prefeitura-de-viana-realiza-acao-de-higienizacao-de-combate-a-covid-19-em-predios-publicos\/#primaryimage"},"thumbnailUrl":"","datePublished":"2020-05-08T16:59:57+00:00","breadcrumb":{"@id":"https:\/\/maranhaotv.com.br\/index.php\/2020\/05\/08\/prefeitura-de-viana-realiza-acao-de-higienizacao-de-combate-a-covid-19-em-predios-publicos\/#breadcrumb"},"inLanguage":"pt-BR","potentialAction":[{"@type":"ReadAction","target":["https:\/\/maranhaotv.com.br\/index.php\/2020\/05\/08\/prefeitura-de-viana-realiza-acao-de-higienizacao-de-combate-a-covid-19-em-predios-publicos\/"]}]},{"@type":"ImageObject","inLanguage":"pt-BR","@id":"https:\/\/maranhaotv.com.br\/index.php\/2020\/05\/08\/prefeitura-de-viana-realiza-acao-de-higienizacao-de-combate-a-covid-19-em-predios-publicos\/#primaryimage","url":"","contentUrl":""},{"@type":"BreadcrumbList","@id":"https:\/\/maranhaotv.com.br\/index.php\/2020\/05\/08\/prefeitura-de-viana-realiza-acao-de-higienizacao-de-combate-a-covid-19-em-predios-publicos\/#breadcrumb","itemListElement":[{"@type":"ListItem","position":1,"name":"In\u00edcio","item":"https:\/\/maranhaotv.com.br\/"},{"@type":"ListItem","position":2,"name":"Prefeitura de Viana realiza a\u00e7\u00e3o de higieniza\u00e7\u00e3o de combate a Covid-19 em pr\u00e9dios p\u00fablicos"}]},{"@type":"WebSite","@id":"https:\/\/maranhaotv.com.br\/#website","url":"https:\/\/maranhaotv.com.br\/","name":"Maranh\u00e3oTV","description":"","publisher":{"@id":"https:\/\/maranhaotv.com.br\/#organization"},"potentialAction":[{"@type":"SearchAction","target":{"@type":"EntryPoint","urlTemplate":"https:\/\/maranhaotv.com.br\/?s={search_term_string}"},"query-input":{"@type":"PropertyValueSpecification","valueRequired":true,"valueName":"search_term_string"}}],"inLanguage":"pt-BR"},{"@type":"Organization","@id":"https:\/\/maranhaotv.com.br\/#organization","name":"Portal de Not\u00edcias","url":"https:\/\/maranhaotv.com.br\/","logo":{"@type":"ImageObject","inLanguage":"pt-BR","@id":"https:\/\/maranhaotv.com.br\/#\/schema\/logo\/image\/","url":"https:\/\/maranhaotv.com.br\/wp-content\/uploads\/2024\/05\/cropped-cropped-avatar-1.png","contentUrl":"https:\/\/maranhaotv.com.br\/wp-content\/uploads\/2024\/05\/cropped-cropped-avatar-1.png","width":792,"height":428,"caption":"Portal de Not\u00edcias"},"image":{"@id":"https:\/\/maranhaotv.com.br\/#\/schema\/logo\/image\/"},"sameAs":["https:\/\/www.facebook.com\/maiobaotv","https:\/\/x.com\/sitemaranhaotv","https:\/\/www.instagram.com\/maranhao.tv","https:\/\/www.threads.net\/@maranhao.tv"]},{"@type":"Person","@id":"https:\/\/maranhaotv.com.br\/#\/schema\/person\/3d54238e86b20bb5c89ab2fdb8f8829a","name":"maranhaotv","image":{"@type":"ImageObject","inLanguage":"pt-BR","@id":"https:\/\/secure.gravatar.com\/avatar\/8fadbca458d4cb68b1dd399ae9a40618d747bb1af65ac9fad21c89220a143eb4?s=96&d=mm&r=g","url":"https:\/\/secure.gravatar.com\/avatar\/8fadbca458d4cb68b1dd399ae9a40618d747bb1af65ac9fad21c89220a143eb4?s=96&d=mm&r=g","contentUrl":"https:\/\/secure.gravatar.com\/avatar\/8fadbca458d4cb68b1dd399ae9a40618d747bb1af65ac9fad21c89220a143eb4?s=96&d=mm&r=g","caption":"maranhaotv"},"sameAs":["https:\/\/maranhaotv.com.br\/"],"url":"https:\/\/maranhaotv.com.br\/index.php\/author\/maranhaotv\/"}]}},"jetpack_featured_media_url":"","jetpack_sharing_enabled":true,"_links":{"self":[{"href":"https:\/\/maranhaotv.com.br\/index.php\/wp-json\/wp\/v2\/posts\/11697","targetHints":{"allow":["GET"]}}],"collection":[{"href":"https:\/\/maranhaotv.com.br\/index.php\/wp-json\/wp\/v2\/posts"}],"about":[{"href":"https:\/\/maranhaotv.com.br\/index.php\/wp-json\/wp\/v2\/types\/post"}],"author":[{"embeddable":true,"href":"https:\/\/maranhaotv.com.br\/index.php\/wp-json\/wp\/v2\/users\/2"}],"replies":[{"embeddable":true,"href":"https:\/\/maranhaotv.com.br\/index.php\/wp-json\/wp\/v2\/comments?post=11697"}],"version-history":[{"count":0,"href":"https:\/\/maranhaotv.com.br\/index.php\/wp-json\/wp\/v2\/posts\/11697\/revisions"}],"wp:featuredmedia":[{"embeddable":true,"href":"https:\/\/maranhaotv.com.br\/index.php\/wp-json\/"}],"wp:attachment":[{"href":"https:\/\/maranhaotv.com.br\/index.php\/wp-json\/wp\/v2\/media?parent=11697"}],"wp:term":[{"taxonomy":"category","embeddable":true,"href":"https:\/\/maranhaotv.com.br\/index.php\/wp-json\/wp\/v2\/categories?post=11697"},{"taxonomy":"post_tag","embeddable":true,"href":"https:\/\/maranhaotv.com.br\/index.php\/wp-json\/wp\/v2\/tags?post=11697"}],"curies":[{"name":"wp","href":"https:\/\/api.w.org\/{rel}","templated":true}]}}