{"id":11756,"date":"2020-05-10T18:37:54","date_gmt":"2020-05-10T21:37:54","guid":{"rendered":"https:\/\/maiobaotv.com.br\/?p=11756"},"modified":"2020-05-10T18:37:54","modified_gmt":"2020-05-10T21:37:54","slug":"bandidos-usando-fardas-da-pf-sequestram-familia-de-empresario-em-dom-pedro-ma","status":"publish","type":"post","link":"https:\/\/maranhaotv.com.br\/index.php\/2020\/05\/10\/bandidos-usando-fardas-da-pf-sequestram-familia-de-empresario-em-dom-pedro-ma\/","title":{"rendered":"Bandidos usando fardas da PF sequestram fam\u00edlia de empres\u00e1rio em Dom Pedro-MA"},"content":{"rendered":"<p>Na manh\u00e3 deste domingo (10), por volta das 06h36min, elementos fortemente armados e usando fardamentos similares aos da Pol\u00edcia Federal, sequestraram a fam\u00edlia de um empres\u00e1rio da cidade de Dom Pedro &#8211; MA.<\/p>\n<p>Segundo informa\u00e7\u00f5es, os elementos invadiram a casa do propriet\u00e1rio de uma distribuidora de colchas de cama e capas para sof\u00e1. A Pol\u00edcia Militar do 18\u00b0BPM foi acionada, houve troca de tiros e um policial militar identificado por sargento Franco, foi atingido com um tiro na coxa e saiu na nadega.<\/p>\n<p>O PM encontra-se em Presidente Dutra para atendimento m\u00e9dico. H\u00e1 informa\u00e7\u00f5es que ele n\u00e3o corre risco de morte. Segundo informa\u00e7\u00f5es, os assaltantes fugiram usando dois ve\u00edculos: uma caminhonete Toyota Hilux e um Hyundai HB 20, e seguiram sentido Presidente Dutra, ao chegar no povoado Serra do Dico, tomaram uma caminhonete Ranger branca de assalto.<\/p>\n<p>Ainda de acordo com testemunhas, os elementos passaram por Josel\u00e2ndia, Pedreiras, Trizidela do Vale e foram interceptados em uma localidade entre os munic\u00edpios de Bom Lugar e Olho D&#8217;\u00e1gua das Cunh\u00e3s. Parte dos ref\u00e9ns foram abandonados em Pedreiras.<\/p>\n<p>As duas filhas do empres\u00e1rio foram resgatadas pela Pol\u00edcia Militar. Os elementos fugiram adentrando em um matagal. Uma mega opera\u00e7\u00e3o policial est\u00e1 em andamento na inten\u00e7\u00e3o de prender os criminosos. Todos os ve\u00edculos usados na a\u00e7\u00e3o criminosa foram recuperados.<\/p>\n<div style=\"width: 640px;\" class=\"wp-video\"><video class=\"size-full\" id=\"video-11756-1\" width=\"640\" height=\"360\" preload=\"metadata\" controls=\"controls\"><source type=\"video\/mp4\" src=\"https:\/\/maiobaotv.com.br\/wp-content\/uploads\/2020\/05\/VID-20200510-WA0369.mp4?_=1\" \/><a href=\"https:\/\/maiobaotv.com.br\/wp-content\/uploads\/2020\/05\/VID-20200510-WA0369.mp4\">https:\/\/maiobaotv.com.br\/wp-content\/uploads\/2020\/05\/VID-20200510-WA0369.mp4<\/a><\/video><\/div>\n","protected":false},"excerpt":{"rendered":"<p>Na manh\u00e3 deste domingo (10), por volta das 06h36min, elementos fortemente armados e usando fardamentos similares aos da Pol\u00edcia Federal,<\/p>\n","protected":false},"author":2,"featured_media":11757,"comment_status":"open","ping_status":"open","sticky":false,"template":"","format":"standard","meta":{"colormag_page_container_layout":"default_layout","colormag_page_sidebar_layout":"default_layout","_jetpack_memberships_contains_paid_content":false,"footnotes":""},"categories":[2],"tags":[],"class_list":["post-11756","post","type-post","status-publish","format-standard","has-post-thumbnail","hentry","category-noticias"],"magazineBlocksPostFeaturedMedia":{"thumbnail":false,"medium":false,"medium_large":false,"large":false,"1536x1536":false,"2048x2048":false,"colormag-highlighted-post":false,"colormag-featured-post-medium":false,"colormag-featured-post-small":false,"colormag-featured-image":false,"colormag-default-news":false,"colormag-featured-image-large":false},"magazineBlocksPostAuthor":{"name":"maranhaotv","avatar":"https:\/\/secure.gravatar.com\/avatar\/8fadbca458d4cb68b1dd399ae9a40618d747bb1af65ac9fad21c89220a143eb4?s=96&d=mm&r=g"},"magazineBlocksPostCommentsNumber":"0","magazineBlocksPostExcerpt":"Na manh\u00e3 deste domingo (10), por volta das 06h36min, elementos fortemente armados e usando fardamentos similares aos da Pol\u00edcia Federal,","magazineBlocksPostCategories":["not\u00edcias"],"magazineBlocksPostViewCount":224,"magazineBlocksPostReadTime":2,"magazine_blocks_featured_image_url":{"full":false,"medium":false,"thumbnail":false},"magazine_blocks_author":{"display_name":"maranhaotv","author_link":"https:\/\/maranhaotv.com.br\/index.php\/author\/maranhaotv\/"},"magazine_blocks_comment":0,"magazine_blocks_author_image":"https:\/\/secure.gravatar.com\/avatar\/8fadbca458d4cb68b1dd399ae9a40618d747bb1af65ac9fad21c89220a143eb4?s=96&d=mm&r=g","magazine_blocks_category":"<a href=\"#\" class=\"category-link category-link-2\">not\u00edcias<\/a>","yoast_head":"<!-- This site is optimized with the Yoast SEO plugin v27.4 - https:\/\/yoast.com\/product\/yoast-seo-wordpress\/ -->\n<title>Bandidos usando fardas da PF sequestram fam\u00edlia de empres\u00e1rio em Dom Pedro-MA - NOT\u00cdCIAS EM TEMPO REAL<\/title>\n<meta name=\"robots\" content=\"index, follow, max-snippet:-1, max-image-preview:large, max-video-preview:-1\" \/>\n<link rel=\"canonical\" href=\"https:\/\/maranhaotv.com.br\/index.php\/2020\/05\/10\/bandidos-usando-fardas-da-pf-sequestram-familia-de-empresario-em-dom-pedro-ma\/\" \/>\n<meta property=\"og:locale\" content=\"pt_BR\" \/>\n<meta property=\"og:type\" content=\"article\" \/>\n<meta property=\"og:title\" content=\"Bandidos usando fardas da PF sequestram fam\u00edlia de empres\u00e1rio em Dom Pedro-MA - NOT\u00cdCIAS EM TEMPO REAL\" \/>\n<meta property=\"og:description\" content=\"Na manh\u00e3 deste domingo (10), por volta das 06h36min, elementos fortemente armados e usando fardamentos similares aos da Pol\u00edcia Federal,\" \/>\n<meta property=\"og:url\" content=\"https:\/\/maranhaotv.com.br\/index.php\/2020\/05\/10\/bandidos-usando-fardas-da-pf-sequestram-familia-de-empresario-em-dom-pedro-ma\/\" \/>\n<meta property=\"og:site_name\" content=\"NOT\u00cdCIAS EM TEMPO REAL\" \/>\n<meta property=\"article:publisher\" content=\"https:\/\/www.facebook.com\/maiobaotv\" \/>\n<meta property=\"article:published_time\" content=\"2020-05-10T21:37:54+00:00\" \/>\n<meta name=\"author\" content=\"maranhaotv\" \/>\n<meta name=\"twitter:card\" content=\"summary_large_image\" \/>\n<meta name=\"twitter:creator\" content=\"@sitemaranhaotv\" \/>\n<meta name=\"twitter:site\" content=\"@sitemaranhaotv\" \/>\n<meta name=\"twitter:label1\" content=\"Escrito por\" \/>\n\t<meta name=\"twitter:data1\" content=\"maranhaotv\" \/>\n\t<meta name=\"twitter:label2\" content=\"Est. tempo de leitura\" \/>\n\t<meta name=\"twitter:data2\" content=\"1 minuto\" \/>\n<script type=\"application\/ld+json\" class=\"yoast-schema-graph\">{\"@context\":\"https:\\\/\\\/schema.org\",\"@graph\":[{\"@type\":\"Article\",\"@id\":\"https:\\\/\\\/maranhaotv.com.br\\\/index.php\\\/2020\\\/05\\\/10\\\/bandidos-usando-fardas-da-pf-sequestram-familia-de-empresario-em-dom-pedro-ma\\\/#article\",\"isPartOf\":{\"@id\":\"https:\\\/\\\/maranhaotv.com.br\\\/index.php\\\/2020\\\/05\\\/10\\\/bandidos-usando-fardas-da-pf-sequestram-familia-de-empresario-em-dom-pedro-ma\\\/\"},\"author\":{\"name\":\"maranhaotv\",\"@id\":\"https:\\\/\\\/maranhaotv.com.br\\\/#\\\/schema\\\/person\\\/3d54238e86b20bb5c89ab2fdb8f8829a\"},\"headline\":\"Bandidos usando fardas da PF sequestram fam\u00edlia de empres\u00e1rio em Dom Pedro-MA\",\"datePublished\":\"2020-05-10T21:37:54+00:00\",\"mainEntityOfPage\":{\"@id\":\"https:\\\/\\\/maranhaotv.com.br\\\/index.php\\\/2020\\\/05\\\/10\\\/bandidos-usando-fardas-da-pf-sequestram-familia-de-empresario-em-dom-pedro-ma\\\/\"},\"wordCount\":262,\"commentCount\":0,\"publisher\":{\"@id\":\"https:\\\/\\\/maranhaotv.com.br\\\/#organization\"},\"image\":{\"@id\":\"https:\\\/\\\/maranhaotv.com.br\\\/index.php\\\/2020\\\/05\\\/10\\\/bandidos-usando-fardas-da-pf-sequestram-familia-de-empresario-em-dom-pedro-ma\\\/#primaryimage\"},\"thumbnailUrl\":\"\",\"articleSection\":[\"not\u00edcias\"],\"inLanguage\":\"pt-BR\",\"potentialAction\":[{\"@type\":\"CommentAction\",\"name\":\"Comment\",\"target\":[\"https:\\\/\\\/maranhaotv.com.br\\\/index.php\\\/2020\\\/05\\\/10\\\/bandidos-usando-fardas-da-pf-sequestram-familia-de-empresario-em-dom-pedro-ma\\\/#respond\"]}]},{\"@type\":\"WebPage\",\"@id\":\"https:\\\/\\\/maranhaotv.com.br\\\/index.php\\\/2020\\\/05\\\/10\\\/bandidos-usando-fardas-da-pf-sequestram-familia-de-empresario-em-dom-pedro-ma\\\/\",\"url\":\"https:\\\/\\\/maranhaotv.com.br\\\/index.php\\\/2020\\\/05\\\/10\\\/bandidos-usando-fardas-da-pf-sequestram-familia-de-empresario-em-dom-pedro-ma\\\/\",\"name\":\"Bandidos usando fardas da PF sequestram fam\u00edlia de empres\u00e1rio em Dom Pedro-MA - NOT\u00cdCIAS EM TEMPO REAL\",\"isPartOf\":{\"@id\":\"https:\\\/\\\/maranhaotv.com.br\\\/#website\"},\"primaryImageOfPage\":{\"@id\":\"https:\\\/\\\/maranhaotv.com.br\\\/index.php\\\/2020\\\/05\\\/10\\\/bandidos-usando-fardas-da-pf-sequestram-familia-de-empresario-em-dom-pedro-ma\\\/#primaryimage\"},\"image\":{\"@id\":\"https:\\\/\\\/maranhaotv.com.br\\\/index.php\\\/2020\\\/05\\\/10\\\/bandidos-usando-fardas-da-pf-sequestram-familia-de-empresario-em-dom-pedro-ma\\\/#primaryimage\"},\"thumbnailUrl\":\"\",\"datePublished\":\"2020-05-10T21:37:54+00:00\",\"breadcrumb\":{\"@id\":\"https:\\\/\\\/maranhaotv.com.br\\\/index.php\\\/2020\\\/05\\\/10\\\/bandidos-usando-fardas-da-pf-sequestram-familia-de-empresario-em-dom-pedro-ma\\\/#breadcrumb\"},\"inLanguage\":\"pt-BR\",\"potentialAction\":[{\"@type\":\"ReadAction\",\"target\":[\"https:\\\/\\\/maranhaotv.com.br\\\/index.php\\\/2020\\\/05\\\/10\\\/bandidos-usando-fardas-da-pf-sequestram-familia-de-empresario-em-dom-pedro-ma\\\/\"]}]},{\"@type\":\"ImageObject\",\"inLanguage\":\"pt-BR\",\"@id\":\"https:\\\/\\\/maranhaotv.com.br\\\/index.php\\\/2020\\\/05\\\/10\\\/bandidos-usando-fardas-da-pf-sequestram-familia-de-empresario-em-dom-pedro-ma\\\/#primaryimage\",\"url\":\"\",\"contentUrl\":\"\"},{\"@type\":\"BreadcrumbList\",\"@id\":\"https:\\\/\\\/maranhaotv.com.br\\\/index.php\\\/2020\\\/05\\\/10\\\/bandidos-usando-fardas-da-pf-sequestram-familia-de-empresario-em-dom-pedro-ma\\\/#breadcrumb\",\"itemListElement\":[{\"@type\":\"ListItem\",\"position\":1,\"name\":\"In\u00edcio\",\"item\":\"https:\\\/\\\/maranhaotv.com.br\\\/\"},{\"@type\":\"ListItem\",\"position\":2,\"name\":\"Bandidos usando fardas da PF sequestram fam\u00edlia de empres\u00e1rio em Dom Pedro-MA\"}]},{\"@type\":\"WebSite\",\"@id\":\"https:\\\/\\\/maranhaotv.com.br\\\/#website\",\"url\":\"https:\\\/\\\/maranhaotv.com.br\\\/\",\"name\":\"Maranh\u00e3oTV\",\"description\":\"\",\"publisher\":{\"@id\":\"https:\\\/\\\/maranhaotv.com.br\\\/#organization\"},\"potentialAction\":[{\"@type\":\"SearchAction\",\"target\":{\"@type\":\"EntryPoint\",\"urlTemplate\":\"https:\\\/\\\/maranhaotv.com.br\\\/?s={search_term_string}\"},\"query-input\":{\"@type\":\"PropertyValueSpecification\",\"valueRequired\":true,\"valueName\":\"search_term_string\"}}],\"inLanguage\":\"pt-BR\"},{\"@type\":\"Organization\",\"@id\":\"https:\\\/\\\/maranhaotv.com.br\\\/#organization\",\"name\":\"Portal de Not\u00edcias\",\"url\":\"https:\\\/\\\/maranhaotv.com.br\\\/\",\"logo\":{\"@type\":\"ImageObject\",\"inLanguage\":\"pt-BR\",\"@id\":\"https:\\\/\\\/maranhaotv.com.br\\\/#\\\/schema\\\/logo\\\/image\\\/\",\"url\":\"https:\\\/\\\/maranhaotv.com.br\\\/wp-content\\\/uploads\\\/2024\\\/05\\\/cropped-cropped-avatar-1.png\",\"contentUrl\":\"https:\\\/\\\/maranhaotv.com.br\\\/wp-content\\\/uploads\\\/2024\\\/05\\\/cropped-cropped-avatar-1.png\",\"width\":792,\"height\":428,\"caption\":\"Portal de Not\u00edcias\"},\"image\":{\"@id\":\"https:\\\/\\\/maranhaotv.com.br\\\/#\\\/schema\\\/logo\\\/image\\\/\"},\"sameAs\":[\"https:\\\/\\\/www.facebook.com\\\/maiobaotv\",\"https:\\\/\\\/x.com\\\/sitemaranhaotv\",\"https:\\\/\\\/www.instagram.com\\\/maranhao.tv\",\"https:\\\/\\\/www.threads.net\\\/@maranhao.tv\"]},{\"@type\":\"Person\",\"@id\":\"https:\\\/\\\/maranhaotv.com.br\\\/#\\\/schema\\\/person\\\/3d54238e86b20bb5c89ab2fdb8f8829a\",\"name\":\"maranhaotv\",\"image\":{\"@type\":\"ImageObject\",\"inLanguage\":\"pt-BR\",\"@id\":\"https:\\\/\\\/secure.gravatar.com\\\/avatar\\\/8fadbca458d4cb68b1dd399ae9a40618d747bb1af65ac9fad21c89220a143eb4?s=96&d=mm&r=g\",\"url\":\"https:\\\/\\\/secure.gravatar.com\\\/avatar\\\/8fadbca458d4cb68b1dd399ae9a40618d747bb1af65ac9fad21c89220a143eb4?s=96&d=mm&r=g\",\"contentUrl\":\"https:\\\/\\\/secure.gravatar.com\\\/avatar\\\/8fadbca458d4cb68b1dd399ae9a40618d747bb1af65ac9fad21c89220a143eb4?s=96&d=mm&r=g\",\"caption\":\"maranhaotv\"},\"sameAs\":[\"https:\\\/\\\/maranhaotv.com.br\\\/\"],\"url\":\"https:\\\/\\\/maranhaotv.com.br\\\/index.php\\\/author\\\/maranhaotv\\\/\"}]}<\/script>\n<!-- \/ Yoast SEO plugin. -->","yoast_head_json":{"title":"Bandidos usando fardas da PF sequestram fam\u00edlia de empres\u00e1rio em Dom Pedro-MA - NOT\u00cdCIAS EM TEMPO REAL","robots":{"index":"index","follow":"follow","max-snippet":"max-snippet:-1","max-image-preview":"max-image-preview:large","max-video-preview":"max-video-preview:-1"},"canonical":"https:\/\/maranhaotv.com.br\/index.php\/2020\/05\/10\/bandidos-usando-fardas-da-pf-sequestram-familia-de-empresario-em-dom-pedro-ma\/","og_locale":"pt_BR","og_type":"article","og_title":"Bandidos usando fardas da PF sequestram fam\u00edlia de empres\u00e1rio em Dom Pedro-MA - NOT\u00cdCIAS EM TEMPO REAL","og_description":"Na manh\u00e3 deste domingo (10), por volta das 06h36min, elementos fortemente armados e usando fardamentos similares aos da Pol\u00edcia Federal,","og_url":"https:\/\/maranhaotv.com.br\/index.php\/2020\/05\/10\/bandidos-usando-fardas-da-pf-sequestram-familia-de-empresario-em-dom-pedro-ma\/","og_site_name":"NOT\u00cdCIAS EM TEMPO REAL","article_publisher":"https:\/\/www.facebook.com\/maiobaotv","article_published_time":"2020-05-10T21:37:54+00:00","author":"maranhaotv","twitter_card":"summary_large_image","twitter_creator":"@sitemaranhaotv","twitter_site":"@sitemaranhaotv","twitter_misc":{"Escrito por":"maranhaotv","Est. tempo de leitura":"1 minuto"},"schema":{"@context":"https:\/\/schema.org","@graph":[{"@type":"Article","@id":"https:\/\/maranhaotv.com.br\/index.php\/2020\/05\/10\/bandidos-usando-fardas-da-pf-sequestram-familia-de-empresario-em-dom-pedro-ma\/#article","isPartOf":{"@id":"https:\/\/maranhaotv.com.br\/index.php\/2020\/05\/10\/bandidos-usando-fardas-da-pf-sequestram-familia-de-empresario-em-dom-pedro-ma\/"},"author":{"name":"maranhaotv","@id":"https:\/\/maranhaotv.com.br\/#\/schema\/person\/3d54238e86b20bb5c89ab2fdb8f8829a"},"headline":"Bandidos usando fardas da PF sequestram fam\u00edlia de empres\u00e1rio em Dom Pedro-MA","datePublished":"2020-05-10T21:37:54+00:00","mainEntityOfPage":{"@id":"https:\/\/maranhaotv.com.br\/index.php\/2020\/05\/10\/bandidos-usando-fardas-da-pf-sequestram-familia-de-empresario-em-dom-pedro-ma\/"},"wordCount":262,"commentCount":0,"publisher":{"@id":"https:\/\/maranhaotv.com.br\/#organization"},"image":{"@id":"https:\/\/maranhaotv.com.br\/index.php\/2020\/05\/10\/bandidos-usando-fardas-da-pf-sequestram-familia-de-empresario-em-dom-pedro-ma\/#primaryimage"},"thumbnailUrl":"","articleSection":["not\u00edcias"],"inLanguage":"pt-BR","potentialAction":[{"@type":"CommentAction","name":"Comment","target":["https:\/\/maranhaotv.com.br\/index.php\/2020\/05\/10\/bandidos-usando-fardas-da-pf-sequestram-familia-de-empresario-em-dom-pedro-ma\/#respond"]}]},{"@type":"WebPage","@id":"https:\/\/maranhaotv.com.br\/index.php\/2020\/05\/10\/bandidos-usando-fardas-da-pf-sequestram-familia-de-empresario-em-dom-pedro-ma\/","url":"https:\/\/maranhaotv.com.br\/index.php\/2020\/05\/10\/bandidos-usando-fardas-da-pf-sequestram-familia-de-empresario-em-dom-pedro-ma\/","name":"Bandidos usando fardas da PF sequestram fam\u00edlia de empres\u00e1rio em Dom Pedro-MA - NOT\u00cdCIAS EM TEMPO REAL","isPartOf":{"@id":"https:\/\/maranhaotv.com.br\/#website"},"primaryImageOfPage":{"@id":"https:\/\/maranhaotv.com.br\/index.php\/2020\/05\/10\/bandidos-usando-fardas-da-pf-sequestram-familia-de-empresario-em-dom-pedro-ma\/#primaryimage"},"image":{"@id":"https:\/\/maranhaotv.com.br\/index.php\/2020\/05\/10\/bandidos-usando-fardas-da-pf-sequestram-familia-de-empresario-em-dom-pedro-ma\/#primaryimage"},"thumbnailUrl":"","datePublished":"2020-05-10T21:37:54+00:00","breadcrumb":{"@id":"https:\/\/maranhaotv.com.br\/index.php\/2020\/05\/10\/bandidos-usando-fardas-da-pf-sequestram-familia-de-empresario-em-dom-pedro-ma\/#breadcrumb"},"inLanguage":"pt-BR","potentialAction":[{"@type":"ReadAction","target":["https:\/\/maranhaotv.com.br\/index.php\/2020\/05\/10\/bandidos-usando-fardas-da-pf-sequestram-familia-de-empresario-em-dom-pedro-ma\/"]}]},{"@type":"ImageObject","inLanguage":"pt-BR","@id":"https:\/\/maranhaotv.com.br\/index.php\/2020\/05\/10\/bandidos-usando-fardas-da-pf-sequestram-familia-de-empresario-em-dom-pedro-ma\/#primaryimage","url":"","contentUrl":""},{"@type":"BreadcrumbList","@id":"https:\/\/maranhaotv.com.br\/index.php\/2020\/05\/10\/bandidos-usando-fardas-da-pf-sequestram-familia-de-empresario-em-dom-pedro-ma\/#breadcrumb","itemListElement":[{"@type":"ListItem","position":1,"name":"In\u00edcio","item":"https:\/\/maranhaotv.com.br\/"},{"@type":"ListItem","position":2,"name":"Bandidos usando fardas da PF sequestram fam\u00edlia de empres\u00e1rio em Dom Pedro-MA"}]},{"@type":"WebSite","@id":"https:\/\/maranhaotv.com.br\/#website","url":"https:\/\/maranhaotv.com.br\/","name":"Maranh\u00e3oTV","description":"","publisher":{"@id":"https:\/\/maranhaotv.com.br\/#organization"},"potentialAction":[{"@type":"SearchAction","target":{"@type":"EntryPoint","urlTemplate":"https:\/\/maranhaotv.com.br\/?s={search_term_string}"},"query-input":{"@type":"PropertyValueSpecification","valueRequired":true,"valueName":"search_term_string"}}],"inLanguage":"pt-BR"},{"@type":"Organization","@id":"https:\/\/maranhaotv.com.br\/#organization","name":"Portal de Not\u00edcias","url":"https:\/\/maranhaotv.com.br\/","logo":{"@type":"ImageObject","inLanguage":"pt-BR","@id":"https:\/\/maranhaotv.com.br\/#\/schema\/logo\/image\/","url":"https:\/\/maranhaotv.com.br\/wp-content\/uploads\/2024\/05\/cropped-cropped-avatar-1.png","contentUrl":"https:\/\/maranhaotv.com.br\/wp-content\/uploads\/2024\/05\/cropped-cropped-avatar-1.png","width":792,"height":428,"caption":"Portal de Not\u00edcias"},"image":{"@id":"https:\/\/maranhaotv.com.br\/#\/schema\/logo\/image\/"},"sameAs":["https:\/\/www.facebook.com\/maiobaotv","https:\/\/x.com\/sitemaranhaotv","https:\/\/www.instagram.com\/maranhao.tv","https:\/\/www.threads.net\/@maranhao.tv"]},{"@type":"Person","@id":"https:\/\/maranhaotv.com.br\/#\/schema\/person\/3d54238e86b20bb5c89ab2fdb8f8829a","name":"maranhaotv","image":{"@type":"ImageObject","inLanguage":"pt-BR","@id":"https:\/\/secure.gravatar.com\/avatar\/8fadbca458d4cb68b1dd399ae9a40618d747bb1af65ac9fad21c89220a143eb4?s=96&d=mm&r=g","url":"https:\/\/secure.gravatar.com\/avatar\/8fadbca458d4cb68b1dd399ae9a40618d747bb1af65ac9fad21c89220a143eb4?s=96&d=mm&r=g","contentUrl":"https:\/\/secure.gravatar.com\/avatar\/8fadbca458d4cb68b1dd399ae9a40618d747bb1af65ac9fad21c89220a143eb4?s=96&d=mm&r=g","caption":"maranhaotv"},"sameAs":["https:\/\/maranhaotv.com.br\/"],"url":"https:\/\/maranhaotv.com.br\/index.php\/author\/maranhaotv\/"}]}},"jetpack_featured_media_url":"","jetpack_sharing_enabled":true,"_links":{"self":[{"href":"https:\/\/maranhaotv.com.br\/index.php\/wp-json\/wp\/v2\/posts\/11756","targetHints":{"allow":["GET"]}}],"collection":[{"href":"https:\/\/maranhaotv.com.br\/index.php\/wp-json\/wp\/v2\/posts"}],"about":[{"href":"https:\/\/maranhaotv.com.br\/index.php\/wp-json\/wp\/v2\/types\/post"}],"author":[{"embeddable":true,"href":"https:\/\/maranhaotv.com.br\/index.php\/wp-json\/wp\/v2\/users\/2"}],"replies":[{"embeddable":true,"href":"https:\/\/maranhaotv.com.br\/index.php\/wp-json\/wp\/v2\/comments?post=11756"}],"version-history":[{"count":0,"href":"https:\/\/maranhaotv.com.br\/index.php\/wp-json\/wp\/v2\/posts\/11756\/revisions"}],"wp:featuredmedia":[{"embeddable":true,"href":"https:\/\/maranhaotv.com.br\/index.php\/wp-json\/"}],"wp:attachment":[{"href":"https:\/\/maranhaotv.com.br\/index.php\/wp-json\/wp\/v2\/media?parent=11756"}],"wp:term":[{"taxonomy":"category","embeddable":true,"href":"https:\/\/maranhaotv.com.br\/index.php\/wp-json\/wp\/v2\/categories?post=11756"},{"taxonomy":"post_tag","embeddable":true,"href":"https:\/\/maranhaotv.com.br\/index.php\/wp-json\/wp\/v2\/tags?post=11756"}],"curies":[{"name":"wp","href":"https:\/\/api.w.org\/{rel}","templated":true}]}}