{"id":11774,"date":"2020-05-11T12:47:41","date_gmt":"2020-05-11T15:47:41","guid":{"rendered":"https:\/\/maiobaotv.com.br\/?p=11774"},"modified":"2020-05-11T12:47:41","modified_gmt":"2020-05-11T15:47:41","slug":"fantastico-denuncia-organizacao-criminosa-em-sao-jose-de-ribamar","status":"publish","type":"post","link":"https:\/\/maranhaotv.com.br\/index.php\/2020\/05\/11\/fantastico-denuncia-organizacao-criminosa-em-sao-jose-de-ribamar\/","title":{"rendered":"Fant\u00e1stico denuncia organiza\u00e7\u00e3o criminosa em S\u00e3o Jos\u00e9 de Ribamar"},"content":{"rendered":"<p>As den\u00fancias envolvem um magistrado do f\u00f3rum de S\u00e3o Jos\u00e9 de Ribamar e um advogado, al\u00e9m de um cart\u00f3rio no munic\u00edpio de S\u00e3o Jos\u00e9 de Ribamar, que fica na regi\u00e3o metropolitana de S\u00e3o Lu\u00eds.<\/p>\n<p>De acordo com as informa\u00e7\u00f5es que foram ao ar, foi montado um esquema criminoso que usa a justi\u00e7a para limpar contas banc\u00e1rias.<\/p>\n<p>O golpe cria herdeiros para pessoas que j\u00e1 morreram e assim entram com a\u00e7\u00f5es no Judici\u00e1rio para obter as heran\u00e7as milion\u00e1rias.<\/p>\n<p>O advogado maranhense que representa os falsos herdeiros \u00e9 Gustavo Simi\u00e3o. Ele tamb\u00e9m \u00e9 ex policial militar.<\/p>\n<p>Segundo a reportagem, o advogado usou uma assinatura de uma pessoa morta para receber R$ 3 milh\u00f5es de uma freira do Rio de Janeiro, que tamb\u00e9m j\u00e1 faleceu e deixou o valor para um Instituto de caridade. O processo que liberou a quantia foi julgado pelo juiz M\u00e1rcio Jos\u00e9, de S\u00e3o Jos\u00e9 de Ribamar.<\/p>\n<p>O Fant\u00e1stico levantou dados que comprovam a exist\u00eancia de outras a\u00e7\u00f5es no mesmo F\u00f3rum com suspeitas de fraude. Todos s\u00e3o assinados por Gustavo Simi\u00e3o e julgados pelo M\u00e1rcio Jos\u00e9.<\/p>\n<p>Procurado, o juiz negou a participa\u00e7\u00e3o no esquema e que foi absolvido pelo caso da freira do Rio de Janeiro.<\/p>\n<p>Mas a Corregedoria do Tribunal de Justi\u00e7a do Maranh\u00e3o afirmou que o magistrado est\u00e1 sendo investigado. Sobre o advogado, o presidente da Ordem dos Advogados do Brasil, seccional Maranh\u00e3o, Thiago Diaz, garantiu que Gustavo Simi\u00e3o ser\u00e1 investigado devido a gravidade dos fatos.<\/p>\n<p>Diaz disse ainda que ser\u00e1 realizada uma sess\u00e3o para avaliar o poss\u00edvel afastamento cautelar do advogado de suas fun\u00e7\u00f5es.<\/p>\n<div class=\"jetpack-video-wrapper\"><iframe loading=\"lazy\" title=\"Programa Fant\u00e1stico 10.05 - Rede Globo\" width=\"800\" height=\"450\" src=\"https:\/\/www.youtube.com\/embed\/dTbgDE_1yYc?feature=oembed\" frameborder=\"0\" allow=\"accelerometer; autoplay; clipboard-write; encrypted-media; gyroscope; picture-in-picture; web-share\" referrerpolicy=\"strict-origin-when-cross-origin\" allowfullscreen><\/iframe><\/div>\n<p><img loading=\"lazy\" decoding=\"async\" src=\"https:\/\/maiobaotv.com.br\/wp-content\/uploads\/2020\/05\/img-20200511-wa02814078665598598873246.jpg\" class=\"wp-image-11776 alignnone size-full\" width=\"700\" height=\"525\"><\/p>\n<p>Neto Ferreira<\/p>\n","protected":false},"excerpt":{"rendered":"<p>As den\u00fancias envolvem um magistrado do f\u00f3rum de S\u00e3o Jos\u00e9 de Ribamar e um advogado, al\u00e9m de um cart\u00f3rio no<\/p>\n","protected":false},"author":2,"featured_media":11777,"comment_status":"open","ping_status":"open","sticky":false,"template":"","format":"standard","meta":{"colormag_page_container_layout":"default_layout","colormag_page_sidebar_layout":"default_layout","_jetpack_memberships_contains_paid_content":false,"footnotes":""},"categories":[2],"tags":[],"class_list":["post-11774","post","type-post","status-publish","format-standard","has-post-thumbnail","hentry","category-noticias"],"magazineBlocksPostFeaturedMedia":{"thumbnail":false,"medium":false,"medium_large":false,"large":false,"1536x1536":false,"2048x2048":false,"colormag-highlighted-post":false,"colormag-featured-post-medium":false,"colormag-featured-post-small":false,"colormag-featured-image":false,"colormag-default-news":false,"colormag-featured-image-large":false},"magazineBlocksPostAuthor":{"name":"maranhaotv","avatar":"https:\/\/secure.gravatar.com\/avatar\/8fadbca458d4cb68b1dd399ae9a40618d747bb1af65ac9fad21c89220a143eb4?s=96&d=mm&r=g"},"magazineBlocksPostCommentsNumber":"0","magazineBlocksPostExcerpt":"As den\u00fancias envolvem um magistrado do f\u00f3rum de S\u00e3o Jos\u00e9 de Ribamar e um advogado, al\u00e9m de um cart\u00f3rio no","magazineBlocksPostCategories":["not\u00edcias"],"magazineBlocksPostViewCount":383,"magazineBlocksPostReadTime":2,"magazine_blocks_featured_image_url":{"full":false,"medium":false,"thumbnail":false},"magazine_blocks_author":{"display_name":"maranhaotv","author_link":"https:\/\/maranhaotv.com.br\/index.php\/author\/maranhaotv\/"},"magazine_blocks_comment":0,"magazine_blocks_author_image":"https:\/\/secure.gravatar.com\/avatar\/8fadbca458d4cb68b1dd399ae9a40618d747bb1af65ac9fad21c89220a143eb4?s=96&d=mm&r=g","magazine_blocks_category":"<a href=\"#\" class=\"category-link category-link-2\">not\u00edcias<\/a>","yoast_head":"<!-- This site is optimized with the Yoast SEO plugin v27.4 - https:\/\/yoast.com\/product\/yoast-seo-wordpress\/ -->\n<title>Fant\u00e1stico denuncia organiza\u00e7\u00e3o criminosa em S\u00e3o Jos\u00e9 de Ribamar - NOT\u00cdCIAS EM TEMPO REAL<\/title>\n<meta name=\"robots\" content=\"index, follow, max-snippet:-1, max-image-preview:large, max-video-preview:-1\" \/>\n<link rel=\"canonical\" href=\"https:\/\/maranhaotv.com.br\/index.php\/2020\/05\/11\/fantastico-denuncia-organizacao-criminosa-em-sao-jose-de-ribamar\/\" \/>\n<meta property=\"og:locale\" content=\"pt_BR\" \/>\n<meta property=\"og:type\" content=\"article\" \/>\n<meta property=\"og:title\" content=\"Fant\u00e1stico denuncia organiza\u00e7\u00e3o criminosa em S\u00e3o Jos\u00e9 de Ribamar - NOT\u00cdCIAS EM TEMPO REAL\" \/>\n<meta property=\"og:description\" content=\"As den\u00fancias envolvem um magistrado do f\u00f3rum de S\u00e3o Jos\u00e9 de Ribamar e um advogado, al\u00e9m de um cart\u00f3rio no\" \/>\n<meta property=\"og:url\" content=\"https:\/\/maranhaotv.com.br\/index.php\/2020\/05\/11\/fantastico-denuncia-organizacao-criminosa-em-sao-jose-de-ribamar\/\" \/>\n<meta property=\"og:site_name\" content=\"NOT\u00cdCIAS EM TEMPO REAL\" \/>\n<meta property=\"article:publisher\" content=\"https:\/\/www.facebook.com\/maiobaotv\" \/>\n<meta property=\"article:published_time\" content=\"2020-05-11T15:47:41+00:00\" \/>\n<meta name=\"author\" content=\"maranhaotv\" \/>\n<meta name=\"twitter:card\" content=\"summary_large_image\" \/>\n<meta name=\"twitter:creator\" content=\"@sitemaranhaotv\" \/>\n<meta name=\"twitter:site\" content=\"@sitemaranhaotv\" \/>\n<meta name=\"twitter:label1\" content=\"Escrito por\" \/>\n\t<meta name=\"twitter:data1\" content=\"maranhaotv\" \/>\n\t<meta name=\"twitter:label2\" content=\"Est. tempo de leitura\" \/>\n\t<meta name=\"twitter:data2\" content=\"2 minutos\" \/>\n<script type=\"application\/ld+json\" class=\"yoast-schema-graph\">{\"@context\":\"https:\\\/\\\/schema.org\",\"@graph\":[{\"@type\":\"Article\",\"@id\":\"https:\\\/\\\/maranhaotv.com.br\\\/index.php\\\/2020\\\/05\\\/11\\\/fantastico-denuncia-organizacao-criminosa-em-sao-jose-de-ribamar\\\/#article\",\"isPartOf\":{\"@id\":\"https:\\\/\\\/maranhaotv.com.br\\\/index.php\\\/2020\\\/05\\\/11\\\/fantastico-denuncia-organizacao-criminosa-em-sao-jose-de-ribamar\\\/\"},\"author\":{\"name\":\"maranhaotv\",\"@id\":\"https:\\\/\\\/maranhaotv.com.br\\\/#\\\/schema\\\/person\\\/3d54238e86b20bb5c89ab2fdb8f8829a\"},\"headline\":\"Fant\u00e1stico denuncia organiza\u00e7\u00e3o criminosa em S\u00e3o Jos\u00e9 de Ribamar\",\"datePublished\":\"2020-05-11T15:47:41+00:00\",\"mainEntityOfPage\":{\"@id\":\"https:\\\/\\\/maranhaotv.com.br\\\/index.php\\\/2020\\\/05\\\/11\\\/fantastico-denuncia-organizacao-criminosa-em-sao-jose-de-ribamar\\\/\"},\"wordCount\":312,\"commentCount\":0,\"publisher\":{\"@id\":\"https:\\\/\\\/maranhaotv.com.br\\\/#organization\"},\"image\":{\"@id\":\"https:\\\/\\\/maranhaotv.com.br\\\/index.php\\\/2020\\\/05\\\/11\\\/fantastico-denuncia-organizacao-criminosa-em-sao-jose-de-ribamar\\\/#primaryimage\"},\"thumbnailUrl\":\"\",\"articleSection\":[\"not\u00edcias\"],\"inLanguage\":\"pt-BR\",\"potentialAction\":[{\"@type\":\"CommentAction\",\"name\":\"Comment\",\"target\":[\"https:\\\/\\\/maranhaotv.com.br\\\/index.php\\\/2020\\\/05\\\/11\\\/fantastico-denuncia-organizacao-criminosa-em-sao-jose-de-ribamar\\\/#respond\"]}]},{\"@type\":\"WebPage\",\"@id\":\"https:\\\/\\\/maranhaotv.com.br\\\/index.php\\\/2020\\\/05\\\/11\\\/fantastico-denuncia-organizacao-criminosa-em-sao-jose-de-ribamar\\\/\",\"url\":\"https:\\\/\\\/maranhaotv.com.br\\\/index.php\\\/2020\\\/05\\\/11\\\/fantastico-denuncia-organizacao-criminosa-em-sao-jose-de-ribamar\\\/\",\"name\":\"Fant\u00e1stico denuncia organiza\u00e7\u00e3o criminosa em S\u00e3o Jos\u00e9 de Ribamar - NOT\u00cdCIAS EM TEMPO REAL\",\"isPartOf\":{\"@id\":\"https:\\\/\\\/maranhaotv.com.br\\\/#website\"},\"primaryImageOfPage\":{\"@id\":\"https:\\\/\\\/maranhaotv.com.br\\\/index.php\\\/2020\\\/05\\\/11\\\/fantastico-denuncia-organizacao-criminosa-em-sao-jose-de-ribamar\\\/#primaryimage\"},\"image\":{\"@id\":\"https:\\\/\\\/maranhaotv.com.br\\\/index.php\\\/2020\\\/05\\\/11\\\/fantastico-denuncia-organizacao-criminosa-em-sao-jose-de-ribamar\\\/#primaryimage\"},\"thumbnailUrl\":\"\",\"datePublished\":\"2020-05-11T15:47:41+00:00\",\"breadcrumb\":{\"@id\":\"https:\\\/\\\/maranhaotv.com.br\\\/index.php\\\/2020\\\/05\\\/11\\\/fantastico-denuncia-organizacao-criminosa-em-sao-jose-de-ribamar\\\/#breadcrumb\"},\"inLanguage\":\"pt-BR\",\"potentialAction\":[{\"@type\":\"ReadAction\",\"target\":[\"https:\\\/\\\/maranhaotv.com.br\\\/index.php\\\/2020\\\/05\\\/11\\\/fantastico-denuncia-organizacao-criminosa-em-sao-jose-de-ribamar\\\/\"]}]},{\"@type\":\"ImageObject\",\"inLanguage\":\"pt-BR\",\"@id\":\"https:\\\/\\\/maranhaotv.com.br\\\/index.php\\\/2020\\\/05\\\/11\\\/fantastico-denuncia-organizacao-criminosa-em-sao-jose-de-ribamar\\\/#primaryimage\",\"url\":\"\",\"contentUrl\":\"\"},{\"@type\":\"BreadcrumbList\",\"@id\":\"https:\\\/\\\/maranhaotv.com.br\\\/index.php\\\/2020\\\/05\\\/11\\\/fantastico-denuncia-organizacao-criminosa-em-sao-jose-de-ribamar\\\/#breadcrumb\",\"itemListElement\":[{\"@type\":\"ListItem\",\"position\":1,\"name\":\"In\u00edcio\",\"item\":\"https:\\\/\\\/maranhaotv.com.br\\\/\"},{\"@type\":\"ListItem\",\"position\":2,\"name\":\"Fant\u00e1stico denuncia organiza\u00e7\u00e3o criminosa em S\u00e3o Jos\u00e9 de Ribamar\"}]},{\"@type\":\"WebSite\",\"@id\":\"https:\\\/\\\/maranhaotv.com.br\\\/#website\",\"url\":\"https:\\\/\\\/maranhaotv.com.br\\\/\",\"name\":\"Maranh\u00e3oTV\",\"description\":\"\",\"publisher\":{\"@id\":\"https:\\\/\\\/maranhaotv.com.br\\\/#organization\"},\"potentialAction\":[{\"@type\":\"SearchAction\",\"target\":{\"@type\":\"EntryPoint\",\"urlTemplate\":\"https:\\\/\\\/maranhaotv.com.br\\\/?s={search_term_string}\"},\"query-input\":{\"@type\":\"PropertyValueSpecification\",\"valueRequired\":true,\"valueName\":\"search_term_string\"}}],\"inLanguage\":\"pt-BR\"},{\"@type\":\"Organization\",\"@id\":\"https:\\\/\\\/maranhaotv.com.br\\\/#organization\",\"name\":\"Portal de Not\u00edcias\",\"url\":\"https:\\\/\\\/maranhaotv.com.br\\\/\",\"logo\":{\"@type\":\"ImageObject\",\"inLanguage\":\"pt-BR\",\"@id\":\"https:\\\/\\\/maranhaotv.com.br\\\/#\\\/schema\\\/logo\\\/image\\\/\",\"url\":\"https:\\\/\\\/maranhaotv.com.br\\\/wp-content\\\/uploads\\\/2024\\\/05\\\/cropped-cropped-avatar-1.png\",\"contentUrl\":\"https:\\\/\\\/maranhaotv.com.br\\\/wp-content\\\/uploads\\\/2024\\\/05\\\/cropped-cropped-avatar-1.png\",\"width\":792,\"height\":428,\"caption\":\"Portal de Not\u00edcias\"},\"image\":{\"@id\":\"https:\\\/\\\/maranhaotv.com.br\\\/#\\\/schema\\\/logo\\\/image\\\/\"},\"sameAs\":[\"https:\\\/\\\/www.facebook.com\\\/maiobaotv\",\"https:\\\/\\\/x.com\\\/sitemaranhaotv\",\"https:\\\/\\\/www.instagram.com\\\/maranhao.tv\",\"https:\\\/\\\/www.threads.net\\\/@maranhao.tv\"]},{\"@type\":\"Person\",\"@id\":\"https:\\\/\\\/maranhaotv.com.br\\\/#\\\/schema\\\/person\\\/3d54238e86b20bb5c89ab2fdb8f8829a\",\"name\":\"maranhaotv\",\"image\":{\"@type\":\"ImageObject\",\"inLanguage\":\"pt-BR\",\"@id\":\"https:\\\/\\\/secure.gravatar.com\\\/avatar\\\/8fadbca458d4cb68b1dd399ae9a40618d747bb1af65ac9fad21c89220a143eb4?s=96&d=mm&r=g\",\"url\":\"https:\\\/\\\/secure.gravatar.com\\\/avatar\\\/8fadbca458d4cb68b1dd399ae9a40618d747bb1af65ac9fad21c89220a143eb4?s=96&d=mm&r=g\",\"contentUrl\":\"https:\\\/\\\/secure.gravatar.com\\\/avatar\\\/8fadbca458d4cb68b1dd399ae9a40618d747bb1af65ac9fad21c89220a143eb4?s=96&d=mm&r=g\",\"caption\":\"maranhaotv\"},\"sameAs\":[\"https:\\\/\\\/maranhaotv.com.br\\\/\"],\"url\":\"https:\\\/\\\/maranhaotv.com.br\\\/index.php\\\/author\\\/maranhaotv\\\/\"}]}<\/script>\n<!-- \/ Yoast SEO plugin. -->","yoast_head_json":{"title":"Fant\u00e1stico denuncia organiza\u00e7\u00e3o criminosa em S\u00e3o Jos\u00e9 de Ribamar - NOT\u00cdCIAS EM TEMPO REAL","robots":{"index":"index","follow":"follow","max-snippet":"max-snippet:-1","max-image-preview":"max-image-preview:large","max-video-preview":"max-video-preview:-1"},"canonical":"https:\/\/maranhaotv.com.br\/index.php\/2020\/05\/11\/fantastico-denuncia-organizacao-criminosa-em-sao-jose-de-ribamar\/","og_locale":"pt_BR","og_type":"article","og_title":"Fant\u00e1stico denuncia organiza\u00e7\u00e3o criminosa em S\u00e3o Jos\u00e9 de Ribamar - NOT\u00cdCIAS EM TEMPO REAL","og_description":"As den\u00fancias envolvem um magistrado do f\u00f3rum de S\u00e3o Jos\u00e9 de Ribamar e um advogado, al\u00e9m de um cart\u00f3rio no","og_url":"https:\/\/maranhaotv.com.br\/index.php\/2020\/05\/11\/fantastico-denuncia-organizacao-criminosa-em-sao-jose-de-ribamar\/","og_site_name":"NOT\u00cdCIAS EM TEMPO REAL","article_publisher":"https:\/\/www.facebook.com\/maiobaotv","article_published_time":"2020-05-11T15:47:41+00:00","author":"maranhaotv","twitter_card":"summary_large_image","twitter_creator":"@sitemaranhaotv","twitter_site":"@sitemaranhaotv","twitter_misc":{"Escrito por":"maranhaotv","Est. tempo de leitura":"2 minutos"},"schema":{"@context":"https:\/\/schema.org","@graph":[{"@type":"Article","@id":"https:\/\/maranhaotv.com.br\/index.php\/2020\/05\/11\/fantastico-denuncia-organizacao-criminosa-em-sao-jose-de-ribamar\/#article","isPartOf":{"@id":"https:\/\/maranhaotv.com.br\/index.php\/2020\/05\/11\/fantastico-denuncia-organizacao-criminosa-em-sao-jose-de-ribamar\/"},"author":{"name":"maranhaotv","@id":"https:\/\/maranhaotv.com.br\/#\/schema\/person\/3d54238e86b20bb5c89ab2fdb8f8829a"},"headline":"Fant\u00e1stico denuncia organiza\u00e7\u00e3o criminosa em S\u00e3o Jos\u00e9 de Ribamar","datePublished":"2020-05-11T15:47:41+00:00","mainEntityOfPage":{"@id":"https:\/\/maranhaotv.com.br\/index.php\/2020\/05\/11\/fantastico-denuncia-organizacao-criminosa-em-sao-jose-de-ribamar\/"},"wordCount":312,"commentCount":0,"publisher":{"@id":"https:\/\/maranhaotv.com.br\/#organization"},"image":{"@id":"https:\/\/maranhaotv.com.br\/index.php\/2020\/05\/11\/fantastico-denuncia-organizacao-criminosa-em-sao-jose-de-ribamar\/#primaryimage"},"thumbnailUrl":"","articleSection":["not\u00edcias"],"inLanguage":"pt-BR","potentialAction":[{"@type":"CommentAction","name":"Comment","target":["https:\/\/maranhaotv.com.br\/index.php\/2020\/05\/11\/fantastico-denuncia-organizacao-criminosa-em-sao-jose-de-ribamar\/#respond"]}]},{"@type":"WebPage","@id":"https:\/\/maranhaotv.com.br\/index.php\/2020\/05\/11\/fantastico-denuncia-organizacao-criminosa-em-sao-jose-de-ribamar\/","url":"https:\/\/maranhaotv.com.br\/index.php\/2020\/05\/11\/fantastico-denuncia-organizacao-criminosa-em-sao-jose-de-ribamar\/","name":"Fant\u00e1stico denuncia organiza\u00e7\u00e3o criminosa em S\u00e3o Jos\u00e9 de Ribamar - NOT\u00cdCIAS EM TEMPO REAL","isPartOf":{"@id":"https:\/\/maranhaotv.com.br\/#website"},"primaryImageOfPage":{"@id":"https:\/\/maranhaotv.com.br\/index.php\/2020\/05\/11\/fantastico-denuncia-organizacao-criminosa-em-sao-jose-de-ribamar\/#primaryimage"},"image":{"@id":"https:\/\/maranhaotv.com.br\/index.php\/2020\/05\/11\/fantastico-denuncia-organizacao-criminosa-em-sao-jose-de-ribamar\/#primaryimage"},"thumbnailUrl":"","datePublished":"2020-05-11T15:47:41+00:00","breadcrumb":{"@id":"https:\/\/maranhaotv.com.br\/index.php\/2020\/05\/11\/fantastico-denuncia-organizacao-criminosa-em-sao-jose-de-ribamar\/#breadcrumb"},"inLanguage":"pt-BR","potentialAction":[{"@type":"ReadAction","target":["https:\/\/maranhaotv.com.br\/index.php\/2020\/05\/11\/fantastico-denuncia-organizacao-criminosa-em-sao-jose-de-ribamar\/"]}]},{"@type":"ImageObject","inLanguage":"pt-BR","@id":"https:\/\/maranhaotv.com.br\/index.php\/2020\/05\/11\/fantastico-denuncia-organizacao-criminosa-em-sao-jose-de-ribamar\/#primaryimage","url":"","contentUrl":""},{"@type":"BreadcrumbList","@id":"https:\/\/maranhaotv.com.br\/index.php\/2020\/05\/11\/fantastico-denuncia-organizacao-criminosa-em-sao-jose-de-ribamar\/#breadcrumb","itemListElement":[{"@type":"ListItem","position":1,"name":"In\u00edcio","item":"https:\/\/maranhaotv.com.br\/"},{"@type":"ListItem","position":2,"name":"Fant\u00e1stico denuncia organiza\u00e7\u00e3o criminosa em S\u00e3o Jos\u00e9 de Ribamar"}]},{"@type":"WebSite","@id":"https:\/\/maranhaotv.com.br\/#website","url":"https:\/\/maranhaotv.com.br\/","name":"Maranh\u00e3oTV","description":"","publisher":{"@id":"https:\/\/maranhaotv.com.br\/#organization"},"potentialAction":[{"@type":"SearchAction","target":{"@type":"EntryPoint","urlTemplate":"https:\/\/maranhaotv.com.br\/?s={search_term_string}"},"query-input":{"@type":"PropertyValueSpecification","valueRequired":true,"valueName":"search_term_string"}}],"inLanguage":"pt-BR"},{"@type":"Organization","@id":"https:\/\/maranhaotv.com.br\/#organization","name":"Portal de Not\u00edcias","url":"https:\/\/maranhaotv.com.br\/","logo":{"@type":"ImageObject","inLanguage":"pt-BR","@id":"https:\/\/maranhaotv.com.br\/#\/schema\/logo\/image\/","url":"https:\/\/maranhaotv.com.br\/wp-content\/uploads\/2024\/05\/cropped-cropped-avatar-1.png","contentUrl":"https:\/\/maranhaotv.com.br\/wp-content\/uploads\/2024\/05\/cropped-cropped-avatar-1.png","width":792,"height":428,"caption":"Portal de Not\u00edcias"},"image":{"@id":"https:\/\/maranhaotv.com.br\/#\/schema\/logo\/image\/"},"sameAs":["https:\/\/www.facebook.com\/maiobaotv","https:\/\/x.com\/sitemaranhaotv","https:\/\/www.instagram.com\/maranhao.tv","https:\/\/www.threads.net\/@maranhao.tv"]},{"@type":"Person","@id":"https:\/\/maranhaotv.com.br\/#\/schema\/person\/3d54238e86b20bb5c89ab2fdb8f8829a","name":"maranhaotv","image":{"@type":"ImageObject","inLanguage":"pt-BR","@id":"https:\/\/secure.gravatar.com\/avatar\/8fadbca458d4cb68b1dd399ae9a40618d747bb1af65ac9fad21c89220a143eb4?s=96&d=mm&r=g","url":"https:\/\/secure.gravatar.com\/avatar\/8fadbca458d4cb68b1dd399ae9a40618d747bb1af65ac9fad21c89220a143eb4?s=96&d=mm&r=g","contentUrl":"https:\/\/secure.gravatar.com\/avatar\/8fadbca458d4cb68b1dd399ae9a40618d747bb1af65ac9fad21c89220a143eb4?s=96&d=mm&r=g","caption":"maranhaotv"},"sameAs":["https:\/\/maranhaotv.com.br\/"],"url":"https:\/\/maranhaotv.com.br\/index.php\/author\/maranhaotv\/"}]}},"jetpack_featured_media_url":"","jetpack_sharing_enabled":true,"_links":{"self":[{"href":"https:\/\/maranhaotv.com.br\/index.php\/wp-json\/wp\/v2\/posts\/11774","targetHints":{"allow":["GET"]}}],"collection":[{"href":"https:\/\/maranhaotv.com.br\/index.php\/wp-json\/wp\/v2\/posts"}],"about":[{"href":"https:\/\/maranhaotv.com.br\/index.php\/wp-json\/wp\/v2\/types\/post"}],"author":[{"embeddable":true,"href":"https:\/\/maranhaotv.com.br\/index.php\/wp-json\/wp\/v2\/users\/2"}],"replies":[{"embeddable":true,"href":"https:\/\/maranhaotv.com.br\/index.php\/wp-json\/wp\/v2\/comments?post=11774"}],"version-history":[{"count":0,"href":"https:\/\/maranhaotv.com.br\/index.php\/wp-json\/wp\/v2\/posts\/11774\/revisions"}],"wp:featuredmedia":[{"embeddable":true,"href":"https:\/\/maranhaotv.com.br\/index.php\/wp-json\/"}],"wp:attachment":[{"href":"https:\/\/maranhaotv.com.br\/index.php\/wp-json\/wp\/v2\/media?parent=11774"}],"wp:term":[{"taxonomy":"category","embeddable":true,"href":"https:\/\/maranhaotv.com.br\/index.php\/wp-json\/wp\/v2\/categories?post=11774"},{"taxonomy":"post_tag","embeddable":true,"href":"https:\/\/maranhaotv.com.br\/index.php\/wp-json\/wp\/v2\/tags?post=11774"}],"curies":[{"name":"wp","href":"https:\/\/api.w.org\/{rel}","templated":true}]}}