{"id":11784,"date":"2020-05-12T10:40:22","date_gmt":"2020-05-12T13:40:22","guid":{"rendered":"https:\/\/maiobaotv.com.br\/?p=11784"},"modified":"2020-05-12T10:40:22","modified_gmt":"2020-05-12T13:40:22","slug":"presidente-da-camara-e-empresario-sao-denunciados-por-fraude-em-licitacao","status":"publish","type":"post","link":"https:\/\/maranhaotv.com.br\/index.php\/2020\/05\/12\/presidente-da-camara-e-empresario-sao-denunciados-por-fraude-em-licitacao\/","title":{"rendered":"Presidente da C\u00e2mara e empres\u00e1rio s\u00e3o denunciados por fraude em licita\u00e7\u00e3o"},"content":{"rendered":"<p>O Minist\u00e9rio P\u00fablico do Maranh\u00e3o ofereceu Den\u00fancia, em 30 de abril, contra o atual presidente da C\u00e2mara de Vereadores de Olinda Nova do Maranh\u00e3o, Roberval Costa Amaral, e o empres\u00e1rio Marcos Silva Neres dos Santos (empresa MSN dos Santos EPP), por irregularidades em procedimento licitat\u00f3rio realizado pelo Legislativo municipal.<\/p>\n<p>Assinou a manifesta\u00e7\u00e3o o promotor de justi\u00e7a M\u00e1rcio Antonio Alves de Oliveira, da Comarca de Olinda Nova do Maranh\u00e3o.<\/p>\n<p>Consta na Den\u00fancia que os envolvidos fraudaram a licita\u00e7\u00e3o, na modalidade preg\u00e3o presencial, que foi realizada no dia 6 de junho de 2017, e que tinha como objetivo a contrata\u00e7\u00e3o de empresa de fornecimento de materiais de limpeza e expediente para a C\u00e2mara Municipal de Olinda Nova do Maranh\u00e3o.<\/p>\n<p>O certame foi conclu\u00eddo com a contrata\u00e7\u00e3o da empresa MSN dos Santos EPP, de propriedade de Marcos Silva Neres dos Santos, mas o MPMA constatou que o procedimento foi repleto de irregularidades, com ajustes e combina\u00e7\u00f5es, que anularam o car\u00e1ter competitivo da licita\u00e7\u00e3o, com o intuito de obter vantagens decorrente do servi\u00e7o licitado.<\/p>\n<p>De acordo com o promotor de justi\u00e7a, o vereador e o empres\u00e1rio praticaram atos que atentaram contra os princ\u00edpios da administra\u00e7\u00e3o p\u00fablica.<\/p>\n<p>Durante a investiga\u00e7\u00e3o, a assessoria t\u00e9cnica da Procuradoria Geral de Justi\u00e7a apurou 14 ilegalidades, entre as quais aus\u00eancia do ato de designa\u00e7\u00e3o do pregoeiro e da equipe de apoio; aus\u00eancia de comprova\u00e7\u00e3o da exist\u00eancia de recursos or\u00e7ament\u00e1rios; inexist\u00eancia da justificativa para a contrata\u00e7\u00e3o emitida pela autoridade competente; irregularidades quanto \u00e0 pesquisa de pre\u00e7o no mercado para fundamenta\u00e7\u00e3o do or\u00e7amento base da licita\u00e7\u00e3o; e falta de assinatura do termo de refer\u00eancia.<\/p>\n<p>Outras irregularidades foram aus\u00eancia do comprovante de aprova\u00e7\u00e3o do termo de refer\u00eancia; publicidade do certame insuficiente; aus\u00eancia do comprovante de inscri\u00e7\u00e3o no CNPJ; certid\u00e3o negativa de d\u00e9bitos trabalhistas emitida em data posterior \u00e0 sess\u00e3o da licita\u00e7\u00e3o e \u00e0 assinatura do contrato; balan\u00e7o patrimonial incompleto; atestados de capacidade t\u00e9cnica que n\u00e3o demonstram claramente se a licitante detinha as qualifica\u00e7\u00f5es para a execu\u00e7\u00e3o do objeto da licita\u00e7\u00e3o etc.<\/p>\n<p>Ap\u00f3s a assinatura do contrato, no processo de pagamento, foi verificado que o presidente da C\u00e2mara autorizou o pagamento de despesas no valor total de R$ 54.859,02 \u00e0 empresa MSN dos Santos EPP, quantia superior \u00e0 determinada no contrato assinado, com valor global de R$ 48.371,47, indicando que foram indevidamente utilizados recursos extraor\u00e7ament\u00e1rios na soma de R$ 6.487,55 para o pagamento de despesas, sem qualquer justificativa (cr\u00e9dito or\u00e7ament\u00e1rio indevido).<\/p>\n<p>\u201cAs irregularidades encontradas na documenta\u00e7\u00e3o apresentada na fase de habilita\u00e7\u00e3o da empresa vencedora da licita\u00e7\u00e3o evidenciam ind\u00edcios claros de montagem do procedimento licitat\u00f3rio, crime previsto no art. 90 da Lei n. 8.666\/93\u201d, ressaltou, na A\u00e7\u00e3o Penal, o promotor de justi\u00e7a.<\/p>\n<p>PEDIDOS<\/p>\n<p>O MPMA requereu a condena\u00e7\u00e3o de Roberval Costa Amaral de acordo com as san\u00e7\u00f5es previstas nos artigos 90 e 93, da Lei n. 8.666\/93 (Lei das Licita\u00e7\u00f5es),  citando os acusados para responderem a todos os termos desta a\u00e7\u00e3o penal.<\/p>\n<p>O art. 90 prev\u00ea pena de dois a quatro anos e multa \u00e0quele que frustrar ou fraudar, mediante ajuste, combina\u00e7\u00e3o ou qualquer outro expediente, o car\u00e1ter competitivo do procedimento licitat\u00f3rio, com o intuito de obter, para si ou para outrem, vantagem decorrente da adjudica\u00e7\u00e3o do objeto da licita\u00e7\u00e3o.<\/p>\n<p>J\u00e1 o art. 93 estabelece penalidade de seis meses a dois anos de pris\u00e3o, e multa, a quem impedir, perturbar ou fraudar a realiza\u00e7\u00e3o de qualquer ato de procedimento.<\/p>\n<p>Fonte: MPMA<\/p>\n","protected":false},"excerpt":{"rendered":"<p>O Minist\u00e9rio P\u00fablico do Maranh\u00e3o ofereceu Den\u00fancia, em 30 de abril, contra o atual presidente da C\u00e2mara de Vereadores de<\/p>\n","protected":false},"author":2,"featured_media":11783,"comment_status":"open","ping_status":"open","sticky":false,"template":"","format":"standard","meta":{"colormag_page_container_layout":"default_layout","colormag_page_sidebar_layout":"default_layout","_jetpack_memberships_contains_paid_content":false,"footnotes":""},"categories":[2],"tags":[],"class_list":["post-11784","post","type-post","status-publish","format-standard","has-post-thumbnail","hentry","category-noticias"],"magazineBlocksPostFeaturedMedia":{"thumbnail":false,"medium":false,"medium_large":false,"large":false,"1536x1536":false,"2048x2048":false,"colormag-highlighted-post":false,"colormag-featured-post-medium":false,"colormag-featured-post-small":false,"colormag-featured-image":false,"colormag-default-news":false,"colormag-featured-image-large":false},"magazineBlocksPostAuthor":{"name":"maranhaotv","avatar":"https:\/\/secure.gravatar.com\/avatar\/8fadbca458d4cb68b1dd399ae9a40618d747bb1af65ac9fad21c89220a143eb4?s=96&d=mm&r=g"},"magazineBlocksPostCommentsNumber":"0","magazineBlocksPostExcerpt":"O Minist\u00e9rio P\u00fablico do Maranh\u00e3o ofereceu Den\u00fancia, em 30 de abril, contra o atual presidente da C\u00e2mara de Vereadores de","magazineBlocksPostCategories":["not\u00edcias"],"magazineBlocksPostViewCount":224,"magazineBlocksPostReadTime":4,"magazine_blocks_featured_image_url":{"full":false,"medium":false,"thumbnail":false},"magazine_blocks_author":{"display_name":"maranhaotv","author_link":"https:\/\/maranhaotv.com.br\/index.php\/author\/maranhaotv\/"},"magazine_blocks_comment":0,"magazine_blocks_author_image":"https:\/\/secure.gravatar.com\/avatar\/8fadbca458d4cb68b1dd399ae9a40618d747bb1af65ac9fad21c89220a143eb4?s=96&d=mm&r=g","magazine_blocks_category":"<a href=\"#\" class=\"category-link category-link-2\">not\u00edcias<\/a>","yoast_head":"<!-- This site is optimized with the Yoast SEO plugin v27.4 - https:\/\/yoast.com\/product\/yoast-seo-wordpress\/ -->\n<title>Presidente da C\u00e2mara e empres\u00e1rio s\u00e3o denunciados por fraude em licita\u00e7\u00e3o - NOT\u00cdCIAS EM TEMPO REAL<\/title>\n<meta name=\"robots\" content=\"index, follow, max-snippet:-1, max-image-preview:large, max-video-preview:-1\" \/>\n<link rel=\"canonical\" href=\"https:\/\/maranhaotv.com.br\/index.php\/2020\/05\/12\/presidente-da-camara-e-empresario-sao-denunciados-por-fraude-em-licitacao\/\" \/>\n<meta property=\"og:locale\" content=\"pt_BR\" \/>\n<meta property=\"og:type\" content=\"article\" \/>\n<meta property=\"og:title\" content=\"Presidente da C\u00e2mara e empres\u00e1rio s\u00e3o denunciados por fraude em licita\u00e7\u00e3o - NOT\u00cdCIAS EM TEMPO REAL\" \/>\n<meta property=\"og:description\" content=\"O Minist\u00e9rio P\u00fablico do Maranh\u00e3o ofereceu Den\u00fancia, em 30 de abril, contra o atual presidente da C\u00e2mara de Vereadores de\" \/>\n<meta property=\"og:url\" content=\"https:\/\/maranhaotv.com.br\/index.php\/2020\/05\/12\/presidente-da-camara-e-empresario-sao-denunciados-por-fraude-em-licitacao\/\" \/>\n<meta property=\"og:site_name\" content=\"NOT\u00cdCIAS EM TEMPO REAL\" \/>\n<meta property=\"article:publisher\" content=\"https:\/\/www.facebook.com\/maiobaotv\" \/>\n<meta property=\"article:published_time\" content=\"2020-05-12T13:40:22+00:00\" \/>\n<meta name=\"author\" content=\"maranhaotv\" \/>\n<meta name=\"twitter:card\" content=\"summary_large_image\" \/>\n<meta name=\"twitter:creator\" content=\"@sitemaranhaotv\" \/>\n<meta name=\"twitter:site\" content=\"@sitemaranhaotv\" \/>\n<meta name=\"twitter:label1\" content=\"Escrito por\" \/>\n\t<meta name=\"twitter:data1\" content=\"maranhaotv\" \/>\n\t<meta name=\"twitter:label2\" content=\"Est. tempo de leitura\" \/>\n\t<meta name=\"twitter:data2\" content=\"3 minutos\" \/>\n<script type=\"application\/ld+json\" class=\"yoast-schema-graph\">{\"@context\":\"https:\\\/\\\/schema.org\",\"@graph\":[{\"@type\":\"Article\",\"@id\":\"https:\\\/\\\/maranhaotv.com.br\\\/index.php\\\/2020\\\/05\\\/12\\\/presidente-da-camara-e-empresario-sao-denunciados-por-fraude-em-licitacao\\\/#article\",\"isPartOf\":{\"@id\":\"https:\\\/\\\/maranhaotv.com.br\\\/index.php\\\/2020\\\/05\\\/12\\\/presidente-da-camara-e-empresario-sao-denunciados-por-fraude-em-licitacao\\\/\"},\"author\":{\"name\":\"maranhaotv\",\"@id\":\"https:\\\/\\\/maranhaotv.com.br\\\/#\\\/schema\\\/person\\\/3d54238e86b20bb5c89ab2fdb8f8829a\"},\"headline\":\"Presidente da C\u00e2mara e empres\u00e1rio s\u00e3o denunciados por fraude em licita\u00e7\u00e3o\",\"datePublished\":\"2020-05-12T13:40:22+00:00\",\"mainEntityOfPage\":{\"@id\":\"https:\\\/\\\/maranhaotv.com.br\\\/index.php\\\/2020\\\/05\\\/12\\\/presidente-da-camara-e-empresario-sao-denunciados-por-fraude-em-licitacao\\\/\"},\"wordCount\":638,\"commentCount\":0,\"publisher\":{\"@id\":\"https:\\\/\\\/maranhaotv.com.br\\\/#organization\"},\"image\":{\"@id\":\"https:\\\/\\\/maranhaotv.com.br\\\/index.php\\\/2020\\\/05\\\/12\\\/presidente-da-camara-e-empresario-sao-denunciados-por-fraude-em-licitacao\\\/#primaryimage\"},\"thumbnailUrl\":\"\",\"articleSection\":[\"not\u00edcias\"],\"inLanguage\":\"pt-BR\",\"potentialAction\":[{\"@type\":\"CommentAction\",\"name\":\"Comment\",\"target\":[\"https:\\\/\\\/maranhaotv.com.br\\\/index.php\\\/2020\\\/05\\\/12\\\/presidente-da-camara-e-empresario-sao-denunciados-por-fraude-em-licitacao\\\/#respond\"]}]},{\"@type\":\"WebPage\",\"@id\":\"https:\\\/\\\/maranhaotv.com.br\\\/index.php\\\/2020\\\/05\\\/12\\\/presidente-da-camara-e-empresario-sao-denunciados-por-fraude-em-licitacao\\\/\",\"url\":\"https:\\\/\\\/maranhaotv.com.br\\\/index.php\\\/2020\\\/05\\\/12\\\/presidente-da-camara-e-empresario-sao-denunciados-por-fraude-em-licitacao\\\/\",\"name\":\"Presidente da C\u00e2mara e empres\u00e1rio s\u00e3o denunciados por fraude em licita\u00e7\u00e3o - NOT\u00cdCIAS EM TEMPO REAL\",\"isPartOf\":{\"@id\":\"https:\\\/\\\/maranhaotv.com.br\\\/#website\"},\"primaryImageOfPage\":{\"@id\":\"https:\\\/\\\/maranhaotv.com.br\\\/index.php\\\/2020\\\/05\\\/12\\\/presidente-da-camara-e-empresario-sao-denunciados-por-fraude-em-licitacao\\\/#primaryimage\"},\"image\":{\"@id\":\"https:\\\/\\\/maranhaotv.com.br\\\/index.php\\\/2020\\\/05\\\/12\\\/presidente-da-camara-e-empresario-sao-denunciados-por-fraude-em-licitacao\\\/#primaryimage\"},\"thumbnailUrl\":\"\",\"datePublished\":\"2020-05-12T13:40:22+00:00\",\"breadcrumb\":{\"@id\":\"https:\\\/\\\/maranhaotv.com.br\\\/index.php\\\/2020\\\/05\\\/12\\\/presidente-da-camara-e-empresario-sao-denunciados-por-fraude-em-licitacao\\\/#breadcrumb\"},\"inLanguage\":\"pt-BR\",\"potentialAction\":[{\"@type\":\"ReadAction\",\"target\":[\"https:\\\/\\\/maranhaotv.com.br\\\/index.php\\\/2020\\\/05\\\/12\\\/presidente-da-camara-e-empresario-sao-denunciados-por-fraude-em-licitacao\\\/\"]}]},{\"@type\":\"ImageObject\",\"inLanguage\":\"pt-BR\",\"@id\":\"https:\\\/\\\/maranhaotv.com.br\\\/index.php\\\/2020\\\/05\\\/12\\\/presidente-da-camara-e-empresario-sao-denunciados-por-fraude-em-licitacao\\\/#primaryimage\",\"url\":\"\",\"contentUrl\":\"\"},{\"@type\":\"BreadcrumbList\",\"@id\":\"https:\\\/\\\/maranhaotv.com.br\\\/index.php\\\/2020\\\/05\\\/12\\\/presidente-da-camara-e-empresario-sao-denunciados-por-fraude-em-licitacao\\\/#breadcrumb\",\"itemListElement\":[{\"@type\":\"ListItem\",\"position\":1,\"name\":\"In\u00edcio\",\"item\":\"https:\\\/\\\/maranhaotv.com.br\\\/\"},{\"@type\":\"ListItem\",\"position\":2,\"name\":\"Presidente da C\u00e2mara e empres\u00e1rio s\u00e3o denunciados por fraude em licita\u00e7\u00e3o\"}]},{\"@type\":\"WebSite\",\"@id\":\"https:\\\/\\\/maranhaotv.com.br\\\/#website\",\"url\":\"https:\\\/\\\/maranhaotv.com.br\\\/\",\"name\":\"Maranh\u00e3oTV\",\"description\":\"\",\"publisher\":{\"@id\":\"https:\\\/\\\/maranhaotv.com.br\\\/#organization\"},\"potentialAction\":[{\"@type\":\"SearchAction\",\"target\":{\"@type\":\"EntryPoint\",\"urlTemplate\":\"https:\\\/\\\/maranhaotv.com.br\\\/?s={search_term_string}\"},\"query-input\":{\"@type\":\"PropertyValueSpecification\",\"valueRequired\":true,\"valueName\":\"search_term_string\"}}],\"inLanguage\":\"pt-BR\"},{\"@type\":\"Organization\",\"@id\":\"https:\\\/\\\/maranhaotv.com.br\\\/#organization\",\"name\":\"Portal de Not\u00edcias\",\"url\":\"https:\\\/\\\/maranhaotv.com.br\\\/\",\"logo\":{\"@type\":\"ImageObject\",\"inLanguage\":\"pt-BR\",\"@id\":\"https:\\\/\\\/maranhaotv.com.br\\\/#\\\/schema\\\/logo\\\/image\\\/\",\"url\":\"https:\\\/\\\/maranhaotv.com.br\\\/wp-content\\\/uploads\\\/2024\\\/05\\\/cropped-cropped-avatar-1.png\",\"contentUrl\":\"https:\\\/\\\/maranhaotv.com.br\\\/wp-content\\\/uploads\\\/2024\\\/05\\\/cropped-cropped-avatar-1.png\",\"width\":792,\"height\":428,\"caption\":\"Portal de Not\u00edcias\"},\"image\":{\"@id\":\"https:\\\/\\\/maranhaotv.com.br\\\/#\\\/schema\\\/logo\\\/image\\\/\"},\"sameAs\":[\"https:\\\/\\\/www.facebook.com\\\/maiobaotv\",\"https:\\\/\\\/x.com\\\/sitemaranhaotv\",\"https:\\\/\\\/www.instagram.com\\\/maranhao.tv\",\"https:\\\/\\\/www.threads.net\\\/@maranhao.tv\"]},{\"@type\":\"Person\",\"@id\":\"https:\\\/\\\/maranhaotv.com.br\\\/#\\\/schema\\\/person\\\/3d54238e86b20bb5c89ab2fdb8f8829a\",\"name\":\"maranhaotv\",\"image\":{\"@type\":\"ImageObject\",\"inLanguage\":\"pt-BR\",\"@id\":\"https:\\\/\\\/secure.gravatar.com\\\/avatar\\\/8fadbca458d4cb68b1dd399ae9a40618d747bb1af65ac9fad21c89220a143eb4?s=96&d=mm&r=g\",\"url\":\"https:\\\/\\\/secure.gravatar.com\\\/avatar\\\/8fadbca458d4cb68b1dd399ae9a40618d747bb1af65ac9fad21c89220a143eb4?s=96&d=mm&r=g\",\"contentUrl\":\"https:\\\/\\\/secure.gravatar.com\\\/avatar\\\/8fadbca458d4cb68b1dd399ae9a40618d747bb1af65ac9fad21c89220a143eb4?s=96&d=mm&r=g\",\"caption\":\"maranhaotv\"},\"sameAs\":[\"https:\\\/\\\/maranhaotv.com.br\\\/\"],\"url\":\"https:\\\/\\\/maranhaotv.com.br\\\/index.php\\\/author\\\/maranhaotv\\\/\"}]}<\/script>\n<!-- \/ Yoast SEO plugin. -->","yoast_head_json":{"title":"Presidente da C\u00e2mara e empres\u00e1rio s\u00e3o denunciados por fraude em licita\u00e7\u00e3o - NOT\u00cdCIAS EM TEMPO REAL","robots":{"index":"index","follow":"follow","max-snippet":"max-snippet:-1","max-image-preview":"max-image-preview:large","max-video-preview":"max-video-preview:-1"},"canonical":"https:\/\/maranhaotv.com.br\/index.php\/2020\/05\/12\/presidente-da-camara-e-empresario-sao-denunciados-por-fraude-em-licitacao\/","og_locale":"pt_BR","og_type":"article","og_title":"Presidente da C\u00e2mara e empres\u00e1rio s\u00e3o denunciados por fraude em licita\u00e7\u00e3o - NOT\u00cdCIAS EM TEMPO REAL","og_description":"O Minist\u00e9rio P\u00fablico do Maranh\u00e3o ofereceu Den\u00fancia, em 30 de abril, contra o atual presidente da C\u00e2mara de Vereadores de","og_url":"https:\/\/maranhaotv.com.br\/index.php\/2020\/05\/12\/presidente-da-camara-e-empresario-sao-denunciados-por-fraude-em-licitacao\/","og_site_name":"NOT\u00cdCIAS EM TEMPO REAL","article_publisher":"https:\/\/www.facebook.com\/maiobaotv","article_published_time":"2020-05-12T13:40:22+00:00","author":"maranhaotv","twitter_card":"summary_large_image","twitter_creator":"@sitemaranhaotv","twitter_site":"@sitemaranhaotv","twitter_misc":{"Escrito por":"maranhaotv","Est. tempo de leitura":"3 minutos"},"schema":{"@context":"https:\/\/schema.org","@graph":[{"@type":"Article","@id":"https:\/\/maranhaotv.com.br\/index.php\/2020\/05\/12\/presidente-da-camara-e-empresario-sao-denunciados-por-fraude-em-licitacao\/#article","isPartOf":{"@id":"https:\/\/maranhaotv.com.br\/index.php\/2020\/05\/12\/presidente-da-camara-e-empresario-sao-denunciados-por-fraude-em-licitacao\/"},"author":{"name":"maranhaotv","@id":"https:\/\/maranhaotv.com.br\/#\/schema\/person\/3d54238e86b20bb5c89ab2fdb8f8829a"},"headline":"Presidente da C\u00e2mara e empres\u00e1rio s\u00e3o denunciados por fraude em licita\u00e7\u00e3o","datePublished":"2020-05-12T13:40:22+00:00","mainEntityOfPage":{"@id":"https:\/\/maranhaotv.com.br\/index.php\/2020\/05\/12\/presidente-da-camara-e-empresario-sao-denunciados-por-fraude-em-licitacao\/"},"wordCount":638,"commentCount":0,"publisher":{"@id":"https:\/\/maranhaotv.com.br\/#organization"},"image":{"@id":"https:\/\/maranhaotv.com.br\/index.php\/2020\/05\/12\/presidente-da-camara-e-empresario-sao-denunciados-por-fraude-em-licitacao\/#primaryimage"},"thumbnailUrl":"","articleSection":["not\u00edcias"],"inLanguage":"pt-BR","potentialAction":[{"@type":"CommentAction","name":"Comment","target":["https:\/\/maranhaotv.com.br\/index.php\/2020\/05\/12\/presidente-da-camara-e-empresario-sao-denunciados-por-fraude-em-licitacao\/#respond"]}]},{"@type":"WebPage","@id":"https:\/\/maranhaotv.com.br\/index.php\/2020\/05\/12\/presidente-da-camara-e-empresario-sao-denunciados-por-fraude-em-licitacao\/","url":"https:\/\/maranhaotv.com.br\/index.php\/2020\/05\/12\/presidente-da-camara-e-empresario-sao-denunciados-por-fraude-em-licitacao\/","name":"Presidente da C\u00e2mara e empres\u00e1rio s\u00e3o denunciados por fraude em licita\u00e7\u00e3o - NOT\u00cdCIAS EM TEMPO REAL","isPartOf":{"@id":"https:\/\/maranhaotv.com.br\/#website"},"primaryImageOfPage":{"@id":"https:\/\/maranhaotv.com.br\/index.php\/2020\/05\/12\/presidente-da-camara-e-empresario-sao-denunciados-por-fraude-em-licitacao\/#primaryimage"},"image":{"@id":"https:\/\/maranhaotv.com.br\/index.php\/2020\/05\/12\/presidente-da-camara-e-empresario-sao-denunciados-por-fraude-em-licitacao\/#primaryimage"},"thumbnailUrl":"","datePublished":"2020-05-12T13:40:22+00:00","breadcrumb":{"@id":"https:\/\/maranhaotv.com.br\/index.php\/2020\/05\/12\/presidente-da-camara-e-empresario-sao-denunciados-por-fraude-em-licitacao\/#breadcrumb"},"inLanguage":"pt-BR","potentialAction":[{"@type":"ReadAction","target":["https:\/\/maranhaotv.com.br\/index.php\/2020\/05\/12\/presidente-da-camara-e-empresario-sao-denunciados-por-fraude-em-licitacao\/"]}]},{"@type":"ImageObject","inLanguage":"pt-BR","@id":"https:\/\/maranhaotv.com.br\/index.php\/2020\/05\/12\/presidente-da-camara-e-empresario-sao-denunciados-por-fraude-em-licitacao\/#primaryimage","url":"","contentUrl":""},{"@type":"BreadcrumbList","@id":"https:\/\/maranhaotv.com.br\/index.php\/2020\/05\/12\/presidente-da-camara-e-empresario-sao-denunciados-por-fraude-em-licitacao\/#breadcrumb","itemListElement":[{"@type":"ListItem","position":1,"name":"In\u00edcio","item":"https:\/\/maranhaotv.com.br\/"},{"@type":"ListItem","position":2,"name":"Presidente da C\u00e2mara e empres\u00e1rio s\u00e3o denunciados por fraude em licita\u00e7\u00e3o"}]},{"@type":"WebSite","@id":"https:\/\/maranhaotv.com.br\/#website","url":"https:\/\/maranhaotv.com.br\/","name":"Maranh\u00e3oTV","description":"","publisher":{"@id":"https:\/\/maranhaotv.com.br\/#organization"},"potentialAction":[{"@type":"SearchAction","target":{"@type":"EntryPoint","urlTemplate":"https:\/\/maranhaotv.com.br\/?s={search_term_string}"},"query-input":{"@type":"PropertyValueSpecification","valueRequired":true,"valueName":"search_term_string"}}],"inLanguage":"pt-BR"},{"@type":"Organization","@id":"https:\/\/maranhaotv.com.br\/#organization","name":"Portal de Not\u00edcias","url":"https:\/\/maranhaotv.com.br\/","logo":{"@type":"ImageObject","inLanguage":"pt-BR","@id":"https:\/\/maranhaotv.com.br\/#\/schema\/logo\/image\/","url":"https:\/\/maranhaotv.com.br\/wp-content\/uploads\/2024\/05\/cropped-cropped-avatar-1.png","contentUrl":"https:\/\/maranhaotv.com.br\/wp-content\/uploads\/2024\/05\/cropped-cropped-avatar-1.png","width":792,"height":428,"caption":"Portal de Not\u00edcias"},"image":{"@id":"https:\/\/maranhaotv.com.br\/#\/schema\/logo\/image\/"},"sameAs":["https:\/\/www.facebook.com\/maiobaotv","https:\/\/x.com\/sitemaranhaotv","https:\/\/www.instagram.com\/maranhao.tv","https:\/\/www.threads.net\/@maranhao.tv"]},{"@type":"Person","@id":"https:\/\/maranhaotv.com.br\/#\/schema\/person\/3d54238e86b20bb5c89ab2fdb8f8829a","name":"maranhaotv","image":{"@type":"ImageObject","inLanguage":"pt-BR","@id":"https:\/\/secure.gravatar.com\/avatar\/8fadbca458d4cb68b1dd399ae9a40618d747bb1af65ac9fad21c89220a143eb4?s=96&d=mm&r=g","url":"https:\/\/secure.gravatar.com\/avatar\/8fadbca458d4cb68b1dd399ae9a40618d747bb1af65ac9fad21c89220a143eb4?s=96&d=mm&r=g","contentUrl":"https:\/\/secure.gravatar.com\/avatar\/8fadbca458d4cb68b1dd399ae9a40618d747bb1af65ac9fad21c89220a143eb4?s=96&d=mm&r=g","caption":"maranhaotv"},"sameAs":["https:\/\/maranhaotv.com.br\/"],"url":"https:\/\/maranhaotv.com.br\/index.php\/author\/maranhaotv\/"}]}},"jetpack_featured_media_url":"","jetpack_sharing_enabled":true,"_links":{"self":[{"href":"https:\/\/maranhaotv.com.br\/index.php\/wp-json\/wp\/v2\/posts\/11784","targetHints":{"allow":["GET"]}}],"collection":[{"href":"https:\/\/maranhaotv.com.br\/index.php\/wp-json\/wp\/v2\/posts"}],"about":[{"href":"https:\/\/maranhaotv.com.br\/index.php\/wp-json\/wp\/v2\/types\/post"}],"author":[{"embeddable":true,"href":"https:\/\/maranhaotv.com.br\/index.php\/wp-json\/wp\/v2\/users\/2"}],"replies":[{"embeddable":true,"href":"https:\/\/maranhaotv.com.br\/index.php\/wp-json\/wp\/v2\/comments?post=11784"}],"version-history":[{"count":0,"href":"https:\/\/maranhaotv.com.br\/index.php\/wp-json\/wp\/v2\/posts\/11784\/revisions"}],"wp:featuredmedia":[{"embeddable":true,"href":"https:\/\/maranhaotv.com.br\/index.php\/wp-json\/"}],"wp:attachment":[{"href":"https:\/\/maranhaotv.com.br\/index.php\/wp-json\/wp\/v2\/media?parent=11784"}],"wp:term":[{"taxonomy":"category","embeddable":true,"href":"https:\/\/maranhaotv.com.br\/index.php\/wp-json\/wp\/v2\/categories?post=11784"},{"taxonomy":"post_tag","embeddable":true,"href":"https:\/\/maranhaotv.com.br\/index.php\/wp-json\/wp\/v2\/tags?post=11784"}],"curies":[{"name":"wp","href":"https:\/\/api.w.org\/{rel}","templated":true}]}}