{"id":11786,"date":"2020-05-12T10:52:38","date_gmt":"2020-05-12T13:52:38","guid":{"rendered":"https:\/\/maiobaotv.com.br\/?p=11786"},"modified":"2020-05-12T10:52:38","modified_gmt":"2020-05-12T13:52:38","slug":"mp-aciona-envolvidos-em-licitacao-irregular-para-limpeza-publica-em-sao-joao-do-soter","status":"publish","type":"post","link":"https:\/\/maranhaotv.com.br\/index.php\/2020\/05\/12\/mp-aciona-envolvidos-em-licitacao-irregular-para-limpeza-publica-em-sao-joao-do-soter\/","title":{"rendered":"MP aciona envolvidos em licita\u00e7\u00e3o irregular para limpeza p\u00fablica em S\u00e3o Jo\u00e3o do S\u00f3ter"},"content":{"rendered":"<p>Indisponibilidade de bens e pagamento de dano moral coletivo est\u00e3o entre as puni\u00e7\u00f5es requeridas<\/p>\n<p>Em A\u00e7\u00e3o Civil P\u00fablica por ato de improbidade administrativa, a 1\u00aa Promotoria de Justi\u00e7a de Caxias solicitou, liminarmente, em 5 de maio, a indisponibilidade de bens, at\u00e9 o valor de R$ 3.050.562,24, dos 11 envolvidos em um procedimento licitat\u00f3rio ilegal para contratar servi\u00e7os de limpeza p\u00fablica em S\u00e3o Jo\u00e3o do S\u00f3ter (termo judici\u00e1rio de Caxias).<\/p>\n<p>O pedido foi feito pelo promotor de justi\u00e7a Francisco de Assis da Silva J\u00fanior, com base no Inqu\u00e9rito Civil n\u00ba 1164-254\/2018.<\/p>\n<p>ACIONADOS<\/p>\n<p>Entre os requeridos est\u00e3o a prefeita Joserlene Silva Ara\u00fajo, a ex-prefeita Luiza Moura da Rocha, o ex-secret\u00e1rio municipal de Administra\u00e7\u00e3o, Fazenda e Infraestrutura, Na\u00eamio Fernandes, e a empresa Lima Silva Projetos e Avalia\u00e7\u00f5es Ltda \u2013 EPP.<\/p>\n<p>Tamb\u00e9m s\u00e3o acionados o pregoeiro do munic\u00edpio, Willyan Fortaleza Ferreira, e os integrantes da Comiss\u00e3o Permanente de Licita\u00e7\u00e3o (CPL) Bruno Leonardo Ferreira e Marcos Magno Ramos. A lista de requeridos inclui, ainda, os empres\u00e1rios Francisco Vaz Sampaio, Maria de F\u00e1tima Alves, Ant\u00f4nio Vitor Costa e Tamires Silva Sampaio.<\/p>\n<p>PREG\u00c3O PRESENCIAL<\/p>\n<p>Em abril de 2018, o MPMA iniciou apura\u00e7\u00f5es sobre irregularidades no Preg\u00e3o Presencial n\u00ba 12\/2017, iniciado por solicita\u00e7\u00e3o do ex-titular da Secretaria Municipal de Administra\u00e7\u00e3o, Fazenda e Infraestrutura.<\/p>\n<p>O Munic\u00edpio encaminhou c\u00f3pia do procedimento licitat\u00f3rio, incluindo um projeto b\u00e1sico e uma pesquisa de pre\u00e7os. Os autos n\u00e3o informavam como esta foi enviada \u00e0s empresas, nem como foi conclu\u00eddo que as empresas trabalhavam na \u00e1rea de limpeza p\u00fablica.<\/p>\n<p>O pregoeiro do munic\u00edpio endossou o projeto b\u00e1sico, e o edital foi publicado. O documento requeria a medi\u00e7\u00e3o do peso dos res\u00edduos coletados para fazer os pagamentos mensais. Apesar disso, os pagamentos eram realizados mediante atestados gen\u00e9ricos de servi\u00e7os prestados.<\/p>\n<p>IRREGULARIDADES<\/p>\n<p>An\u00e1lise da Assessoria T\u00e9cnica do MPMA (AT-MPMA) demonstrou irregularidades no procedimento licitat\u00f3rio. Entre as ilegalidades listadas no Parecer T\u00e9cnico n\u00ba 089\/2019-AT-MPMA, est\u00e1 a falta, no termo de refer\u00eancia, da justificativa para contrata\u00e7\u00e3o do servi\u00e7o e de elementos t\u00e9cnicos que fundamentassem as quantidades definidas.<\/p>\n<p>O termo n\u00e3o incluiu, ainda, o argumento utilizado para estimar as quantidades mensais para coleta dos res\u00edduos. O objetivo do preg\u00e3o n\u00e3o foi especificado precisamente, como requer a legisla\u00e7\u00e3o. Tamb\u00e9m n\u00e3o estavam presentes elementos que permitissem a avalia\u00e7\u00e3o dos custos.<\/p>\n<p>No que se refere ao edital, houve descumprimento do prazo de publica\u00e7\u00e3o. Al\u00e9m disso, havia diversas cl\u00e1usulas restritivas. Para o MPMA, o objetivo era afastar licitantes, j\u00e1 que as restri\u00e7\u00f5es n\u00e3o foram observadas na contrata\u00e7\u00e3o da Lima Silva Projetos e Avalia\u00e7\u00f5es Ltda \u2013 EPP.<\/p>\n<p>No dia da sess\u00e3o, somente compareceram representantes da empresa contratada, apesar de outra empresa ter oferecido valores R$ 100 mil a menos.<\/p>\n<p>INCAPACIDADE T\u00c9CNICA<\/p>\n<p>Apesar da Lima Silva Projetos e Avalia\u00e7\u00f5es Ltda \u2013 EPP possuir somente dois funcion\u00e1rios, segundo informa\u00e7\u00f5es do Minist\u00e9rio da Economia, a ex-prefeita assinou atestado de capacidade t\u00e9cnica em favor da empresa, afirmando que esta j\u00e1 havia prestado servi\u00e7os ao Munic\u00edpio. Entretanto, n\u00e3o foram apresentados a nota fiscal e o contrato anteriores.<\/p>\n<p>Os servi\u00e7os anteriormente prestados referiam-se \u00e0 manuten\u00e7\u00e3o de ilumina\u00e7\u00e3o p\u00fablica. \u201cSem fraude a empresa seria desclassificada diante da total incapacidade t\u00e9cnica\u201d, explica o promotor de justi\u00e7a.<\/p>\n<p>Para o representante do MPMA, todos os ind\u00edcios apontam para \u201cmontagem\u201d do procedimento licitat\u00f3rio, inclusive com coloca\u00e7\u00e3o de cl\u00e1usula restritiva no edital, ap\u00f3s o in\u00edcio das investiga\u00e7\u00f5es.<\/p>\n<p>PEDIDOS<\/p>\n<p>Al\u00e9m da indisponibilidade dos bens, o MPMA requer que a empresa Lima Silva Projetos e Avalia\u00e7\u00f5es Ltda seja proibida de receber novas verbas do Poder P\u00fablico. Solicita, ainda, a declara\u00e7\u00e3o de nulidade do preg\u00e3o e do contrato firmado com a empresa.<\/p>\n<p>Os pedidos incluem a condena\u00e7\u00e3o dos requeridos \u00e0 perda de eventual fun\u00e7\u00e3o p\u00fablica; suspens\u00e3o dos direitos pol\u00edticos; pagamento de multa; proibi\u00e7\u00e3o de contratar com o poder p\u00fablico ou obter benef\u00edcios fiscais, direta ou indiretamente, mesmo que por meio de pessoa jur\u00eddica da qual seja s\u00f3cio majorit\u00e1rio e ressarcimento integral do dano e revers\u00e3o dos bens obtidos ilicitamente.<\/p>\n<p>O Minist\u00e9rio P\u00fablico tamb\u00e9m requer a condena\u00e7\u00e3o dos requeridos ao pagamento de dano moral coletivo no valor m\u00ednimo de R$ 2 milh\u00f5es, a ser transferido ao Fundo Estadual de Prote\u00e7\u00e3o dos Direitos Difusos \u2013 FEPDD.<\/p>\n<p>Fonte: MPMA<\/p>\n","protected":false},"excerpt":{"rendered":"<p>Indisponibilidade de bens e pagamento de dano moral coletivo est\u00e3o entre as puni\u00e7\u00f5es requeridas Em A\u00e7\u00e3o Civil P\u00fablica por ato<\/p>\n","protected":false},"author":2,"featured_media":11787,"comment_status":"open","ping_status":"open","sticky":false,"template":"","format":"standard","meta":{"colormag_page_container_layout":"default_layout","colormag_page_sidebar_layout":"default_layout","_jetpack_memberships_contains_paid_content":false,"footnotes":""},"categories":[2,6],"tags":[],"class_list":["post-11786","post","type-post","status-publish","format-standard","has-post-thumbnail","hentry","category-noticias","category-politica"],"magazineBlocksPostFeaturedMedia":{"thumbnail":false,"medium":false,"medium_large":false,"large":false,"1536x1536":false,"2048x2048":false,"colormag-highlighted-post":false,"colormag-featured-post-medium":false,"colormag-featured-post-small":false,"colormag-featured-image":false,"colormag-default-news":false,"colormag-featured-image-large":false},"magazineBlocksPostAuthor":{"name":"maranhaotv","avatar":"https:\/\/secure.gravatar.com\/avatar\/8fadbca458d4cb68b1dd399ae9a40618d747bb1af65ac9fad21c89220a143eb4?s=96&d=mm&r=g"},"magazineBlocksPostCommentsNumber":"0","magazineBlocksPostExcerpt":"Indisponibilidade de bens e pagamento de dano moral coletivo est\u00e3o entre as puni\u00e7\u00f5es requeridas Em A\u00e7\u00e3o Civil P\u00fablica por ato","magazineBlocksPostCategories":["not\u00edcias","pol\u00edtica"],"magazineBlocksPostViewCount":157,"magazineBlocksPostReadTime":4,"magazine_blocks_featured_image_url":{"full":false,"medium":false,"thumbnail":false},"magazine_blocks_author":{"display_name":"maranhaotv","author_link":"https:\/\/maranhaotv.com.br\/index.php\/author\/maranhaotv\/"},"magazine_blocks_comment":0,"magazine_blocks_author_image":"https:\/\/secure.gravatar.com\/avatar\/8fadbca458d4cb68b1dd399ae9a40618d747bb1af65ac9fad21c89220a143eb4?s=96&d=mm&r=g","magazine_blocks_category":"<a href=\"#\" class=\"category-link category-link-2\">not\u00edcias<\/a> <a href=\"#\" class=\"category-link category-link-6\">pol\u00edtica<\/a>","yoast_head":"<!-- This site is optimized with the Yoast SEO plugin v27.4 - https:\/\/yoast.com\/product\/yoast-seo-wordpress\/ -->\n<title>MP aciona envolvidos em licita\u00e7\u00e3o irregular para limpeza p\u00fablica em S\u00e3o Jo\u00e3o do S\u00f3ter - NOT\u00cdCIAS EM TEMPO REAL<\/title>\n<meta name=\"robots\" content=\"index, follow, max-snippet:-1, max-image-preview:large, max-video-preview:-1\" \/>\n<link rel=\"canonical\" href=\"https:\/\/maranhaotv.com.br\/index.php\/2020\/05\/12\/mp-aciona-envolvidos-em-licitacao-irregular-para-limpeza-publica-em-sao-joao-do-soter\/\" \/>\n<meta property=\"og:locale\" content=\"pt_BR\" \/>\n<meta property=\"og:type\" content=\"article\" \/>\n<meta property=\"og:title\" content=\"MP aciona envolvidos em licita\u00e7\u00e3o irregular para limpeza p\u00fablica em S\u00e3o Jo\u00e3o do S\u00f3ter - NOT\u00cdCIAS EM TEMPO REAL\" \/>\n<meta property=\"og:description\" content=\"Indisponibilidade de bens e pagamento de dano moral coletivo est\u00e3o entre as puni\u00e7\u00f5es requeridas Em A\u00e7\u00e3o Civil P\u00fablica por ato\" \/>\n<meta property=\"og:url\" content=\"https:\/\/maranhaotv.com.br\/index.php\/2020\/05\/12\/mp-aciona-envolvidos-em-licitacao-irregular-para-limpeza-publica-em-sao-joao-do-soter\/\" \/>\n<meta property=\"og:site_name\" content=\"NOT\u00cdCIAS EM TEMPO REAL\" \/>\n<meta property=\"article:publisher\" content=\"https:\/\/www.facebook.com\/maiobaotv\" \/>\n<meta property=\"article:published_time\" content=\"2020-05-12T13:52:38+00:00\" \/>\n<meta name=\"author\" content=\"maranhaotv\" \/>\n<meta name=\"twitter:card\" content=\"summary_large_image\" \/>\n<meta name=\"twitter:creator\" content=\"@sitemaranhaotv\" \/>\n<meta name=\"twitter:site\" content=\"@sitemaranhaotv\" \/>\n<meta name=\"twitter:label1\" content=\"Escrito por\" \/>\n\t<meta name=\"twitter:data1\" content=\"maranhaotv\" \/>\n\t<meta name=\"twitter:label2\" content=\"Est. tempo de leitura\" \/>\n\t<meta name=\"twitter:data2\" content=\"4 minutos\" \/>\n<script type=\"application\/ld+json\" class=\"yoast-schema-graph\">{\"@context\":\"https:\\\/\\\/schema.org\",\"@graph\":[{\"@type\":\"Article\",\"@id\":\"https:\\\/\\\/maranhaotv.com.br\\\/index.php\\\/2020\\\/05\\\/12\\\/mp-aciona-envolvidos-em-licitacao-irregular-para-limpeza-publica-em-sao-joao-do-soter\\\/#article\",\"isPartOf\":{\"@id\":\"https:\\\/\\\/maranhaotv.com.br\\\/index.php\\\/2020\\\/05\\\/12\\\/mp-aciona-envolvidos-em-licitacao-irregular-para-limpeza-publica-em-sao-joao-do-soter\\\/\"},\"author\":{\"name\":\"maranhaotv\",\"@id\":\"https:\\\/\\\/maranhaotv.com.br\\\/#\\\/schema\\\/person\\\/3d54238e86b20bb5c89ab2fdb8f8829a\"},\"headline\":\"MP aciona envolvidos em licita\u00e7\u00e3o irregular para limpeza p\u00fablica em S\u00e3o Jo\u00e3o do S\u00f3ter\",\"datePublished\":\"2020-05-12T13:52:38+00:00\",\"mainEntityOfPage\":{\"@id\":\"https:\\\/\\\/maranhaotv.com.br\\\/index.php\\\/2020\\\/05\\\/12\\\/mp-aciona-envolvidos-em-licitacao-irregular-para-limpeza-publica-em-sao-joao-do-soter\\\/\"},\"wordCount\":799,\"commentCount\":0,\"publisher\":{\"@id\":\"https:\\\/\\\/maranhaotv.com.br\\\/#organization\"},\"image\":{\"@id\":\"https:\\\/\\\/maranhaotv.com.br\\\/index.php\\\/2020\\\/05\\\/12\\\/mp-aciona-envolvidos-em-licitacao-irregular-para-limpeza-publica-em-sao-joao-do-soter\\\/#primaryimage\"},\"thumbnailUrl\":\"\",\"articleSection\":[\"not\u00edcias\",\"pol\u00edtica\"],\"inLanguage\":\"pt-BR\",\"potentialAction\":[{\"@type\":\"CommentAction\",\"name\":\"Comment\",\"target\":[\"https:\\\/\\\/maranhaotv.com.br\\\/index.php\\\/2020\\\/05\\\/12\\\/mp-aciona-envolvidos-em-licitacao-irregular-para-limpeza-publica-em-sao-joao-do-soter\\\/#respond\"]}]},{\"@type\":\"WebPage\",\"@id\":\"https:\\\/\\\/maranhaotv.com.br\\\/index.php\\\/2020\\\/05\\\/12\\\/mp-aciona-envolvidos-em-licitacao-irregular-para-limpeza-publica-em-sao-joao-do-soter\\\/\",\"url\":\"https:\\\/\\\/maranhaotv.com.br\\\/index.php\\\/2020\\\/05\\\/12\\\/mp-aciona-envolvidos-em-licitacao-irregular-para-limpeza-publica-em-sao-joao-do-soter\\\/\",\"name\":\"MP aciona envolvidos em licita\u00e7\u00e3o irregular para limpeza p\u00fablica em S\u00e3o Jo\u00e3o do S\u00f3ter - NOT\u00cdCIAS EM TEMPO REAL\",\"isPartOf\":{\"@id\":\"https:\\\/\\\/maranhaotv.com.br\\\/#website\"},\"primaryImageOfPage\":{\"@id\":\"https:\\\/\\\/maranhaotv.com.br\\\/index.php\\\/2020\\\/05\\\/12\\\/mp-aciona-envolvidos-em-licitacao-irregular-para-limpeza-publica-em-sao-joao-do-soter\\\/#primaryimage\"},\"image\":{\"@id\":\"https:\\\/\\\/maranhaotv.com.br\\\/index.php\\\/2020\\\/05\\\/12\\\/mp-aciona-envolvidos-em-licitacao-irregular-para-limpeza-publica-em-sao-joao-do-soter\\\/#primaryimage\"},\"thumbnailUrl\":\"\",\"datePublished\":\"2020-05-12T13:52:38+00:00\",\"breadcrumb\":{\"@id\":\"https:\\\/\\\/maranhaotv.com.br\\\/index.php\\\/2020\\\/05\\\/12\\\/mp-aciona-envolvidos-em-licitacao-irregular-para-limpeza-publica-em-sao-joao-do-soter\\\/#breadcrumb\"},\"inLanguage\":\"pt-BR\",\"potentialAction\":[{\"@type\":\"ReadAction\",\"target\":[\"https:\\\/\\\/maranhaotv.com.br\\\/index.php\\\/2020\\\/05\\\/12\\\/mp-aciona-envolvidos-em-licitacao-irregular-para-limpeza-publica-em-sao-joao-do-soter\\\/\"]}]},{\"@type\":\"ImageObject\",\"inLanguage\":\"pt-BR\",\"@id\":\"https:\\\/\\\/maranhaotv.com.br\\\/index.php\\\/2020\\\/05\\\/12\\\/mp-aciona-envolvidos-em-licitacao-irregular-para-limpeza-publica-em-sao-joao-do-soter\\\/#primaryimage\",\"url\":\"\",\"contentUrl\":\"\"},{\"@type\":\"BreadcrumbList\",\"@id\":\"https:\\\/\\\/maranhaotv.com.br\\\/index.php\\\/2020\\\/05\\\/12\\\/mp-aciona-envolvidos-em-licitacao-irregular-para-limpeza-publica-em-sao-joao-do-soter\\\/#breadcrumb\",\"itemListElement\":[{\"@type\":\"ListItem\",\"position\":1,\"name\":\"In\u00edcio\",\"item\":\"https:\\\/\\\/maranhaotv.com.br\\\/\"},{\"@type\":\"ListItem\",\"position\":2,\"name\":\"MP aciona envolvidos em licita\u00e7\u00e3o irregular para limpeza p\u00fablica em S\u00e3o Jo\u00e3o do S\u00f3ter\"}]},{\"@type\":\"WebSite\",\"@id\":\"https:\\\/\\\/maranhaotv.com.br\\\/#website\",\"url\":\"https:\\\/\\\/maranhaotv.com.br\\\/\",\"name\":\"Maranh\u00e3oTV\",\"description\":\"\",\"publisher\":{\"@id\":\"https:\\\/\\\/maranhaotv.com.br\\\/#organization\"},\"potentialAction\":[{\"@type\":\"SearchAction\",\"target\":{\"@type\":\"EntryPoint\",\"urlTemplate\":\"https:\\\/\\\/maranhaotv.com.br\\\/?s={search_term_string}\"},\"query-input\":{\"@type\":\"PropertyValueSpecification\",\"valueRequired\":true,\"valueName\":\"search_term_string\"}}],\"inLanguage\":\"pt-BR\"},{\"@type\":\"Organization\",\"@id\":\"https:\\\/\\\/maranhaotv.com.br\\\/#organization\",\"name\":\"Portal de Not\u00edcias\",\"url\":\"https:\\\/\\\/maranhaotv.com.br\\\/\",\"logo\":{\"@type\":\"ImageObject\",\"inLanguage\":\"pt-BR\",\"@id\":\"https:\\\/\\\/maranhaotv.com.br\\\/#\\\/schema\\\/logo\\\/image\\\/\",\"url\":\"https:\\\/\\\/maranhaotv.com.br\\\/wp-content\\\/uploads\\\/2024\\\/05\\\/cropped-cropped-avatar-1.png\",\"contentUrl\":\"https:\\\/\\\/maranhaotv.com.br\\\/wp-content\\\/uploads\\\/2024\\\/05\\\/cropped-cropped-avatar-1.png\",\"width\":792,\"height\":428,\"caption\":\"Portal de Not\u00edcias\"},\"image\":{\"@id\":\"https:\\\/\\\/maranhaotv.com.br\\\/#\\\/schema\\\/logo\\\/image\\\/\"},\"sameAs\":[\"https:\\\/\\\/www.facebook.com\\\/maiobaotv\",\"https:\\\/\\\/x.com\\\/sitemaranhaotv\",\"https:\\\/\\\/www.instagram.com\\\/maranhao.tv\",\"https:\\\/\\\/www.threads.net\\\/@maranhao.tv\"]},{\"@type\":\"Person\",\"@id\":\"https:\\\/\\\/maranhaotv.com.br\\\/#\\\/schema\\\/person\\\/3d54238e86b20bb5c89ab2fdb8f8829a\",\"name\":\"maranhaotv\",\"image\":{\"@type\":\"ImageObject\",\"inLanguage\":\"pt-BR\",\"@id\":\"https:\\\/\\\/secure.gravatar.com\\\/avatar\\\/8fadbca458d4cb68b1dd399ae9a40618d747bb1af65ac9fad21c89220a143eb4?s=96&d=mm&r=g\",\"url\":\"https:\\\/\\\/secure.gravatar.com\\\/avatar\\\/8fadbca458d4cb68b1dd399ae9a40618d747bb1af65ac9fad21c89220a143eb4?s=96&d=mm&r=g\",\"contentUrl\":\"https:\\\/\\\/secure.gravatar.com\\\/avatar\\\/8fadbca458d4cb68b1dd399ae9a40618d747bb1af65ac9fad21c89220a143eb4?s=96&d=mm&r=g\",\"caption\":\"maranhaotv\"},\"sameAs\":[\"https:\\\/\\\/maranhaotv.com.br\\\/\"],\"url\":\"https:\\\/\\\/maranhaotv.com.br\\\/index.php\\\/author\\\/maranhaotv\\\/\"}]}<\/script>\n<!-- \/ Yoast SEO plugin. -->","yoast_head_json":{"title":"MP aciona envolvidos em licita\u00e7\u00e3o irregular para limpeza p\u00fablica em S\u00e3o Jo\u00e3o do S\u00f3ter - NOT\u00cdCIAS EM TEMPO REAL","robots":{"index":"index","follow":"follow","max-snippet":"max-snippet:-1","max-image-preview":"max-image-preview:large","max-video-preview":"max-video-preview:-1"},"canonical":"https:\/\/maranhaotv.com.br\/index.php\/2020\/05\/12\/mp-aciona-envolvidos-em-licitacao-irregular-para-limpeza-publica-em-sao-joao-do-soter\/","og_locale":"pt_BR","og_type":"article","og_title":"MP aciona envolvidos em licita\u00e7\u00e3o irregular para limpeza p\u00fablica em S\u00e3o Jo\u00e3o do S\u00f3ter - NOT\u00cdCIAS EM TEMPO REAL","og_description":"Indisponibilidade de bens e pagamento de dano moral coletivo est\u00e3o entre as puni\u00e7\u00f5es requeridas Em A\u00e7\u00e3o Civil P\u00fablica por ato","og_url":"https:\/\/maranhaotv.com.br\/index.php\/2020\/05\/12\/mp-aciona-envolvidos-em-licitacao-irregular-para-limpeza-publica-em-sao-joao-do-soter\/","og_site_name":"NOT\u00cdCIAS EM TEMPO REAL","article_publisher":"https:\/\/www.facebook.com\/maiobaotv","article_published_time":"2020-05-12T13:52:38+00:00","author":"maranhaotv","twitter_card":"summary_large_image","twitter_creator":"@sitemaranhaotv","twitter_site":"@sitemaranhaotv","twitter_misc":{"Escrito por":"maranhaotv","Est. tempo de leitura":"4 minutos"},"schema":{"@context":"https:\/\/schema.org","@graph":[{"@type":"Article","@id":"https:\/\/maranhaotv.com.br\/index.php\/2020\/05\/12\/mp-aciona-envolvidos-em-licitacao-irregular-para-limpeza-publica-em-sao-joao-do-soter\/#article","isPartOf":{"@id":"https:\/\/maranhaotv.com.br\/index.php\/2020\/05\/12\/mp-aciona-envolvidos-em-licitacao-irregular-para-limpeza-publica-em-sao-joao-do-soter\/"},"author":{"name":"maranhaotv","@id":"https:\/\/maranhaotv.com.br\/#\/schema\/person\/3d54238e86b20bb5c89ab2fdb8f8829a"},"headline":"MP aciona envolvidos em licita\u00e7\u00e3o irregular para limpeza p\u00fablica em S\u00e3o Jo\u00e3o do S\u00f3ter","datePublished":"2020-05-12T13:52:38+00:00","mainEntityOfPage":{"@id":"https:\/\/maranhaotv.com.br\/index.php\/2020\/05\/12\/mp-aciona-envolvidos-em-licitacao-irregular-para-limpeza-publica-em-sao-joao-do-soter\/"},"wordCount":799,"commentCount":0,"publisher":{"@id":"https:\/\/maranhaotv.com.br\/#organization"},"image":{"@id":"https:\/\/maranhaotv.com.br\/index.php\/2020\/05\/12\/mp-aciona-envolvidos-em-licitacao-irregular-para-limpeza-publica-em-sao-joao-do-soter\/#primaryimage"},"thumbnailUrl":"","articleSection":["not\u00edcias","pol\u00edtica"],"inLanguage":"pt-BR","potentialAction":[{"@type":"CommentAction","name":"Comment","target":["https:\/\/maranhaotv.com.br\/index.php\/2020\/05\/12\/mp-aciona-envolvidos-em-licitacao-irregular-para-limpeza-publica-em-sao-joao-do-soter\/#respond"]}]},{"@type":"WebPage","@id":"https:\/\/maranhaotv.com.br\/index.php\/2020\/05\/12\/mp-aciona-envolvidos-em-licitacao-irregular-para-limpeza-publica-em-sao-joao-do-soter\/","url":"https:\/\/maranhaotv.com.br\/index.php\/2020\/05\/12\/mp-aciona-envolvidos-em-licitacao-irregular-para-limpeza-publica-em-sao-joao-do-soter\/","name":"MP aciona envolvidos em licita\u00e7\u00e3o irregular para limpeza p\u00fablica em S\u00e3o Jo\u00e3o do S\u00f3ter - NOT\u00cdCIAS EM TEMPO REAL","isPartOf":{"@id":"https:\/\/maranhaotv.com.br\/#website"},"primaryImageOfPage":{"@id":"https:\/\/maranhaotv.com.br\/index.php\/2020\/05\/12\/mp-aciona-envolvidos-em-licitacao-irregular-para-limpeza-publica-em-sao-joao-do-soter\/#primaryimage"},"image":{"@id":"https:\/\/maranhaotv.com.br\/index.php\/2020\/05\/12\/mp-aciona-envolvidos-em-licitacao-irregular-para-limpeza-publica-em-sao-joao-do-soter\/#primaryimage"},"thumbnailUrl":"","datePublished":"2020-05-12T13:52:38+00:00","breadcrumb":{"@id":"https:\/\/maranhaotv.com.br\/index.php\/2020\/05\/12\/mp-aciona-envolvidos-em-licitacao-irregular-para-limpeza-publica-em-sao-joao-do-soter\/#breadcrumb"},"inLanguage":"pt-BR","potentialAction":[{"@type":"ReadAction","target":["https:\/\/maranhaotv.com.br\/index.php\/2020\/05\/12\/mp-aciona-envolvidos-em-licitacao-irregular-para-limpeza-publica-em-sao-joao-do-soter\/"]}]},{"@type":"ImageObject","inLanguage":"pt-BR","@id":"https:\/\/maranhaotv.com.br\/index.php\/2020\/05\/12\/mp-aciona-envolvidos-em-licitacao-irregular-para-limpeza-publica-em-sao-joao-do-soter\/#primaryimage","url":"","contentUrl":""},{"@type":"BreadcrumbList","@id":"https:\/\/maranhaotv.com.br\/index.php\/2020\/05\/12\/mp-aciona-envolvidos-em-licitacao-irregular-para-limpeza-publica-em-sao-joao-do-soter\/#breadcrumb","itemListElement":[{"@type":"ListItem","position":1,"name":"In\u00edcio","item":"https:\/\/maranhaotv.com.br\/"},{"@type":"ListItem","position":2,"name":"MP aciona envolvidos em licita\u00e7\u00e3o irregular para limpeza p\u00fablica em S\u00e3o Jo\u00e3o do S\u00f3ter"}]},{"@type":"WebSite","@id":"https:\/\/maranhaotv.com.br\/#website","url":"https:\/\/maranhaotv.com.br\/","name":"Maranh\u00e3oTV","description":"","publisher":{"@id":"https:\/\/maranhaotv.com.br\/#organization"},"potentialAction":[{"@type":"SearchAction","target":{"@type":"EntryPoint","urlTemplate":"https:\/\/maranhaotv.com.br\/?s={search_term_string}"},"query-input":{"@type":"PropertyValueSpecification","valueRequired":true,"valueName":"search_term_string"}}],"inLanguage":"pt-BR"},{"@type":"Organization","@id":"https:\/\/maranhaotv.com.br\/#organization","name":"Portal de Not\u00edcias","url":"https:\/\/maranhaotv.com.br\/","logo":{"@type":"ImageObject","inLanguage":"pt-BR","@id":"https:\/\/maranhaotv.com.br\/#\/schema\/logo\/image\/","url":"https:\/\/maranhaotv.com.br\/wp-content\/uploads\/2024\/05\/cropped-cropped-avatar-1.png","contentUrl":"https:\/\/maranhaotv.com.br\/wp-content\/uploads\/2024\/05\/cropped-cropped-avatar-1.png","width":792,"height":428,"caption":"Portal de Not\u00edcias"},"image":{"@id":"https:\/\/maranhaotv.com.br\/#\/schema\/logo\/image\/"},"sameAs":["https:\/\/www.facebook.com\/maiobaotv","https:\/\/x.com\/sitemaranhaotv","https:\/\/www.instagram.com\/maranhao.tv","https:\/\/www.threads.net\/@maranhao.tv"]},{"@type":"Person","@id":"https:\/\/maranhaotv.com.br\/#\/schema\/person\/3d54238e86b20bb5c89ab2fdb8f8829a","name":"maranhaotv","image":{"@type":"ImageObject","inLanguage":"pt-BR","@id":"https:\/\/secure.gravatar.com\/avatar\/8fadbca458d4cb68b1dd399ae9a40618d747bb1af65ac9fad21c89220a143eb4?s=96&d=mm&r=g","url":"https:\/\/secure.gravatar.com\/avatar\/8fadbca458d4cb68b1dd399ae9a40618d747bb1af65ac9fad21c89220a143eb4?s=96&d=mm&r=g","contentUrl":"https:\/\/secure.gravatar.com\/avatar\/8fadbca458d4cb68b1dd399ae9a40618d747bb1af65ac9fad21c89220a143eb4?s=96&d=mm&r=g","caption":"maranhaotv"},"sameAs":["https:\/\/maranhaotv.com.br\/"],"url":"https:\/\/maranhaotv.com.br\/index.php\/author\/maranhaotv\/"}]}},"jetpack_featured_media_url":"","jetpack_sharing_enabled":true,"_links":{"self":[{"href":"https:\/\/maranhaotv.com.br\/index.php\/wp-json\/wp\/v2\/posts\/11786","targetHints":{"allow":["GET"]}}],"collection":[{"href":"https:\/\/maranhaotv.com.br\/index.php\/wp-json\/wp\/v2\/posts"}],"about":[{"href":"https:\/\/maranhaotv.com.br\/index.php\/wp-json\/wp\/v2\/types\/post"}],"author":[{"embeddable":true,"href":"https:\/\/maranhaotv.com.br\/index.php\/wp-json\/wp\/v2\/users\/2"}],"replies":[{"embeddable":true,"href":"https:\/\/maranhaotv.com.br\/index.php\/wp-json\/wp\/v2\/comments?post=11786"}],"version-history":[{"count":0,"href":"https:\/\/maranhaotv.com.br\/index.php\/wp-json\/wp\/v2\/posts\/11786\/revisions"}],"wp:featuredmedia":[{"embeddable":true,"href":"https:\/\/maranhaotv.com.br\/index.php\/wp-json\/"}],"wp:attachment":[{"href":"https:\/\/maranhaotv.com.br\/index.php\/wp-json\/wp\/v2\/media?parent=11786"}],"wp:term":[{"taxonomy":"category","embeddable":true,"href":"https:\/\/maranhaotv.com.br\/index.php\/wp-json\/wp\/v2\/categories?post=11786"},{"taxonomy":"post_tag","embeddable":true,"href":"https:\/\/maranhaotv.com.br\/index.php\/wp-json\/wp\/v2\/tags?post=11786"}],"curies":[{"name":"wp","href":"https:\/\/api.w.org\/{rel}","templated":true}]}}