{"id":11808,"date":"2020-05-12T17:43:37","date_gmt":"2020-05-12T20:43:37","guid":{"rendered":"https:\/\/maiobaotv.com.br\/?p=11808"},"modified":"2020-05-12T17:43:37","modified_gmt":"2020-05-12T20:43:37","slug":"caso-do-prefeito-luciano-genesio-pp-pode-servir-de-estudo-na-cura-relampago-da-covid-19","status":"publish","type":"post","link":"https:\/\/maranhaotv.com.br\/index.php\/2020\/05\/12\/caso-do-prefeito-luciano-genesio-pp-pode-servir-de-estudo-na-cura-relampago-da-covid-19\/","title":{"rendered":"Caso do prefeito Luciano Gen\u00e9sio (PP) pode servir de estudo na cura rel\u00e2mpago da Covid-19"},"content":{"rendered":"<p>Pode estar em Pinheiro\/MA a resposta para o maior desafio da humanidade nos novos tempos: a cura da Covid-19. Basta que, para isso, as autoridades mundiais de sa\u00fade se debrucem para estudar o caso de cura rel\u00e2mpago da Covid-19 de &#8220;cura&#8221; do prefeito local, Luciano Gen\u00e9sio (PP\/MA).<\/p>\n<p>Entre o an\u00fancio da testagem positiva anunciada no dia 1\u00ba de maio pelas redes sociais, e a cura, tamb\u00e9m fruto de apari\u00e7\u00e3o do prefeito nas redes sociais, foram apenas oito dias.<\/p>\n<p>O caso merece estudos e espera-se que chegue, com urg\u00eancia, \u00e0 OMS e ao natimorto ministro da Sa\u00fade, Nelson Teich, pois trata-se de algo que pode lan\u00e7ar luzes sobre a tenebrosa miss\u00e3o de cura para a doen\u00e7a.<\/p>\n<p>Em apari\u00e7\u00f5es p\u00fablicas, o prefeito, que abandonou a cidade e seus habitantes cada um \u00e0 pr\u00f3pria sorte, deu mostras da efic\u00e1cia do tratamento em apari\u00e7\u00f5es p\u00fablicas, dando mostras do protocolo de tratamento.<br \/>\nNada de azitromicina, hidroxicloroquina, Anitta, Ivermectina, antivirais, zinco, lopanivir, ribavirin e nenhum dos 182 medicamentos que est\u00e3o sendo testados mundialmente no combate \u00e0 Covid-19. O tratamento usado pelo prefeito, ao que tudo indica, incluiu muito \u00e1lcool, cana, abrideira, calibrina, caninha, branquinha, ou que sabe um belo Chivas 18 anos ou um Green Label 15 anos, com isolamento em mesa de bar rodeado de amigos e amilhados, sem o uso de nenhum dos EPI\u2019s de prote\u00e7\u00e3o, como m\u00e1scaras, por exemplo, a julgar pelo que tem circulado em \u00e1udios e v\u00eddeos em grupos de m\u00eddias sociais.<\/p>\n<p>Enquanto isso, em Pinheiro as estat\u00edsticas crescem assustadoramente, seguindo a popula\u00e7\u00e3o sem lideran\u00e7a e o controle da pandemia, sem comando, a ponto de os pr\u00f3prios aliados do prefeito apelarem em redes sociais cobrando a\u00e7\u00f5es, como por exemplo, no caso da reabertura do Restaurante Popular, fechado pela gest\u00e3o municipal, para o qual uma campanha une advers\u00e1rios e at\u00e9 funcion\u00e1rios da prefeitura.<\/p>\n<p>Os \u00faltimos n\u00fameros d\u00e3o conta de que em Pinheiro j\u00e1 s\u00e3o mais de 130 casos sem que se tenha not\u00edcia precisa de como est\u00e3o sendo tratados. O que segue de vento em popa s\u00e3o contrata\u00e7\u00f5es com suspei\u00e7\u00e3o no mais alto grau, de bens e servi\u00e7os, com as facilidades cobertas por decretos de emerg\u00eancia, para os quais a sociedade espera controle e fiscaliza\u00e7\u00e3o adequada pelo Minist\u00e9rio P\u00fablico.<\/p>\n<p>Fica no ar, entretanto, a pergunta que n\u00e3o quer calar. De que, afinal, curou-se o prefeito? Da Covid-19 ou de uma bela ressaca?<\/p>\n<div style=\"width: 640px;\" class=\"wp-video\"><video class=\"size-full\" id=\"video-11808-1\" width=\"640\" height=\"360\" preload=\"metadata\" controls=\"controls\"><source type=\"video\/mp4\" src=\"https:\/\/maiobaotv.com.br\/wp-content\/uploads\/2020\/05\/VID-20200511-WA0103-1.mp4?_=1\" \/><a href=\"https:\/\/maiobaotv.com.br\/wp-content\/uploads\/2020\/05\/VID-20200511-WA0103-1.mp4\">https:\/\/maiobaotv.com.br\/wp-content\/uploads\/2020\/05\/VID-20200511-WA0103-1.mp4<\/a><\/video><\/div>\n","protected":false},"excerpt":{"rendered":"<p>Pode estar em Pinheiro\/MA a resposta para o maior desafio da humanidade nos novos tempos: a cura da Covid-19. Basta<\/p>\n","protected":false},"author":2,"featured_media":11809,"comment_status":"open","ping_status":"open","sticky":false,"template":"","format":"standard","meta":{"colormag_page_container_layout":"default_layout","colormag_page_sidebar_layout":"default_layout","_jetpack_memberships_contains_paid_content":false,"footnotes":""},"categories":[2],"tags":[],"class_list":["post-11808","post","type-post","status-publish","format-standard","has-post-thumbnail","hentry","category-noticias"],"magazineBlocksPostFeaturedMedia":{"thumbnail":false,"medium":false,"medium_large":false,"large":false,"1536x1536":false,"2048x2048":false,"colormag-highlighted-post":false,"colormag-featured-post-medium":false,"colormag-featured-post-small":false,"colormag-featured-image":false,"colormag-default-news":false,"colormag-featured-image-large":false},"magazineBlocksPostAuthor":{"name":"maranhaotv","avatar":"https:\/\/secure.gravatar.com\/avatar\/8fadbca458d4cb68b1dd399ae9a40618d747bb1af65ac9fad21c89220a143eb4?s=96&d=mm&r=g"},"magazineBlocksPostCommentsNumber":"0","magazineBlocksPostExcerpt":"Pode estar em Pinheiro\/MA a resposta para o maior desafio da humanidade nos novos tempos: a cura da Covid-19. Basta","magazineBlocksPostCategories":["not\u00edcias"],"magazineBlocksPostViewCount":101,"magazineBlocksPostReadTime":3,"magazine_blocks_featured_image_url":{"full":false,"medium":false,"thumbnail":false},"magazine_blocks_author":{"display_name":"maranhaotv","author_link":"https:\/\/maranhaotv.com.br\/index.php\/author\/maranhaotv\/"},"magazine_blocks_comment":0,"magazine_blocks_author_image":"https:\/\/secure.gravatar.com\/avatar\/8fadbca458d4cb68b1dd399ae9a40618d747bb1af65ac9fad21c89220a143eb4?s=96&d=mm&r=g","magazine_blocks_category":"<a href=\"#\" class=\"category-link category-link-2\">not\u00edcias<\/a>","yoast_head":"<!-- This site is optimized with the Yoast SEO plugin v27.4 - https:\/\/yoast.com\/product\/yoast-seo-wordpress\/ -->\n<title>Caso do prefeito Luciano Gen\u00e9sio (PP) pode servir de estudo na cura rel\u00e2mpago da Covid-19 - NOT\u00cdCIAS EM TEMPO REAL<\/title>\n<meta name=\"robots\" content=\"index, follow, max-snippet:-1, max-image-preview:large, max-video-preview:-1\" \/>\n<link rel=\"canonical\" href=\"https:\/\/maranhaotv.com.br\/index.php\/2020\/05\/12\/caso-do-prefeito-luciano-genesio-pp-pode-servir-de-estudo-na-cura-relampago-da-covid-19\/\" \/>\n<meta property=\"og:locale\" content=\"pt_BR\" \/>\n<meta property=\"og:type\" content=\"article\" \/>\n<meta property=\"og:title\" content=\"Caso do prefeito Luciano Gen\u00e9sio (PP) pode servir de estudo na cura rel\u00e2mpago da Covid-19 - NOT\u00cdCIAS EM TEMPO REAL\" \/>\n<meta property=\"og:description\" content=\"Pode estar em Pinheiro\/MA a resposta para o maior desafio da humanidade nos novos tempos: a cura da Covid-19. Basta\" \/>\n<meta property=\"og:url\" content=\"https:\/\/maranhaotv.com.br\/index.php\/2020\/05\/12\/caso-do-prefeito-luciano-genesio-pp-pode-servir-de-estudo-na-cura-relampago-da-covid-19\/\" \/>\n<meta property=\"og:site_name\" content=\"NOT\u00cdCIAS EM TEMPO REAL\" \/>\n<meta property=\"article:publisher\" content=\"https:\/\/www.facebook.com\/maiobaotv\" \/>\n<meta property=\"article:published_time\" content=\"2020-05-12T20:43:37+00:00\" \/>\n<meta name=\"author\" content=\"maranhaotv\" \/>\n<meta name=\"twitter:card\" content=\"summary_large_image\" \/>\n<meta name=\"twitter:creator\" content=\"@sitemaranhaotv\" \/>\n<meta name=\"twitter:site\" content=\"@sitemaranhaotv\" \/>\n<meta name=\"twitter:label1\" content=\"Escrito por\" \/>\n\t<meta name=\"twitter:data1\" content=\"maranhaotv\" \/>\n\t<meta name=\"twitter:label2\" content=\"Est. tempo de leitura\" \/>\n\t<meta name=\"twitter:data2\" content=\"2 minutos\" \/>\n<script type=\"application\/ld+json\" class=\"yoast-schema-graph\">{\"@context\":\"https:\\\/\\\/schema.org\",\"@graph\":[{\"@type\":\"Article\",\"@id\":\"https:\\\/\\\/maranhaotv.com.br\\\/index.php\\\/2020\\\/05\\\/12\\\/caso-do-prefeito-luciano-genesio-pp-pode-servir-de-estudo-na-cura-relampago-da-covid-19\\\/#article\",\"isPartOf\":{\"@id\":\"https:\\\/\\\/maranhaotv.com.br\\\/index.php\\\/2020\\\/05\\\/12\\\/caso-do-prefeito-luciano-genesio-pp-pode-servir-de-estudo-na-cura-relampago-da-covid-19\\\/\"},\"author\":{\"name\":\"maranhaotv\",\"@id\":\"https:\\\/\\\/maranhaotv.com.br\\\/#\\\/schema\\\/person\\\/3d54238e86b20bb5c89ab2fdb8f8829a\"},\"headline\":\"Caso do prefeito Luciano Gen\u00e9sio (PP) pode servir de estudo na cura rel\u00e2mpago da Covid-19\",\"datePublished\":\"2020-05-12T20:43:37+00:00\",\"mainEntityOfPage\":{\"@id\":\"https:\\\/\\\/maranhaotv.com.br\\\/index.php\\\/2020\\\/05\\\/12\\\/caso-do-prefeito-luciano-genesio-pp-pode-servir-de-estudo-na-cura-relampago-da-covid-19\\\/\"},\"wordCount\":460,\"commentCount\":0,\"publisher\":{\"@id\":\"https:\\\/\\\/maranhaotv.com.br\\\/#organization\"},\"image\":{\"@id\":\"https:\\\/\\\/maranhaotv.com.br\\\/index.php\\\/2020\\\/05\\\/12\\\/caso-do-prefeito-luciano-genesio-pp-pode-servir-de-estudo-na-cura-relampago-da-covid-19\\\/#primaryimage\"},\"thumbnailUrl\":\"\",\"articleSection\":[\"not\u00edcias\"],\"inLanguage\":\"pt-BR\",\"potentialAction\":[{\"@type\":\"CommentAction\",\"name\":\"Comment\",\"target\":[\"https:\\\/\\\/maranhaotv.com.br\\\/index.php\\\/2020\\\/05\\\/12\\\/caso-do-prefeito-luciano-genesio-pp-pode-servir-de-estudo-na-cura-relampago-da-covid-19\\\/#respond\"]}]},{\"@type\":\"WebPage\",\"@id\":\"https:\\\/\\\/maranhaotv.com.br\\\/index.php\\\/2020\\\/05\\\/12\\\/caso-do-prefeito-luciano-genesio-pp-pode-servir-de-estudo-na-cura-relampago-da-covid-19\\\/\",\"url\":\"https:\\\/\\\/maranhaotv.com.br\\\/index.php\\\/2020\\\/05\\\/12\\\/caso-do-prefeito-luciano-genesio-pp-pode-servir-de-estudo-na-cura-relampago-da-covid-19\\\/\",\"name\":\"Caso do prefeito Luciano Gen\u00e9sio (PP) pode servir de estudo na cura rel\u00e2mpago da Covid-19 - NOT\u00cdCIAS EM TEMPO REAL\",\"isPartOf\":{\"@id\":\"https:\\\/\\\/maranhaotv.com.br\\\/#website\"},\"primaryImageOfPage\":{\"@id\":\"https:\\\/\\\/maranhaotv.com.br\\\/index.php\\\/2020\\\/05\\\/12\\\/caso-do-prefeito-luciano-genesio-pp-pode-servir-de-estudo-na-cura-relampago-da-covid-19\\\/#primaryimage\"},\"image\":{\"@id\":\"https:\\\/\\\/maranhaotv.com.br\\\/index.php\\\/2020\\\/05\\\/12\\\/caso-do-prefeito-luciano-genesio-pp-pode-servir-de-estudo-na-cura-relampago-da-covid-19\\\/#primaryimage\"},\"thumbnailUrl\":\"\",\"datePublished\":\"2020-05-12T20:43:37+00:00\",\"breadcrumb\":{\"@id\":\"https:\\\/\\\/maranhaotv.com.br\\\/index.php\\\/2020\\\/05\\\/12\\\/caso-do-prefeito-luciano-genesio-pp-pode-servir-de-estudo-na-cura-relampago-da-covid-19\\\/#breadcrumb\"},\"inLanguage\":\"pt-BR\",\"potentialAction\":[{\"@type\":\"ReadAction\",\"target\":[\"https:\\\/\\\/maranhaotv.com.br\\\/index.php\\\/2020\\\/05\\\/12\\\/caso-do-prefeito-luciano-genesio-pp-pode-servir-de-estudo-na-cura-relampago-da-covid-19\\\/\"]}]},{\"@type\":\"ImageObject\",\"inLanguage\":\"pt-BR\",\"@id\":\"https:\\\/\\\/maranhaotv.com.br\\\/index.php\\\/2020\\\/05\\\/12\\\/caso-do-prefeito-luciano-genesio-pp-pode-servir-de-estudo-na-cura-relampago-da-covid-19\\\/#primaryimage\",\"url\":\"\",\"contentUrl\":\"\"},{\"@type\":\"BreadcrumbList\",\"@id\":\"https:\\\/\\\/maranhaotv.com.br\\\/index.php\\\/2020\\\/05\\\/12\\\/caso-do-prefeito-luciano-genesio-pp-pode-servir-de-estudo-na-cura-relampago-da-covid-19\\\/#breadcrumb\",\"itemListElement\":[{\"@type\":\"ListItem\",\"position\":1,\"name\":\"In\u00edcio\",\"item\":\"https:\\\/\\\/maranhaotv.com.br\\\/\"},{\"@type\":\"ListItem\",\"position\":2,\"name\":\"Caso do prefeito Luciano Gen\u00e9sio (PP) pode servir de estudo na cura rel\u00e2mpago da Covid-19\"}]},{\"@type\":\"WebSite\",\"@id\":\"https:\\\/\\\/maranhaotv.com.br\\\/#website\",\"url\":\"https:\\\/\\\/maranhaotv.com.br\\\/\",\"name\":\"Maranh\u00e3oTV\",\"description\":\"\",\"publisher\":{\"@id\":\"https:\\\/\\\/maranhaotv.com.br\\\/#organization\"},\"potentialAction\":[{\"@type\":\"SearchAction\",\"target\":{\"@type\":\"EntryPoint\",\"urlTemplate\":\"https:\\\/\\\/maranhaotv.com.br\\\/?s={search_term_string}\"},\"query-input\":{\"@type\":\"PropertyValueSpecification\",\"valueRequired\":true,\"valueName\":\"search_term_string\"}}],\"inLanguage\":\"pt-BR\"},{\"@type\":\"Organization\",\"@id\":\"https:\\\/\\\/maranhaotv.com.br\\\/#organization\",\"name\":\"Portal de Not\u00edcias\",\"url\":\"https:\\\/\\\/maranhaotv.com.br\\\/\",\"logo\":{\"@type\":\"ImageObject\",\"inLanguage\":\"pt-BR\",\"@id\":\"https:\\\/\\\/maranhaotv.com.br\\\/#\\\/schema\\\/logo\\\/image\\\/\",\"url\":\"https:\\\/\\\/maranhaotv.com.br\\\/wp-content\\\/uploads\\\/2024\\\/05\\\/cropped-cropped-avatar-1.png\",\"contentUrl\":\"https:\\\/\\\/maranhaotv.com.br\\\/wp-content\\\/uploads\\\/2024\\\/05\\\/cropped-cropped-avatar-1.png\",\"width\":792,\"height\":428,\"caption\":\"Portal de Not\u00edcias\"},\"image\":{\"@id\":\"https:\\\/\\\/maranhaotv.com.br\\\/#\\\/schema\\\/logo\\\/image\\\/\"},\"sameAs\":[\"https:\\\/\\\/www.facebook.com\\\/maiobaotv\",\"https:\\\/\\\/x.com\\\/sitemaranhaotv\",\"https:\\\/\\\/www.instagram.com\\\/maranhao.tv\",\"https:\\\/\\\/www.threads.net\\\/@maranhao.tv\"]},{\"@type\":\"Person\",\"@id\":\"https:\\\/\\\/maranhaotv.com.br\\\/#\\\/schema\\\/person\\\/3d54238e86b20bb5c89ab2fdb8f8829a\",\"name\":\"maranhaotv\",\"image\":{\"@type\":\"ImageObject\",\"inLanguage\":\"pt-BR\",\"@id\":\"https:\\\/\\\/secure.gravatar.com\\\/avatar\\\/8fadbca458d4cb68b1dd399ae9a40618d747bb1af65ac9fad21c89220a143eb4?s=96&d=mm&r=g\",\"url\":\"https:\\\/\\\/secure.gravatar.com\\\/avatar\\\/8fadbca458d4cb68b1dd399ae9a40618d747bb1af65ac9fad21c89220a143eb4?s=96&d=mm&r=g\",\"contentUrl\":\"https:\\\/\\\/secure.gravatar.com\\\/avatar\\\/8fadbca458d4cb68b1dd399ae9a40618d747bb1af65ac9fad21c89220a143eb4?s=96&d=mm&r=g\",\"caption\":\"maranhaotv\"},\"sameAs\":[\"https:\\\/\\\/maranhaotv.com.br\\\/\"],\"url\":\"https:\\\/\\\/maranhaotv.com.br\\\/index.php\\\/author\\\/maranhaotv\\\/\"}]}<\/script>\n<!-- \/ Yoast SEO plugin. -->","yoast_head_json":{"title":"Caso do prefeito Luciano Gen\u00e9sio (PP) pode servir de estudo na cura rel\u00e2mpago da Covid-19 - NOT\u00cdCIAS EM TEMPO REAL","robots":{"index":"index","follow":"follow","max-snippet":"max-snippet:-1","max-image-preview":"max-image-preview:large","max-video-preview":"max-video-preview:-1"},"canonical":"https:\/\/maranhaotv.com.br\/index.php\/2020\/05\/12\/caso-do-prefeito-luciano-genesio-pp-pode-servir-de-estudo-na-cura-relampago-da-covid-19\/","og_locale":"pt_BR","og_type":"article","og_title":"Caso do prefeito Luciano Gen\u00e9sio (PP) pode servir de estudo na cura rel\u00e2mpago da Covid-19 - NOT\u00cdCIAS EM TEMPO REAL","og_description":"Pode estar em Pinheiro\/MA a resposta para o maior desafio da humanidade nos novos tempos: a cura da Covid-19. Basta","og_url":"https:\/\/maranhaotv.com.br\/index.php\/2020\/05\/12\/caso-do-prefeito-luciano-genesio-pp-pode-servir-de-estudo-na-cura-relampago-da-covid-19\/","og_site_name":"NOT\u00cdCIAS EM TEMPO REAL","article_publisher":"https:\/\/www.facebook.com\/maiobaotv","article_published_time":"2020-05-12T20:43:37+00:00","author":"maranhaotv","twitter_card":"summary_large_image","twitter_creator":"@sitemaranhaotv","twitter_site":"@sitemaranhaotv","twitter_misc":{"Escrito por":"maranhaotv","Est. tempo de leitura":"2 minutos"},"schema":{"@context":"https:\/\/schema.org","@graph":[{"@type":"Article","@id":"https:\/\/maranhaotv.com.br\/index.php\/2020\/05\/12\/caso-do-prefeito-luciano-genesio-pp-pode-servir-de-estudo-na-cura-relampago-da-covid-19\/#article","isPartOf":{"@id":"https:\/\/maranhaotv.com.br\/index.php\/2020\/05\/12\/caso-do-prefeito-luciano-genesio-pp-pode-servir-de-estudo-na-cura-relampago-da-covid-19\/"},"author":{"name":"maranhaotv","@id":"https:\/\/maranhaotv.com.br\/#\/schema\/person\/3d54238e86b20bb5c89ab2fdb8f8829a"},"headline":"Caso do prefeito Luciano Gen\u00e9sio (PP) pode servir de estudo na cura rel\u00e2mpago da Covid-19","datePublished":"2020-05-12T20:43:37+00:00","mainEntityOfPage":{"@id":"https:\/\/maranhaotv.com.br\/index.php\/2020\/05\/12\/caso-do-prefeito-luciano-genesio-pp-pode-servir-de-estudo-na-cura-relampago-da-covid-19\/"},"wordCount":460,"commentCount":0,"publisher":{"@id":"https:\/\/maranhaotv.com.br\/#organization"},"image":{"@id":"https:\/\/maranhaotv.com.br\/index.php\/2020\/05\/12\/caso-do-prefeito-luciano-genesio-pp-pode-servir-de-estudo-na-cura-relampago-da-covid-19\/#primaryimage"},"thumbnailUrl":"","articleSection":["not\u00edcias"],"inLanguage":"pt-BR","potentialAction":[{"@type":"CommentAction","name":"Comment","target":["https:\/\/maranhaotv.com.br\/index.php\/2020\/05\/12\/caso-do-prefeito-luciano-genesio-pp-pode-servir-de-estudo-na-cura-relampago-da-covid-19\/#respond"]}]},{"@type":"WebPage","@id":"https:\/\/maranhaotv.com.br\/index.php\/2020\/05\/12\/caso-do-prefeito-luciano-genesio-pp-pode-servir-de-estudo-na-cura-relampago-da-covid-19\/","url":"https:\/\/maranhaotv.com.br\/index.php\/2020\/05\/12\/caso-do-prefeito-luciano-genesio-pp-pode-servir-de-estudo-na-cura-relampago-da-covid-19\/","name":"Caso do prefeito Luciano Gen\u00e9sio (PP) pode servir de estudo na cura rel\u00e2mpago da Covid-19 - NOT\u00cdCIAS EM TEMPO REAL","isPartOf":{"@id":"https:\/\/maranhaotv.com.br\/#website"},"primaryImageOfPage":{"@id":"https:\/\/maranhaotv.com.br\/index.php\/2020\/05\/12\/caso-do-prefeito-luciano-genesio-pp-pode-servir-de-estudo-na-cura-relampago-da-covid-19\/#primaryimage"},"image":{"@id":"https:\/\/maranhaotv.com.br\/index.php\/2020\/05\/12\/caso-do-prefeito-luciano-genesio-pp-pode-servir-de-estudo-na-cura-relampago-da-covid-19\/#primaryimage"},"thumbnailUrl":"","datePublished":"2020-05-12T20:43:37+00:00","breadcrumb":{"@id":"https:\/\/maranhaotv.com.br\/index.php\/2020\/05\/12\/caso-do-prefeito-luciano-genesio-pp-pode-servir-de-estudo-na-cura-relampago-da-covid-19\/#breadcrumb"},"inLanguage":"pt-BR","potentialAction":[{"@type":"ReadAction","target":["https:\/\/maranhaotv.com.br\/index.php\/2020\/05\/12\/caso-do-prefeito-luciano-genesio-pp-pode-servir-de-estudo-na-cura-relampago-da-covid-19\/"]}]},{"@type":"ImageObject","inLanguage":"pt-BR","@id":"https:\/\/maranhaotv.com.br\/index.php\/2020\/05\/12\/caso-do-prefeito-luciano-genesio-pp-pode-servir-de-estudo-na-cura-relampago-da-covid-19\/#primaryimage","url":"","contentUrl":""},{"@type":"BreadcrumbList","@id":"https:\/\/maranhaotv.com.br\/index.php\/2020\/05\/12\/caso-do-prefeito-luciano-genesio-pp-pode-servir-de-estudo-na-cura-relampago-da-covid-19\/#breadcrumb","itemListElement":[{"@type":"ListItem","position":1,"name":"In\u00edcio","item":"https:\/\/maranhaotv.com.br\/"},{"@type":"ListItem","position":2,"name":"Caso do prefeito Luciano Gen\u00e9sio (PP) pode servir de estudo na cura rel\u00e2mpago da Covid-19"}]},{"@type":"WebSite","@id":"https:\/\/maranhaotv.com.br\/#website","url":"https:\/\/maranhaotv.com.br\/","name":"Maranh\u00e3oTV","description":"","publisher":{"@id":"https:\/\/maranhaotv.com.br\/#organization"},"potentialAction":[{"@type":"SearchAction","target":{"@type":"EntryPoint","urlTemplate":"https:\/\/maranhaotv.com.br\/?s={search_term_string}"},"query-input":{"@type":"PropertyValueSpecification","valueRequired":true,"valueName":"search_term_string"}}],"inLanguage":"pt-BR"},{"@type":"Organization","@id":"https:\/\/maranhaotv.com.br\/#organization","name":"Portal de Not\u00edcias","url":"https:\/\/maranhaotv.com.br\/","logo":{"@type":"ImageObject","inLanguage":"pt-BR","@id":"https:\/\/maranhaotv.com.br\/#\/schema\/logo\/image\/","url":"https:\/\/maranhaotv.com.br\/wp-content\/uploads\/2024\/05\/cropped-cropped-avatar-1.png","contentUrl":"https:\/\/maranhaotv.com.br\/wp-content\/uploads\/2024\/05\/cropped-cropped-avatar-1.png","width":792,"height":428,"caption":"Portal de Not\u00edcias"},"image":{"@id":"https:\/\/maranhaotv.com.br\/#\/schema\/logo\/image\/"},"sameAs":["https:\/\/www.facebook.com\/maiobaotv","https:\/\/x.com\/sitemaranhaotv","https:\/\/www.instagram.com\/maranhao.tv","https:\/\/www.threads.net\/@maranhao.tv"]},{"@type":"Person","@id":"https:\/\/maranhaotv.com.br\/#\/schema\/person\/3d54238e86b20bb5c89ab2fdb8f8829a","name":"maranhaotv","image":{"@type":"ImageObject","inLanguage":"pt-BR","@id":"https:\/\/secure.gravatar.com\/avatar\/8fadbca458d4cb68b1dd399ae9a40618d747bb1af65ac9fad21c89220a143eb4?s=96&d=mm&r=g","url":"https:\/\/secure.gravatar.com\/avatar\/8fadbca458d4cb68b1dd399ae9a40618d747bb1af65ac9fad21c89220a143eb4?s=96&d=mm&r=g","contentUrl":"https:\/\/secure.gravatar.com\/avatar\/8fadbca458d4cb68b1dd399ae9a40618d747bb1af65ac9fad21c89220a143eb4?s=96&d=mm&r=g","caption":"maranhaotv"},"sameAs":["https:\/\/maranhaotv.com.br\/"],"url":"https:\/\/maranhaotv.com.br\/index.php\/author\/maranhaotv\/"}]}},"jetpack_featured_media_url":"","jetpack_sharing_enabled":true,"_links":{"self":[{"href":"https:\/\/maranhaotv.com.br\/index.php\/wp-json\/wp\/v2\/posts\/11808","targetHints":{"allow":["GET"]}}],"collection":[{"href":"https:\/\/maranhaotv.com.br\/index.php\/wp-json\/wp\/v2\/posts"}],"about":[{"href":"https:\/\/maranhaotv.com.br\/index.php\/wp-json\/wp\/v2\/types\/post"}],"author":[{"embeddable":true,"href":"https:\/\/maranhaotv.com.br\/index.php\/wp-json\/wp\/v2\/users\/2"}],"replies":[{"embeddable":true,"href":"https:\/\/maranhaotv.com.br\/index.php\/wp-json\/wp\/v2\/comments?post=11808"}],"version-history":[{"count":0,"href":"https:\/\/maranhaotv.com.br\/index.php\/wp-json\/wp\/v2\/posts\/11808\/revisions"}],"wp:featuredmedia":[{"embeddable":true,"href":"https:\/\/maranhaotv.com.br\/index.php\/wp-json\/"}],"wp:attachment":[{"href":"https:\/\/maranhaotv.com.br\/index.php\/wp-json\/wp\/v2\/media?parent=11808"}],"wp:term":[{"taxonomy":"category","embeddable":true,"href":"https:\/\/maranhaotv.com.br\/index.php\/wp-json\/wp\/v2\/categories?post=11808"},{"taxonomy":"post_tag","embeddable":true,"href":"https:\/\/maranhaotv.com.br\/index.php\/wp-json\/wp\/v2\/tags?post=11808"}],"curies":[{"name":"wp","href":"https:\/\/api.w.org\/{rel}","templated":true}]}}