{"id":11813,"date":"2020-05-13T08:50:25","date_gmt":"2020-05-13T11:50:25","guid":{"rendered":"https:\/\/maiobaotv.com.br\/?p=11813"},"modified":"2020-05-13T08:50:25","modified_gmt":"2020-05-13T11:50:25","slug":"paco-do-lumiar-prefeitura-usa-tecnica-da-sanitizacao-para-desinfectar-espacos-publicos","status":"publish","type":"post","link":"https:\/\/maranhaotv.com.br\/index.php\/2020\/05\/13\/paco-do-lumiar-prefeitura-usa-tecnica-da-sanitizacao-para-desinfectar-espacos-publicos\/","title":{"rendered":"Pa\u00e7o do Lumiar: Prefeitura usa t\u00e9cnica da sanitiza\u00e7\u00e3o para desinfectar espa\u00e7os p\u00fablicos."},"content":{"rendered":"<p>Teve in\u00edcio na noite desta ter\u00e7a-feira (12) a sanitiza\u00e7\u00e3o de espa\u00e7os p\u00fablicos no munic\u00edpio de Pa\u00e7o do Lumiar. A medida preventiva est\u00e1 sendo refor\u00e7ada pela prefeitura para auxiliar no combate \u00e0 pandemia da Covid-19, provocada pelo novo coronav\u00edrus. A Prefeita em exerc\u00edcio, Paula Azevedo, acompanhou os trabalhos na regi\u00e3o do Maiob\u00e3o.<\/p>\n<p>Nesta primeira etapa de sanitiza\u00e7\u00e3o foram higienizadas a Avenida 13 do Maiob\u00e3o e as entradas das ag\u00eancias da Caixa Econ\u00f4mica Federal e Bradesco.<\/p>\n<p>Ao todo, 10 agentes de sanitiza\u00e7\u00e3o v\u00e3o percorrer todos os espa\u00e7os p\u00fablicos do munic\u00edpio realizando o servi\u00e7o de limpeza. Ruas, avenidas, pra\u00e7as, feiras, entrada das ag\u00eancias banc\u00e1rias, pontos de \u00f4nibus, supermercados e unidades de sa\u00fade tamb\u00e9m ter\u00e3o a limpeza refor\u00e7ada.<\/p>\n<p>Os servidores trabalham equipados com macac\u00e3o, botas e luvas de borracha, \u00f3culos de prote\u00e7\u00e3o e respiradores. Para fazer a limpeza dos ambientes, eles utilizam solu\u00e7\u00e3o de quatern\u00e1rio de am\u00f4nia de quinta gera\u00e7\u00e3o, \u00e1gua e hipoclorito de s\u00f3dio. Pulverizadores e um caminh\u00e3o pipa auxiliam os agentes.<\/p>\n<p>A aposentada Luzia da Paix\u00e3o, moradora do Maiob\u00e3o, aprovou a iniciativa da prefeitura em realizar a sanitiza\u00e7\u00e3o dos espa\u00e7os p\u00fablicos.<\/p>\n<p>\u201cEu gostei demais, principalmente porque a gente fica mais protegida. Quanto mais limpo, melhor. A Prefeitura t\u00e1 de parab\u00e9ns por mais essa a\u00e7\u00e3o no combate ao coronav\u00edrus\u201d, disse Luzia.<\/p>\n<p>Um dos produtos utilizados na limpeza das vias tem como base o quarten\u00e1rio de am\u00f4nia da 5\u00aa gera\u00e7\u00e3o, mesma tecnologia empregada pelos chineses no combate ao Covid-19. O produto age como uma pel\u00edcula que mata os micro-organismos que est\u00e3o no local (v\u00edrus, bact\u00e9rias, fungos e \u00e1caros) e forma uma camada protetora que mant\u00e9m a superf\u00edcie desinfetada.<\/p>\n<p>A prefeita Paula Azevedo destacou a import\u00e2ncia da medida.<\/p>\n<p>\u201cEstamos iniciando esse trabalho de sanitiza\u00e7\u00e3o aqui no Maiob\u00e3o, mas ele vai se estender por todos os espa\u00e7os p\u00fablicos do nosso munic\u00edpio. \u00c9 importante ressaltar que essa a\u00e7\u00e3o j\u00e1 foi desenvolvida em pa\u00edses e cidades que enfrentaram, com sucesso, a epidemia do coronav\u00edrus. Essa medida vai auxiliar para impedir a propaga\u00e7\u00e3o do v\u00edrus aqui em Pa\u00e7o do Lumiar\u201d, pontuou a Prefeita Paula.<\/p>\n<p>Tamb\u00e9m acompanharam o in\u00edcio dos servi\u00e7os de sanitiza\u00e7\u00e3o em Pa\u00e7o do Lumiar, a Secret\u00e1ria de Sa\u00fade do Munic\u00edpio, Soraya Santana; o Secret\u00e1rio de Planejamento e Articula\u00e7\u00e3o Governamental, Jameson Malheiros; a Secret\u00e1ria de Meio Ambiente, Agatha Macedo; o Secret\u00e1rio de Infraestrutura, Walburg Neto; al\u00e9m dos vereadores: Marinho do Pa\u00e7o e J\u00falio Pinheiro.<\/p>\n<p>Apesar de todo esfor\u00e7o da gest\u00e3o administrativa, a orienta\u00e7\u00e3o continua para que as pessoas pratiquem o isolamento social.<\/p>\n<p><img loading=\"lazy\" decoding=\"async\" src=\"https:\/\/maiobaotv.com.br\/wp-content\/uploads\/2020\/05\/img-20200513-wa00404659552076846191752.jpg\" class=\"wp-image-11812 alignnone size-full\" width=\"1280\" height=\"853\"><\/p>\n","protected":false},"excerpt":{"rendered":"<p>Teve in\u00edcio na noite desta ter\u00e7a-feira (12) a sanitiza\u00e7\u00e3o de espa\u00e7os p\u00fablicos no munic\u00edpio de Pa\u00e7o do Lumiar. A medida<\/p>\n","protected":false},"author":2,"featured_media":11814,"comment_status":"open","ping_status":"open","sticky":false,"template":"","format":"standard","meta":{"colormag_page_container_layout":"default_layout","colormag_page_sidebar_layout":"default_layout","_jetpack_memberships_contains_paid_content":false,"footnotes":""},"categories":[8],"tags":[],"class_list":["post-11813","post","type-post","status-publish","format-standard","has-post-thumbnail","hentry","category-servicos"],"magazineBlocksPostFeaturedMedia":{"thumbnail":false,"medium":false,"medium_large":false,"large":false,"1536x1536":false,"2048x2048":false,"colormag-highlighted-post":false,"colormag-featured-post-medium":false,"colormag-featured-post-small":false,"colormag-featured-image":false,"colormag-default-news":false,"colormag-featured-image-large":false},"magazineBlocksPostAuthor":{"name":"maranhaotv","avatar":"https:\/\/secure.gravatar.com\/avatar\/8fadbca458d4cb68b1dd399ae9a40618d747bb1af65ac9fad21c89220a143eb4?s=96&d=mm&r=g"},"magazineBlocksPostCommentsNumber":"0","magazineBlocksPostExcerpt":"Teve in\u00edcio na noite desta ter\u00e7a-feira (12) a sanitiza\u00e7\u00e3o de espa\u00e7os p\u00fablicos no munic\u00edpio de Pa\u00e7o do Lumiar. A medida","magazineBlocksPostCategories":["servi\u00e7os"],"magazineBlocksPostViewCount":107,"magazineBlocksPostReadTime":3,"magazine_blocks_featured_image_url":{"full":false,"medium":false,"thumbnail":false},"magazine_blocks_author":{"display_name":"maranhaotv","author_link":"https:\/\/maranhaotv.com.br\/index.php\/author\/maranhaotv\/"},"magazine_blocks_comment":0,"magazine_blocks_author_image":"https:\/\/secure.gravatar.com\/avatar\/8fadbca458d4cb68b1dd399ae9a40618d747bb1af65ac9fad21c89220a143eb4?s=96&d=mm&r=g","magazine_blocks_category":"<a href=\"#\" class=\"category-link category-link-8\">servi\u00e7os<\/a>","yoast_head":"<!-- This site is optimized with the Yoast SEO plugin v27.4 - https:\/\/yoast.com\/product\/yoast-seo-wordpress\/ -->\n<title>Pa\u00e7o do Lumiar: Prefeitura usa t\u00e9cnica da sanitiza\u00e7\u00e3o para desinfectar espa\u00e7os p\u00fablicos. - NOT\u00cdCIAS EM TEMPO REAL<\/title>\n<meta name=\"robots\" content=\"index, follow, max-snippet:-1, max-image-preview:large, max-video-preview:-1\" \/>\n<link rel=\"canonical\" href=\"https:\/\/maranhaotv.com.br\/index.php\/2020\/05\/13\/paco-do-lumiar-prefeitura-usa-tecnica-da-sanitizacao-para-desinfectar-espacos-publicos\/\" \/>\n<meta property=\"og:locale\" content=\"pt_BR\" \/>\n<meta property=\"og:type\" content=\"article\" \/>\n<meta property=\"og:title\" content=\"Pa\u00e7o do Lumiar: Prefeitura usa t\u00e9cnica da sanitiza\u00e7\u00e3o para desinfectar espa\u00e7os p\u00fablicos. - NOT\u00cdCIAS EM TEMPO REAL\" \/>\n<meta property=\"og:description\" content=\"Teve in\u00edcio na noite desta ter\u00e7a-feira (12) a sanitiza\u00e7\u00e3o de espa\u00e7os p\u00fablicos no munic\u00edpio de Pa\u00e7o do Lumiar. A medida\" \/>\n<meta property=\"og:url\" content=\"https:\/\/maranhaotv.com.br\/index.php\/2020\/05\/13\/paco-do-lumiar-prefeitura-usa-tecnica-da-sanitizacao-para-desinfectar-espacos-publicos\/\" \/>\n<meta property=\"og:site_name\" content=\"NOT\u00cdCIAS EM TEMPO REAL\" \/>\n<meta property=\"article:publisher\" content=\"https:\/\/www.facebook.com\/maiobaotv\" \/>\n<meta property=\"article:published_time\" content=\"2020-05-13T11:50:25+00:00\" \/>\n<meta name=\"author\" content=\"maranhaotv\" \/>\n<meta name=\"twitter:card\" content=\"summary_large_image\" \/>\n<meta name=\"twitter:creator\" content=\"@sitemaranhaotv\" \/>\n<meta name=\"twitter:site\" content=\"@sitemaranhaotv\" \/>\n<meta name=\"twitter:label1\" content=\"Escrito por\" \/>\n\t<meta name=\"twitter:data1\" content=\"maranhaotv\" \/>\n\t<meta name=\"twitter:label2\" content=\"Est. tempo de leitura\" \/>\n\t<meta name=\"twitter:data2\" content=\"2 minutos\" \/>\n<script type=\"application\/ld+json\" class=\"yoast-schema-graph\">{\"@context\":\"https:\\\/\\\/schema.org\",\"@graph\":[{\"@type\":\"Article\",\"@id\":\"https:\\\/\\\/maranhaotv.com.br\\\/index.php\\\/2020\\\/05\\\/13\\\/paco-do-lumiar-prefeitura-usa-tecnica-da-sanitizacao-para-desinfectar-espacos-publicos\\\/#article\",\"isPartOf\":{\"@id\":\"https:\\\/\\\/maranhaotv.com.br\\\/index.php\\\/2020\\\/05\\\/13\\\/paco-do-lumiar-prefeitura-usa-tecnica-da-sanitizacao-para-desinfectar-espacos-publicos\\\/\"},\"author\":{\"name\":\"maranhaotv\",\"@id\":\"https:\\\/\\\/maranhaotv.com.br\\\/#\\\/schema\\\/person\\\/3d54238e86b20bb5c89ab2fdb8f8829a\"},\"headline\":\"Pa\u00e7o do Lumiar: Prefeitura usa t\u00e9cnica da sanitiza\u00e7\u00e3o para desinfectar espa\u00e7os p\u00fablicos.\",\"datePublished\":\"2020-05-13T11:50:25+00:00\",\"mainEntityOfPage\":{\"@id\":\"https:\\\/\\\/maranhaotv.com.br\\\/index.php\\\/2020\\\/05\\\/13\\\/paco-do-lumiar-prefeitura-usa-tecnica-da-sanitizacao-para-desinfectar-espacos-publicos\\\/\"},\"wordCount\":499,\"commentCount\":0,\"publisher\":{\"@id\":\"https:\\\/\\\/maranhaotv.com.br\\\/#organization\"},\"image\":{\"@id\":\"https:\\\/\\\/maranhaotv.com.br\\\/index.php\\\/2020\\\/05\\\/13\\\/paco-do-lumiar-prefeitura-usa-tecnica-da-sanitizacao-para-desinfectar-espacos-publicos\\\/#primaryimage\"},\"thumbnailUrl\":\"\",\"articleSection\":[\"servi\u00e7os\"],\"inLanguage\":\"pt-BR\",\"potentialAction\":[{\"@type\":\"CommentAction\",\"name\":\"Comment\",\"target\":[\"https:\\\/\\\/maranhaotv.com.br\\\/index.php\\\/2020\\\/05\\\/13\\\/paco-do-lumiar-prefeitura-usa-tecnica-da-sanitizacao-para-desinfectar-espacos-publicos\\\/#respond\"]}]},{\"@type\":\"WebPage\",\"@id\":\"https:\\\/\\\/maranhaotv.com.br\\\/index.php\\\/2020\\\/05\\\/13\\\/paco-do-lumiar-prefeitura-usa-tecnica-da-sanitizacao-para-desinfectar-espacos-publicos\\\/\",\"url\":\"https:\\\/\\\/maranhaotv.com.br\\\/index.php\\\/2020\\\/05\\\/13\\\/paco-do-lumiar-prefeitura-usa-tecnica-da-sanitizacao-para-desinfectar-espacos-publicos\\\/\",\"name\":\"Pa\u00e7o do Lumiar: Prefeitura usa t\u00e9cnica da sanitiza\u00e7\u00e3o para desinfectar espa\u00e7os p\u00fablicos. - NOT\u00cdCIAS EM TEMPO REAL\",\"isPartOf\":{\"@id\":\"https:\\\/\\\/maranhaotv.com.br\\\/#website\"},\"primaryImageOfPage\":{\"@id\":\"https:\\\/\\\/maranhaotv.com.br\\\/index.php\\\/2020\\\/05\\\/13\\\/paco-do-lumiar-prefeitura-usa-tecnica-da-sanitizacao-para-desinfectar-espacos-publicos\\\/#primaryimage\"},\"image\":{\"@id\":\"https:\\\/\\\/maranhaotv.com.br\\\/index.php\\\/2020\\\/05\\\/13\\\/paco-do-lumiar-prefeitura-usa-tecnica-da-sanitizacao-para-desinfectar-espacos-publicos\\\/#primaryimage\"},\"thumbnailUrl\":\"\",\"datePublished\":\"2020-05-13T11:50:25+00:00\",\"breadcrumb\":{\"@id\":\"https:\\\/\\\/maranhaotv.com.br\\\/index.php\\\/2020\\\/05\\\/13\\\/paco-do-lumiar-prefeitura-usa-tecnica-da-sanitizacao-para-desinfectar-espacos-publicos\\\/#breadcrumb\"},\"inLanguage\":\"pt-BR\",\"potentialAction\":[{\"@type\":\"ReadAction\",\"target\":[\"https:\\\/\\\/maranhaotv.com.br\\\/index.php\\\/2020\\\/05\\\/13\\\/paco-do-lumiar-prefeitura-usa-tecnica-da-sanitizacao-para-desinfectar-espacos-publicos\\\/\"]}]},{\"@type\":\"ImageObject\",\"inLanguage\":\"pt-BR\",\"@id\":\"https:\\\/\\\/maranhaotv.com.br\\\/index.php\\\/2020\\\/05\\\/13\\\/paco-do-lumiar-prefeitura-usa-tecnica-da-sanitizacao-para-desinfectar-espacos-publicos\\\/#primaryimage\",\"url\":\"\",\"contentUrl\":\"\"},{\"@type\":\"BreadcrumbList\",\"@id\":\"https:\\\/\\\/maranhaotv.com.br\\\/index.php\\\/2020\\\/05\\\/13\\\/paco-do-lumiar-prefeitura-usa-tecnica-da-sanitizacao-para-desinfectar-espacos-publicos\\\/#breadcrumb\",\"itemListElement\":[{\"@type\":\"ListItem\",\"position\":1,\"name\":\"In\u00edcio\",\"item\":\"https:\\\/\\\/maranhaotv.com.br\\\/\"},{\"@type\":\"ListItem\",\"position\":2,\"name\":\"Pa\u00e7o do Lumiar: Prefeitura usa t\u00e9cnica da sanitiza\u00e7\u00e3o para desinfectar espa\u00e7os p\u00fablicos.\"}]},{\"@type\":\"WebSite\",\"@id\":\"https:\\\/\\\/maranhaotv.com.br\\\/#website\",\"url\":\"https:\\\/\\\/maranhaotv.com.br\\\/\",\"name\":\"Maranh\u00e3oTV\",\"description\":\"\",\"publisher\":{\"@id\":\"https:\\\/\\\/maranhaotv.com.br\\\/#organization\"},\"potentialAction\":[{\"@type\":\"SearchAction\",\"target\":{\"@type\":\"EntryPoint\",\"urlTemplate\":\"https:\\\/\\\/maranhaotv.com.br\\\/?s={search_term_string}\"},\"query-input\":{\"@type\":\"PropertyValueSpecification\",\"valueRequired\":true,\"valueName\":\"search_term_string\"}}],\"inLanguage\":\"pt-BR\"},{\"@type\":\"Organization\",\"@id\":\"https:\\\/\\\/maranhaotv.com.br\\\/#organization\",\"name\":\"Portal de Not\u00edcias\",\"url\":\"https:\\\/\\\/maranhaotv.com.br\\\/\",\"logo\":{\"@type\":\"ImageObject\",\"inLanguage\":\"pt-BR\",\"@id\":\"https:\\\/\\\/maranhaotv.com.br\\\/#\\\/schema\\\/logo\\\/image\\\/\",\"url\":\"https:\\\/\\\/maranhaotv.com.br\\\/wp-content\\\/uploads\\\/2024\\\/05\\\/cropped-cropped-avatar-1.png\",\"contentUrl\":\"https:\\\/\\\/maranhaotv.com.br\\\/wp-content\\\/uploads\\\/2024\\\/05\\\/cropped-cropped-avatar-1.png\",\"width\":792,\"height\":428,\"caption\":\"Portal de Not\u00edcias\"},\"image\":{\"@id\":\"https:\\\/\\\/maranhaotv.com.br\\\/#\\\/schema\\\/logo\\\/image\\\/\"},\"sameAs\":[\"https:\\\/\\\/www.facebook.com\\\/maiobaotv\",\"https:\\\/\\\/x.com\\\/sitemaranhaotv\",\"https:\\\/\\\/www.instagram.com\\\/maranhao.tv\",\"https:\\\/\\\/www.threads.net\\\/@maranhao.tv\"]},{\"@type\":\"Person\",\"@id\":\"https:\\\/\\\/maranhaotv.com.br\\\/#\\\/schema\\\/person\\\/3d54238e86b20bb5c89ab2fdb8f8829a\",\"name\":\"maranhaotv\",\"image\":{\"@type\":\"ImageObject\",\"inLanguage\":\"pt-BR\",\"@id\":\"https:\\\/\\\/secure.gravatar.com\\\/avatar\\\/8fadbca458d4cb68b1dd399ae9a40618d747bb1af65ac9fad21c89220a143eb4?s=96&d=mm&r=g\",\"url\":\"https:\\\/\\\/secure.gravatar.com\\\/avatar\\\/8fadbca458d4cb68b1dd399ae9a40618d747bb1af65ac9fad21c89220a143eb4?s=96&d=mm&r=g\",\"contentUrl\":\"https:\\\/\\\/secure.gravatar.com\\\/avatar\\\/8fadbca458d4cb68b1dd399ae9a40618d747bb1af65ac9fad21c89220a143eb4?s=96&d=mm&r=g\",\"caption\":\"maranhaotv\"},\"sameAs\":[\"https:\\\/\\\/maranhaotv.com.br\\\/\"],\"url\":\"https:\\\/\\\/maranhaotv.com.br\\\/index.php\\\/author\\\/maranhaotv\\\/\"}]}<\/script>\n<!-- \/ Yoast SEO plugin. -->","yoast_head_json":{"title":"Pa\u00e7o do Lumiar: Prefeitura usa t\u00e9cnica da sanitiza\u00e7\u00e3o para desinfectar espa\u00e7os p\u00fablicos. - NOT\u00cdCIAS EM TEMPO REAL","robots":{"index":"index","follow":"follow","max-snippet":"max-snippet:-1","max-image-preview":"max-image-preview:large","max-video-preview":"max-video-preview:-1"},"canonical":"https:\/\/maranhaotv.com.br\/index.php\/2020\/05\/13\/paco-do-lumiar-prefeitura-usa-tecnica-da-sanitizacao-para-desinfectar-espacos-publicos\/","og_locale":"pt_BR","og_type":"article","og_title":"Pa\u00e7o do Lumiar: Prefeitura usa t\u00e9cnica da sanitiza\u00e7\u00e3o para desinfectar espa\u00e7os p\u00fablicos. - NOT\u00cdCIAS EM TEMPO REAL","og_description":"Teve in\u00edcio na noite desta ter\u00e7a-feira (12) a sanitiza\u00e7\u00e3o de espa\u00e7os p\u00fablicos no munic\u00edpio de Pa\u00e7o do Lumiar. A medida","og_url":"https:\/\/maranhaotv.com.br\/index.php\/2020\/05\/13\/paco-do-lumiar-prefeitura-usa-tecnica-da-sanitizacao-para-desinfectar-espacos-publicos\/","og_site_name":"NOT\u00cdCIAS EM TEMPO REAL","article_publisher":"https:\/\/www.facebook.com\/maiobaotv","article_published_time":"2020-05-13T11:50:25+00:00","author":"maranhaotv","twitter_card":"summary_large_image","twitter_creator":"@sitemaranhaotv","twitter_site":"@sitemaranhaotv","twitter_misc":{"Escrito por":"maranhaotv","Est. tempo de leitura":"2 minutos"},"schema":{"@context":"https:\/\/schema.org","@graph":[{"@type":"Article","@id":"https:\/\/maranhaotv.com.br\/index.php\/2020\/05\/13\/paco-do-lumiar-prefeitura-usa-tecnica-da-sanitizacao-para-desinfectar-espacos-publicos\/#article","isPartOf":{"@id":"https:\/\/maranhaotv.com.br\/index.php\/2020\/05\/13\/paco-do-lumiar-prefeitura-usa-tecnica-da-sanitizacao-para-desinfectar-espacos-publicos\/"},"author":{"name":"maranhaotv","@id":"https:\/\/maranhaotv.com.br\/#\/schema\/person\/3d54238e86b20bb5c89ab2fdb8f8829a"},"headline":"Pa\u00e7o do Lumiar: Prefeitura usa t\u00e9cnica da sanitiza\u00e7\u00e3o para desinfectar espa\u00e7os p\u00fablicos.","datePublished":"2020-05-13T11:50:25+00:00","mainEntityOfPage":{"@id":"https:\/\/maranhaotv.com.br\/index.php\/2020\/05\/13\/paco-do-lumiar-prefeitura-usa-tecnica-da-sanitizacao-para-desinfectar-espacos-publicos\/"},"wordCount":499,"commentCount":0,"publisher":{"@id":"https:\/\/maranhaotv.com.br\/#organization"},"image":{"@id":"https:\/\/maranhaotv.com.br\/index.php\/2020\/05\/13\/paco-do-lumiar-prefeitura-usa-tecnica-da-sanitizacao-para-desinfectar-espacos-publicos\/#primaryimage"},"thumbnailUrl":"","articleSection":["servi\u00e7os"],"inLanguage":"pt-BR","potentialAction":[{"@type":"CommentAction","name":"Comment","target":["https:\/\/maranhaotv.com.br\/index.php\/2020\/05\/13\/paco-do-lumiar-prefeitura-usa-tecnica-da-sanitizacao-para-desinfectar-espacos-publicos\/#respond"]}]},{"@type":"WebPage","@id":"https:\/\/maranhaotv.com.br\/index.php\/2020\/05\/13\/paco-do-lumiar-prefeitura-usa-tecnica-da-sanitizacao-para-desinfectar-espacos-publicos\/","url":"https:\/\/maranhaotv.com.br\/index.php\/2020\/05\/13\/paco-do-lumiar-prefeitura-usa-tecnica-da-sanitizacao-para-desinfectar-espacos-publicos\/","name":"Pa\u00e7o do Lumiar: Prefeitura usa t\u00e9cnica da sanitiza\u00e7\u00e3o para desinfectar espa\u00e7os p\u00fablicos. - NOT\u00cdCIAS EM TEMPO REAL","isPartOf":{"@id":"https:\/\/maranhaotv.com.br\/#website"},"primaryImageOfPage":{"@id":"https:\/\/maranhaotv.com.br\/index.php\/2020\/05\/13\/paco-do-lumiar-prefeitura-usa-tecnica-da-sanitizacao-para-desinfectar-espacos-publicos\/#primaryimage"},"image":{"@id":"https:\/\/maranhaotv.com.br\/index.php\/2020\/05\/13\/paco-do-lumiar-prefeitura-usa-tecnica-da-sanitizacao-para-desinfectar-espacos-publicos\/#primaryimage"},"thumbnailUrl":"","datePublished":"2020-05-13T11:50:25+00:00","breadcrumb":{"@id":"https:\/\/maranhaotv.com.br\/index.php\/2020\/05\/13\/paco-do-lumiar-prefeitura-usa-tecnica-da-sanitizacao-para-desinfectar-espacos-publicos\/#breadcrumb"},"inLanguage":"pt-BR","potentialAction":[{"@type":"ReadAction","target":["https:\/\/maranhaotv.com.br\/index.php\/2020\/05\/13\/paco-do-lumiar-prefeitura-usa-tecnica-da-sanitizacao-para-desinfectar-espacos-publicos\/"]}]},{"@type":"ImageObject","inLanguage":"pt-BR","@id":"https:\/\/maranhaotv.com.br\/index.php\/2020\/05\/13\/paco-do-lumiar-prefeitura-usa-tecnica-da-sanitizacao-para-desinfectar-espacos-publicos\/#primaryimage","url":"","contentUrl":""},{"@type":"BreadcrumbList","@id":"https:\/\/maranhaotv.com.br\/index.php\/2020\/05\/13\/paco-do-lumiar-prefeitura-usa-tecnica-da-sanitizacao-para-desinfectar-espacos-publicos\/#breadcrumb","itemListElement":[{"@type":"ListItem","position":1,"name":"In\u00edcio","item":"https:\/\/maranhaotv.com.br\/"},{"@type":"ListItem","position":2,"name":"Pa\u00e7o do Lumiar: Prefeitura usa t\u00e9cnica da sanitiza\u00e7\u00e3o para desinfectar espa\u00e7os p\u00fablicos."}]},{"@type":"WebSite","@id":"https:\/\/maranhaotv.com.br\/#website","url":"https:\/\/maranhaotv.com.br\/","name":"Maranh\u00e3oTV","description":"","publisher":{"@id":"https:\/\/maranhaotv.com.br\/#organization"},"potentialAction":[{"@type":"SearchAction","target":{"@type":"EntryPoint","urlTemplate":"https:\/\/maranhaotv.com.br\/?s={search_term_string}"},"query-input":{"@type":"PropertyValueSpecification","valueRequired":true,"valueName":"search_term_string"}}],"inLanguage":"pt-BR"},{"@type":"Organization","@id":"https:\/\/maranhaotv.com.br\/#organization","name":"Portal de Not\u00edcias","url":"https:\/\/maranhaotv.com.br\/","logo":{"@type":"ImageObject","inLanguage":"pt-BR","@id":"https:\/\/maranhaotv.com.br\/#\/schema\/logo\/image\/","url":"https:\/\/maranhaotv.com.br\/wp-content\/uploads\/2024\/05\/cropped-cropped-avatar-1.png","contentUrl":"https:\/\/maranhaotv.com.br\/wp-content\/uploads\/2024\/05\/cropped-cropped-avatar-1.png","width":792,"height":428,"caption":"Portal de Not\u00edcias"},"image":{"@id":"https:\/\/maranhaotv.com.br\/#\/schema\/logo\/image\/"},"sameAs":["https:\/\/www.facebook.com\/maiobaotv","https:\/\/x.com\/sitemaranhaotv","https:\/\/www.instagram.com\/maranhao.tv","https:\/\/www.threads.net\/@maranhao.tv"]},{"@type":"Person","@id":"https:\/\/maranhaotv.com.br\/#\/schema\/person\/3d54238e86b20bb5c89ab2fdb8f8829a","name":"maranhaotv","image":{"@type":"ImageObject","inLanguage":"pt-BR","@id":"https:\/\/secure.gravatar.com\/avatar\/8fadbca458d4cb68b1dd399ae9a40618d747bb1af65ac9fad21c89220a143eb4?s=96&d=mm&r=g","url":"https:\/\/secure.gravatar.com\/avatar\/8fadbca458d4cb68b1dd399ae9a40618d747bb1af65ac9fad21c89220a143eb4?s=96&d=mm&r=g","contentUrl":"https:\/\/secure.gravatar.com\/avatar\/8fadbca458d4cb68b1dd399ae9a40618d747bb1af65ac9fad21c89220a143eb4?s=96&d=mm&r=g","caption":"maranhaotv"},"sameAs":["https:\/\/maranhaotv.com.br\/"],"url":"https:\/\/maranhaotv.com.br\/index.php\/author\/maranhaotv\/"}]}},"jetpack_featured_media_url":"","jetpack_sharing_enabled":true,"_links":{"self":[{"href":"https:\/\/maranhaotv.com.br\/index.php\/wp-json\/wp\/v2\/posts\/11813","targetHints":{"allow":["GET"]}}],"collection":[{"href":"https:\/\/maranhaotv.com.br\/index.php\/wp-json\/wp\/v2\/posts"}],"about":[{"href":"https:\/\/maranhaotv.com.br\/index.php\/wp-json\/wp\/v2\/types\/post"}],"author":[{"embeddable":true,"href":"https:\/\/maranhaotv.com.br\/index.php\/wp-json\/wp\/v2\/users\/2"}],"replies":[{"embeddable":true,"href":"https:\/\/maranhaotv.com.br\/index.php\/wp-json\/wp\/v2\/comments?post=11813"}],"version-history":[{"count":0,"href":"https:\/\/maranhaotv.com.br\/index.php\/wp-json\/wp\/v2\/posts\/11813\/revisions"}],"wp:featuredmedia":[{"embeddable":true,"href":"https:\/\/maranhaotv.com.br\/index.php\/wp-json\/"}],"wp:attachment":[{"href":"https:\/\/maranhaotv.com.br\/index.php\/wp-json\/wp\/v2\/media?parent=11813"}],"wp:term":[{"taxonomy":"category","embeddable":true,"href":"https:\/\/maranhaotv.com.br\/index.php\/wp-json\/wp\/v2\/categories?post=11813"},{"taxonomy":"post_tag","embeddable":true,"href":"https:\/\/maranhaotv.com.br\/index.php\/wp-json\/wp\/v2\/tags?post=11813"}],"curies":[{"name":"wp","href":"https:\/\/api.w.org\/{rel}","templated":true}]}}