{"id":11854,"date":"2020-05-14T19:37:38","date_gmt":"2020-05-14T22:37:38","guid":{"rendered":"https:\/\/maiobaotv.com.br\/?p=11854"},"modified":"2020-05-14T19:37:38","modified_gmt":"2020-05-14T22:37:38","slug":"beto-das-vilas-preside-sessao-que-isenta-taxa-de-iluminacao-publica-durante-pandemia-em-ribamar","status":"publish","type":"post","link":"https:\/\/maranhaotv.com.br\/index.php\/2020\/05\/14\/beto-das-vilas-preside-sessao-que-isenta-taxa-de-iluminacao-publica-durante-pandemia-em-ribamar\/","title":{"rendered":"Beto das Vilas preside sess\u00e3o que isenta taxa de ilumina\u00e7\u00e3o p\u00fablica durante pandemia em Ribamar"},"content":{"rendered":"<p>A C\u00e2mara de Vereadores de S\u00e3o Jos\u00e9 de Ribamar realizou nesta quarta-feira (13), mais uma sess\u00e3o remota em decorr\u00eancia da pandemia causada pelo novo coronav\u00edrus. Presidida pelo presidente Beto das Vilas (Republicanos), foram votadas mat\u00e9rias importantes que beneficiar\u00e3o a popula\u00e7\u00e3o ribamarense.<\/p>\n<p>Dentre as pautas aprovadas, est\u00e1 o Projeto de Lei de autoria do vereador Cristiano, que disp\u00f5e de normas espec\u00edficas para a regulamenta\u00e7\u00e3o do ensino preparat\u00f3rio durante a vig\u00eancia do estado de calamidade p\u00fablica e os efeitos da pandemia da COVID-19.<\/p>\n<p>Outro projeto importante aprovado durante a sess\u00e3o remota disp\u00f5e sobre a isen\u00e7\u00e3o da contribui\u00e7\u00e3o para custeio do servi\u00e7o de ilumina\u00e7\u00e3o p\u00fablica (CIP), tamb\u00e9m durante o per\u00edodo de pandemia.<\/p>\n<p>Tamb\u00e9m foram aprovadas as indica\u00e7\u00e3o do vereador Paulo Alencar, que solicita provid\u00eancias junto \u00e0 Secret\u00e1ria Municipal da Sa\u00fade-SEMUS para que seja providenciada a blitz da sa\u00fade para controle epidemiol\u00f3gico em alguns pontos deste munic\u00edpio e o requerimento de autoria do vereador Nonato Lima, que requer a suspens\u00e3o dos descontos de empr\u00e9stimo consignados em folha dos servidores da C\u00e2mara Municipal de S\u00e3o Jos\u00e9 de Ribamar em decorr\u00eancia da pandemia causada pelo corona v\u00edrus (COVID-19) pelo prazo de 90 (noventa) dias ou enquanto durar o per\u00edodo da pandemia.<\/p>\n<p>O presidente da C\u00e2mara destacou a import\u00e2ncia dos projetos para a popula\u00e7\u00e3o ribamarense. \u201cMesmo durante o per\u00edodo de pandemia e lockdown na grande Ilha, criamos mecanismos para continuar apreciando pautas de grande relev\u00e2ncia para nosso munic\u00edpio. Hoje, durante a sess\u00e3o, aprovamos mat\u00e9rias importantes, entre elas, a isen\u00e7\u00e3o da taxa de contribui\u00e7\u00e3o da Ilumina\u00e7\u00e3o P\u00fablica, o que resultar\u00e1 em uma redu\u00e7\u00e3o nas contas de energia do cidad\u00e3o ribamarense.\u201d Destacou Beto das Vilas.<\/p>\n<p><img loading=\"lazy\" decoding=\"async\" src=\"https:\/\/maiobaotv.com.br\/wp-content\/uploads\/2020\/05\/img-20200514-wa06182913470904006973359.jpg\" class=\"wp-image-11853 alignnone size-full\" width=\"646\" height=\"353\"><\/p>\n<p>Portal Maramais<\/p>\n","protected":false},"excerpt":{"rendered":"<p>A C\u00e2mara de Vereadores de S\u00e3o Jos\u00e9 de Ribamar realizou nesta quarta-feira (13), mais uma sess\u00e3o remota em decorr\u00eancia da<\/p>\n","protected":false},"author":2,"featured_media":11855,"comment_status":"open","ping_status":"open","sticky":false,"template":"","format":"standard","meta":{"colormag_page_container_layout":"default_layout","colormag_page_sidebar_layout":"default_layout","_jetpack_memberships_contains_paid_content":false,"footnotes":""},"categories":[2],"tags":[],"class_list":["post-11854","post","type-post","status-publish","format-standard","has-post-thumbnail","hentry","category-noticias"],"magazineBlocksPostFeaturedMedia":{"thumbnail":false,"medium":false,"medium_large":false,"large":false,"1536x1536":false,"2048x2048":false,"colormag-highlighted-post":false,"colormag-featured-post-medium":false,"colormag-featured-post-small":false,"colormag-featured-image":false,"colormag-default-news":false,"colormag-featured-image-large":false},"magazineBlocksPostAuthor":{"name":"maranhaotv","avatar":"https:\/\/secure.gravatar.com\/avatar\/8fadbca458d4cb68b1dd399ae9a40618d747bb1af65ac9fad21c89220a143eb4?s=96&d=mm&r=g"},"magazineBlocksPostCommentsNumber":"0","magazineBlocksPostExcerpt":"A C\u00e2mara de Vereadores de S\u00e3o Jos\u00e9 de Ribamar realizou nesta quarta-feira (13), mais uma sess\u00e3o remota em decorr\u00eancia da","magazineBlocksPostCategories":["not\u00edcias"],"magazineBlocksPostViewCount":203,"magazineBlocksPostReadTime":2,"magazine_blocks_featured_image_url":{"full":false,"medium":false,"thumbnail":false},"magazine_blocks_author":{"display_name":"maranhaotv","author_link":"https:\/\/maranhaotv.com.br\/index.php\/author\/maranhaotv\/"},"magazine_blocks_comment":0,"magazine_blocks_author_image":"https:\/\/secure.gravatar.com\/avatar\/8fadbca458d4cb68b1dd399ae9a40618d747bb1af65ac9fad21c89220a143eb4?s=96&d=mm&r=g","magazine_blocks_category":"<a href=\"#\" class=\"category-link category-link-2\">not\u00edcias<\/a>","yoast_head":"<!-- This site is optimized with the Yoast SEO plugin v27.4 - https:\/\/yoast.com\/product\/yoast-seo-wordpress\/ -->\n<title>Beto das Vilas preside sess\u00e3o que isenta taxa de ilumina\u00e7\u00e3o p\u00fablica durante pandemia em Ribamar - NOT\u00cdCIAS EM TEMPO REAL<\/title>\n<meta name=\"robots\" content=\"index, follow, max-snippet:-1, max-image-preview:large, max-video-preview:-1\" \/>\n<link rel=\"canonical\" href=\"https:\/\/maranhaotv.com.br\/index.php\/2020\/05\/14\/beto-das-vilas-preside-sessao-que-isenta-taxa-de-iluminacao-publica-durante-pandemia-em-ribamar\/\" \/>\n<meta property=\"og:locale\" content=\"pt_BR\" \/>\n<meta property=\"og:type\" content=\"article\" \/>\n<meta property=\"og:title\" content=\"Beto das Vilas preside sess\u00e3o que isenta taxa de ilumina\u00e7\u00e3o p\u00fablica durante pandemia em Ribamar - NOT\u00cdCIAS EM TEMPO REAL\" \/>\n<meta property=\"og:description\" content=\"A C\u00e2mara de Vereadores de S\u00e3o Jos\u00e9 de Ribamar realizou nesta quarta-feira (13), mais uma sess\u00e3o remota em decorr\u00eancia da\" \/>\n<meta property=\"og:url\" content=\"https:\/\/maranhaotv.com.br\/index.php\/2020\/05\/14\/beto-das-vilas-preside-sessao-que-isenta-taxa-de-iluminacao-publica-durante-pandemia-em-ribamar\/\" \/>\n<meta property=\"og:site_name\" content=\"NOT\u00cdCIAS EM TEMPO REAL\" \/>\n<meta property=\"article:publisher\" content=\"https:\/\/www.facebook.com\/maiobaotv\" \/>\n<meta property=\"article:published_time\" content=\"2020-05-14T22:37:38+00:00\" \/>\n<meta name=\"author\" content=\"maranhaotv\" \/>\n<meta name=\"twitter:card\" content=\"summary_large_image\" \/>\n<meta name=\"twitter:creator\" content=\"@sitemaranhaotv\" \/>\n<meta name=\"twitter:site\" content=\"@sitemaranhaotv\" \/>\n<meta name=\"twitter:label1\" content=\"Escrito por\" \/>\n\t<meta name=\"twitter:data1\" content=\"maranhaotv\" \/>\n\t<meta name=\"twitter:label2\" content=\"Est. tempo de leitura\" \/>\n\t<meta name=\"twitter:data2\" content=\"2 minutos\" \/>\n<script type=\"application\/ld+json\" class=\"yoast-schema-graph\">{\"@context\":\"https:\\\/\\\/schema.org\",\"@graph\":[{\"@type\":\"Article\",\"@id\":\"https:\\\/\\\/maranhaotv.com.br\\\/index.php\\\/2020\\\/05\\\/14\\\/beto-das-vilas-preside-sessao-que-isenta-taxa-de-iluminacao-publica-durante-pandemia-em-ribamar\\\/#article\",\"isPartOf\":{\"@id\":\"https:\\\/\\\/maranhaotv.com.br\\\/index.php\\\/2020\\\/05\\\/14\\\/beto-das-vilas-preside-sessao-que-isenta-taxa-de-iluminacao-publica-durante-pandemia-em-ribamar\\\/\"},\"author\":{\"name\":\"maranhaotv\",\"@id\":\"https:\\\/\\\/maranhaotv.com.br\\\/#\\\/schema\\\/person\\\/3d54238e86b20bb5c89ab2fdb8f8829a\"},\"headline\":\"Beto das Vilas preside sess\u00e3o que isenta taxa de ilumina\u00e7\u00e3o p\u00fablica durante pandemia em Ribamar\",\"datePublished\":\"2020-05-14T22:37:38+00:00\",\"mainEntityOfPage\":{\"@id\":\"https:\\\/\\\/maranhaotv.com.br\\\/index.php\\\/2020\\\/05\\\/14\\\/beto-das-vilas-preside-sessao-que-isenta-taxa-de-iluminacao-publica-durante-pandemia-em-ribamar\\\/\"},\"wordCount\":335,\"commentCount\":0,\"publisher\":{\"@id\":\"https:\\\/\\\/maranhaotv.com.br\\\/#organization\"},\"image\":{\"@id\":\"https:\\\/\\\/maranhaotv.com.br\\\/index.php\\\/2020\\\/05\\\/14\\\/beto-das-vilas-preside-sessao-que-isenta-taxa-de-iluminacao-publica-durante-pandemia-em-ribamar\\\/#primaryimage\"},\"thumbnailUrl\":\"\",\"articleSection\":[\"not\u00edcias\"],\"inLanguage\":\"pt-BR\",\"potentialAction\":[{\"@type\":\"CommentAction\",\"name\":\"Comment\",\"target\":[\"https:\\\/\\\/maranhaotv.com.br\\\/index.php\\\/2020\\\/05\\\/14\\\/beto-das-vilas-preside-sessao-que-isenta-taxa-de-iluminacao-publica-durante-pandemia-em-ribamar\\\/#respond\"]}]},{\"@type\":\"WebPage\",\"@id\":\"https:\\\/\\\/maranhaotv.com.br\\\/index.php\\\/2020\\\/05\\\/14\\\/beto-das-vilas-preside-sessao-que-isenta-taxa-de-iluminacao-publica-durante-pandemia-em-ribamar\\\/\",\"url\":\"https:\\\/\\\/maranhaotv.com.br\\\/index.php\\\/2020\\\/05\\\/14\\\/beto-das-vilas-preside-sessao-que-isenta-taxa-de-iluminacao-publica-durante-pandemia-em-ribamar\\\/\",\"name\":\"Beto das Vilas preside sess\u00e3o que isenta taxa de ilumina\u00e7\u00e3o p\u00fablica durante pandemia em Ribamar - NOT\u00cdCIAS EM TEMPO REAL\",\"isPartOf\":{\"@id\":\"https:\\\/\\\/maranhaotv.com.br\\\/#website\"},\"primaryImageOfPage\":{\"@id\":\"https:\\\/\\\/maranhaotv.com.br\\\/index.php\\\/2020\\\/05\\\/14\\\/beto-das-vilas-preside-sessao-que-isenta-taxa-de-iluminacao-publica-durante-pandemia-em-ribamar\\\/#primaryimage\"},\"image\":{\"@id\":\"https:\\\/\\\/maranhaotv.com.br\\\/index.php\\\/2020\\\/05\\\/14\\\/beto-das-vilas-preside-sessao-que-isenta-taxa-de-iluminacao-publica-durante-pandemia-em-ribamar\\\/#primaryimage\"},\"thumbnailUrl\":\"\",\"datePublished\":\"2020-05-14T22:37:38+00:00\",\"breadcrumb\":{\"@id\":\"https:\\\/\\\/maranhaotv.com.br\\\/index.php\\\/2020\\\/05\\\/14\\\/beto-das-vilas-preside-sessao-que-isenta-taxa-de-iluminacao-publica-durante-pandemia-em-ribamar\\\/#breadcrumb\"},\"inLanguage\":\"pt-BR\",\"potentialAction\":[{\"@type\":\"ReadAction\",\"target\":[\"https:\\\/\\\/maranhaotv.com.br\\\/index.php\\\/2020\\\/05\\\/14\\\/beto-das-vilas-preside-sessao-que-isenta-taxa-de-iluminacao-publica-durante-pandemia-em-ribamar\\\/\"]}]},{\"@type\":\"ImageObject\",\"inLanguage\":\"pt-BR\",\"@id\":\"https:\\\/\\\/maranhaotv.com.br\\\/index.php\\\/2020\\\/05\\\/14\\\/beto-das-vilas-preside-sessao-que-isenta-taxa-de-iluminacao-publica-durante-pandemia-em-ribamar\\\/#primaryimage\",\"url\":\"\",\"contentUrl\":\"\"},{\"@type\":\"BreadcrumbList\",\"@id\":\"https:\\\/\\\/maranhaotv.com.br\\\/index.php\\\/2020\\\/05\\\/14\\\/beto-das-vilas-preside-sessao-que-isenta-taxa-de-iluminacao-publica-durante-pandemia-em-ribamar\\\/#breadcrumb\",\"itemListElement\":[{\"@type\":\"ListItem\",\"position\":1,\"name\":\"In\u00edcio\",\"item\":\"https:\\\/\\\/maranhaotv.com.br\\\/\"},{\"@type\":\"ListItem\",\"position\":2,\"name\":\"Beto das Vilas preside sess\u00e3o que isenta taxa de ilumina\u00e7\u00e3o p\u00fablica durante pandemia em Ribamar\"}]},{\"@type\":\"WebSite\",\"@id\":\"https:\\\/\\\/maranhaotv.com.br\\\/#website\",\"url\":\"https:\\\/\\\/maranhaotv.com.br\\\/\",\"name\":\"Maranh\u00e3oTV\",\"description\":\"\",\"publisher\":{\"@id\":\"https:\\\/\\\/maranhaotv.com.br\\\/#organization\"},\"potentialAction\":[{\"@type\":\"SearchAction\",\"target\":{\"@type\":\"EntryPoint\",\"urlTemplate\":\"https:\\\/\\\/maranhaotv.com.br\\\/?s={search_term_string}\"},\"query-input\":{\"@type\":\"PropertyValueSpecification\",\"valueRequired\":true,\"valueName\":\"search_term_string\"}}],\"inLanguage\":\"pt-BR\"},{\"@type\":\"Organization\",\"@id\":\"https:\\\/\\\/maranhaotv.com.br\\\/#organization\",\"name\":\"Portal de Not\u00edcias\",\"url\":\"https:\\\/\\\/maranhaotv.com.br\\\/\",\"logo\":{\"@type\":\"ImageObject\",\"inLanguage\":\"pt-BR\",\"@id\":\"https:\\\/\\\/maranhaotv.com.br\\\/#\\\/schema\\\/logo\\\/image\\\/\",\"url\":\"https:\\\/\\\/maranhaotv.com.br\\\/wp-content\\\/uploads\\\/2024\\\/05\\\/cropped-cropped-avatar-1.png\",\"contentUrl\":\"https:\\\/\\\/maranhaotv.com.br\\\/wp-content\\\/uploads\\\/2024\\\/05\\\/cropped-cropped-avatar-1.png\",\"width\":792,\"height\":428,\"caption\":\"Portal de Not\u00edcias\"},\"image\":{\"@id\":\"https:\\\/\\\/maranhaotv.com.br\\\/#\\\/schema\\\/logo\\\/image\\\/\"},\"sameAs\":[\"https:\\\/\\\/www.facebook.com\\\/maiobaotv\",\"https:\\\/\\\/x.com\\\/sitemaranhaotv\",\"https:\\\/\\\/www.instagram.com\\\/maranhao.tv\",\"https:\\\/\\\/www.threads.net\\\/@maranhao.tv\"]},{\"@type\":\"Person\",\"@id\":\"https:\\\/\\\/maranhaotv.com.br\\\/#\\\/schema\\\/person\\\/3d54238e86b20bb5c89ab2fdb8f8829a\",\"name\":\"maranhaotv\",\"image\":{\"@type\":\"ImageObject\",\"inLanguage\":\"pt-BR\",\"@id\":\"https:\\\/\\\/secure.gravatar.com\\\/avatar\\\/8fadbca458d4cb68b1dd399ae9a40618d747bb1af65ac9fad21c89220a143eb4?s=96&d=mm&r=g\",\"url\":\"https:\\\/\\\/secure.gravatar.com\\\/avatar\\\/8fadbca458d4cb68b1dd399ae9a40618d747bb1af65ac9fad21c89220a143eb4?s=96&d=mm&r=g\",\"contentUrl\":\"https:\\\/\\\/secure.gravatar.com\\\/avatar\\\/8fadbca458d4cb68b1dd399ae9a40618d747bb1af65ac9fad21c89220a143eb4?s=96&d=mm&r=g\",\"caption\":\"maranhaotv\"},\"sameAs\":[\"https:\\\/\\\/maranhaotv.com.br\\\/\"],\"url\":\"https:\\\/\\\/maranhaotv.com.br\\\/index.php\\\/author\\\/maranhaotv\\\/\"}]}<\/script>\n<!-- \/ Yoast SEO plugin. -->","yoast_head_json":{"title":"Beto das Vilas preside sess\u00e3o que isenta taxa de ilumina\u00e7\u00e3o p\u00fablica durante pandemia em Ribamar - NOT\u00cdCIAS EM TEMPO REAL","robots":{"index":"index","follow":"follow","max-snippet":"max-snippet:-1","max-image-preview":"max-image-preview:large","max-video-preview":"max-video-preview:-1"},"canonical":"https:\/\/maranhaotv.com.br\/index.php\/2020\/05\/14\/beto-das-vilas-preside-sessao-que-isenta-taxa-de-iluminacao-publica-durante-pandemia-em-ribamar\/","og_locale":"pt_BR","og_type":"article","og_title":"Beto das Vilas preside sess\u00e3o que isenta taxa de ilumina\u00e7\u00e3o p\u00fablica durante pandemia em Ribamar - NOT\u00cdCIAS EM TEMPO REAL","og_description":"A C\u00e2mara de Vereadores de S\u00e3o Jos\u00e9 de Ribamar realizou nesta quarta-feira (13), mais uma sess\u00e3o remota em decorr\u00eancia da","og_url":"https:\/\/maranhaotv.com.br\/index.php\/2020\/05\/14\/beto-das-vilas-preside-sessao-que-isenta-taxa-de-iluminacao-publica-durante-pandemia-em-ribamar\/","og_site_name":"NOT\u00cdCIAS EM TEMPO REAL","article_publisher":"https:\/\/www.facebook.com\/maiobaotv","article_published_time":"2020-05-14T22:37:38+00:00","author":"maranhaotv","twitter_card":"summary_large_image","twitter_creator":"@sitemaranhaotv","twitter_site":"@sitemaranhaotv","twitter_misc":{"Escrito por":"maranhaotv","Est. tempo de leitura":"2 minutos"},"schema":{"@context":"https:\/\/schema.org","@graph":[{"@type":"Article","@id":"https:\/\/maranhaotv.com.br\/index.php\/2020\/05\/14\/beto-das-vilas-preside-sessao-que-isenta-taxa-de-iluminacao-publica-durante-pandemia-em-ribamar\/#article","isPartOf":{"@id":"https:\/\/maranhaotv.com.br\/index.php\/2020\/05\/14\/beto-das-vilas-preside-sessao-que-isenta-taxa-de-iluminacao-publica-durante-pandemia-em-ribamar\/"},"author":{"name":"maranhaotv","@id":"https:\/\/maranhaotv.com.br\/#\/schema\/person\/3d54238e86b20bb5c89ab2fdb8f8829a"},"headline":"Beto das Vilas preside sess\u00e3o que isenta taxa de ilumina\u00e7\u00e3o p\u00fablica durante pandemia em Ribamar","datePublished":"2020-05-14T22:37:38+00:00","mainEntityOfPage":{"@id":"https:\/\/maranhaotv.com.br\/index.php\/2020\/05\/14\/beto-das-vilas-preside-sessao-que-isenta-taxa-de-iluminacao-publica-durante-pandemia-em-ribamar\/"},"wordCount":335,"commentCount":0,"publisher":{"@id":"https:\/\/maranhaotv.com.br\/#organization"},"image":{"@id":"https:\/\/maranhaotv.com.br\/index.php\/2020\/05\/14\/beto-das-vilas-preside-sessao-que-isenta-taxa-de-iluminacao-publica-durante-pandemia-em-ribamar\/#primaryimage"},"thumbnailUrl":"","articleSection":["not\u00edcias"],"inLanguage":"pt-BR","potentialAction":[{"@type":"CommentAction","name":"Comment","target":["https:\/\/maranhaotv.com.br\/index.php\/2020\/05\/14\/beto-das-vilas-preside-sessao-que-isenta-taxa-de-iluminacao-publica-durante-pandemia-em-ribamar\/#respond"]}]},{"@type":"WebPage","@id":"https:\/\/maranhaotv.com.br\/index.php\/2020\/05\/14\/beto-das-vilas-preside-sessao-que-isenta-taxa-de-iluminacao-publica-durante-pandemia-em-ribamar\/","url":"https:\/\/maranhaotv.com.br\/index.php\/2020\/05\/14\/beto-das-vilas-preside-sessao-que-isenta-taxa-de-iluminacao-publica-durante-pandemia-em-ribamar\/","name":"Beto das Vilas preside sess\u00e3o que isenta taxa de ilumina\u00e7\u00e3o p\u00fablica durante pandemia em Ribamar - NOT\u00cdCIAS EM TEMPO REAL","isPartOf":{"@id":"https:\/\/maranhaotv.com.br\/#website"},"primaryImageOfPage":{"@id":"https:\/\/maranhaotv.com.br\/index.php\/2020\/05\/14\/beto-das-vilas-preside-sessao-que-isenta-taxa-de-iluminacao-publica-durante-pandemia-em-ribamar\/#primaryimage"},"image":{"@id":"https:\/\/maranhaotv.com.br\/index.php\/2020\/05\/14\/beto-das-vilas-preside-sessao-que-isenta-taxa-de-iluminacao-publica-durante-pandemia-em-ribamar\/#primaryimage"},"thumbnailUrl":"","datePublished":"2020-05-14T22:37:38+00:00","breadcrumb":{"@id":"https:\/\/maranhaotv.com.br\/index.php\/2020\/05\/14\/beto-das-vilas-preside-sessao-que-isenta-taxa-de-iluminacao-publica-durante-pandemia-em-ribamar\/#breadcrumb"},"inLanguage":"pt-BR","potentialAction":[{"@type":"ReadAction","target":["https:\/\/maranhaotv.com.br\/index.php\/2020\/05\/14\/beto-das-vilas-preside-sessao-que-isenta-taxa-de-iluminacao-publica-durante-pandemia-em-ribamar\/"]}]},{"@type":"ImageObject","inLanguage":"pt-BR","@id":"https:\/\/maranhaotv.com.br\/index.php\/2020\/05\/14\/beto-das-vilas-preside-sessao-que-isenta-taxa-de-iluminacao-publica-durante-pandemia-em-ribamar\/#primaryimage","url":"","contentUrl":""},{"@type":"BreadcrumbList","@id":"https:\/\/maranhaotv.com.br\/index.php\/2020\/05\/14\/beto-das-vilas-preside-sessao-que-isenta-taxa-de-iluminacao-publica-durante-pandemia-em-ribamar\/#breadcrumb","itemListElement":[{"@type":"ListItem","position":1,"name":"In\u00edcio","item":"https:\/\/maranhaotv.com.br\/"},{"@type":"ListItem","position":2,"name":"Beto das Vilas preside sess\u00e3o que isenta taxa de ilumina\u00e7\u00e3o p\u00fablica durante pandemia em Ribamar"}]},{"@type":"WebSite","@id":"https:\/\/maranhaotv.com.br\/#website","url":"https:\/\/maranhaotv.com.br\/","name":"Maranh\u00e3oTV","description":"","publisher":{"@id":"https:\/\/maranhaotv.com.br\/#organization"},"potentialAction":[{"@type":"SearchAction","target":{"@type":"EntryPoint","urlTemplate":"https:\/\/maranhaotv.com.br\/?s={search_term_string}"},"query-input":{"@type":"PropertyValueSpecification","valueRequired":true,"valueName":"search_term_string"}}],"inLanguage":"pt-BR"},{"@type":"Organization","@id":"https:\/\/maranhaotv.com.br\/#organization","name":"Portal de Not\u00edcias","url":"https:\/\/maranhaotv.com.br\/","logo":{"@type":"ImageObject","inLanguage":"pt-BR","@id":"https:\/\/maranhaotv.com.br\/#\/schema\/logo\/image\/","url":"https:\/\/maranhaotv.com.br\/wp-content\/uploads\/2024\/05\/cropped-cropped-avatar-1.png","contentUrl":"https:\/\/maranhaotv.com.br\/wp-content\/uploads\/2024\/05\/cropped-cropped-avatar-1.png","width":792,"height":428,"caption":"Portal de Not\u00edcias"},"image":{"@id":"https:\/\/maranhaotv.com.br\/#\/schema\/logo\/image\/"},"sameAs":["https:\/\/www.facebook.com\/maiobaotv","https:\/\/x.com\/sitemaranhaotv","https:\/\/www.instagram.com\/maranhao.tv","https:\/\/www.threads.net\/@maranhao.tv"]},{"@type":"Person","@id":"https:\/\/maranhaotv.com.br\/#\/schema\/person\/3d54238e86b20bb5c89ab2fdb8f8829a","name":"maranhaotv","image":{"@type":"ImageObject","inLanguage":"pt-BR","@id":"https:\/\/secure.gravatar.com\/avatar\/8fadbca458d4cb68b1dd399ae9a40618d747bb1af65ac9fad21c89220a143eb4?s=96&d=mm&r=g","url":"https:\/\/secure.gravatar.com\/avatar\/8fadbca458d4cb68b1dd399ae9a40618d747bb1af65ac9fad21c89220a143eb4?s=96&d=mm&r=g","contentUrl":"https:\/\/secure.gravatar.com\/avatar\/8fadbca458d4cb68b1dd399ae9a40618d747bb1af65ac9fad21c89220a143eb4?s=96&d=mm&r=g","caption":"maranhaotv"},"sameAs":["https:\/\/maranhaotv.com.br\/"],"url":"https:\/\/maranhaotv.com.br\/index.php\/author\/maranhaotv\/"}]}},"jetpack_featured_media_url":"","jetpack_sharing_enabled":true,"_links":{"self":[{"href":"https:\/\/maranhaotv.com.br\/index.php\/wp-json\/wp\/v2\/posts\/11854","targetHints":{"allow":["GET"]}}],"collection":[{"href":"https:\/\/maranhaotv.com.br\/index.php\/wp-json\/wp\/v2\/posts"}],"about":[{"href":"https:\/\/maranhaotv.com.br\/index.php\/wp-json\/wp\/v2\/types\/post"}],"author":[{"embeddable":true,"href":"https:\/\/maranhaotv.com.br\/index.php\/wp-json\/wp\/v2\/users\/2"}],"replies":[{"embeddable":true,"href":"https:\/\/maranhaotv.com.br\/index.php\/wp-json\/wp\/v2\/comments?post=11854"}],"version-history":[{"count":0,"href":"https:\/\/maranhaotv.com.br\/index.php\/wp-json\/wp\/v2\/posts\/11854\/revisions"}],"wp:featuredmedia":[{"embeddable":true,"href":"https:\/\/maranhaotv.com.br\/index.php\/wp-json\/"}],"wp:attachment":[{"href":"https:\/\/maranhaotv.com.br\/index.php\/wp-json\/wp\/v2\/media?parent=11854"}],"wp:term":[{"taxonomy":"category","embeddable":true,"href":"https:\/\/maranhaotv.com.br\/index.php\/wp-json\/wp\/v2\/categories?post=11854"},{"taxonomy":"post_tag","embeddable":true,"href":"https:\/\/maranhaotv.com.br\/index.php\/wp-json\/wp\/v2\/tags?post=11854"}],"curies":[{"name":"wp","href":"https:\/\/api.w.org\/{rel}","templated":true}]}}