{"id":11859,"date":"2020-05-15T08:10:03","date_gmt":"2020-05-15T11:10:03","guid":{"rendered":"https:\/\/maiobaotv.com.br\/?p=11859"},"modified":"2020-05-15T08:10:03","modified_gmt":"2020-05-15T11:10:03","slug":"nova-parcela-do-auxilio-emergencial-comeca-a-ser-paga-na-segunda-veja-o-calendario","status":"publish","type":"post","link":"https:\/\/maranhaotv.com.br\/index.php\/2020\/05\/15\/nova-parcela-do-auxilio-emergencial-comeca-a-ser-paga-na-segunda-veja-o-calendario\/","title":{"rendered":"Nova parcela do aux\u00edlio emergencial come\u00e7a a ser paga na segunda. Veja o calend\u00e1rio"},"content":{"rendered":"<h5>Caixa vai abrir conta digital para todos os benefici\u00e1rios do programa<\/h5>\n<p>A Caixa Econ\u00f4mica Federal come\u00e7ar\u00e1 a creditar a segunda parcela do aux\u00edlio emergencial de R$ 600 a partir da pr\u00f3xima segunda-feira (18), informou hoje (14) o presidente do banco estatal, Pedro Guimar\u00e3es, durante a live semanal do presidente Jair Bolsonaro. O calend\u00e1rio de pagamento ser\u00e1 detalhado em coletiva de imprensa amanh\u00e3 (15), \u00e0s 15 horas, no Pal\u00e1cio do Planalto.  <\/p>\n<p>&#8220;N\u00f3s come\u00e7amos na segunda-feira. Amanh\u00e3, \u00e0s 15h da tarde, eu e o ministro Onyx Lorenzoni, vamos dar todos os detalhes. Mas n\u00f3s come\u00e7amos na segunda e faremos toda a quest\u00e3o via m\u00eas de nascimento, exatamente para que n\u00f3s tenhamos uma tranquilidade maior no pagamento. Amanh\u00e3 a gente detalha&#8221;, antecipou Guimar\u00e3es. <\/p>\n<p>Ao todo, cerca de 50 milh\u00f5es de pessoas est\u00e3o inscritas no programa, criado para garantir uma renda b\u00e1sica emergencial durante tr\u00eas meses, para o enfrentamento dos efeitos econ\u00f4micos da pandemia do novo coronav\u00edrus. O benef\u00edcio \u00e9 pago para trabalhadores informais e pessoas de baixa renda, inscritos do cadastro social do governo e no Bolsa Fam\u00edlia. <\/p>\n<p>Contas digitais<\/p>\n<p>Ainda segundo o presidente da Caixa, o banco vai oferecer, de gra\u00e7a, uma conta digital para todos os benefici\u00e1rios do aux\u00edlio emergencial. At\u00e9 ent\u00e3o, o banco s\u00f3 havia aberto contas digitais para pessoas cadastradas que n\u00e3o tinham conta banc\u00e1ria informada. &#8220;\u00c9 o maior programa de inclus\u00e3o digital do Brasil, que tem not\u00edcia, de todos os tempos, e numa velocidade muito grande&#8221;, enfatizou Guimar\u00e3es.<\/p>\n<p>Aux\u00edlio irregular<\/p>\n<p>Durante a live, o presidente Jair Bolsonaro comentou sobre o pagamento irregular do aux\u00edlio emergencial a militares. As irregularidades foram detectadas ap\u00f3s o minist\u00e9rios da Defesa e da Cidadania realizarem um cruzamento de dados e identificarem que 73,2 mil militares ativos, inativos, tempor\u00e1rios, pensionistas e anistiados receberam a ajuda do governo.   <\/p>\n<p>&#8220;O que aconteceu com muitos recrutas, n\u00e3o sei precisar o n\u00famero aqui. Como ano passado eles n\u00e3o declararam renda, e ficava dif\u00edcil passar no filtro, eles se inscreveram como benefici\u00e1rios e receberam os R$ 600, s\u00f3 que foram plotados, foram descobertos e, no nosso meio, quando algu\u00e9m faz algo errado, o bicho pega. Ent\u00e3o, v\u00e3o devolver essa grana e v\u00e3o sofrer, com toda certeza, uma puni\u00e7\u00e3o disciplinar&#8221;, afirmou. <\/p>\n<p>Uma decis\u00e3o do Tribunal de Contas de Uni\u00e3o (TCU) tamb\u00e9m obrigou os militares acusados de receber irregularmente o aux\u00edlio emergencial a devolverem os valores aos cofres p\u00fablicos. <\/p>\n<p><img loading=\"lazy\" decoding=\"async\" src=\"https:\/\/maiobaotv.com.br\/wp-content\/uploads\/2020\/05\/img_20200515_0806086020584676911629692.jpg\" class=\"wp-image-11860 alignnone size-full\" width=\"1080\" height=\"1005\"><\/p>\n<p><img loading=\"lazy\" decoding=\"async\" src=\"https:\/\/maiobaotv.com.br\/wp-content\/uploads\/2020\/05\/img_20200515_08062131348506676957412.jpg\" class=\"wp-image-11858 alignnone size-full\" width=\"1080\" height=\"1093\"><\/p>\n<p><img loading=\"lazy\" decoding=\"async\" src=\"https:\/\/maiobaotv.com.br\/wp-content\/uploads\/2020\/05\/img_20200515_0806346262429175470513892.jpg\" class=\"wp-image-11861 alignnone size-full\" width=\"1080\" height=\"1344\"><\/p>\n<p>Ag\u00eancia Brasil<\/p>\n","protected":false},"excerpt":{"rendered":"<p>Caixa vai abrir conta digital para todos os benefici\u00e1rios do programa A Caixa Econ\u00f4mica Federal come\u00e7ar\u00e1 a creditar a segunda<\/p>\n","protected":false},"author":2,"featured_media":11863,"comment_status":"open","ping_status":"open","sticky":false,"template":"","format":"standard","meta":{"colormag_page_container_layout":"default_layout","colormag_page_sidebar_layout":"default_layout","_jetpack_memberships_contains_paid_content":false,"footnotes":""},"categories":[2],"tags":[],"class_list":["post-11859","post","type-post","status-publish","format-standard","has-post-thumbnail","hentry","category-noticias"],"magazineBlocksPostFeaturedMedia":{"thumbnail":false,"medium":false,"medium_large":false,"large":false,"1536x1536":false,"2048x2048":false,"colormag-highlighted-post":false,"colormag-featured-post-medium":false,"colormag-featured-post-small":false,"colormag-featured-image":false,"colormag-default-news":false,"colormag-featured-image-large":false},"magazineBlocksPostAuthor":{"name":"maranhaotv","avatar":"https:\/\/secure.gravatar.com\/avatar\/8fadbca458d4cb68b1dd399ae9a40618d747bb1af65ac9fad21c89220a143eb4?s=96&d=mm&r=g"},"magazineBlocksPostCommentsNumber":"0","magazineBlocksPostExcerpt":"Caixa vai abrir conta digital para todos os benefici\u00e1rios do programa A Caixa Econ\u00f4mica Federal come\u00e7ar\u00e1 a creditar a segunda","magazineBlocksPostCategories":["not\u00edcias"],"magazineBlocksPostViewCount":160,"magazineBlocksPostReadTime":3,"magazine_blocks_featured_image_url":{"full":false,"medium":false,"thumbnail":false},"magazine_blocks_author":{"display_name":"maranhaotv","author_link":"https:\/\/maranhaotv.com.br\/index.php\/author\/maranhaotv\/"},"magazine_blocks_comment":0,"magazine_blocks_author_image":"https:\/\/secure.gravatar.com\/avatar\/8fadbca458d4cb68b1dd399ae9a40618d747bb1af65ac9fad21c89220a143eb4?s=96&d=mm&r=g","magazine_blocks_category":"<a href=\"#\" class=\"category-link category-link-2\">not\u00edcias<\/a>","yoast_head":"<!-- This site is optimized with the Yoast SEO plugin v27.4 - https:\/\/yoast.com\/product\/yoast-seo-wordpress\/ -->\n<title>Nova parcela do aux\u00edlio emergencial come\u00e7a a ser paga na segunda. Veja o calend\u00e1rio - NOT\u00cdCIAS EM TEMPO REAL<\/title>\n<meta name=\"robots\" content=\"index, follow, max-snippet:-1, max-image-preview:large, max-video-preview:-1\" \/>\n<link rel=\"canonical\" href=\"https:\/\/maranhaotv.com.br\/index.php\/2020\/05\/15\/nova-parcela-do-auxilio-emergencial-comeca-a-ser-paga-na-segunda-veja-o-calendario\/\" \/>\n<meta property=\"og:locale\" content=\"pt_BR\" \/>\n<meta property=\"og:type\" content=\"article\" \/>\n<meta property=\"og:title\" content=\"Nova parcela do aux\u00edlio emergencial come\u00e7a a ser paga na segunda. Veja o calend\u00e1rio - NOT\u00cdCIAS EM TEMPO REAL\" \/>\n<meta property=\"og:description\" content=\"Caixa vai abrir conta digital para todos os benefici\u00e1rios do programa A Caixa Econ\u00f4mica Federal come\u00e7ar\u00e1 a creditar a segunda\" \/>\n<meta property=\"og:url\" content=\"https:\/\/maranhaotv.com.br\/index.php\/2020\/05\/15\/nova-parcela-do-auxilio-emergencial-comeca-a-ser-paga-na-segunda-veja-o-calendario\/\" \/>\n<meta property=\"og:site_name\" content=\"NOT\u00cdCIAS EM TEMPO REAL\" \/>\n<meta property=\"article:publisher\" content=\"https:\/\/www.facebook.com\/maiobaotv\" \/>\n<meta property=\"article:published_time\" content=\"2020-05-15T11:10:03+00:00\" \/>\n<meta name=\"author\" content=\"maranhaotv\" \/>\n<meta name=\"twitter:card\" content=\"summary_large_image\" \/>\n<meta name=\"twitter:creator\" content=\"@sitemaranhaotv\" \/>\n<meta name=\"twitter:site\" content=\"@sitemaranhaotv\" \/>\n<meta name=\"twitter:label1\" content=\"Escrito por\" \/>\n\t<meta name=\"twitter:data1\" content=\"maranhaotv\" \/>\n\t<meta name=\"twitter:label2\" content=\"Est. tempo de leitura\" \/>\n\t<meta name=\"twitter:data2\" content=\"2 minutos\" \/>\n<script type=\"application\/ld+json\" class=\"yoast-schema-graph\">{\"@context\":\"https:\\\/\\\/schema.org\",\"@graph\":[{\"@type\":\"Article\",\"@id\":\"https:\\\/\\\/maranhaotv.com.br\\\/index.php\\\/2020\\\/05\\\/15\\\/nova-parcela-do-auxilio-emergencial-comeca-a-ser-paga-na-segunda-veja-o-calendario\\\/#article\",\"isPartOf\":{\"@id\":\"https:\\\/\\\/maranhaotv.com.br\\\/index.php\\\/2020\\\/05\\\/15\\\/nova-parcela-do-auxilio-emergencial-comeca-a-ser-paga-na-segunda-veja-o-calendario\\\/\"},\"author\":{\"name\":\"maranhaotv\",\"@id\":\"https:\\\/\\\/maranhaotv.com.br\\\/#\\\/schema\\\/person\\\/3d54238e86b20bb5c89ab2fdb8f8829a\"},\"headline\":\"Nova parcela do aux\u00edlio emergencial come\u00e7a a ser paga na segunda. Veja o calend\u00e1rio\",\"datePublished\":\"2020-05-15T11:10:03+00:00\",\"mainEntityOfPage\":{\"@id\":\"https:\\\/\\\/maranhaotv.com.br\\\/index.php\\\/2020\\\/05\\\/15\\\/nova-parcela-do-auxilio-emergencial-comeca-a-ser-paga-na-segunda-veja-o-calendario\\\/\"},\"wordCount\":451,\"commentCount\":0,\"publisher\":{\"@id\":\"https:\\\/\\\/maranhaotv.com.br\\\/#organization\"},\"image\":{\"@id\":\"https:\\\/\\\/maranhaotv.com.br\\\/index.php\\\/2020\\\/05\\\/15\\\/nova-parcela-do-auxilio-emergencial-comeca-a-ser-paga-na-segunda-veja-o-calendario\\\/#primaryimage\"},\"thumbnailUrl\":\"\",\"articleSection\":[\"not\u00edcias\"],\"inLanguage\":\"pt-BR\",\"potentialAction\":[{\"@type\":\"CommentAction\",\"name\":\"Comment\",\"target\":[\"https:\\\/\\\/maranhaotv.com.br\\\/index.php\\\/2020\\\/05\\\/15\\\/nova-parcela-do-auxilio-emergencial-comeca-a-ser-paga-na-segunda-veja-o-calendario\\\/#respond\"]}]},{\"@type\":\"WebPage\",\"@id\":\"https:\\\/\\\/maranhaotv.com.br\\\/index.php\\\/2020\\\/05\\\/15\\\/nova-parcela-do-auxilio-emergencial-comeca-a-ser-paga-na-segunda-veja-o-calendario\\\/\",\"url\":\"https:\\\/\\\/maranhaotv.com.br\\\/index.php\\\/2020\\\/05\\\/15\\\/nova-parcela-do-auxilio-emergencial-comeca-a-ser-paga-na-segunda-veja-o-calendario\\\/\",\"name\":\"Nova parcela do aux\u00edlio emergencial come\u00e7a a ser paga na segunda. Veja o calend\u00e1rio - NOT\u00cdCIAS EM TEMPO REAL\",\"isPartOf\":{\"@id\":\"https:\\\/\\\/maranhaotv.com.br\\\/#website\"},\"primaryImageOfPage\":{\"@id\":\"https:\\\/\\\/maranhaotv.com.br\\\/index.php\\\/2020\\\/05\\\/15\\\/nova-parcela-do-auxilio-emergencial-comeca-a-ser-paga-na-segunda-veja-o-calendario\\\/#primaryimage\"},\"image\":{\"@id\":\"https:\\\/\\\/maranhaotv.com.br\\\/index.php\\\/2020\\\/05\\\/15\\\/nova-parcela-do-auxilio-emergencial-comeca-a-ser-paga-na-segunda-veja-o-calendario\\\/#primaryimage\"},\"thumbnailUrl\":\"\",\"datePublished\":\"2020-05-15T11:10:03+00:00\",\"breadcrumb\":{\"@id\":\"https:\\\/\\\/maranhaotv.com.br\\\/index.php\\\/2020\\\/05\\\/15\\\/nova-parcela-do-auxilio-emergencial-comeca-a-ser-paga-na-segunda-veja-o-calendario\\\/#breadcrumb\"},\"inLanguage\":\"pt-BR\",\"potentialAction\":[{\"@type\":\"ReadAction\",\"target\":[\"https:\\\/\\\/maranhaotv.com.br\\\/index.php\\\/2020\\\/05\\\/15\\\/nova-parcela-do-auxilio-emergencial-comeca-a-ser-paga-na-segunda-veja-o-calendario\\\/\"]}]},{\"@type\":\"ImageObject\",\"inLanguage\":\"pt-BR\",\"@id\":\"https:\\\/\\\/maranhaotv.com.br\\\/index.php\\\/2020\\\/05\\\/15\\\/nova-parcela-do-auxilio-emergencial-comeca-a-ser-paga-na-segunda-veja-o-calendario\\\/#primaryimage\",\"url\":\"\",\"contentUrl\":\"\"},{\"@type\":\"BreadcrumbList\",\"@id\":\"https:\\\/\\\/maranhaotv.com.br\\\/index.php\\\/2020\\\/05\\\/15\\\/nova-parcela-do-auxilio-emergencial-comeca-a-ser-paga-na-segunda-veja-o-calendario\\\/#breadcrumb\",\"itemListElement\":[{\"@type\":\"ListItem\",\"position\":1,\"name\":\"In\u00edcio\",\"item\":\"https:\\\/\\\/maranhaotv.com.br\\\/\"},{\"@type\":\"ListItem\",\"position\":2,\"name\":\"Nova parcela do aux\u00edlio emergencial come\u00e7a a ser paga na segunda. Veja o calend\u00e1rio\"}]},{\"@type\":\"WebSite\",\"@id\":\"https:\\\/\\\/maranhaotv.com.br\\\/#website\",\"url\":\"https:\\\/\\\/maranhaotv.com.br\\\/\",\"name\":\"Maranh\u00e3oTV\",\"description\":\"\",\"publisher\":{\"@id\":\"https:\\\/\\\/maranhaotv.com.br\\\/#organization\"},\"potentialAction\":[{\"@type\":\"SearchAction\",\"target\":{\"@type\":\"EntryPoint\",\"urlTemplate\":\"https:\\\/\\\/maranhaotv.com.br\\\/?s={search_term_string}\"},\"query-input\":{\"@type\":\"PropertyValueSpecification\",\"valueRequired\":true,\"valueName\":\"search_term_string\"}}],\"inLanguage\":\"pt-BR\"},{\"@type\":\"Organization\",\"@id\":\"https:\\\/\\\/maranhaotv.com.br\\\/#organization\",\"name\":\"Portal de Not\u00edcias\",\"url\":\"https:\\\/\\\/maranhaotv.com.br\\\/\",\"logo\":{\"@type\":\"ImageObject\",\"inLanguage\":\"pt-BR\",\"@id\":\"https:\\\/\\\/maranhaotv.com.br\\\/#\\\/schema\\\/logo\\\/image\\\/\",\"url\":\"https:\\\/\\\/maranhaotv.com.br\\\/wp-content\\\/uploads\\\/2024\\\/05\\\/cropped-cropped-avatar-1.png\",\"contentUrl\":\"https:\\\/\\\/maranhaotv.com.br\\\/wp-content\\\/uploads\\\/2024\\\/05\\\/cropped-cropped-avatar-1.png\",\"width\":792,\"height\":428,\"caption\":\"Portal de Not\u00edcias\"},\"image\":{\"@id\":\"https:\\\/\\\/maranhaotv.com.br\\\/#\\\/schema\\\/logo\\\/image\\\/\"},\"sameAs\":[\"https:\\\/\\\/www.facebook.com\\\/maiobaotv\",\"https:\\\/\\\/x.com\\\/sitemaranhaotv\",\"https:\\\/\\\/www.instagram.com\\\/maranhao.tv\",\"https:\\\/\\\/www.threads.net\\\/@maranhao.tv\"]},{\"@type\":\"Person\",\"@id\":\"https:\\\/\\\/maranhaotv.com.br\\\/#\\\/schema\\\/person\\\/3d54238e86b20bb5c89ab2fdb8f8829a\",\"name\":\"maranhaotv\",\"image\":{\"@type\":\"ImageObject\",\"inLanguage\":\"pt-BR\",\"@id\":\"https:\\\/\\\/secure.gravatar.com\\\/avatar\\\/8fadbca458d4cb68b1dd399ae9a40618d747bb1af65ac9fad21c89220a143eb4?s=96&d=mm&r=g\",\"url\":\"https:\\\/\\\/secure.gravatar.com\\\/avatar\\\/8fadbca458d4cb68b1dd399ae9a40618d747bb1af65ac9fad21c89220a143eb4?s=96&d=mm&r=g\",\"contentUrl\":\"https:\\\/\\\/secure.gravatar.com\\\/avatar\\\/8fadbca458d4cb68b1dd399ae9a40618d747bb1af65ac9fad21c89220a143eb4?s=96&d=mm&r=g\",\"caption\":\"maranhaotv\"},\"sameAs\":[\"https:\\\/\\\/maranhaotv.com.br\\\/\"],\"url\":\"https:\\\/\\\/maranhaotv.com.br\\\/index.php\\\/author\\\/maranhaotv\\\/\"}]}<\/script>\n<!-- \/ Yoast SEO plugin. -->","yoast_head_json":{"title":"Nova parcela do aux\u00edlio emergencial come\u00e7a a ser paga na segunda. Veja o calend\u00e1rio - NOT\u00cdCIAS EM TEMPO REAL","robots":{"index":"index","follow":"follow","max-snippet":"max-snippet:-1","max-image-preview":"max-image-preview:large","max-video-preview":"max-video-preview:-1"},"canonical":"https:\/\/maranhaotv.com.br\/index.php\/2020\/05\/15\/nova-parcela-do-auxilio-emergencial-comeca-a-ser-paga-na-segunda-veja-o-calendario\/","og_locale":"pt_BR","og_type":"article","og_title":"Nova parcela do aux\u00edlio emergencial come\u00e7a a ser paga na segunda. Veja o calend\u00e1rio - NOT\u00cdCIAS EM TEMPO REAL","og_description":"Caixa vai abrir conta digital para todos os benefici\u00e1rios do programa A Caixa Econ\u00f4mica Federal come\u00e7ar\u00e1 a creditar a segunda","og_url":"https:\/\/maranhaotv.com.br\/index.php\/2020\/05\/15\/nova-parcela-do-auxilio-emergencial-comeca-a-ser-paga-na-segunda-veja-o-calendario\/","og_site_name":"NOT\u00cdCIAS EM TEMPO REAL","article_publisher":"https:\/\/www.facebook.com\/maiobaotv","article_published_time":"2020-05-15T11:10:03+00:00","author":"maranhaotv","twitter_card":"summary_large_image","twitter_creator":"@sitemaranhaotv","twitter_site":"@sitemaranhaotv","twitter_misc":{"Escrito por":"maranhaotv","Est. tempo de leitura":"2 minutos"},"schema":{"@context":"https:\/\/schema.org","@graph":[{"@type":"Article","@id":"https:\/\/maranhaotv.com.br\/index.php\/2020\/05\/15\/nova-parcela-do-auxilio-emergencial-comeca-a-ser-paga-na-segunda-veja-o-calendario\/#article","isPartOf":{"@id":"https:\/\/maranhaotv.com.br\/index.php\/2020\/05\/15\/nova-parcela-do-auxilio-emergencial-comeca-a-ser-paga-na-segunda-veja-o-calendario\/"},"author":{"name":"maranhaotv","@id":"https:\/\/maranhaotv.com.br\/#\/schema\/person\/3d54238e86b20bb5c89ab2fdb8f8829a"},"headline":"Nova parcela do aux\u00edlio emergencial come\u00e7a a ser paga na segunda. Veja o calend\u00e1rio","datePublished":"2020-05-15T11:10:03+00:00","mainEntityOfPage":{"@id":"https:\/\/maranhaotv.com.br\/index.php\/2020\/05\/15\/nova-parcela-do-auxilio-emergencial-comeca-a-ser-paga-na-segunda-veja-o-calendario\/"},"wordCount":451,"commentCount":0,"publisher":{"@id":"https:\/\/maranhaotv.com.br\/#organization"},"image":{"@id":"https:\/\/maranhaotv.com.br\/index.php\/2020\/05\/15\/nova-parcela-do-auxilio-emergencial-comeca-a-ser-paga-na-segunda-veja-o-calendario\/#primaryimage"},"thumbnailUrl":"","articleSection":["not\u00edcias"],"inLanguage":"pt-BR","potentialAction":[{"@type":"CommentAction","name":"Comment","target":["https:\/\/maranhaotv.com.br\/index.php\/2020\/05\/15\/nova-parcela-do-auxilio-emergencial-comeca-a-ser-paga-na-segunda-veja-o-calendario\/#respond"]}]},{"@type":"WebPage","@id":"https:\/\/maranhaotv.com.br\/index.php\/2020\/05\/15\/nova-parcela-do-auxilio-emergencial-comeca-a-ser-paga-na-segunda-veja-o-calendario\/","url":"https:\/\/maranhaotv.com.br\/index.php\/2020\/05\/15\/nova-parcela-do-auxilio-emergencial-comeca-a-ser-paga-na-segunda-veja-o-calendario\/","name":"Nova parcela do aux\u00edlio emergencial come\u00e7a a ser paga na segunda. Veja o calend\u00e1rio - NOT\u00cdCIAS EM TEMPO REAL","isPartOf":{"@id":"https:\/\/maranhaotv.com.br\/#website"},"primaryImageOfPage":{"@id":"https:\/\/maranhaotv.com.br\/index.php\/2020\/05\/15\/nova-parcela-do-auxilio-emergencial-comeca-a-ser-paga-na-segunda-veja-o-calendario\/#primaryimage"},"image":{"@id":"https:\/\/maranhaotv.com.br\/index.php\/2020\/05\/15\/nova-parcela-do-auxilio-emergencial-comeca-a-ser-paga-na-segunda-veja-o-calendario\/#primaryimage"},"thumbnailUrl":"","datePublished":"2020-05-15T11:10:03+00:00","breadcrumb":{"@id":"https:\/\/maranhaotv.com.br\/index.php\/2020\/05\/15\/nova-parcela-do-auxilio-emergencial-comeca-a-ser-paga-na-segunda-veja-o-calendario\/#breadcrumb"},"inLanguage":"pt-BR","potentialAction":[{"@type":"ReadAction","target":["https:\/\/maranhaotv.com.br\/index.php\/2020\/05\/15\/nova-parcela-do-auxilio-emergencial-comeca-a-ser-paga-na-segunda-veja-o-calendario\/"]}]},{"@type":"ImageObject","inLanguage":"pt-BR","@id":"https:\/\/maranhaotv.com.br\/index.php\/2020\/05\/15\/nova-parcela-do-auxilio-emergencial-comeca-a-ser-paga-na-segunda-veja-o-calendario\/#primaryimage","url":"","contentUrl":""},{"@type":"BreadcrumbList","@id":"https:\/\/maranhaotv.com.br\/index.php\/2020\/05\/15\/nova-parcela-do-auxilio-emergencial-comeca-a-ser-paga-na-segunda-veja-o-calendario\/#breadcrumb","itemListElement":[{"@type":"ListItem","position":1,"name":"In\u00edcio","item":"https:\/\/maranhaotv.com.br\/"},{"@type":"ListItem","position":2,"name":"Nova parcela do aux\u00edlio emergencial come\u00e7a a ser paga na segunda. Veja o calend\u00e1rio"}]},{"@type":"WebSite","@id":"https:\/\/maranhaotv.com.br\/#website","url":"https:\/\/maranhaotv.com.br\/","name":"Maranh\u00e3oTV","description":"","publisher":{"@id":"https:\/\/maranhaotv.com.br\/#organization"},"potentialAction":[{"@type":"SearchAction","target":{"@type":"EntryPoint","urlTemplate":"https:\/\/maranhaotv.com.br\/?s={search_term_string}"},"query-input":{"@type":"PropertyValueSpecification","valueRequired":true,"valueName":"search_term_string"}}],"inLanguage":"pt-BR"},{"@type":"Organization","@id":"https:\/\/maranhaotv.com.br\/#organization","name":"Portal de Not\u00edcias","url":"https:\/\/maranhaotv.com.br\/","logo":{"@type":"ImageObject","inLanguage":"pt-BR","@id":"https:\/\/maranhaotv.com.br\/#\/schema\/logo\/image\/","url":"https:\/\/maranhaotv.com.br\/wp-content\/uploads\/2024\/05\/cropped-cropped-avatar-1.png","contentUrl":"https:\/\/maranhaotv.com.br\/wp-content\/uploads\/2024\/05\/cropped-cropped-avatar-1.png","width":792,"height":428,"caption":"Portal de Not\u00edcias"},"image":{"@id":"https:\/\/maranhaotv.com.br\/#\/schema\/logo\/image\/"},"sameAs":["https:\/\/www.facebook.com\/maiobaotv","https:\/\/x.com\/sitemaranhaotv","https:\/\/www.instagram.com\/maranhao.tv","https:\/\/www.threads.net\/@maranhao.tv"]},{"@type":"Person","@id":"https:\/\/maranhaotv.com.br\/#\/schema\/person\/3d54238e86b20bb5c89ab2fdb8f8829a","name":"maranhaotv","image":{"@type":"ImageObject","inLanguage":"pt-BR","@id":"https:\/\/secure.gravatar.com\/avatar\/8fadbca458d4cb68b1dd399ae9a40618d747bb1af65ac9fad21c89220a143eb4?s=96&d=mm&r=g","url":"https:\/\/secure.gravatar.com\/avatar\/8fadbca458d4cb68b1dd399ae9a40618d747bb1af65ac9fad21c89220a143eb4?s=96&d=mm&r=g","contentUrl":"https:\/\/secure.gravatar.com\/avatar\/8fadbca458d4cb68b1dd399ae9a40618d747bb1af65ac9fad21c89220a143eb4?s=96&d=mm&r=g","caption":"maranhaotv"},"sameAs":["https:\/\/maranhaotv.com.br\/"],"url":"https:\/\/maranhaotv.com.br\/index.php\/author\/maranhaotv\/"}]}},"jetpack_featured_media_url":"","jetpack_sharing_enabled":true,"_links":{"self":[{"href":"https:\/\/maranhaotv.com.br\/index.php\/wp-json\/wp\/v2\/posts\/11859","targetHints":{"allow":["GET"]}}],"collection":[{"href":"https:\/\/maranhaotv.com.br\/index.php\/wp-json\/wp\/v2\/posts"}],"about":[{"href":"https:\/\/maranhaotv.com.br\/index.php\/wp-json\/wp\/v2\/types\/post"}],"author":[{"embeddable":true,"href":"https:\/\/maranhaotv.com.br\/index.php\/wp-json\/wp\/v2\/users\/2"}],"replies":[{"embeddable":true,"href":"https:\/\/maranhaotv.com.br\/index.php\/wp-json\/wp\/v2\/comments?post=11859"}],"version-history":[{"count":0,"href":"https:\/\/maranhaotv.com.br\/index.php\/wp-json\/wp\/v2\/posts\/11859\/revisions"}],"wp:featuredmedia":[{"embeddable":true,"href":"https:\/\/maranhaotv.com.br\/index.php\/wp-json\/"}],"wp:attachment":[{"href":"https:\/\/maranhaotv.com.br\/index.php\/wp-json\/wp\/v2\/media?parent=11859"}],"wp:term":[{"taxonomy":"category","embeddable":true,"href":"https:\/\/maranhaotv.com.br\/index.php\/wp-json\/wp\/v2\/categories?post=11859"},{"taxonomy":"post_tag","embeddable":true,"href":"https:\/\/maranhaotv.com.br\/index.php\/wp-json\/wp\/v2\/tags?post=11859"}],"curies":[{"name":"wp","href":"https:\/\/api.w.org\/{rel}","templated":true}]}}