{"id":11867,"date":"2020-05-15T10:20:26","date_gmt":"2020-05-15T13:20:26","guid":{"rendered":"https:\/\/maiobaotv.com.br\/?p=11867"},"modified":"2020-05-15T10:20:26","modified_gmt":"2020-05-15T13:20:26","slug":"paco-do-lumiar-o-inferno-astral-e-as-incertezas-politicas-de-fernando-muniz","status":"publish","type":"post","link":"https:\/\/maranhaotv.com.br\/index.php\/2020\/05\/15\/paco-do-lumiar-o-inferno-astral-e-as-incertezas-politicas-de-fernando-muniz\/","title":{"rendered":"Pa\u00e7o do Lumiar: O inferno astral e as incertezas pol\u00edticas de Fernando Muniz"},"content":{"rendered":"<p>A situa\u00e7\u00e3o de Fernando Muniz, presidente da C\u00e2mara de Vereadores de Pa\u00e7o do Lumiar se complica a cada dia mais.<\/p>\n<p>O Site MAIOB\u00c3O TV que vem fazendo uma s\u00e9rie de den\u00fancias sobre a gest\u00e3o dessa atual mesa diretora, mostrou os v\u00e1rios esc\u00e2ndalos e atos de Fernando.<\/p>\n<p><strong>Folha de pagamentos suspeita e contratos duvidosos<\/strong><\/p>\n<p>Fernando que aumentou a folha de pagamento em quase 500%, tamb\u00e9m celebrou contratos duvidosos. Entre eles a licita\u00e7\u00e3o com uma empresa de comunica\u00e7\u00e3o no valor de R$1 milh\u00e3o de reais, sendo que o mesmo contrato foi celebrado com outra Prefeitura pela metade do pre\u00e7o.<\/p>\n<p>Certamente, esse contrato serviu para pagar alguns meios de comunica\u00e7\u00e3o, como sites, r\u00e1dios, outdoor, que ao longo do \u00faltimo ano mostraram as &#8220;a\u00e7\u00f5es&#8221; dos vereadores luminenses.<\/p>\n<p><strong>Distanciamento da popula\u00e7\u00e3o<\/strong><\/p>\n<p>Muniz tamb\u00e9m cometeu erros grosseiros com a popula\u00e7\u00e3o, quando em alguns eventos, como S\u00e3o Jo\u00e3o, fez uma festa vip e fechou a C\u00e2mara apenas para seus colegas, levando apresenta\u00e7\u00f5es culturais, deixando o povo na grade do lado de fora da que deveria ser a Casa do Povo.<\/p>\n<p><strong>TCE e MPMA de olhos abertos na gest\u00e3o Muniz<\/strong><\/p>\n<p>\u00d3rg\u00e3os fiscalizadores est\u00e3o de olho na gest\u00e3o da mesa diretora da C\u00e2mara de Pa\u00e7o do Lumiar. Recentemente, Muniz tamb\u00e9m foi intimado pelo Minist\u00e9rio P\u00fablico para depor na investiga\u00e7\u00e3o sobre a &#8220;rachadinha&#8221; na folha de pagamento da C\u00e2mara. O Tribunal de Contas do Estado t\u00eam acatado v\u00e1rios pedidos do Minist\u00e9rio P\u00fablico Contas, v\u00e1rias suspens\u00f5es de pagamento de contratos e cancelamentos de licita\u00e7\u00f5es absurdas j\u00e1 aconteceram.<\/p>\n<p><strong>Elei\u00e7\u00e3o incerta<\/strong><\/p>\n<p>Dezenas de esc\u00e2ndalos na gest\u00e3o de Fernando Muniz podem lev\u00e1-lo a, sequer, ser candidato nas elei\u00e7\u00f5es que se aproximam, ficando ineleg\u00edvel e tendo que responder at\u00e9 criminalmente, caso todas as den\u00fancias sejam comprovadas.<\/p>\n<p><img loading=\"lazy\" decoding=\"async\" src=\"https:\/\/maiobaotv.com.br\/wp-content\/uploads\/2020\/05\/img-20200515-wa0147710766007096200633.jpg\" class=\"wp-image-11866 alignnone size-full\" width=\"1080\" height=\"720\"><\/p>\n","protected":false},"excerpt":{"rendered":"<p>A situa\u00e7\u00e3o de Fernando Muniz, presidente da C\u00e2mara de Vereadores de Pa\u00e7o do Lumiar se complica a cada dia mais.<\/p>\n","protected":false},"author":2,"featured_media":11868,"comment_status":"open","ping_status":"open","sticky":false,"template":"","format":"standard","meta":{"colormag_page_container_layout":"default_layout","colormag_page_sidebar_layout":"default_layout","_jetpack_memberships_contains_paid_content":false,"footnotes":""},"categories":[2,6],"tags":[44,15],"class_list":["post-11867","post","type-post","status-publish","format-standard","has-post-thumbnail","hentry","category-noticias","category-politica","tag-fernando-muniz","tag-paco-do-lumiar"],"magazineBlocksPostFeaturedMedia":{"thumbnail":false,"medium":false,"medium_large":false,"large":false,"1536x1536":false,"2048x2048":false,"colormag-highlighted-post":false,"colormag-featured-post-medium":false,"colormag-featured-post-small":false,"colormag-featured-image":false,"colormag-default-news":false,"colormag-featured-image-large":false},"magazineBlocksPostAuthor":{"name":"maranhaotv","avatar":"https:\/\/secure.gravatar.com\/avatar\/8fadbca458d4cb68b1dd399ae9a40618d747bb1af65ac9fad21c89220a143eb4?s=96&d=mm&r=g"},"magazineBlocksPostCommentsNumber":"0","magazineBlocksPostExcerpt":"A situa\u00e7\u00e3o de Fernando Muniz, presidente da C\u00e2mara de Vereadores de Pa\u00e7o do Lumiar se complica a cada dia mais.","magazineBlocksPostCategories":["not\u00edcias","pol\u00edtica"],"magazineBlocksPostViewCount":228,"magazineBlocksPostReadTime":2,"magazine_blocks_featured_image_url":{"full":false,"medium":false,"thumbnail":false},"magazine_blocks_author":{"display_name":"maranhaotv","author_link":"https:\/\/maranhaotv.com.br\/index.php\/author\/maranhaotv\/"},"magazine_blocks_comment":0,"magazine_blocks_author_image":"https:\/\/secure.gravatar.com\/avatar\/8fadbca458d4cb68b1dd399ae9a40618d747bb1af65ac9fad21c89220a143eb4?s=96&d=mm&r=g","magazine_blocks_category":"<a href=\"#\" class=\"category-link category-link-2\">not\u00edcias<\/a> <a href=\"#\" class=\"category-link category-link-6\">pol\u00edtica<\/a>","yoast_head":"<!-- This site is optimized with the Yoast SEO plugin v27.4 - https:\/\/yoast.com\/product\/yoast-seo-wordpress\/ -->\n<title>Pa\u00e7o do Lumiar: O inferno astral e as incertezas pol\u00edticas de Fernando Muniz - NOT\u00cdCIAS EM TEMPO REAL<\/title>\n<meta name=\"robots\" content=\"index, follow, max-snippet:-1, max-image-preview:large, max-video-preview:-1\" \/>\n<link rel=\"canonical\" href=\"https:\/\/maranhaotv.com.br\/index.php\/2020\/05\/15\/paco-do-lumiar-o-inferno-astral-e-as-incertezas-politicas-de-fernando-muniz\/\" \/>\n<meta property=\"og:locale\" content=\"pt_BR\" \/>\n<meta property=\"og:type\" content=\"article\" \/>\n<meta property=\"og:title\" content=\"Pa\u00e7o do Lumiar: O inferno astral e as incertezas pol\u00edticas de Fernando Muniz - NOT\u00cdCIAS EM TEMPO REAL\" \/>\n<meta property=\"og:description\" content=\"A situa\u00e7\u00e3o de Fernando Muniz, presidente da C\u00e2mara de Vereadores de Pa\u00e7o do Lumiar se complica a cada dia mais.\" \/>\n<meta property=\"og:url\" content=\"https:\/\/maranhaotv.com.br\/index.php\/2020\/05\/15\/paco-do-lumiar-o-inferno-astral-e-as-incertezas-politicas-de-fernando-muniz\/\" \/>\n<meta property=\"og:site_name\" content=\"NOT\u00cdCIAS EM TEMPO REAL\" \/>\n<meta property=\"article:publisher\" content=\"https:\/\/www.facebook.com\/maiobaotv\" \/>\n<meta property=\"article:published_time\" content=\"2020-05-15T13:20:26+00:00\" \/>\n<meta name=\"author\" content=\"maranhaotv\" \/>\n<meta name=\"twitter:card\" content=\"summary_large_image\" \/>\n<meta name=\"twitter:creator\" content=\"@sitemaranhaotv\" \/>\n<meta name=\"twitter:site\" content=\"@sitemaranhaotv\" \/>\n<meta name=\"twitter:label1\" content=\"Escrito por\" \/>\n\t<meta name=\"twitter:data1\" content=\"maranhaotv\" \/>\n\t<meta name=\"twitter:label2\" content=\"Est. tempo de leitura\" \/>\n\t<meta name=\"twitter:data2\" content=\"2 minutos\" \/>\n<script type=\"application\/ld+json\" class=\"yoast-schema-graph\">{\"@context\":\"https:\\\/\\\/schema.org\",\"@graph\":[{\"@type\":\"Article\",\"@id\":\"https:\\\/\\\/maranhaotv.com.br\\\/index.php\\\/2020\\\/05\\\/15\\\/paco-do-lumiar-o-inferno-astral-e-as-incertezas-politicas-de-fernando-muniz\\\/#article\",\"isPartOf\":{\"@id\":\"https:\\\/\\\/maranhaotv.com.br\\\/index.php\\\/2020\\\/05\\\/15\\\/paco-do-lumiar-o-inferno-astral-e-as-incertezas-politicas-de-fernando-muniz\\\/\"},\"author\":{\"name\":\"maranhaotv\",\"@id\":\"https:\\\/\\\/maranhaotv.com.br\\\/#\\\/schema\\\/person\\\/3d54238e86b20bb5c89ab2fdb8f8829a\"},\"headline\":\"Pa\u00e7o do Lumiar: O inferno astral e as incertezas pol\u00edticas de Fernando Muniz\",\"datePublished\":\"2020-05-15T13:20:26+00:00\",\"mainEntityOfPage\":{\"@id\":\"https:\\\/\\\/maranhaotv.com.br\\\/index.php\\\/2020\\\/05\\\/15\\\/paco-do-lumiar-o-inferno-astral-e-as-incertezas-politicas-de-fernando-muniz\\\/\"},\"wordCount\":344,\"commentCount\":0,\"publisher\":{\"@id\":\"https:\\\/\\\/maranhaotv.com.br\\\/#organization\"},\"image\":{\"@id\":\"https:\\\/\\\/maranhaotv.com.br\\\/index.php\\\/2020\\\/05\\\/15\\\/paco-do-lumiar-o-inferno-astral-e-as-incertezas-politicas-de-fernando-muniz\\\/#primaryimage\"},\"thumbnailUrl\":\"\",\"keywords\":[\"Fernando Muniz\",\"Pa\u00e7o do Lumiar\"],\"articleSection\":[\"not\u00edcias\",\"pol\u00edtica\"],\"inLanguage\":\"pt-BR\",\"potentialAction\":[{\"@type\":\"CommentAction\",\"name\":\"Comment\",\"target\":[\"https:\\\/\\\/maranhaotv.com.br\\\/index.php\\\/2020\\\/05\\\/15\\\/paco-do-lumiar-o-inferno-astral-e-as-incertezas-politicas-de-fernando-muniz\\\/#respond\"]}]},{\"@type\":\"WebPage\",\"@id\":\"https:\\\/\\\/maranhaotv.com.br\\\/index.php\\\/2020\\\/05\\\/15\\\/paco-do-lumiar-o-inferno-astral-e-as-incertezas-politicas-de-fernando-muniz\\\/\",\"url\":\"https:\\\/\\\/maranhaotv.com.br\\\/index.php\\\/2020\\\/05\\\/15\\\/paco-do-lumiar-o-inferno-astral-e-as-incertezas-politicas-de-fernando-muniz\\\/\",\"name\":\"Pa\u00e7o do Lumiar: O inferno astral e as incertezas pol\u00edticas de Fernando Muniz - NOT\u00cdCIAS EM TEMPO REAL\",\"isPartOf\":{\"@id\":\"https:\\\/\\\/maranhaotv.com.br\\\/#website\"},\"primaryImageOfPage\":{\"@id\":\"https:\\\/\\\/maranhaotv.com.br\\\/index.php\\\/2020\\\/05\\\/15\\\/paco-do-lumiar-o-inferno-astral-e-as-incertezas-politicas-de-fernando-muniz\\\/#primaryimage\"},\"image\":{\"@id\":\"https:\\\/\\\/maranhaotv.com.br\\\/index.php\\\/2020\\\/05\\\/15\\\/paco-do-lumiar-o-inferno-astral-e-as-incertezas-politicas-de-fernando-muniz\\\/#primaryimage\"},\"thumbnailUrl\":\"\",\"datePublished\":\"2020-05-15T13:20:26+00:00\",\"breadcrumb\":{\"@id\":\"https:\\\/\\\/maranhaotv.com.br\\\/index.php\\\/2020\\\/05\\\/15\\\/paco-do-lumiar-o-inferno-astral-e-as-incertezas-politicas-de-fernando-muniz\\\/#breadcrumb\"},\"inLanguage\":\"pt-BR\",\"potentialAction\":[{\"@type\":\"ReadAction\",\"target\":[\"https:\\\/\\\/maranhaotv.com.br\\\/index.php\\\/2020\\\/05\\\/15\\\/paco-do-lumiar-o-inferno-astral-e-as-incertezas-politicas-de-fernando-muniz\\\/\"]}]},{\"@type\":\"ImageObject\",\"inLanguage\":\"pt-BR\",\"@id\":\"https:\\\/\\\/maranhaotv.com.br\\\/index.php\\\/2020\\\/05\\\/15\\\/paco-do-lumiar-o-inferno-astral-e-as-incertezas-politicas-de-fernando-muniz\\\/#primaryimage\",\"url\":\"\",\"contentUrl\":\"\"},{\"@type\":\"BreadcrumbList\",\"@id\":\"https:\\\/\\\/maranhaotv.com.br\\\/index.php\\\/2020\\\/05\\\/15\\\/paco-do-lumiar-o-inferno-astral-e-as-incertezas-politicas-de-fernando-muniz\\\/#breadcrumb\",\"itemListElement\":[{\"@type\":\"ListItem\",\"position\":1,\"name\":\"In\u00edcio\",\"item\":\"https:\\\/\\\/maranhaotv.com.br\\\/\"},{\"@type\":\"ListItem\",\"position\":2,\"name\":\"Pa\u00e7o do Lumiar: O inferno astral e as incertezas pol\u00edticas de Fernando Muniz\"}]},{\"@type\":\"WebSite\",\"@id\":\"https:\\\/\\\/maranhaotv.com.br\\\/#website\",\"url\":\"https:\\\/\\\/maranhaotv.com.br\\\/\",\"name\":\"Maranh\u00e3oTV\",\"description\":\"\",\"publisher\":{\"@id\":\"https:\\\/\\\/maranhaotv.com.br\\\/#organization\"},\"potentialAction\":[{\"@type\":\"SearchAction\",\"target\":{\"@type\":\"EntryPoint\",\"urlTemplate\":\"https:\\\/\\\/maranhaotv.com.br\\\/?s={search_term_string}\"},\"query-input\":{\"@type\":\"PropertyValueSpecification\",\"valueRequired\":true,\"valueName\":\"search_term_string\"}}],\"inLanguage\":\"pt-BR\"},{\"@type\":\"Organization\",\"@id\":\"https:\\\/\\\/maranhaotv.com.br\\\/#organization\",\"name\":\"Portal de Not\u00edcias\",\"url\":\"https:\\\/\\\/maranhaotv.com.br\\\/\",\"logo\":{\"@type\":\"ImageObject\",\"inLanguage\":\"pt-BR\",\"@id\":\"https:\\\/\\\/maranhaotv.com.br\\\/#\\\/schema\\\/logo\\\/image\\\/\",\"url\":\"https:\\\/\\\/maranhaotv.com.br\\\/wp-content\\\/uploads\\\/2024\\\/05\\\/cropped-cropped-avatar-1.png\",\"contentUrl\":\"https:\\\/\\\/maranhaotv.com.br\\\/wp-content\\\/uploads\\\/2024\\\/05\\\/cropped-cropped-avatar-1.png\",\"width\":792,\"height\":428,\"caption\":\"Portal de Not\u00edcias\"},\"image\":{\"@id\":\"https:\\\/\\\/maranhaotv.com.br\\\/#\\\/schema\\\/logo\\\/image\\\/\"},\"sameAs\":[\"https:\\\/\\\/www.facebook.com\\\/maiobaotv\",\"https:\\\/\\\/x.com\\\/sitemaranhaotv\",\"https:\\\/\\\/www.instagram.com\\\/maranhao.tv\",\"https:\\\/\\\/www.threads.net\\\/@maranhao.tv\"]},{\"@type\":\"Person\",\"@id\":\"https:\\\/\\\/maranhaotv.com.br\\\/#\\\/schema\\\/person\\\/3d54238e86b20bb5c89ab2fdb8f8829a\",\"name\":\"maranhaotv\",\"image\":{\"@type\":\"ImageObject\",\"inLanguage\":\"pt-BR\",\"@id\":\"https:\\\/\\\/secure.gravatar.com\\\/avatar\\\/8fadbca458d4cb68b1dd399ae9a40618d747bb1af65ac9fad21c89220a143eb4?s=96&d=mm&r=g\",\"url\":\"https:\\\/\\\/secure.gravatar.com\\\/avatar\\\/8fadbca458d4cb68b1dd399ae9a40618d747bb1af65ac9fad21c89220a143eb4?s=96&d=mm&r=g\",\"contentUrl\":\"https:\\\/\\\/secure.gravatar.com\\\/avatar\\\/8fadbca458d4cb68b1dd399ae9a40618d747bb1af65ac9fad21c89220a143eb4?s=96&d=mm&r=g\",\"caption\":\"maranhaotv\"},\"sameAs\":[\"https:\\\/\\\/maranhaotv.com.br\\\/\"],\"url\":\"https:\\\/\\\/maranhaotv.com.br\\\/index.php\\\/author\\\/maranhaotv\\\/\"}]}<\/script>\n<!-- \/ Yoast SEO plugin. -->","yoast_head_json":{"title":"Pa\u00e7o do Lumiar: O inferno astral e as incertezas pol\u00edticas de Fernando Muniz - NOT\u00cdCIAS EM TEMPO REAL","robots":{"index":"index","follow":"follow","max-snippet":"max-snippet:-1","max-image-preview":"max-image-preview:large","max-video-preview":"max-video-preview:-1"},"canonical":"https:\/\/maranhaotv.com.br\/index.php\/2020\/05\/15\/paco-do-lumiar-o-inferno-astral-e-as-incertezas-politicas-de-fernando-muniz\/","og_locale":"pt_BR","og_type":"article","og_title":"Pa\u00e7o do Lumiar: O inferno astral e as incertezas pol\u00edticas de Fernando Muniz - NOT\u00cdCIAS EM TEMPO REAL","og_description":"A situa\u00e7\u00e3o de Fernando Muniz, presidente da C\u00e2mara de Vereadores de Pa\u00e7o do Lumiar se complica a cada dia mais.","og_url":"https:\/\/maranhaotv.com.br\/index.php\/2020\/05\/15\/paco-do-lumiar-o-inferno-astral-e-as-incertezas-politicas-de-fernando-muniz\/","og_site_name":"NOT\u00cdCIAS EM TEMPO REAL","article_publisher":"https:\/\/www.facebook.com\/maiobaotv","article_published_time":"2020-05-15T13:20:26+00:00","author":"maranhaotv","twitter_card":"summary_large_image","twitter_creator":"@sitemaranhaotv","twitter_site":"@sitemaranhaotv","twitter_misc":{"Escrito por":"maranhaotv","Est. tempo de leitura":"2 minutos"},"schema":{"@context":"https:\/\/schema.org","@graph":[{"@type":"Article","@id":"https:\/\/maranhaotv.com.br\/index.php\/2020\/05\/15\/paco-do-lumiar-o-inferno-astral-e-as-incertezas-politicas-de-fernando-muniz\/#article","isPartOf":{"@id":"https:\/\/maranhaotv.com.br\/index.php\/2020\/05\/15\/paco-do-lumiar-o-inferno-astral-e-as-incertezas-politicas-de-fernando-muniz\/"},"author":{"name":"maranhaotv","@id":"https:\/\/maranhaotv.com.br\/#\/schema\/person\/3d54238e86b20bb5c89ab2fdb8f8829a"},"headline":"Pa\u00e7o do Lumiar: O inferno astral e as incertezas pol\u00edticas de Fernando Muniz","datePublished":"2020-05-15T13:20:26+00:00","mainEntityOfPage":{"@id":"https:\/\/maranhaotv.com.br\/index.php\/2020\/05\/15\/paco-do-lumiar-o-inferno-astral-e-as-incertezas-politicas-de-fernando-muniz\/"},"wordCount":344,"commentCount":0,"publisher":{"@id":"https:\/\/maranhaotv.com.br\/#organization"},"image":{"@id":"https:\/\/maranhaotv.com.br\/index.php\/2020\/05\/15\/paco-do-lumiar-o-inferno-astral-e-as-incertezas-politicas-de-fernando-muniz\/#primaryimage"},"thumbnailUrl":"","keywords":["Fernando Muniz","Pa\u00e7o do Lumiar"],"articleSection":["not\u00edcias","pol\u00edtica"],"inLanguage":"pt-BR","potentialAction":[{"@type":"CommentAction","name":"Comment","target":["https:\/\/maranhaotv.com.br\/index.php\/2020\/05\/15\/paco-do-lumiar-o-inferno-astral-e-as-incertezas-politicas-de-fernando-muniz\/#respond"]}]},{"@type":"WebPage","@id":"https:\/\/maranhaotv.com.br\/index.php\/2020\/05\/15\/paco-do-lumiar-o-inferno-astral-e-as-incertezas-politicas-de-fernando-muniz\/","url":"https:\/\/maranhaotv.com.br\/index.php\/2020\/05\/15\/paco-do-lumiar-o-inferno-astral-e-as-incertezas-politicas-de-fernando-muniz\/","name":"Pa\u00e7o do Lumiar: O inferno astral e as incertezas pol\u00edticas de Fernando Muniz - NOT\u00cdCIAS EM TEMPO REAL","isPartOf":{"@id":"https:\/\/maranhaotv.com.br\/#website"},"primaryImageOfPage":{"@id":"https:\/\/maranhaotv.com.br\/index.php\/2020\/05\/15\/paco-do-lumiar-o-inferno-astral-e-as-incertezas-politicas-de-fernando-muniz\/#primaryimage"},"image":{"@id":"https:\/\/maranhaotv.com.br\/index.php\/2020\/05\/15\/paco-do-lumiar-o-inferno-astral-e-as-incertezas-politicas-de-fernando-muniz\/#primaryimage"},"thumbnailUrl":"","datePublished":"2020-05-15T13:20:26+00:00","breadcrumb":{"@id":"https:\/\/maranhaotv.com.br\/index.php\/2020\/05\/15\/paco-do-lumiar-o-inferno-astral-e-as-incertezas-politicas-de-fernando-muniz\/#breadcrumb"},"inLanguage":"pt-BR","potentialAction":[{"@type":"ReadAction","target":["https:\/\/maranhaotv.com.br\/index.php\/2020\/05\/15\/paco-do-lumiar-o-inferno-astral-e-as-incertezas-politicas-de-fernando-muniz\/"]}]},{"@type":"ImageObject","inLanguage":"pt-BR","@id":"https:\/\/maranhaotv.com.br\/index.php\/2020\/05\/15\/paco-do-lumiar-o-inferno-astral-e-as-incertezas-politicas-de-fernando-muniz\/#primaryimage","url":"","contentUrl":""},{"@type":"BreadcrumbList","@id":"https:\/\/maranhaotv.com.br\/index.php\/2020\/05\/15\/paco-do-lumiar-o-inferno-astral-e-as-incertezas-politicas-de-fernando-muniz\/#breadcrumb","itemListElement":[{"@type":"ListItem","position":1,"name":"In\u00edcio","item":"https:\/\/maranhaotv.com.br\/"},{"@type":"ListItem","position":2,"name":"Pa\u00e7o do Lumiar: O inferno astral e as incertezas pol\u00edticas de Fernando Muniz"}]},{"@type":"WebSite","@id":"https:\/\/maranhaotv.com.br\/#website","url":"https:\/\/maranhaotv.com.br\/","name":"Maranh\u00e3oTV","description":"","publisher":{"@id":"https:\/\/maranhaotv.com.br\/#organization"},"potentialAction":[{"@type":"SearchAction","target":{"@type":"EntryPoint","urlTemplate":"https:\/\/maranhaotv.com.br\/?s={search_term_string}"},"query-input":{"@type":"PropertyValueSpecification","valueRequired":true,"valueName":"search_term_string"}}],"inLanguage":"pt-BR"},{"@type":"Organization","@id":"https:\/\/maranhaotv.com.br\/#organization","name":"Portal de Not\u00edcias","url":"https:\/\/maranhaotv.com.br\/","logo":{"@type":"ImageObject","inLanguage":"pt-BR","@id":"https:\/\/maranhaotv.com.br\/#\/schema\/logo\/image\/","url":"https:\/\/maranhaotv.com.br\/wp-content\/uploads\/2024\/05\/cropped-cropped-avatar-1.png","contentUrl":"https:\/\/maranhaotv.com.br\/wp-content\/uploads\/2024\/05\/cropped-cropped-avatar-1.png","width":792,"height":428,"caption":"Portal de Not\u00edcias"},"image":{"@id":"https:\/\/maranhaotv.com.br\/#\/schema\/logo\/image\/"},"sameAs":["https:\/\/www.facebook.com\/maiobaotv","https:\/\/x.com\/sitemaranhaotv","https:\/\/www.instagram.com\/maranhao.tv","https:\/\/www.threads.net\/@maranhao.tv"]},{"@type":"Person","@id":"https:\/\/maranhaotv.com.br\/#\/schema\/person\/3d54238e86b20bb5c89ab2fdb8f8829a","name":"maranhaotv","image":{"@type":"ImageObject","inLanguage":"pt-BR","@id":"https:\/\/secure.gravatar.com\/avatar\/8fadbca458d4cb68b1dd399ae9a40618d747bb1af65ac9fad21c89220a143eb4?s=96&d=mm&r=g","url":"https:\/\/secure.gravatar.com\/avatar\/8fadbca458d4cb68b1dd399ae9a40618d747bb1af65ac9fad21c89220a143eb4?s=96&d=mm&r=g","contentUrl":"https:\/\/secure.gravatar.com\/avatar\/8fadbca458d4cb68b1dd399ae9a40618d747bb1af65ac9fad21c89220a143eb4?s=96&d=mm&r=g","caption":"maranhaotv"},"sameAs":["https:\/\/maranhaotv.com.br\/"],"url":"https:\/\/maranhaotv.com.br\/index.php\/author\/maranhaotv\/"}]}},"jetpack_featured_media_url":"","jetpack_sharing_enabled":true,"_links":{"self":[{"href":"https:\/\/maranhaotv.com.br\/index.php\/wp-json\/wp\/v2\/posts\/11867","targetHints":{"allow":["GET"]}}],"collection":[{"href":"https:\/\/maranhaotv.com.br\/index.php\/wp-json\/wp\/v2\/posts"}],"about":[{"href":"https:\/\/maranhaotv.com.br\/index.php\/wp-json\/wp\/v2\/types\/post"}],"author":[{"embeddable":true,"href":"https:\/\/maranhaotv.com.br\/index.php\/wp-json\/wp\/v2\/users\/2"}],"replies":[{"embeddable":true,"href":"https:\/\/maranhaotv.com.br\/index.php\/wp-json\/wp\/v2\/comments?post=11867"}],"version-history":[{"count":0,"href":"https:\/\/maranhaotv.com.br\/index.php\/wp-json\/wp\/v2\/posts\/11867\/revisions"}],"wp:featuredmedia":[{"embeddable":true,"href":"https:\/\/maranhaotv.com.br\/index.php\/wp-json\/"}],"wp:attachment":[{"href":"https:\/\/maranhaotv.com.br\/index.php\/wp-json\/wp\/v2\/media?parent=11867"}],"wp:term":[{"taxonomy":"category","embeddable":true,"href":"https:\/\/maranhaotv.com.br\/index.php\/wp-json\/wp\/v2\/categories?post=11867"},{"taxonomy":"post_tag","embeddable":true,"href":"https:\/\/maranhaotv.com.br\/index.php\/wp-json\/wp\/v2\/tags?post=11867"}],"curies":[{"name":"wp","href":"https:\/\/api.w.org\/{rel}","templated":true}]}}