{"id":11945,"date":"2020-05-18T16:18:29","date_gmt":"2020-05-18T19:18:29","guid":{"rendered":"https:\/\/maiobaotv.com.br\/index.php\/2020\/05\/18\/policia-desarticula-organizacao-que-planejava-protestos-em-sao-luis\/"},"modified":"2020-05-18T16:18:29","modified_gmt":"2020-05-18T19:18:29","slug":"policia-desarticula-organizacao-que-planejava-protestos-em-sao-luis","status":"publish","type":"post","link":"https:\/\/maranhaotv.com.br\/index.php\/2020\/05\/18\/policia-desarticula-organizacao-que-planejava-protestos-em-sao-luis\/","title":{"rendered":"Pol\u00edcia desarticula organiza\u00e7\u00e3o que planejava protestos em S\u00e3o Lu\u00eds"},"content":{"rendered":"\n<p>Ignorando as orienta\u00e7\u00f5es da Organiza\u00e7\u00e3o Mundial de Sa\u00fade e as determina\u00e7\u00f5es do Decreto Estadual sobre realiza\u00e7\u00e3o de eventos p\u00fablicos que podem gerar aglomera\u00e7\u00f5es, grupo formado no Whatsapp planejava carreta contra medidas de isolamento social, para a manh\u00e3 desta segunda-feira (18). A den\u00fancia chegou \u00e0 Pol\u00edcia Civil do Maranh\u00e3o ainda no fim de semana, que teve acesso ao grupo via link amplamente divulgado, e intimou integrantes.<\/p>\n\n\n\n<p>Manifesta\u00e7\u00f5es sociais, leg\u00edtimas e pr\u00f3prias da din\u00e2mica da Democracia em tempos de normalidade, preocupam em tempos de enfrentamento de epidemia. \u00c9 que reuni\u00f5es e encontros podem facilmente se tornar foco de transmiss\u00e3o do novo coronav\u00edrus, mesmo com alguns cuidados.<\/p>\n\n\n\n<p>Pelo grupo, participantes mostravam desd\u00e9m \u00e0s medidas de isolamento e planejavam a carreata para iniciar na Via Expressa, segundo eles, avenida sem c\u00e2meras de fiscaliza\u00e7\u00e3o e um jeito de driblar a pol\u00edcia. O que revela sabidos de estarem infringindo normas.<\/p>\n\n\n\n<p>No fim mar\u00e7o, a Justi\u00e7a do Maranh\u00e3o suspendeu a realiza\u00e7\u00e3o de uma carreata contra as medidas de distanciamento social em S\u00e3o Lu\u00eds. Na ocasi\u00e3o, a Justi\u00e7a ainda determinou a proibi\u00e7\u00e3o, em car\u00e1ter preventivo, da realiza\u00e7\u00e3o de eventos que resultem na forma\u00e7\u00e3o de aglomera\u00e7\u00f5es em espa\u00e7os p\u00fablicos em todo o estado do Maranh\u00e3o enquanto durarem as medidas de isolamento. Outra determina\u00e7\u00e3o subjugada pelo grupo.<\/p>\n\n\n\n<p>As intima\u00e7\u00f5es da Pol\u00edcia Civil come\u00e7aram a chegar ainda no domingo (17), o que provocou a dispers\u00e3o no grupo e a indigna\u00e7\u00e3o de alguns integrantes. Em v\u00eddeos compartilhados na internet, alguns participantes dizem ter sido convocados pela pol\u00edcia por compartilharem opni\u00f5es distintas a da gest\u00e3o estadual. Omitem, no entanto, que o pux\u00e3o de orelha foi por planejar o descumprimento de normas, no momento em que isolamento social tem salvado vidas.<\/p>\n\n\n\n<p>Gilberto Lima<\/p>\n","protected":false},"excerpt":{"rendered":"<p>Ignorando as orienta\u00e7\u00f5es da Organiza\u00e7\u00e3o Mundial de Sa\u00fade e as determina\u00e7\u00f5es do Decreto Estadual sobre realiza\u00e7\u00e3o de eventos p\u00fablicos que<\/p>\n","protected":false},"author":2,"featured_media":11944,"comment_status":"open","ping_status":"open","sticky":false,"template":"","format":"standard","meta":{"colormag_page_container_layout":"default_layout","colormag_page_sidebar_layout":"default_layout","_jetpack_memberships_contains_paid_content":false,"footnotes":""},"categories":[2,3],"tags":[],"class_list":["post-11945","post","type-post","status-publish","format-standard","has-post-thumbnail","hentry","category-noticias","category-policial"],"magazineBlocksPostFeaturedMedia":{"thumbnail":false,"medium":false,"medium_large":false,"large":false,"1536x1536":false,"2048x2048":false,"colormag-highlighted-post":false,"colormag-featured-post-medium":false,"colormag-featured-post-small":false,"colormag-featured-image":false,"colormag-default-news":false,"colormag-featured-image-large":false},"magazineBlocksPostAuthor":{"name":"maranhaotv","avatar":"https:\/\/secure.gravatar.com\/avatar\/8fadbca458d4cb68b1dd399ae9a40618d747bb1af65ac9fad21c89220a143eb4?s=96&d=mm&r=g"},"magazineBlocksPostCommentsNumber":"0","magazineBlocksPostExcerpt":"Ignorando as orienta\u00e7\u00f5es da Organiza\u00e7\u00e3o Mundial de Sa\u00fade e as determina\u00e7\u00f5es do Decreto Estadual sobre realiza\u00e7\u00e3o de eventos p\u00fablicos que","magazineBlocksPostCategories":["not\u00edcias","policial"],"magazineBlocksPostViewCount":116,"magazineBlocksPostReadTime":2,"magazine_blocks_featured_image_url":{"full":false,"medium":false,"thumbnail":false},"magazine_blocks_author":{"display_name":"maranhaotv","author_link":"https:\/\/maranhaotv.com.br\/index.php\/author\/maranhaotv\/"},"magazine_blocks_comment":0,"magazine_blocks_author_image":"https:\/\/secure.gravatar.com\/avatar\/8fadbca458d4cb68b1dd399ae9a40618d747bb1af65ac9fad21c89220a143eb4?s=96&d=mm&r=g","magazine_blocks_category":"<a href=\"#\" class=\"category-link category-link-2\">not\u00edcias<\/a> <a href=\"#\" class=\"category-link category-link-3\">policial<\/a>","yoast_head":"<!-- This site is optimized with the Yoast SEO plugin v27.4 - https:\/\/yoast.com\/product\/yoast-seo-wordpress\/ -->\n<title>Pol\u00edcia desarticula organiza\u00e7\u00e3o que planejava protestos em S\u00e3o Lu\u00eds - NOT\u00cdCIAS EM TEMPO REAL<\/title>\n<meta name=\"robots\" content=\"index, follow, max-snippet:-1, max-image-preview:large, max-video-preview:-1\" \/>\n<link rel=\"canonical\" href=\"https:\/\/maranhaotv.com.br\/index.php\/2020\/05\/18\/policia-desarticula-organizacao-que-planejava-protestos-em-sao-luis\/\" \/>\n<meta property=\"og:locale\" content=\"pt_BR\" \/>\n<meta property=\"og:type\" content=\"article\" \/>\n<meta property=\"og:title\" content=\"Pol\u00edcia desarticula organiza\u00e7\u00e3o que planejava protestos em S\u00e3o Lu\u00eds - NOT\u00cdCIAS EM TEMPO REAL\" \/>\n<meta property=\"og:description\" content=\"Ignorando as orienta\u00e7\u00f5es da Organiza\u00e7\u00e3o Mundial de Sa\u00fade e as determina\u00e7\u00f5es do Decreto Estadual sobre realiza\u00e7\u00e3o de eventos p\u00fablicos que\" \/>\n<meta property=\"og:url\" content=\"https:\/\/maranhaotv.com.br\/index.php\/2020\/05\/18\/policia-desarticula-organizacao-que-planejava-protestos-em-sao-luis\/\" \/>\n<meta property=\"og:site_name\" content=\"NOT\u00cdCIAS EM TEMPO REAL\" \/>\n<meta property=\"article:publisher\" content=\"https:\/\/www.facebook.com\/maiobaotv\" \/>\n<meta property=\"article:published_time\" content=\"2020-05-18T19:18:29+00:00\" \/>\n<meta name=\"author\" content=\"maranhaotv\" \/>\n<meta name=\"twitter:card\" content=\"summary_large_image\" \/>\n<meta name=\"twitter:creator\" content=\"@sitemaranhaotv\" \/>\n<meta name=\"twitter:site\" content=\"@sitemaranhaotv\" \/>\n<meta name=\"twitter:label1\" content=\"Escrito por\" \/>\n\t<meta name=\"twitter:data1\" content=\"maranhaotv\" \/>\n\t<meta name=\"twitter:label2\" content=\"Est. tempo de leitura\" \/>\n\t<meta name=\"twitter:data2\" content=\"2 minutos\" \/>\n<script type=\"application\/ld+json\" class=\"yoast-schema-graph\">{\"@context\":\"https:\\\/\\\/schema.org\",\"@graph\":[{\"@type\":\"Article\",\"@id\":\"https:\\\/\\\/maranhaotv.com.br\\\/index.php\\\/2020\\\/05\\\/18\\\/policia-desarticula-organizacao-que-planejava-protestos-em-sao-luis\\\/#article\",\"isPartOf\":{\"@id\":\"https:\\\/\\\/maranhaotv.com.br\\\/index.php\\\/2020\\\/05\\\/18\\\/policia-desarticula-organizacao-que-planejava-protestos-em-sao-luis\\\/\"},\"author\":{\"name\":\"maranhaotv\",\"@id\":\"https:\\\/\\\/maranhaotv.com.br\\\/#\\\/schema\\\/person\\\/3d54238e86b20bb5c89ab2fdb8f8829a\"},\"headline\":\"Pol\u00edcia desarticula organiza\u00e7\u00e3o que planejava protestos em S\u00e3o Lu\u00eds\",\"datePublished\":\"2020-05-18T19:18:29+00:00\",\"mainEntityOfPage\":{\"@id\":\"https:\\\/\\\/maranhaotv.com.br\\\/index.php\\\/2020\\\/05\\\/18\\\/policia-desarticula-organizacao-que-planejava-protestos-em-sao-luis\\\/\"},\"wordCount\":336,\"commentCount\":0,\"publisher\":{\"@id\":\"https:\\\/\\\/maranhaotv.com.br\\\/#organization\"},\"image\":{\"@id\":\"https:\\\/\\\/maranhaotv.com.br\\\/index.php\\\/2020\\\/05\\\/18\\\/policia-desarticula-organizacao-que-planejava-protestos-em-sao-luis\\\/#primaryimage\"},\"thumbnailUrl\":\"\",\"articleSection\":[\"not\u00edcias\",\"policial\"],\"inLanguage\":\"pt-BR\",\"potentialAction\":[{\"@type\":\"CommentAction\",\"name\":\"Comment\",\"target\":[\"https:\\\/\\\/maranhaotv.com.br\\\/index.php\\\/2020\\\/05\\\/18\\\/policia-desarticula-organizacao-que-planejava-protestos-em-sao-luis\\\/#respond\"]}]},{\"@type\":\"WebPage\",\"@id\":\"https:\\\/\\\/maranhaotv.com.br\\\/index.php\\\/2020\\\/05\\\/18\\\/policia-desarticula-organizacao-que-planejava-protestos-em-sao-luis\\\/\",\"url\":\"https:\\\/\\\/maranhaotv.com.br\\\/index.php\\\/2020\\\/05\\\/18\\\/policia-desarticula-organizacao-que-planejava-protestos-em-sao-luis\\\/\",\"name\":\"Pol\u00edcia desarticula organiza\u00e7\u00e3o que planejava protestos em S\u00e3o Lu\u00eds - NOT\u00cdCIAS EM TEMPO REAL\",\"isPartOf\":{\"@id\":\"https:\\\/\\\/maranhaotv.com.br\\\/#website\"},\"primaryImageOfPage\":{\"@id\":\"https:\\\/\\\/maranhaotv.com.br\\\/index.php\\\/2020\\\/05\\\/18\\\/policia-desarticula-organizacao-que-planejava-protestos-em-sao-luis\\\/#primaryimage\"},\"image\":{\"@id\":\"https:\\\/\\\/maranhaotv.com.br\\\/index.php\\\/2020\\\/05\\\/18\\\/policia-desarticula-organizacao-que-planejava-protestos-em-sao-luis\\\/#primaryimage\"},\"thumbnailUrl\":\"\",\"datePublished\":\"2020-05-18T19:18:29+00:00\",\"breadcrumb\":{\"@id\":\"https:\\\/\\\/maranhaotv.com.br\\\/index.php\\\/2020\\\/05\\\/18\\\/policia-desarticula-organizacao-que-planejava-protestos-em-sao-luis\\\/#breadcrumb\"},\"inLanguage\":\"pt-BR\",\"potentialAction\":[{\"@type\":\"ReadAction\",\"target\":[\"https:\\\/\\\/maranhaotv.com.br\\\/index.php\\\/2020\\\/05\\\/18\\\/policia-desarticula-organizacao-que-planejava-protestos-em-sao-luis\\\/\"]}]},{\"@type\":\"ImageObject\",\"inLanguage\":\"pt-BR\",\"@id\":\"https:\\\/\\\/maranhaotv.com.br\\\/index.php\\\/2020\\\/05\\\/18\\\/policia-desarticula-organizacao-que-planejava-protestos-em-sao-luis\\\/#primaryimage\",\"url\":\"\",\"contentUrl\":\"\"},{\"@type\":\"BreadcrumbList\",\"@id\":\"https:\\\/\\\/maranhaotv.com.br\\\/index.php\\\/2020\\\/05\\\/18\\\/policia-desarticula-organizacao-que-planejava-protestos-em-sao-luis\\\/#breadcrumb\",\"itemListElement\":[{\"@type\":\"ListItem\",\"position\":1,\"name\":\"In\u00edcio\",\"item\":\"https:\\\/\\\/maranhaotv.com.br\\\/\"},{\"@type\":\"ListItem\",\"position\":2,\"name\":\"Pol\u00edcia desarticula organiza\u00e7\u00e3o que planejava protestos em S\u00e3o Lu\u00eds\"}]},{\"@type\":\"WebSite\",\"@id\":\"https:\\\/\\\/maranhaotv.com.br\\\/#website\",\"url\":\"https:\\\/\\\/maranhaotv.com.br\\\/\",\"name\":\"Maranh\u00e3oTV\",\"description\":\"\",\"publisher\":{\"@id\":\"https:\\\/\\\/maranhaotv.com.br\\\/#organization\"},\"potentialAction\":[{\"@type\":\"SearchAction\",\"target\":{\"@type\":\"EntryPoint\",\"urlTemplate\":\"https:\\\/\\\/maranhaotv.com.br\\\/?s={search_term_string}\"},\"query-input\":{\"@type\":\"PropertyValueSpecification\",\"valueRequired\":true,\"valueName\":\"search_term_string\"}}],\"inLanguage\":\"pt-BR\"},{\"@type\":\"Organization\",\"@id\":\"https:\\\/\\\/maranhaotv.com.br\\\/#organization\",\"name\":\"Portal de Not\u00edcias\",\"url\":\"https:\\\/\\\/maranhaotv.com.br\\\/\",\"logo\":{\"@type\":\"ImageObject\",\"inLanguage\":\"pt-BR\",\"@id\":\"https:\\\/\\\/maranhaotv.com.br\\\/#\\\/schema\\\/logo\\\/image\\\/\",\"url\":\"https:\\\/\\\/maranhaotv.com.br\\\/wp-content\\\/uploads\\\/2024\\\/05\\\/cropped-cropped-avatar-1.png\",\"contentUrl\":\"https:\\\/\\\/maranhaotv.com.br\\\/wp-content\\\/uploads\\\/2024\\\/05\\\/cropped-cropped-avatar-1.png\",\"width\":792,\"height\":428,\"caption\":\"Portal de Not\u00edcias\"},\"image\":{\"@id\":\"https:\\\/\\\/maranhaotv.com.br\\\/#\\\/schema\\\/logo\\\/image\\\/\"},\"sameAs\":[\"https:\\\/\\\/www.facebook.com\\\/maiobaotv\",\"https:\\\/\\\/x.com\\\/sitemaranhaotv\",\"https:\\\/\\\/www.instagram.com\\\/maranhao.tv\",\"https:\\\/\\\/www.threads.net\\\/@maranhao.tv\"]},{\"@type\":\"Person\",\"@id\":\"https:\\\/\\\/maranhaotv.com.br\\\/#\\\/schema\\\/person\\\/3d54238e86b20bb5c89ab2fdb8f8829a\",\"name\":\"maranhaotv\",\"image\":{\"@type\":\"ImageObject\",\"inLanguage\":\"pt-BR\",\"@id\":\"https:\\\/\\\/secure.gravatar.com\\\/avatar\\\/8fadbca458d4cb68b1dd399ae9a40618d747bb1af65ac9fad21c89220a143eb4?s=96&d=mm&r=g\",\"url\":\"https:\\\/\\\/secure.gravatar.com\\\/avatar\\\/8fadbca458d4cb68b1dd399ae9a40618d747bb1af65ac9fad21c89220a143eb4?s=96&d=mm&r=g\",\"contentUrl\":\"https:\\\/\\\/secure.gravatar.com\\\/avatar\\\/8fadbca458d4cb68b1dd399ae9a40618d747bb1af65ac9fad21c89220a143eb4?s=96&d=mm&r=g\",\"caption\":\"maranhaotv\"},\"sameAs\":[\"https:\\\/\\\/maranhaotv.com.br\\\/\"],\"url\":\"https:\\\/\\\/maranhaotv.com.br\\\/index.php\\\/author\\\/maranhaotv\\\/\"}]}<\/script>\n<!-- \/ Yoast SEO plugin. -->","yoast_head_json":{"title":"Pol\u00edcia desarticula organiza\u00e7\u00e3o que planejava protestos em S\u00e3o Lu\u00eds - NOT\u00cdCIAS EM TEMPO REAL","robots":{"index":"index","follow":"follow","max-snippet":"max-snippet:-1","max-image-preview":"max-image-preview:large","max-video-preview":"max-video-preview:-1"},"canonical":"https:\/\/maranhaotv.com.br\/index.php\/2020\/05\/18\/policia-desarticula-organizacao-que-planejava-protestos-em-sao-luis\/","og_locale":"pt_BR","og_type":"article","og_title":"Pol\u00edcia desarticula organiza\u00e7\u00e3o que planejava protestos em S\u00e3o Lu\u00eds - NOT\u00cdCIAS EM TEMPO REAL","og_description":"Ignorando as orienta\u00e7\u00f5es da Organiza\u00e7\u00e3o Mundial de Sa\u00fade e as determina\u00e7\u00f5es do Decreto Estadual sobre realiza\u00e7\u00e3o de eventos p\u00fablicos que","og_url":"https:\/\/maranhaotv.com.br\/index.php\/2020\/05\/18\/policia-desarticula-organizacao-que-planejava-protestos-em-sao-luis\/","og_site_name":"NOT\u00cdCIAS EM TEMPO REAL","article_publisher":"https:\/\/www.facebook.com\/maiobaotv","article_published_time":"2020-05-18T19:18:29+00:00","author":"maranhaotv","twitter_card":"summary_large_image","twitter_creator":"@sitemaranhaotv","twitter_site":"@sitemaranhaotv","twitter_misc":{"Escrito por":"maranhaotv","Est. tempo de leitura":"2 minutos"},"schema":{"@context":"https:\/\/schema.org","@graph":[{"@type":"Article","@id":"https:\/\/maranhaotv.com.br\/index.php\/2020\/05\/18\/policia-desarticula-organizacao-que-planejava-protestos-em-sao-luis\/#article","isPartOf":{"@id":"https:\/\/maranhaotv.com.br\/index.php\/2020\/05\/18\/policia-desarticula-organizacao-que-planejava-protestos-em-sao-luis\/"},"author":{"name":"maranhaotv","@id":"https:\/\/maranhaotv.com.br\/#\/schema\/person\/3d54238e86b20bb5c89ab2fdb8f8829a"},"headline":"Pol\u00edcia desarticula organiza\u00e7\u00e3o que planejava protestos em S\u00e3o Lu\u00eds","datePublished":"2020-05-18T19:18:29+00:00","mainEntityOfPage":{"@id":"https:\/\/maranhaotv.com.br\/index.php\/2020\/05\/18\/policia-desarticula-organizacao-que-planejava-protestos-em-sao-luis\/"},"wordCount":336,"commentCount":0,"publisher":{"@id":"https:\/\/maranhaotv.com.br\/#organization"},"image":{"@id":"https:\/\/maranhaotv.com.br\/index.php\/2020\/05\/18\/policia-desarticula-organizacao-que-planejava-protestos-em-sao-luis\/#primaryimage"},"thumbnailUrl":"","articleSection":["not\u00edcias","policial"],"inLanguage":"pt-BR","potentialAction":[{"@type":"CommentAction","name":"Comment","target":["https:\/\/maranhaotv.com.br\/index.php\/2020\/05\/18\/policia-desarticula-organizacao-que-planejava-protestos-em-sao-luis\/#respond"]}]},{"@type":"WebPage","@id":"https:\/\/maranhaotv.com.br\/index.php\/2020\/05\/18\/policia-desarticula-organizacao-que-planejava-protestos-em-sao-luis\/","url":"https:\/\/maranhaotv.com.br\/index.php\/2020\/05\/18\/policia-desarticula-organizacao-que-planejava-protestos-em-sao-luis\/","name":"Pol\u00edcia desarticula organiza\u00e7\u00e3o que planejava protestos em S\u00e3o Lu\u00eds - NOT\u00cdCIAS EM TEMPO REAL","isPartOf":{"@id":"https:\/\/maranhaotv.com.br\/#website"},"primaryImageOfPage":{"@id":"https:\/\/maranhaotv.com.br\/index.php\/2020\/05\/18\/policia-desarticula-organizacao-que-planejava-protestos-em-sao-luis\/#primaryimage"},"image":{"@id":"https:\/\/maranhaotv.com.br\/index.php\/2020\/05\/18\/policia-desarticula-organizacao-que-planejava-protestos-em-sao-luis\/#primaryimage"},"thumbnailUrl":"","datePublished":"2020-05-18T19:18:29+00:00","breadcrumb":{"@id":"https:\/\/maranhaotv.com.br\/index.php\/2020\/05\/18\/policia-desarticula-organizacao-que-planejava-protestos-em-sao-luis\/#breadcrumb"},"inLanguage":"pt-BR","potentialAction":[{"@type":"ReadAction","target":["https:\/\/maranhaotv.com.br\/index.php\/2020\/05\/18\/policia-desarticula-organizacao-que-planejava-protestos-em-sao-luis\/"]}]},{"@type":"ImageObject","inLanguage":"pt-BR","@id":"https:\/\/maranhaotv.com.br\/index.php\/2020\/05\/18\/policia-desarticula-organizacao-que-planejava-protestos-em-sao-luis\/#primaryimage","url":"","contentUrl":""},{"@type":"BreadcrumbList","@id":"https:\/\/maranhaotv.com.br\/index.php\/2020\/05\/18\/policia-desarticula-organizacao-que-planejava-protestos-em-sao-luis\/#breadcrumb","itemListElement":[{"@type":"ListItem","position":1,"name":"In\u00edcio","item":"https:\/\/maranhaotv.com.br\/"},{"@type":"ListItem","position":2,"name":"Pol\u00edcia desarticula organiza\u00e7\u00e3o que planejava protestos em S\u00e3o Lu\u00eds"}]},{"@type":"WebSite","@id":"https:\/\/maranhaotv.com.br\/#website","url":"https:\/\/maranhaotv.com.br\/","name":"Maranh\u00e3oTV","description":"","publisher":{"@id":"https:\/\/maranhaotv.com.br\/#organization"},"potentialAction":[{"@type":"SearchAction","target":{"@type":"EntryPoint","urlTemplate":"https:\/\/maranhaotv.com.br\/?s={search_term_string}"},"query-input":{"@type":"PropertyValueSpecification","valueRequired":true,"valueName":"search_term_string"}}],"inLanguage":"pt-BR"},{"@type":"Organization","@id":"https:\/\/maranhaotv.com.br\/#organization","name":"Portal de Not\u00edcias","url":"https:\/\/maranhaotv.com.br\/","logo":{"@type":"ImageObject","inLanguage":"pt-BR","@id":"https:\/\/maranhaotv.com.br\/#\/schema\/logo\/image\/","url":"https:\/\/maranhaotv.com.br\/wp-content\/uploads\/2024\/05\/cropped-cropped-avatar-1.png","contentUrl":"https:\/\/maranhaotv.com.br\/wp-content\/uploads\/2024\/05\/cropped-cropped-avatar-1.png","width":792,"height":428,"caption":"Portal de Not\u00edcias"},"image":{"@id":"https:\/\/maranhaotv.com.br\/#\/schema\/logo\/image\/"},"sameAs":["https:\/\/www.facebook.com\/maiobaotv","https:\/\/x.com\/sitemaranhaotv","https:\/\/www.instagram.com\/maranhao.tv","https:\/\/www.threads.net\/@maranhao.tv"]},{"@type":"Person","@id":"https:\/\/maranhaotv.com.br\/#\/schema\/person\/3d54238e86b20bb5c89ab2fdb8f8829a","name":"maranhaotv","image":{"@type":"ImageObject","inLanguage":"pt-BR","@id":"https:\/\/secure.gravatar.com\/avatar\/8fadbca458d4cb68b1dd399ae9a40618d747bb1af65ac9fad21c89220a143eb4?s=96&d=mm&r=g","url":"https:\/\/secure.gravatar.com\/avatar\/8fadbca458d4cb68b1dd399ae9a40618d747bb1af65ac9fad21c89220a143eb4?s=96&d=mm&r=g","contentUrl":"https:\/\/secure.gravatar.com\/avatar\/8fadbca458d4cb68b1dd399ae9a40618d747bb1af65ac9fad21c89220a143eb4?s=96&d=mm&r=g","caption":"maranhaotv"},"sameAs":["https:\/\/maranhaotv.com.br\/"],"url":"https:\/\/maranhaotv.com.br\/index.php\/author\/maranhaotv\/"}]}},"jetpack_featured_media_url":"","jetpack_sharing_enabled":true,"_links":{"self":[{"href":"https:\/\/maranhaotv.com.br\/index.php\/wp-json\/wp\/v2\/posts\/11945","targetHints":{"allow":["GET"]}}],"collection":[{"href":"https:\/\/maranhaotv.com.br\/index.php\/wp-json\/wp\/v2\/posts"}],"about":[{"href":"https:\/\/maranhaotv.com.br\/index.php\/wp-json\/wp\/v2\/types\/post"}],"author":[{"embeddable":true,"href":"https:\/\/maranhaotv.com.br\/index.php\/wp-json\/wp\/v2\/users\/2"}],"replies":[{"embeddable":true,"href":"https:\/\/maranhaotv.com.br\/index.php\/wp-json\/wp\/v2\/comments?post=11945"}],"version-history":[{"count":0,"href":"https:\/\/maranhaotv.com.br\/index.php\/wp-json\/wp\/v2\/posts\/11945\/revisions"}],"wp:featuredmedia":[{"embeddable":true,"href":"https:\/\/maranhaotv.com.br\/index.php\/wp-json\/"}],"wp:attachment":[{"href":"https:\/\/maranhaotv.com.br\/index.php\/wp-json\/wp\/v2\/media?parent=11945"}],"wp:term":[{"taxonomy":"category","embeddable":true,"href":"https:\/\/maranhaotv.com.br\/index.php\/wp-json\/wp\/v2\/categories?post=11945"},{"taxonomy":"post_tag","embeddable":true,"href":"https:\/\/maranhaotv.com.br\/index.php\/wp-json\/wp\/v2\/tags?post=11945"}],"curies":[{"name":"wp","href":"https:\/\/api.w.org\/{rel}","templated":true}]}}