{"id":11977,"date":"2020-05-19T19:55:52","date_gmt":"2020-05-19T22:55:52","guid":{"rendered":"https:\/\/maiobaotv.com.br\/index.php\/2020\/05\/19\/eleicoes-de-2020-devem-ser-adiadas-afirma-rodrigo-maia\/"},"modified":"2020-05-19T19:55:52","modified_gmt":"2020-05-19T22:55:52","slug":"eleicoes-de-2020-devem-ser-adiadas-afirma-rodrigo-maia","status":"publish","type":"post","link":"https:\/\/maranhaotv.com.br\/index.php\/2020\/05\/19\/eleicoes-de-2020-devem-ser-adiadas-afirma-rodrigo-maia\/","title":{"rendered":"Elei\u00e7\u00f5es de 2020 devem ser adiadas, afirma Rodrigo Maia"},"content":{"rendered":"\n<p><br \/>Presidente da C\u00e2mara dos Deputados disse que \u00e9 consenso entre l\u00edderes de que n\u00e3o haver\u00e1 prorroga\u00e7\u00e3o de mandato<\/p>\n\n\n\n<p><br \/>O presidente da C\u00e2mara dos Deputados, Rodrigo Maia (DEM-RJ), sinalizou nesta ter\u00e7a-feira que a data das elei\u00e7\u00f5es municipais, prevista para outubro, deve ser adiada em raz\u00e3o da pandemia do&nbsp;novo coronav\u00edrus. \u201cO presidente Davi (Alcolubre, do Senado Federal)&nbsp;<a href=\"https:\/\/www.correiodopovo.com.br\/not%C3%ADcias\/pol%C3%ADtica\/parlamentares-devem-criar-grupo-para-estudar-adiamento-das-elei%C3%A7%C3%B5es-municipais-1.424191\">vai construir um grupo junto com a C\u00e2mara<\/a>&nbsp;para que n\u00f3s possamos discutir a quest\u00e3o da data da elei\u00e7\u00e3o, se n\u00f3s vamos mant\u00ea-la no mesmo dia ou se a decis\u00e3o do Parlamento vai ser modific\u00e1-la dentro do pr\u00f3prio mandato, uma outra data\u201d, disse Maia.<\/p>\n\n\n\n<p>\u201cEnt\u00e3o seria o adiamento da elei\u00e7\u00e3o sem prorroga\u00e7\u00e3o de mandato. Isso eu vi ontem, na discuss\u00e3o com os l\u00edderes, que essa \u00e9 uma posi\u00e7\u00e3o de quase unanimidade. A maioria dos parlamentares entende que podemos ter o adiamento, mas n\u00e3o devemos ter a prorroga\u00e7\u00e3o de nenhum mandato\u201d, completou.<\/p>\n\n\n\n<p>O pleito eleitoral deste ano est\u00e1 previsto para outubro, quando ser\u00e3o escolhidos os prefeitos e vereadores em mais de 5.500 munic\u00edpios brasileiros. De acordo com o calend\u00e1rio, a campanha come\u00e7a em 16 de agosto, com primeiro turno em 4 de outubro e o segundo em 25 de outubro.<\/p>\n\n\n\n<p>Para mudar o processo eleitoral, \u00e9 necess\u00e1rio modificar a Constitui\u00e7\u00e3o Federal. Em primeiro lugar, seria necess\u00e1rio a aprova\u00e7\u00e3o de uma PEC (Proposta de Emenda \u00e0 Constitui\u00e7\u00e3o), por causa das datas do primeiro e segundo turno, previstas na Constitui\u00e7\u00e3o.<\/p>\n\n\n\n<p>Esse tipo de proposta requer, minimamente, a aprova\u00e7\u00e3o do texto por 308 deputados e 49 senadores. O rito \u00e9 formato por quatro sess\u00f5es (duas na C\u00e2mara e duas no Senado). A proposta pode ser rejeitada caso n\u00e3o tenha o apoio m\u00ednimo de 3\/5 dos parlamentares em pelo menos uma das rodadas.<\/p>\n\n\n\n<p>R7<\/p>\n","protected":false},"excerpt":{"rendered":"<p>Presidente da C\u00e2mara dos Deputados disse que \u00e9 consenso entre l\u00edderes de que n\u00e3o haver\u00e1 prorroga\u00e7\u00e3o de mandato O presidente<\/p>\n","protected":false},"author":2,"featured_media":11976,"comment_status":"open","ping_status":"open","sticky":false,"template":"","format":"standard","meta":{"colormag_page_container_layout":"default_layout","colormag_page_sidebar_layout":"default_layout","_jetpack_memberships_contains_paid_content":false,"footnotes":""},"categories":[2,6],"tags":[],"class_list":["post-11977","post","type-post","status-publish","format-standard","has-post-thumbnail","hentry","category-noticias","category-politica"],"magazineBlocksPostFeaturedMedia":{"thumbnail":false,"medium":false,"medium_large":false,"large":false,"1536x1536":false,"2048x2048":false,"colormag-highlighted-post":false,"colormag-featured-post-medium":false,"colormag-featured-post-small":false,"colormag-featured-image":false,"colormag-default-news":false,"colormag-featured-image-large":false},"magazineBlocksPostAuthor":{"name":"maranhaotv","avatar":"https:\/\/secure.gravatar.com\/avatar\/8fadbca458d4cb68b1dd399ae9a40618d747bb1af65ac9fad21c89220a143eb4?s=96&d=mm&r=g"},"magazineBlocksPostCommentsNumber":"0","magazineBlocksPostExcerpt":"Presidente da C\u00e2mara dos Deputados disse que \u00e9 consenso entre l\u00edderes de que n\u00e3o haver\u00e1 prorroga\u00e7\u00e3o de mandato O presidente","magazineBlocksPostCategories":["not\u00edcias","pol\u00edtica"],"magazineBlocksPostViewCount":149,"magazineBlocksPostReadTime":2,"magazine_blocks_featured_image_url":{"full":false,"medium":false,"thumbnail":false},"magazine_blocks_author":{"display_name":"maranhaotv","author_link":"https:\/\/maranhaotv.com.br\/index.php\/author\/maranhaotv\/"},"magazine_blocks_comment":0,"magazine_blocks_author_image":"https:\/\/secure.gravatar.com\/avatar\/8fadbca458d4cb68b1dd399ae9a40618d747bb1af65ac9fad21c89220a143eb4?s=96&d=mm&r=g","magazine_blocks_category":"<a href=\"#\" class=\"category-link category-link-2\">not\u00edcias<\/a> <a href=\"#\" class=\"category-link category-link-6\">pol\u00edtica<\/a>","yoast_head":"<!-- This site is optimized with the Yoast SEO plugin v27.4 - https:\/\/yoast.com\/product\/yoast-seo-wordpress\/ -->\n<title>Elei\u00e7\u00f5es de 2020 devem ser adiadas, afirma Rodrigo Maia - NOT\u00cdCIAS EM TEMPO REAL<\/title>\n<meta name=\"robots\" content=\"index, follow, max-snippet:-1, max-image-preview:large, max-video-preview:-1\" \/>\n<link rel=\"canonical\" href=\"https:\/\/maranhaotv.com.br\/index.php\/2020\/05\/19\/eleicoes-de-2020-devem-ser-adiadas-afirma-rodrigo-maia\/\" \/>\n<meta property=\"og:locale\" content=\"pt_BR\" \/>\n<meta property=\"og:type\" content=\"article\" \/>\n<meta property=\"og:title\" content=\"Elei\u00e7\u00f5es de 2020 devem ser adiadas, afirma Rodrigo Maia - NOT\u00cdCIAS EM TEMPO REAL\" \/>\n<meta property=\"og:description\" content=\"Presidente da C\u00e2mara dos Deputados disse que \u00e9 consenso entre l\u00edderes de que n\u00e3o haver\u00e1 prorroga\u00e7\u00e3o de mandato O presidente\" \/>\n<meta property=\"og:url\" content=\"https:\/\/maranhaotv.com.br\/index.php\/2020\/05\/19\/eleicoes-de-2020-devem-ser-adiadas-afirma-rodrigo-maia\/\" \/>\n<meta property=\"og:site_name\" content=\"NOT\u00cdCIAS EM TEMPO REAL\" \/>\n<meta property=\"article:publisher\" content=\"https:\/\/www.facebook.com\/maiobaotv\" \/>\n<meta property=\"article:published_time\" content=\"2020-05-19T22:55:52+00:00\" \/>\n<meta name=\"author\" content=\"maranhaotv\" \/>\n<meta name=\"twitter:card\" content=\"summary_large_image\" \/>\n<meta name=\"twitter:creator\" content=\"@sitemaranhaotv\" \/>\n<meta name=\"twitter:site\" content=\"@sitemaranhaotv\" \/>\n<meta name=\"twitter:label1\" content=\"Escrito por\" \/>\n\t<meta name=\"twitter:data1\" content=\"maranhaotv\" \/>\n\t<meta name=\"twitter:label2\" content=\"Est. tempo de leitura\" \/>\n\t<meta name=\"twitter:data2\" content=\"2 minutos\" \/>\n<script type=\"application\/ld+json\" class=\"yoast-schema-graph\">{\"@context\":\"https:\\\/\\\/schema.org\",\"@graph\":[{\"@type\":\"Article\",\"@id\":\"https:\\\/\\\/maranhaotv.com.br\\\/index.php\\\/2020\\\/05\\\/19\\\/eleicoes-de-2020-devem-ser-adiadas-afirma-rodrigo-maia\\\/#article\",\"isPartOf\":{\"@id\":\"https:\\\/\\\/maranhaotv.com.br\\\/index.php\\\/2020\\\/05\\\/19\\\/eleicoes-de-2020-devem-ser-adiadas-afirma-rodrigo-maia\\\/\"},\"author\":{\"name\":\"maranhaotv\",\"@id\":\"https:\\\/\\\/maranhaotv.com.br\\\/#\\\/schema\\\/person\\\/3d54238e86b20bb5c89ab2fdb8f8829a\"},\"headline\":\"Elei\u00e7\u00f5es de 2020 devem ser adiadas, afirma Rodrigo Maia\",\"datePublished\":\"2020-05-19T22:55:52+00:00\",\"mainEntityOfPage\":{\"@id\":\"https:\\\/\\\/maranhaotv.com.br\\\/index.php\\\/2020\\\/05\\\/19\\\/eleicoes-de-2020-devem-ser-adiadas-afirma-rodrigo-maia\\\/\"},\"wordCount\":326,\"commentCount\":0,\"publisher\":{\"@id\":\"https:\\\/\\\/maranhaotv.com.br\\\/#organization\"},\"image\":{\"@id\":\"https:\\\/\\\/maranhaotv.com.br\\\/index.php\\\/2020\\\/05\\\/19\\\/eleicoes-de-2020-devem-ser-adiadas-afirma-rodrigo-maia\\\/#primaryimage\"},\"thumbnailUrl\":\"\",\"articleSection\":[\"not\u00edcias\",\"pol\u00edtica\"],\"inLanguage\":\"pt-BR\",\"potentialAction\":[{\"@type\":\"CommentAction\",\"name\":\"Comment\",\"target\":[\"https:\\\/\\\/maranhaotv.com.br\\\/index.php\\\/2020\\\/05\\\/19\\\/eleicoes-de-2020-devem-ser-adiadas-afirma-rodrigo-maia\\\/#respond\"]}]},{\"@type\":\"WebPage\",\"@id\":\"https:\\\/\\\/maranhaotv.com.br\\\/index.php\\\/2020\\\/05\\\/19\\\/eleicoes-de-2020-devem-ser-adiadas-afirma-rodrigo-maia\\\/\",\"url\":\"https:\\\/\\\/maranhaotv.com.br\\\/index.php\\\/2020\\\/05\\\/19\\\/eleicoes-de-2020-devem-ser-adiadas-afirma-rodrigo-maia\\\/\",\"name\":\"Elei\u00e7\u00f5es de 2020 devem ser adiadas, afirma Rodrigo Maia - NOT\u00cdCIAS EM TEMPO REAL\",\"isPartOf\":{\"@id\":\"https:\\\/\\\/maranhaotv.com.br\\\/#website\"},\"primaryImageOfPage\":{\"@id\":\"https:\\\/\\\/maranhaotv.com.br\\\/index.php\\\/2020\\\/05\\\/19\\\/eleicoes-de-2020-devem-ser-adiadas-afirma-rodrigo-maia\\\/#primaryimage\"},\"image\":{\"@id\":\"https:\\\/\\\/maranhaotv.com.br\\\/index.php\\\/2020\\\/05\\\/19\\\/eleicoes-de-2020-devem-ser-adiadas-afirma-rodrigo-maia\\\/#primaryimage\"},\"thumbnailUrl\":\"\",\"datePublished\":\"2020-05-19T22:55:52+00:00\",\"breadcrumb\":{\"@id\":\"https:\\\/\\\/maranhaotv.com.br\\\/index.php\\\/2020\\\/05\\\/19\\\/eleicoes-de-2020-devem-ser-adiadas-afirma-rodrigo-maia\\\/#breadcrumb\"},\"inLanguage\":\"pt-BR\",\"potentialAction\":[{\"@type\":\"ReadAction\",\"target\":[\"https:\\\/\\\/maranhaotv.com.br\\\/index.php\\\/2020\\\/05\\\/19\\\/eleicoes-de-2020-devem-ser-adiadas-afirma-rodrigo-maia\\\/\"]}]},{\"@type\":\"ImageObject\",\"inLanguage\":\"pt-BR\",\"@id\":\"https:\\\/\\\/maranhaotv.com.br\\\/index.php\\\/2020\\\/05\\\/19\\\/eleicoes-de-2020-devem-ser-adiadas-afirma-rodrigo-maia\\\/#primaryimage\",\"url\":\"\",\"contentUrl\":\"\"},{\"@type\":\"BreadcrumbList\",\"@id\":\"https:\\\/\\\/maranhaotv.com.br\\\/index.php\\\/2020\\\/05\\\/19\\\/eleicoes-de-2020-devem-ser-adiadas-afirma-rodrigo-maia\\\/#breadcrumb\",\"itemListElement\":[{\"@type\":\"ListItem\",\"position\":1,\"name\":\"In\u00edcio\",\"item\":\"https:\\\/\\\/maranhaotv.com.br\\\/\"},{\"@type\":\"ListItem\",\"position\":2,\"name\":\"Elei\u00e7\u00f5es de 2020 devem ser adiadas, afirma Rodrigo Maia\"}]},{\"@type\":\"WebSite\",\"@id\":\"https:\\\/\\\/maranhaotv.com.br\\\/#website\",\"url\":\"https:\\\/\\\/maranhaotv.com.br\\\/\",\"name\":\"Maranh\u00e3oTV\",\"description\":\"\",\"publisher\":{\"@id\":\"https:\\\/\\\/maranhaotv.com.br\\\/#organization\"},\"potentialAction\":[{\"@type\":\"SearchAction\",\"target\":{\"@type\":\"EntryPoint\",\"urlTemplate\":\"https:\\\/\\\/maranhaotv.com.br\\\/?s={search_term_string}\"},\"query-input\":{\"@type\":\"PropertyValueSpecification\",\"valueRequired\":true,\"valueName\":\"search_term_string\"}}],\"inLanguage\":\"pt-BR\"},{\"@type\":\"Organization\",\"@id\":\"https:\\\/\\\/maranhaotv.com.br\\\/#organization\",\"name\":\"Portal de Not\u00edcias\",\"url\":\"https:\\\/\\\/maranhaotv.com.br\\\/\",\"logo\":{\"@type\":\"ImageObject\",\"inLanguage\":\"pt-BR\",\"@id\":\"https:\\\/\\\/maranhaotv.com.br\\\/#\\\/schema\\\/logo\\\/image\\\/\",\"url\":\"https:\\\/\\\/maranhaotv.com.br\\\/wp-content\\\/uploads\\\/2024\\\/05\\\/cropped-cropped-avatar-1.png\",\"contentUrl\":\"https:\\\/\\\/maranhaotv.com.br\\\/wp-content\\\/uploads\\\/2024\\\/05\\\/cropped-cropped-avatar-1.png\",\"width\":792,\"height\":428,\"caption\":\"Portal de Not\u00edcias\"},\"image\":{\"@id\":\"https:\\\/\\\/maranhaotv.com.br\\\/#\\\/schema\\\/logo\\\/image\\\/\"},\"sameAs\":[\"https:\\\/\\\/www.facebook.com\\\/maiobaotv\",\"https:\\\/\\\/x.com\\\/sitemaranhaotv\",\"https:\\\/\\\/www.instagram.com\\\/maranhao.tv\",\"https:\\\/\\\/www.threads.net\\\/@maranhao.tv\"]},{\"@type\":\"Person\",\"@id\":\"https:\\\/\\\/maranhaotv.com.br\\\/#\\\/schema\\\/person\\\/3d54238e86b20bb5c89ab2fdb8f8829a\",\"name\":\"maranhaotv\",\"image\":{\"@type\":\"ImageObject\",\"inLanguage\":\"pt-BR\",\"@id\":\"https:\\\/\\\/secure.gravatar.com\\\/avatar\\\/8fadbca458d4cb68b1dd399ae9a40618d747bb1af65ac9fad21c89220a143eb4?s=96&d=mm&r=g\",\"url\":\"https:\\\/\\\/secure.gravatar.com\\\/avatar\\\/8fadbca458d4cb68b1dd399ae9a40618d747bb1af65ac9fad21c89220a143eb4?s=96&d=mm&r=g\",\"contentUrl\":\"https:\\\/\\\/secure.gravatar.com\\\/avatar\\\/8fadbca458d4cb68b1dd399ae9a40618d747bb1af65ac9fad21c89220a143eb4?s=96&d=mm&r=g\",\"caption\":\"maranhaotv\"},\"sameAs\":[\"https:\\\/\\\/maranhaotv.com.br\\\/\"],\"url\":\"https:\\\/\\\/maranhaotv.com.br\\\/index.php\\\/author\\\/maranhaotv\\\/\"}]}<\/script>\n<!-- \/ Yoast SEO plugin. -->","yoast_head_json":{"title":"Elei\u00e7\u00f5es de 2020 devem ser adiadas, afirma Rodrigo Maia - NOT\u00cdCIAS EM TEMPO REAL","robots":{"index":"index","follow":"follow","max-snippet":"max-snippet:-1","max-image-preview":"max-image-preview:large","max-video-preview":"max-video-preview:-1"},"canonical":"https:\/\/maranhaotv.com.br\/index.php\/2020\/05\/19\/eleicoes-de-2020-devem-ser-adiadas-afirma-rodrigo-maia\/","og_locale":"pt_BR","og_type":"article","og_title":"Elei\u00e7\u00f5es de 2020 devem ser adiadas, afirma Rodrigo Maia - NOT\u00cdCIAS EM TEMPO REAL","og_description":"Presidente da C\u00e2mara dos Deputados disse que \u00e9 consenso entre l\u00edderes de que n\u00e3o haver\u00e1 prorroga\u00e7\u00e3o de mandato O presidente","og_url":"https:\/\/maranhaotv.com.br\/index.php\/2020\/05\/19\/eleicoes-de-2020-devem-ser-adiadas-afirma-rodrigo-maia\/","og_site_name":"NOT\u00cdCIAS EM TEMPO REAL","article_publisher":"https:\/\/www.facebook.com\/maiobaotv","article_published_time":"2020-05-19T22:55:52+00:00","author":"maranhaotv","twitter_card":"summary_large_image","twitter_creator":"@sitemaranhaotv","twitter_site":"@sitemaranhaotv","twitter_misc":{"Escrito por":"maranhaotv","Est. tempo de leitura":"2 minutos"},"schema":{"@context":"https:\/\/schema.org","@graph":[{"@type":"Article","@id":"https:\/\/maranhaotv.com.br\/index.php\/2020\/05\/19\/eleicoes-de-2020-devem-ser-adiadas-afirma-rodrigo-maia\/#article","isPartOf":{"@id":"https:\/\/maranhaotv.com.br\/index.php\/2020\/05\/19\/eleicoes-de-2020-devem-ser-adiadas-afirma-rodrigo-maia\/"},"author":{"name":"maranhaotv","@id":"https:\/\/maranhaotv.com.br\/#\/schema\/person\/3d54238e86b20bb5c89ab2fdb8f8829a"},"headline":"Elei\u00e7\u00f5es de 2020 devem ser adiadas, afirma Rodrigo Maia","datePublished":"2020-05-19T22:55:52+00:00","mainEntityOfPage":{"@id":"https:\/\/maranhaotv.com.br\/index.php\/2020\/05\/19\/eleicoes-de-2020-devem-ser-adiadas-afirma-rodrigo-maia\/"},"wordCount":326,"commentCount":0,"publisher":{"@id":"https:\/\/maranhaotv.com.br\/#organization"},"image":{"@id":"https:\/\/maranhaotv.com.br\/index.php\/2020\/05\/19\/eleicoes-de-2020-devem-ser-adiadas-afirma-rodrigo-maia\/#primaryimage"},"thumbnailUrl":"","articleSection":["not\u00edcias","pol\u00edtica"],"inLanguage":"pt-BR","potentialAction":[{"@type":"CommentAction","name":"Comment","target":["https:\/\/maranhaotv.com.br\/index.php\/2020\/05\/19\/eleicoes-de-2020-devem-ser-adiadas-afirma-rodrigo-maia\/#respond"]}]},{"@type":"WebPage","@id":"https:\/\/maranhaotv.com.br\/index.php\/2020\/05\/19\/eleicoes-de-2020-devem-ser-adiadas-afirma-rodrigo-maia\/","url":"https:\/\/maranhaotv.com.br\/index.php\/2020\/05\/19\/eleicoes-de-2020-devem-ser-adiadas-afirma-rodrigo-maia\/","name":"Elei\u00e7\u00f5es de 2020 devem ser adiadas, afirma Rodrigo Maia - NOT\u00cdCIAS EM TEMPO REAL","isPartOf":{"@id":"https:\/\/maranhaotv.com.br\/#website"},"primaryImageOfPage":{"@id":"https:\/\/maranhaotv.com.br\/index.php\/2020\/05\/19\/eleicoes-de-2020-devem-ser-adiadas-afirma-rodrigo-maia\/#primaryimage"},"image":{"@id":"https:\/\/maranhaotv.com.br\/index.php\/2020\/05\/19\/eleicoes-de-2020-devem-ser-adiadas-afirma-rodrigo-maia\/#primaryimage"},"thumbnailUrl":"","datePublished":"2020-05-19T22:55:52+00:00","breadcrumb":{"@id":"https:\/\/maranhaotv.com.br\/index.php\/2020\/05\/19\/eleicoes-de-2020-devem-ser-adiadas-afirma-rodrigo-maia\/#breadcrumb"},"inLanguage":"pt-BR","potentialAction":[{"@type":"ReadAction","target":["https:\/\/maranhaotv.com.br\/index.php\/2020\/05\/19\/eleicoes-de-2020-devem-ser-adiadas-afirma-rodrigo-maia\/"]}]},{"@type":"ImageObject","inLanguage":"pt-BR","@id":"https:\/\/maranhaotv.com.br\/index.php\/2020\/05\/19\/eleicoes-de-2020-devem-ser-adiadas-afirma-rodrigo-maia\/#primaryimage","url":"","contentUrl":""},{"@type":"BreadcrumbList","@id":"https:\/\/maranhaotv.com.br\/index.php\/2020\/05\/19\/eleicoes-de-2020-devem-ser-adiadas-afirma-rodrigo-maia\/#breadcrumb","itemListElement":[{"@type":"ListItem","position":1,"name":"In\u00edcio","item":"https:\/\/maranhaotv.com.br\/"},{"@type":"ListItem","position":2,"name":"Elei\u00e7\u00f5es de 2020 devem ser adiadas, afirma Rodrigo Maia"}]},{"@type":"WebSite","@id":"https:\/\/maranhaotv.com.br\/#website","url":"https:\/\/maranhaotv.com.br\/","name":"Maranh\u00e3oTV","description":"","publisher":{"@id":"https:\/\/maranhaotv.com.br\/#organization"},"potentialAction":[{"@type":"SearchAction","target":{"@type":"EntryPoint","urlTemplate":"https:\/\/maranhaotv.com.br\/?s={search_term_string}"},"query-input":{"@type":"PropertyValueSpecification","valueRequired":true,"valueName":"search_term_string"}}],"inLanguage":"pt-BR"},{"@type":"Organization","@id":"https:\/\/maranhaotv.com.br\/#organization","name":"Portal de Not\u00edcias","url":"https:\/\/maranhaotv.com.br\/","logo":{"@type":"ImageObject","inLanguage":"pt-BR","@id":"https:\/\/maranhaotv.com.br\/#\/schema\/logo\/image\/","url":"https:\/\/maranhaotv.com.br\/wp-content\/uploads\/2024\/05\/cropped-cropped-avatar-1.png","contentUrl":"https:\/\/maranhaotv.com.br\/wp-content\/uploads\/2024\/05\/cropped-cropped-avatar-1.png","width":792,"height":428,"caption":"Portal de Not\u00edcias"},"image":{"@id":"https:\/\/maranhaotv.com.br\/#\/schema\/logo\/image\/"},"sameAs":["https:\/\/www.facebook.com\/maiobaotv","https:\/\/x.com\/sitemaranhaotv","https:\/\/www.instagram.com\/maranhao.tv","https:\/\/www.threads.net\/@maranhao.tv"]},{"@type":"Person","@id":"https:\/\/maranhaotv.com.br\/#\/schema\/person\/3d54238e86b20bb5c89ab2fdb8f8829a","name":"maranhaotv","image":{"@type":"ImageObject","inLanguage":"pt-BR","@id":"https:\/\/secure.gravatar.com\/avatar\/8fadbca458d4cb68b1dd399ae9a40618d747bb1af65ac9fad21c89220a143eb4?s=96&d=mm&r=g","url":"https:\/\/secure.gravatar.com\/avatar\/8fadbca458d4cb68b1dd399ae9a40618d747bb1af65ac9fad21c89220a143eb4?s=96&d=mm&r=g","contentUrl":"https:\/\/secure.gravatar.com\/avatar\/8fadbca458d4cb68b1dd399ae9a40618d747bb1af65ac9fad21c89220a143eb4?s=96&d=mm&r=g","caption":"maranhaotv"},"sameAs":["https:\/\/maranhaotv.com.br\/"],"url":"https:\/\/maranhaotv.com.br\/index.php\/author\/maranhaotv\/"}]}},"jetpack_featured_media_url":"","jetpack_sharing_enabled":true,"_links":{"self":[{"href":"https:\/\/maranhaotv.com.br\/index.php\/wp-json\/wp\/v2\/posts\/11977","targetHints":{"allow":["GET"]}}],"collection":[{"href":"https:\/\/maranhaotv.com.br\/index.php\/wp-json\/wp\/v2\/posts"}],"about":[{"href":"https:\/\/maranhaotv.com.br\/index.php\/wp-json\/wp\/v2\/types\/post"}],"author":[{"embeddable":true,"href":"https:\/\/maranhaotv.com.br\/index.php\/wp-json\/wp\/v2\/users\/2"}],"replies":[{"embeddable":true,"href":"https:\/\/maranhaotv.com.br\/index.php\/wp-json\/wp\/v2\/comments?post=11977"}],"version-history":[{"count":0,"href":"https:\/\/maranhaotv.com.br\/index.php\/wp-json\/wp\/v2\/posts\/11977\/revisions"}],"wp:featuredmedia":[{"embeddable":true,"href":"https:\/\/maranhaotv.com.br\/index.php\/wp-json\/"}],"wp:attachment":[{"href":"https:\/\/maranhaotv.com.br\/index.php\/wp-json\/wp\/v2\/media?parent=11977"}],"wp:term":[{"taxonomy":"category","embeddable":true,"href":"https:\/\/maranhaotv.com.br\/index.php\/wp-json\/wp\/v2\/categories?post=11977"},{"taxonomy":"post_tag","embeddable":true,"href":"https:\/\/maranhaotv.com.br\/index.php\/wp-json\/wp\/v2\/tags?post=11977"}],"curies":[{"name":"wp","href":"https:\/\/api.w.org\/{rel}","templated":true}]}}