{"id":11997,"date":"2020-05-20T16:00:01","date_gmt":"2020-05-20T19:00:01","guid":{"rendered":"https:\/\/maiobaotv.com.br\/index.php\/2020\/05\/20\/coronavirus-cinco-mil-sao-demitidos-ou-tem-suspensao-de-contrato-de-trabalho-no-ma\/"},"modified":"2020-05-20T16:00:01","modified_gmt":"2020-05-20T19:00:01","slug":"coronavirus-cinco-mil-sao-demitidos-ou-tem-suspensao-de-contrato-de-trabalho-no-ma","status":"publish","type":"post","link":"https:\/\/maranhaotv.com.br\/index.php\/2020\/05\/20\/coronavirus-cinco-mil-sao-demitidos-ou-tem-suspensao-de-contrato-de-trabalho-no-ma\/","title":{"rendered":"Coronav\u00edrus: Cinco mil s\u00e3o demitidos ou t\u00eam suspens\u00e3o de contrato de trabalho no MA"},"content":{"rendered":"\n<p>Segundo estimativa da Associa\u00e7\u00e3o Brasileira de Bares e Restaurantes no Maranh\u00e3o (Abrasel-MA), cerca de 5 mil maranhenses est\u00e3o desempregados ou com o contrato de trabalho suspenso.<\/p>\n\n\n\n<p>O pior \u00e9 que muitos estabelecimentos fechados n\u00e3o devem voltar a funcionar. A expectativa n\u00e3o \u00e9 animadora, j\u00e1 que cerca de 40% das empresas n\u00e3o devem retomar as atividades quando tudo isso passar.<\/p>\n\n\n\n<p>REDU\u00c7\u00c3O DE JORNADA<\/p>\n\n\n\n<p>A medida \u00e9 consequ\u00eancia de uma das a\u00e7\u00f5es do governo para enfrentar a crise causada pelo novo coronav\u00edrus. A MP prev\u00ea tamb\u00e9m que o emprego do colaborador que tiver sua jornada reduzida deve ser mantido por um per\u00edodo igual ao da diminui\u00e7\u00e3o de sua carga hor\u00e1ria. Aqueles que forem atingidos pela decis\u00e3o recebem um aux\u00edlio do governo proporcional ao valor do seguro-desemprego.<\/p>\n\n\n\n<p>No entanto, muitos donos de estabelecimentos est\u00e3o optando pela demiss\u00e3o e fechando os mesmos, ou ainda, trabalhando apenas com o servi\u00e7o de delivery.<\/p>\n\n\n\n<p>Portal MA10<\/p>\n","protected":false},"excerpt":{"rendered":"<p>Segundo estimativa da Associa\u00e7\u00e3o Brasileira de Bares e Restaurantes no Maranh\u00e3o (Abrasel-MA), cerca de 5 mil maranhenses est\u00e3o desempregados ou<\/p>\n","protected":false},"author":2,"featured_media":11996,"comment_status":"open","ping_status":"open","sticky":false,"template":"","format":"standard","meta":{"colormag_page_container_layout":"default_layout","colormag_page_sidebar_layout":"default_layout","_jetpack_memberships_contains_paid_content":false,"footnotes":""},"categories":[2,6],"tags":[],"class_list":["post-11997","post","type-post","status-publish","format-standard","has-post-thumbnail","hentry","category-noticias","category-politica"],"magazineBlocksPostFeaturedMedia":{"thumbnail":false,"medium":false,"medium_large":false,"large":false,"1536x1536":false,"2048x2048":false,"colormag-highlighted-post":false,"colormag-featured-post-medium":false,"colormag-featured-post-small":false,"colormag-featured-image":false,"colormag-default-news":false,"colormag-featured-image-large":false},"magazineBlocksPostAuthor":{"name":"maranhaotv","avatar":"https:\/\/secure.gravatar.com\/avatar\/8fadbca458d4cb68b1dd399ae9a40618d747bb1af65ac9fad21c89220a143eb4?s=96&d=mm&r=g"},"magazineBlocksPostCommentsNumber":"0","magazineBlocksPostExcerpt":"Segundo estimativa da Associa\u00e7\u00e3o Brasileira de Bares e Restaurantes no Maranh\u00e3o (Abrasel-MA), cerca de 5 mil maranhenses est\u00e3o desempregados ou","magazineBlocksPostCategories":["not\u00edcias","pol\u00edtica"],"magazineBlocksPostViewCount":153,"magazineBlocksPostReadTime":1,"magazine_blocks_featured_image_url":{"full":false,"medium":false,"thumbnail":false},"magazine_blocks_author":{"display_name":"maranhaotv","author_link":"https:\/\/maranhaotv.com.br\/index.php\/author\/maranhaotv\/"},"magazine_blocks_comment":0,"magazine_blocks_author_image":"https:\/\/secure.gravatar.com\/avatar\/8fadbca458d4cb68b1dd399ae9a40618d747bb1af65ac9fad21c89220a143eb4?s=96&d=mm&r=g","magazine_blocks_category":"<a href=\"#\" class=\"category-link category-link-2\">not\u00edcias<\/a> <a href=\"#\" class=\"category-link category-link-6\">pol\u00edtica<\/a>","yoast_head":"<!-- This site is optimized with the Yoast SEO plugin v27.4 - https:\/\/yoast.com\/product\/yoast-seo-wordpress\/ -->\n<title>Coronav\u00edrus: Cinco mil s\u00e3o demitidos ou t\u00eam suspens\u00e3o de contrato de trabalho no MA - NOT\u00cdCIAS EM TEMPO REAL<\/title>\n<meta name=\"robots\" content=\"index, follow, max-snippet:-1, max-image-preview:large, max-video-preview:-1\" \/>\n<link rel=\"canonical\" href=\"https:\/\/maranhaotv.com.br\/index.php\/2020\/05\/20\/coronavirus-cinco-mil-sao-demitidos-ou-tem-suspensao-de-contrato-de-trabalho-no-ma\/\" \/>\n<meta property=\"og:locale\" content=\"pt_BR\" \/>\n<meta property=\"og:type\" content=\"article\" \/>\n<meta property=\"og:title\" content=\"Coronav\u00edrus: Cinco mil s\u00e3o demitidos ou t\u00eam suspens\u00e3o de contrato de trabalho no MA - NOT\u00cdCIAS EM TEMPO REAL\" \/>\n<meta property=\"og:description\" content=\"Segundo estimativa da Associa\u00e7\u00e3o Brasileira de Bares e Restaurantes no Maranh\u00e3o (Abrasel-MA), cerca de 5 mil maranhenses est\u00e3o desempregados ou\" \/>\n<meta property=\"og:url\" content=\"https:\/\/maranhaotv.com.br\/index.php\/2020\/05\/20\/coronavirus-cinco-mil-sao-demitidos-ou-tem-suspensao-de-contrato-de-trabalho-no-ma\/\" \/>\n<meta property=\"og:site_name\" content=\"NOT\u00cdCIAS EM TEMPO REAL\" \/>\n<meta property=\"article:publisher\" content=\"https:\/\/www.facebook.com\/maiobaotv\" \/>\n<meta property=\"article:published_time\" content=\"2020-05-20T19:00:01+00:00\" \/>\n<meta name=\"author\" content=\"maranhaotv\" \/>\n<meta name=\"twitter:card\" content=\"summary_large_image\" \/>\n<meta name=\"twitter:creator\" content=\"@sitemaranhaotv\" \/>\n<meta name=\"twitter:site\" content=\"@sitemaranhaotv\" \/>\n<meta name=\"twitter:label1\" content=\"Escrito por\" \/>\n\t<meta name=\"twitter:data1\" content=\"maranhaotv\" \/>\n\t<meta name=\"twitter:label2\" content=\"Est. tempo de leitura\" \/>\n\t<meta name=\"twitter:data2\" content=\"1 minuto\" \/>\n<script type=\"application\/ld+json\" class=\"yoast-schema-graph\">{\"@context\":\"https:\\\/\\\/schema.org\",\"@graph\":[{\"@type\":\"Article\",\"@id\":\"https:\\\/\\\/maranhaotv.com.br\\\/index.php\\\/2020\\\/05\\\/20\\\/coronavirus-cinco-mil-sao-demitidos-ou-tem-suspensao-de-contrato-de-trabalho-no-ma\\\/#article\",\"isPartOf\":{\"@id\":\"https:\\\/\\\/maranhaotv.com.br\\\/index.php\\\/2020\\\/05\\\/20\\\/coronavirus-cinco-mil-sao-demitidos-ou-tem-suspensao-de-contrato-de-trabalho-no-ma\\\/\"},\"author\":{\"name\":\"maranhaotv\",\"@id\":\"https:\\\/\\\/maranhaotv.com.br\\\/#\\\/schema\\\/person\\\/3d54238e86b20bb5c89ab2fdb8f8829a\"},\"headline\":\"Coronav\u00edrus: Cinco mil s\u00e3o demitidos ou t\u00eam suspens\u00e3o de contrato de trabalho no MA\",\"datePublished\":\"2020-05-20T19:00:01+00:00\",\"mainEntityOfPage\":{\"@id\":\"https:\\\/\\\/maranhaotv.com.br\\\/index.php\\\/2020\\\/05\\\/20\\\/coronavirus-cinco-mil-sao-demitidos-ou-tem-suspensao-de-contrato-de-trabalho-no-ma\\\/\"},\"wordCount\":181,\"commentCount\":0,\"publisher\":{\"@id\":\"https:\\\/\\\/maranhaotv.com.br\\\/#organization\"},\"image\":{\"@id\":\"https:\\\/\\\/maranhaotv.com.br\\\/index.php\\\/2020\\\/05\\\/20\\\/coronavirus-cinco-mil-sao-demitidos-ou-tem-suspensao-de-contrato-de-trabalho-no-ma\\\/#primaryimage\"},\"thumbnailUrl\":\"\",\"articleSection\":[\"not\u00edcias\",\"pol\u00edtica\"],\"inLanguage\":\"pt-BR\",\"potentialAction\":[{\"@type\":\"CommentAction\",\"name\":\"Comment\",\"target\":[\"https:\\\/\\\/maranhaotv.com.br\\\/index.php\\\/2020\\\/05\\\/20\\\/coronavirus-cinco-mil-sao-demitidos-ou-tem-suspensao-de-contrato-de-trabalho-no-ma\\\/#respond\"]}]},{\"@type\":\"WebPage\",\"@id\":\"https:\\\/\\\/maranhaotv.com.br\\\/index.php\\\/2020\\\/05\\\/20\\\/coronavirus-cinco-mil-sao-demitidos-ou-tem-suspensao-de-contrato-de-trabalho-no-ma\\\/\",\"url\":\"https:\\\/\\\/maranhaotv.com.br\\\/index.php\\\/2020\\\/05\\\/20\\\/coronavirus-cinco-mil-sao-demitidos-ou-tem-suspensao-de-contrato-de-trabalho-no-ma\\\/\",\"name\":\"Coronav\u00edrus: Cinco mil s\u00e3o demitidos ou t\u00eam suspens\u00e3o de contrato de trabalho no MA - NOT\u00cdCIAS EM TEMPO REAL\",\"isPartOf\":{\"@id\":\"https:\\\/\\\/maranhaotv.com.br\\\/#website\"},\"primaryImageOfPage\":{\"@id\":\"https:\\\/\\\/maranhaotv.com.br\\\/index.php\\\/2020\\\/05\\\/20\\\/coronavirus-cinco-mil-sao-demitidos-ou-tem-suspensao-de-contrato-de-trabalho-no-ma\\\/#primaryimage\"},\"image\":{\"@id\":\"https:\\\/\\\/maranhaotv.com.br\\\/index.php\\\/2020\\\/05\\\/20\\\/coronavirus-cinco-mil-sao-demitidos-ou-tem-suspensao-de-contrato-de-trabalho-no-ma\\\/#primaryimage\"},\"thumbnailUrl\":\"\",\"datePublished\":\"2020-05-20T19:00:01+00:00\",\"breadcrumb\":{\"@id\":\"https:\\\/\\\/maranhaotv.com.br\\\/index.php\\\/2020\\\/05\\\/20\\\/coronavirus-cinco-mil-sao-demitidos-ou-tem-suspensao-de-contrato-de-trabalho-no-ma\\\/#breadcrumb\"},\"inLanguage\":\"pt-BR\",\"potentialAction\":[{\"@type\":\"ReadAction\",\"target\":[\"https:\\\/\\\/maranhaotv.com.br\\\/index.php\\\/2020\\\/05\\\/20\\\/coronavirus-cinco-mil-sao-demitidos-ou-tem-suspensao-de-contrato-de-trabalho-no-ma\\\/\"]}]},{\"@type\":\"ImageObject\",\"inLanguage\":\"pt-BR\",\"@id\":\"https:\\\/\\\/maranhaotv.com.br\\\/index.php\\\/2020\\\/05\\\/20\\\/coronavirus-cinco-mil-sao-demitidos-ou-tem-suspensao-de-contrato-de-trabalho-no-ma\\\/#primaryimage\",\"url\":\"\",\"contentUrl\":\"\"},{\"@type\":\"BreadcrumbList\",\"@id\":\"https:\\\/\\\/maranhaotv.com.br\\\/index.php\\\/2020\\\/05\\\/20\\\/coronavirus-cinco-mil-sao-demitidos-ou-tem-suspensao-de-contrato-de-trabalho-no-ma\\\/#breadcrumb\",\"itemListElement\":[{\"@type\":\"ListItem\",\"position\":1,\"name\":\"In\u00edcio\",\"item\":\"https:\\\/\\\/maranhaotv.com.br\\\/\"},{\"@type\":\"ListItem\",\"position\":2,\"name\":\"Coronav\u00edrus: Cinco mil s\u00e3o demitidos ou t\u00eam suspens\u00e3o de contrato de trabalho no MA\"}]},{\"@type\":\"WebSite\",\"@id\":\"https:\\\/\\\/maranhaotv.com.br\\\/#website\",\"url\":\"https:\\\/\\\/maranhaotv.com.br\\\/\",\"name\":\"Maranh\u00e3oTV\",\"description\":\"\",\"publisher\":{\"@id\":\"https:\\\/\\\/maranhaotv.com.br\\\/#organization\"},\"potentialAction\":[{\"@type\":\"SearchAction\",\"target\":{\"@type\":\"EntryPoint\",\"urlTemplate\":\"https:\\\/\\\/maranhaotv.com.br\\\/?s={search_term_string}\"},\"query-input\":{\"@type\":\"PropertyValueSpecification\",\"valueRequired\":true,\"valueName\":\"search_term_string\"}}],\"inLanguage\":\"pt-BR\"},{\"@type\":\"Organization\",\"@id\":\"https:\\\/\\\/maranhaotv.com.br\\\/#organization\",\"name\":\"Portal de Not\u00edcias\",\"url\":\"https:\\\/\\\/maranhaotv.com.br\\\/\",\"logo\":{\"@type\":\"ImageObject\",\"inLanguage\":\"pt-BR\",\"@id\":\"https:\\\/\\\/maranhaotv.com.br\\\/#\\\/schema\\\/logo\\\/image\\\/\",\"url\":\"https:\\\/\\\/maranhaotv.com.br\\\/wp-content\\\/uploads\\\/2024\\\/05\\\/cropped-cropped-avatar-1.png\",\"contentUrl\":\"https:\\\/\\\/maranhaotv.com.br\\\/wp-content\\\/uploads\\\/2024\\\/05\\\/cropped-cropped-avatar-1.png\",\"width\":792,\"height\":428,\"caption\":\"Portal de Not\u00edcias\"},\"image\":{\"@id\":\"https:\\\/\\\/maranhaotv.com.br\\\/#\\\/schema\\\/logo\\\/image\\\/\"},\"sameAs\":[\"https:\\\/\\\/www.facebook.com\\\/maiobaotv\",\"https:\\\/\\\/x.com\\\/sitemaranhaotv\",\"https:\\\/\\\/www.instagram.com\\\/maranhao.tv\",\"https:\\\/\\\/www.threads.net\\\/@maranhao.tv\"]},{\"@type\":\"Person\",\"@id\":\"https:\\\/\\\/maranhaotv.com.br\\\/#\\\/schema\\\/person\\\/3d54238e86b20bb5c89ab2fdb8f8829a\",\"name\":\"maranhaotv\",\"image\":{\"@type\":\"ImageObject\",\"inLanguage\":\"pt-BR\",\"@id\":\"https:\\\/\\\/secure.gravatar.com\\\/avatar\\\/8fadbca458d4cb68b1dd399ae9a40618d747bb1af65ac9fad21c89220a143eb4?s=96&d=mm&r=g\",\"url\":\"https:\\\/\\\/secure.gravatar.com\\\/avatar\\\/8fadbca458d4cb68b1dd399ae9a40618d747bb1af65ac9fad21c89220a143eb4?s=96&d=mm&r=g\",\"contentUrl\":\"https:\\\/\\\/secure.gravatar.com\\\/avatar\\\/8fadbca458d4cb68b1dd399ae9a40618d747bb1af65ac9fad21c89220a143eb4?s=96&d=mm&r=g\",\"caption\":\"maranhaotv\"},\"sameAs\":[\"https:\\\/\\\/maranhaotv.com.br\\\/\"],\"url\":\"https:\\\/\\\/maranhaotv.com.br\\\/index.php\\\/author\\\/maranhaotv\\\/\"}]}<\/script>\n<!-- \/ Yoast SEO plugin. -->","yoast_head_json":{"title":"Coronav\u00edrus: Cinco mil s\u00e3o demitidos ou t\u00eam suspens\u00e3o de contrato de trabalho no MA - NOT\u00cdCIAS EM TEMPO REAL","robots":{"index":"index","follow":"follow","max-snippet":"max-snippet:-1","max-image-preview":"max-image-preview:large","max-video-preview":"max-video-preview:-1"},"canonical":"https:\/\/maranhaotv.com.br\/index.php\/2020\/05\/20\/coronavirus-cinco-mil-sao-demitidos-ou-tem-suspensao-de-contrato-de-trabalho-no-ma\/","og_locale":"pt_BR","og_type":"article","og_title":"Coronav\u00edrus: Cinco mil s\u00e3o demitidos ou t\u00eam suspens\u00e3o de contrato de trabalho no MA - NOT\u00cdCIAS EM TEMPO REAL","og_description":"Segundo estimativa da Associa\u00e7\u00e3o Brasileira de Bares e Restaurantes no Maranh\u00e3o (Abrasel-MA), cerca de 5 mil maranhenses est\u00e3o desempregados ou","og_url":"https:\/\/maranhaotv.com.br\/index.php\/2020\/05\/20\/coronavirus-cinco-mil-sao-demitidos-ou-tem-suspensao-de-contrato-de-trabalho-no-ma\/","og_site_name":"NOT\u00cdCIAS EM TEMPO REAL","article_publisher":"https:\/\/www.facebook.com\/maiobaotv","article_published_time":"2020-05-20T19:00:01+00:00","author":"maranhaotv","twitter_card":"summary_large_image","twitter_creator":"@sitemaranhaotv","twitter_site":"@sitemaranhaotv","twitter_misc":{"Escrito por":"maranhaotv","Est. tempo de leitura":"1 minuto"},"schema":{"@context":"https:\/\/schema.org","@graph":[{"@type":"Article","@id":"https:\/\/maranhaotv.com.br\/index.php\/2020\/05\/20\/coronavirus-cinco-mil-sao-demitidos-ou-tem-suspensao-de-contrato-de-trabalho-no-ma\/#article","isPartOf":{"@id":"https:\/\/maranhaotv.com.br\/index.php\/2020\/05\/20\/coronavirus-cinco-mil-sao-demitidos-ou-tem-suspensao-de-contrato-de-trabalho-no-ma\/"},"author":{"name":"maranhaotv","@id":"https:\/\/maranhaotv.com.br\/#\/schema\/person\/3d54238e86b20bb5c89ab2fdb8f8829a"},"headline":"Coronav\u00edrus: Cinco mil s\u00e3o demitidos ou t\u00eam suspens\u00e3o de contrato de trabalho no MA","datePublished":"2020-05-20T19:00:01+00:00","mainEntityOfPage":{"@id":"https:\/\/maranhaotv.com.br\/index.php\/2020\/05\/20\/coronavirus-cinco-mil-sao-demitidos-ou-tem-suspensao-de-contrato-de-trabalho-no-ma\/"},"wordCount":181,"commentCount":0,"publisher":{"@id":"https:\/\/maranhaotv.com.br\/#organization"},"image":{"@id":"https:\/\/maranhaotv.com.br\/index.php\/2020\/05\/20\/coronavirus-cinco-mil-sao-demitidos-ou-tem-suspensao-de-contrato-de-trabalho-no-ma\/#primaryimage"},"thumbnailUrl":"","articleSection":["not\u00edcias","pol\u00edtica"],"inLanguage":"pt-BR","potentialAction":[{"@type":"CommentAction","name":"Comment","target":["https:\/\/maranhaotv.com.br\/index.php\/2020\/05\/20\/coronavirus-cinco-mil-sao-demitidos-ou-tem-suspensao-de-contrato-de-trabalho-no-ma\/#respond"]}]},{"@type":"WebPage","@id":"https:\/\/maranhaotv.com.br\/index.php\/2020\/05\/20\/coronavirus-cinco-mil-sao-demitidos-ou-tem-suspensao-de-contrato-de-trabalho-no-ma\/","url":"https:\/\/maranhaotv.com.br\/index.php\/2020\/05\/20\/coronavirus-cinco-mil-sao-demitidos-ou-tem-suspensao-de-contrato-de-trabalho-no-ma\/","name":"Coronav\u00edrus: Cinco mil s\u00e3o demitidos ou t\u00eam suspens\u00e3o de contrato de trabalho no MA - NOT\u00cdCIAS EM TEMPO REAL","isPartOf":{"@id":"https:\/\/maranhaotv.com.br\/#website"},"primaryImageOfPage":{"@id":"https:\/\/maranhaotv.com.br\/index.php\/2020\/05\/20\/coronavirus-cinco-mil-sao-demitidos-ou-tem-suspensao-de-contrato-de-trabalho-no-ma\/#primaryimage"},"image":{"@id":"https:\/\/maranhaotv.com.br\/index.php\/2020\/05\/20\/coronavirus-cinco-mil-sao-demitidos-ou-tem-suspensao-de-contrato-de-trabalho-no-ma\/#primaryimage"},"thumbnailUrl":"","datePublished":"2020-05-20T19:00:01+00:00","breadcrumb":{"@id":"https:\/\/maranhaotv.com.br\/index.php\/2020\/05\/20\/coronavirus-cinco-mil-sao-demitidos-ou-tem-suspensao-de-contrato-de-trabalho-no-ma\/#breadcrumb"},"inLanguage":"pt-BR","potentialAction":[{"@type":"ReadAction","target":["https:\/\/maranhaotv.com.br\/index.php\/2020\/05\/20\/coronavirus-cinco-mil-sao-demitidos-ou-tem-suspensao-de-contrato-de-trabalho-no-ma\/"]}]},{"@type":"ImageObject","inLanguage":"pt-BR","@id":"https:\/\/maranhaotv.com.br\/index.php\/2020\/05\/20\/coronavirus-cinco-mil-sao-demitidos-ou-tem-suspensao-de-contrato-de-trabalho-no-ma\/#primaryimage","url":"","contentUrl":""},{"@type":"BreadcrumbList","@id":"https:\/\/maranhaotv.com.br\/index.php\/2020\/05\/20\/coronavirus-cinco-mil-sao-demitidos-ou-tem-suspensao-de-contrato-de-trabalho-no-ma\/#breadcrumb","itemListElement":[{"@type":"ListItem","position":1,"name":"In\u00edcio","item":"https:\/\/maranhaotv.com.br\/"},{"@type":"ListItem","position":2,"name":"Coronav\u00edrus: Cinco mil s\u00e3o demitidos ou t\u00eam suspens\u00e3o de contrato de trabalho no MA"}]},{"@type":"WebSite","@id":"https:\/\/maranhaotv.com.br\/#website","url":"https:\/\/maranhaotv.com.br\/","name":"Maranh\u00e3oTV","description":"","publisher":{"@id":"https:\/\/maranhaotv.com.br\/#organization"},"potentialAction":[{"@type":"SearchAction","target":{"@type":"EntryPoint","urlTemplate":"https:\/\/maranhaotv.com.br\/?s={search_term_string}"},"query-input":{"@type":"PropertyValueSpecification","valueRequired":true,"valueName":"search_term_string"}}],"inLanguage":"pt-BR"},{"@type":"Organization","@id":"https:\/\/maranhaotv.com.br\/#organization","name":"Portal de Not\u00edcias","url":"https:\/\/maranhaotv.com.br\/","logo":{"@type":"ImageObject","inLanguage":"pt-BR","@id":"https:\/\/maranhaotv.com.br\/#\/schema\/logo\/image\/","url":"https:\/\/maranhaotv.com.br\/wp-content\/uploads\/2024\/05\/cropped-cropped-avatar-1.png","contentUrl":"https:\/\/maranhaotv.com.br\/wp-content\/uploads\/2024\/05\/cropped-cropped-avatar-1.png","width":792,"height":428,"caption":"Portal de Not\u00edcias"},"image":{"@id":"https:\/\/maranhaotv.com.br\/#\/schema\/logo\/image\/"},"sameAs":["https:\/\/www.facebook.com\/maiobaotv","https:\/\/x.com\/sitemaranhaotv","https:\/\/www.instagram.com\/maranhao.tv","https:\/\/www.threads.net\/@maranhao.tv"]},{"@type":"Person","@id":"https:\/\/maranhaotv.com.br\/#\/schema\/person\/3d54238e86b20bb5c89ab2fdb8f8829a","name":"maranhaotv","image":{"@type":"ImageObject","inLanguage":"pt-BR","@id":"https:\/\/secure.gravatar.com\/avatar\/8fadbca458d4cb68b1dd399ae9a40618d747bb1af65ac9fad21c89220a143eb4?s=96&d=mm&r=g","url":"https:\/\/secure.gravatar.com\/avatar\/8fadbca458d4cb68b1dd399ae9a40618d747bb1af65ac9fad21c89220a143eb4?s=96&d=mm&r=g","contentUrl":"https:\/\/secure.gravatar.com\/avatar\/8fadbca458d4cb68b1dd399ae9a40618d747bb1af65ac9fad21c89220a143eb4?s=96&d=mm&r=g","caption":"maranhaotv"},"sameAs":["https:\/\/maranhaotv.com.br\/"],"url":"https:\/\/maranhaotv.com.br\/index.php\/author\/maranhaotv\/"}]}},"jetpack_featured_media_url":"","jetpack_sharing_enabled":true,"_links":{"self":[{"href":"https:\/\/maranhaotv.com.br\/index.php\/wp-json\/wp\/v2\/posts\/11997","targetHints":{"allow":["GET"]}}],"collection":[{"href":"https:\/\/maranhaotv.com.br\/index.php\/wp-json\/wp\/v2\/posts"}],"about":[{"href":"https:\/\/maranhaotv.com.br\/index.php\/wp-json\/wp\/v2\/types\/post"}],"author":[{"embeddable":true,"href":"https:\/\/maranhaotv.com.br\/index.php\/wp-json\/wp\/v2\/users\/2"}],"replies":[{"embeddable":true,"href":"https:\/\/maranhaotv.com.br\/index.php\/wp-json\/wp\/v2\/comments?post=11997"}],"version-history":[{"count":0,"href":"https:\/\/maranhaotv.com.br\/index.php\/wp-json\/wp\/v2\/posts\/11997\/revisions"}],"wp:featuredmedia":[{"embeddable":true,"href":"https:\/\/maranhaotv.com.br\/index.php\/wp-json\/"}],"wp:attachment":[{"href":"https:\/\/maranhaotv.com.br\/index.php\/wp-json\/wp\/v2\/media?parent=11997"}],"wp:term":[{"taxonomy":"category","embeddable":true,"href":"https:\/\/maranhaotv.com.br\/index.php\/wp-json\/wp\/v2\/categories?post=11997"},{"taxonomy":"post_tag","embeddable":true,"href":"https:\/\/maranhaotv.com.br\/index.php\/wp-json\/wp\/v2\/tags?post=11997"}],"curies":[{"name":"wp","href":"https:\/\/api.w.org\/{rel}","templated":true}]}}