{"id":12045,"date":"2020-05-22T21:17:56","date_gmt":"2020-05-23T00:17:56","guid":{"rendered":"https:\/\/maiobaotv.com.br\/index.php\/2020\/05\/22\/coronavirus-beto-das-vilas-quer-instalacao-de-pontos-de-higienizacao-em-locais-publicos-de-ribamar\/"},"modified":"2020-05-22T21:17:56","modified_gmt":"2020-05-23T00:17:56","slug":"coronavirus-beto-das-vilas-quer-instalacao-de-pontos-de-higienizacao-em-locais-publicos-de-ribamar","status":"publish","type":"post","link":"https:\/\/maranhaotv.com.br\/index.php\/2020\/05\/22\/coronavirus-beto-das-vilas-quer-instalacao-de-pontos-de-higienizacao-em-locais-publicos-de-ribamar\/","title":{"rendered":"Coronav\u00edrus: Beto das Vilas quer instala\u00e7\u00e3o de pontos de higieniza\u00e7\u00e3o em locais p\u00fablicos de Ribamar"},"content":{"rendered":"\n<p>Foi aprovada durante a \u00faltima sess\u00e3o remota realizada pela C\u00e2mara de Vereadores de S\u00e3o Jos\u00e9 de Ribamar, indica\u00e7\u00e3o do vereador Beto das Vilas (Republicanos), solicitando ao Poder Executivo, a instala\u00e7\u00e3o de pontos de higieniza\u00e7\u00e3o em todas as Feiras e Mercados P\u00fablicos do munic\u00edpio.<\/p>\n\n\n\n<p>Apesar de ser uma medida simples e de baixo custo para o munic\u00edpio, a higieniza\u00e7\u00e3o das m\u00e3os \u00e9 considerada pela OMS \u2013 Organiza\u00e7\u00e3o Mundial da Sa\u00fade, como uma importante medida para evitar o cont\u00e1gio pelo Covid-19.<\/p>\n\n\n\n<p>\u201cCom a Covid-19 circulando por a\u00ed, precisamos sempre tomar as medidas de preven\u00e7\u00e3o, por essa raz\u00e3o, fiz a solicita\u00e7\u00e3o na sess\u00e3o realizada na \u00faltima quarta-feira (20). A indica\u00e7\u00e3o foi aprovada por todos os vereadores e encaminhada ao Poder Executivo para que a a\u00e7\u00e3o seja executada o mais breve poss\u00edvel.\u201d Destacou Beto das Vilas.<\/p>\n\n\n\n<p>Com a medida, o cidad\u00e3o ribamarense ter\u00e1 uma ferramenta a mais para se prevenir do novo coronav\u00edrus.<\/p>\n\n\n\n<p>Em S\u00e3o Lu\u00eds, medida parecida foi adotada pela Secid \u2013 Secretaria das Cidades e Desenvolvimento Urbano, que instalou pontos de higieniza\u00e7\u00e3o nos Terminais de Integra\u00e7\u00e3o.<\/p>\n\n\n\n<p>Em S\u00e3o Jos\u00e9 de Ribamar, desde o inicio da pandemia, os vereadores vem trabalhando para que o munic\u00edpio ofere\u00e7a mecanismos que permitam \u00e0 popula\u00e7\u00e3o , enfrentar este novo inimigo.<\/p>\n\n\n\n<p>Dentre as a\u00e7\u00f5es aprovadas pelos vereadores ribamarenses, est\u00e3o a indica\u00e7\u00e3o que resultou no chamamento p\u00fablico para a confec\u00e7\u00e3o e distribui\u00e7\u00e3o de cem mil m\u00e1scaras e a\u00e7\u00f5es de desinfec\u00e7\u00e3o de locais p\u00fablicos.<\/p>\n","protected":false},"excerpt":{"rendered":"<p>Foi aprovada durante a \u00faltima sess\u00e3o remota realizada pela C\u00e2mara de Vereadores de S\u00e3o Jos\u00e9 de Ribamar, indica\u00e7\u00e3o do vereador<\/p>\n","protected":false},"author":2,"featured_media":12044,"comment_status":"open","ping_status":"open","sticky":false,"template":"","format":"standard","meta":{"colormag_page_container_layout":"default_layout","colormag_page_sidebar_layout":"default_layout","_jetpack_memberships_contains_paid_content":false,"footnotes":""},"categories":[2,6],"tags":[],"class_list":["post-12045","post","type-post","status-publish","format-standard","has-post-thumbnail","hentry","category-noticias","category-politica"],"magazineBlocksPostFeaturedMedia":{"thumbnail":false,"medium":false,"medium_large":false,"large":false,"1536x1536":false,"2048x2048":false,"colormag-highlighted-post":false,"colormag-featured-post-medium":false,"colormag-featured-post-small":false,"colormag-featured-image":false,"colormag-default-news":false,"colormag-featured-image-large":false},"magazineBlocksPostAuthor":{"name":"maranhaotv","avatar":"https:\/\/secure.gravatar.com\/avatar\/8fadbca458d4cb68b1dd399ae9a40618d747bb1af65ac9fad21c89220a143eb4?s=96&d=mm&r=g"},"magazineBlocksPostCommentsNumber":"0","magazineBlocksPostExcerpt":"Foi aprovada durante a \u00faltima sess\u00e3o remota realizada pela C\u00e2mara de Vereadores de S\u00e3o Jos\u00e9 de Ribamar, indica\u00e7\u00e3o do vereador","magazineBlocksPostCategories":["not\u00edcias","pol\u00edtica"],"magazineBlocksPostViewCount":204,"magazineBlocksPostReadTime":2,"magazine_blocks_featured_image_url":{"full":false,"medium":false,"thumbnail":false},"magazine_blocks_author":{"display_name":"maranhaotv","author_link":"https:\/\/maranhaotv.com.br\/index.php\/author\/maranhaotv\/"},"magazine_blocks_comment":0,"magazine_blocks_author_image":"https:\/\/secure.gravatar.com\/avatar\/8fadbca458d4cb68b1dd399ae9a40618d747bb1af65ac9fad21c89220a143eb4?s=96&d=mm&r=g","magazine_blocks_category":"<a href=\"#\" class=\"category-link category-link-2\">not\u00edcias<\/a> <a href=\"#\" class=\"category-link category-link-6\">pol\u00edtica<\/a>","yoast_head":"<!-- This site is optimized with the Yoast SEO plugin v27.4 - https:\/\/yoast.com\/product\/yoast-seo-wordpress\/ -->\n<title>Coronav\u00edrus: Beto das Vilas quer instala\u00e7\u00e3o de pontos de higieniza\u00e7\u00e3o em locais p\u00fablicos de Ribamar - NOT\u00cdCIAS EM TEMPO REAL<\/title>\n<meta name=\"robots\" content=\"index, follow, max-snippet:-1, max-image-preview:large, max-video-preview:-1\" \/>\n<link rel=\"canonical\" href=\"https:\/\/maranhaotv.com.br\/index.php\/2020\/05\/22\/coronavirus-beto-das-vilas-quer-instalacao-de-pontos-de-higienizacao-em-locais-publicos-de-ribamar\/\" \/>\n<meta property=\"og:locale\" content=\"pt_BR\" \/>\n<meta property=\"og:type\" content=\"article\" \/>\n<meta property=\"og:title\" content=\"Coronav\u00edrus: Beto das Vilas quer instala\u00e7\u00e3o de pontos de higieniza\u00e7\u00e3o em locais p\u00fablicos de Ribamar - NOT\u00cdCIAS EM TEMPO REAL\" \/>\n<meta property=\"og:description\" content=\"Foi aprovada durante a \u00faltima sess\u00e3o remota realizada pela C\u00e2mara de Vereadores de S\u00e3o Jos\u00e9 de Ribamar, indica\u00e7\u00e3o do vereador\" \/>\n<meta property=\"og:url\" content=\"https:\/\/maranhaotv.com.br\/index.php\/2020\/05\/22\/coronavirus-beto-das-vilas-quer-instalacao-de-pontos-de-higienizacao-em-locais-publicos-de-ribamar\/\" \/>\n<meta property=\"og:site_name\" content=\"NOT\u00cdCIAS EM TEMPO REAL\" \/>\n<meta property=\"article:publisher\" content=\"https:\/\/www.facebook.com\/maiobaotv\" \/>\n<meta property=\"article:published_time\" content=\"2020-05-23T00:17:56+00:00\" \/>\n<meta name=\"author\" content=\"maranhaotv\" \/>\n<meta name=\"twitter:card\" content=\"summary_large_image\" \/>\n<meta name=\"twitter:creator\" content=\"@sitemaranhaotv\" \/>\n<meta name=\"twitter:site\" content=\"@sitemaranhaotv\" \/>\n<meta name=\"twitter:label1\" content=\"Escrito por\" \/>\n\t<meta name=\"twitter:data1\" content=\"maranhaotv\" \/>\n\t<meta name=\"twitter:label2\" content=\"Est. tempo de leitura\" \/>\n\t<meta name=\"twitter:data2\" content=\"1 minuto\" \/>\n<script type=\"application\/ld+json\" class=\"yoast-schema-graph\">{\"@context\":\"https:\\\/\\\/schema.org\",\"@graph\":[{\"@type\":\"Article\",\"@id\":\"https:\\\/\\\/maranhaotv.com.br\\\/index.php\\\/2020\\\/05\\\/22\\\/coronavirus-beto-das-vilas-quer-instalacao-de-pontos-de-higienizacao-em-locais-publicos-de-ribamar\\\/#article\",\"isPartOf\":{\"@id\":\"https:\\\/\\\/maranhaotv.com.br\\\/index.php\\\/2020\\\/05\\\/22\\\/coronavirus-beto-das-vilas-quer-instalacao-de-pontos-de-higienizacao-em-locais-publicos-de-ribamar\\\/\"},\"author\":{\"name\":\"maranhaotv\",\"@id\":\"https:\\\/\\\/maranhaotv.com.br\\\/#\\\/schema\\\/person\\\/3d54238e86b20bb5c89ab2fdb8f8829a\"},\"headline\":\"Coronav\u00edrus: Beto das Vilas quer instala\u00e7\u00e3o de pontos de higieniza\u00e7\u00e3o em locais p\u00fablicos de Ribamar\",\"datePublished\":\"2020-05-23T00:17:56+00:00\",\"mainEntityOfPage\":{\"@id\":\"https:\\\/\\\/maranhaotv.com.br\\\/index.php\\\/2020\\\/05\\\/22\\\/coronavirus-beto-das-vilas-quer-instalacao-de-pontos-de-higienizacao-em-locais-publicos-de-ribamar\\\/\"},\"wordCount\":288,\"commentCount\":0,\"publisher\":{\"@id\":\"https:\\\/\\\/maranhaotv.com.br\\\/#organization\"},\"image\":{\"@id\":\"https:\\\/\\\/maranhaotv.com.br\\\/index.php\\\/2020\\\/05\\\/22\\\/coronavirus-beto-das-vilas-quer-instalacao-de-pontos-de-higienizacao-em-locais-publicos-de-ribamar\\\/#primaryimage\"},\"thumbnailUrl\":\"\",\"articleSection\":[\"not\u00edcias\",\"pol\u00edtica\"],\"inLanguage\":\"pt-BR\",\"potentialAction\":[{\"@type\":\"CommentAction\",\"name\":\"Comment\",\"target\":[\"https:\\\/\\\/maranhaotv.com.br\\\/index.php\\\/2020\\\/05\\\/22\\\/coronavirus-beto-das-vilas-quer-instalacao-de-pontos-de-higienizacao-em-locais-publicos-de-ribamar\\\/#respond\"]}]},{\"@type\":\"WebPage\",\"@id\":\"https:\\\/\\\/maranhaotv.com.br\\\/index.php\\\/2020\\\/05\\\/22\\\/coronavirus-beto-das-vilas-quer-instalacao-de-pontos-de-higienizacao-em-locais-publicos-de-ribamar\\\/\",\"url\":\"https:\\\/\\\/maranhaotv.com.br\\\/index.php\\\/2020\\\/05\\\/22\\\/coronavirus-beto-das-vilas-quer-instalacao-de-pontos-de-higienizacao-em-locais-publicos-de-ribamar\\\/\",\"name\":\"Coronav\u00edrus: Beto das Vilas quer instala\u00e7\u00e3o de pontos de higieniza\u00e7\u00e3o em locais p\u00fablicos de Ribamar - NOT\u00cdCIAS EM TEMPO REAL\",\"isPartOf\":{\"@id\":\"https:\\\/\\\/maranhaotv.com.br\\\/#website\"},\"primaryImageOfPage\":{\"@id\":\"https:\\\/\\\/maranhaotv.com.br\\\/index.php\\\/2020\\\/05\\\/22\\\/coronavirus-beto-das-vilas-quer-instalacao-de-pontos-de-higienizacao-em-locais-publicos-de-ribamar\\\/#primaryimage\"},\"image\":{\"@id\":\"https:\\\/\\\/maranhaotv.com.br\\\/index.php\\\/2020\\\/05\\\/22\\\/coronavirus-beto-das-vilas-quer-instalacao-de-pontos-de-higienizacao-em-locais-publicos-de-ribamar\\\/#primaryimage\"},\"thumbnailUrl\":\"\",\"datePublished\":\"2020-05-23T00:17:56+00:00\",\"breadcrumb\":{\"@id\":\"https:\\\/\\\/maranhaotv.com.br\\\/index.php\\\/2020\\\/05\\\/22\\\/coronavirus-beto-das-vilas-quer-instalacao-de-pontos-de-higienizacao-em-locais-publicos-de-ribamar\\\/#breadcrumb\"},\"inLanguage\":\"pt-BR\",\"potentialAction\":[{\"@type\":\"ReadAction\",\"target\":[\"https:\\\/\\\/maranhaotv.com.br\\\/index.php\\\/2020\\\/05\\\/22\\\/coronavirus-beto-das-vilas-quer-instalacao-de-pontos-de-higienizacao-em-locais-publicos-de-ribamar\\\/\"]}]},{\"@type\":\"ImageObject\",\"inLanguage\":\"pt-BR\",\"@id\":\"https:\\\/\\\/maranhaotv.com.br\\\/index.php\\\/2020\\\/05\\\/22\\\/coronavirus-beto-das-vilas-quer-instalacao-de-pontos-de-higienizacao-em-locais-publicos-de-ribamar\\\/#primaryimage\",\"url\":\"\",\"contentUrl\":\"\"},{\"@type\":\"BreadcrumbList\",\"@id\":\"https:\\\/\\\/maranhaotv.com.br\\\/index.php\\\/2020\\\/05\\\/22\\\/coronavirus-beto-das-vilas-quer-instalacao-de-pontos-de-higienizacao-em-locais-publicos-de-ribamar\\\/#breadcrumb\",\"itemListElement\":[{\"@type\":\"ListItem\",\"position\":1,\"name\":\"In\u00edcio\",\"item\":\"https:\\\/\\\/maranhaotv.com.br\\\/\"},{\"@type\":\"ListItem\",\"position\":2,\"name\":\"Coronav\u00edrus: Beto das Vilas quer instala\u00e7\u00e3o de pontos de higieniza\u00e7\u00e3o em locais p\u00fablicos de Ribamar\"}]},{\"@type\":\"WebSite\",\"@id\":\"https:\\\/\\\/maranhaotv.com.br\\\/#website\",\"url\":\"https:\\\/\\\/maranhaotv.com.br\\\/\",\"name\":\"Maranh\u00e3oTV\",\"description\":\"\",\"publisher\":{\"@id\":\"https:\\\/\\\/maranhaotv.com.br\\\/#organization\"},\"potentialAction\":[{\"@type\":\"SearchAction\",\"target\":{\"@type\":\"EntryPoint\",\"urlTemplate\":\"https:\\\/\\\/maranhaotv.com.br\\\/?s={search_term_string}\"},\"query-input\":{\"@type\":\"PropertyValueSpecification\",\"valueRequired\":true,\"valueName\":\"search_term_string\"}}],\"inLanguage\":\"pt-BR\"},{\"@type\":\"Organization\",\"@id\":\"https:\\\/\\\/maranhaotv.com.br\\\/#organization\",\"name\":\"Portal de Not\u00edcias\",\"url\":\"https:\\\/\\\/maranhaotv.com.br\\\/\",\"logo\":{\"@type\":\"ImageObject\",\"inLanguage\":\"pt-BR\",\"@id\":\"https:\\\/\\\/maranhaotv.com.br\\\/#\\\/schema\\\/logo\\\/image\\\/\",\"url\":\"https:\\\/\\\/maranhaotv.com.br\\\/wp-content\\\/uploads\\\/2024\\\/05\\\/cropped-cropped-avatar-1.png\",\"contentUrl\":\"https:\\\/\\\/maranhaotv.com.br\\\/wp-content\\\/uploads\\\/2024\\\/05\\\/cropped-cropped-avatar-1.png\",\"width\":792,\"height\":428,\"caption\":\"Portal de Not\u00edcias\"},\"image\":{\"@id\":\"https:\\\/\\\/maranhaotv.com.br\\\/#\\\/schema\\\/logo\\\/image\\\/\"},\"sameAs\":[\"https:\\\/\\\/www.facebook.com\\\/maiobaotv\",\"https:\\\/\\\/x.com\\\/sitemaranhaotv\",\"https:\\\/\\\/www.instagram.com\\\/maranhao.tv\",\"https:\\\/\\\/www.threads.net\\\/@maranhao.tv\"]},{\"@type\":\"Person\",\"@id\":\"https:\\\/\\\/maranhaotv.com.br\\\/#\\\/schema\\\/person\\\/3d54238e86b20bb5c89ab2fdb8f8829a\",\"name\":\"maranhaotv\",\"image\":{\"@type\":\"ImageObject\",\"inLanguage\":\"pt-BR\",\"@id\":\"https:\\\/\\\/secure.gravatar.com\\\/avatar\\\/8fadbca458d4cb68b1dd399ae9a40618d747bb1af65ac9fad21c89220a143eb4?s=96&d=mm&r=g\",\"url\":\"https:\\\/\\\/secure.gravatar.com\\\/avatar\\\/8fadbca458d4cb68b1dd399ae9a40618d747bb1af65ac9fad21c89220a143eb4?s=96&d=mm&r=g\",\"contentUrl\":\"https:\\\/\\\/secure.gravatar.com\\\/avatar\\\/8fadbca458d4cb68b1dd399ae9a40618d747bb1af65ac9fad21c89220a143eb4?s=96&d=mm&r=g\",\"caption\":\"maranhaotv\"},\"sameAs\":[\"https:\\\/\\\/maranhaotv.com.br\\\/\"],\"url\":\"https:\\\/\\\/maranhaotv.com.br\\\/index.php\\\/author\\\/maranhaotv\\\/\"}]}<\/script>\n<!-- \/ Yoast SEO plugin. -->","yoast_head_json":{"title":"Coronav\u00edrus: Beto das Vilas quer instala\u00e7\u00e3o de pontos de higieniza\u00e7\u00e3o em locais p\u00fablicos de Ribamar - NOT\u00cdCIAS EM TEMPO REAL","robots":{"index":"index","follow":"follow","max-snippet":"max-snippet:-1","max-image-preview":"max-image-preview:large","max-video-preview":"max-video-preview:-1"},"canonical":"https:\/\/maranhaotv.com.br\/index.php\/2020\/05\/22\/coronavirus-beto-das-vilas-quer-instalacao-de-pontos-de-higienizacao-em-locais-publicos-de-ribamar\/","og_locale":"pt_BR","og_type":"article","og_title":"Coronav\u00edrus: Beto das Vilas quer instala\u00e7\u00e3o de pontos de higieniza\u00e7\u00e3o em locais p\u00fablicos de Ribamar - NOT\u00cdCIAS EM TEMPO REAL","og_description":"Foi aprovada durante a \u00faltima sess\u00e3o remota realizada pela C\u00e2mara de Vereadores de S\u00e3o Jos\u00e9 de Ribamar, indica\u00e7\u00e3o do vereador","og_url":"https:\/\/maranhaotv.com.br\/index.php\/2020\/05\/22\/coronavirus-beto-das-vilas-quer-instalacao-de-pontos-de-higienizacao-em-locais-publicos-de-ribamar\/","og_site_name":"NOT\u00cdCIAS EM TEMPO REAL","article_publisher":"https:\/\/www.facebook.com\/maiobaotv","article_published_time":"2020-05-23T00:17:56+00:00","author":"maranhaotv","twitter_card":"summary_large_image","twitter_creator":"@sitemaranhaotv","twitter_site":"@sitemaranhaotv","twitter_misc":{"Escrito por":"maranhaotv","Est. tempo de leitura":"1 minuto"},"schema":{"@context":"https:\/\/schema.org","@graph":[{"@type":"Article","@id":"https:\/\/maranhaotv.com.br\/index.php\/2020\/05\/22\/coronavirus-beto-das-vilas-quer-instalacao-de-pontos-de-higienizacao-em-locais-publicos-de-ribamar\/#article","isPartOf":{"@id":"https:\/\/maranhaotv.com.br\/index.php\/2020\/05\/22\/coronavirus-beto-das-vilas-quer-instalacao-de-pontos-de-higienizacao-em-locais-publicos-de-ribamar\/"},"author":{"name":"maranhaotv","@id":"https:\/\/maranhaotv.com.br\/#\/schema\/person\/3d54238e86b20bb5c89ab2fdb8f8829a"},"headline":"Coronav\u00edrus: Beto das Vilas quer instala\u00e7\u00e3o de pontos de higieniza\u00e7\u00e3o em locais p\u00fablicos de Ribamar","datePublished":"2020-05-23T00:17:56+00:00","mainEntityOfPage":{"@id":"https:\/\/maranhaotv.com.br\/index.php\/2020\/05\/22\/coronavirus-beto-das-vilas-quer-instalacao-de-pontos-de-higienizacao-em-locais-publicos-de-ribamar\/"},"wordCount":288,"commentCount":0,"publisher":{"@id":"https:\/\/maranhaotv.com.br\/#organization"},"image":{"@id":"https:\/\/maranhaotv.com.br\/index.php\/2020\/05\/22\/coronavirus-beto-das-vilas-quer-instalacao-de-pontos-de-higienizacao-em-locais-publicos-de-ribamar\/#primaryimage"},"thumbnailUrl":"","articleSection":["not\u00edcias","pol\u00edtica"],"inLanguage":"pt-BR","potentialAction":[{"@type":"CommentAction","name":"Comment","target":["https:\/\/maranhaotv.com.br\/index.php\/2020\/05\/22\/coronavirus-beto-das-vilas-quer-instalacao-de-pontos-de-higienizacao-em-locais-publicos-de-ribamar\/#respond"]}]},{"@type":"WebPage","@id":"https:\/\/maranhaotv.com.br\/index.php\/2020\/05\/22\/coronavirus-beto-das-vilas-quer-instalacao-de-pontos-de-higienizacao-em-locais-publicos-de-ribamar\/","url":"https:\/\/maranhaotv.com.br\/index.php\/2020\/05\/22\/coronavirus-beto-das-vilas-quer-instalacao-de-pontos-de-higienizacao-em-locais-publicos-de-ribamar\/","name":"Coronav\u00edrus: Beto das Vilas quer instala\u00e7\u00e3o de pontos de higieniza\u00e7\u00e3o em locais p\u00fablicos de Ribamar - NOT\u00cdCIAS EM TEMPO REAL","isPartOf":{"@id":"https:\/\/maranhaotv.com.br\/#website"},"primaryImageOfPage":{"@id":"https:\/\/maranhaotv.com.br\/index.php\/2020\/05\/22\/coronavirus-beto-das-vilas-quer-instalacao-de-pontos-de-higienizacao-em-locais-publicos-de-ribamar\/#primaryimage"},"image":{"@id":"https:\/\/maranhaotv.com.br\/index.php\/2020\/05\/22\/coronavirus-beto-das-vilas-quer-instalacao-de-pontos-de-higienizacao-em-locais-publicos-de-ribamar\/#primaryimage"},"thumbnailUrl":"","datePublished":"2020-05-23T00:17:56+00:00","breadcrumb":{"@id":"https:\/\/maranhaotv.com.br\/index.php\/2020\/05\/22\/coronavirus-beto-das-vilas-quer-instalacao-de-pontos-de-higienizacao-em-locais-publicos-de-ribamar\/#breadcrumb"},"inLanguage":"pt-BR","potentialAction":[{"@type":"ReadAction","target":["https:\/\/maranhaotv.com.br\/index.php\/2020\/05\/22\/coronavirus-beto-das-vilas-quer-instalacao-de-pontos-de-higienizacao-em-locais-publicos-de-ribamar\/"]}]},{"@type":"ImageObject","inLanguage":"pt-BR","@id":"https:\/\/maranhaotv.com.br\/index.php\/2020\/05\/22\/coronavirus-beto-das-vilas-quer-instalacao-de-pontos-de-higienizacao-em-locais-publicos-de-ribamar\/#primaryimage","url":"","contentUrl":""},{"@type":"BreadcrumbList","@id":"https:\/\/maranhaotv.com.br\/index.php\/2020\/05\/22\/coronavirus-beto-das-vilas-quer-instalacao-de-pontos-de-higienizacao-em-locais-publicos-de-ribamar\/#breadcrumb","itemListElement":[{"@type":"ListItem","position":1,"name":"In\u00edcio","item":"https:\/\/maranhaotv.com.br\/"},{"@type":"ListItem","position":2,"name":"Coronav\u00edrus: Beto das Vilas quer instala\u00e7\u00e3o de pontos de higieniza\u00e7\u00e3o em locais p\u00fablicos de Ribamar"}]},{"@type":"WebSite","@id":"https:\/\/maranhaotv.com.br\/#website","url":"https:\/\/maranhaotv.com.br\/","name":"Maranh\u00e3oTV","description":"","publisher":{"@id":"https:\/\/maranhaotv.com.br\/#organization"},"potentialAction":[{"@type":"SearchAction","target":{"@type":"EntryPoint","urlTemplate":"https:\/\/maranhaotv.com.br\/?s={search_term_string}"},"query-input":{"@type":"PropertyValueSpecification","valueRequired":true,"valueName":"search_term_string"}}],"inLanguage":"pt-BR"},{"@type":"Organization","@id":"https:\/\/maranhaotv.com.br\/#organization","name":"Portal de Not\u00edcias","url":"https:\/\/maranhaotv.com.br\/","logo":{"@type":"ImageObject","inLanguage":"pt-BR","@id":"https:\/\/maranhaotv.com.br\/#\/schema\/logo\/image\/","url":"https:\/\/maranhaotv.com.br\/wp-content\/uploads\/2024\/05\/cropped-cropped-avatar-1.png","contentUrl":"https:\/\/maranhaotv.com.br\/wp-content\/uploads\/2024\/05\/cropped-cropped-avatar-1.png","width":792,"height":428,"caption":"Portal de Not\u00edcias"},"image":{"@id":"https:\/\/maranhaotv.com.br\/#\/schema\/logo\/image\/"},"sameAs":["https:\/\/www.facebook.com\/maiobaotv","https:\/\/x.com\/sitemaranhaotv","https:\/\/www.instagram.com\/maranhao.tv","https:\/\/www.threads.net\/@maranhao.tv"]},{"@type":"Person","@id":"https:\/\/maranhaotv.com.br\/#\/schema\/person\/3d54238e86b20bb5c89ab2fdb8f8829a","name":"maranhaotv","image":{"@type":"ImageObject","inLanguage":"pt-BR","@id":"https:\/\/secure.gravatar.com\/avatar\/8fadbca458d4cb68b1dd399ae9a40618d747bb1af65ac9fad21c89220a143eb4?s=96&d=mm&r=g","url":"https:\/\/secure.gravatar.com\/avatar\/8fadbca458d4cb68b1dd399ae9a40618d747bb1af65ac9fad21c89220a143eb4?s=96&d=mm&r=g","contentUrl":"https:\/\/secure.gravatar.com\/avatar\/8fadbca458d4cb68b1dd399ae9a40618d747bb1af65ac9fad21c89220a143eb4?s=96&d=mm&r=g","caption":"maranhaotv"},"sameAs":["https:\/\/maranhaotv.com.br\/"],"url":"https:\/\/maranhaotv.com.br\/index.php\/author\/maranhaotv\/"}]}},"jetpack_featured_media_url":"","jetpack_sharing_enabled":true,"_links":{"self":[{"href":"https:\/\/maranhaotv.com.br\/index.php\/wp-json\/wp\/v2\/posts\/12045","targetHints":{"allow":["GET"]}}],"collection":[{"href":"https:\/\/maranhaotv.com.br\/index.php\/wp-json\/wp\/v2\/posts"}],"about":[{"href":"https:\/\/maranhaotv.com.br\/index.php\/wp-json\/wp\/v2\/types\/post"}],"author":[{"embeddable":true,"href":"https:\/\/maranhaotv.com.br\/index.php\/wp-json\/wp\/v2\/users\/2"}],"replies":[{"embeddable":true,"href":"https:\/\/maranhaotv.com.br\/index.php\/wp-json\/wp\/v2\/comments?post=12045"}],"version-history":[{"count":0,"href":"https:\/\/maranhaotv.com.br\/index.php\/wp-json\/wp\/v2\/posts\/12045\/revisions"}],"wp:featuredmedia":[{"embeddable":true,"href":"https:\/\/maranhaotv.com.br\/index.php\/wp-json\/"}],"wp:attachment":[{"href":"https:\/\/maranhaotv.com.br\/index.php\/wp-json\/wp\/v2\/media?parent=12045"}],"wp:term":[{"taxonomy":"category","embeddable":true,"href":"https:\/\/maranhaotv.com.br\/index.php\/wp-json\/wp\/v2\/categories?post=12045"},{"taxonomy":"post_tag","embeddable":true,"href":"https:\/\/maranhaotv.com.br\/index.php\/wp-json\/wp\/v2\/tags?post=12045"}],"curies":[{"name":"wp","href":"https:\/\/api.w.org\/{rel}","templated":true}]}}