{"id":12057,"date":"2020-05-23T17:19:58","date_gmt":"2020-05-23T20:19:58","guid":{"rendered":"https:\/\/maiobaotv.com.br\/?p=12057"},"modified":"2020-05-23T17:19:58","modified_gmt":"2020-05-23T20:19:58","slug":"em-entrevista-magrado-barros-e-marcelo-tavares-falam-sobre-solicitacao-do-hospital-ao-governador","status":"publish","type":"post","link":"https:\/\/maranhaotv.com.br\/index.php\/2020\/05\/23\/em-entrevista-magrado-barros-e-marcelo-tavares-falam-sobre-solicitacao-do-hospital-ao-governador\/","title":{"rendered":"Em entrevista, Magrado Barros e Marcelo Tavares falam sobre solicita\u00e7\u00e3o do hospital ao Governador"},"content":{"rendered":"<p>Em entrevista realizada na manh\u00e3 de ontem, 22, o prefeito de Viana, Magrado Barros falou sobre a solicita\u00e7\u00e3o que, ele encabe\u00e7ou junto com prefeitos da regi\u00e3o para o Governador Fl\u00e1vio Dino, para que finalizasse a obra do Hospital Macroregional do Estado, localizado na MA014, pr\u00f3ximo ao Bairro Vila Zizi, em Viana.<\/p>\n<p>J\u00e1 cerca de um m\u00eas atr\u00e1s Magrado se reuniu com prefeitos de Penalva, Matinha, Cajari e juntos, por v\u00eddeo confer\u00eancia com o chefe da Casa Civil, Marcelo Tavares solicitaram queno Governo visse com mais agilidade a conclus\u00e3o da obra. J\u00e1 que pela regi\u00e3o da baixada o \u00fanico hospital que disp\u00f5e de leitos de UTI \u00e9 em Pinheiro, h\u00e1 150km de Viana e que hoje, j\u00e1 trabalha com superlota\u00e7\u00e3o.<\/p>\n<p>Na entrevista Marcelo Tavares, pela r\u00e1dio Maracu, disse que a ordem do Governador \u00e9 de que em m\u00e9dia de 15 a 20 dias as obras sejam conclu\u00eddas.<br \/>\nMarcelo disse que ao receber a solicita\u00e7\u00e3o dos prefeitos, prontamente levou o pedido a Fl\u00e1vio Dino, que determinou como prioridade de seu governo que tais obras fossem conclu\u00eddas.<\/p>\n<p>Magrado tamb\u00e9m disse o munic\u00edpio comprou Cabines de Descontamina\u00e7\u00e3o, que funcionar\u00e3o em locais de grande movimenta\u00e7\u00e3o. Como Hospital Municipal, Feira da Barra do Sol e Unidades de Refer\u00eancia para S\u00edndromes Gripais, uma outra tamb\u00e9m na UBS Santeiro, ao total s\u00e3o 5 cabines.<\/p>\n<p>A cabine de sanitiza\u00e7\u00e3o funciona como uma c\u00e2mara de descontamina\u00e7\u00e3o. Ela possui pulverizadores que liberam uma subst\u00e2ncia \u2013 \u00e0 base de \u00e1gua, sab\u00e3o e cloro \u2013 que combate alguns tipos de v\u00edrus, dentre os quais, o respons\u00e1vel pela Covid-19, com seguran\u00e7a e sem prejudicar a sa\u00fade dos usu\u00e1rios.<br \/>\nModelos com esse sistema est\u00e3o sendo utilizados em grandes centros pelo mundo, e o Munic\u00edpio de Viana sai \u00e0 frente  instalando 5 cabines.<\/p>\n<p>Confira a entrevista completa no link abaixo:<\/p>\n<div class=\"fb-video\" data-allowfullscreen=\"true\" data-href=\"https:\/\/www.facebook.com\/radioetvmaracuviana\/videos\/2909027719178512\/\" style=\"background-color: #fff; display: inline-block;\"><\/div>\n","protected":false},"excerpt":{"rendered":"<p>Em entrevista realizada na manh\u00e3 de ontem, 22, o prefeito de Viana, Magrado Barros falou sobre a solicita\u00e7\u00e3o que, ele<\/p>\n","protected":false},"author":2,"featured_media":12058,"comment_status":"open","ping_status":"open","sticky":false,"template":"","format":"standard","meta":{"colormag_page_container_layout":"default_layout","colormag_page_sidebar_layout":"default_layout","_jetpack_memberships_contains_paid_content":false,"footnotes":""},"categories":[2],"tags":[17,42,5],"class_list":["post-12057","post","type-post","status-publish","format-standard","has-post-thumbnail","hentry","category-noticias","tag-magrado-barros","tag-prefeitura-de-viana","tag-viana"],"magazineBlocksPostFeaturedMedia":{"thumbnail":false,"medium":false,"medium_large":false,"large":false,"1536x1536":false,"2048x2048":false,"colormag-highlighted-post":false,"colormag-featured-post-medium":false,"colormag-featured-post-small":false,"colormag-featured-image":false,"colormag-default-news":false,"colormag-featured-image-large":false},"magazineBlocksPostAuthor":{"name":"maranhaotv","avatar":"https:\/\/secure.gravatar.com\/avatar\/8fadbca458d4cb68b1dd399ae9a40618d747bb1af65ac9fad21c89220a143eb4?s=96&d=mm&r=g"},"magazineBlocksPostCommentsNumber":"0","magazineBlocksPostExcerpt":"Em entrevista realizada na manh\u00e3 de ontem, 22, o prefeito de Viana, Magrado Barros falou sobre a solicita\u00e7\u00e3o que, ele","magazineBlocksPostCategories":["not\u00edcias"],"magazineBlocksPostViewCount":137,"magazineBlocksPostReadTime":2,"magazine_blocks_featured_image_url":{"full":false,"medium":false,"thumbnail":false},"magazine_blocks_author":{"display_name":"maranhaotv","author_link":"https:\/\/maranhaotv.com.br\/index.php\/author\/maranhaotv\/"},"magazine_blocks_comment":0,"magazine_blocks_author_image":"https:\/\/secure.gravatar.com\/avatar\/8fadbca458d4cb68b1dd399ae9a40618d747bb1af65ac9fad21c89220a143eb4?s=96&d=mm&r=g","magazine_blocks_category":"<a href=\"#\" class=\"category-link category-link-2\">not\u00edcias<\/a>","jetpack_featured_media_url":"","jetpack_sharing_enabled":true,"_links":{"self":[{"href":"https:\/\/maranhaotv.com.br\/index.php\/wp-json\/wp\/v2\/posts\/12057","targetHints":{"allow":["GET"]}}],"collection":[{"href":"https:\/\/maranhaotv.com.br\/index.php\/wp-json\/wp\/v2\/posts"}],"about":[{"href":"https:\/\/maranhaotv.com.br\/index.php\/wp-json\/wp\/v2\/types\/post"}],"author":[{"embeddable":true,"href":"https:\/\/maranhaotv.com.br\/index.php\/wp-json\/wp\/v2\/users\/2"}],"replies":[{"embeddable":true,"href":"https:\/\/maranhaotv.com.br\/index.php\/wp-json\/wp\/v2\/comments?post=12057"}],"version-history":[{"count":0,"href":"https:\/\/maranhaotv.com.br\/index.php\/wp-json\/wp\/v2\/posts\/12057\/revisions"}],"wp:featuredmedia":[{"embeddable":true,"href":"https:\/\/maranhaotv.com.br\/index.php\/wp-json\/"}],"wp:attachment":[{"href":"https:\/\/maranhaotv.com.br\/index.php\/wp-json\/wp\/v2\/media?parent=12057"}],"wp:term":[{"taxonomy":"category","embeddable":true,"href":"https:\/\/maranhaotv.com.br\/index.php\/wp-json\/wp\/v2\/categories?post=12057"},{"taxonomy":"post_tag","embeddable":true,"href":"https:\/\/maranhaotv.com.br\/index.php\/wp-json\/wp\/v2\/tags?post=12057"}],"curies":[{"name":"wp","href":"https:\/\/api.w.org\/{rel}","templated":true}]}}