{"id":12120,"date":"2020-05-27T09:12:40","date_gmt":"2020-05-27T12:12:40","guid":{"rendered":"https:\/\/maiobaotv.com.br\/?p=12120"},"modified":"2020-05-27T09:12:40","modified_gmt":"2020-05-27T12:12:40","slug":"paco-do-lumiar-fernando-muniz-quer-contratar-empresa-de-consultoria-em-administracao","status":"publish","type":"post","link":"https:\/\/maranhaotv.com.br\/index.php\/2020\/05\/27\/paco-do-lumiar-fernando-muniz-quer-contratar-empresa-de-consultoria-em-administracao\/","title":{"rendered":"Pa\u00e7o do Lumiar: Fernando Muniz quer contratar empresa de &#8220;consultoria em administra\u00e7\u00e3o&#8221;"},"content":{"rendered":"<p>O Presidente da C\u00e2mara Municipal de Pa\u00e7o do Lumiar definitivamente perdeu a no\u00e7\u00e3o do bom senso, e, parece ter perdido at\u00e9 a vergonha, insistindo em realizar licita\u00e7\u00f5es um tanto quanto &#8220;estranhas&#8217;.<\/p>\n<p>Dessa vez, o nobre edil resolve licitar uma empresa em consultoria administrativa, talvez para ajud\u00e1-lo na dif\u00edcil miss\u00e3o que o vereador n\u00e3o tem conseguido realizar: que \u00e9 presidir a C\u00e2mara Municipal.<\/p>\n<p>A referida licita\u00e7\u00e3o, teve que ser adiada, pois a Promotoria de Pa\u00e7o do Lumiar suspendeu processos licitat\u00f3rios que n\u00e3o sejam de servi\u00e7os essenciais durante o per\u00edodo pand\u00eamico, frustando por total os planos de Muniz.<\/p>\n<p>Ao longo de todo mandato como Presidente da C\u00e2mara, Fernando Muniz j\u00e1 sofre mais de 10 processos investigativos realizados por \u00f3rg\u00e3os fiscalizadores, teve tamb\u00e9m licita\u00e7\u00f5es consideradas suspeitas, canceladas pelo Tribunal de Contas do Estado, assim como Muniz est\u00e1 judicialmente proibido de realizar pagamentos para algumas empresas.<\/p>\n<p>Acuado, Fernando tenta realizar novo processo com Assessoria Administrativa, que ningu\u00e9m sabe, exatamente que tipo de melhoria poderia fazer na C\u00e2mara de Pa\u00e7o do Lumiar.<\/p>\n<p><em><strong>Fica o questionamento ao eleitor luminense: Porque Fernando Muniz insiste absurdamente e quase que criminosamente em algumas licita\u00e7\u00f5es?!?!<\/strong><\/em><\/p>\n<p>Em ano de elei\u00e7\u00e3o \u00e9 bom fazer a an\u00e1lise novamente no dia de confirmar o voto nas urnas!<\/p>\n<p><img loading=\"lazy\" decoding=\"async\" src=\"https:\/\/maiobaotv.com.br\/wp-content\/uploads\/2020\/05\/img-20200526-wa018159291792277170809.jpg\" class=\"wp-image-12119 alignnone size-full\" width=\"781\" height=\"1280\"><\/p>\n","protected":false},"excerpt":{"rendered":"<p>O Presidente da C\u00e2mara Municipal de Pa\u00e7o do Lumiar definitivamente perdeu a no\u00e7\u00e3o do bom senso, e, parece ter perdido<\/p>\n","protected":false},"author":2,"featured_media":11866,"comment_status":"open","ping_status":"open","sticky":false,"template":"","format":"standard","meta":{"colormag_page_container_layout":"default_layout","colormag_page_sidebar_layout":"default_layout","_jetpack_memberships_contains_paid_content":false,"footnotes":""},"categories":[2],"tags":[44,15],"class_list":["post-12120","post","type-post","status-publish","format-standard","has-post-thumbnail","hentry","category-noticias","tag-fernando-muniz","tag-paco-do-lumiar"],"magazineBlocksPostFeaturedMedia":{"thumbnail":false,"medium":false,"medium_large":false,"large":false,"1536x1536":false,"2048x2048":false,"colormag-highlighted-post":false,"colormag-featured-post-medium":false,"colormag-featured-post-small":false,"colormag-featured-image":false,"colormag-default-news":false,"colormag-featured-image-large":false},"magazineBlocksPostAuthor":{"name":"maranhaotv","avatar":"https:\/\/secure.gravatar.com\/avatar\/8fadbca458d4cb68b1dd399ae9a40618d747bb1af65ac9fad21c89220a143eb4?s=96&d=mm&r=g"},"magazineBlocksPostCommentsNumber":"0","magazineBlocksPostExcerpt":"O Presidente da C\u00e2mara Municipal de Pa\u00e7o do Lumiar definitivamente perdeu a no\u00e7\u00e3o do bom senso, e, parece ter perdido","magazineBlocksPostCategories":["not\u00edcias"],"magazineBlocksPostViewCount":148,"magazineBlocksPostReadTime":2,"magazine_blocks_featured_image_url":{"full":false,"medium":false,"thumbnail":false},"magazine_blocks_author":{"display_name":"maranhaotv","author_link":"https:\/\/maranhaotv.com.br\/index.php\/author\/maranhaotv\/"},"magazine_blocks_comment":0,"magazine_blocks_author_image":"https:\/\/secure.gravatar.com\/avatar\/8fadbca458d4cb68b1dd399ae9a40618d747bb1af65ac9fad21c89220a143eb4?s=96&d=mm&r=g","magazine_blocks_category":"<a href=\"#\" class=\"category-link category-link-2\">not\u00edcias<\/a>","yoast_head":"<!-- This site is optimized with the Yoast SEO plugin v27.4 - https:\/\/yoast.com\/product\/yoast-seo-wordpress\/ -->\n<title>Pa\u00e7o do Lumiar: Fernando Muniz quer contratar empresa de &quot;consultoria em administra\u00e7\u00e3o&quot; - NOT\u00cdCIAS EM TEMPO REAL<\/title>\n<meta name=\"robots\" content=\"index, follow, max-snippet:-1, max-image-preview:large, max-video-preview:-1\" \/>\n<link rel=\"canonical\" href=\"https:\/\/maranhaotv.com.br\/index.php\/2020\/05\/27\/paco-do-lumiar-fernando-muniz-quer-contratar-empresa-de-consultoria-em-administracao\/\" \/>\n<meta property=\"og:locale\" content=\"pt_BR\" \/>\n<meta property=\"og:type\" content=\"article\" \/>\n<meta property=\"og:title\" content=\"Pa\u00e7o do Lumiar: Fernando Muniz quer contratar empresa de &quot;consultoria em administra\u00e7\u00e3o&quot; - NOT\u00cdCIAS EM TEMPO REAL\" \/>\n<meta property=\"og:description\" content=\"O Presidente da C\u00e2mara Municipal de Pa\u00e7o do Lumiar definitivamente perdeu a no\u00e7\u00e3o do bom senso, e, parece ter perdido\" \/>\n<meta property=\"og:url\" content=\"https:\/\/maranhaotv.com.br\/index.php\/2020\/05\/27\/paco-do-lumiar-fernando-muniz-quer-contratar-empresa-de-consultoria-em-administracao\/\" \/>\n<meta property=\"og:site_name\" content=\"NOT\u00cdCIAS EM TEMPO REAL\" \/>\n<meta property=\"article:publisher\" content=\"https:\/\/www.facebook.com\/maiobaotv\" \/>\n<meta property=\"article:published_time\" content=\"2020-05-27T12:12:40+00:00\" \/>\n<meta name=\"author\" content=\"maranhaotv\" \/>\n<meta name=\"twitter:card\" content=\"summary_large_image\" \/>\n<meta name=\"twitter:creator\" content=\"@sitemaranhaotv\" \/>\n<meta name=\"twitter:site\" content=\"@sitemaranhaotv\" \/>\n<meta name=\"twitter:label1\" content=\"Escrito por\" \/>\n\t<meta name=\"twitter:data1\" content=\"maranhaotv\" \/>\n\t<meta name=\"twitter:label2\" content=\"Est. tempo de leitura\" \/>\n\t<meta name=\"twitter:data2\" content=\"1 minuto\" \/>\n<script type=\"application\/ld+json\" class=\"yoast-schema-graph\">{\"@context\":\"https:\\\/\\\/schema.org\",\"@graph\":[{\"@type\":\"Article\",\"@id\":\"https:\\\/\\\/maranhaotv.com.br\\\/index.php\\\/2020\\\/05\\\/27\\\/paco-do-lumiar-fernando-muniz-quer-contratar-empresa-de-consultoria-em-administracao\\\/#article\",\"isPartOf\":{\"@id\":\"https:\\\/\\\/maranhaotv.com.br\\\/index.php\\\/2020\\\/05\\\/27\\\/paco-do-lumiar-fernando-muniz-quer-contratar-empresa-de-consultoria-em-administracao\\\/\"},\"author\":{\"name\":\"maranhaotv\",\"@id\":\"https:\\\/\\\/maranhaotv.com.br\\\/#\\\/schema\\\/person\\\/3d54238e86b20bb5c89ab2fdb8f8829a\"},\"headline\":\"Pa\u00e7o do Lumiar: Fernando Muniz quer contratar empresa de &#8220;consultoria em administra\u00e7\u00e3o&#8221;\",\"datePublished\":\"2020-05-27T12:12:40+00:00\",\"mainEntityOfPage\":{\"@id\":\"https:\\\/\\\/maranhaotv.com.br\\\/index.php\\\/2020\\\/05\\\/27\\\/paco-do-lumiar-fernando-muniz-quer-contratar-empresa-de-consultoria-em-administracao\\\/\"},\"wordCount\":240,\"commentCount\":0,\"publisher\":{\"@id\":\"https:\\\/\\\/maranhaotv.com.br\\\/#organization\"},\"image\":{\"@id\":\"https:\\\/\\\/maranhaotv.com.br\\\/index.php\\\/2020\\\/05\\\/27\\\/paco-do-lumiar-fernando-muniz-quer-contratar-empresa-de-consultoria-em-administracao\\\/#primaryimage\"},\"thumbnailUrl\":\"\",\"keywords\":[\"Fernando Muniz\",\"Pa\u00e7o do Lumiar\"],\"articleSection\":[\"not\u00edcias\"],\"inLanguage\":\"pt-BR\",\"potentialAction\":[{\"@type\":\"CommentAction\",\"name\":\"Comment\",\"target\":[\"https:\\\/\\\/maranhaotv.com.br\\\/index.php\\\/2020\\\/05\\\/27\\\/paco-do-lumiar-fernando-muniz-quer-contratar-empresa-de-consultoria-em-administracao\\\/#respond\"]}]},{\"@type\":\"WebPage\",\"@id\":\"https:\\\/\\\/maranhaotv.com.br\\\/index.php\\\/2020\\\/05\\\/27\\\/paco-do-lumiar-fernando-muniz-quer-contratar-empresa-de-consultoria-em-administracao\\\/\",\"url\":\"https:\\\/\\\/maranhaotv.com.br\\\/index.php\\\/2020\\\/05\\\/27\\\/paco-do-lumiar-fernando-muniz-quer-contratar-empresa-de-consultoria-em-administracao\\\/\",\"name\":\"Pa\u00e7o do Lumiar: Fernando Muniz quer contratar empresa de \\\"consultoria em administra\u00e7\u00e3o\\\" - NOT\u00cdCIAS EM TEMPO REAL\",\"isPartOf\":{\"@id\":\"https:\\\/\\\/maranhaotv.com.br\\\/#website\"},\"primaryImageOfPage\":{\"@id\":\"https:\\\/\\\/maranhaotv.com.br\\\/index.php\\\/2020\\\/05\\\/27\\\/paco-do-lumiar-fernando-muniz-quer-contratar-empresa-de-consultoria-em-administracao\\\/#primaryimage\"},\"image\":{\"@id\":\"https:\\\/\\\/maranhaotv.com.br\\\/index.php\\\/2020\\\/05\\\/27\\\/paco-do-lumiar-fernando-muniz-quer-contratar-empresa-de-consultoria-em-administracao\\\/#primaryimage\"},\"thumbnailUrl\":\"\",\"datePublished\":\"2020-05-27T12:12:40+00:00\",\"breadcrumb\":{\"@id\":\"https:\\\/\\\/maranhaotv.com.br\\\/index.php\\\/2020\\\/05\\\/27\\\/paco-do-lumiar-fernando-muniz-quer-contratar-empresa-de-consultoria-em-administracao\\\/#breadcrumb\"},\"inLanguage\":\"pt-BR\",\"potentialAction\":[{\"@type\":\"ReadAction\",\"target\":[\"https:\\\/\\\/maranhaotv.com.br\\\/index.php\\\/2020\\\/05\\\/27\\\/paco-do-lumiar-fernando-muniz-quer-contratar-empresa-de-consultoria-em-administracao\\\/\"]}]},{\"@type\":\"ImageObject\",\"inLanguage\":\"pt-BR\",\"@id\":\"https:\\\/\\\/maranhaotv.com.br\\\/index.php\\\/2020\\\/05\\\/27\\\/paco-do-lumiar-fernando-muniz-quer-contratar-empresa-de-consultoria-em-administracao\\\/#primaryimage\",\"url\":\"\",\"contentUrl\":\"\"},{\"@type\":\"BreadcrumbList\",\"@id\":\"https:\\\/\\\/maranhaotv.com.br\\\/index.php\\\/2020\\\/05\\\/27\\\/paco-do-lumiar-fernando-muniz-quer-contratar-empresa-de-consultoria-em-administracao\\\/#breadcrumb\",\"itemListElement\":[{\"@type\":\"ListItem\",\"position\":1,\"name\":\"In\u00edcio\",\"item\":\"https:\\\/\\\/maranhaotv.com.br\\\/\"},{\"@type\":\"ListItem\",\"position\":2,\"name\":\"Pa\u00e7o do Lumiar: Fernando Muniz quer contratar empresa de &#8220;consultoria em administra\u00e7\u00e3o&#8221;\"}]},{\"@type\":\"WebSite\",\"@id\":\"https:\\\/\\\/maranhaotv.com.br\\\/#website\",\"url\":\"https:\\\/\\\/maranhaotv.com.br\\\/\",\"name\":\"Maranh\u00e3oTV\",\"description\":\"\",\"publisher\":{\"@id\":\"https:\\\/\\\/maranhaotv.com.br\\\/#organization\"},\"potentialAction\":[{\"@type\":\"SearchAction\",\"target\":{\"@type\":\"EntryPoint\",\"urlTemplate\":\"https:\\\/\\\/maranhaotv.com.br\\\/?s={search_term_string}\"},\"query-input\":{\"@type\":\"PropertyValueSpecification\",\"valueRequired\":true,\"valueName\":\"search_term_string\"}}],\"inLanguage\":\"pt-BR\"},{\"@type\":\"Organization\",\"@id\":\"https:\\\/\\\/maranhaotv.com.br\\\/#organization\",\"name\":\"Portal de Not\u00edcias\",\"url\":\"https:\\\/\\\/maranhaotv.com.br\\\/\",\"logo\":{\"@type\":\"ImageObject\",\"inLanguage\":\"pt-BR\",\"@id\":\"https:\\\/\\\/maranhaotv.com.br\\\/#\\\/schema\\\/logo\\\/image\\\/\",\"url\":\"https:\\\/\\\/maranhaotv.com.br\\\/wp-content\\\/uploads\\\/2024\\\/05\\\/cropped-cropped-avatar-1.png\",\"contentUrl\":\"https:\\\/\\\/maranhaotv.com.br\\\/wp-content\\\/uploads\\\/2024\\\/05\\\/cropped-cropped-avatar-1.png\",\"width\":792,\"height\":428,\"caption\":\"Portal de Not\u00edcias\"},\"image\":{\"@id\":\"https:\\\/\\\/maranhaotv.com.br\\\/#\\\/schema\\\/logo\\\/image\\\/\"},\"sameAs\":[\"https:\\\/\\\/www.facebook.com\\\/maiobaotv\",\"https:\\\/\\\/x.com\\\/sitemaranhaotv\",\"https:\\\/\\\/www.instagram.com\\\/maranhao.tv\",\"https:\\\/\\\/www.threads.net\\\/@maranhao.tv\"]},{\"@type\":\"Person\",\"@id\":\"https:\\\/\\\/maranhaotv.com.br\\\/#\\\/schema\\\/person\\\/3d54238e86b20bb5c89ab2fdb8f8829a\",\"name\":\"maranhaotv\",\"image\":{\"@type\":\"ImageObject\",\"inLanguage\":\"pt-BR\",\"@id\":\"https:\\\/\\\/secure.gravatar.com\\\/avatar\\\/8fadbca458d4cb68b1dd399ae9a40618d747bb1af65ac9fad21c89220a143eb4?s=96&d=mm&r=g\",\"url\":\"https:\\\/\\\/secure.gravatar.com\\\/avatar\\\/8fadbca458d4cb68b1dd399ae9a40618d747bb1af65ac9fad21c89220a143eb4?s=96&d=mm&r=g\",\"contentUrl\":\"https:\\\/\\\/secure.gravatar.com\\\/avatar\\\/8fadbca458d4cb68b1dd399ae9a40618d747bb1af65ac9fad21c89220a143eb4?s=96&d=mm&r=g\",\"caption\":\"maranhaotv\"},\"sameAs\":[\"https:\\\/\\\/maranhaotv.com.br\\\/\"],\"url\":\"https:\\\/\\\/maranhaotv.com.br\\\/index.php\\\/author\\\/maranhaotv\\\/\"}]}<\/script>\n<!-- \/ Yoast SEO plugin. -->","yoast_head_json":{"title":"Pa\u00e7o do Lumiar: Fernando Muniz quer contratar empresa de \"consultoria em administra\u00e7\u00e3o\" - NOT\u00cdCIAS EM TEMPO REAL","robots":{"index":"index","follow":"follow","max-snippet":"max-snippet:-1","max-image-preview":"max-image-preview:large","max-video-preview":"max-video-preview:-1"},"canonical":"https:\/\/maranhaotv.com.br\/index.php\/2020\/05\/27\/paco-do-lumiar-fernando-muniz-quer-contratar-empresa-de-consultoria-em-administracao\/","og_locale":"pt_BR","og_type":"article","og_title":"Pa\u00e7o do Lumiar: Fernando Muniz quer contratar empresa de \"consultoria em administra\u00e7\u00e3o\" - NOT\u00cdCIAS EM TEMPO REAL","og_description":"O Presidente da C\u00e2mara Municipal de Pa\u00e7o do Lumiar definitivamente perdeu a no\u00e7\u00e3o do bom senso, e, parece ter perdido","og_url":"https:\/\/maranhaotv.com.br\/index.php\/2020\/05\/27\/paco-do-lumiar-fernando-muniz-quer-contratar-empresa-de-consultoria-em-administracao\/","og_site_name":"NOT\u00cdCIAS EM TEMPO REAL","article_publisher":"https:\/\/www.facebook.com\/maiobaotv","article_published_time":"2020-05-27T12:12:40+00:00","author":"maranhaotv","twitter_card":"summary_large_image","twitter_creator":"@sitemaranhaotv","twitter_site":"@sitemaranhaotv","twitter_misc":{"Escrito por":"maranhaotv","Est. tempo de leitura":"1 minuto"},"schema":{"@context":"https:\/\/schema.org","@graph":[{"@type":"Article","@id":"https:\/\/maranhaotv.com.br\/index.php\/2020\/05\/27\/paco-do-lumiar-fernando-muniz-quer-contratar-empresa-de-consultoria-em-administracao\/#article","isPartOf":{"@id":"https:\/\/maranhaotv.com.br\/index.php\/2020\/05\/27\/paco-do-lumiar-fernando-muniz-quer-contratar-empresa-de-consultoria-em-administracao\/"},"author":{"name":"maranhaotv","@id":"https:\/\/maranhaotv.com.br\/#\/schema\/person\/3d54238e86b20bb5c89ab2fdb8f8829a"},"headline":"Pa\u00e7o do Lumiar: Fernando Muniz quer contratar empresa de &#8220;consultoria em administra\u00e7\u00e3o&#8221;","datePublished":"2020-05-27T12:12:40+00:00","mainEntityOfPage":{"@id":"https:\/\/maranhaotv.com.br\/index.php\/2020\/05\/27\/paco-do-lumiar-fernando-muniz-quer-contratar-empresa-de-consultoria-em-administracao\/"},"wordCount":240,"commentCount":0,"publisher":{"@id":"https:\/\/maranhaotv.com.br\/#organization"},"image":{"@id":"https:\/\/maranhaotv.com.br\/index.php\/2020\/05\/27\/paco-do-lumiar-fernando-muniz-quer-contratar-empresa-de-consultoria-em-administracao\/#primaryimage"},"thumbnailUrl":"","keywords":["Fernando Muniz","Pa\u00e7o do Lumiar"],"articleSection":["not\u00edcias"],"inLanguage":"pt-BR","potentialAction":[{"@type":"CommentAction","name":"Comment","target":["https:\/\/maranhaotv.com.br\/index.php\/2020\/05\/27\/paco-do-lumiar-fernando-muniz-quer-contratar-empresa-de-consultoria-em-administracao\/#respond"]}]},{"@type":"WebPage","@id":"https:\/\/maranhaotv.com.br\/index.php\/2020\/05\/27\/paco-do-lumiar-fernando-muniz-quer-contratar-empresa-de-consultoria-em-administracao\/","url":"https:\/\/maranhaotv.com.br\/index.php\/2020\/05\/27\/paco-do-lumiar-fernando-muniz-quer-contratar-empresa-de-consultoria-em-administracao\/","name":"Pa\u00e7o do Lumiar: Fernando Muniz quer contratar empresa de \"consultoria em administra\u00e7\u00e3o\" - NOT\u00cdCIAS EM TEMPO REAL","isPartOf":{"@id":"https:\/\/maranhaotv.com.br\/#website"},"primaryImageOfPage":{"@id":"https:\/\/maranhaotv.com.br\/index.php\/2020\/05\/27\/paco-do-lumiar-fernando-muniz-quer-contratar-empresa-de-consultoria-em-administracao\/#primaryimage"},"image":{"@id":"https:\/\/maranhaotv.com.br\/index.php\/2020\/05\/27\/paco-do-lumiar-fernando-muniz-quer-contratar-empresa-de-consultoria-em-administracao\/#primaryimage"},"thumbnailUrl":"","datePublished":"2020-05-27T12:12:40+00:00","breadcrumb":{"@id":"https:\/\/maranhaotv.com.br\/index.php\/2020\/05\/27\/paco-do-lumiar-fernando-muniz-quer-contratar-empresa-de-consultoria-em-administracao\/#breadcrumb"},"inLanguage":"pt-BR","potentialAction":[{"@type":"ReadAction","target":["https:\/\/maranhaotv.com.br\/index.php\/2020\/05\/27\/paco-do-lumiar-fernando-muniz-quer-contratar-empresa-de-consultoria-em-administracao\/"]}]},{"@type":"ImageObject","inLanguage":"pt-BR","@id":"https:\/\/maranhaotv.com.br\/index.php\/2020\/05\/27\/paco-do-lumiar-fernando-muniz-quer-contratar-empresa-de-consultoria-em-administracao\/#primaryimage","url":"","contentUrl":""},{"@type":"BreadcrumbList","@id":"https:\/\/maranhaotv.com.br\/index.php\/2020\/05\/27\/paco-do-lumiar-fernando-muniz-quer-contratar-empresa-de-consultoria-em-administracao\/#breadcrumb","itemListElement":[{"@type":"ListItem","position":1,"name":"In\u00edcio","item":"https:\/\/maranhaotv.com.br\/"},{"@type":"ListItem","position":2,"name":"Pa\u00e7o do Lumiar: Fernando Muniz quer contratar empresa de &#8220;consultoria em administra\u00e7\u00e3o&#8221;"}]},{"@type":"WebSite","@id":"https:\/\/maranhaotv.com.br\/#website","url":"https:\/\/maranhaotv.com.br\/","name":"Maranh\u00e3oTV","description":"","publisher":{"@id":"https:\/\/maranhaotv.com.br\/#organization"},"potentialAction":[{"@type":"SearchAction","target":{"@type":"EntryPoint","urlTemplate":"https:\/\/maranhaotv.com.br\/?s={search_term_string}"},"query-input":{"@type":"PropertyValueSpecification","valueRequired":true,"valueName":"search_term_string"}}],"inLanguage":"pt-BR"},{"@type":"Organization","@id":"https:\/\/maranhaotv.com.br\/#organization","name":"Portal de Not\u00edcias","url":"https:\/\/maranhaotv.com.br\/","logo":{"@type":"ImageObject","inLanguage":"pt-BR","@id":"https:\/\/maranhaotv.com.br\/#\/schema\/logo\/image\/","url":"https:\/\/maranhaotv.com.br\/wp-content\/uploads\/2024\/05\/cropped-cropped-avatar-1.png","contentUrl":"https:\/\/maranhaotv.com.br\/wp-content\/uploads\/2024\/05\/cropped-cropped-avatar-1.png","width":792,"height":428,"caption":"Portal de Not\u00edcias"},"image":{"@id":"https:\/\/maranhaotv.com.br\/#\/schema\/logo\/image\/"},"sameAs":["https:\/\/www.facebook.com\/maiobaotv","https:\/\/x.com\/sitemaranhaotv","https:\/\/www.instagram.com\/maranhao.tv","https:\/\/www.threads.net\/@maranhao.tv"]},{"@type":"Person","@id":"https:\/\/maranhaotv.com.br\/#\/schema\/person\/3d54238e86b20bb5c89ab2fdb8f8829a","name":"maranhaotv","image":{"@type":"ImageObject","inLanguage":"pt-BR","@id":"https:\/\/secure.gravatar.com\/avatar\/8fadbca458d4cb68b1dd399ae9a40618d747bb1af65ac9fad21c89220a143eb4?s=96&d=mm&r=g","url":"https:\/\/secure.gravatar.com\/avatar\/8fadbca458d4cb68b1dd399ae9a40618d747bb1af65ac9fad21c89220a143eb4?s=96&d=mm&r=g","contentUrl":"https:\/\/secure.gravatar.com\/avatar\/8fadbca458d4cb68b1dd399ae9a40618d747bb1af65ac9fad21c89220a143eb4?s=96&d=mm&r=g","caption":"maranhaotv"},"sameAs":["https:\/\/maranhaotv.com.br\/"],"url":"https:\/\/maranhaotv.com.br\/index.php\/author\/maranhaotv\/"}]}},"jetpack_featured_media_url":"","jetpack_sharing_enabled":true,"_links":{"self":[{"href":"https:\/\/maranhaotv.com.br\/index.php\/wp-json\/wp\/v2\/posts\/12120","targetHints":{"allow":["GET"]}}],"collection":[{"href":"https:\/\/maranhaotv.com.br\/index.php\/wp-json\/wp\/v2\/posts"}],"about":[{"href":"https:\/\/maranhaotv.com.br\/index.php\/wp-json\/wp\/v2\/types\/post"}],"author":[{"embeddable":true,"href":"https:\/\/maranhaotv.com.br\/index.php\/wp-json\/wp\/v2\/users\/2"}],"replies":[{"embeddable":true,"href":"https:\/\/maranhaotv.com.br\/index.php\/wp-json\/wp\/v2\/comments?post=12120"}],"version-history":[{"count":0,"href":"https:\/\/maranhaotv.com.br\/index.php\/wp-json\/wp\/v2\/posts\/12120\/revisions"}],"wp:featuredmedia":[{"embeddable":true,"href":"https:\/\/maranhaotv.com.br\/index.php\/wp-json\/"}],"wp:attachment":[{"href":"https:\/\/maranhaotv.com.br\/index.php\/wp-json\/wp\/v2\/media?parent=12120"}],"wp:term":[{"taxonomy":"category","embeddable":true,"href":"https:\/\/maranhaotv.com.br\/index.php\/wp-json\/wp\/v2\/categories?post=12120"},{"taxonomy":"post_tag","embeddable":true,"href":"https:\/\/maranhaotv.com.br\/index.php\/wp-json\/wp\/v2\/tags?post=12120"}],"curies":[{"name":"wp","href":"https:\/\/api.w.org\/{rel}","templated":true}]}}