{"id":12124,"date":"2020-05-27T12:59:52","date_gmt":"2020-05-27T15:59:52","guid":{"rendered":"https:\/\/maiobaotv.com.br\/?p=12124"},"modified":"2020-05-27T12:59:52","modified_gmt":"2020-05-27T15:59:52","slug":"wellington-do-curso-realiza-segunda-visita-oficial-de-inspecao-a-hospitais-publicos-e-upas-do-maranhao","status":"publish","type":"post","link":"https:\/\/maranhaotv.com.br\/index.php\/2020\/05\/27\/wellington-do-curso-realiza-segunda-visita-oficial-de-inspecao-a-hospitais-publicos-e-upas-do-maranhao\/","title":{"rendered":"Wellington do Curso realiza segunda visita oficial de inspe\u00e7\u00e3o a hospitais p\u00fablicos e UPA\u2019s do Maranh\u00e3o"},"content":{"rendered":"<p>Por meio de uma Comiss\u00e3o T\u00e9cnica, o deputado estadual Wellington do Curso realizou a segunda visita oficial de inspe\u00e7\u00e3o e fiscaliza\u00e7\u00e3o a hospitais, UPA\u2019s e Postos de Sa\u00fade no Maranh\u00e3o. A fiscalizac\u0327a\u0303o foi de iniciativa da Defensoria P\u00fablica de S\u00e3o Jos\u00e9 de Ribamar e coordenada pelo defensor Eviton Rocha, contando com a participac\u0327\u00e3o da Dra Christiane e Juliana, ambas do COREN; da fisioterapeuta Bruna Lima e da senhora Rosemeire, da Vigila\u0302ncia Sanita\u0301ria.\u202c<\/p>\n<p>Para o deputado Wellington, visitas como essa ressaltam a import\u00e2ncia de sempre se fiscalizar a presta\u00e7\u00e3o de servi\u00e7o p\u00fablico, identificar os problemas e apresentar solu\u00e7\u00f5es.<\/p>\n<p>\u201cEstivemos no Hospital e Maternidade Municipal de Sa\u0303o Jose\u0301 Ribamar, UBS (Sarney Filho II, J. Lima e Recanto Verde), na Regia\u0303o Metropolitana de Sa\u0303o Lui\u0301s. Agradec\u0327o a todos os me\u0301dicos, psic\u00f3logos, fisioterapeutas, enfermeiros, te\u0301cnicos de enfermagem e outros profissionais da sau\u0301de, tais como a\u0301rea administrativa e manutenc\u0327a\u0303o, pela forma como nos receberam. Essa \u00e9 mais uma importante visita de inspe\u00e7\u00e3o em que todas as ana\u0301lises sobre atendimento, testes, medicamentos, leitos, respiradores, UTIs, e outros itens sera\u0303o formalizadas por meio de um relat\u00f3rio que ser\u00e1 produzido e apresentado em at\u00e9 15 dias pela Assembleia Legislativa, Defensoria Pu\u0301blica e COREN. Nosso objetivo e\u0301 fazer com que o atendimento melhore cada vez mais. Como deputado estadual, e\u0301 nossa atribuic\u0327a\u0303o fiscalizar, identificar as falhas, irregularidades e apresentar as solu\u00e7\u00f5es para os problemas. Por aqui, seguimos firmes em defesa de quem mais precisa de uma sa\u00fade p\u00fablica de qualidade\u201d, disse o deputado Wellington.<\/p>\n<p><img loading=\"lazy\" decoding=\"async\" src=\"https:\/\/maiobaotv.com.br\/wp-content\/uploads\/2020\/05\/img-20200527-wa01348177807216371432127.jpg\" class=\"wp-image-12123 alignnone size-full\" width=\"1280\" height=\"853\"><\/p>\n<p><img loading=\"lazy\" decoding=\"async\" src=\"https:\/\/maiobaotv.com.br\/wp-content\/uploads\/2020\/05\/img-20200527-wa01335845916462537921306.jpg\" class=\"wp-image-12122 alignnone size-full\" width=\"1280\" height=\"853\"><\/p>\n","protected":false},"excerpt":{"rendered":"<p>Por meio de uma Comiss\u00e3o T\u00e9cnica, o deputado estadual Wellington do Curso realizou a segunda visita oficial de inspe\u00e7\u00e3o e<\/p>\n","protected":false},"author":2,"featured_media":12125,"comment_status":"open","ping_status":"open","sticky":false,"template":"","format":"standard","meta":{"colormag_page_container_layout":"default_layout","colormag_page_sidebar_layout":"default_layout","_jetpack_memberships_contains_paid_content":false,"footnotes":""},"categories":[2,6],"tags":[],"class_list":["post-12124","post","type-post","status-publish","format-standard","has-post-thumbnail","hentry","category-noticias","category-politica"],"magazineBlocksPostFeaturedMedia":{"thumbnail":false,"medium":false,"medium_large":false,"large":false,"1536x1536":false,"2048x2048":false,"colormag-highlighted-post":false,"colormag-featured-post-medium":false,"colormag-featured-post-small":false,"colormag-featured-image":false,"colormag-default-news":false,"colormag-featured-image-large":false},"magazineBlocksPostAuthor":{"name":"maranhaotv","avatar":"https:\/\/secure.gravatar.com\/avatar\/8fadbca458d4cb68b1dd399ae9a40618d747bb1af65ac9fad21c89220a143eb4?s=96&d=mm&r=g"},"magazineBlocksPostCommentsNumber":"0","magazineBlocksPostExcerpt":"Por meio de uma Comiss\u00e3o T\u00e9cnica, o deputado estadual Wellington do Curso realizou a segunda visita oficial de inspe\u00e7\u00e3o e","magazineBlocksPostCategories":["not\u00edcias","pol\u00edtica"],"magazineBlocksPostViewCount":213,"magazineBlocksPostReadTime":2,"magazine_blocks_featured_image_url":{"full":false,"medium":false,"thumbnail":false},"magazine_blocks_author":{"display_name":"maranhaotv","author_link":"https:\/\/maranhaotv.com.br\/index.php\/author\/maranhaotv\/"},"magazine_blocks_comment":0,"magazine_blocks_author_image":"https:\/\/secure.gravatar.com\/avatar\/8fadbca458d4cb68b1dd399ae9a40618d747bb1af65ac9fad21c89220a143eb4?s=96&d=mm&r=g","magazine_blocks_category":"<a href=\"#\" class=\"category-link category-link-2\">not\u00edcias<\/a> <a href=\"#\" class=\"category-link category-link-6\">pol\u00edtica<\/a>","yoast_head":"<!-- This site is optimized with the Yoast SEO plugin v27.4 - https:\/\/yoast.com\/product\/yoast-seo-wordpress\/ -->\n<title>Wellington do Curso realiza segunda visita oficial de inspe\u00e7\u00e3o a hospitais p\u00fablicos e UPA\u2019s do Maranh\u00e3o - NOT\u00cdCIAS EM TEMPO REAL<\/title>\n<meta name=\"robots\" content=\"index, follow, max-snippet:-1, max-image-preview:large, max-video-preview:-1\" \/>\n<link rel=\"canonical\" href=\"https:\/\/maranhaotv.com.br\/index.php\/2020\/05\/27\/wellington-do-curso-realiza-segunda-visita-oficial-de-inspecao-a-hospitais-publicos-e-upas-do-maranhao\/\" \/>\n<meta property=\"og:locale\" content=\"pt_BR\" \/>\n<meta property=\"og:type\" content=\"article\" \/>\n<meta property=\"og:title\" content=\"Wellington do Curso realiza segunda visita oficial de inspe\u00e7\u00e3o a hospitais p\u00fablicos e UPA\u2019s do Maranh\u00e3o - NOT\u00cdCIAS EM TEMPO REAL\" \/>\n<meta property=\"og:description\" content=\"Por meio de uma Comiss\u00e3o T\u00e9cnica, o deputado estadual Wellington do Curso realizou a segunda visita oficial de inspe\u00e7\u00e3o e\" \/>\n<meta property=\"og:url\" content=\"https:\/\/maranhaotv.com.br\/index.php\/2020\/05\/27\/wellington-do-curso-realiza-segunda-visita-oficial-de-inspecao-a-hospitais-publicos-e-upas-do-maranhao\/\" \/>\n<meta property=\"og:site_name\" content=\"NOT\u00cdCIAS EM TEMPO REAL\" \/>\n<meta property=\"article:publisher\" content=\"https:\/\/www.facebook.com\/maiobaotv\" \/>\n<meta property=\"article:published_time\" content=\"2020-05-27T15:59:52+00:00\" \/>\n<meta name=\"author\" content=\"maranhaotv\" \/>\n<meta name=\"twitter:card\" content=\"summary_large_image\" \/>\n<meta name=\"twitter:creator\" content=\"@sitemaranhaotv\" \/>\n<meta name=\"twitter:site\" content=\"@sitemaranhaotv\" \/>\n<meta name=\"twitter:label1\" content=\"Escrito por\" \/>\n\t<meta name=\"twitter:data1\" content=\"maranhaotv\" \/>\n\t<meta name=\"twitter:label2\" content=\"Est. tempo de leitura\" \/>\n\t<meta name=\"twitter:data2\" content=\"1 minuto\" \/>\n<script type=\"application\/ld+json\" class=\"yoast-schema-graph\">{\"@context\":\"https:\\\/\\\/schema.org\",\"@graph\":[{\"@type\":\"Article\",\"@id\":\"https:\\\/\\\/maranhaotv.com.br\\\/index.php\\\/2020\\\/05\\\/27\\\/wellington-do-curso-realiza-segunda-visita-oficial-de-inspecao-a-hospitais-publicos-e-upas-do-maranhao\\\/#article\",\"isPartOf\":{\"@id\":\"https:\\\/\\\/maranhaotv.com.br\\\/index.php\\\/2020\\\/05\\\/27\\\/wellington-do-curso-realiza-segunda-visita-oficial-de-inspecao-a-hospitais-publicos-e-upas-do-maranhao\\\/\"},\"author\":{\"name\":\"maranhaotv\",\"@id\":\"https:\\\/\\\/maranhaotv.com.br\\\/#\\\/schema\\\/person\\\/3d54238e86b20bb5c89ab2fdb8f8829a\"},\"headline\":\"Wellington do Curso realiza segunda visita oficial de inspe\u00e7\u00e3o a hospitais p\u00fablicos e UPA\u2019s do Maranh\u00e3o\",\"datePublished\":\"2020-05-27T15:59:52+00:00\",\"mainEntityOfPage\":{\"@id\":\"https:\\\/\\\/maranhaotv.com.br\\\/index.php\\\/2020\\\/05\\\/27\\\/wellington-do-curso-realiza-segunda-visita-oficial-de-inspecao-a-hospitais-publicos-e-upas-do-maranhao\\\/\"},\"wordCount\":304,\"commentCount\":0,\"publisher\":{\"@id\":\"https:\\\/\\\/maranhaotv.com.br\\\/#organization\"},\"image\":{\"@id\":\"https:\\\/\\\/maranhaotv.com.br\\\/index.php\\\/2020\\\/05\\\/27\\\/wellington-do-curso-realiza-segunda-visita-oficial-de-inspecao-a-hospitais-publicos-e-upas-do-maranhao\\\/#primaryimage\"},\"thumbnailUrl\":\"\",\"articleSection\":[\"not\u00edcias\",\"pol\u00edtica\"],\"inLanguage\":\"pt-BR\",\"potentialAction\":[{\"@type\":\"CommentAction\",\"name\":\"Comment\",\"target\":[\"https:\\\/\\\/maranhaotv.com.br\\\/index.php\\\/2020\\\/05\\\/27\\\/wellington-do-curso-realiza-segunda-visita-oficial-de-inspecao-a-hospitais-publicos-e-upas-do-maranhao\\\/#respond\"]}]},{\"@type\":\"WebPage\",\"@id\":\"https:\\\/\\\/maranhaotv.com.br\\\/index.php\\\/2020\\\/05\\\/27\\\/wellington-do-curso-realiza-segunda-visita-oficial-de-inspecao-a-hospitais-publicos-e-upas-do-maranhao\\\/\",\"url\":\"https:\\\/\\\/maranhaotv.com.br\\\/index.php\\\/2020\\\/05\\\/27\\\/wellington-do-curso-realiza-segunda-visita-oficial-de-inspecao-a-hospitais-publicos-e-upas-do-maranhao\\\/\",\"name\":\"Wellington do Curso realiza segunda visita oficial de inspe\u00e7\u00e3o a hospitais p\u00fablicos e UPA\u2019s do Maranh\u00e3o - NOT\u00cdCIAS EM TEMPO REAL\",\"isPartOf\":{\"@id\":\"https:\\\/\\\/maranhaotv.com.br\\\/#website\"},\"primaryImageOfPage\":{\"@id\":\"https:\\\/\\\/maranhaotv.com.br\\\/index.php\\\/2020\\\/05\\\/27\\\/wellington-do-curso-realiza-segunda-visita-oficial-de-inspecao-a-hospitais-publicos-e-upas-do-maranhao\\\/#primaryimage\"},\"image\":{\"@id\":\"https:\\\/\\\/maranhaotv.com.br\\\/index.php\\\/2020\\\/05\\\/27\\\/wellington-do-curso-realiza-segunda-visita-oficial-de-inspecao-a-hospitais-publicos-e-upas-do-maranhao\\\/#primaryimage\"},\"thumbnailUrl\":\"\",\"datePublished\":\"2020-05-27T15:59:52+00:00\",\"breadcrumb\":{\"@id\":\"https:\\\/\\\/maranhaotv.com.br\\\/index.php\\\/2020\\\/05\\\/27\\\/wellington-do-curso-realiza-segunda-visita-oficial-de-inspecao-a-hospitais-publicos-e-upas-do-maranhao\\\/#breadcrumb\"},\"inLanguage\":\"pt-BR\",\"potentialAction\":[{\"@type\":\"ReadAction\",\"target\":[\"https:\\\/\\\/maranhaotv.com.br\\\/index.php\\\/2020\\\/05\\\/27\\\/wellington-do-curso-realiza-segunda-visita-oficial-de-inspecao-a-hospitais-publicos-e-upas-do-maranhao\\\/\"]}]},{\"@type\":\"ImageObject\",\"inLanguage\":\"pt-BR\",\"@id\":\"https:\\\/\\\/maranhaotv.com.br\\\/index.php\\\/2020\\\/05\\\/27\\\/wellington-do-curso-realiza-segunda-visita-oficial-de-inspecao-a-hospitais-publicos-e-upas-do-maranhao\\\/#primaryimage\",\"url\":\"\",\"contentUrl\":\"\"},{\"@type\":\"BreadcrumbList\",\"@id\":\"https:\\\/\\\/maranhaotv.com.br\\\/index.php\\\/2020\\\/05\\\/27\\\/wellington-do-curso-realiza-segunda-visita-oficial-de-inspecao-a-hospitais-publicos-e-upas-do-maranhao\\\/#breadcrumb\",\"itemListElement\":[{\"@type\":\"ListItem\",\"position\":1,\"name\":\"In\u00edcio\",\"item\":\"https:\\\/\\\/maranhaotv.com.br\\\/\"},{\"@type\":\"ListItem\",\"position\":2,\"name\":\"Wellington do Curso realiza segunda visita oficial de inspe\u00e7\u00e3o a hospitais p\u00fablicos e UPA\u2019s do Maranh\u00e3o\"}]},{\"@type\":\"WebSite\",\"@id\":\"https:\\\/\\\/maranhaotv.com.br\\\/#website\",\"url\":\"https:\\\/\\\/maranhaotv.com.br\\\/\",\"name\":\"Maranh\u00e3oTV\",\"description\":\"\",\"publisher\":{\"@id\":\"https:\\\/\\\/maranhaotv.com.br\\\/#organization\"},\"potentialAction\":[{\"@type\":\"SearchAction\",\"target\":{\"@type\":\"EntryPoint\",\"urlTemplate\":\"https:\\\/\\\/maranhaotv.com.br\\\/?s={search_term_string}\"},\"query-input\":{\"@type\":\"PropertyValueSpecification\",\"valueRequired\":true,\"valueName\":\"search_term_string\"}}],\"inLanguage\":\"pt-BR\"},{\"@type\":\"Organization\",\"@id\":\"https:\\\/\\\/maranhaotv.com.br\\\/#organization\",\"name\":\"Portal de Not\u00edcias\",\"url\":\"https:\\\/\\\/maranhaotv.com.br\\\/\",\"logo\":{\"@type\":\"ImageObject\",\"inLanguage\":\"pt-BR\",\"@id\":\"https:\\\/\\\/maranhaotv.com.br\\\/#\\\/schema\\\/logo\\\/image\\\/\",\"url\":\"https:\\\/\\\/maranhaotv.com.br\\\/wp-content\\\/uploads\\\/2024\\\/05\\\/cropped-cropped-avatar-1.png\",\"contentUrl\":\"https:\\\/\\\/maranhaotv.com.br\\\/wp-content\\\/uploads\\\/2024\\\/05\\\/cropped-cropped-avatar-1.png\",\"width\":792,\"height\":428,\"caption\":\"Portal de Not\u00edcias\"},\"image\":{\"@id\":\"https:\\\/\\\/maranhaotv.com.br\\\/#\\\/schema\\\/logo\\\/image\\\/\"},\"sameAs\":[\"https:\\\/\\\/www.facebook.com\\\/maiobaotv\",\"https:\\\/\\\/x.com\\\/sitemaranhaotv\",\"https:\\\/\\\/www.instagram.com\\\/maranhao.tv\",\"https:\\\/\\\/www.threads.net\\\/@maranhao.tv\"]},{\"@type\":\"Person\",\"@id\":\"https:\\\/\\\/maranhaotv.com.br\\\/#\\\/schema\\\/person\\\/3d54238e86b20bb5c89ab2fdb8f8829a\",\"name\":\"maranhaotv\",\"image\":{\"@type\":\"ImageObject\",\"inLanguage\":\"pt-BR\",\"@id\":\"https:\\\/\\\/secure.gravatar.com\\\/avatar\\\/8fadbca458d4cb68b1dd399ae9a40618d747bb1af65ac9fad21c89220a143eb4?s=96&d=mm&r=g\",\"url\":\"https:\\\/\\\/secure.gravatar.com\\\/avatar\\\/8fadbca458d4cb68b1dd399ae9a40618d747bb1af65ac9fad21c89220a143eb4?s=96&d=mm&r=g\",\"contentUrl\":\"https:\\\/\\\/secure.gravatar.com\\\/avatar\\\/8fadbca458d4cb68b1dd399ae9a40618d747bb1af65ac9fad21c89220a143eb4?s=96&d=mm&r=g\",\"caption\":\"maranhaotv\"},\"sameAs\":[\"https:\\\/\\\/maranhaotv.com.br\\\/\"],\"url\":\"https:\\\/\\\/maranhaotv.com.br\\\/index.php\\\/author\\\/maranhaotv\\\/\"}]}<\/script>\n<!-- \/ Yoast SEO plugin. -->","yoast_head_json":{"title":"Wellington do Curso realiza segunda visita oficial de inspe\u00e7\u00e3o a hospitais p\u00fablicos e UPA\u2019s do Maranh\u00e3o - NOT\u00cdCIAS EM TEMPO REAL","robots":{"index":"index","follow":"follow","max-snippet":"max-snippet:-1","max-image-preview":"max-image-preview:large","max-video-preview":"max-video-preview:-1"},"canonical":"https:\/\/maranhaotv.com.br\/index.php\/2020\/05\/27\/wellington-do-curso-realiza-segunda-visita-oficial-de-inspecao-a-hospitais-publicos-e-upas-do-maranhao\/","og_locale":"pt_BR","og_type":"article","og_title":"Wellington do Curso realiza segunda visita oficial de inspe\u00e7\u00e3o a hospitais p\u00fablicos e UPA\u2019s do Maranh\u00e3o - NOT\u00cdCIAS EM TEMPO REAL","og_description":"Por meio de uma Comiss\u00e3o T\u00e9cnica, o deputado estadual Wellington do Curso realizou a segunda visita oficial de inspe\u00e7\u00e3o e","og_url":"https:\/\/maranhaotv.com.br\/index.php\/2020\/05\/27\/wellington-do-curso-realiza-segunda-visita-oficial-de-inspecao-a-hospitais-publicos-e-upas-do-maranhao\/","og_site_name":"NOT\u00cdCIAS EM TEMPO REAL","article_publisher":"https:\/\/www.facebook.com\/maiobaotv","article_published_time":"2020-05-27T15:59:52+00:00","author":"maranhaotv","twitter_card":"summary_large_image","twitter_creator":"@sitemaranhaotv","twitter_site":"@sitemaranhaotv","twitter_misc":{"Escrito por":"maranhaotv","Est. tempo de leitura":"1 minuto"},"schema":{"@context":"https:\/\/schema.org","@graph":[{"@type":"Article","@id":"https:\/\/maranhaotv.com.br\/index.php\/2020\/05\/27\/wellington-do-curso-realiza-segunda-visita-oficial-de-inspecao-a-hospitais-publicos-e-upas-do-maranhao\/#article","isPartOf":{"@id":"https:\/\/maranhaotv.com.br\/index.php\/2020\/05\/27\/wellington-do-curso-realiza-segunda-visita-oficial-de-inspecao-a-hospitais-publicos-e-upas-do-maranhao\/"},"author":{"name":"maranhaotv","@id":"https:\/\/maranhaotv.com.br\/#\/schema\/person\/3d54238e86b20bb5c89ab2fdb8f8829a"},"headline":"Wellington do Curso realiza segunda visita oficial de inspe\u00e7\u00e3o a hospitais p\u00fablicos e UPA\u2019s do Maranh\u00e3o","datePublished":"2020-05-27T15:59:52+00:00","mainEntityOfPage":{"@id":"https:\/\/maranhaotv.com.br\/index.php\/2020\/05\/27\/wellington-do-curso-realiza-segunda-visita-oficial-de-inspecao-a-hospitais-publicos-e-upas-do-maranhao\/"},"wordCount":304,"commentCount":0,"publisher":{"@id":"https:\/\/maranhaotv.com.br\/#organization"},"image":{"@id":"https:\/\/maranhaotv.com.br\/index.php\/2020\/05\/27\/wellington-do-curso-realiza-segunda-visita-oficial-de-inspecao-a-hospitais-publicos-e-upas-do-maranhao\/#primaryimage"},"thumbnailUrl":"","articleSection":["not\u00edcias","pol\u00edtica"],"inLanguage":"pt-BR","potentialAction":[{"@type":"CommentAction","name":"Comment","target":["https:\/\/maranhaotv.com.br\/index.php\/2020\/05\/27\/wellington-do-curso-realiza-segunda-visita-oficial-de-inspecao-a-hospitais-publicos-e-upas-do-maranhao\/#respond"]}]},{"@type":"WebPage","@id":"https:\/\/maranhaotv.com.br\/index.php\/2020\/05\/27\/wellington-do-curso-realiza-segunda-visita-oficial-de-inspecao-a-hospitais-publicos-e-upas-do-maranhao\/","url":"https:\/\/maranhaotv.com.br\/index.php\/2020\/05\/27\/wellington-do-curso-realiza-segunda-visita-oficial-de-inspecao-a-hospitais-publicos-e-upas-do-maranhao\/","name":"Wellington do Curso realiza segunda visita oficial de inspe\u00e7\u00e3o a hospitais p\u00fablicos e UPA\u2019s do Maranh\u00e3o - NOT\u00cdCIAS EM TEMPO REAL","isPartOf":{"@id":"https:\/\/maranhaotv.com.br\/#website"},"primaryImageOfPage":{"@id":"https:\/\/maranhaotv.com.br\/index.php\/2020\/05\/27\/wellington-do-curso-realiza-segunda-visita-oficial-de-inspecao-a-hospitais-publicos-e-upas-do-maranhao\/#primaryimage"},"image":{"@id":"https:\/\/maranhaotv.com.br\/index.php\/2020\/05\/27\/wellington-do-curso-realiza-segunda-visita-oficial-de-inspecao-a-hospitais-publicos-e-upas-do-maranhao\/#primaryimage"},"thumbnailUrl":"","datePublished":"2020-05-27T15:59:52+00:00","breadcrumb":{"@id":"https:\/\/maranhaotv.com.br\/index.php\/2020\/05\/27\/wellington-do-curso-realiza-segunda-visita-oficial-de-inspecao-a-hospitais-publicos-e-upas-do-maranhao\/#breadcrumb"},"inLanguage":"pt-BR","potentialAction":[{"@type":"ReadAction","target":["https:\/\/maranhaotv.com.br\/index.php\/2020\/05\/27\/wellington-do-curso-realiza-segunda-visita-oficial-de-inspecao-a-hospitais-publicos-e-upas-do-maranhao\/"]}]},{"@type":"ImageObject","inLanguage":"pt-BR","@id":"https:\/\/maranhaotv.com.br\/index.php\/2020\/05\/27\/wellington-do-curso-realiza-segunda-visita-oficial-de-inspecao-a-hospitais-publicos-e-upas-do-maranhao\/#primaryimage","url":"","contentUrl":""},{"@type":"BreadcrumbList","@id":"https:\/\/maranhaotv.com.br\/index.php\/2020\/05\/27\/wellington-do-curso-realiza-segunda-visita-oficial-de-inspecao-a-hospitais-publicos-e-upas-do-maranhao\/#breadcrumb","itemListElement":[{"@type":"ListItem","position":1,"name":"In\u00edcio","item":"https:\/\/maranhaotv.com.br\/"},{"@type":"ListItem","position":2,"name":"Wellington do Curso realiza segunda visita oficial de inspe\u00e7\u00e3o a hospitais p\u00fablicos e UPA\u2019s do Maranh\u00e3o"}]},{"@type":"WebSite","@id":"https:\/\/maranhaotv.com.br\/#website","url":"https:\/\/maranhaotv.com.br\/","name":"Maranh\u00e3oTV","description":"","publisher":{"@id":"https:\/\/maranhaotv.com.br\/#organization"},"potentialAction":[{"@type":"SearchAction","target":{"@type":"EntryPoint","urlTemplate":"https:\/\/maranhaotv.com.br\/?s={search_term_string}"},"query-input":{"@type":"PropertyValueSpecification","valueRequired":true,"valueName":"search_term_string"}}],"inLanguage":"pt-BR"},{"@type":"Organization","@id":"https:\/\/maranhaotv.com.br\/#organization","name":"Portal de Not\u00edcias","url":"https:\/\/maranhaotv.com.br\/","logo":{"@type":"ImageObject","inLanguage":"pt-BR","@id":"https:\/\/maranhaotv.com.br\/#\/schema\/logo\/image\/","url":"https:\/\/maranhaotv.com.br\/wp-content\/uploads\/2024\/05\/cropped-cropped-avatar-1.png","contentUrl":"https:\/\/maranhaotv.com.br\/wp-content\/uploads\/2024\/05\/cropped-cropped-avatar-1.png","width":792,"height":428,"caption":"Portal de Not\u00edcias"},"image":{"@id":"https:\/\/maranhaotv.com.br\/#\/schema\/logo\/image\/"},"sameAs":["https:\/\/www.facebook.com\/maiobaotv","https:\/\/x.com\/sitemaranhaotv","https:\/\/www.instagram.com\/maranhao.tv","https:\/\/www.threads.net\/@maranhao.tv"]},{"@type":"Person","@id":"https:\/\/maranhaotv.com.br\/#\/schema\/person\/3d54238e86b20bb5c89ab2fdb8f8829a","name":"maranhaotv","image":{"@type":"ImageObject","inLanguage":"pt-BR","@id":"https:\/\/secure.gravatar.com\/avatar\/8fadbca458d4cb68b1dd399ae9a40618d747bb1af65ac9fad21c89220a143eb4?s=96&d=mm&r=g","url":"https:\/\/secure.gravatar.com\/avatar\/8fadbca458d4cb68b1dd399ae9a40618d747bb1af65ac9fad21c89220a143eb4?s=96&d=mm&r=g","contentUrl":"https:\/\/secure.gravatar.com\/avatar\/8fadbca458d4cb68b1dd399ae9a40618d747bb1af65ac9fad21c89220a143eb4?s=96&d=mm&r=g","caption":"maranhaotv"},"sameAs":["https:\/\/maranhaotv.com.br\/"],"url":"https:\/\/maranhaotv.com.br\/index.php\/author\/maranhaotv\/"}]}},"jetpack_featured_media_url":"","jetpack_sharing_enabled":true,"_links":{"self":[{"href":"https:\/\/maranhaotv.com.br\/index.php\/wp-json\/wp\/v2\/posts\/12124","targetHints":{"allow":["GET"]}}],"collection":[{"href":"https:\/\/maranhaotv.com.br\/index.php\/wp-json\/wp\/v2\/posts"}],"about":[{"href":"https:\/\/maranhaotv.com.br\/index.php\/wp-json\/wp\/v2\/types\/post"}],"author":[{"embeddable":true,"href":"https:\/\/maranhaotv.com.br\/index.php\/wp-json\/wp\/v2\/users\/2"}],"replies":[{"embeddable":true,"href":"https:\/\/maranhaotv.com.br\/index.php\/wp-json\/wp\/v2\/comments?post=12124"}],"version-history":[{"count":0,"href":"https:\/\/maranhaotv.com.br\/index.php\/wp-json\/wp\/v2\/posts\/12124\/revisions"}],"wp:featuredmedia":[{"embeddable":true,"href":"https:\/\/maranhaotv.com.br\/index.php\/wp-json\/"}],"wp:attachment":[{"href":"https:\/\/maranhaotv.com.br\/index.php\/wp-json\/wp\/v2\/media?parent=12124"}],"wp:term":[{"taxonomy":"category","embeddable":true,"href":"https:\/\/maranhaotv.com.br\/index.php\/wp-json\/wp\/v2\/categories?post=12124"},{"taxonomy":"post_tag","embeddable":true,"href":"https:\/\/maranhaotv.com.br\/index.php\/wp-json\/wp\/v2\/tags?post=12124"}],"curies":[{"name":"wp","href":"https:\/\/api.w.org\/{rel}","templated":true}]}}