{"id":12159,"date":"2020-05-28T10:26:07","date_gmt":"2020-05-28T13:26:07","guid":{"rendered":"https:\/\/maiobaotv.com.br\/?p=12159"},"modified":"2020-05-28T10:26:07","modified_gmt":"2020-05-28T13:26:07","slug":"beto-das-vilas-quer-amparo-ao-artista-ribamarense-em-periodo-de-quarentena","status":"publish","type":"post","link":"https:\/\/maranhaotv.com.br\/index.php\/2020\/05\/28\/beto-das-vilas-quer-amparo-ao-artista-ribamarense-em-periodo-de-quarentena\/","title":{"rendered":"Beto das Vilas quer amparo ao artista ribamarense em per\u00edodo de quarentena"},"content":{"rendered":"<p>O presidente da C\u00e2mara de S\u00e3o Jos\u00e9 de Ribamar, vereador Beto das Vilas (Republicanos), apresentou nesta quarta-feira (27), durante mais uma sess\u00e3o remota, Indica\u00e7\u00e3o para que o Poder Executivo crie mecanismos para que a classe art\u00edstica ribamarense possa ser assistida durante o per\u00edodo de Pandemia.O parlamentar destacou que durante esse per\u00edodo de crise causada pelo novo coronav\u00edrus, os artistas ribamarenses tiveram queda bruscas em suas rendas, uma vez que deixaram de trabalhar e ainda lembrou que este ano o munic\u00edpio n\u00e3o realizar\u00e1 o tradicional S\u00e3o Jo\u00e3o Ribamarense.\u201cA indica\u00e7\u00e3o desse Projeto Cultural beneficiar\u00e1 a classe artista ribamarense. \u00c9 uma medida emergencial que tem por objetivo, reduzir os efeitos negativos. Como n\u00e3o haver\u00e1 S\u00e3o Jo\u00e3o, o munic\u00edpio poder\u00e1 realizar um evento de forma diferente, levando cultura e alegria, atrav\u00e9s de transmiss\u00f5es aos vivo pelas redes sociais da Prefeitura.\u201d Destacou Beto das Vilas.A proposi\u00e7\u00e3o foi amplamente elogiada por todos os vereadores e encaminhada ao Poder Executivo para que providencie em car\u00e1ter de urg\u00eancia a execu\u00e7\u00e3o do projeto junto \u00e0 Secretaria Municipal de Turismo, Cultura, Esporte e Lazer.O cantor ribamarense Dudu N\u2019Gandaya agradeceu pela indica\u00e7\u00e3o. \u201c\u00c9 de grande valia esse projeto. S\u00f3 quero agradecer pelo empenho de cada um dos vereadores do nosso munic\u00edpio. Obrigado Beto das Vilas.\u201d Agradeceu o artista.O artista gospel Maycon Cleiton, da banda Ligados no Pai parabenizou o vereador pela iniciativa e defendeu a inclus\u00e3o dos artistas gospel no projeto. \u201cMuito boa a implanta\u00e7\u00e3o desse projeto. Gostaria que quando estiver em vigor, olhe para as bandas gospel de S\u00e3o Jos\u00e9 de Ribamar\u201d. Elogiou.Beto lembrou que a iniciativa deve contemplar todos os artistas ribamarenses, independente de segmento.<img decoding=\"async\" class=\"size-full\" data-wpid=\"3048\" src=\"https:\/\/maiobaotv.com.br\/wp-content\/uploads\/2020\/05\/img-20200528-wa00227139768526500320851.jpg\" \/><\/p>\n","protected":false},"excerpt":{"rendered":"<p>O presidente da C\u00e2mara de S\u00e3o Jos\u00e9 de Ribamar, vereador Beto das Vilas (Republicanos), apresentou nesta quarta-feira (27), durante mais<\/p>\n","protected":false},"author":2,"featured_media":12160,"comment_status":"open","ping_status":"open","sticky":false,"template":"","format":"standard","meta":{"colormag_page_container_layout":"default_layout","colormag_page_sidebar_layout":"default_layout","_jetpack_memberships_contains_paid_content":false,"footnotes":""},"categories":[2],"tags":[],"class_list":["post-12159","post","type-post","status-publish","format-standard","has-post-thumbnail","hentry","category-noticias"],"magazineBlocksPostFeaturedMedia":{"thumbnail":false,"medium":false,"medium_large":false,"large":false,"1536x1536":false,"2048x2048":false,"colormag-highlighted-post":false,"colormag-featured-post-medium":false,"colormag-featured-post-small":false,"colormag-featured-image":false,"colormag-default-news":false,"colormag-featured-image-large":false},"magazineBlocksPostAuthor":{"name":"maranhaotv","avatar":"https:\/\/secure.gravatar.com\/avatar\/8fadbca458d4cb68b1dd399ae9a40618d747bb1af65ac9fad21c89220a143eb4?s=96&d=mm&r=g"},"magazineBlocksPostCommentsNumber":"0","magazineBlocksPostExcerpt":"O presidente da C\u00e2mara de S\u00e3o Jos\u00e9 de Ribamar, vereador Beto das Vilas (Republicanos), apresentou nesta quarta-feira (27), durante mais","magazineBlocksPostCategories":["not\u00edcias"],"magazineBlocksPostViewCount":203,"magazineBlocksPostReadTime":2,"magazine_blocks_featured_image_url":{"full":false,"medium":false,"thumbnail":false},"magazine_blocks_author":{"display_name":"maranhaotv","author_link":"https:\/\/maranhaotv.com.br\/index.php\/author\/maranhaotv\/"},"magazine_blocks_comment":0,"magazine_blocks_author_image":"https:\/\/secure.gravatar.com\/avatar\/8fadbca458d4cb68b1dd399ae9a40618d747bb1af65ac9fad21c89220a143eb4?s=96&d=mm&r=g","magazine_blocks_category":"<a href=\"#\" class=\"category-link category-link-2\">not\u00edcias<\/a>","yoast_head":"<!-- This site is optimized with the Yoast SEO plugin v27.4 - https:\/\/yoast.com\/product\/yoast-seo-wordpress\/ -->\n<title>Beto das Vilas quer amparo ao artista ribamarense em per\u00edodo de quarentena - NOT\u00cdCIAS EM TEMPO REAL<\/title>\n<meta name=\"robots\" content=\"index, follow, max-snippet:-1, max-image-preview:large, max-video-preview:-1\" \/>\n<link rel=\"canonical\" href=\"https:\/\/maranhaotv.com.br\/index.php\/2020\/05\/28\/beto-das-vilas-quer-amparo-ao-artista-ribamarense-em-periodo-de-quarentena\/\" \/>\n<meta property=\"og:locale\" content=\"pt_BR\" \/>\n<meta property=\"og:type\" content=\"article\" \/>\n<meta property=\"og:title\" content=\"Beto das Vilas quer amparo ao artista ribamarense em per\u00edodo de quarentena - NOT\u00cdCIAS EM TEMPO REAL\" \/>\n<meta property=\"og:description\" content=\"O presidente da C\u00e2mara de S\u00e3o Jos\u00e9 de Ribamar, vereador Beto das Vilas (Republicanos), apresentou nesta quarta-feira (27), durante mais\" \/>\n<meta property=\"og:url\" content=\"https:\/\/maranhaotv.com.br\/index.php\/2020\/05\/28\/beto-das-vilas-quer-amparo-ao-artista-ribamarense-em-periodo-de-quarentena\/\" \/>\n<meta property=\"og:site_name\" content=\"NOT\u00cdCIAS EM TEMPO REAL\" \/>\n<meta property=\"article:publisher\" content=\"https:\/\/www.facebook.com\/maiobaotv\" \/>\n<meta property=\"article:published_time\" content=\"2020-05-28T13:26:07+00:00\" \/>\n<meta name=\"author\" content=\"maranhaotv\" \/>\n<meta name=\"twitter:card\" content=\"summary_large_image\" \/>\n<meta name=\"twitter:creator\" content=\"@sitemaranhaotv\" \/>\n<meta name=\"twitter:site\" content=\"@sitemaranhaotv\" \/>\n<meta name=\"twitter:label1\" content=\"Escrito por\" \/>\n\t<meta name=\"twitter:data1\" content=\"maranhaotv\" \/>\n\t<meta name=\"twitter:label2\" content=\"Est. tempo de leitura\" \/>\n\t<meta name=\"twitter:data2\" content=\"1 minuto\" \/>\n<script type=\"application\/ld+json\" class=\"yoast-schema-graph\">{\"@context\":\"https:\\\/\\\/schema.org\",\"@graph\":[{\"@type\":\"Article\",\"@id\":\"https:\\\/\\\/maranhaotv.com.br\\\/index.php\\\/2020\\\/05\\\/28\\\/beto-das-vilas-quer-amparo-ao-artista-ribamarense-em-periodo-de-quarentena\\\/#article\",\"isPartOf\":{\"@id\":\"https:\\\/\\\/maranhaotv.com.br\\\/index.php\\\/2020\\\/05\\\/28\\\/beto-das-vilas-quer-amparo-ao-artista-ribamarense-em-periodo-de-quarentena\\\/\"},\"author\":{\"name\":\"maranhaotv\",\"@id\":\"https:\\\/\\\/maranhaotv.com.br\\\/#\\\/schema\\\/person\\\/3d54238e86b20bb5c89ab2fdb8f8829a\"},\"headline\":\"Beto das Vilas quer amparo ao artista ribamarense em per\u00edodo de quarentena\",\"datePublished\":\"2020-05-28T13:26:07+00:00\",\"mainEntityOfPage\":{\"@id\":\"https:\\\/\\\/maranhaotv.com.br\\\/index.php\\\/2020\\\/05\\\/28\\\/beto-das-vilas-quer-amparo-ao-artista-ribamarense-em-periodo-de-quarentena\\\/\"},\"wordCount\":310,\"commentCount\":0,\"publisher\":{\"@id\":\"https:\\\/\\\/maranhaotv.com.br\\\/#organization\"},\"image\":{\"@id\":\"https:\\\/\\\/maranhaotv.com.br\\\/index.php\\\/2020\\\/05\\\/28\\\/beto-das-vilas-quer-amparo-ao-artista-ribamarense-em-periodo-de-quarentena\\\/#primaryimage\"},\"thumbnailUrl\":\"\",\"articleSection\":[\"not\u00edcias\"],\"inLanguage\":\"pt-BR\",\"potentialAction\":[{\"@type\":\"CommentAction\",\"name\":\"Comment\",\"target\":[\"https:\\\/\\\/maranhaotv.com.br\\\/index.php\\\/2020\\\/05\\\/28\\\/beto-das-vilas-quer-amparo-ao-artista-ribamarense-em-periodo-de-quarentena\\\/#respond\"]}]},{\"@type\":\"WebPage\",\"@id\":\"https:\\\/\\\/maranhaotv.com.br\\\/index.php\\\/2020\\\/05\\\/28\\\/beto-das-vilas-quer-amparo-ao-artista-ribamarense-em-periodo-de-quarentena\\\/\",\"url\":\"https:\\\/\\\/maranhaotv.com.br\\\/index.php\\\/2020\\\/05\\\/28\\\/beto-das-vilas-quer-amparo-ao-artista-ribamarense-em-periodo-de-quarentena\\\/\",\"name\":\"Beto das Vilas quer amparo ao artista ribamarense em per\u00edodo de quarentena - NOT\u00cdCIAS EM TEMPO REAL\",\"isPartOf\":{\"@id\":\"https:\\\/\\\/maranhaotv.com.br\\\/#website\"},\"primaryImageOfPage\":{\"@id\":\"https:\\\/\\\/maranhaotv.com.br\\\/index.php\\\/2020\\\/05\\\/28\\\/beto-das-vilas-quer-amparo-ao-artista-ribamarense-em-periodo-de-quarentena\\\/#primaryimage\"},\"image\":{\"@id\":\"https:\\\/\\\/maranhaotv.com.br\\\/index.php\\\/2020\\\/05\\\/28\\\/beto-das-vilas-quer-amparo-ao-artista-ribamarense-em-periodo-de-quarentena\\\/#primaryimage\"},\"thumbnailUrl\":\"\",\"datePublished\":\"2020-05-28T13:26:07+00:00\",\"breadcrumb\":{\"@id\":\"https:\\\/\\\/maranhaotv.com.br\\\/index.php\\\/2020\\\/05\\\/28\\\/beto-das-vilas-quer-amparo-ao-artista-ribamarense-em-periodo-de-quarentena\\\/#breadcrumb\"},\"inLanguage\":\"pt-BR\",\"potentialAction\":[{\"@type\":\"ReadAction\",\"target\":[\"https:\\\/\\\/maranhaotv.com.br\\\/index.php\\\/2020\\\/05\\\/28\\\/beto-das-vilas-quer-amparo-ao-artista-ribamarense-em-periodo-de-quarentena\\\/\"]}]},{\"@type\":\"ImageObject\",\"inLanguage\":\"pt-BR\",\"@id\":\"https:\\\/\\\/maranhaotv.com.br\\\/index.php\\\/2020\\\/05\\\/28\\\/beto-das-vilas-quer-amparo-ao-artista-ribamarense-em-periodo-de-quarentena\\\/#primaryimage\",\"url\":\"\",\"contentUrl\":\"\"},{\"@type\":\"BreadcrumbList\",\"@id\":\"https:\\\/\\\/maranhaotv.com.br\\\/index.php\\\/2020\\\/05\\\/28\\\/beto-das-vilas-quer-amparo-ao-artista-ribamarense-em-periodo-de-quarentena\\\/#breadcrumb\",\"itemListElement\":[{\"@type\":\"ListItem\",\"position\":1,\"name\":\"In\u00edcio\",\"item\":\"https:\\\/\\\/maranhaotv.com.br\\\/\"},{\"@type\":\"ListItem\",\"position\":2,\"name\":\"Beto das Vilas quer amparo ao artista ribamarense em per\u00edodo de quarentena\"}]},{\"@type\":\"WebSite\",\"@id\":\"https:\\\/\\\/maranhaotv.com.br\\\/#website\",\"url\":\"https:\\\/\\\/maranhaotv.com.br\\\/\",\"name\":\"Maranh\u00e3oTV\",\"description\":\"\",\"publisher\":{\"@id\":\"https:\\\/\\\/maranhaotv.com.br\\\/#organization\"},\"potentialAction\":[{\"@type\":\"SearchAction\",\"target\":{\"@type\":\"EntryPoint\",\"urlTemplate\":\"https:\\\/\\\/maranhaotv.com.br\\\/?s={search_term_string}\"},\"query-input\":{\"@type\":\"PropertyValueSpecification\",\"valueRequired\":true,\"valueName\":\"search_term_string\"}}],\"inLanguage\":\"pt-BR\"},{\"@type\":\"Organization\",\"@id\":\"https:\\\/\\\/maranhaotv.com.br\\\/#organization\",\"name\":\"Portal de Not\u00edcias\",\"url\":\"https:\\\/\\\/maranhaotv.com.br\\\/\",\"logo\":{\"@type\":\"ImageObject\",\"inLanguage\":\"pt-BR\",\"@id\":\"https:\\\/\\\/maranhaotv.com.br\\\/#\\\/schema\\\/logo\\\/image\\\/\",\"url\":\"https:\\\/\\\/maranhaotv.com.br\\\/wp-content\\\/uploads\\\/2024\\\/05\\\/cropped-cropped-avatar-1.png\",\"contentUrl\":\"https:\\\/\\\/maranhaotv.com.br\\\/wp-content\\\/uploads\\\/2024\\\/05\\\/cropped-cropped-avatar-1.png\",\"width\":792,\"height\":428,\"caption\":\"Portal de Not\u00edcias\"},\"image\":{\"@id\":\"https:\\\/\\\/maranhaotv.com.br\\\/#\\\/schema\\\/logo\\\/image\\\/\"},\"sameAs\":[\"https:\\\/\\\/www.facebook.com\\\/maiobaotv\",\"https:\\\/\\\/x.com\\\/sitemaranhaotv\",\"https:\\\/\\\/www.instagram.com\\\/maranhao.tv\",\"https:\\\/\\\/www.threads.net\\\/@maranhao.tv\"]},{\"@type\":\"Person\",\"@id\":\"https:\\\/\\\/maranhaotv.com.br\\\/#\\\/schema\\\/person\\\/3d54238e86b20bb5c89ab2fdb8f8829a\",\"name\":\"maranhaotv\",\"image\":{\"@type\":\"ImageObject\",\"inLanguage\":\"pt-BR\",\"@id\":\"https:\\\/\\\/secure.gravatar.com\\\/avatar\\\/8fadbca458d4cb68b1dd399ae9a40618d747bb1af65ac9fad21c89220a143eb4?s=96&d=mm&r=g\",\"url\":\"https:\\\/\\\/secure.gravatar.com\\\/avatar\\\/8fadbca458d4cb68b1dd399ae9a40618d747bb1af65ac9fad21c89220a143eb4?s=96&d=mm&r=g\",\"contentUrl\":\"https:\\\/\\\/secure.gravatar.com\\\/avatar\\\/8fadbca458d4cb68b1dd399ae9a40618d747bb1af65ac9fad21c89220a143eb4?s=96&d=mm&r=g\",\"caption\":\"maranhaotv\"},\"sameAs\":[\"https:\\\/\\\/maranhaotv.com.br\\\/\"],\"url\":\"https:\\\/\\\/maranhaotv.com.br\\\/index.php\\\/author\\\/maranhaotv\\\/\"}]}<\/script>\n<!-- \/ Yoast SEO plugin. -->","yoast_head_json":{"title":"Beto das Vilas quer amparo ao artista ribamarense em per\u00edodo de quarentena - NOT\u00cdCIAS EM TEMPO REAL","robots":{"index":"index","follow":"follow","max-snippet":"max-snippet:-1","max-image-preview":"max-image-preview:large","max-video-preview":"max-video-preview:-1"},"canonical":"https:\/\/maranhaotv.com.br\/index.php\/2020\/05\/28\/beto-das-vilas-quer-amparo-ao-artista-ribamarense-em-periodo-de-quarentena\/","og_locale":"pt_BR","og_type":"article","og_title":"Beto das Vilas quer amparo ao artista ribamarense em per\u00edodo de quarentena - NOT\u00cdCIAS EM TEMPO REAL","og_description":"O presidente da C\u00e2mara de S\u00e3o Jos\u00e9 de Ribamar, vereador Beto das Vilas (Republicanos), apresentou nesta quarta-feira (27), durante mais","og_url":"https:\/\/maranhaotv.com.br\/index.php\/2020\/05\/28\/beto-das-vilas-quer-amparo-ao-artista-ribamarense-em-periodo-de-quarentena\/","og_site_name":"NOT\u00cdCIAS EM TEMPO REAL","article_publisher":"https:\/\/www.facebook.com\/maiobaotv","article_published_time":"2020-05-28T13:26:07+00:00","author":"maranhaotv","twitter_card":"summary_large_image","twitter_creator":"@sitemaranhaotv","twitter_site":"@sitemaranhaotv","twitter_misc":{"Escrito por":"maranhaotv","Est. tempo de leitura":"1 minuto"},"schema":{"@context":"https:\/\/schema.org","@graph":[{"@type":"Article","@id":"https:\/\/maranhaotv.com.br\/index.php\/2020\/05\/28\/beto-das-vilas-quer-amparo-ao-artista-ribamarense-em-periodo-de-quarentena\/#article","isPartOf":{"@id":"https:\/\/maranhaotv.com.br\/index.php\/2020\/05\/28\/beto-das-vilas-quer-amparo-ao-artista-ribamarense-em-periodo-de-quarentena\/"},"author":{"name":"maranhaotv","@id":"https:\/\/maranhaotv.com.br\/#\/schema\/person\/3d54238e86b20bb5c89ab2fdb8f8829a"},"headline":"Beto das Vilas quer amparo ao artista ribamarense em per\u00edodo de quarentena","datePublished":"2020-05-28T13:26:07+00:00","mainEntityOfPage":{"@id":"https:\/\/maranhaotv.com.br\/index.php\/2020\/05\/28\/beto-das-vilas-quer-amparo-ao-artista-ribamarense-em-periodo-de-quarentena\/"},"wordCount":310,"commentCount":0,"publisher":{"@id":"https:\/\/maranhaotv.com.br\/#organization"},"image":{"@id":"https:\/\/maranhaotv.com.br\/index.php\/2020\/05\/28\/beto-das-vilas-quer-amparo-ao-artista-ribamarense-em-periodo-de-quarentena\/#primaryimage"},"thumbnailUrl":"","articleSection":["not\u00edcias"],"inLanguage":"pt-BR","potentialAction":[{"@type":"CommentAction","name":"Comment","target":["https:\/\/maranhaotv.com.br\/index.php\/2020\/05\/28\/beto-das-vilas-quer-amparo-ao-artista-ribamarense-em-periodo-de-quarentena\/#respond"]}]},{"@type":"WebPage","@id":"https:\/\/maranhaotv.com.br\/index.php\/2020\/05\/28\/beto-das-vilas-quer-amparo-ao-artista-ribamarense-em-periodo-de-quarentena\/","url":"https:\/\/maranhaotv.com.br\/index.php\/2020\/05\/28\/beto-das-vilas-quer-amparo-ao-artista-ribamarense-em-periodo-de-quarentena\/","name":"Beto das Vilas quer amparo ao artista ribamarense em per\u00edodo de quarentena - NOT\u00cdCIAS EM TEMPO REAL","isPartOf":{"@id":"https:\/\/maranhaotv.com.br\/#website"},"primaryImageOfPage":{"@id":"https:\/\/maranhaotv.com.br\/index.php\/2020\/05\/28\/beto-das-vilas-quer-amparo-ao-artista-ribamarense-em-periodo-de-quarentena\/#primaryimage"},"image":{"@id":"https:\/\/maranhaotv.com.br\/index.php\/2020\/05\/28\/beto-das-vilas-quer-amparo-ao-artista-ribamarense-em-periodo-de-quarentena\/#primaryimage"},"thumbnailUrl":"","datePublished":"2020-05-28T13:26:07+00:00","breadcrumb":{"@id":"https:\/\/maranhaotv.com.br\/index.php\/2020\/05\/28\/beto-das-vilas-quer-amparo-ao-artista-ribamarense-em-periodo-de-quarentena\/#breadcrumb"},"inLanguage":"pt-BR","potentialAction":[{"@type":"ReadAction","target":["https:\/\/maranhaotv.com.br\/index.php\/2020\/05\/28\/beto-das-vilas-quer-amparo-ao-artista-ribamarense-em-periodo-de-quarentena\/"]}]},{"@type":"ImageObject","inLanguage":"pt-BR","@id":"https:\/\/maranhaotv.com.br\/index.php\/2020\/05\/28\/beto-das-vilas-quer-amparo-ao-artista-ribamarense-em-periodo-de-quarentena\/#primaryimage","url":"","contentUrl":""},{"@type":"BreadcrumbList","@id":"https:\/\/maranhaotv.com.br\/index.php\/2020\/05\/28\/beto-das-vilas-quer-amparo-ao-artista-ribamarense-em-periodo-de-quarentena\/#breadcrumb","itemListElement":[{"@type":"ListItem","position":1,"name":"In\u00edcio","item":"https:\/\/maranhaotv.com.br\/"},{"@type":"ListItem","position":2,"name":"Beto das Vilas quer amparo ao artista ribamarense em per\u00edodo de quarentena"}]},{"@type":"WebSite","@id":"https:\/\/maranhaotv.com.br\/#website","url":"https:\/\/maranhaotv.com.br\/","name":"Maranh\u00e3oTV","description":"","publisher":{"@id":"https:\/\/maranhaotv.com.br\/#organization"},"potentialAction":[{"@type":"SearchAction","target":{"@type":"EntryPoint","urlTemplate":"https:\/\/maranhaotv.com.br\/?s={search_term_string}"},"query-input":{"@type":"PropertyValueSpecification","valueRequired":true,"valueName":"search_term_string"}}],"inLanguage":"pt-BR"},{"@type":"Organization","@id":"https:\/\/maranhaotv.com.br\/#organization","name":"Portal de Not\u00edcias","url":"https:\/\/maranhaotv.com.br\/","logo":{"@type":"ImageObject","inLanguage":"pt-BR","@id":"https:\/\/maranhaotv.com.br\/#\/schema\/logo\/image\/","url":"https:\/\/maranhaotv.com.br\/wp-content\/uploads\/2024\/05\/cropped-cropped-avatar-1.png","contentUrl":"https:\/\/maranhaotv.com.br\/wp-content\/uploads\/2024\/05\/cropped-cropped-avatar-1.png","width":792,"height":428,"caption":"Portal de Not\u00edcias"},"image":{"@id":"https:\/\/maranhaotv.com.br\/#\/schema\/logo\/image\/"},"sameAs":["https:\/\/www.facebook.com\/maiobaotv","https:\/\/x.com\/sitemaranhaotv","https:\/\/www.instagram.com\/maranhao.tv","https:\/\/www.threads.net\/@maranhao.tv"]},{"@type":"Person","@id":"https:\/\/maranhaotv.com.br\/#\/schema\/person\/3d54238e86b20bb5c89ab2fdb8f8829a","name":"maranhaotv","image":{"@type":"ImageObject","inLanguage":"pt-BR","@id":"https:\/\/secure.gravatar.com\/avatar\/8fadbca458d4cb68b1dd399ae9a40618d747bb1af65ac9fad21c89220a143eb4?s=96&d=mm&r=g","url":"https:\/\/secure.gravatar.com\/avatar\/8fadbca458d4cb68b1dd399ae9a40618d747bb1af65ac9fad21c89220a143eb4?s=96&d=mm&r=g","contentUrl":"https:\/\/secure.gravatar.com\/avatar\/8fadbca458d4cb68b1dd399ae9a40618d747bb1af65ac9fad21c89220a143eb4?s=96&d=mm&r=g","caption":"maranhaotv"},"sameAs":["https:\/\/maranhaotv.com.br\/"],"url":"https:\/\/maranhaotv.com.br\/index.php\/author\/maranhaotv\/"}]}},"jetpack_featured_media_url":"","jetpack_sharing_enabled":true,"_links":{"self":[{"href":"https:\/\/maranhaotv.com.br\/index.php\/wp-json\/wp\/v2\/posts\/12159","targetHints":{"allow":["GET"]}}],"collection":[{"href":"https:\/\/maranhaotv.com.br\/index.php\/wp-json\/wp\/v2\/posts"}],"about":[{"href":"https:\/\/maranhaotv.com.br\/index.php\/wp-json\/wp\/v2\/types\/post"}],"author":[{"embeddable":true,"href":"https:\/\/maranhaotv.com.br\/index.php\/wp-json\/wp\/v2\/users\/2"}],"replies":[{"embeddable":true,"href":"https:\/\/maranhaotv.com.br\/index.php\/wp-json\/wp\/v2\/comments?post=12159"}],"version-history":[{"count":0,"href":"https:\/\/maranhaotv.com.br\/index.php\/wp-json\/wp\/v2\/posts\/12159\/revisions"}],"wp:featuredmedia":[{"embeddable":true,"href":"https:\/\/maranhaotv.com.br\/index.php\/wp-json\/"}],"wp:attachment":[{"href":"https:\/\/maranhaotv.com.br\/index.php\/wp-json\/wp\/v2\/media?parent=12159"}],"wp:term":[{"taxonomy":"category","embeddable":true,"href":"https:\/\/maranhaotv.com.br\/index.php\/wp-json\/wp\/v2\/categories?post=12159"},{"taxonomy":"post_tag","embeddable":true,"href":"https:\/\/maranhaotv.com.br\/index.php\/wp-json\/wp\/v2\/tags?post=12159"}],"curies":[{"name":"wp","href":"https:\/\/api.w.org\/{rel}","templated":true}]}}