{"id":12180,"date":"2020-05-28T16:17:53","date_gmt":"2020-05-28T19:17:53","guid":{"rendered":"https:\/\/maiobaotv.com.br\/?p=12180"},"modified":"2020-05-28T16:17:53","modified_gmt":"2020-05-28T19:17:53","slug":"passagem-franca-ex-prefeito-e-mais-nove-sao-acionados-por-improbidade-administrativa","status":"publish","type":"post","link":"https:\/\/maranhaotv.com.br\/index.php\/2020\/05\/28\/passagem-franca-ex-prefeito-e-mais-nove-sao-acionados-por-improbidade-administrativa\/","title":{"rendered":"Passagem Franca: Ex-prefeito e mais nove s\u00e3o acionados por improbidade administrativa"},"content":{"rendered":"<p>A Promotoria de Justi\u00e7a de Passagem Franca ingressou, na \u00faltima ter\u00e7a-feira, 26, com uma A\u00e7\u00e3o Civil P\u00fablica por ato de improbidade administrativa contra o ex-prefeito Jos\u00e9 Ant\u00f4nio Gordinho Rodrigues da Silva, outras oito pessoas e uma empresa. A a\u00e7\u00e3o foi motivada por irregularidades em uma licita\u00e7\u00e3o, realizada em 2013, para contratar empresa especializada em transporte escolar.<\/p>\n<p>Tamb\u00e9m figuram entre os acionados a empresa J. Bosco Lopes e Cia Ltda \u2013 EPP; seu s\u00f3cio-administrador Jo\u00e3o Bosco Lopes, que tamb\u00e9m era vereador em Passagem Franca; a ent\u00e3o secret\u00e1ria municipal de Educa\u00e7\u00e3o, Elzineide Silveira Santos Silva (esposa do ex-prefeito); Jader dos Santos Cardoso (secret\u00e1rio da Comiss\u00e3o Permanente de Licita\u00e7\u00e3o &#8211; CPL e membro da equipe de apoio ao pregoeiro); Jos\u00e9 do Egito Coelho Sobrinho Neto (membro da CPL e da equipe de apoio ao pregoeiro na \u00e9poca); Carlos Miranda Alves de Oliveira (ex-presidente da CPL e pregoeiro do Munic\u00edpio); Eul\u00e2nio Patr\u00edcio Rodrigues Monteiro (ex-diretor-geral de Contabilidade da Prefeitura); Pedro Rog\u00e9rio Oliveira Reis (ex-secret\u00e1rio municipal de Infraestrutura) e Alexandre Rodrigues da Silva (fiscal do contrato decorrente do preg\u00e3o n\u00b0 15\/2013 e irm\u00e3o do ent\u00e3o prefeito).<\/p>\n<p>A solicita\u00e7\u00e3o de abertura de processo que resultou no preg\u00e3o n\u00b0 15\/2013 teve in\u00edcio em 20 de dezembro de 2013, com um pedido da ent\u00e3o secret\u00e1ria municipal de Educa\u00e7\u00e3o ao prefeito, que foi autorizado no mesmo dia. Ainda na mesma data, o diretor-geral de Contabilidade de Passagem Franca informou a dota\u00e7\u00e3o or\u00e7ament\u00e1ria e a secret\u00e1ria Elzineide Silva autorizou a CPL da Prefeitura a abrir a licita\u00e7\u00e3o.<\/p>\n<p>No processo, no entanto, n\u00e3o consta a data de recebimento do edital do preg\u00e3o por Jo\u00e3o Bosco Lopes, respons\u00e1vel pela \u00fanica empresa participante do certame. A licita\u00e7\u00e3o foi confirmada para a empresa J. Bosco Lopes e Cia Ltda \u2013 EPP em 13 de janeiro de 2014 e, no mesmo dia, a secret\u00e1ria de Educa\u00e7\u00e3o homologou o resultado. Uma semana depois, o contrato, no valor de R$ 379 mil, foi assinado.<\/p>\n<p>As investiga\u00e7\u00f5es do Minist\u00e9rio P\u00fablico apontaram que a empresa vencedora do certame n\u00e3o tem registro imobili\u00e1rio no munic\u00edpio de S\u00e3o Jo\u00e3o dos Patos, onde estaria localizada a sua sede. No local indicado, segundo vizinhos, mora a irm\u00e3 de Jo\u00e3o Bosco Lopes. De acordo com a Secretaria de Administra\u00e7\u00e3o do munic\u00edpio, a empresa n\u00e3o tem alvar\u00e1 de funcionamento e n\u00e3o \u00e9 contribuinte do ISS (Imposto Sobre Servi\u00e7os).<\/p>\n<p>Al\u00e9m disso, apesar de inscrita no Cadastro Nacional da Pessoa Jur\u00eddica (CNPJ) como tendo o transporte escolar como atividade econ\u00f4mica principal, a J. Bosco Lopes e Cia Ltda n\u00e3o tinha nenhum ve\u00edculo adequado ao servi\u00e7o. Apenas um autom\u00f3vel, uma picape pequena, constava no hist\u00f3rico de registro da empresa junto ao Detran-MA.<\/p>\n<p>J\u00e1 o Minist\u00e9rio do Trabalho informou que, nos anos de 2013 e 2014, a empresa n\u00e3o teve empregados registrados, embora o contrato firmado com o Munic\u00edpio de Passagem Franca fosse de loca\u00e7\u00e3o de ve\u00edculos com motoristas.<\/p>\n<p>Em of\u00edcio encaminhado ao Minist\u00e9rio P\u00fablico, a pr\u00f3pria empresa admitiu a subloca\u00e7\u00e3o total dos ve\u00edculos utilizados, sem que houvesse autoriza\u00e7\u00e3o para tanto no edital ou no contrato assinado com a Prefeitura.<\/p>\n<p>PREG\u00c3O<\/p>\n<p>A an\u00e1lise do Preg\u00e3o n\u00b0 15\/2013 pela Assessoria T\u00e9cnica da Procuradoria Geral de Justi\u00e7a apontou uma s\u00e9rie de irregularidades, como a falta de informa\u00e7\u00e3o sobre o saldo da dota\u00e7\u00e3o or\u00e7ament\u00e1ria e a aus\u00eancia de termo de refer\u00eancia, com indica\u00e7\u00e3o precisa do objeto da licita\u00e7\u00e3o.<\/p>\n<p>Outro ponto \u00e9 que os ve\u00edculos contratados, do tipo caminhonete, n\u00e3o seriam os mais indicados para o transporte da quantidade de alunos prevista pela Prefeitura de Passagem Franca. O correto seria licitar ve\u00edculos como \u00f4nibus ou micro-\u00f4nibus.<\/p>\n<p>O resumo do edital tamb\u00e9m n\u00e3o foi publicado em jornal de grande circula\u00e7\u00e3o no estado e n\u00e3o consta no processo o comprovante de publica\u00e7\u00e3o do aviso de edital na internet. Esses pontos limitam a competitividade do processo, assim como exig\u00eancias como a apresenta\u00e7\u00e3o de Certid\u00e3o de Registro Cadastral (que deveria ser opcional, segundo a lei) e de que o edital fosse adquirido ou consultado somente na sede da CPL de Passagem Franca.<\/p>\n<p>O edital do preg\u00e3o n\u00e3o prev\u00ea cl\u00e1usulas exigindo prova de regularidade com a Fazenda Estadual e nem de documentos que comprovem a qualifica\u00e7\u00e3o econ\u00f4mico-financeira e t\u00e9cnica dos licitantes. Tamb\u00e9m n\u00e3o h\u00e1 indica\u00e7\u00f5es espec\u00edficas para o caso de contrata\u00e7\u00e3o de ve\u00edculos para o transporte escolar, previstas no C\u00f3digo de Tr\u00e2nsito Brasileiro.<\/p>\n<p>Al\u00e9m disso, a Comiss\u00e3o de Licita\u00e7\u00e3o n\u00e3o cumpriu exig\u00eancias previstas no edital, como a de que a empresa apresentasse certid\u00e3o negativa de d\u00e9bitos municipais com o munic\u00edpio em que est\u00e1 sediada, o que deveria levar \u00e0 sua inabilita\u00e7\u00e3o para o preg\u00e3o.<\/p>\n<p>DEPOIMENTOS<\/p>\n<p>Os depoimentos tomados pela Promotoria de Justi\u00e7a de Passagem Franca tamb\u00e9m trouxeram elementos importantes que embasam a A\u00e7\u00e3o Civil P\u00fablica proposta. Os integrantes da Comiss\u00e3o Permanente de Licita\u00e7\u00e3o, por exemplo, afirmaram que os documentos relativos aos processos licitat\u00f3rios eram elaborados por Eul\u00e2nio Monteiro e que a equipe apenas os assinava. Alguns deles, inclusive, n\u00e3o tinham conhecimentos b\u00e1sicos sobre licita\u00e7\u00f5es.<\/p>\n<p>O fiscal do contrato, Alexandre da Silva, afirmou que limitou-se a observar os ve\u00edculos circulando pela cidade, mas n\u00e3o observou o cumprimento das normas determinadas pelo C\u00f3digo de Tr\u00e2nsito Brasileiro. Al\u00e9m disso, Silva n\u00e3o soube informar sobre a higieniza\u00e7\u00e3o, guarda, subloca\u00e7\u00e3o ou manuten\u00e7\u00e3o dos ve\u00edculos alugados.<\/p>\n<p>Respons\u00e1vel por atestar as notas fiscais, o ex-secret\u00e1rio Pedro Rog\u00e9rio Reis afirmou que n\u00e3o acompanhava o transporte escolar e que atestou as notas sem saber precisar se os servi\u00e7os foram prestados.<\/p>\n<p>J\u00e1 os motoristas empregados na execu\u00e7\u00e3o do contrato afirmaram que locavam seus ve\u00edculos para a empresa vencedora da licita\u00e7\u00e3o, por valores que variavam entre R$ 1 mil e R$ 2 mil mensais, entregues em m\u00e3os e sem comprovante de pagamento. Ainda segundo eles, a maioria dos alunos era transportada sem cinto de seguran\u00e7a, os ve\u00edculos n\u00e3o eram registrados como de passageiros, n\u00e3o eram inspecionados semestralmente pelos \u00f3rg\u00e3os de tr\u00e2nsito e nem tinham faixas de identifica\u00e7\u00e3o como transporte escolar ou tac\u00f3grafo.<\/p>\n<p>Foi verificado, ainda, que a maioria dos motoristas sequer tinha habilita\u00e7\u00e3o na categoria \u201cD\u201d, necess\u00e1ria para a condu\u00e7\u00e3o de transporte escolar. \u201cMesmo que n\u00e3o tivesse sido inabilitada, o contrato administrativo poderia ter sido rescindido pela administra\u00e7\u00e3o caso houvesse uma s\u00e9ria e efetiva fiscaliza\u00e7\u00e3o da execu\u00e7\u00e3o contratual\u201d, avaliou o promotor de justi\u00e7a Carlos Allan da Costa Siqueira.<\/p>\n<p>IMPROBIDADE<\/p>\n<p>Na A\u00e7\u00e3o, o Minist\u00e9rio P\u00fablico do Maranh\u00e3o requer a condena\u00e7\u00e3o de todos os envolvidos por improbidade administrativa, estando sujeitos a penalidades como o ressarcimento integral do dano, perda dos bens ou valores acrescidos ilicitamente ao patrim\u00f4nio, perda da fun\u00e7\u00e3o p\u00fablica, suspens\u00e3o dos direitos pol\u00edticos e proibi\u00e7\u00e3o de contratar ou receber benef\u00edcios do Poder P\u00fablico.<\/p>\n<p>Tamb\u00e9m foi pedida a condena\u00e7\u00e3o dos acionados ao pagamento de dano moral coletivo em valor n\u00e3o inferior a R$ 1 milh\u00e3o e que seja decretada a nulidade do preg\u00e3o n\u00b0 15\/2013 e, consequentemente, do contrato firmado entre a Prefeitura de Passagem Franca e a J. Bosco Lopes e Cia Ltda \u2013 EPP.<\/p>\n<p>O Minist\u00e9rio P\u00fablico solicitou, ainda, a emiss\u00e3o de requisi\u00e7\u00f5es judiciais para que a Prefeitura informe o total de recursos repassados pelo Munic\u00edpio \u00e0 empresa no ano de 2014, a rela\u00e7\u00e3o de licita\u00e7\u00f5es vencidas pela J. Bosco Lopes e Cia Ltda e se Jo\u00e3o Bosco Lopes tem ou teve qualquer cargo ou v\u00ednculo com o Munic\u00edpio, detalhando eventuais datas de admiss\u00e3o e desligamento, bem como o motivo do desligamento.<\/p>\n<p><img loading=\"lazy\" decoding=\"async\" src=\"https:\/\/maiobaotv.com.br\/wp-content\/uploads\/2020\/05\/img-20200528-wa03809135183193520755204.jpg\" class=\"wp-image-12179 alignnone size-full\" width=\"539\" height=\"437\"><\/p>\n<p>Fonte: MPMA<\/p>\n","protected":false},"excerpt":{"rendered":"<p>A Promotoria de Justi\u00e7a de Passagem Franca ingressou, na \u00faltima ter\u00e7a-feira, 26, com uma A\u00e7\u00e3o Civil P\u00fablica por ato de<\/p>\n","protected":false},"author":2,"featured_media":12181,"comment_status":"open","ping_status":"open","sticky":false,"template":"","format":"standard","meta":{"colormag_page_container_layout":"default_layout","colormag_page_sidebar_layout":"default_layout","_jetpack_memberships_contains_paid_content":false,"footnotes":""},"categories":[2,6],"tags":[],"class_list":["post-12180","post","type-post","status-publish","format-standard","has-post-thumbnail","hentry","category-noticias","category-politica"],"magazineBlocksPostFeaturedMedia":{"thumbnail":false,"medium":false,"medium_large":false,"large":false,"1536x1536":false,"2048x2048":false,"colormag-highlighted-post":false,"colormag-featured-post-medium":false,"colormag-featured-post-small":false,"colormag-featured-image":false,"colormag-default-news":false,"colormag-featured-image-large":false},"magazineBlocksPostAuthor":{"name":"maranhaotv","avatar":"https:\/\/secure.gravatar.com\/avatar\/8fadbca458d4cb68b1dd399ae9a40618d747bb1af65ac9fad21c89220a143eb4?s=96&d=mm&r=g"},"magazineBlocksPostCommentsNumber":"0","magazineBlocksPostExcerpt":"A Promotoria de Justi\u00e7a de Passagem Franca ingressou, na \u00faltima ter\u00e7a-feira, 26, com uma A\u00e7\u00e3o Civil P\u00fablica por ato de","magazineBlocksPostCategories":["not\u00edcias","pol\u00edtica"],"magazineBlocksPostViewCount":209,"magazineBlocksPostReadTime":7,"magazine_blocks_featured_image_url":{"full":false,"medium":false,"thumbnail":false},"magazine_blocks_author":{"display_name":"maranhaotv","author_link":"https:\/\/maranhaotv.com.br\/index.php\/author\/maranhaotv\/"},"magazine_blocks_comment":0,"magazine_blocks_author_image":"https:\/\/secure.gravatar.com\/avatar\/8fadbca458d4cb68b1dd399ae9a40618d747bb1af65ac9fad21c89220a143eb4?s=96&d=mm&r=g","magazine_blocks_category":"<a href=\"#\" class=\"category-link category-link-2\">not\u00edcias<\/a> <a href=\"#\" class=\"category-link category-link-6\">pol\u00edtica<\/a>","yoast_head":"<!-- This site is optimized with the Yoast SEO plugin v27.4 - https:\/\/yoast.com\/product\/yoast-seo-wordpress\/ -->\n<title>Passagem Franca: Ex-prefeito e mais nove s\u00e3o acionados por improbidade administrativa - NOT\u00cdCIAS EM TEMPO REAL<\/title>\n<meta name=\"robots\" content=\"index, follow, max-snippet:-1, max-image-preview:large, max-video-preview:-1\" \/>\n<link rel=\"canonical\" href=\"https:\/\/maranhaotv.com.br\/index.php\/2020\/05\/28\/passagem-franca-ex-prefeito-e-mais-nove-sao-acionados-por-improbidade-administrativa\/\" \/>\n<meta property=\"og:locale\" content=\"pt_BR\" \/>\n<meta property=\"og:type\" content=\"article\" \/>\n<meta property=\"og:title\" content=\"Passagem Franca: Ex-prefeito e mais nove s\u00e3o acionados por improbidade administrativa - NOT\u00cdCIAS EM TEMPO REAL\" \/>\n<meta property=\"og:description\" content=\"A Promotoria de Justi\u00e7a de Passagem Franca ingressou, na \u00faltima ter\u00e7a-feira, 26, com uma A\u00e7\u00e3o Civil P\u00fablica por ato de\" \/>\n<meta property=\"og:url\" content=\"https:\/\/maranhaotv.com.br\/index.php\/2020\/05\/28\/passagem-franca-ex-prefeito-e-mais-nove-sao-acionados-por-improbidade-administrativa\/\" \/>\n<meta property=\"og:site_name\" content=\"NOT\u00cdCIAS EM TEMPO REAL\" \/>\n<meta property=\"article:publisher\" content=\"https:\/\/www.facebook.com\/maiobaotv\" \/>\n<meta property=\"article:published_time\" content=\"2020-05-28T19:17:53+00:00\" \/>\n<meta name=\"author\" content=\"maranhaotv\" \/>\n<meta name=\"twitter:card\" content=\"summary_large_image\" \/>\n<meta name=\"twitter:creator\" content=\"@sitemaranhaotv\" \/>\n<meta name=\"twitter:site\" content=\"@sitemaranhaotv\" \/>\n<meta name=\"twitter:label1\" content=\"Escrito por\" \/>\n\t<meta name=\"twitter:data1\" content=\"maranhaotv\" \/>\n\t<meta name=\"twitter:label2\" content=\"Est. tempo de leitura\" \/>\n\t<meta name=\"twitter:data2\" content=\"7 minutos\" \/>\n<script type=\"application\/ld+json\" class=\"yoast-schema-graph\">{\"@context\":\"https:\\\/\\\/schema.org\",\"@graph\":[{\"@type\":\"Article\",\"@id\":\"https:\\\/\\\/maranhaotv.com.br\\\/index.php\\\/2020\\\/05\\\/28\\\/passagem-franca-ex-prefeito-e-mais-nove-sao-acionados-por-improbidade-administrativa\\\/#article\",\"isPartOf\":{\"@id\":\"https:\\\/\\\/maranhaotv.com.br\\\/index.php\\\/2020\\\/05\\\/28\\\/passagem-franca-ex-prefeito-e-mais-nove-sao-acionados-por-improbidade-administrativa\\\/\"},\"author\":{\"name\":\"maranhaotv\",\"@id\":\"https:\\\/\\\/maranhaotv.com.br\\\/#\\\/schema\\\/person\\\/3d54238e86b20bb5c89ab2fdb8f8829a\"},\"headline\":\"Passagem Franca: Ex-prefeito e mais nove s\u00e3o acionados por improbidade administrativa\",\"datePublished\":\"2020-05-28T19:17:53+00:00\",\"mainEntityOfPage\":{\"@id\":\"https:\\\/\\\/maranhaotv.com.br\\\/index.php\\\/2020\\\/05\\\/28\\\/passagem-franca-ex-prefeito-e-mais-nove-sao-acionados-por-improbidade-administrativa\\\/\"},\"wordCount\":1387,\"commentCount\":0,\"publisher\":{\"@id\":\"https:\\\/\\\/maranhaotv.com.br\\\/#organization\"},\"image\":{\"@id\":\"https:\\\/\\\/maranhaotv.com.br\\\/index.php\\\/2020\\\/05\\\/28\\\/passagem-franca-ex-prefeito-e-mais-nove-sao-acionados-por-improbidade-administrativa\\\/#primaryimage\"},\"thumbnailUrl\":\"\",\"articleSection\":[\"not\u00edcias\",\"pol\u00edtica\"],\"inLanguage\":\"pt-BR\",\"potentialAction\":[{\"@type\":\"CommentAction\",\"name\":\"Comment\",\"target\":[\"https:\\\/\\\/maranhaotv.com.br\\\/index.php\\\/2020\\\/05\\\/28\\\/passagem-franca-ex-prefeito-e-mais-nove-sao-acionados-por-improbidade-administrativa\\\/#respond\"]}]},{\"@type\":\"WebPage\",\"@id\":\"https:\\\/\\\/maranhaotv.com.br\\\/index.php\\\/2020\\\/05\\\/28\\\/passagem-franca-ex-prefeito-e-mais-nove-sao-acionados-por-improbidade-administrativa\\\/\",\"url\":\"https:\\\/\\\/maranhaotv.com.br\\\/index.php\\\/2020\\\/05\\\/28\\\/passagem-franca-ex-prefeito-e-mais-nove-sao-acionados-por-improbidade-administrativa\\\/\",\"name\":\"Passagem Franca: Ex-prefeito e mais nove s\u00e3o acionados por improbidade administrativa - NOT\u00cdCIAS EM TEMPO REAL\",\"isPartOf\":{\"@id\":\"https:\\\/\\\/maranhaotv.com.br\\\/#website\"},\"primaryImageOfPage\":{\"@id\":\"https:\\\/\\\/maranhaotv.com.br\\\/index.php\\\/2020\\\/05\\\/28\\\/passagem-franca-ex-prefeito-e-mais-nove-sao-acionados-por-improbidade-administrativa\\\/#primaryimage\"},\"image\":{\"@id\":\"https:\\\/\\\/maranhaotv.com.br\\\/index.php\\\/2020\\\/05\\\/28\\\/passagem-franca-ex-prefeito-e-mais-nove-sao-acionados-por-improbidade-administrativa\\\/#primaryimage\"},\"thumbnailUrl\":\"\",\"datePublished\":\"2020-05-28T19:17:53+00:00\",\"breadcrumb\":{\"@id\":\"https:\\\/\\\/maranhaotv.com.br\\\/index.php\\\/2020\\\/05\\\/28\\\/passagem-franca-ex-prefeito-e-mais-nove-sao-acionados-por-improbidade-administrativa\\\/#breadcrumb\"},\"inLanguage\":\"pt-BR\",\"potentialAction\":[{\"@type\":\"ReadAction\",\"target\":[\"https:\\\/\\\/maranhaotv.com.br\\\/index.php\\\/2020\\\/05\\\/28\\\/passagem-franca-ex-prefeito-e-mais-nove-sao-acionados-por-improbidade-administrativa\\\/\"]}]},{\"@type\":\"ImageObject\",\"inLanguage\":\"pt-BR\",\"@id\":\"https:\\\/\\\/maranhaotv.com.br\\\/index.php\\\/2020\\\/05\\\/28\\\/passagem-franca-ex-prefeito-e-mais-nove-sao-acionados-por-improbidade-administrativa\\\/#primaryimage\",\"url\":\"\",\"contentUrl\":\"\"},{\"@type\":\"BreadcrumbList\",\"@id\":\"https:\\\/\\\/maranhaotv.com.br\\\/index.php\\\/2020\\\/05\\\/28\\\/passagem-franca-ex-prefeito-e-mais-nove-sao-acionados-por-improbidade-administrativa\\\/#breadcrumb\",\"itemListElement\":[{\"@type\":\"ListItem\",\"position\":1,\"name\":\"In\u00edcio\",\"item\":\"https:\\\/\\\/maranhaotv.com.br\\\/\"},{\"@type\":\"ListItem\",\"position\":2,\"name\":\"Passagem Franca: Ex-prefeito e mais nove s\u00e3o acionados por improbidade administrativa\"}]},{\"@type\":\"WebSite\",\"@id\":\"https:\\\/\\\/maranhaotv.com.br\\\/#website\",\"url\":\"https:\\\/\\\/maranhaotv.com.br\\\/\",\"name\":\"Maranh\u00e3oTV\",\"description\":\"\",\"publisher\":{\"@id\":\"https:\\\/\\\/maranhaotv.com.br\\\/#organization\"},\"potentialAction\":[{\"@type\":\"SearchAction\",\"target\":{\"@type\":\"EntryPoint\",\"urlTemplate\":\"https:\\\/\\\/maranhaotv.com.br\\\/?s={search_term_string}\"},\"query-input\":{\"@type\":\"PropertyValueSpecification\",\"valueRequired\":true,\"valueName\":\"search_term_string\"}}],\"inLanguage\":\"pt-BR\"},{\"@type\":\"Organization\",\"@id\":\"https:\\\/\\\/maranhaotv.com.br\\\/#organization\",\"name\":\"Portal de Not\u00edcias\",\"url\":\"https:\\\/\\\/maranhaotv.com.br\\\/\",\"logo\":{\"@type\":\"ImageObject\",\"inLanguage\":\"pt-BR\",\"@id\":\"https:\\\/\\\/maranhaotv.com.br\\\/#\\\/schema\\\/logo\\\/image\\\/\",\"url\":\"https:\\\/\\\/maranhaotv.com.br\\\/wp-content\\\/uploads\\\/2024\\\/05\\\/cropped-cropped-avatar-1.png\",\"contentUrl\":\"https:\\\/\\\/maranhaotv.com.br\\\/wp-content\\\/uploads\\\/2024\\\/05\\\/cropped-cropped-avatar-1.png\",\"width\":792,\"height\":428,\"caption\":\"Portal de Not\u00edcias\"},\"image\":{\"@id\":\"https:\\\/\\\/maranhaotv.com.br\\\/#\\\/schema\\\/logo\\\/image\\\/\"},\"sameAs\":[\"https:\\\/\\\/www.facebook.com\\\/maiobaotv\",\"https:\\\/\\\/x.com\\\/sitemaranhaotv\",\"https:\\\/\\\/www.instagram.com\\\/maranhao.tv\",\"https:\\\/\\\/www.threads.net\\\/@maranhao.tv\"]},{\"@type\":\"Person\",\"@id\":\"https:\\\/\\\/maranhaotv.com.br\\\/#\\\/schema\\\/person\\\/3d54238e86b20bb5c89ab2fdb8f8829a\",\"name\":\"maranhaotv\",\"image\":{\"@type\":\"ImageObject\",\"inLanguage\":\"pt-BR\",\"@id\":\"https:\\\/\\\/secure.gravatar.com\\\/avatar\\\/8fadbca458d4cb68b1dd399ae9a40618d747bb1af65ac9fad21c89220a143eb4?s=96&d=mm&r=g\",\"url\":\"https:\\\/\\\/secure.gravatar.com\\\/avatar\\\/8fadbca458d4cb68b1dd399ae9a40618d747bb1af65ac9fad21c89220a143eb4?s=96&d=mm&r=g\",\"contentUrl\":\"https:\\\/\\\/secure.gravatar.com\\\/avatar\\\/8fadbca458d4cb68b1dd399ae9a40618d747bb1af65ac9fad21c89220a143eb4?s=96&d=mm&r=g\",\"caption\":\"maranhaotv\"},\"sameAs\":[\"https:\\\/\\\/maranhaotv.com.br\\\/\"],\"url\":\"https:\\\/\\\/maranhaotv.com.br\\\/index.php\\\/author\\\/maranhaotv\\\/\"}]}<\/script>\n<!-- \/ Yoast SEO plugin. -->","yoast_head_json":{"title":"Passagem Franca: Ex-prefeito e mais nove s\u00e3o acionados por improbidade administrativa - NOT\u00cdCIAS EM TEMPO REAL","robots":{"index":"index","follow":"follow","max-snippet":"max-snippet:-1","max-image-preview":"max-image-preview:large","max-video-preview":"max-video-preview:-1"},"canonical":"https:\/\/maranhaotv.com.br\/index.php\/2020\/05\/28\/passagem-franca-ex-prefeito-e-mais-nove-sao-acionados-por-improbidade-administrativa\/","og_locale":"pt_BR","og_type":"article","og_title":"Passagem Franca: Ex-prefeito e mais nove s\u00e3o acionados por improbidade administrativa - NOT\u00cdCIAS EM TEMPO REAL","og_description":"A Promotoria de Justi\u00e7a de Passagem Franca ingressou, na \u00faltima ter\u00e7a-feira, 26, com uma A\u00e7\u00e3o Civil P\u00fablica por ato de","og_url":"https:\/\/maranhaotv.com.br\/index.php\/2020\/05\/28\/passagem-franca-ex-prefeito-e-mais-nove-sao-acionados-por-improbidade-administrativa\/","og_site_name":"NOT\u00cdCIAS EM TEMPO REAL","article_publisher":"https:\/\/www.facebook.com\/maiobaotv","article_published_time":"2020-05-28T19:17:53+00:00","author":"maranhaotv","twitter_card":"summary_large_image","twitter_creator":"@sitemaranhaotv","twitter_site":"@sitemaranhaotv","twitter_misc":{"Escrito por":"maranhaotv","Est. tempo de leitura":"7 minutos"},"schema":{"@context":"https:\/\/schema.org","@graph":[{"@type":"Article","@id":"https:\/\/maranhaotv.com.br\/index.php\/2020\/05\/28\/passagem-franca-ex-prefeito-e-mais-nove-sao-acionados-por-improbidade-administrativa\/#article","isPartOf":{"@id":"https:\/\/maranhaotv.com.br\/index.php\/2020\/05\/28\/passagem-franca-ex-prefeito-e-mais-nove-sao-acionados-por-improbidade-administrativa\/"},"author":{"name":"maranhaotv","@id":"https:\/\/maranhaotv.com.br\/#\/schema\/person\/3d54238e86b20bb5c89ab2fdb8f8829a"},"headline":"Passagem Franca: Ex-prefeito e mais nove s\u00e3o acionados por improbidade administrativa","datePublished":"2020-05-28T19:17:53+00:00","mainEntityOfPage":{"@id":"https:\/\/maranhaotv.com.br\/index.php\/2020\/05\/28\/passagem-franca-ex-prefeito-e-mais-nove-sao-acionados-por-improbidade-administrativa\/"},"wordCount":1387,"commentCount":0,"publisher":{"@id":"https:\/\/maranhaotv.com.br\/#organization"},"image":{"@id":"https:\/\/maranhaotv.com.br\/index.php\/2020\/05\/28\/passagem-franca-ex-prefeito-e-mais-nove-sao-acionados-por-improbidade-administrativa\/#primaryimage"},"thumbnailUrl":"","articleSection":["not\u00edcias","pol\u00edtica"],"inLanguage":"pt-BR","potentialAction":[{"@type":"CommentAction","name":"Comment","target":["https:\/\/maranhaotv.com.br\/index.php\/2020\/05\/28\/passagem-franca-ex-prefeito-e-mais-nove-sao-acionados-por-improbidade-administrativa\/#respond"]}]},{"@type":"WebPage","@id":"https:\/\/maranhaotv.com.br\/index.php\/2020\/05\/28\/passagem-franca-ex-prefeito-e-mais-nove-sao-acionados-por-improbidade-administrativa\/","url":"https:\/\/maranhaotv.com.br\/index.php\/2020\/05\/28\/passagem-franca-ex-prefeito-e-mais-nove-sao-acionados-por-improbidade-administrativa\/","name":"Passagem Franca: Ex-prefeito e mais nove s\u00e3o acionados por improbidade administrativa - NOT\u00cdCIAS EM TEMPO REAL","isPartOf":{"@id":"https:\/\/maranhaotv.com.br\/#website"},"primaryImageOfPage":{"@id":"https:\/\/maranhaotv.com.br\/index.php\/2020\/05\/28\/passagem-franca-ex-prefeito-e-mais-nove-sao-acionados-por-improbidade-administrativa\/#primaryimage"},"image":{"@id":"https:\/\/maranhaotv.com.br\/index.php\/2020\/05\/28\/passagem-franca-ex-prefeito-e-mais-nove-sao-acionados-por-improbidade-administrativa\/#primaryimage"},"thumbnailUrl":"","datePublished":"2020-05-28T19:17:53+00:00","breadcrumb":{"@id":"https:\/\/maranhaotv.com.br\/index.php\/2020\/05\/28\/passagem-franca-ex-prefeito-e-mais-nove-sao-acionados-por-improbidade-administrativa\/#breadcrumb"},"inLanguage":"pt-BR","potentialAction":[{"@type":"ReadAction","target":["https:\/\/maranhaotv.com.br\/index.php\/2020\/05\/28\/passagem-franca-ex-prefeito-e-mais-nove-sao-acionados-por-improbidade-administrativa\/"]}]},{"@type":"ImageObject","inLanguage":"pt-BR","@id":"https:\/\/maranhaotv.com.br\/index.php\/2020\/05\/28\/passagem-franca-ex-prefeito-e-mais-nove-sao-acionados-por-improbidade-administrativa\/#primaryimage","url":"","contentUrl":""},{"@type":"BreadcrumbList","@id":"https:\/\/maranhaotv.com.br\/index.php\/2020\/05\/28\/passagem-franca-ex-prefeito-e-mais-nove-sao-acionados-por-improbidade-administrativa\/#breadcrumb","itemListElement":[{"@type":"ListItem","position":1,"name":"In\u00edcio","item":"https:\/\/maranhaotv.com.br\/"},{"@type":"ListItem","position":2,"name":"Passagem Franca: Ex-prefeito e mais nove s\u00e3o acionados por improbidade administrativa"}]},{"@type":"WebSite","@id":"https:\/\/maranhaotv.com.br\/#website","url":"https:\/\/maranhaotv.com.br\/","name":"Maranh\u00e3oTV","description":"","publisher":{"@id":"https:\/\/maranhaotv.com.br\/#organization"},"potentialAction":[{"@type":"SearchAction","target":{"@type":"EntryPoint","urlTemplate":"https:\/\/maranhaotv.com.br\/?s={search_term_string}"},"query-input":{"@type":"PropertyValueSpecification","valueRequired":true,"valueName":"search_term_string"}}],"inLanguage":"pt-BR"},{"@type":"Organization","@id":"https:\/\/maranhaotv.com.br\/#organization","name":"Portal de Not\u00edcias","url":"https:\/\/maranhaotv.com.br\/","logo":{"@type":"ImageObject","inLanguage":"pt-BR","@id":"https:\/\/maranhaotv.com.br\/#\/schema\/logo\/image\/","url":"https:\/\/maranhaotv.com.br\/wp-content\/uploads\/2024\/05\/cropped-cropped-avatar-1.png","contentUrl":"https:\/\/maranhaotv.com.br\/wp-content\/uploads\/2024\/05\/cropped-cropped-avatar-1.png","width":792,"height":428,"caption":"Portal de Not\u00edcias"},"image":{"@id":"https:\/\/maranhaotv.com.br\/#\/schema\/logo\/image\/"},"sameAs":["https:\/\/www.facebook.com\/maiobaotv","https:\/\/x.com\/sitemaranhaotv","https:\/\/www.instagram.com\/maranhao.tv","https:\/\/www.threads.net\/@maranhao.tv"]},{"@type":"Person","@id":"https:\/\/maranhaotv.com.br\/#\/schema\/person\/3d54238e86b20bb5c89ab2fdb8f8829a","name":"maranhaotv","image":{"@type":"ImageObject","inLanguage":"pt-BR","@id":"https:\/\/secure.gravatar.com\/avatar\/8fadbca458d4cb68b1dd399ae9a40618d747bb1af65ac9fad21c89220a143eb4?s=96&d=mm&r=g","url":"https:\/\/secure.gravatar.com\/avatar\/8fadbca458d4cb68b1dd399ae9a40618d747bb1af65ac9fad21c89220a143eb4?s=96&d=mm&r=g","contentUrl":"https:\/\/secure.gravatar.com\/avatar\/8fadbca458d4cb68b1dd399ae9a40618d747bb1af65ac9fad21c89220a143eb4?s=96&d=mm&r=g","caption":"maranhaotv"},"sameAs":["https:\/\/maranhaotv.com.br\/"],"url":"https:\/\/maranhaotv.com.br\/index.php\/author\/maranhaotv\/"}]}},"jetpack_featured_media_url":"","jetpack_sharing_enabled":true,"_links":{"self":[{"href":"https:\/\/maranhaotv.com.br\/index.php\/wp-json\/wp\/v2\/posts\/12180","targetHints":{"allow":["GET"]}}],"collection":[{"href":"https:\/\/maranhaotv.com.br\/index.php\/wp-json\/wp\/v2\/posts"}],"about":[{"href":"https:\/\/maranhaotv.com.br\/index.php\/wp-json\/wp\/v2\/types\/post"}],"author":[{"embeddable":true,"href":"https:\/\/maranhaotv.com.br\/index.php\/wp-json\/wp\/v2\/users\/2"}],"replies":[{"embeddable":true,"href":"https:\/\/maranhaotv.com.br\/index.php\/wp-json\/wp\/v2\/comments?post=12180"}],"version-history":[{"count":0,"href":"https:\/\/maranhaotv.com.br\/index.php\/wp-json\/wp\/v2\/posts\/12180\/revisions"}],"wp:featuredmedia":[{"embeddable":true,"href":"https:\/\/maranhaotv.com.br\/index.php\/wp-json\/"}],"wp:attachment":[{"href":"https:\/\/maranhaotv.com.br\/index.php\/wp-json\/wp\/v2\/media?parent=12180"}],"wp:term":[{"taxonomy":"category","embeddable":true,"href":"https:\/\/maranhaotv.com.br\/index.php\/wp-json\/wp\/v2\/categories?post=12180"},{"taxonomy":"post_tag","embeddable":true,"href":"https:\/\/maranhaotv.com.br\/index.php\/wp-json\/wp\/v2\/tags?post=12180"}],"curies":[{"name":"wp","href":"https:\/\/api.w.org\/{rel}","templated":true}]}}