{"id":12311,"date":"2020-06-01T14:39:28","date_gmt":"2020-06-01T17:39:28","guid":{"rendered":"https:\/\/maiobaotv.com.br\/?p=12311"},"modified":"2020-06-01T14:39:28","modified_gmt":"2020-06-01T17:39:28","slug":"turiacu-mpma-requer-transparencia-de-gastos-do-municipio-com-prevencao-ao-covid-19","status":"publish","type":"post","link":"https:\/\/maranhaotv.com.br\/index.php\/2020\/06\/01\/turiacu-mpma-requer-transparencia-de-gastos-do-municipio-com-prevencao-ao-covid-19\/","title":{"rendered":"TURIA\u00c7U &#8211; MPMA requer transpar\u00eancia de gastos do Munic\u00edpio com preven\u00e7\u00e3o ao Covid-19"},"content":{"rendered":"<p>O Minist\u00e9rio P\u00fablico do Maranh\u00e3o ajuizou, em 28 de maio, A\u00e7\u00e3o Civil P\u00fablica contra o Munic\u00edpio de Turia\u00e7u, requerendo, como pedido de tutela de urg\u00eancia, a cria\u00e7\u00e3o, no prazo de 72 horas, de uma aba espec\u00edfica no Portal da Transpar\u00eancia para que seja alimentada em tempo real com dados relacionados a a\u00e7\u00f5es e gastos p\u00fablicos de enfrentamento ao novo coronav\u00edrus (Covid-19). A manifesta\u00e7\u00e3o ministerial foi formulada pelo promotor de justi\u00e7a Thiago de Oliveira Costa Pires.<\/p>\n<p>No espa\u00e7o, devem ser discriminados os valores or\u00e7ament\u00e1rios e a execu\u00e7\u00e3o de despesas, a exemplo de contratos administrativos de presta\u00e7\u00e3o e fornecimento de bens e servi\u00e7os, nota de empenho, liquida\u00e7\u00e3o e pagamento, descri\u00e7\u00e3o do bem e\/ou servi\u00e7o, o quantitativo, o valor unit\u00e1rio e total da aquisi\u00e7\u00e3o, a data da compra, al\u00e9m do nome do contratado e o n\u00famero de sua inscri\u00e7\u00e3o na Receita Federal do Brasil (CNPJ).<\/p>\n<p>Em caso de descumprimento, foi sugerido pagamento de multa di\u00e1ria, no valor de R$ 10 mil.<\/p>\n<p>EMERG\u00caNCIA<\/p>\n<p>O pedido \u00e9 baseado na Lei Federal n\u00ba 13.979\/2020, que \u201cdisp\u00f5e sobre as medidas para enfrentamento da emerg\u00eancia de sa\u00fade p\u00fablica de import\u00e2ncia internacional decorrente do Coronav\u00edrus respons\u00e1vel pelo surto de 2019\u201d.<\/p>\n<p>Dentre as medidas emergenciais adotadas, pode-se dar destaque cria\u00e7\u00e3o de nova hip\u00f3tese de dispensa de licita\u00e7\u00e3o para aquisi\u00e7\u00e3o de bens, servi\u00e7os, inclusive de engenharia, e insumos destinados ao enfrentamento da emerg\u00eancia de sa\u00fade p\u00fablica.<\/p>\n<p>A referida Lei Federal prev\u00ea que a dispensa de licita\u00e7\u00e3o \u00e9 tempor\u00e1ria e deve ser aplicada apenas enquanto perdurar a emerg\u00eancia de sa\u00fade p\u00fablica.<\/p>\n<p>Dentre os requisitos legais exigidos est\u00e1 a disponibiliza\u00e7\u00e3o, em s\u00edtio eletr\u00f4nico espec\u00edfico, dos dados detalhados de todas as contrata\u00e7\u00f5es ou aquisi\u00e7\u00f5es realizadas no per\u00edodo.<\/p>\n<p>RECURSOS<\/p>\n<p>De acordo com a Promotoria de Justi\u00e7a de Turia\u00e7u a administra\u00e7\u00e3o municipal recebeu, nesse semestre, o montante de R$ 186.904.72 do Fundo Nacional de Sa\u00fade (FNS) e, depois de ter sido acionada pelo MPMA, enviou uma lista de EPIs e medicamentos que seriam comprados. No entanto, n\u00e3o apresentou nenhuma comprova\u00e7\u00e3o dos gastos e nem mesmo deu transpar\u00eancia e publicidade a essas contrata\u00e7\u00f5es ou aquisi\u00e7\u00f5es.<\/p>\n<p>Por isso, foi encaminhada Recomenda\u00e7\u00e3o ao secret\u00e1rio municipal de Sa\u00fade, recebida em 16 de abril, para que disponibilizasse uma aba espec\u00edfica no Portal da Transpar\u00eancia, com informa\u00e7\u00f5es sobre os gastos com o enfrentamento ao Covid-19. Em resposta, o secret\u00e1rio informou que providenciaria, o mais r\u00e1pido poss\u00edvel, o espa\u00e7o.<\/p>\n<p>Em 26 de maio de 2020, o MPMA abriu procedimento administrativo, com o objetivo  de fiscalizar os valores recebidos do FNS, quando constatou que o Munic\u00edpio vem descumprindo o princ\u00edpio constitucional da publicidade e transpar\u00eancia e a Lei Federal n\u00ba 12.527\/2011 (Lei de Acesso \u00e0 Informa\u00e7\u00e3o), devido \u00e0 inexist\u00eancia de uma aba espec\u00edfica para apresentar de forma discriminada os valores or\u00e7ament\u00e1rios e a execu\u00e7\u00e3o de despesas relacionadas especificamente ao enfrentamento e mitiga\u00e7\u00e3o da pandemia.<\/p>\n<p><img loading=\"lazy\" decoding=\"async\" src=\"https:\/\/maiobaotv.com.br\/wp-content\/uploads\/2020\/06\/umbelino-ribeiro-turiacu5984345433856528427.jpg\" class=\"wp-image-12310 alignnone size-full\" width=\"1120\" height=\"710\"><\/p>\n<p>Prefeito de Turia\u00e7u, Umbelino Ribeiro<\/p>\n<p>Reda\u00e7\u00e3o: CCOM-MMA<\/p>\n","protected":false},"excerpt":{"rendered":"<p>O Minist\u00e9rio P\u00fablico do Maranh\u00e3o ajuizou, em 28 de maio, A\u00e7\u00e3o Civil P\u00fablica contra o Munic\u00edpio de Turia\u00e7u, requerendo, como<\/p>\n","protected":false},"author":2,"featured_media":12313,"comment_status":"open","ping_status":"open","sticky":false,"template":"","format":"standard","meta":{"colormag_page_container_layout":"default_layout","colormag_page_sidebar_layout":"default_layout","_jetpack_memberships_contains_paid_content":false,"footnotes":""},"categories":[2],"tags":[182],"class_list":["post-12311","post","type-post","status-publish","format-standard","has-post-thumbnail","hentry","category-noticias","tag-turiacu"],"magazineBlocksPostFeaturedMedia":{"thumbnail":false,"medium":false,"medium_large":false,"large":false,"1536x1536":false,"2048x2048":false,"colormag-highlighted-post":false,"colormag-featured-post-medium":false,"colormag-featured-post-small":false,"colormag-featured-image":false,"colormag-default-news":false,"colormag-featured-image-large":false},"magazineBlocksPostAuthor":{"name":"maranhaotv","avatar":"https:\/\/secure.gravatar.com\/avatar\/8fadbca458d4cb68b1dd399ae9a40618d747bb1af65ac9fad21c89220a143eb4?s=96&d=mm&r=g"},"magazineBlocksPostCommentsNumber":"0","magazineBlocksPostExcerpt":"O Minist\u00e9rio P\u00fablico do Maranh\u00e3o ajuizou, em 28 de maio, A\u00e7\u00e3o Civil P\u00fablica contra o Munic\u00edpio de Turia\u00e7u, requerendo, como","magazineBlocksPostCategories":["not\u00edcias"],"magazineBlocksPostViewCount":254,"magazineBlocksPostReadTime":3,"magazine_blocks_featured_image_url":{"full":false,"medium":false,"thumbnail":false},"magazine_blocks_author":{"display_name":"maranhaotv","author_link":"https:\/\/maranhaotv.com.br\/index.php\/author\/maranhaotv\/"},"magazine_blocks_comment":0,"magazine_blocks_author_image":"https:\/\/secure.gravatar.com\/avatar\/8fadbca458d4cb68b1dd399ae9a40618d747bb1af65ac9fad21c89220a143eb4?s=96&d=mm&r=g","magazine_blocks_category":"<a href=\"#\" class=\"category-link category-link-2\">not\u00edcias<\/a>","yoast_head":"<!-- This site is optimized with the Yoast SEO plugin v27.4 - https:\/\/yoast.com\/product\/yoast-seo-wordpress\/ -->\n<title>TURIA\u00c7U - MPMA requer transpar\u00eancia de gastos do Munic\u00edpio com preven\u00e7\u00e3o ao Covid-19 - NOT\u00cdCIAS EM TEMPO REAL<\/title>\n<meta name=\"robots\" content=\"index, follow, max-snippet:-1, max-image-preview:large, max-video-preview:-1\" \/>\n<link rel=\"canonical\" href=\"https:\/\/maranhaotv.com.br\/index.php\/2020\/06\/01\/turiacu-mpma-requer-transparencia-de-gastos-do-municipio-com-prevencao-ao-covid-19\/\" \/>\n<meta property=\"og:locale\" content=\"pt_BR\" \/>\n<meta property=\"og:type\" content=\"article\" \/>\n<meta property=\"og:title\" content=\"TURIA\u00c7U - MPMA requer transpar\u00eancia de gastos do Munic\u00edpio com preven\u00e7\u00e3o ao Covid-19 - NOT\u00cdCIAS EM TEMPO REAL\" \/>\n<meta property=\"og:description\" content=\"O Minist\u00e9rio P\u00fablico do Maranh\u00e3o ajuizou, em 28 de maio, A\u00e7\u00e3o Civil P\u00fablica contra o Munic\u00edpio de Turia\u00e7u, requerendo, como\" \/>\n<meta property=\"og:url\" content=\"https:\/\/maranhaotv.com.br\/index.php\/2020\/06\/01\/turiacu-mpma-requer-transparencia-de-gastos-do-municipio-com-prevencao-ao-covid-19\/\" \/>\n<meta property=\"og:site_name\" content=\"NOT\u00cdCIAS EM TEMPO REAL\" \/>\n<meta property=\"article:publisher\" content=\"https:\/\/www.facebook.com\/maiobaotv\" \/>\n<meta property=\"article:published_time\" content=\"2020-06-01T17:39:28+00:00\" \/>\n<meta name=\"author\" content=\"maranhaotv\" \/>\n<meta name=\"twitter:card\" content=\"summary_large_image\" \/>\n<meta name=\"twitter:creator\" content=\"@sitemaranhaotv\" \/>\n<meta name=\"twitter:site\" content=\"@sitemaranhaotv\" \/>\n<meta name=\"twitter:label1\" content=\"Escrito por\" \/>\n\t<meta name=\"twitter:data1\" content=\"maranhaotv\" \/>\n\t<meta name=\"twitter:label2\" content=\"Est. tempo de leitura\" \/>\n\t<meta name=\"twitter:data2\" content=\"3 minutos\" \/>\n<script type=\"application\/ld+json\" class=\"yoast-schema-graph\">{\"@context\":\"https:\\\/\\\/schema.org\",\"@graph\":[{\"@type\":\"Article\",\"@id\":\"https:\\\/\\\/maranhaotv.com.br\\\/index.php\\\/2020\\\/06\\\/01\\\/turiacu-mpma-requer-transparencia-de-gastos-do-municipio-com-prevencao-ao-covid-19\\\/#article\",\"isPartOf\":{\"@id\":\"https:\\\/\\\/maranhaotv.com.br\\\/index.php\\\/2020\\\/06\\\/01\\\/turiacu-mpma-requer-transparencia-de-gastos-do-municipio-com-prevencao-ao-covid-19\\\/\"},\"author\":{\"name\":\"maranhaotv\",\"@id\":\"https:\\\/\\\/maranhaotv.com.br\\\/#\\\/schema\\\/person\\\/3d54238e86b20bb5c89ab2fdb8f8829a\"},\"headline\":\"TURIA\u00c7U &#8211; MPMA requer transpar\u00eancia de gastos do Munic\u00edpio com preven\u00e7\u00e3o ao Covid-19\",\"datePublished\":\"2020-06-01T17:39:28+00:00\",\"mainEntityOfPage\":{\"@id\":\"https:\\\/\\\/maranhaotv.com.br\\\/index.php\\\/2020\\\/06\\\/01\\\/turiacu-mpma-requer-transparencia-de-gastos-do-municipio-com-prevencao-ao-covid-19\\\/\"},\"wordCount\":561,\"commentCount\":0,\"publisher\":{\"@id\":\"https:\\\/\\\/maranhaotv.com.br\\\/#organization\"},\"image\":{\"@id\":\"https:\\\/\\\/maranhaotv.com.br\\\/index.php\\\/2020\\\/06\\\/01\\\/turiacu-mpma-requer-transparencia-de-gastos-do-municipio-com-prevencao-ao-covid-19\\\/#primaryimage\"},\"thumbnailUrl\":\"\",\"keywords\":[\"Turia\u00e7u\"],\"articleSection\":[\"not\u00edcias\"],\"inLanguage\":\"pt-BR\",\"potentialAction\":[{\"@type\":\"CommentAction\",\"name\":\"Comment\",\"target\":[\"https:\\\/\\\/maranhaotv.com.br\\\/index.php\\\/2020\\\/06\\\/01\\\/turiacu-mpma-requer-transparencia-de-gastos-do-municipio-com-prevencao-ao-covid-19\\\/#respond\"]}]},{\"@type\":\"WebPage\",\"@id\":\"https:\\\/\\\/maranhaotv.com.br\\\/index.php\\\/2020\\\/06\\\/01\\\/turiacu-mpma-requer-transparencia-de-gastos-do-municipio-com-prevencao-ao-covid-19\\\/\",\"url\":\"https:\\\/\\\/maranhaotv.com.br\\\/index.php\\\/2020\\\/06\\\/01\\\/turiacu-mpma-requer-transparencia-de-gastos-do-municipio-com-prevencao-ao-covid-19\\\/\",\"name\":\"TURIA\u00c7U - MPMA requer transpar\u00eancia de gastos do Munic\u00edpio com preven\u00e7\u00e3o ao Covid-19 - NOT\u00cdCIAS EM TEMPO REAL\",\"isPartOf\":{\"@id\":\"https:\\\/\\\/maranhaotv.com.br\\\/#website\"},\"primaryImageOfPage\":{\"@id\":\"https:\\\/\\\/maranhaotv.com.br\\\/index.php\\\/2020\\\/06\\\/01\\\/turiacu-mpma-requer-transparencia-de-gastos-do-municipio-com-prevencao-ao-covid-19\\\/#primaryimage\"},\"image\":{\"@id\":\"https:\\\/\\\/maranhaotv.com.br\\\/index.php\\\/2020\\\/06\\\/01\\\/turiacu-mpma-requer-transparencia-de-gastos-do-municipio-com-prevencao-ao-covid-19\\\/#primaryimage\"},\"thumbnailUrl\":\"\",\"datePublished\":\"2020-06-01T17:39:28+00:00\",\"breadcrumb\":{\"@id\":\"https:\\\/\\\/maranhaotv.com.br\\\/index.php\\\/2020\\\/06\\\/01\\\/turiacu-mpma-requer-transparencia-de-gastos-do-municipio-com-prevencao-ao-covid-19\\\/#breadcrumb\"},\"inLanguage\":\"pt-BR\",\"potentialAction\":[{\"@type\":\"ReadAction\",\"target\":[\"https:\\\/\\\/maranhaotv.com.br\\\/index.php\\\/2020\\\/06\\\/01\\\/turiacu-mpma-requer-transparencia-de-gastos-do-municipio-com-prevencao-ao-covid-19\\\/\"]}]},{\"@type\":\"ImageObject\",\"inLanguage\":\"pt-BR\",\"@id\":\"https:\\\/\\\/maranhaotv.com.br\\\/index.php\\\/2020\\\/06\\\/01\\\/turiacu-mpma-requer-transparencia-de-gastos-do-municipio-com-prevencao-ao-covid-19\\\/#primaryimage\",\"url\":\"\",\"contentUrl\":\"\"},{\"@type\":\"BreadcrumbList\",\"@id\":\"https:\\\/\\\/maranhaotv.com.br\\\/index.php\\\/2020\\\/06\\\/01\\\/turiacu-mpma-requer-transparencia-de-gastos-do-municipio-com-prevencao-ao-covid-19\\\/#breadcrumb\",\"itemListElement\":[{\"@type\":\"ListItem\",\"position\":1,\"name\":\"In\u00edcio\",\"item\":\"https:\\\/\\\/maranhaotv.com.br\\\/\"},{\"@type\":\"ListItem\",\"position\":2,\"name\":\"TURIA\u00c7U &#8211; MPMA requer transpar\u00eancia de gastos do Munic\u00edpio com preven\u00e7\u00e3o ao Covid-19\"}]},{\"@type\":\"WebSite\",\"@id\":\"https:\\\/\\\/maranhaotv.com.br\\\/#website\",\"url\":\"https:\\\/\\\/maranhaotv.com.br\\\/\",\"name\":\"Maranh\u00e3oTV\",\"description\":\"\",\"publisher\":{\"@id\":\"https:\\\/\\\/maranhaotv.com.br\\\/#organization\"},\"potentialAction\":[{\"@type\":\"SearchAction\",\"target\":{\"@type\":\"EntryPoint\",\"urlTemplate\":\"https:\\\/\\\/maranhaotv.com.br\\\/?s={search_term_string}\"},\"query-input\":{\"@type\":\"PropertyValueSpecification\",\"valueRequired\":true,\"valueName\":\"search_term_string\"}}],\"inLanguage\":\"pt-BR\"},{\"@type\":\"Organization\",\"@id\":\"https:\\\/\\\/maranhaotv.com.br\\\/#organization\",\"name\":\"Portal de Not\u00edcias\",\"url\":\"https:\\\/\\\/maranhaotv.com.br\\\/\",\"logo\":{\"@type\":\"ImageObject\",\"inLanguage\":\"pt-BR\",\"@id\":\"https:\\\/\\\/maranhaotv.com.br\\\/#\\\/schema\\\/logo\\\/image\\\/\",\"url\":\"https:\\\/\\\/maranhaotv.com.br\\\/wp-content\\\/uploads\\\/2024\\\/05\\\/cropped-cropped-avatar-1.png\",\"contentUrl\":\"https:\\\/\\\/maranhaotv.com.br\\\/wp-content\\\/uploads\\\/2024\\\/05\\\/cropped-cropped-avatar-1.png\",\"width\":792,\"height\":428,\"caption\":\"Portal de Not\u00edcias\"},\"image\":{\"@id\":\"https:\\\/\\\/maranhaotv.com.br\\\/#\\\/schema\\\/logo\\\/image\\\/\"},\"sameAs\":[\"https:\\\/\\\/www.facebook.com\\\/maiobaotv\",\"https:\\\/\\\/x.com\\\/sitemaranhaotv\",\"https:\\\/\\\/www.instagram.com\\\/maranhao.tv\",\"https:\\\/\\\/www.threads.net\\\/@maranhao.tv\"]},{\"@type\":\"Person\",\"@id\":\"https:\\\/\\\/maranhaotv.com.br\\\/#\\\/schema\\\/person\\\/3d54238e86b20bb5c89ab2fdb8f8829a\",\"name\":\"maranhaotv\",\"image\":{\"@type\":\"ImageObject\",\"inLanguage\":\"pt-BR\",\"@id\":\"https:\\\/\\\/secure.gravatar.com\\\/avatar\\\/8fadbca458d4cb68b1dd399ae9a40618d747bb1af65ac9fad21c89220a143eb4?s=96&d=mm&r=g\",\"url\":\"https:\\\/\\\/secure.gravatar.com\\\/avatar\\\/8fadbca458d4cb68b1dd399ae9a40618d747bb1af65ac9fad21c89220a143eb4?s=96&d=mm&r=g\",\"contentUrl\":\"https:\\\/\\\/secure.gravatar.com\\\/avatar\\\/8fadbca458d4cb68b1dd399ae9a40618d747bb1af65ac9fad21c89220a143eb4?s=96&d=mm&r=g\",\"caption\":\"maranhaotv\"},\"sameAs\":[\"https:\\\/\\\/maranhaotv.com.br\\\/\"],\"url\":\"https:\\\/\\\/maranhaotv.com.br\\\/index.php\\\/author\\\/maranhaotv\\\/\"}]}<\/script>\n<!-- \/ Yoast SEO plugin. -->","yoast_head_json":{"title":"TURIA\u00c7U - MPMA requer transpar\u00eancia de gastos do Munic\u00edpio com preven\u00e7\u00e3o ao Covid-19 - NOT\u00cdCIAS EM TEMPO REAL","robots":{"index":"index","follow":"follow","max-snippet":"max-snippet:-1","max-image-preview":"max-image-preview:large","max-video-preview":"max-video-preview:-1"},"canonical":"https:\/\/maranhaotv.com.br\/index.php\/2020\/06\/01\/turiacu-mpma-requer-transparencia-de-gastos-do-municipio-com-prevencao-ao-covid-19\/","og_locale":"pt_BR","og_type":"article","og_title":"TURIA\u00c7U - MPMA requer transpar\u00eancia de gastos do Munic\u00edpio com preven\u00e7\u00e3o ao Covid-19 - NOT\u00cdCIAS EM TEMPO REAL","og_description":"O Minist\u00e9rio P\u00fablico do Maranh\u00e3o ajuizou, em 28 de maio, A\u00e7\u00e3o Civil P\u00fablica contra o Munic\u00edpio de Turia\u00e7u, requerendo, como","og_url":"https:\/\/maranhaotv.com.br\/index.php\/2020\/06\/01\/turiacu-mpma-requer-transparencia-de-gastos-do-municipio-com-prevencao-ao-covid-19\/","og_site_name":"NOT\u00cdCIAS EM TEMPO REAL","article_publisher":"https:\/\/www.facebook.com\/maiobaotv","article_published_time":"2020-06-01T17:39:28+00:00","author":"maranhaotv","twitter_card":"summary_large_image","twitter_creator":"@sitemaranhaotv","twitter_site":"@sitemaranhaotv","twitter_misc":{"Escrito por":"maranhaotv","Est. tempo de leitura":"3 minutos"},"schema":{"@context":"https:\/\/schema.org","@graph":[{"@type":"Article","@id":"https:\/\/maranhaotv.com.br\/index.php\/2020\/06\/01\/turiacu-mpma-requer-transparencia-de-gastos-do-municipio-com-prevencao-ao-covid-19\/#article","isPartOf":{"@id":"https:\/\/maranhaotv.com.br\/index.php\/2020\/06\/01\/turiacu-mpma-requer-transparencia-de-gastos-do-municipio-com-prevencao-ao-covid-19\/"},"author":{"name":"maranhaotv","@id":"https:\/\/maranhaotv.com.br\/#\/schema\/person\/3d54238e86b20bb5c89ab2fdb8f8829a"},"headline":"TURIA\u00c7U &#8211; MPMA requer transpar\u00eancia de gastos do Munic\u00edpio com preven\u00e7\u00e3o ao Covid-19","datePublished":"2020-06-01T17:39:28+00:00","mainEntityOfPage":{"@id":"https:\/\/maranhaotv.com.br\/index.php\/2020\/06\/01\/turiacu-mpma-requer-transparencia-de-gastos-do-municipio-com-prevencao-ao-covid-19\/"},"wordCount":561,"commentCount":0,"publisher":{"@id":"https:\/\/maranhaotv.com.br\/#organization"},"image":{"@id":"https:\/\/maranhaotv.com.br\/index.php\/2020\/06\/01\/turiacu-mpma-requer-transparencia-de-gastos-do-municipio-com-prevencao-ao-covid-19\/#primaryimage"},"thumbnailUrl":"","keywords":["Turia\u00e7u"],"articleSection":["not\u00edcias"],"inLanguage":"pt-BR","potentialAction":[{"@type":"CommentAction","name":"Comment","target":["https:\/\/maranhaotv.com.br\/index.php\/2020\/06\/01\/turiacu-mpma-requer-transparencia-de-gastos-do-municipio-com-prevencao-ao-covid-19\/#respond"]}]},{"@type":"WebPage","@id":"https:\/\/maranhaotv.com.br\/index.php\/2020\/06\/01\/turiacu-mpma-requer-transparencia-de-gastos-do-municipio-com-prevencao-ao-covid-19\/","url":"https:\/\/maranhaotv.com.br\/index.php\/2020\/06\/01\/turiacu-mpma-requer-transparencia-de-gastos-do-municipio-com-prevencao-ao-covid-19\/","name":"TURIA\u00c7U - MPMA requer transpar\u00eancia de gastos do Munic\u00edpio com preven\u00e7\u00e3o ao Covid-19 - NOT\u00cdCIAS EM TEMPO REAL","isPartOf":{"@id":"https:\/\/maranhaotv.com.br\/#website"},"primaryImageOfPage":{"@id":"https:\/\/maranhaotv.com.br\/index.php\/2020\/06\/01\/turiacu-mpma-requer-transparencia-de-gastos-do-municipio-com-prevencao-ao-covid-19\/#primaryimage"},"image":{"@id":"https:\/\/maranhaotv.com.br\/index.php\/2020\/06\/01\/turiacu-mpma-requer-transparencia-de-gastos-do-municipio-com-prevencao-ao-covid-19\/#primaryimage"},"thumbnailUrl":"","datePublished":"2020-06-01T17:39:28+00:00","breadcrumb":{"@id":"https:\/\/maranhaotv.com.br\/index.php\/2020\/06\/01\/turiacu-mpma-requer-transparencia-de-gastos-do-municipio-com-prevencao-ao-covid-19\/#breadcrumb"},"inLanguage":"pt-BR","potentialAction":[{"@type":"ReadAction","target":["https:\/\/maranhaotv.com.br\/index.php\/2020\/06\/01\/turiacu-mpma-requer-transparencia-de-gastos-do-municipio-com-prevencao-ao-covid-19\/"]}]},{"@type":"ImageObject","inLanguage":"pt-BR","@id":"https:\/\/maranhaotv.com.br\/index.php\/2020\/06\/01\/turiacu-mpma-requer-transparencia-de-gastos-do-municipio-com-prevencao-ao-covid-19\/#primaryimage","url":"","contentUrl":""},{"@type":"BreadcrumbList","@id":"https:\/\/maranhaotv.com.br\/index.php\/2020\/06\/01\/turiacu-mpma-requer-transparencia-de-gastos-do-municipio-com-prevencao-ao-covid-19\/#breadcrumb","itemListElement":[{"@type":"ListItem","position":1,"name":"In\u00edcio","item":"https:\/\/maranhaotv.com.br\/"},{"@type":"ListItem","position":2,"name":"TURIA\u00c7U &#8211; MPMA requer transpar\u00eancia de gastos do Munic\u00edpio com preven\u00e7\u00e3o ao Covid-19"}]},{"@type":"WebSite","@id":"https:\/\/maranhaotv.com.br\/#website","url":"https:\/\/maranhaotv.com.br\/","name":"Maranh\u00e3oTV","description":"","publisher":{"@id":"https:\/\/maranhaotv.com.br\/#organization"},"potentialAction":[{"@type":"SearchAction","target":{"@type":"EntryPoint","urlTemplate":"https:\/\/maranhaotv.com.br\/?s={search_term_string}"},"query-input":{"@type":"PropertyValueSpecification","valueRequired":true,"valueName":"search_term_string"}}],"inLanguage":"pt-BR"},{"@type":"Organization","@id":"https:\/\/maranhaotv.com.br\/#organization","name":"Portal de Not\u00edcias","url":"https:\/\/maranhaotv.com.br\/","logo":{"@type":"ImageObject","inLanguage":"pt-BR","@id":"https:\/\/maranhaotv.com.br\/#\/schema\/logo\/image\/","url":"https:\/\/maranhaotv.com.br\/wp-content\/uploads\/2024\/05\/cropped-cropped-avatar-1.png","contentUrl":"https:\/\/maranhaotv.com.br\/wp-content\/uploads\/2024\/05\/cropped-cropped-avatar-1.png","width":792,"height":428,"caption":"Portal de Not\u00edcias"},"image":{"@id":"https:\/\/maranhaotv.com.br\/#\/schema\/logo\/image\/"},"sameAs":["https:\/\/www.facebook.com\/maiobaotv","https:\/\/x.com\/sitemaranhaotv","https:\/\/www.instagram.com\/maranhao.tv","https:\/\/www.threads.net\/@maranhao.tv"]},{"@type":"Person","@id":"https:\/\/maranhaotv.com.br\/#\/schema\/person\/3d54238e86b20bb5c89ab2fdb8f8829a","name":"maranhaotv","image":{"@type":"ImageObject","inLanguage":"pt-BR","@id":"https:\/\/secure.gravatar.com\/avatar\/8fadbca458d4cb68b1dd399ae9a40618d747bb1af65ac9fad21c89220a143eb4?s=96&d=mm&r=g","url":"https:\/\/secure.gravatar.com\/avatar\/8fadbca458d4cb68b1dd399ae9a40618d747bb1af65ac9fad21c89220a143eb4?s=96&d=mm&r=g","contentUrl":"https:\/\/secure.gravatar.com\/avatar\/8fadbca458d4cb68b1dd399ae9a40618d747bb1af65ac9fad21c89220a143eb4?s=96&d=mm&r=g","caption":"maranhaotv"},"sameAs":["https:\/\/maranhaotv.com.br\/"],"url":"https:\/\/maranhaotv.com.br\/index.php\/author\/maranhaotv\/"}]}},"jetpack_featured_media_url":"","jetpack_sharing_enabled":true,"_links":{"self":[{"href":"https:\/\/maranhaotv.com.br\/index.php\/wp-json\/wp\/v2\/posts\/12311","targetHints":{"allow":["GET"]}}],"collection":[{"href":"https:\/\/maranhaotv.com.br\/index.php\/wp-json\/wp\/v2\/posts"}],"about":[{"href":"https:\/\/maranhaotv.com.br\/index.php\/wp-json\/wp\/v2\/types\/post"}],"author":[{"embeddable":true,"href":"https:\/\/maranhaotv.com.br\/index.php\/wp-json\/wp\/v2\/users\/2"}],"replies":[{"embeddable":true,"href":"https:\/\/maranhaotv.com.br\/index.php\/wp-json\/wp\/v2\/comments?post=12311"}],"version-history":[{"count":0,"href":"https:\/\/maranhaotv.com.br\/index.php\/wp-json\/wp\/v2\/posts\/12311\/revisions"}],"wp:featuredmedia":[{"embeddable":true,"href":"https:\/\/maranhaotv.com.br\/index.php\/wp-json\/"}],"wp:attachment":[{"href":"https:\/\/maranhaotv.com.br\/index.php\/wp-json\/wp\/v2\/media?parent=12311"}],"wp:term":[{"taxonomy":"category","embeddable":true,"href":"https:\/\/maranhaotv.com.br\/index.php\/wp-json\/wp\/v2\/categories?post=12311"},{"taxonomy":"post_tag","embeddable":true,"href":"https:\/\/maranhaotv.com.br\/index.php\/wp-json\/wp\/v2\/tags?post=12311"}],"curies":[{"name":"wp","href":"https:\/\/api.w.org\/{rel}","templated":true}]}}